{"id":67405,"date":"2018-11-24T10:04:31","date_gmt":"2018-11-24T09:04:31","guid":{"rendered":"http:\/\/www.radiopiu.net\/wordpress\/?p=67405"},"modified":"2018-11-24T10:04:31","modified_gmt":"2018-11-24T09:04:31","slug":"si-perde-al-parco-citta-di-bologna-di-belluno-un-bambino-di-4-anni-subito-ritrovato-dalla-squadra-volanti-e-riconsegnato-al-papa","status":"publish","type":"post","link":"https:\/\/www.radiopiu.net\/wordpress\/si-perde-al-parco-citta-di-bologna-di-belluno-un-bambino-di-4-anni-subito-ritrovato-dalla-squadra-volanti-e-riconsegnato-al-papa\/","title":{"rendered":"Si perde al Parco Citt\u00e0 di Bologna di Belluno un bambino di 4 anni subito ritrovato dalla Squadra Volanti e riconsegnato al pap\u00e0."},"content":{"rendered":"<p>&nbsp;<\/p>\n<p><a class=\"dt-pswp-item\" href=\"http:\/\/www.radiopiu.net\/wordpress\/wp-content\/uploads\/2018\/07\/image1.jpeg\" data-dt-img-description=\"\" data-large_image_width=\"259\" data-large_image_height=\"194\"><img loading=\"lazy\" decoding=\"async\" class=\"size-full wp-image-54495 alignleft\" src=\"http:\/\/www.radiopiu.net\/wordpress\/wp-content\/uploads\/2018\/07\/image1.jpeg\" alt=\"\" width=\"259\" height=\"194\" \/><\/a>Momenti di paura per un bambino di appena 4 anni che, dopo essere stato smarrito dal genitore, ha raggiunto da solo il Ponte degli Alpini prima di essere ritrovato dal personale della Polizia di Stato. Tutto \u00e8 avvenuto nel giro di circa mezz\u2019ora; il pap\u00e0 si era recato al parco con il bambino e la sorellina quando distrattosi un momento non ha visto pi\u00f9 il piccolo; dopo averlo inutilmente cercato si \u00e8 subito recato a dare l\u2019allarme in Questura.<\/p>\n<p>Nel frattempo una pattuglia delle Volanti, aveva gi\u00e0 individuato il bambino che, nonostante i suoi quattro anni era tranquillo. Il piccolo \u00e8 stato quindi riconsegnato ai genitori che, dopo un grosso spavento, hanno potuto riabbracciare il proprio figlio negli uffici della Questura, ringraziando i poliziotti per la \u00a0professionalit\u00e0\u00a0 dimostrata durante l\u2019operazione di ritrovamento.<\/p>\n","protected":false},"excerpt":{"rendered":"<p>&nbsp; Momenti di paura per un bambino di appena 4 anni che, dopo essere stato smarrito dal genitore, ha raggiunto da solo il Ponte degli Alpini prima di essere ritrovato dal personale della Polizia di Stato. Tutto \u00e8 avvenuto nel giro di circa mezz\u2019ora; il pap\u00e0 si era recato al parco con il bambino e&hellip;<\/p>\n","protected":false},"author":1,"featured_media":63841,"comment_status":"closed","ping_status":"closed","sticky":false,"template":"","format":"standard","meta":{"_monsterinsights_skip_tracking":false,"_monsterinsights_sitenote_active":false,"_monsterinsights_sitenote_note":"","_monsterinsights_sitenote_category":0,"footnotes":""},"categories":[49],"tags":[],"class_list":["post-67405","post","type-post","status-publish","format-standard","has-post-thumbnail","hentry","category-news-18","category-49","description-off"],"img_url":"https:\/\/www.radiopiu.net\/wordpress\/wp-content\/uploads\/2018\/10\/Volante-Questura-2.jpg","_links":{"self":[{"href":"https:\/\/www.radiopiu.net\/wordpress\/wp-json\/wp\/v2\/posts\/67405","targetHints":{"allow":["GET"]}}],"collection":[{"href":"https:\/\/www.radiopiu.net\/wordpress\/wp-json\/wp\/v2\/posts"}],"about":[{"href":"https:\/\/www.radiopiu.net\/wordpress\/wp-json\/wp\/v2\/types\/post"}],"author":[{"embeddable":true,"href":"https:\/\/www.radiopiu.net\/wordpress\/wp-json\/wp\/v2\/users\/1"}],"replies":[{"embeddable":true,"href":"https:\/\/www.radiopiu.net\/wordpress\/wp-json\/wp\/v2\/comments?post=67405"}],"version-history":[{"count":0,"href":"https:\/\/www.radiopiu.net\/wordpress\/wp-json\/wp\/v2\/posts\/67405\/revisions"}],"wp:featuredmedia":[{"embeddable":true,"href":"https:\/\/www.radiopiu.net\/wordpress\/wp-json\/wp\/v2\/media\/63841"}],"wp:attachment":[{"href":"https:\/\/www.radiopiu.net\/wordpress\/wp-json\/wp\/v2\/media?parent=67405"}],"wp:term":[{"taxonomy":"category","embeddable":true,"href":"https:\/\/www.radiopiu.net\/wordpress\/wp-json\/wp\/v2\/categories?post=67405"},{"taxonomy":"post_tag","embeddable":true,"href":"https:\/\/www.radiopiu.net\/wordpress\/wp-json\/wp\/v2\/tags?post=67405"}],"curies":[{"name":"wp","href":"https:\/\/api.w.org\/{rel}","templated":true}]}}