{"id":67421,"date":"2018-11-24T19:52:15","date_gmt":"2018-11-24T18:52:15","guid":{"rendered":"http:\/\/www.radiopiu.net\/wordpress\/?p=67421"},"modified":"2018-11-24T19:52:15","modified_gmt":"2018-11-24T18:52:15","slug":"il-ruolo-delle-imprese-edili-nellemergenza-del-bellunese","status":"publish","type":"post","link":"https:\/\/www.radiopiu.net\/wordpress\/il-ruolo-delle-imprese-edili-nellemergenza-del-bellunese\/","title":{"rendered":"IL RUOLO DELLE IMPRESE EDILI NELL\u2019EMERGENZA DEL BELLUNESE"},"content":{"rendered":"<p>\u00abIl maltempo che ha colpito la nostra provincia a fine ottobre provocando danni enormi ha dimostrato l\u2019efficienza dei soccorsi e il buon operato degli enti pubblici coinvolti\u00bb. \u00c8 quanto afferma Antonio Olivotto Presidente della Sezione Costruttori Edili di Confindustria Belluno Dolomiti.<\/p>\n<p>\u00abVolontari provenienti anche da altre regioni, vigili del fuoco e organi di polizia hanno affrontato immediatamente le emergenze di carattere idrico, elettrico, i dissesti e gli smottamenti, le interruzioni della viabilit\u00e0 per gli alberi caduti affiancati anche dalle squadre delle nostre imprese edili che ancora oggi stanno lavorando senza sosta per riportare la situazione alla normalit\u00e0\u00bb.<\/p>\n<p>\u00abSe ad oggi sono pochi i centri isolati o che non hanno piena funzionalit\u00e0 dei collegamenti elettrici ed idrici, il lavoro delle imprese prosegue \u2013 continua Antonio Olivotto &#8211;\u00a0 \u00abSono infatti da ripristinare scogliere, argini di fiumi e bisogna\u00a0 mettere in sicurezza la viabilit\u00e0. Quasi tutte le imprese locali intervenute per gestire lavori di \u201csomma urgenza\u201d sono state ingaggiate dagli enti pubblici attraverso una chiamata diretta ed immediata prevista nei casi di potenziali situazioni di pericolosit\u00e0 senza ricorrere alle normali procedure di gara pubbliche. Ad oggi non riusciamo a quantificare quanti siano i casi di somme urgenze in atto \u2013 ogni ente pubblico pu\u00f2 agire in modo autonomo in base alla competenza territoriale &#8211; ma certamente decine e decine; alcune della durata di pochi giorni, altre che rappresentano solo il preludio ad opere indifferibili su cui poi si andr\u00e0 ad intervenire dopo la messa in sicurezza iniziale. Le imprese locali hanno risposto con tempestivit\u00e0 consapevoli che solo chi \u00e8 sul posto con i mezzi gi\u00e0 disponibili e pronti pu\u00f2 superare i limiti dettati dal crollo di strade e strozzature della viabilit\u00e0, ma coscienti anche della grande responsabilit\u00e0 che comporta il movimento di macerie e materiali potenzialmente inquinanti, il tutto senza un contratto che definisca limiti e competenze\u00bb.<\/p>\n<p>\u00abPerch\u00e9 la normativa che riguarda le \u201csomme urgenze\u201d \u2013 spiega Olivotto &#8211; stabilisce l\u2019intervento immediato senza per\u00f2 garantire come, quando, chi e con che fondi dovranno essere remunerate le imprese.\u00a0 Questo \u00e8 il paradosso di una procedura che impone l\u2019estrema urgenza e che tralascia\u00a0 mille altri aspetti, anche essenziali, quali la gestione dei prezzi\u00a0 decisi da enti come la Regione Veneto sulla base di un Prezziario regionale ancora fermo alle tariffe\u00a0 2014. Le ultime \u201csomme urgenze\u201d verificatesi nel Bellunese, per\u00f2, sono pagate dopo oltre due anni. Con ogni probabilit\u00e0 si sar\u00e0 trattato di un\u2019eccezione, ma l\u2019auspicio \u00e8 che per la situazione attuale i tempi siano differenti. La presenza sul territorio di imprese locali pronte e attrezzate per questo tipo di emergenze \u00e8 una garanzia anche per le amministrazioni che necessitano oltre che della buona volont\u00e0 e dedizione dei moltissimi volontari \u2013 a cui va il nostro plauso -, anche delle competenze e degli strumenti di cui solo professionisti preparati e con esperienza possono disporre. Imprese che conoscono il territorio e le insidie che spesso si nascondono dietro certi scenari\u00bb.<\/p>\n<p>\u00abPer questo, come presidente della Sezioni costruttori edili di Confindustria Belluno Dolomiti,\u00a0 sottolineo con orgoglio il ruolo delle imprese del settore edile, delle maestranze, dei tecnici ed operai locali che assieme a tutti gli altri hanno soccorso e vigilato sulla nostra provincia con impegno e dedizione\u00bb.<\/p>\n","protected":false},"excerpt":{"rendered":"<p>\u00abIl maltempo che ha colpito la nostra provincia a fine ottobre provocando danni enormi ha dimostrato l\u2019efficienza dei soccorsi e il buon operato degli enti pubblici coinvolti\u00bb. \u00c8 quanto afferma Antonio Olivotto Presidente della Sezione Costruttori Edili di Confindustria Belluno Dolomiti. \u00abVolontari provenienti anche da altre regioni, vigili del fuoco e organi di polizia hanno&hellip;<\/p>\n","protected":false},"author":1,"featured_media":67422,"comment_status":"closed","ping_status":"closed","sticky":false,"template":"","format":"standard","meta":{"_monsterinsights_skip_tracking":false,"_monsterinsights_sitenote_active":false,"_monsterinsights_sitenote_note":"","_monsterinsights_sitenote_category":0,"footnotes":""},"categories":[49],"tags":[],"class_list":["post-67421","post","type-post","status-publish","format-standard","has-post-thumbnail","hentry","category-news-18","category-49","description-off"],"img_url":"https:\/\/www.radiopiu.net\/wordpress\/wp-content\/uploads\/2018\/11\/edile.jpg","_links":{"self":[{"href":"https:\/\/www.radiopiu.net\/wordpress\/wp-json\/wp\/v2\/posts\/67421","targetHints":{"allow":["GET"]}}],"collection":[{"href":"https:\/\/www.radiopiu.net\/wordpress\/wp-json\/wp\/v2\/posts"}],"about":[{"href":"https:\/\/www.radiopiu.net\/wordpress\/wp-json\/wp\/v2\/types\/post"}],"author":[{"embeddable":true,"href":"https:\/\/www.radiopiu.net\/wordpress\/wp-json\/wp\/v2\/users\/1"}],"replies":[{"embeddable":true,"href":"https:\/\/www.radiopiu.net\/wordpress\/wp-json\/wp\/v2\/comments?post=67421"}],"version-history":[{"count":0,"href":"https:\/\/www.radiopiu.net\/wordpress\/wp-json\/wp\/v2\/posts\/67421\/revisions"}],"wp:featuredmedia":[{"embeddable":true,"href":"https:\/\/www.radiopiu.net\/wordpress\/wp-json\/wp\/v2\/media\/67422"}],"wp:attachment":[{"href":"https:\/\/www.radiopiu.net\/wordpress\/wp-json\/wp\/v2\/media?parent=67421"}],"wp:term":[{"taxonomy":"category","embeddable":true,"href":"https:\/\/www.radiopiu.net\/wordpress\/wp-json\/wp\/v2\/categories?post=67421"},{"taxonomy":"post_tag","embeddable":true,"href":"https:\/\/www.radiopiu.net\/wordpress\/wp-json\/wp\/v2\/tags?post=67421"}],"curies":[{"name":"wp","href":"https:\/\/api.w.org\/{rel}","templated":true}]}}