{"id":67445,"date":"2018-11-26T06:11:39","date_gmt":"2018-11-26T05:11:39","guid":{"rendered":"http:\/\/www.radiopiu.net\/wordpress\/?p=67445"},"modified":"2018-11-26T10:26:03","modified_gmt":"2018-11-26T09:26:03","slug":"giornale-radiopiu-26-novembre-2018-direttore-mirko-mezzacasa","status":"publish","type":"post","link":"https:\/\/www.radiopiu.net\/wordpress\/giornale-radiopiu-26-novembre-2018-direttore-mirko-mezzacasa\/","title":{"rendered":"GIORNALE RADIOPIU 26 NOVEMBRE 2018 DIRETTORE MIRKO MEZZACASA"},"content":{"rendered":"<p>&nbsp;<\/p>\n<blockquote><p><em>Sono i giorni della conta dei danni, le cifre sono spaventose dai 107 milioni di euro di Rocca Pietore ai 20 di Cencenighe, ma sono costi di difficile quantificazione e destinati ad aumentare con l&#8217;apertura dei cantieri. Sono anche i giorni delle motoseghe, per tutto il fine settimana sono decine le persone che hanno lavorato nei boschi ed a Canale d&#8217;Agordo i vigili del fuoco lo potranno fare con le nuove motoseghe, regalo del Rotary di Treviso.\u00a0<\/em><em>Franco Magrin, il responsabile del Com di Agordo nei giorni dell&#8217;emergenza lancia l&#8217;idea: <strong>&#8220;Se si potessero prendere tutte le punte degli abeti schiantati dal maltempo e si potessero commercializzare come alberi di Natale ad in prezzo\/offerta pro territori bellunesi sarebbe cosa buona e giusta&#8221;<\/strong>. A Taibon Agordino non ci sono pi\u00f9 evacuati ma in Valle si entra solo sotto scorta e in precisi orari, Il sindaco ha voluto ringraziare il Comune di Monza, che attraverso l\u2019Anci ha mandato i propri tecnici per aiutare nella stima dei danni. La cronaca purtroppo registra la morte di un 72enne di Quero morto dopo 50 giorni di agonia in seguito ad un incidente sul cantiere di casa. Dal Cadore la notizia della chiusura ai Tir della 51 bis e della Carnica, soddisfatti i sindaci ma anche la gente stufa del traffico, inquinamento, ma sopratutto di mezzi che s&#8217;incastrano tra le mura di casa. Mel festeggia il terzo posto al Borgo dei Borghi, un successo di paese che unisce ancor di pi\u00f9 la comunit\u00e0. Nello sport prima vittoria per il Belluno, pareggia l&#8217;Agordina di seconda categoria, ancora sconfitto l&#8217;Alleghe Ihl a Caldaro. (mm)<\/em><\/p><\/blockquote>\n<p>&nbsp;<\/p>\n<p>&nbsp;<\/p>\n<p>&nbsp;<\/p>\n<p>&nbsp;<\/p>\n<p><strong>ORARI DI ACCESSO ALLA VALLE DI SAN LUCANO<\/strong> I proprietari e i conduttori DI EDIFICI ubicati in Valle di San Lucano e le imprese impegnate nei lavori su fabbricati privati, previa registrazione dei nominativi presso il municipio di Taibon Agordino, potranno accedere alla valle, con la scorta delle autorit\u00e0 preposte, nei seguenti orari: OGGI, ENTRATA (ritrovo presso il presidio) 06.40 13.00 14.30 17.00 22.30\u00a0USCITA (ritrovo presso locanda Col di Pr\u00e0) 07.00 13.20 14.45 17.20 22.45.<\/p>\n<p>&nbsp;<\/p>\n<p><strong>ROCCA PIETORE<\/strong> Divieto di accesso ai veicoli lungo la 641 di Passo Fedaia, dal bivio per Sottoguda al Passo Fedaia, fino al termine dei lavori. Chiusura al transito veicolare in localit\u00e0 Sottoguda in entrambi i sensi di marcia. Divieto assoluto di inoltrarsi nei Serrai di Sottoguda. Chiusi al transito veicolare e pedonale dei sentieri e strade silvo pastorali.<\/p>\n<p>&nbsp;<\/p>\n<p>&nbsp;<\/p>\n<h1>TIR: DIVIETO DI INCASTRARSI ANCORA<\/h1>\n<p><strong>CADORE<\/strong> A pochi giorni dall&#8217;incidente di Valle di Cadore, un Tir straniero incastrato nella strettoia di Borgata Costa ecco la decisione dell&#8217;Anas: da oggi al 7 gennaio blocco dei Tir sull&#8217;Alemagna sia sulla 51 bis che sulla Carnica. I sindaci del Cadore soddisfatti ringraziano Anas.<\/p>\n<p>&nbsp;<\/p>\n<p>&nbsp;<\/p>\n<h1>MUORE DOPO 50 GIORNI DI AGONIA<\/h1>\n<p><strong>QUERO<\/strong> <strong>VAS<\/strong> Dopo 50 giorni di sofferenze \u00e8 morto Armando Bagatella, era caduto da un&#8217;impalcatura nei pressi di casa mentre stava svolgendo alcuni lavori domestici. Il 72enne da allora non si era mai ripreso, era ricoverato al Ca&#8217; Foncello di Treviso in terapia intensiva. Domani alle 15 in funerali a Quero.<\/p>\n<p>&nbsp;<\/p>\n<p>&nbsp;<\/p>\n<h1>S&#8217;INCENDIA LA CANNA FUMARIA<\/h1>\n<p><strong>AGORDO <\/strong>Vigili del fuoco in centro ad Agordo ieri di buon mattino in via 27 aprile per un principio d&#8217;incendio nel condominio vicino all&#8217;Unione Montana. I pompieri hanno spento le fiamme originate dal cattivo funzionamento della canna fumaria. Danni limitati.<\/p>\n<p>&nbsp;<\/p>\n<p>&nbsp;<\/p>\n<h1>INCIDENTI IN USCITA DAL PARCHEGGIO<\/h1>\n<p><strong>FELTRE<\/strong> Incidente ieri alle 18 nei pressi dell&#8217;ospedale, ad avere la peggio un anziano di 74 anni con ferite al volto e alle gambe. L&#8217;uomo M.T. a bordo di un Ape si \u00e8 ritrovato davanti una Fiat Doblo&#8217; in uscita dal parcheggio in retromarcia, non \u00e8 riuscito ad evitare l&#8217;impatto nei pressi del Bar Fornaci. Un ferito lieve anche al Ponte di Fener in seguito ad un altro incidente stradale che ha coinvolto in modo simile due mezzi<\/p>\n<p>&nbsp;<\/p>\n<p>&nbsp;<\/p>\n<h1>DICHIARATO STATO DI ATTENZIONE PER CRITICITA\u2019 GEOLOGICA NEL BELLUNESE E IN PARTE DEL TREVIGIANO.<\/h1>\n<p><strong>VENEZIA<\/strong>\u00a0 In riferimento alle condizioni di fragilit\u00e0 idrogeologica ancora presenti in alcune parti del territorio, il Centro Funzionale Decentrato della Protezione Civile della Regione Veneto ha dichiarato lo Stato di Attenzione per Criticit\u00e0 Geologica nei bacini idrografici Alto Piave (Belluno) e Piave Pedemontano (Belluno e Treviso), valevole fino alle ore 14.00 di oggi. Rimangono sotto particolare osservazione le frane del Tessina a Chies d\u2019Alpago e della Busa del Cristo a Perarolo di Cadore. Limitatamente per quest\u2019ultima rimane ancora in vigore l\u2019allerta rossa. Emesso anche un bollettino specifico per la montagna bellunese (bacino Alto Piave). Sui monti non si prevedono precipitazioni significative con la quota neve che varier\u00e0 tra 1.400 e 1.800 metri.<\/p>\n<h1><\/h1>\n<p>&nbsp;<\/p>\n<h1>UN MILIONE E MEZZO DI DANNI, MA IL SINDACO DI GOSALDO E&#8217; CERTO CHE LA CIFRA E&#8217; IN DIFETTO. PROSEGUE LA RICOSTRUZIONE, MA LA VALLE DEL MIS E&#8217; SEMPRE CHIUSA<\/h1>\n<p><strong>INTERVENTO DEL PRIMO CITTADINO DI GOSALDO, GIOCONDO DALLE FESTE NEL GIORNALE RADIO PRINCIPALE DELLE 12.30<\/strong><\/p>\n<audio class=\"wp-audio-shortcode\" id=\"audio-67445-1\" preload=\"none\" style=\"width: 100%;\" controls=\"controls\"><source type=\"audio\/mpeg\" src=\"http:\/\/www.radiopiu.net\/wordpress\/wp-content\/uploads\/2018\/11\/GIOCONDO-1.mp3?_=1\" \/><a href=\"http:\/\/www.radiopiu.net\/wordpress\/wp-content\/uploads\/2018\/11\/GIOCONDO-1.mp3\">http:\/\/www.radiopiu.net\/wordpress\/wp-content\/uploads\/2018\/11\/GIOCONDO-1.mp3<\/a><\/audio>\n<p>&nbsp;<\/p>\n<p>&nbsp;<\/p>\n<p>&nbsp;<\/p>\n<p>&nbsp;<\/p>\n<h1>20 MILIONI DI DANNI A CENCENIGHE, 18 A TAIBON E&#8217; IL PRIMO CALCOLO DEI SINDACI TORMEN E SOPPELSA<\/h1>\n<p><strong>DI GIANNI SANTOMASO<\/strong><\/p>\n<audio class=\"wp-audio-shortcode\" id=\"audio-67445-2\" preload=\"none\" style=\"width: 100%;\" controls=\"controls\"><source type=\"audio\/ogg\" src=\"http:\/\/www.radiopiu.net\/wordpress\/wp-content\/uploads\/2018\/11\/GIANNI.ogg?_=2\" \/><a href=\"http:\/\/www.radiopiu.net\/wordpress\/wp-content\/uploads\/2018\/11\/GIANNI.ogg\">http:\/\/www.radiopiu.net\/wordpress\/wp-content\/uploads\/2018\/11\/GIANNI.ogg<\/a><\/audio>\n<p>&nbsp;<\/p>\n<p>&nbsp;<\/p>\n<p>&nbsp;<\/p>\n<p>&nbsp;<\/p>\n<h1>DAL ROTARY CLUB DI TREVISO 4 MOTOSEGHE AI VIGILI DEL FUOCO VOLONTARI DI CANALE D&#8217;AGORDO, UOMINI DELL&#8217;EMERGENZA.<\/h1>\n<h1><a class=\"dt-pswp-item\" href=\"http:\/\/www.radiopiu.net\/wordpress\/wp-content\/uploads\/2018\/11\/86ab2c80-a928-4a2c-a619-796aa4b803e0.jpg\" data-dt-img-description=\"\" data-large_image_width=\"1600\" data-large_image_height=\"800\"><img loading=\"lazy\" decoding=\"async\" class=\"alignnone wp-image-67466 size-large\" src=\"http:\/\/www.radiopiu.net\/wordpress\/wp-content\/uploads\/2018\/11\/86ab2c80-a928-4a2c-a619-796aa4b803e0-1024x512.jpg\" alt=\"\" width=\"1024\" height=\"512\" srcset=\"https:\/\/www.radiopiu.net\/wordpress\/wp-content\/uploads\/2018\/11\/86ab2c80-a928-4a2c-a619-796aa4b803e0-1024x512.jpg 1024w, https:\/\/www.radiopiu.net\/wordpress\/wp-content\/uploads\/2018\/11\/86ab2c80-a928-4a2c-a619-796aa4b803e0-300x150.jpg 300w, https:\/\/www.radiopiu.net\/wordpress\/wp-content\/uploads\/2018\/11\/86ab2c80-a928-4a2c-a619-796aa4b803e0-768x384.jpg 768w, https:\/\/www.radiopiu.net\/wordpress\/wp-content\/uploads\/2018\/11\/86ab2c80-a928-4a2c-a619-796aa4b803e0.jpg 1600w\" sizes=\"auto, (max-width: 1024px) 100vw, 1024px\" \/><\/a><\/h1>\n<p><strong>CANALE D&#8217;AGORDO<\/strong> Che bel gesto dal Rotary di Treviso per aiutare le genti alluvionate. I volontari di Canale d&#8217;Agordo in particolare al quale sono state consegnate 4 motoseghe acquistate non al black friday via internet, ma sul territorio anche per dare un contributo all&#8217;economia locale.<\/p>\n<p><strong>Ai microfoni di Radio Pi\u00f9 il grazie dal capo distaccamento Paolo De Rocco.<\/strong><\/p>\n<audio class=\"wp-audio-shortcode\" id=\"audio-67445-3\" preload=\"none\" style=\"width: 100%;\" controls=\"controls\"><source type=\"audio\/mpeg\" src=\"http:\/\/www.radiopiu.net\/wordpress\/wp-content\/uploads\/2018\/11\/DE-ROCCO.mp3?_=3\" \/><a href=\"http:\/\/www.radiopiu.net\/wordpress\/wp-content\/uploads\/2018\/11\/DE-ROCCO.mp3\">http:\/\/www.radiopiu.net\/wordpress\/wp-content\/uploads\/2018\/11\/DE-ROCCO.mp3<\/a><\/audio>\n<p>&nbsp;<\/p>\n<p>&nbsp;<\/p>\n<p>&nbsp;<\/p>\n<p>&nbsp;<\/p>\n<p>&nbsp;<\/p>\n<h1>DANNI MALTEMPO. CONSEGNATI A ZAIA DIECIMILA EURO DALLA SOMEC DI SAN VENDEMIANO. \u201cGRAZIE A NOME DI PERSONE E TERRITORI COLPITI\u201d<\/h1>\n<p><strong>VENEZIA<\/strong>\u00a0 Non passa giorno che nuove aziende, oltre ai privati cittadini, si aggiungano alla gara di solidariet\u00e0 per le popolazioni e i territori colpiti dalla devastante ondata di maltempo di fine ottobre. Altri diecimila euro sono arrivati dalla Somec Spa di San Vendemiano, azienda specializzata nella realizzazione di progetti chiavi in mano nell\u2019ambito civile e navale, il cui Presidente Oscar Marchetto ha consegnato il prezioso assegno direttamente nelle mani del Presidente del Veneto Luca Zaia, per essere versato nel conto corrente di solidariet\u00e0 aperto dalla Regione. \u201cHo ringraziato personalmente Marchetto \u2013 ha detto Zaia \u2013 prima di tutto a nome della gente e dei territori colpiti ai quali andr\u00e0 ognuno di questi euro. La decisione della Somec \u00e8 un\u2019altra conferma, se ancora ce ne fosse stato bisogno, della grande sensibilit\u00e0 e solidariet\u00e0 che sta mettendo in campo il mondo imprenditoriale veneto di fronte alla calamit\u00e0 che ci ha colpito\u201d.<\/p>\n<p>&nbsp;<\/p>\n<p>&nbsp;<\/p>\n<p>&nbsp;<\/p>\n<p>&nbsp;<\/p>\n<h1>DANNI MALTEMPO. PRIMA ORDINANZA DI ZAIA IN VESTE DI COMMISSARIO DELEGATO. NOMINATI I 12 SOGGETTI ATTUATORI<\/h1>\n<p><strong>VENEZIA\u00a0<\/strong> Il Presidente della Regione Luca Zaia, nella sua veste di \u201cCommissario Delegato per i Primi Interventi Urgenti di Protezione Civile in Conseguenza degli Eccezionali Eventi Meteorologici che hanno interessato il Territorio della Regione Veneto a partire da Ottobre 2018\u201d, ha firmato la sua ordinanza nr. 1, con la quale vengono individuati i soggetti attuatori ai quali si intendono affidare i diversi settori di intervento. La \u201csquadra\u201d scelta da Zaia \u00e8 composta da 12 Tecnici. Eccoli: Dr. Nicola dell\u2019Acqua, Direttore Area Tutela e Sviluppo del Territorio della Regione. Dr. Gianluca Fregolent, Direttore della Direzione Agroambiente, Caccia e Pesca e Vicedirettore dell\u2019Area Sviluppo Economico della Regione. Ing. Salvatore Patti, Direttore della Direzione Operativa Settore Ripristino Coste. Ing. Marco Puiatti, Direttore della Direzione Difesa del Suolo. Ing. Roberto Dall\u2019Armi, Direttore del Genio Civile di Belluno. Ing. Mauro Roncada, Direttore del Genio Civile di Vicenza. Dr. Gianmaria Sommavilla, Direttore Unit\u00e0 Operativa Forestale EST. Ing. Silvano Vernizzi, Direttore Generale di Veneto Strade. Dr. Fabrizio Stella, Direttore di Avepa. Ing. Sergio Dalvit, Direttore Tecnico di BIM GSP Dr. Alberto Lucchetta, Dirigente del Dipartimento regionale per la Sicurezza del Territorio dell\u2019Arpav. Ing. Gabriella Manginelli, di Anas Spa Veneto.<\/p>\n<p>&nbsp;<\/p>\n<p>&nbsp;<\/p>\n<p>&nbsp;<\/p>\n<p>&nbsp;<\/p>\n<h1>POSTE OGGI A ROMA CON I PICCOLI COMUNI. UNCEM: PRONTI A RIDEFINIRE UN RAPPORTO FONDATO SU FIDUCIA DELLA COMUNITA&#8217;, CAPILLARITA&#8217; DEI SERVIZI, INNOVAZIONE<\/h1>\n<p><a class=\"dt-pswp-item\" href=\"http:\/\/www.radiopiu.net\/wordpress\/wp-content\/uploads\/2016\/04\/Fila_poste.jpg\" data-dt-img-description=\"\" data-large_image_width=\"586\" data-large_image_height=\"363\"><img loading=\"lazy\" decoding=\"async\" class=\" wp-image-18377 alignleft\" src=\"http:\/\/www.radiopiu.net\/wordpress\/wp-content\/uploads\/2016\/04\/Fila_poste-300x186.jpg\" alt=\"\" width=\"250\" height=\"155\" \/><\/a>Oggi a Roma Poste Italiane incontrer\u00e0 4mila Sindaci dei piccoli Comuni italiani, in un evento promosso d&#8217;intesa con Anci e Uncem. Alla mattinata di lavoro, alla Nuvola di Fuksas, sar\u00e0 presente il Presidente del Consiglio Giuseppe Conte. Tra gli interventi previsti, quello di Marco Bussone, Presidente nazionale Uncem. &#8220;Sono tre i pilastri del nuovo patto che dobbiamo sancire con Poste, fiducia della comunit\u00e0, capillarit\u00e0 dei servizi, innovazione &#8211; spiega Bussone &#8211; Dopo almeno dieci anni nei quali abbiamo faticato a capirci, oggi dobbiamo essere capaci di costruire i servizi del presente e del futuro. Mantenendo la capillarit\u00e0 della presenza di Poste sui territori, forte di quasi 12mila uffici, vogliamo fare in modo che questi presidi diventino luoghi di innovazione e restino punto di riferimento delle comunit\u00e0. La fiducia storica in Poste fa s\u00ec che gli uffici custodiscano il risparmio, eroghino le pensioni, siano anche luogo di incontro. Abbiamo 200 Comuni in Italia senza pi\u00f9 un esercizio commerciale e senza un bar. Le banche stanno chiudendo i loro sportelli in troppe realt\u00e0, anche urbane. Gli uffici postali devono diventare, in particolare nelle aree interne e montane, punti di erogazione di nuovi servizi, dalla gestione di documenti e pratiche, alla spedizione e alla ricezione di pacchi, proprio in una fase nella quale l&#8217;e-commerce ha picchi altissimi nei Comuni montani. Dobbiamo aiutare le imprese agricole e artigianali a usare questi nuovi strumenti. Gli uffici devono diventare punti di informazione turistica in accordo con Amministrazioni e Pro Loco, internet point e avere una porzione per il co-working, vendere quotidiani, giornali, o altri generi, gestire anche la logistica del farmaco d&#8217;intesa con le farmacie rurali&#8221;. L&#8217;innovazione deve toccare in particolare la pubblica amministrazione. &#8220;Poste \u00e8 un partner ideale per accompagnare la transizione al digitale della PA &#8211; evidenzia il Presidente Uncem &#8211; Attuare l&#8217;agenda digitale, con l&#8217;arrivo dell&#8217;infrastruttura grazie al Piano per la banda ultralarga, \u00e8 complesso e richiede strategie e risorse. Gli Enti locali, in particolare i Comuni in forma associata con Unioni montane e Comunit\u00e0 montane, hanno necessit\u00e0 di stringere efficaci rapporti con le imprese. Poste \u00e8 in prima fila. Penso all&#8217;erogazione di Spid, l&#8217;identit\u00e0 digitale del cittadino, che deve avere un&#8217;accelerazione, ma anche alla carta d&#8217;identit\u00e0 elettronica che in troppi nostri Comuni \u00e8 ancora un miraggio. Poi dobbiamo fare insieme formazione e definire come il postino telematico raggiunge efficacemente i cittadini, evitando di escludere le fasce pi\u00f9 deboli della popolazione, la terza et\u00e0, aumentando sperequazioni sociali e territoriali. Dobbiamo generare coesione, ridurre il divario digitale, rimuovere gli ostacoli verso la riorganizzazione dei servizi nella quale crediamo e lavoriamo anche grazie alla Strategia nazionale per le aree interne. Domani a Roma lo diremo confermando l&#8217;impegno di Uncem nel costruire un pezzo di futuro del Paese&#8221;.<\/p>\n<p>&nbsp;<\/p>\n<h1><\/h1>\n<p>&nbsp;<\/p>\n<p>&nbsp;<\/p>\n<h1>GIORNATA MONDIALE CONTRO LA VIOLENZA SULLE DONNE &#8211; DARIO BOND (FORZA<br \/>\nITALIA): \u00abCODICE ROSSO E PENE DURISSIME\u00bb<\/h1>\n<p><strong>ROMA<\/strong> \u00abPriorit\u00e0 assoluta all\u2019esame delle denunce delle donne minacciate e molestate\u00bb. \u00c8 l\u2019augurio del deputato di Forza Italia Dario Bond, nella giornata internazionale contro la violenza sulle donne.\u00a0\u00abIn un mondo ideale, non dovrebbero nemmeno servire le\u00a0sensibilizzazioni contro le violenze sulle donne\u00bb segnala Dario Bond. \u00abPurtroppo per\u00f2 si registrano ancora discriminazioni di genere,\u00a0violenze verbali e fisiche. \u00c8 per questo che sono d\u2019accordo con quanto sostiene il ministro dell\u2019interno Salvini, che ha dichiarato il proprio impegno ad avviare una sorta di \u201ccodice rosso\u201d per dare\u00a0 priorit\u00e0 assoluta all\u2019esame delle denunce delle donne maltrattate, minacciate e molestate. Altrimenti corriamo il rischio di derubricare\u00a0certi tipi di violenze come di serie B. Quindi, codice rosso e pene durissime\u00bb.<\/p>\n<p>&nbsp;<\/p>\n<p>&nbsp;<\/p>\n<p>&nbsp;<\/p>\n<h1>NO A UNA NUOVA PATRIMONIALE. QUELLE CHE CI SONO GIA\u2019 CI PRELEVANO 45,7 MILIARDI L\u2019ANNO<\/h1>\n<blockquote class=\"wp-embedded-content\" data-secret=\"pnBfIvjnlq\"><p><a href=\"http:\/\/www.radiopiu.net\/wordpress\/no-a-una-nuova-patrimoniale-quelle-che-ci-sono-gia-ci-prelevano-457-miliardi-lanno\/\">NO A UNA NUOVA PATRIMONIALE.  QUELLE CHE CI SONO GIA\u2019 CI PRELEVANO  45,7 MILIARDI L\u2019ANNO<\/a><\/p><\/blockquote>\n<p><iframe loading=\"lazy\" class=\"wp-embedded-content\" sandbox=\"allow-scripts\" security=\"restricted\" style=\"position: absolute; clip: rect(1px, 1px, 1px, 1px);\" src=\"http:\/\/www.radiopiu.net\/wordpress\/no-a-una-nuova-patrimoniale-quelle-che-ci-sono-gia-ci-prelevano-457-miliardi-lanno\/embed\/#?secret=pnBfIvjnlq\" data-secret=\"pnBfIvjnlq\" width=\"600\" height=\"338\" title=\"&#8220;NO A UNA NUOVA PATRIMONIALE.  QUELLE CHE CI SONO GIA\u2019 CI PRELEVANO  45,7 MILIARDI L\u2019ANNO&#8221; &#8212; Radio Pi\u00f9\" frameborder=\"0\" marginwidth=\"0\" marginheight=\"0\" scrolling=\"no\"><\/iframe><\/p>\n<p>&nbsp;<\/p>\n<p>&nbsp;<\/p>\n<p>&nbsp;<\/p>\n<p>&nbsp;<\/p>\n<h1>IL TERRITORIO PERDE UN&#8217;ALTRA FIGURA RAPPRESENTATIVA. ABM SI STRINGE ALLA FAMIGLIA FACCHIN<\/h1>\n<p>Artista, reduce di Russia, uomo di grande ingegno e cultura. Massimo Facchin \u00e8 scomparso nel pomeriggio di\u00a0 sabato 24 novembre, dopo una breve malattia. Aveva 102 anni. Anche l\u2019Associazione Bellunesi nel Mondo partecipa al grande lutto che ha colpito la famiglia. \u00abDopo Augusto Murer e Franco Fiabane, perdiamo un altro dei migliori artisti che, con le sue opere, ha affrontato il tema dell\u2019emigrazione bellunese\u00bb, dichiara Oscar De Bona, presidente dell\u2019Abm. \u00abSiamo orgogliosi di aver conferito a Facchin, a Falcade nel 2016, il Premio speciale \u201cBellunesi che hanno onorato la provincia in Italia e nel mondo\u201d. Proprio in quell\u2019occasione, alla veneranda et\u00e0 di 100 anni, Facchin aveva lanciato un messaggio al pubblico di giovani studenti presenti alla cerimonia: coltivare sempre le proprie passioni, con impegno e dedizione, mettendo in conto anche il sacrificio\u00bb. \u00abSenza dubbio Facchin lascia un\u2019eredit\u00e0 molto importante\u00bb, prosegue De Bona, \u00abe sono convinto che ci sono persone desiderose di seguire il suo esempio\u00bb. Il presidente dell\u2019Abm conserva anche un caro ricordo personale: \u00abAlla morte di mio padre Vittorino, conosciuto da tutti come \u201cToio fret\u201d, Facchin mi chiam\u00f2 per le condoglianze, chiedendo una sua fotografia\u00bb, racconta De Bona. \u00abDopo breve tempo ricevetti un\u2019incisione raffigurante il busto di mio padre\u00bb. \u00abDi certo ci sar\u00e0 il modo di ricordarlo pubblicamente in un prossimo evento dell\u2019Associazione Bellunesi nel Mondo\u00bb, conclude. \u00abIntanto porgiamo le pi\u00f9 sentite e sincere condoglianze a tutta la sua famiglia. Ciao Massimo\u00bb.<\/p>\n<h1>IL MESSAGGIO DEL SINDACO DI BELLUNO JACOPO MASSARO<\/h1>\n<p><strong>BELLUNO<\/strong>\u00a0 L&#8217;amministrazione comunale di Belluno si stringe intorno alla famiglia Facchin per la scomparsa di Massimo Facchin, reduce di Russia, artista ed inventore, morto questo pomeriggio a 102 anni dopo una breve malattia. \u00ab\u00c8 stato sicuramente un personaggio eclettico, fantasioso, e desideroso di coinvolgere i giovani, prima come maestro e professore, poi con le sue numerose attivit\u00e0. &#8211; lo ricorda il Sindaco, Jacopo Massaro \u2013 Un artista, un inventore di strumenti e meccanismi con i quali spiegava ai ragazzi i meccanismi dell&#8217;universo, e un reduce di Russia, un&#8217;esperienza che non mancava di ricordare ai pi\u00f9 giovani, ma anche agli adulti, in occasione delle cerimonie pubbliche; suoi sono i monumenti ai caduti in Russia alla chiesa di Mussoi e al Parco Citt\u00e0 di Bologna,\u00a0 il \u201cmonumento al mulo\u201d al parco della stazione ferroviaria e gli stemmi che circondano la fontana di Piazza dei Martiri. Una figura importante per la comunit\u00e0 e per la citt\u00e0: personalmente e a nome di tutta l&#8217;amministrazione, mi stringo alla famiglia Facchin<\/p>\n<p>&nbsp;<\/p>\n<p>&nbsp;<\/p>\n<p>&nbsp;<\/p>\n<p>&nbsp;<\/p>\n<h1>ELSA FORNERO PRESENTA IL SUO LIBRO<\/h1>\n<blockquote>\n<h4><em>UNA SERA DA ELSA FORNERO ALL&#8217;INCONTRO ORGANIZZATO DAL GIORNALISTA MICHELANGELO DE DONA&#8217;<\/em><\/h4>\n<\/blockquote>\n<p><strong>SANTA GIUSTINA\u00a0<\/strong>\u00a0La rassegna culturale Illustrissimi, ideata 23 anni fa dal giornalista bellunese Michelangelo De Don\u00e0 \u00e8 ripartita ospitando la professoressa Elsa Fornero. Che per tutti, o quasi, \u00e8 una riforma pensionistica. Al Centro Luciani di Santa Giustina Elsa Fornero, Univerisit\u00e0 degli studi di Torino, Ministro del lavoro e delle politiche sociali nel Governo Monti ha presenta il suo libro \u201cElsa Fornero, &#8220;chi ha paura della riforme&#8221;.<\/p>\n<p><strong><span style=\"color: #ff0000;\">DI LUISA ALCHINI<\/span><\/strong><\/p>\n<p><strong>SANTA GIUSTINA<\/strong> Un nutrito pubblico ha accolto la professoressa Elsa Fornero al Centro Papa Luciani di Santa Giustina venerd\u00ec 23 novembre 2018. La docente universitaria di economia politica\u00a0presso la Scuola di management e economia dell&#8217;Universit\u00e0 di Torino nel presentare il suo libro \u201cChi ha paura delle riforme\u201d , ha spiegato l\u2019obiettivo che l\u2019ha spinta a pubblicarlo: poter discutere di riforme previdenziali e sistema pensionistico lontano dai talk show e da strumentalizzazioni politiche, convinta che \u201canche il pi\u00f9 scettico lettore potr\u00e0 scoprire qualcosa se avr\u00e0 la pazienza di leggere\u201d. Il pubblico si \u00e8 trovato di fronte una donna di elevata cultura, con capacit\u00e0 empatica ed abilit\u00e0 nel trasferire concetti tecnici anche a non addetti ai lavori che ha avuto persino l\u2019ardire di renderli comprensibili, anche a Giovanni di nove anni, presente in sala. La \u201cRiforma Fornero\u201d \u00e8 stata illustrata con riferimento anche alle problematiche che interessano il debito pubblico, il patto generazionale in crisi in cui si registra un aumento dell\u2019aspettativa di vita e un decremento del numero di giovani con capacit\u00e0 contributiva. Il Governo Monti Le ha affidato l\u2019incarico per una riforma necessaria a scongiurare una grave crisi economica per il nostro paese. Elsa Fornero, ha voluto anche raccontare il proprio travaglio personale che ha vissuto nei quindici giorni di lavoro dedicati alla riforma, ha raccontato il crollo emotivo che l\u2019ha investita a fine operato quando in particolare l\u2019evocare il sacrificio l\u2019ha portata al ricordo dei propri genitori, la violenza nella dialettica politica proveniente da alcune parti politiche, gli insulti alla propria persona e soprattutto rivolti alla propria famiglia, la solidariet\u00e0 del pubblico in sala si \u00e8 fatta subito sentire con un forte applauso. Con onest\u00e0 intellettuale ha ammesso di essere sempre pronta ad accogliere la critica, conscia di aver sicuramente commesso degli errori, ritenendo che l\u2019intervento di un governo tecnico debba essere invocato solo in casi di estrema urgenza, ma \u00e8 convinta che debba essere la politica a guidare un paese moderno, una politica fatta di uomini e donne competenti. Ha manifestato una seria preoccupazione per l\u2019immediato futuro, non ha nascosto lo scetticismo nei confronti dell\u2019attuale governo La sua formazione cattolica la porta ad avere un atteggiamento positivo e possibilista, nutre fiducia ne giovani ed auspica vi sar\u00e0 maggiore cultura in futuro che potr\u00e0 determinare una migliore rappresentanza nei futuri governi che guarderanno sempre pi\u00f9 all\u2019Europa. Si \u00e8 detta soddisfatta della serata, della partecipazione e dell\u2019ascolto, ha riscontrato con piacere che i suoi interventi sono molto richiesti in Veneto e nota vi sia da parte della gente un desiderio di vero dialogo pacifico ed intelligente.<\/p>\n\n\t\t\t<style type='text\/css'>\n\t\t\t\t#gallery-1 {\n\t\t\t\t\tmargin: auto;\n\t\t\t\t}\n\t\t\t\t#gallery-1 .gallery-item {\n\t\t\t\t\tfloat: left;\n\t\t\t\t\tmargin-top: 10px;\n\t\t\t\t\ttext-align: center;\n\t\t\t\t\twidth: 33%;\n\t\t\t\t}\n\t\t\t\t#gallery-1 img {\n\t\t\t\t\tborder: 2px solid #cfcfcf;\n\t\t\t\t}\n\t\t\t\t#gallery-1 .gallery-caption {\n\t\t\t\t\tmargin-left: 0;\n\t\t\t\t}\n\t\t\t\t\/* see gallery_shortcode() in wp-includes\/media.php *\/\n\t\t\t<\/style>\n\t\t<div id='gallery-1' class='dt-gallery-container gallery galleryid-67445 gallery-columns-3 gallery-size-thumbnail'><dl class='gallery-item'>\n\t\t\t\t<dt class='gallery-icon landscape'>\n\t\t\t\t\t<a class=\"rollover\" href='https:\/\/www.radiopiu.net\/wordpress\/giornale-radiopiu-26-novembre-2018-direttore-mirko-mezzacasa\/whatsapp-image-2018-11-25-at-18-41-31-1\/'><img loading=\"lazy\" decoding=\"async\" width=\"150\" height=\"150\" src=\"https:\/\/www.radiopiu.net\/wordpress\/wp-content\/uploads\/2018\/11\/WhatsApp-Image-2018-11-25-at-18.41.31-1-150x150.jpeg\" class=\"attachment-thumbnail size-thumbnail\" alt=\"\" \/><\/a>\n\t\t\t\t<\/dt><\/dl><dl class='gallery-item'>\n\t\t\t\t<dt class='gallery-icon portrait'>\n\t\t\t\t\t<a class=\"rollover\" href='https:\/\/www.radiopiu.net\/wordpress\/giornale-radiopiu-26-novembre-2018-direttore-mirko-mezzacasa\/whatsapp-image-2018-11-25-at-18-41-31\/'><img loading=\"lazy\" decoding=\"async\" width=\"150\" height=\"150\" src=\"https:\/\/www.radiopiu.net\/wordpress\/wp-content\/uploads\/2018\/11\/WhatsApp-Image-2018-11-25-at-18.41.31-150x150.jpeg\" class=\"attachment-thumbnail size-thumbnail\" alt=\"\" \/><\/a>\n\t\t\t\t<\/dt><\/dl><dl class='gallery-item'>\n\t\t\t\t<dt class='gallery-icon portrait'>\n\t\t\t\t\t<a class=\"rollover\" href='https:\/\/www.radiopiu.net\/wordpress\/giornale-radiopiu-26-novembre-2018-direttore-mirko-mezzacasa\/whatsapp-image-2018-11-25-at-18-41-30\/'><img loading=\"lazy\" decoding=\"async\" width=\"150\" height=\"150\" src=\"https:\/\/www.radiopiu.net\/wordpress\/wp-content\/uploads\/2018\/11\/WhatsApp-Image-2018-11-25-at-18.41.30-150x150.jpeg\" class=\"attachment-thumbnail size-thumbnail\" alt=\"\" \/><\/a>\n\t\t\t\t<\/dt><\/dl><br style=\"clear: both\" \/>\n\t\t\t<\/div>\n\n<p>&nbsp;<\/p>\n<p>&nbsp;<\/p>\n<p>&nbsp;<\/p>\n<p>&nbsp;<\/p>\n<h1>MEL, TERZO AL BORGO DEI BORGHI. TIFO DA STADIO AL PALAZZO DELLE CONTESSE<\/h1>\n<p><strong>DI DAMIANO TORMEN<\/strong><\/p>\n<audio class=\"wp-audio-shortcode\" id=\"audio-67445-4\" preload=\"none\" style=\"width: 100%;\" controls=\"controls\"><source type=\"audio\/ogg\" src=\"http:\/\/www.radiopiu.net\/wordpress\/wp-content\/uploads\/2018\/11\/DAMIANO-3.ogg?_=4\" \/><a href=\"http:\/\/www.radiopiu.net\/wordpress\/wp-content\/uploads\/2018\/11\/DAMIANO-3.ogg\">http:\/\/www.radiopiu.net\/wordpress\/wp-content\/uploads\/2018\/11\/DAMIANO-3.ogg<\/a><\/audio>\n<p>&nbsp;<\/p>\n<p>&nbsp;<\/p>\n<p>&nbsp;<\/p>\n<p>&nbsp;<\/p>\n<h1>73 ANNI DOPO IL FILM, TOCCANTE PAGINE DI STORIA<\/h1>\n<blockquote>\n<h3><em>PERCHE\u2019 NON VEDERLO A BELLUNO?<\/em><\/h3>\n<\/blockquote>\n<p><strong>BELLUNO<\/strong>\u00a0 Si sta proiettando in questi giorni in molte sale del nord Italia, con enorme successo, il film testimonianza sugli eccidi perpetrati dai titini slavi RED LAND. Un film toccante, veritiero con una magistrale interpretazione del regista Maximiliano Hernando Bruno e della protagonista Selene Gandini nella parte di Norma Cossetto, studentessa istriana seviziata e uccisa da un gruppo di partigiani titini nel 1943. Il film storico di Bruno, prodotto dalla Venicefilm, si pone l&#8217;obiettivo di ridare dignit\u00e0 alle vittime delle stragi titine della Seconda Guerra Mondiale che nel pandemonio dell\u2019armistizio, l&#8217;esercito e la popolazione civile non riesce pi\u00f9 a discernere tra alleati e nemici; intere famiglie abbandonate, soldati lasciati al fronte senza istruzioni. Il dramma che va a delinearsi \u00e8 di portate macroscopiche, Le popolazioni civili istriane, fiumane, giuliane e dalmate, gi\u00e0 ridotte alla fame, si trovano ad affrontare un nuovo nemico: l&#8217;avanzata dei comunisti seguaci di Tito, i partigiani jugoslavi, pronti a seminare violenza in territorio italiano. Tra la moltitudine di vittime, infoibate e non, si erge appunto la figura di Norma Cossetto, allora studentessa dell&#8217;Universit\u00e0 di Padova. Una dolorosa pagina di storia che i nostri giovani non hanno imparato ne imparano a scuola perch\u00e9 volutamente ignorata e non scritta.<\/p>\n<p><strong>AI MICROFONI DI RADIO PIU&#8217; IL CONSIGLIERE COMUNALE FRANCO ROCCON<\/strong><\/p>\n<audio class=\"wp-audio-shortcode\" id=\"audio-67445-5\" preload=\"none\" style=\"width: 100%;\" controls=\"controls\"><source type=\"audio\/ogg\" src=\"http:\/\/www.radiopiu.net\/wordpress\/wp-content\/uploads\/2018\/11\/FRANCO.ogg?_=5\" \/><a href=\"http:\/\/www.radiopiu.net\/wordpress\/wp-content\/uploads\/2018\/11\/FRANCO.ogg\">http:\/\/www.radiopiu.net\/wordpress\/wp-content\/uploads\/2018\/11\/FRANCO.ogg<\/a><\/audio>\n<p>&nbsp;<\/p>\n<p>&nbsp;<\/p>\n<p>&nbsp;<\/p>\n<p>&nbsp;<\/p>\n<h1>KARPOS E IL SOCCORSO ALPINO E SPELEOLOGICO VENETO<br \/>\nASSIEME PER ALTRI 3 ANNI PER CRESCERE ASSIEME LA SICUREZZA IN MONTAGNA<\/h1>\n<p><a class=\"dt-pswp-item\" href=\"http:\/\/www.radiopiu.net\/wordpress\/wp-content\/uploads\/2018\/11\/download-5.jpg\" data-dt-img-description=\"\" data-large_image_width=\"204\" data-large_image_height=\"244\"><img loading=\"lazy\" decoding=\"async\" class=\" wp-image-67214 alignleft\" src=\"http:\/\/www.radiopiu.net\/wordpress\/wp-content\/uploads\/2018\/11\/download-5.jpg\" alt=\"\" width=\"84\" height=\"100\" \/><\/a>La collaborazione con il Soccorso Alpino \u00e8 una delle massime espressioni di sinergia fra aziende e territorio. Manifattura Valcismon ha sempre avuto attenzione alle realt\u00e0 territoriali, sia che si tratti di eventi, associazioni o enti.\u00a0\u00a0Il marchio Karpos stava muovendo i primi passi, e fin da subito \u00e8 partita una collaborazione con il Soccorso Alpino e Speleologico Veneto con il quale \u00e8 stato creato il primo gilet ad alta visibilit\u00e0. La sinergia, proseguendo nel tempo, ha portato nel 2015 a stringere una collaborazione ancora pi\u00f9 ampia con la stipula di un primo accordo di sponsorizzazione con il Soccorso Alpino Dolomiti Bellunesi, con la fornitura di abbigliamento Karpos per tutti i Tecnici di Elisoccorso, le Unit\u00e0 cinofile e i Tecnici di centrale operativa impiegati nelle basi di elisoccorso di Pieve di Cadore e Treviso.\u00a0\u00a0Nel 2018 \u00e8 stato fatto un altro passo in avanti con la dotazione di giacche tecniche ad alta visibilit\u00e0, che erano state sviluppate dall\u2019ufficio R&amp;D di Karpos e dai Tecnici del Soccorso Alpino e da questi ultimi testate in attivit\u00e0 operativa nei 24 mesi precedenti.\u00a0 Oggi, dopo un decennio di fruttuosa collaborazione, viene rinnovato il sodalizio per i prossimi tre anni, (2019 \u2013 2020) con la fornitura gratuita di abbigliamento tecnico da montagna per tutto il personale del Soccorso Alpino e Speleologico Veneto operante nelle basi di Elisoccorso della Regione con progetti che saranno in linea con quanto creato e prodotto fino ad ora. Conferma Gioia Cremonese, Brand Manager di Karpos: \u201cLa continua attivit\u00e0 di ricerca di tessuti, soluzioni ergonomiche, \u00e8 la base di lavoro che il nostro Reparto di Ricerca e Sviluppo pu\u00f2 mettere in campo capitalizzando le conoscenze di tutto il Gruppo Manifattura Valcismon Spa e di tutti i suoi marchi: Castelli, Sportful e Karpos. Facendo tesoro anche delle conoscenze ed esperienze dei nostri migliori Atleti, Ambassador, Guide Alpine e del personale del Soccorso Alpino e Speleologico. Il tutto, combinato con il continuo lavoro di test sul campo di prototipi e nuovi prodotti con i Tecnici del Soccorso, non potr\u00e0 che far nascere nuove tipologie di prodotti che saranno un\u2019eccellenza nel mondo dell\u2019abbigliamento tecnico per montagna.\u201d \u201cNon posso che esprimere la nostra soddisfazione per la rinnovata collaborazione, allargata da questo triennio a tutto il servizio regionale \u2013 le fa eco il presidente del Soccorso alpino e speleologico del Veneto Rodolfo Selenati \u2013 Karpos \u00e8 un\u2019azienda del nostro territorio con cui da anni \u00e8 aperto un confronto basato sull\u2019operativit\u00e0 reale dei soccorritori in ambiente, da cui possono scaturire suggerimenti utili per ulteriori evoluzioni nell\u2019abbigliamento tecnico prodotto. Ringraziamo il Gruppo Manifattura Valcismon Spa per le dotazioni e per la riconferma di questa importante partnership\u201d.<\/p>\n<p>&nbsp;<\/p>\n<p>&nbsp;<\/p>\n<p>&nbsp;<\/p>\n<p>&nbsp;<\/p>\n<p>&nbsp;<\/p>\n<p><a class=\"dt-pswp-item\" href=\"http:\/\/www.radiopiu.net\/wordpress\/wp-content\/uploads\/2018\/09\/viabilita.jpeg\" data-dt-img-description=\"\" data-large_image_width=\"800\" data-large_image_height=\"100\"><img loading=\"lazy\" decoding=\"async\" class=\"alignnone wp-image-61954 size-full\" src=\"http:\/\/www.radiopiu.net\/wordpress\/wp-content\/uploads\/2018\/09\/viabilita.jpeg\" alt=\"\" width=\"800\" height=\"100\" srcset=\"https:\/\/www.radiopiu.net\/wordpress\/wp-content\/uploads\/2018\/09\/viabilita.jpeg 800w, https:\/\/www.radiopiu.net\/wordpress\/wp-content\/uploads\/2018\/09\/viabilita-300x38.jpeg 300w, https:\/\/www.radiopiu.net\/wordpress\/wp-content\/uploads\/2018\/09\/viabilita-768x96.jpeg 768w\" sizes=\"auto, (max-width: 800px) 100vw, 800px\" \/><\/a><\/p>\n<p>Si confermano le limitazioni di portata nei seguenti tratti stradali: &#8211; S.P. 8 \u201cdi San Tomaso\u201d dalla progressiva km 0+000 (innesto a Cencenighe) alla progressiva km 7+700 (Avoscan) \u00e8 consentito il transito a veicoli con limitazione di carico fino a 24 tonnellate privi di rimorchio; &#8211; S.P. 422 \u201cdel Cansiglio\u201d al km 10+100 limite di transito ai mezzi aventi massa complessiva oltre 24 tonnellate;<br \/>\n<strong>Permangono le chiusure delle seguenti tratte stradali:<\/strong><br \/>\n&#8211; S.P. 2 \u201cdella Val del Mis\u201d dalla progressiva km 15+000 (localit\u00e0 Gena Bassa) al km 20+500 (localit\u00e0 Titele); &#8211; S.P. 4 \u201cVal Cantuna\u201d alla progressiva km 5+000 (confine tra Ponte nelle Alpi e Alpago) per frana; &#8211; S.P. 20 \u201cVal Fiorentina\u201d dalla progressiva km 0+000 (innesto a Caprile) alla progressiva km 5+300 (Selva di Cadore) per frana; &#8211; S.P. 33 \u201cdi Sauris\u201d dalla progressiva km 0+000 (innesto S.P. 619) al km 6+800 (confine Provincia di Udine) per colate detritiche;\u00a0S.P. 49 \u201cdi Misurina\u201d dalla progressiva km 3+000 (Misurina) alla progressiva km 7+500 (Confine con provincia di Bolzano) per frana; &#8211; S.P. 641 \u201cdel Passo Fedaia\u201d dalla progressiva km 23+200 (localit\u00e0 Sottoguda) alla progressiva km 14+210 (confine con Provincia di Trento) per smottamenti;<\/p>\n<p>&nbsp;<\/p>\n<p>&nbsp;<\/p>\n<p>&nbsp;<\/p>\n<p>&nbsp;<\/p>\n<p>&nbsp;<\/p>\n<p><a class=\"dt-pswp-item\" href=\"http:\/\/www.radiopiu.net\/wordpress\/wp-content\/uploads\/2018\/09\/sport.jpg\" data-dt-img-description=\"\" data-large_image_width=\"800\" data-large_image_height=\"100\"><img loading=\"lazy\" decoding=\"async\" class=\"alignnone wp-image-60761 size-full\" src=\"http:\/\/www.radiopiu.net\/wordpress\/wp-content\/uploads\/2018\/09\/sport.jpg\" alt=\"\" width=\"800\" height=\"100\" srcset=\"https:\/\/www.radiopiu.net\/wordpress\/wp-content\/uploads\/2018\/09\/sport.jpg 800w, https:\/\/www.radiopiu.net\/wordpress\/wp-content\/uploads\/2018\/09\/sport-300x38.jpg 300w, https:\/\/www.radiopiu.net\/wordpress\/wp-content\/uploads\/2018\/09\/sport-768x96.jpg 768w\" sizes=\"auto, (max-width: 800px) 100vw, 800px\" \/><\/a><\/p>\n<p>&nbsp;<\/p>\n<p>&nbsp;<\/p>\n<h1>QUANDO I GIOCATORI SCENDONO IN CAMPO COL SEGNO ROSSO SUL VISO&#8230;. CONTRO LA VIOLENZA SULLE DONNE<\/h1>\n<p><strong><a class=\"dt-pswp-item\" href=\"http:\/\/www.radiopiu.net\/wordpress\/wp-content\/uploads\/2018\/11\/WhatsApp-Image-2018-11-24-at-15.56.05.jpeg\" data-dt-img-description=\"\" data-large_image_width=\"1600\" data-large_image_height=\"901\"><img loading=\"lazy\" decoding=\"async\" class=\"alignnone wp-image-67447 size-large\" src=\"http:\/\/www.radiopiu.net\/wordpress\/wp-content\/uploads\/2018\/11\/WhatsApp-Image-2018-11-24-at-15.56.05-1024x577.jpeg\" alt=\"\" width=\"1024\" height=\"577\" srcset=\"https:\/\/www.radiopiu.net\/wordpress\/wp-content\/uploads\/2018\/11\/WhatsApp-Image-2018-11-24-at-15.56.05-1024x577.jpeg 1024w, https:\/\/www.radiopiu.net\/wordpress\/wp-content\/uploads\/2018\/11\/WhatsApp-Image-2018-11-24-at-15.56.05-300x169.jpeg 300w, https:\/\/www.radiopiu.net\/wordpress\/wp-content\/uploads\/2018\/11\/WhatsApp-Image-2018-11-24-at-15.56.05-768x432.jpeg 768w, https:\/\/www.radiopiu.net\/wordpress\/wp-content\/uploads\/2018\/11\/WhatsApp-Image-2018-11-24-at-15.56.05.jpeg 1600w\" sizes=\"auto, (max-width: 1024px) 100vw, 1024px\" \/><\/a><\/strong><\/p>\n<p><strong>DI GIANNI SANTOMASO<\/strong><\/p>\n<p>Prima vittoria in trasferta per la Juniores di De Bastiani che espugna il campo di Lacuna in Comelico rifilando tre reti ai locali. Un successo che avrebbe potuto essere pi\u00f9 largo se i ragazzi avessero concretizzato, specie nel primo tempo, la notevole mole di gioco sviluppata. Il gol del vantaggio porta la firma di Luca &#8220;Bode&#8221; Crepaz, caparbio nell&#8217;insaccare di destro un pallone che stazionava in area da diversi secondi. Nella ripresa il raddoppio arriva per opera di Massimiliano Dalle Cort. Lanciato a rete, il giocatore di Vallada \u00e8 bravo nell&#8217;anticipare il portiere in uscita. La terza marcatura \u00e8 di Alex De Luca, subentrato da pochi minuti, che da fuori area batte il portiere trovando complicit\u00e0 nella deviazione di un paio di avversari. La Juniores dovr\u00e0 ora cercare di dare continuit\u00e0 ai propri risultati a partire da sabato prossimo quando alle 15 all&#8217;uva o Dorigo di Agordo arriver\u00e0 il Piave. Oltre all&#8217;aspetto sportivo, la partita ha avuto pure un risvolto sociale. I giocatori delle due squadre sono infatti scesi in campo con un segno rosso sul viso per sottolineare la Giornata internazionale contro la violenza sulle donne che viene celebrata il 25 novembre.<\/p>\n<p><a class=\"dt-pswp-item\" href=\"http:\/\/www.radiopiu.net\/wordpress\/wp-content\/uploads\/2018\/11\/WhatsApp-Image-2018-11-24-at-15.56.04.jpeg\" data-dt-img-description=\"\" data-large_image_width=\"1600\" data-large_image_height=\"901\"><img loading=\"lazy\" decoding=\"async\" class=\"alignnone wp-image-67448 size-large\" src=\"http:\/\/www.radiopiu.net\/wordpress\/wp-content\/uploads\/2018\/11\/WhatsApp-Image-2018-11-24-at-15.56.04-1024x577.jpeg\" alt=\"\" width=\"1024\" height=\"577\" srcset=\"https:\/\/www.radiopiu.net\/wordpress\/wp-content\/uploads\/2018\/11\/WhatsApp-Image-2018-11-24-at-15.56.04-1024x577.jpeg 1024w, https:\/\/www.radiopiu.net\/wordpress\/wp-content\/uploads\/2018\/11\/WhatsApp-Image-2018-11-24-at-15.56.04-300x169.jpeg 300w, https:\/\/www.radiopiu.net\/wordpress\/wp-content\/uploads\/2018\/11\/WhatsApp-Image-2018-11-24-at-15.56.04-768x432.jpeg 768w, https:\/\/www.radiopiu.net\/wordpress\/wp-content\/uploads\/2018\/11\/WhatsApp-Image-2018-11-24-at-15.56.04.jpeg 1600w\" sizes=\"auto, (max-width: 1024px) 100vw, 1024px\" \/><\/a><\/p>\n<h1><\/h1>\n<p>&nbsp;<\/p>\n<p>&nbsp;<\/p>\n<p>&nbsp;<\/p>\n<h1>CALCIO, TUTTI I RISULTATI DELLA PRIMA SQUADRA E GIOVANILI<\/h1>\n<p class=\"p1\"><span class=\"s1\"><b>SECONDA CATEGORIA GIR. R VENETO<\/b><\/span><\/p>\n<p class=\"p1\"><span class=\"s1\">FULGOR FARRA &#8211; AGORDINA 1-1<\/span><\/p>\n<p class=\"p1\"><span class=\"s1\">GOL: pt. 46\u2019 Dazzi. st. 8\u2019 Farenzena<\/span><\/p>\n<p class=\"p1\"><span class=\"s1\">Termina con un pareggio la gara di Farra D\u2019Alpago. Un punto a testa tra Agordina e Fulgor. E pensare che la formazione agordina ha giocato tre quarti di partita con l\u2019uomo in pi\u00f9. Padroni di casa che passano in vantaggio a fine primo tempo e risposta di Farenzena ad inizio ripresa. <\/span><\/p>\n<p class=\"p1\"><span class=\"s1\">La partita \u00e8 combattuta. Somma salva subito il risultato su un\u2019incursione dei padroni di casa. Favero risponde con un siluro dal limite ma la conclusione non centra i pali. Al 25\u2019 viene espulso il portiere della Fulgor per un intervento su De Lazzer. Punizione dal limite che per\u00f2 sorvola la traversa. Con l\u2019uomo in pi\u00f9 la squadra di Agordo le prova tutte per sbloccare il punteggio ma la difesa dei padroni di casa si difende bene. Il match \u00e8 cattivo e volano i cartellini. A fine primo tempo i padroni di casa vanno a segno con Dazzi con un tiro dal limite. Nella ripresa l\u2019Agordina spinge e pareggia i conti con Farenzena. Destro vincente dalla distanza per l\u2019attaccante di Agordo. Pochi minuti dopo De Lazzer si divora il vantaggio agordino davanti al portiere. Brividi nel finale per l\u2019Agordina con Somma che salva il risultato. Nel recupero ghiotta occasione per gli agordini. Punizione dal limite di Farenzena di poco alta. <\/span><\/p>\n<p class=\"p1\"><span class=\"s1\"><b>JUNIORES PROVINCIALI<\/b><\/span><\/p>\n<p class=\"p1\"><span class=\"s1\">COMELICO &#8211; AGORDINA 0-3<\/span><\/p>\n<p class=\"p1\"><span class=\"s1\">Bella vittoria della squadra allenata da De Bastiani che in trasferta incamera 3 punti importanti per la classifica. Sfida che parte bene per la formazione di Agordo che dopo appena 10\u2019 va in vantaggio con Luca Crepaz. Vantaggio che viene difeso fino a fine primo tempo. Nella ripresa l\u2019Agordina continua a spingere e chiude la partita con i gol di Dalle Cort e De Luca. Quarta posizione in classifica per la compagine di Agordo.<\/span><\/p>\n<p class=\"p1\"><span class=\"s1\"><b>La squadra juniores dell&#8217;Agordina<\/b><\/span><\/p>\n<p class=\"p1\"><span class=\"s1\"><b>ALLIEVI PROVINCIALI<\/b><\/span><\/p>\n<p class=\"p1\"><span class=\"s1\">GIOVANILE PIZZOCCO &#8211; AGORDINA 1-1<\/span><\/p>\n<p class=\"p1\"><span class=\"s1\">Termina con un pareggio la partita tra Pizzocco ed Agordina. Un match dalle due faccie con i padroni di casa che giocano bene il primo tempo e gli agordini padroni del campo nella seconda frazione. Bubalo sblocca il punteggio al 18\u2019 ma al 32\u2019 il Pizzocco pareggia. Nella ripresa l\u2019Agordina gioca meglio e sfiora pi\u00f9 volte il vantaggio. <\/span><\/p>\n<p class=\"p1\"><span class=\"s1\"><b>GIOVANISSIMI PROVINCIALI<\/b><\/span><\/p>\n<p class=\"p1\"><span class=\"s1\">AGORDINA \u2013 ZTLL 8-1<\/span><\/p>\n<p class=\"p1\"><span class=\"s1\">La squadra di De Lazzer sale sull\u2019ottovolante contro la ZTLL. 8 i gol rifilati alla squadra della sinistra Piave in un match a senso unico gestito al meglio dai giovani di Agordo. Marcon va a segno 4 volte, doppietta per De Toni e gli altri gol sono di Carlin e Soppelsa. Agordina che in questo momento si trova a ridosso della zona playoff. <\/span><\/p>\n<p class=\"p1\"><span class=\"s1\"><b>ESORDIENTI A 9<\/b><\/span><\/p>\n<p class=\"p1\"><span class=\"s1\">AGORDINA &#8211; CANALE D\u2019AGORDO<span class=\"Apple-converted-space\">\u00a0 <\/span>2-3 (0-1, 2-0, 1-2, 0-0)<\/span><\/p>\n<p class=\"p1\"><span class=\"s1\">Il Canale vince il derby contro l\u2019Agordina. Non una bella partita, sia in campo che fuori. Match condizionato dalle tente lamentele nei confronti dell\u2019arbitro con le panchine innervosite e tanti torpiloqui sia in campo che fuori. Il Canale vince gli shoutout ma l\u2019Agordina risponde nella prima frazione. La squadra della valle del Biois vince il secondo tempo mentre termina a reti inviolate l\u2019ultima frazione. <\/span><\/p>\n<p class=\"p1\"><span class=\"s1\"><b>PRIMA CATEGORIA GIR. G VENETO<\/b><\/span><\/p>\n<p class=\"p1\"><span class=\"s1\">FIORI BARP &#8211; GODEGA 0-1<\/span><\/p>\n<p class=\"p1\"><span class=\"s1\">Quinta sconfitta stagionale per il Fiori Barp. \u00c8 bastato un gol al Godega per mettere in saccoccia i 3 punti in palio. Partita combattuta con le squadre che lottano. Un episodio decide l\u2019incontro e i padroni di casa rimangono a ridosso della zona playoff.\u00a0<\/span>L\u2019imbattibilit\u00e0 del Fiori Barp dura 15\u2019. Al primo calcio piazzato il Godega passa in vantaggio con una palombella di Pianca. I padroni di casa provano subito la reazione con Da Silva Da Costa ma il suo tiro termina a lato di poco. Si lotta a centrocampo ma il primo tempo termina con il Godega avanti. Nel secondo tempo il gioco non \u00e8 dei migliori e le squadre rimangono stabili a centrocampo. Nella seconda parte della ripresa il Fiori Barp prova a colpire ma non riesce a pareggiare i conti. Nel finale il Godega va vicino al raddoppio.<\/p>\n<p>&nbsp;<\/p>\n<p>&nbsp;<\/p>\n<p>&nbsp;<\/p>\n<p>&nbsp;<\/p>\n<h1>HOCKEY TUTTI I RISULTATI, DALLA PRIMA SQUADRA ALLE GIOVANILI<\/h1>\n<h1 class=\"p1\"><span class=\"s1\"><b><a class=\"dt-pswp-item\" href=\"http:\/\/www.radiopiu.net\/wordpress\/wp-content\/uploads\/2018\/09\/ALLEGHE-FESTA.jpg\" data-dt-img-description=\"\" data-large_image_width=\"1815\" data-large_image_height=\"1210\"><img loading=\"lazy\" decoding=\"async\" class=\"size-medium wp-image-61483 alignleft\" src=\"http:\/\/www.radiopiu.net\/wordpress\/wp-content\/uploads\/2018\/09\/ALLEGHE-FESTA-300x200.jpg\" alt=\"\" width=\"300\" height=\"200\" srcset=\"https:\/\/www.radiopiu.net\/wordpress\/wp-content\/uploads\/2018\/09\/ALLEGHE-FESTA-300x200.jpg 300w, https:\/\/www.radiopiu.net\/wordpress\/wp-content\/uploads\/2018\/09\/ALLEGHE-FESTA-768x512.jpg 768w, https:\/\/www.radiopiu.net\/wordpress\/wp-content\/uploads\/2018\/09\/ALLEGHE-FESTA-1024x683.jpg 1024w, https:\/\/www.radiopiu.net\/wordpress\/wp-content\/uploads\/2018\/09\/ALLEGHE-FESTA.jpg 1815w\" sizes=\"auto, (max-width: 300px) 100vw, 300px\" \/><\/a>IHL<\/b><\/span><\/h1>\n<p class=\"p1\"><span class=\"s1\">CALDARO &#8211; ALLEGHE 8-1<\/span><\/p>\n<p class=\"p1\"><span class=\"s1\">PARZIALI: 2-0, 3-0, 3-1<\/span><\/p>\n<p class=\"p1\"><span class=\"s1\">GOL: pt. 0\u201909\u201d Daniel Ross Tedesco, 12\u201956\u201d Thomas Waldthaler. st. 3\u201926\u201d Daniel Ross Tedesco, 13\u201936\u2019 Martin Pircher, 19\u201922\u201d Bastian Andergassen. tt. 2\u201952\u201d Manuel Gamper, 6\u201902\u201d Erwin Martini, 12\u201914\u201d Patrick Gius, 19\u201917\u201d Martin Pircher<\/span><\/p>\n<p class=\"p1\"><span class=\"s1\">Quinta sconfitta consecutiva per l\u2019Alleghe Hockey. In terra altoatesina le civette non tengono il passo della capolista Caldaro. Gli agordini stentano a macinare gioco, anche a causa dei pochi allenamenti potuti fare nelle ultime settimane. Gli avversari gestiscono al meglio la partita e incamerano 3 punti che consolidano il primo posto in classifica per gli altoatesini.<\/span><\/p>\n<p class=\"p1\"><span class=\"s1\">Parte con il piede sbagliato la serata delle civette. Pronti, via e padroni di casa che passano subito in vantaggio. Al primo tiro in porta gli altoatesini sbloccano il punteggio con Tedesco. Subito dopo finisce in panca puniti Veggiato ma la difesa riesce a contenere gli attacchi del Caldaro. Gli agordini stentano a macinare gioco e gli avversari tengono in mano la partita. Il raddoppio arriva al 13\u2019 con Waldthaler. Nel finale di tempo l\u2019Alleghe reagisce e va vicino al gol con De Val. Padroni di casa che continuano a spingere anche nella seconda frazione e Tedesco sigla la doppietta personale. Altoatesini che gestiscono al meglio la sfida e che calano il poker con Pircher. A fine secondo drittel il quinto gol dei padroni di casa \u00e8 di Andergassen. Nel terzo tempo continua la supremazia del Caldaro che va a segno di nuovo, gol di Gamper. Le civette accorciano le distanze poco dopo. Gli agordini approfittano di una doppia superiorit\u00e0 per siglare il gol della bandiera con Martini. I padroni di casa non si fermano e trovano la settima marcatura con Gius. Nel finale l\u2019ottavo gol del Caldaro con Pircher.<\/span><\/p>\n<h1 class=\"p1\"><span class=\"s1\"><b>IHL FEMMINILE<\/b><\/span><\/h1>\n<p class=\"p1\"><span class=\"s1\">ALLEGHE GIRLS &#8211; EAGLES SUD TIROL 1-3<\/span><\/p>\n<p class=\"p1\"><span class=\"s1\">PARZIALI: 1-2, 0-0, 0-1<\/span><\/p>\n<p class=\"p1\"><span class=\"s1\">GOL ALLEGHE GIRLS: pt. 7\u201942\u201d Mara Da Rech<\/span><\/p>\n<p class=\"p1\"><span class=\"s1\">Il big match del campionato di hockey femminile va alle altoatesine. L\u2019Alleghe ci prova ma non riesce a tenere il passo delle avversarie. E pensare che le ragazze agordine erano passate in vantaggio nel primo drittel, quando Mara Da Rech ha trovato il gol in doppia superiorit\u00e0. Subito la risposte delle Eagles che pareggiano i conti e subito dopo passano in vantaggio. Nella seconda frazione le squadre lottano senza trovare il gol e nel terzo tempo le altoatesine chiudono definitivamente la partita. <\/span><\/p>\n<h1 class=\"p1\"><span class=\"s1\"><b>UNDER 19<\/b><\/span><\/h1>\n<p class=\"p1\"><span class=\"s1\">BOLZANO &#8211; ALLEGHE 7-4<\/span><\/p>\n<p class=\"p1\"><span class=\"s1\">PARZIALI: 2-1, 3-0, 2-3<\/span><\/p>\n<p class=\"p1\"><span class=\"s1\">GOL ALLEGHE: pt. 13\u201923\u201d Giolai. tt. 6\u201950\u201d Deluca, 7\u201952\u201d De Toni, 9\u201935\u201d De Silvestro<\/span><\/p>\n<p class=\"p1\"><span class=\"s1\">Ennesima sconfitta per la under 19 dell\u2019Alleghe che a Bolzano perde la testa nel secondo drittel e mette sul binario sbagliato la sfida. Giolai e Soppelsa racimolano una penalit\u00e0 partita in un match che non si \u00e8 dimostrato per niente calmo.<\/span><\/p>\n<p class=\"p1\"><span class=\"s1\">Primo tempo combattuto con le formazioni che giocano alla pari. I bolzanini passano in vantaggio e subito raddoppiano. Civette che accorciano con Giolai subito dopo. Nella seconda frazione di gioco i padroni di casa dominano in lungo e in largo tanto da chiudere la partita dopo 7\u2019. Nel frattempo sia Giolai che Soppelsa vengono puniti con 20\u2019 di penalit\u00e0. Il primo per aver abbandonato la panca puniti dopo pochi secondi, il secondo per rissa. Terzo tempo ancora di stampo altoatesino con i bolzanini che incrementano il vantaggio. Deluca, De Toni e De Silvestro intanto accorciano per l\u2019Alleghe. Nel finale di gara la settima marcatura del Bolzano.<\/span><\/p>\n<h1 class=\"p1\"><span class=\"s1\"><b>UNDER 17<\/b><\/span><\/h1>\n<p class=\"p1\"><span class=\"s1\">FASSA\/ALLEGHE &#8211; VALPUSTERIA 2-5<\/span><\/p>\n<p class=\"p1\"><span class=\"s1\">PARZIALI: 0-2, 2-2, 0-1<\/span><\/p>\n<p class=\"p1\"><span class=\"s1\">GOL FASSA\/ALLEGHE: st. 5\u201937\u201d e 17\u201958\u201d Soppelsa<\/span><\/p>\n<p class=\"p1\"><span class=\"s1\">Il Fassa\/Alleghe crolla in casa contro il Valpusteria. Niente da fare per la under 17 che perde contro gli altoatesini un match che non era partito nel migliore dei modi. Subito in vantaggio per 2 a 0 i pusteresi, nel secondo tempo le squadre giocano alla pari e il Fassa\/Alleghe va a segno 2 volte con Sopplesa. Nella terza frazione il gol che chiude definitivamente il match in favore del Valpusteria.<\/span><\/p>\n<h1 class=\"p1\"><span class=\"s1\"><b>UNDER 15<\/b><\/span><\/h1>\n<p class=\"p1\"><span class=\"s1\">VALPUSTERIA &#8211; ALLEGHE 26-0<\/span><\/p>\n<p class=\"p1\"><span class=\"s1\">PARZIALI: 8-0, 4-0, 14-0<\/span><\/p>\n<p class=\"p1\"><span class=\"s1\">Sconfitta pesante per i ragazzi dell\u2019under 15 alleghese che in terra altoatesina subisce 26 gol senza farne uno. Poco da dire su una partita dominata dall\u2019inizio alla fine dal Valpusteria.<\/span><\/p>\n<h1 class=\"p1\"><span class=\"s1\"><b>UNDER 13<\/b><\/span><\/h1>\n<p class=\"p1\"><span class=\"s1\">ALEGHE\/ZOLDO GIORNATA DI RIPOSO<\/span><\/p>\n<h1><\/h1>\n<p>&nbsp;<\/p>\n<p>&nbsp;<\/p>\n<h1><span style=\"color: #1a1a1a;\"><span style=\"font-family: ArialMT, Arial, sans-serif;\"><span style=\"font-size: medium;\"><b><a class=\"dt-pswp-item\" href=\"http:\/\/www.radiopiu.net\/wordpress\/wp-content\/uploads\/2018\/11\/i-5-a-innsbruck.jpg\" data-dt-img-description=\"\" data-large_image_width=\"1549\" data-large_image_height=\"1162\"><img loading=\"lazy\" decoding=\"async\" class=\"size-medium wp-image-67470 alignleft\" src=\"http:\/\/www.radiopiu.net\/wordpress\/wp-content\/uploads\/2018\/11\/i-5-a-innsbruck-300x225.jpg\" alt=\"\" width=\"300\" height=\"225\" srcset=\"https:\/\/www.radiopiu.net\/wordpress\/wp-content\/uploads\/2018\/11\/i-5-a-innsbruck-300x225.jpg 300w, https:\/\/www.radiopiu.net\/wordpress\/wp-content\/uploads\/2018\/11\/i-5-a-innsbruck-768x576.jpg 768w, https:\/\/www.radiopiu.net\/wordpress\/wp-content\/uploads\/2018\/11\/i-5-a-innsbruck-1024x768.jpg 1024w, https:\/\/www.radiopiu.net\/wordpress\/wp-content\/uploads\/2018\/11\/i-5-a-innsbruck.jpg 1549w\" sizes=\"auto, (max-width: 300px) 100vw, 300px\" \/><\/a><\/b><\/span><\/span><\/span><\/h1>\n<h1>NUOTO, ONDABLU<\/h1>\n<h1><span style=\"color: #1a1a1a;\"><span style=\"font-family: ArialMT, Arial, sans-serif;\"><span style=\"font-size: medium;\"><b>I master Ondablu all\u201913 Meeting internazionale \u201cMastes Shark\u201d<\/b><\/span><\/span><\/span><\/h1>\n<p><span style=\"font-family: Arial, sans-serif;\"><span style=\"font-size: medium;\">Sono solo cinque gli atleti masters Ondablu, ma ben determinati, tanto \u00e8 vero che sabato 25 novembre nel nuovo impianto del Centro sportivo Universitario di Innsbruck, rientrano con ben sei medaglie, tre oro e tre bronzi. I primi ad entrare in acqua sono Andrea Bof e Federico Zampiero nei 100 stile libero, ma le medaglie arrivano subito dopo con il 50 rana di Emanuela Bittante che sale sul primo gradino nella categoria master 55, segue a ruota con un atrettanto primo posto l&#8217;atleta-presidente Angelo Paganin cat. m. 55. L&#8217;ultima gara della giornata, per i nostri atleti sono i 50 delfino, Emanuela Bittante riconquista il primo posto, Angelo Paganin un bel terzo posto, cos\u00ec come Federico Zampiero e Luca De Mori che per la prima volta esordisce in questa gara. Il weekend \u00e8 proseguito la domenica con un bel giro nel centro di Innsbruck, nella parte vecchia, con i tipici mercatini di natale.<\/span><\/span><\/p>\n<p>&nbsp;<\/p>\n<p>&nbsp;<\/p>\n<p>&nbsp;<\/p>\n<p>&nbsp;<\/p>\n<p>&nbsp;<\/p>\n<p>&nbsp;<\/p>\n<p>&nbsp;<\/p>\n<p>&nbsp;<\/p>\n<h1><a class=\"dt-pswp-item\" href=\"http:\/\/www.radiopiu.net\/wordpress\/wp-content\/uploads\/2018\/09\/WhatsApp-Image-2018-09-20-at-16.04.06.jpeg\" data-dt-img-description=\"\" data-large_image_width=\"800\" data-large_image_height=\"100\"><img loading=\"lazy\" decoding=\"async\" class=\"alignnone wp-image-61378 size-full\" src=\"http:\/\/www.radiopiu.net\/wordpress\/wp-content\/uploads\/2018\/09\/WhatsApp-Image-2018-09-20-at-16.04.06.jpeg\" alt=\"\" width=\"800\" height=\"100\" srcset=\"https:\/\/www.radiopiu.net\/wordpress\/wp-content\/uploads\/2018\/09\/WhatsApp-Image-2018-09-20-at-16.04.06.jpeg 800w, https:\/\/www.radiopiu.net\/wordpress\/wp-content\/uploads\/2018\/09\/WhatsApp-Image-2018-09-20-at-16.04.06-300x38.jpeg 300w, https:\/\/www.radiopiu.net\/wordpress\/wp-content\/uploads\/2018\/09\/WhatsApp-Image-2018-09-20-at-16.04.06-768x96.jpeg 768w\" sizes=\"auto, (max-width: 800px) 100vw, 800px\" \/><\/a><\/h1>\n<h1>DA OGGI A GIOVEDI<\/h1>\n<p><strong>Lunedi 26<\/strong><br \/>\nTempo atteso: Tempo parzialmente soleggiato su Prealpi centro occidentali, specie al mattino, pi\u00f9 nuvoloso al pomeriggio\/sera, mentre sulle provincia di Belluno il cielo sar\u00e0 maggiormente nuvoloso, anche per locali nubi basse nel catino bellunese, con aumento della nuvolosit\u00e0 specie sulle Dolomiti, dove sar\u00e0 possible qualche debole fenomeno. Clima fresco specie al mattino.<br \/>\nPrecipitazioni: Possibili deboli fenomeni intermittenti sulle Dolomiti e sulle Prealpi bellunesi a partire dalla mattina, specie sui settori pi\u00f9 orientali (30\/50%), con limite delle eventuali deboli o debolissime nevicate a 1400\/1700 m, in lieve calo alla sera in caso di persistenza dei fenomeni. Sulle Prealpi centro occidentali fenomeni meno probabili, eventualmente pi\u00f9 presenti in serata (10\/30%).<br \/>\nTemperature: Minime in calo, specie in caso di ampie schiarite notturne; massime senza notevoli variazioni. Su Prealpi a 1500 m min 1\u00b0C max 5\u00b0C, a 2000 m min -2\u00b0C max 1\u00b0C. Su Dolomiti a 2000 m min -4\u00b0C max 1\u00b0C, a 3000 m min -8\u00b0C max -5\u00b0C.<br \/>\nVenti: Nelle valli deboli di direzione variabile, con qualche locale rinforzo di Foehn al pomeriggio\/sera; in quota perlopi\u00f9 deboli, in rotazione da Est a Nord, a 5-10 km\/h a 2000 m, 5-20 km\/h a 3000 m.<\/p>\n<p><strong>Martedi 27<\/strong><br \/>\nTempo atteso: Dopo l&#8217;allontanamento della nuvolosit\u00e0 medio-alta del mattino, pi\u00f9 estesa verso Est, il tempo risulter\u00e0 abbastanza soleggiato dopo mezzogiorno, specie sui settori occidentali. Clima pi\u00f9 fresco, soprattutto in quota, che diverr\u00e0 anche ventoso in quota e sulle dorsali prealpine.<br \/>\nPrecipitazioni: Eccetto per qualche possibile residua debolissima precipitazione notturna (10\/20%), in giornata assenti (0%).<br \/>\nTemperature: Minime in calo, registrate alla sera soprattutto in quota; massime stazionarie, o in lieve calo in quota. Su Prealpi a 1500 m min -2\u00b0C max 2\u00b0C, a 2000 m min -4\u00b0C max -1\u00b0C. Su Dolomiti a 2000 m min -6\u00b0C max -2\u00b0C, a 3000 m min -10\u00b0C max -8\u00b0C.<br \/>\nVenti: Nelle valli deboli di direzione variabile, con qualche rinforzo di Foehn; in quota in intensificazione fino a moderati\/tesi da Nord Nord-Est, a 5-30 km\/h a 2000 m, 10-50 km\/h a 3000 m.<\/p>\n<p><strong>Mercoledi 28<\/strong><br \/>\nTempo perlopi\u00f9 soleggiato, con parziale riduzione del soleggiamento per transito di nubi alte. Clima fresco, specie al mattino, con probabili gelate diffuse, e di giorno anche in quota. Venti settentrionali in sensibile attenuazione.<br \/>\n<strong>Giovedi 29<\/strong><br \/>\nTempo inizialmente abbastanza soleggiato, anche se torner\u00e0 l&#8217;insidia di qualche banco di nubi basse specie sulle Prealpi, con aumento della nuvolosit\u00e0 alta che limiter\u00e0 il soleggiamento in giornata. Clima pi\u00f9 mite in quota con inversione termica, anche diurna su molti settori. Previsore: G.M.<\/p>\n","protected":false},"excerpt":{"rendered":"<p>&nbsp; Sono i giorni della conta dei danni, le cifre sono spaventose dai 107 milioni di euro di Rocca Pietore ai 20 di Cencenighe, ma sono costi di difficile quantificazione e destinati ad aumentare con l&#8217;apertura dei cantieri. Sono anche i giorni delle motoseghe, per tutto il fine settimana sono decine le persone che hanno&hellip;<\/p>\n","protected":false},"author":1,"featured_media":67466,"comment_status":"closed","ping_status":"closed","sticky":false,"template":"","format":"standard","meta":{"_monsterinsights_skip_tracking":false,"_monsterinsights_sitenote_active":false,"_monsterinsights_sitenote_note":"","_monsterinsights_sitenote_category":0,"footnotes":""},"categories":[1,86],"tags":[],"class_list":["post-67445","post","type-post","status-publish","format-standard","has-post-thumbnail","hentry","category-senza-categoria","category-gr","category-1","category-86","description-off"],"img_url":"https:\/\/www.radiopiu.net\/wordpress\/wp-content\/uploads\/2018\/11\/86ab2c80-a928-4a2c-a619-796aa4b803e0.jpg","_links":{"self":[{"href":"https:\/\/www.radiopiu.net\/wordpress\/wp-json\/wp\/v2\/posts\/67445","targetHints":{"allow":["GET"]}}],"collection":[{"href":"https:\/\/www.radiopiu.net\/wordpress\/wp-json\/wp\/v2\/posts"}],"about":[{"href":"https:\/\/www.radiopiu.net\/wordpress\/wp-json\/wp\/v2\/types\/post"}],"author":[{"embeddable":true,"href":"https:\/\/www.radiopiu.net\/wordpress\/wp-json\/wp\/v2\/users\/1"}],"replies":[{"embeddable":true,"href":"https:\/\/www.radiopiu.net\/wordpress\/wp-json\/wp\/v2\/comments?post=67445"}],"version-history":[{"count":0,"href":"https:\/\/www.radiopiu.net\/wordpress\/wp-json\/wp\/v2\/posts\/67445\/revisions"}],"wp:featuredmedia":[{"embeddable":true,"href":"https:\/\/www.radiopiu.net\/wordpress\/wp-json\/wp\/v2\/media\/67466"}],"wp:attachment":[{"href":"https:\/\/www.radiopiu.net\/wordpress\/wp-json\/wp\/v2\/media?parent=67445"}],"wp:term":[{"taxonomy":"category","embeddable":true,"href":"https:\/\/www.radiopiu.net\/wordpress\/wp-json\/wp\/v2\/categories?post=67445"},{"taxonomy":"post_tag","embeddable":true,"href":"https:\/\/www.radiopiu.net\/wordpress\/wp-json\/wp\/v2\/tags?post=67445"}],"curies":[{"name":"wp","href":"https:\/\/api.w.org\/{rel}","templated":true}]}}