{"id":67605,"date":"2018-11-28T05:47:38","date_gmt":"2018-11-28T04:47:38","guid":{"rendered":"http:\/\/www.radiopiu.net\/wordpress\/?p=67605"},"modified":"2018-11-28T11:20:59","modified_gmt":"2018-11-28T10:20:59","slug":"giornale-radiopiu-del-28-novembre-2018-direttore-mirko-mezzacasa","status":"publish","type":"post","link":"https:\/\/www.radiopiu.net\/wordpress\/giornale-radiopiu-del-28-novembre-2018-direttore-mirko-mezzacasa\/","title":{"rendered":"GIORNALE RADIOPIU DEL 28 NOVEMBRE 2018 DIRETTORE MIRKO MEZZACASA"},"content":{"rendered":"<blockquote><p>Presentata ieri a Venezia la nuova stagione di Dolomitistars, conferenza stampa a Palazzo Balbi. L&#8217;Agordino si rimette in moto, guarda alla stagione invernale e idealizza progetti importanti, lo fa grazie al progettone con Comune capofila Rocca Pietore, tante le novit\u00e0 e opportunit\u00e0 per gli operatori turistici come spiegato ieri pomeriggio ad Alleghe nel corso della conferenza organizzata in sala convegni e che si puo&#8217; riascoltare in podcast su questo sito internet. Si moltiplicano le iniziative di solidariet\u00e0, dal ballo a Sedico alla consegna del fieno della pianura agli allevatori bellunesi danneggiati dal maltempo. Dall&#8217;Abvs 40 mila euro al fondo welfare provinciale.\u00a0 Ieri a Belluno conferenza stampa congiunta Polizia_Carabinieri, i particolari nella rassegna stampa della 8.05. In Asca si guarda al futuro con ottimismo, sindacalisti soddisfatti della contrattazione aziendale. Da Roma Federico D&#8217;Inc\u00e0 il Questore anziano plaude all&#8217;iniziativa di Poste Italiane che &#8220;promette&#8221; di non chiudere i piccoli uffici di paese. Da Belluno la notizia del giorno in tema ambientale ma anche a favore della tasche dei cittadini, nel capoluogo la spesa famigliare per lo smaltimento rifiuti \u00e8 ben al di sotto della media nazionale e regionale (mm)<\/p><\/blockquote>\n<p>&nbsp;<\/p>\n<p>&nbsp;<\/p>\n<p>&nbsp;<\/p>\n<blockquote><p>&nbsp;<\/p>\n<p><strong><em>Gestione Servizi Pubblici informa che in TUTTO IL COMUNE DI VALLADA TRANNE ANDRICH,COGUL,PIAZ, l&#8217;acqua erogata dall&#8217;acquedotto \u00e8 di nuovo potabile e pu\u00f2 essere usata, quindi, per scopi alimentari.\u00a0SACHET:\u00a0 ACQUA POTABILE\u00a0<\/em><\/strong><\/p><\/blockquote>\n<p><strong>Agordo:<\/strong> acqua potabile in tutto il comune, compresi ospedale, Luxottica e Farenzena. Ma sono escluse le frazioni di Bries sopra strada, Prompicai, Parech, Piasent, Colvignas e Toccol: in queste localit\u00e0 l\u2019acqua non \u00e8 potabile.\u00a0<strong> Alleghe<\/strong>: potabile in tutto il comune, escluse Pini\u00e8 e Coi\u00a0<strong>Canale d\u2019Agordo<\/strong>, tutto il comune tranne Gares, Fregona, Carfon, Gaer, Feder, Pisoliva, Colmean, La Mora\u00a0<strong> Cencenighe,<\/strong> potabile in tutto il comune ad esclusione di Bastiani, Chenet, Lorenzon, Collaz, Foch, Pra\u2019di Mezzo, Fae\u2019 e Ghirlo;\u00a0<strong>Falcade,<\/strong> in tutto il comune escluso Falcade Alto;\u00a0<strong> Livinallongo,<\/strong> Arabba, Pallua e Andraz acqua potabile\u00a0<strong>San Tomaso<\/strong> acqua potabile in tutto il Comune\u00a0<strong>Taibon<\/strong> acqua potabile anche a\u00a0T Listolade, San Cipriano, Campedel e Coste<\/p>\n<p>&nbsp;<\/p>\n<p>&nbsp;<\/p>\n<p>&nbsp;<\/p>\n<h1>METEO: NON PIOVE PI\u00d9 IN VENETO MA PERMANE IL PERICOLO DI SMOTTAMENTI<\/h1>\n<p><strong><a class=\"dt-pswp-item\" href=\"http:\/\/www.radiopiu.net\/wordpress\/wp-content\/uploads\/2018\/08\/instabilita.jpg\" data-dt-img-description=\"\" data-large_image_width=\"1280\" data-large_image_height=\"768\"><img loading=\"lazy\" decoding=\"async\" class=\"size-medium wp-image-57488 alignleft\" src=\"http:\/\/www.radiopiu.net\/wordpress\/wp-content\/uploads\/2018\/08\/instabilita-300x180.jpg\" alt=\"\" width=\"300\" height=\"180\" srcset=\"https:\/\/www.radiopiu.net\/wordpress\/wp-content\/uploads\/2018\/08\/instabilita-300x180.jpg 300w, https:\/\/www.radiopiu.net\/wordpress\/wp-content\/uploads\/2018\/08\/instabilita-768x461.jpg 768w, https:\/\/www.radiopiu.net\/wordpress\/wp-content\/uploads\/2018\/08\/instabilita-1024x614.jpg 1024w, https:\/\/www.radiopiu.net\/wordpress\/wp-content\/uploads\/2018\/08\/instabilita.jpg 1280w\" sizes=\"auto, (max-width: 300px) 100vw, 300px\" \/><\/a>VENEZIA\u00a0<\/strong> Stop alle precipitazioni in Veneto:\u00a0 le previsioni meteorologiche del centro Arpav escludono precipitazioni in tutto il territorio della regione. Ma prosegue lo stato di attenzione nel bacino dell\u2019Alto Piave e del Piave Pedemontano per la sicurezza geologica del territorio. Considerate le precipitazioni delle ultime 24 ore e le condizioni di fragilit\u00e0 del bacino montano del Piave, il Centro funzionale decentrato della Protezione civile del Veneto ha prolungato anche per domani l\u2019 \u201callerta gialla\u201d, cio\u00e8 l\u2019avviso di criticit\u00e0 geologica per il Bellunese e il bacino pedemontano del Piave. Nel bellunese, le frane del Tessina in comune di Chies d&#8217;Alpago e della Busa del Cristo a Perarolo di Cadore, riattivatesi dopo le abbondanti precipitazioni dei giorni scorsi, sono soggette a specifico monitoraggio. Permane l\u2019allerta rossa nel comune di Perarolo di Cadore.<\/p>\n<p>&nbsp;<\/p>\n<p>&nbsp;<\/p>\n<p>&nbsp;<\/p>\n<h1 style=\"text-align: center;\">L&#8217;ABVS PER LE GENTI ALLUVIONATE<\/h1>\n<blockquote><p><em>Domenica\u00a0 si \u00e8 svolta, presso la sede di viale Europa, la classica assemblea autunnale dell&#8217;Associazione Bellunese Volontari del Sangue. L&#8217;incontro ha avuto l&#8217;obiettivo di aggiornare i rappresentanti delle 50 sezioni territoriali sull&#8217;andamento donazionale e sulle iniziative dell&#8217;organo associativo provinciale. <strong>Tra le decisioni assembleari spicca la mozione, approvata all&#8217;unanimit\u00e0, di devolvere al Fondo Welfare e Identit\u00e0 Territoriale della Provincia di Belluno un contributo di \u20ac 40.000.<\/strong> La somma proviene da un fondo costituito in occasione del lascito testamentario, a favore dell&#8217;Associazione, da parte del dott. Valentino Del Fabbro, gi\u00e0 Presidente Abvs<\/em><\/p><\/blockquote>\n<p><span style=\"color: #000000;\"><span style=\"font-family: Verdana, sans-serif;\"><span style=\"font-size: small;\"><a class=\"dt-pswp-item\" href=\"http:\/\/www.radiopiu.net\/wordpress\/wp-content\/uploads\/2018\/11\/DSC_0005-1.jpg\" data-dt-img-description=\"\" data-large_image_width=\"4928\" data-large_image_height=\"3264\"><img loading=\"lazy\" decoding=\"async\" class=\" wp-image-67627 alignleft\" src=\"http:\/\/www.radiopiu.net\/wordpress\/wp-content\/uploads\/2018\/11\/DSC_0005-1-300x199.jpg\" alt=\"\" width=\"338\" height=\"224\" srcset=\"https:\/\/www.radiopiu.net\/wordpress\/wp-content\/uploads\/2018\/11\/DSC_0005-1-300x199.jpg 300w, https:\/\/www.radiopiu.net\/wordpress\/wp-content\/uploads\/2018\/11\/DSC_0005-1-768x509.jpg 768w, https:\/\/www.radiopiu.net\/wordpress\/wp-content\/uploads\/2018\/11\/DSC_0005-1-1024x678.jpg 1024w\" sizes=\"auto, (max-width: 338px) 100vw, 338px\" \/><\/a>Da qualche tempo L&#8217;Abvs ha associato allo storico marchio un fiore endemico delle\u00a0 vallate: il raponzolo di roccia quale simbolo dello strenuo attaccamento alle montagne, al territorio.\u00a0<\/span><\/span><\/span><span style=\"color: #000000;\"><span style=\"font-family: Verdana, sans-serif;\"><span style=\"font-size: small;\">E\u2019 con questo spirito di attaccamento che Abvs voleva organizzare uno spettacolo, in collaborazione con Avis regionale Veneto e il cast degli artisti de \u201c Il Riso fa buon Sangue \u201c, per raccogliere fondi per l\u2019emergenza ,\u00a0<\/span><\/span><\/span><span style=\"color: #000000;\"><span style=\"font-family: Verdana, sans-serif;\"><span style=\"font-size: small;\">purtroppo una serie di inconvenienti logistici\u00a0 ha impedito di accettare la collaborazione di oltre 20 artisti che gratuitamente avrebbero prestato la loro arte per aiutare in qualche modo la popolazione bellunese. <em>&#8220;<\/em><\/span><\/span><\/span><em><span style=\"color: #000000;\"><span style=\"font-family: Verdana, sans-serif;\"><span style=\"font-size: small;\">Per\u00f2 non ci arrendiamo &#8211; scrive al presidente della Provincia, Gina Bortot presidente\u00a0 Abvs &#8211; l&#8217;associazione che presiedo\u00a0<\/span><\/span><\/span><span style=\"color: #000000;\"><span style=\"font-family: Verdana, sans-serif;\"><span style=\"font-size: small;\">\u00a0\u00e8 presente in quasi tutti i Comuni colpiti da questa enorme emergenza nella quale si \u00e8 ancora una volta vista la forza d\u2019animo e l\u2019operosit\u00e0 delle Genti Bellunesi\u00a0 (noi non avevamo dubbi)\u00a0<\/span><\/span><\/span><span style=\"color: #000000;\"><span style=\"font-family: Verdana, sans-serif;\"><span style=\"font-size: small;\">Perci\u00f2 il Consiglio Provinciale ABVS ha unanimemente votato a favore di una proposta di aiuto.\u00a0<\/span><\/span><\/span><span style=\"color: #000000;\"><span style=\"font-family: Verdana, sans-serif;\"><span style=\"font-size: small;\">Ricordando sempre con grande stima e affetto il nostro ex presidente Abvs\u00a0 Valentino Dal Fabbro (gi\u00e0 premio S. Martino) che alla nostra Associazione dette grande prestigio e che ebbe la bont\u00e0 di ricordarci nel suo testamento .\u00a0<\/span><\/span><\/span><span style=\"font-size: small; font-family: Verdana, sans-serif; color: #000000;\">Da quella disposizione testamentaria, che abbiamo sempre tenuto da parte per possibili momenti di crisi, \u00e8 stato deciso prelevare la somma di \u20ac 40.000 da devolvere a sostegno delle spese per ripristinare i danni provocati dal ciclone Vaia.\u00a0<\/span><span style=\"color: #000000;\"><span style=\"font-family: Verdana, sans-serif;\"><span style=\"font-size: small;\">A tutti coloro che sono stati colpiti da questa durissima esperienza, a chiunque in ogni modo abbia fornito aiuto e supporto alle nostre Genti , va la stima e ringraziamento dell \u2019Associazione Bellunese Volontari del Sangue nella persona della sua Presidente e di tutta l\u2019 Assemblea Provinciale Abvs&#8221;.<\/span><\/span><\/span><\/em><\/p>\n<p><strong>IL PRESIDENTE DELLA PROVINCIA ROBERTO PADRIN<\/strong><\/p>\n<audio class=\"wp-audio-shortcode\" id=\"audio-67605-1\" preload=\"none\" style=\"width: 100%;\" controls=\"controls\"><source type=\"audio\/mpeg\" src=\"http:\/\/www.radiopiu.net\/wordpress\/wp-content\/uploads\/2018\/11\/PADRIN-ABVS.mp3?_=1\" \/><a href=\"http:\/\/www.radiopiu.net\/wordpress\/wp-content\/uploads\/2018\/11\/PADRIN-ABVS.mp3\">http:\/\/www.radiopiu.net\/wordpress\/wp-content\/uploads\/2018\/11\/PADRIN-ABVS.mp3<\/a><\/audio>\n<p>&nbsp;<\/p>\n<p>&nbsp;<\/p>\n<p>&nbsp;<\/p>\n<h3>MALTEMPO \u00abLA VERA SOLIDARIETA&#8217; DELLE GENTI VENETE. GRAZIE AGLI AGRICOLTORI DEL PADOVANO CHE HANNO AIUTATO LE AZIENDE BELLUNESI\u00bb<\/h3>\n\n\t\t\t<style type='text\/css'>\n\t\t\t\t#gallery-1 {\n\t\t\t\t\tmargin: auto;\n\t\t\t\t}\n\t\t\t\t#gallery-1 .gallery-item {\n\t\t\t\t\tfloat: left;\n\t\t\t\t\tmargin-top: 10px;\n\t\t\t\t\ttext-align: center;\n\t\t\t\t\twidth: 33%;\n\t\t\t\t}\n\t\t\t\t#gallery-1 img {\n\t\t\t\t\tborder: 2px solid #cfcfcf;\n\t\t\t\t}\n\t\t\t\t#gallery-1 .gallery-caption {\n\t\t\t\t\tmargin-left: 0;\n\t\t\t\t}\n\t\t\t\t\/* see gallery_shortcode() in wp-includes\/media.php *\/\n\t\t\t<\/style>\n\t\t<div id='gallery-1' class='dt-gallery-container gallery galleryid-67605 gallery-columns-3 gallery-size-thumbnail'><dl class='gallery-item'>\n\t\t\t\t<dt class='gallery-icon landscape'>\n\t\t\t\t\t<a class=\"rollover\" href='https:\/\/www.radiopiu.net\/wordpress\/giornale-radiopiu-del-28-novembre-2018-direttore-mirko-mezzacasa\/photo-2018-11-27-13-51-55_2\/'><img loading=\"lazy\" decoding=\"async\" width=\"150\" height=\"150\" src=\"https:\/\/www.radiopiu.net\/wordpress\/wp-content\/uploads\/2018\/11\/PHOTO-2018-11-27-13-51-55_2-150x150.jpg\" class=\"attachment-thumbnail size-thumbnail\" alt=\"\" \/><\/a>\n\t\t\t\t<\/dt><\/dl><dl class='gallery-item'>\n\t\t\t\t<dt class='gallery-icon landscape'>\n\t\t\t\t\t<a class=\"rollover\" href='https:\/\/www.radiopiu.net\/wordpress\/giornale-radiopiu-del-28-novembre-2018-direttore-mirko-mezzacasa\/photo-2018-11-27-13-51-55_1\/'><img loading=\"lazy\" decoding=\"async\" width=\"150\" height=\"150\" src=\"https:\/\/www.radiopiu.net\/wordpress\/wp-content\/uploads\/2018\/11\/PHOTO-2018-11-27-13-51-55_1-150x150.jpg\" class=\"attachment-thumbnail size-thumbnail\" alt=\"\" \/><\/a>\n\t\t\t\t<\/dt><\/dl><dl class='gallery-item'>\n\t\t\t\t<dt class='gallery-icon portrait'>\n\t\t\t\t\t<a class=\"rollover\" href='https:\/\/www.radiopiu.net\/wordpress\/giornale-radiopiu-del-28-novembre-2018-direttore-mirko-mezzacasa\/photo-2018-11-27-13-51-55\/'><img loading=\"lazy\" decoding=\"async\" width=\"150\" height=\"150\" src=\"https:\/\/www.radiopiu.net\/wordpress\/wp-content\/uploads\/2018\/11\/PHOTO-2018-11-27-13-51-55-150x150.jpg\" class=\"attachment-thumbnail size-thumbnail\" alt=\"\" \/><\/a>\n\t\t\t\t<\/dt><\/dl><br style=\"clear: both\" \/>\n\t\t\t<\/div>\n\n<p><strong>ROMA<\/strong> \u00abIl Bellunese ha ricevuto la solidariet\u00e0 del mondo agricolo della pianura. Un sentito ringraziamento anche da parte mia alle aziende che hanno dato una mano alle attivit\u00e0 agricole della montagna\u00bb. Lo afferma il deputato di Forza Italia, Dario Bond, dopo che alcune aziende agricole dell\u2019alto Bellunese hanno ricevuto fieno e paglia per far fronte ai disastri del maltempo.<\/p>\n<audio class=\"wp-audio-shortcode\" id=\"audio-67605-2\" preload=\"none\" style=\"width: 100%;\" controls=\"controls\"><source type=\"audio\/mpeg\" src=\"http:\/\/www.radiopiu.net\/wordpress\/wp-content\/uploads\/2018\/11\/BOND-4.mp3?_=2\" \/><a href=\"http:\/\/www.radiopiu.net\/wordpress\/wp-content\/uploads\/2018\/11\/BOND-4.mp3\">http:\/\/www.radiopiu.net\/wordpress\/wp-content\/uploads\/2018\/11\/BOND-4.mp3<\/a><\/audio>\n<p>&nbsp;<\/p>\n<p>&nbsp;<\/p>\n<p>&nbsp;<\/p>\n<p>&nbsp;<\/p>\n<h1>OLTRE 2000 EURO PER GLI ALLUVIONATI DALLA SERATA &#8220;BALLANDO PER L&#8217;AGORDINO&#8221;<\/h1>\n<p><strong>SEDICO.<\/strong> Domenica si \u00e8 svolto con 250 partecipanti il pomeriggio di ballo \u00abBallando per l\u2019Agordino\u00bb, un\u2019iniziativa di solidariet\u00e0 per aiutare i territori colpiti dall\u2019alluvione. L\u2019associazione Vita. Pensiero. Azione ha organizzato un pomeriggio di ballo, musica e svago nei locali della scuola Dolomiti Danze.\u00a0Il Comune scelto \u00e8 San Tomaso a cui andr\u00e0 la donazione raccolta di 2.135 euro, all&#8217;evento c&#8217;era anche il vice sindaco di San Tomaso Maria Jose&#8217; Gaiardo.<\/p>\n<p>&nbsp;<\/p>\n<p>&nbsp;<\/p>\n<p>&nbsp;<\/p>\n<h1>UN AIUTO AI COMUNI COLPITI DAL MALTEMPO<\/h1>\n<p><strong>CORVARA<\/strong> Il 29 ottobre sulle Dolomiti il maltempo ha creato danni ingenti distruggendo milioni di alberi, strade, sentieri e dann<span class=\"text_exposed_show\">eggiando interi paesi. Soprattutto la zona dell\u2019Agordino e del Fodom \u00e8 stata colpita con particolare violenza. Per questo il Comitato Maratona dles Dolomites-Enel ha deciso di organizzare una raccolta fondi da destinare ai comuni di Colle Santa Lucia e Livinallongo che da anni vedono transitare l\u2019immenso gruppo dei \u2018maratoneti\u2019.\u00a0<\/span>Leggi tutto:\u00a0<a href=\"https:\/\/www.maratona.it\/it\/iscrizioni-di-beneficenza-2019?fbclid=IwAR3wt3VUy7FboF-VwJw8tFYqHTgKojAWt2YR7dy3QM98fiMejdfQYdRW8q8\" target=\"_blank\" rel=\"noopener nofollow\" data-ft=\"{&quot;tn&quot;:&quot;-U&quot;}\" data-lynx-mode=\"async\" data-lynx-uri=\"https:\/\/l.facebook.com\/l.php?u=https%3A%2F%2Fwww.maratona.it%2Fit%2Fiscrizioni-di-beneficenza-2019%3Ffbclid%3DIwAR3wt3VUy7FboF-VwJw8tFYqHTgKojAWt2YR7dy3QM98fiMejdfQYdRW8q8&amp;h=AT3dTMPUYW-15Sp8_oPJbBUzrdLs7O571LkcnzVJTeG0Em3D682I97w9za-qOioEImS6GX2aJHXUI8yucOYf5aJBegL56Iu8qZ0EkRfdLBKk199Aaf5S_6gx-mVxVfKe2oO5g5YQ1JylIrB0BAly8vWYibVhh2MgrtDCWCC6PPQyFinJKpz8TUIBRh8AolXmJ2TNjykgQeH68bRBWeMayNVpno-E-T6LWhSAq7slOTaE-6_HsCic7Tu8AU90osNifdulG_rfxusDb6Iw5QqMC7KyH3iyXrnkc8n6Lwz8ZIPhCqYCQ1-qPJyLFwRnCYyAamqOfeMCvXA6E8cZeX-FMpwuwP9gsUWvmHSt7Rq8mx9v8surnB6NakHVk7pjfZVa7GnVKUYM2dcy3Fd94tZfGlIiOouJW43OX0pCY88ACNzjxBI997uHHDzCfDXHaw5m6bCTSc4F6c9qxOBrSYHzuX-JXKM--Orqho9KRydXGu-1CgDNKQ9sKIY8xL-EA7eH7N_sC6n8_78ZEHGEYmkwAjw7c8fBOPZyjnCqkmdiA-FLKG2rBGK5_yomfCg4kV7mG42tZHqGyW0YDfNDs2CO58C7ONbKLFUXEcwObhs9nZEGTpyG75TvXoDgl0tUTCAgH4w9TDkVDaMKZGYKxWQIMtSZ_lTV\">https:\/\/www.maratona.it\/it\/iscrizioni-di-beneficenza-2019<\/a><\/p>\n<p>&nbsp;<\/p>\n<p>&nbsp;<\/p>\n<p>&nbsp;<\/p>\n<h1>ASCA, CONTRATTAZIONE AZIENDALE, SIGLATO L&#8217;ACCORDO ECONOMICO DALLE QUATTRO SIGLE: CISL FP_CGIL FP_UIL FPL_CISL FISASCAT<\/h1>\n<p><strong><a class=\"dt-pswp-item\" href=\"http:\/\/www.radiopiu.net\/wordpress\/wp-content\/uploads\/2018\/09\/POLIFUNZIONALE.jpg\" data-dt-img-description=\"\" data-large_image_width=\"216\" data-large_image_height=\"234\"><img loading=\"lazy\" decoding=\"async\" class=\"size-full wp-image-61889 alignleft\" src=\"http:\/\/www.radiopiu.net\/wordpress\/wp-content\/uploads\/2018\/09\/POLIFUNZIONALE.jpg\" alt=\"\" width=\"216\" height=\"234\" \/><\/a>AGORDO<\/strong> Si \u00e8 chiusa la trattativa sull\u2019accordo economico per i lavoratori di ASCA, una trattativa durata 3 mesi, e che ha visto impegnati i sindacalisti in diverse sedute.Sul tavolo l\u2019Azienda ha portato un fondo di circa 200mila che in media significa pi\u00f9 di 2000 \u20ac per ogni lavoratore, da erogare nelle forme che andiamo a descrivere. Il sistema che \u00e8 stato elaborato, \u00e8 una sorta di sistema premiante, che dovrebbe valorizzare maggiormente chi si \u00e8 speso di pi\u00f9 per la qualit\u00e0 del servizio che la casa di riposo offre all\u2019utenza. Per quanto riguarda i lavoratori in servizio nel 2017, si vanno a erogare somme secondo l\u2019impianto di un accordo regionale che premia il cosiddetto Elemento Variabile Territoriale, un bonus che tiene conto di alcuni fattori su cui si evidenzia una certa disponibilit\u00e0 del lavoratore. Per il 2018, invece, \u00e8 stato articolato un sistema che pesa, con diverse percentuali, 3 fattori: la valutazione del lavoratore (sui rapporti con l\u2019utenza, con i colleghi e con la direzione), la presenza in servizio, su cui pesano maggiormente le malattie brevi e frequenti, e lo straordinario effettivo, utilizzato come parametro che valorizza la disponibilit\u00e0 a sostituire le assenze dei colleghi. Il premio potr\u00e0 essere erogato, a scelta del lavoratore, come produttivit\u00e0 (quindi in denaro), welfare, quindi beni e servizi che l\u2019Azienda render\u00e0 disponibili sfruttando le competenze di un\u2019azienda esperta nel settore, oppure scegliendo un misto tra denaro e servizi. Per i lavoratori che ancora mantengono il contratto sanit\u00e0, si \u00e8 adattato il premio agli istituti peculiari del contratto, cercando per\u00f2 di non creare differenze fra i lavoratori. La trattativa, nata con toni piuttosto accesi, si \u00e8 via via appianata, in un clima di collaborazione che ha permesso di condividere le scelte. Si sono evidenziati i problemi emersi nelle assemblee sindacali, a luglio e a ottobre, ma si \u00e8 anche analizzata la difficolt\u00e0 oggettiva di creare un gruppo coeso di lavoratori, vista la genesi molto particolare di Asca: un\u2019azienda nuova, dove il gruppo storico \u00e8 stato quasi completamente riassorbito in Ulss, e quindi i circa 90 lavoratori sono quasi tutti di nuova assunzione, e spesso alle prime esperienze nel settore. Nelle assemblee coi lavoratori, nei prossimi giorni, si andr\u00e0 a spiegare il dettaglio di un accordo, che comunque era gi\u00e0 stato presentato, nel mese di ottobre, nelle sue linee principali.<\/p>\n<p><strong>GINO COMACCHIO CISL FP<\/strong><\/p>\n<audio class=\"wp-audio-shortcode\" id=\"audio-67605-3\" preload=\"none\" style=\"width: 100%;\" controls=\"controls\"><source type=\"audio\/ogg\" src=\"http:\/\/www.radiopiu.net\/wordpress\/wp-content\/uploads\/2018\/11\/GINO.ogg?_=3\" \/><a href=\"http:\/\/www.radiopiu.net\/wordpress\/wp-content\/uploads\/2018\/11\/GINO.ogg\">http:\/\/www.radiopiu.net\/wordpress\/wp-content\/uploads\/2018\/11\/GINO.ogg<\/a><\/audio>\n<p><strong>ANDREA FIOCCO FP CGIL<\/strong><\/p>\n<audio class=\"wp-audio-shortcode\" id=\"audio-67605-4\" preload=\"none\" style=\"width: 100%;\" controls=\"controls\"><source type=\"audio\/ogg\" src=\"http:\/\/www.radiopiu.net\/wordpress\/wp-content\/uploads\/2018\/11\/FIOCCO.ogg?_=4\" \/><a href=\"http:\/\/www.radiopiu.net\/wordpress\/wp-content\/uploads\/2018\/11\/FIOCCO.ogg\">http:\/\/www.radiopiu.net\/wordpress\/wp-content\/uploads\/2018\/11\/FIOCCO.ogg<\/a><\/audio>\n<p>&nbsp;<\/p>\n<p>&nbsp;<\/p>\n<p>&nbsp;<\/p>\n<h1>RIFIUTI, LA TARIFFA PIU&#8217; BASSA D&#8217;ITALIA A BELLUNO CON 153 EURO CONTRO GLI OLTRE 300 DELLA MEDIA NAZIONALE E I 200 DELLA MEDIA REGIONALE.<\/h1>\n<p><strong>DI DAMIANO TORMEN<\/strong><\/p>\n<audio class=\"wp-audio-shortcode\" id=\"audio-67605-5\" preload=\"none\" style=\"width: 100%;\" controls=\"controls\"><source type=\"audio\/ogg\" src=\"http:\/\/www.radiopiu.net\/wordpress\/wp-content\/uploads\/2018\/11\/TORMEN.ogg?_=5\" \/><a href=\"http:\/\/www.radiopiu.net\/wordpress\/wp-content\/uploads\/2018\/11\/TORMEN.ogg\">http:\/\/www.radiopiu.net\/wordpress\/wp-content\/uploads\/2018\/11\/TORMEN.ogg<\/a><\/audio>\n<p><strong>IL SINDACO DI BELLUNO JACOPO MASSARO<\/strong><\/p>\n<audio class=\"wp-audio-shortcode\" id=\"audio-67605-6\" preload=\"none\" style=\"width: 100%;\" controls=\"controls\"><source type=\"audio\/ogg\" src=\"http:\/\/www.radiopiu.net\/wordpress\/wp-content\/uploads\/2018\/11\/MASSARO.ogg?_=6\" \/><a href=\"http:\/\/www.radiopiu.net\/wordpress\/wp-content\/uploads\/2018\/11\/MASSARO.ogg\">http:\/\/www.radiopiu.net\/wordpress\/wp-content\/uploads\/2018\/11\/MASSARO.ogg<\/a><\/audio>\n<p>&nbsp;<\/p>\n<p>&nbsp;<\/p>\n<p>&nbsp;<\/p>\n<h1>TUTTO PRONTO PER LA STAGIONE INVERNALE DOLOMITI STARS 2018\/2019<\/h1>\n<p><strong>RENZO MINELLA, PRESIDENTE ANEF<\/strong><\/p>\n<audio class=\"wp-audio-shortcode\" id=\"audio-67605-7\" preload=\"none\" style=\"width: 100%;\" controls=\"controls\"><source type=\"audio\/ogg\" src=\"http:\/\/www.radiopiu.net\/wordpress\/wp-content\/uploads\/2018\/11\/renzo.ogg?_=7\" \/><a href=\"http:\/\/www.radiopiu.net\/wordpress\/wp-content\/uploads\/2018\/11\/renzo.ogg\">http:\/\/www.radiopiu.net\/wordpress\/wp-content\/uploads\/2018\/11\/renzo.ogg<\/a><\/audio>\n<p><strong><a class=\"dt-pswp-item\" href=\"http:\/\/www.radiopiu.net\/wordpress\/wp-content\/uploads\/2018\/11\/CONF.-STAMPA-FOTO1.jpg\" data-dt-img-description=\"\" data-large_image_width=\"5184\" data-large_image_height=\"3456\"><img loading=\"lazy\" decoding=\"async\" class=\"size-medium wp-image-67618 alignleft\" src=\"http:\/\/www.radiopiu.net\/wordpress\/wp-content\/uploads\/2018\/11\/CONF.-STAMPA-FOTO1-300x200.jpg\" alt=\"\" width=\"300\" height=\"200\" srcset=\"https:\/\/www.radiopiu.net\/wordpress\/wp-content\/uploads\/2018\/11\/CONF.-STAMPA-FOTO1-300x200.jpg 300w, https:\/\/www.radiopiu.net\/wordpress\/wp-content\/uploads\/2018\/11\/CONF.-STAMPA-FOTO1-768x512.jpg 768w, https:\/\/www.radiopiu.net\/wordpress\/wp-content\/uploads\/2018\/11\/CONF.-STAMPA-FOTO1-1024x683.jpg 1024w\" sizes=\"auto, (max-width: 300px) 100vw, 300px\" \/><\/a>VENEZIA\u00a0\u00a0<\/strong>\u00a0Si \u00e8 svolta oggi, marted\u00ec 27 novembre, alle ore 11:30, nella splendida cornice di Palazzo Balbi (sede della Giunta regionale) a Venezia, la conferenza stampa di presentazione della stagione invernale Dolomiti Stars 2018\/2019 e del progetto VeneziaDolomiti. Numerosi i giornalisti presenti in sala, particolarmente interessati a capire la situazione delle montagne bellunesi, in seguito alle sciagure del maltempo dell&#8217;ultimo periodo. Le rassicurazioni sono prontamente arrivate\u00a0dal Presidente di Dolomiti Stars Sergio Pra, il quale \u00e8 intervenuto subito dopo gli onori di casa dell&#8217;Assessore al Turismo della Regione del Veneto Federico Caner. &#8220;In questa sede sono qui a rappresentare le strutture turistiche e gli impianti del comprensorio turistico di Dolomiti Stars&#8221;\u00a0ha detto Pra. &#8220;Posso confermare tranquillamente che la stagione invernale inizier\u00e0 senza alcun intoppo, come da programma. Ringrazio la Regione Veneto, la Provincia di Belluno e la Camera di Commercio per il valido sostegno a seguito dei danni provocati dall&#8217;alluvione.&#8221; Successivamente a prendere la parola \u00e8 stato Renzo Minella, Presidente\u00a0di ANEF Veneto: &#8220;Siamo reduci da un mese che ci ha visti tutti sotto pressione. Ad oggi si contano due milioni di euro di danni&#8221;\u00a0ha spiegato il Presidente\u00a0dell&#8217;Associazione degli esercenti funiviari. &#8220;Ma questo non ci condizioner\u00e0, abbiamo avuto il sostegno da parte degli enti pubblici e di molti privati cittadini che si sono dati da fare. Ora possiamo dire che l&#8217;emergenza \u00e8 passata e tutti i comprensori sciistici apriranno come stabilito. Siamo pronti per la stagione invernale.&#8221; &#8220;Questo 2018 rappresenta per noi uno spartiacque&#8221; ha aggiunto\u00a0Roberto Padrin, Presidente della Provincia di Belluno.\u00a0&#8220;Si tratta di un&#8217;occasione importante per ripartire: \u00e8 arrivato il momento di fare una riprogrammazione seria e condivisa.&#8221; I relatori si sono poi focalizzati sulla presentazione del progetto VeneziaDolomiti, un progetto ambizioso oggi realt\u00e0, basato su un\u2019offerta turistica coordinata che prevede il collegamento tra Venezia e le cinque localit\u00e0 dolomitiche di Cortina d&#8217;Ampezzo, Val di Zoldo, Alleghe, Falcade e Marmolada\u00a0con escursioni giornaliere uniche e memorabili. VeneziaDolomiti ha quindi come obiettivo quello di avvicinare il fascino di Venezia e della sua laguna con quello delle sue montagne, le Dolomiti. Venezia e le Dolomiti, entrambe patrimonio dell\u2019Unesco. &#8220;Grazie all&#8217;impegno dei tecnici e al dialogo con la Regione del Veneto, il progetto VeneziaDolomiti \u00e8 partito&#8221; ha spiegato Giuliano Vantaggi,\u00a0Direttore della Destination Management Organization (DMO) della Provincia di Belluno. &#8220;Un progetto che abbiamo voluto segmentare e brandizzare alla luce delle specificit\u00e0 dei singoli territori per offrire agli utenti la migliore esperienza possibile.&#8221; Le conclusioni sono state infine riservate all&#8217;Assessore Federico Caner, il quale ha voluto evidenziare l&#8217;unione e la sinergia dei territori della montagna bellunese. &#8220;Progetti come questi sono realizzabili solo grazie a scelte e decisioni condivise.&#8221; E guardando al futuro ha dichiarato:\u00a0&#8220;Dall&#8217;emergenza oggi ripartiamo, cercando di ripensare il turismo in un&#8217;ottica di sostenibilit\u00e0 e al contempo garantendo un servizio turistico di qualit\u00e0.&#8221;<\/p>\n<p>&nbsp;<\/p>\n<p>&nbsp;<\/p>\n<h1>PIANO MARKETING, SI RIPARTE<\/h1>\n<p><strong>ALLEGHE<\/strong>\u00a0Pi\u00f9 forti e determinati, ripartiamo tutti insieme, \u00e8 il motto di Dolomites Madness ribadito ieri nel partecipato incontro al centro congressi Antonio Franceschini. Sono intervenuti i Sindaci dei Comuni del\u00a0Medio Alto Agordino, il Project Manager Denis Dal\u00a0Soler e la Marketing Manager Emma Taveri.<\/p>\n<p><b>DIRETTA VIDEO\u00a0\u00a0<\/b><strong><span style=\"color: #0000ff;\"><a style=\"color: #0000ff;\" href=\"https:\/\/www.facebook.com\/mirko.mezzacasa\/videos\/10218370969812433\/\">CLICCA QUI<\/a><\/span><\/strong><\/p>\n<p><strong>RIASSUME ANDREA DE BERNARDIN SINDACO DI ROCCA PIETORE, COMUNE CAPOFILA<\/strong><\/p>\n<audio class=\"wp-audio-shortcode\" id=\"audio-67605-8\" preload=\"none\" style=\"width: 100%;\" controls=\"controls\"><source type=\"audio\/ogg\" src=\"http:\/\/www.radiopiu.net\/wordpress\/wp-content\/uploads\/2018\/11\/ANDREA-4.ogg?_=8\" \/><a href=\"http:\/\/www.radiopiu.net\/wordpress\/wp-content\/uploads\/2018\/11\/ANDREA-4.ogg\">http:\/\/www.radiopiu.net\/wordpress\/wp-content\/uploads\/2018\/11\/ANDREA-4.ogg<\/a><\/audio>\n\n\t\t\t<style type='text\/css'>\n\t\t\t\t#gallery-2 {\n\t\t\t\t\tmargin: auto;\n\t\t\t\t}\n\t\t\t\t#gallery-2 .gallery-item {\n\t\t\t\t\tfloat: left;\n\t\t\t\t\tmargin-top: 10px;\n\t\t\t\t\ttext-align: center;\n\t\t\t\t\twidth: 33%;\n\t\t\t\t}\n\t\t\t\t#gallery-2 img {\n\t\t\t\t\tborder: 2px solid #cfcfcf;\n\t\t\t\t}\n\t\t\t\t#gallery-2 .gallery-caption {\n\t\t\t\t\tmargin-left: 0;\n\t\t\t\t}\n\t\t\t\t\/* see gallery_shortcode() in wp-includes\/media.php *\/\n\t\t\t<\/style>\n\t\t<div id='gallery-2' class='dt-gallery-container gallery galleryid-67605 gallery-columns-3 gallery-size-thumbnail'><dl class='gallery-item'>\n\t\t\t\t<dt class='gallery-icon landscape'>\n\t\t\t\t\t<a class=\"rollover\" href='https:\/\/www.radiopiu.net\/wordpress\/giornale-radiopiu-del-28-novembre-2018-direttore-mirko-mezzacasa\/f8d533ef-1f39-44c6-a245-70545544c410\/'><img loading=\"lazy\" decoding=\"async\" width=\"150\" height=\"150\" src=\"https:\/\/www.radiopiu.net\/wordpress\/wp-content\/uploads\/2018\/11\/f8d533ef-1f39-44c6-a245-70545544c410-150x150.jpg\" class=\"attachment-thumbnail size-thumbnail\" alt=\"\" \/><\/a>\n\t\t\t\t<\/dt><\/dl><dl class='gallery-item'>\n\t\t\t\t<dt class='gallery-icon landscape'>\n\t\t\t\t\t<a class=\"rollover\" href='https:\/\/www.radiopiu.net\/wordpress\/giornale-radiopiu-del-28-novembre-2018-direttore-mirko-mezzacasa\/42bed5fe-dd5d-4bac-9436-1d2b01132ce8\/'><img loading=\"lazy\" decoding=\"async\" width=\"150\" height=\"150\" src=\"https:\/\/www.radiopiu.net\/wordpress\/wp-content\/uploads\/2018\/11\/42bed5fe-dd5d-4bac-9436-1d2b01132ce8-150x150.jpg\" class=\"attachment-thumbnail size-thumbnail\" alt=\"\" \/><\/a>\n\t\t\t\t<\/dt><\/dl><dl class='gallery-item'>\n\t\t\t\t<dt class='gallery-icon landscape'>\n\t\t\t\t\t<a class=\"rollover\" href='https:\/\/www.radiopiu.net\/wordpress\/giornale-radiopiu-del-28-novembre-2018-direttore-mirko-mezzacasa\/82c9fbf4-021a-49d9-9472-7b020d273760\/'><img loading=\"lazy\" decoding=\"async\" width=\"150\" height=\"150\" src=\"https:\/\/www.radiopiu.net\/wordpress\/wp-content\/uploads\/2018\/11\/82c9fbf4-021a-49d9-9472-7b020d273760-150x150.jpg\" class=\"attachment-thumbnail size-thumbnail\" alt=\"\" \/><\/a>\n\t\t\t\t<\/dt><\/dl><br style=\"clear: both\" \/><dl class='gallery-item'>\n\t\t\t\t<dt class='gallery-icon landscape'>\n\t\t\t\t\t<a class=\"rollover\" href='https:\/\/www.radiopiu.net\/wordpress\/giornale-radiopiu-del-28-novembre-2018-direttore-mirko-mezzacasa\/fd010667-ce55-4bdd-9298-1df660e2e058\/'><img loading=\"lazy\" decoding=\"async\" width=\"150\" height=\"150\" src=\"https:\/\/www.radiopiu.net\/wordpress\/wp-content\/uploads\/2018\/11\/fd010667-ce55-4bdd-9298-1df660e2e058-150x150.jpg\" class=\"attachment-thumbnail size-thumbnail\" alt=\"\" \/><\/a>\n\t\t\t\t<\/dt><\/dl>\n\t\t\t\t<br style='clear: both' \/>\n\t\t\t<\/div>\n\n<h1>REGISTRAZIONE INTEGRALE<\/h1>\n<audio class=\"wp-audio-shortcode\" id=\"audio-67605-9\" preload=\"none\" style=\"width: 100%;\" controls=\"controls\"><source type=\"audio\/mpeg\" src=\"http:\/\/www.radiopiu.net\/wordpress\/wp-content\/uploads\/2018\/11\/DOLOMITES-MDNESS1-1.mp3?_=9\" \/><a href=\"http:\/\/www.radiopiu.net\/wordpress\/wp-content\/uploads\/2018\/11\/DOLOMITES-MDNESS1-1.mp3\">http:\/\/www.radiopiu.net\/wordpress\/wp-content\/uploads\/2018\/11\/DOLOMITES-MDNESS1-1.mp3<\/a><\/audio>\n<p>&nbsp;<\/p>\n<p>&nbsp;<\/p>\n<p>&nbsp;<\/p>\n<h1>TAGLIO DEL NASTRO ALL&#8217;OSPEDALE<\/h1>\n<p><strong>FELTRE<\/strong> Martedi alle 12 sar\u00e0 inaugurata la nuova sede dell&#8217;unit\u00e0 operativa complessa di radiologia dell&#8217;Ospedale di Feltre, sar\u00e0 presente il Governatore del Veneto Luca Zaia, in sala convegni dell&#8217;Ospedale Santa Maria del Prato.<\/p>\n<p>&nbsp;<\/p>\n<p>&nbsp;<\/p>\n<p>&nbsp;<\/p>\n<h1>LA GIORNATA DELLE FORZE ARMATE CON IL GRUPPO ALPINI DI AGORDO E LO SCOPRIMENTO DELLA NUOVA LAPIDE<\/h1>\n<p><strong>AGORDO\u00a0<\/strong>Domenica si ricorda l&#8217;anniversario della conclusione della Prima Guerr Mondiale con la celebrazione della Giornata delle Forze Armate e del Combattente. Programma: 9 15 alzabandiera in Viale Sommariva sede degli alpini, 9.40 Onore ai Caduti al Monumento, 10 messa, 11 Scoprimento e benedizione della lapide. Oggi alle 15.10:\u00a0 Giovanni Da Pra&#8217; del gruppo alpini Agordo\u00a0 presenta l&#8217;appuntamento<\/p>\n<p>&nbsp;<\/p>\n<p>&nbsp;<\/p>\n<p>&nbsp;<\/p>\n<p>&nbsp;<\/p>\n<h1>COME RICONOSCERE\u00a0 I SEGNI DI UN ICTUS<\/h1>\n<blockquote><p><em>Appuntamento\u00a0 alle 18.00\u00a0nella sala convegni dell\u2019Ospedale di Feltre<\/em><\/p><\/blockquote>\n<p><strong>FELTRE<\/strong>. Quali sono i segnali per riconoscere un ictus? Cosa fare in quei minuti preziosi? Cosa succede una volta che la persona arriva in ospedale? Se ne parler\u00e0\u00a0 oggi alle 18.00 nella sala convegni dell\u2019ospedale di Feltre con il direttore del Pronto Soccorso Edoardo Rossi e la neurologa Roberta Padoan. Da gennaio ad oggi all\u2019Ospedale di Feltre sono state eseguite 35 trombolisi sistemiche, ovvero 35 persone con ictus in fase acuta sono state curate con un farmaco che scioglie i trombi responsabili dell&#8217;ictus cerebrale ischemico. Nel 2017 ne erano state effettuate 31 nell\u2019intero anno. Le persone curate, e quindi con una notevole potenziale miglioramento di esito e possibilit\u00e0 di recupero, sono in aumento allo scorso anno<br \/>\nSe i pazienti arrivano entro le 4 ore e mezza dall&#8217;insorgenza dei sintomi , vengono valutati d&#8217;urgenza dal Neurologo e, in assenza di controindicazioni, vengono sottoposti al trattamento trombolitico. Il 20% circa degli ictus sono emorragici e quindi non trattabili. \u00abCi avviciniamo al 20% dei pazienti con ictus che vengono sottoposti a trombolisi, che \u00e8 la percentuale attesa nei centri d&#8217;avanguardia a dimostrazione sia dell&#8217;efficacia dei nostri progetti di educazione rivolti alla popolazione sia della validit\u00e0 delle procedure organizzative extra- ed intraospedaliere che permettono di giungere alla procedura nel minor tempo possibile\u00bb, spiega il direttore FF della neurologia di Feltre Piero Nicolao, \u00abNegli ultimi anni, l&#8217;aumento del numero di trombolisi \u00e8 dovuto sia alla dimostrazione dell&#8217;efficacia della procedura anche al di sopra degli 80 anni, sia all&#8217;aumento dell&#8217;intervallo utile da 3 a 4.5 ore dall&#8217;esordio, sia alla riduzione delle controindicazioni\u00bb. I pazienti che sottoposti al trattamento hanno degenze pi\u00f9 brevi e minor deficit alla dimissione. \u00abSe si avverte l&#8217;insorgenza di sintomi che possono far pensare ad un ictus \u00e8 fondamentale allertare il 118 per attivare subito la macchina ospedaliera che porti ad un trattamento specifico il pi\u00f9 precocemente possibile\u00bb conclude il direttore del Pronto Soccorso Edoardo Rossi.<\/p>\n<p>&nbsp;<\/p>\n<p>&nbsp;<\/p>\n<p>&nbsp;<\/p>\n<h1>D&#8217;INCA&#8217; PLAUDE A POSTE ITALIANE PER L&#8217;IMPEGNO VERSO I PICCOLI COMUNI<\/h1>\n<p><strong>AUDIO DAL GIORNALE RADIO PRINCIPALE<\/strong><\/p>\n<audio class=\"wp-audio-shortcode\" id=\"audio-67605-10\" preload=\"none\" style=\"width: 100%;\" controls=\"controls\"><source type=\"audio\/ogg\" src=\"http:\/\/www.radiopiu.net\/wordpress\/wp-content\/uploads\/2018\/11\/FEDERICO-DINCA.ogg?_=10\" \/><a href=\"http:\/\/www.radiopiu.net\/wordpress\/wp-content\/uploads\/2018\/11\/FEDERICO-DINCA.ogg\">http:\/\/www.radiopiu.net\/wordpress\/wp-content\/uploads\/2018\/11\/FEDERICO-DINCA.ogg<\/a><\/audio>\n<p><a class=\"dt-pswp-item\" href=\"http:\/\/www.radiopiu.net\/wordpress\/wp-content\/uploads\/2018\/06\/federico.jpg\" data-dt-img-description=\"\" data-large_image_width=\"1280\" data-large_image_height=\"804\"><img loading=\"lazy\" decoding=\"async\" class=\"size-medium wp-image-51747 alignleft\" src=\"http:\/\/www.radiopiu.net\/wordpress\/wp-content\/uploads\/2018\/06\/federico-300x188.jpg\" alt=\"\" width=\"300\" height=\"188\" srcset=\"https:\/\/www.radiopiu.net\/wordpress\/wp-content\/uploads\/2018\/06\/federico-300x188.jpg 300w, https:\/\/www.radiopiu.net\/wordpress\/wp-content\/uploads\/2018\/06\/federico-768x482.jpg 768w, https:\/\/www.radiopiu.net\/wordpress\/wp-content\/uploads\/2018\/06\/federico-1024x643.jpg 1024w, https:\/\/www.radiopiu.net\/wordpress\/wp-content\/uploads\/2018\/06\/federico.jpg 1280w\" sizes=\"auto, (max-width: 300px) 100vw, 300px\" \/><\/a>Federico D\u2019Inc\u00e0, deputato Questore alla Camera dei deputati, commenta la decisione di POSTE Italiane di assumere 10 impegni concreti nei confronti dei cittadini dei Comuni meno densamente abitati. \u201cUna decisione che aspettavamo e che condividiamo pienamente \u2013 dichiara il deputato bellunese \u2013 Circa un mese fa avevo presentato una interrogazione segnalando le problematiche che sarebbero derivate per la popolazione agordina, soprattutto per quella anziana, dalla chiusura dell\u2019ufficio delle poste locale\u201d. \u201cQuanto emerso nel corso dell\u2019incontro alla presenza di oltre tre mila sindaci e di alcuni rappresentanti del Governo, \u2013 continua il parlamentare del Movimento 5 Stelle \u2013 va proprio nella direzione di comprendere le problematiche dei cittadini, aprendo un confronto diretto sulle esigenze specifiche del territorio e attivando una serie di servizi dedicati alle realt\u00e0 locali con meno di 5.000 abitanti\u201d. \u201cLa partecipazione di alcuni membri del Governo testimonia come questa tematica sia molto sentita e seguita dall\u2019esecutivo \u2013 prosegue D\u2019Inc\u00e0 \u2013 L\u2019incontro con i sindaci \u00e8 servito anche per affinare e rendere pi\u00f9 aderente la presenza di Poste sul territorio, grazie alla collaborazione con le istituzioni e gli amministratori locali\u201d. \u201cDa qui ai prossimi mesi i cittadini potranno toccare con mano le iniziative che Poste ha promesso di mettere in campo, che incideranno positivamente sui servizi al cittadino e con iniziative pensate per i territori \u2013 conclude D\u2019Inc\u00e0 \u2013 Si tratta di impegni importanti, auspicati ed invocati dal M5S da sempre, che consentiranno ai cittadini di poter usufruire di servizi che agevoleranno la loro quotidianit\u00e0. Tra questi ad esempio l\u2019installazione di nuovi sportelli ATM, la fornitura di servizi presso la rete dei tabaccai e a domicilio tramite i portalettere nei 254 Comuni non serviti da un Ufficio Postale, il servizio Poste WI-FI gratuito in tutti gli Uffici Postali dei piccoli Comuni e l\u2019abbattimento delle barriere architettoniche negli Uffici Postali di oltre 1000 Comuni<\/p>\n<p>&nbsp;<\/p>\n<p>&nbsp;<\/p>\n<p>&nbsp;<\/p>\n<p>&nbsp;<\/p>\n<h1>PUNTI LUCE CON ALIMENTAZIONE VOLTAICA<\/h1>\n<blockquote><p><em>Progetto per dieci lampioni sulla Sinistra Piave<\/em><\/p><\/blockquote>\n<p><strong>BELLUNO\u00a0\u00a0<\/strong>Sono stati affidati in questi giorni i lavori di progettazione per dieci punti luce con alimentazione fotovoltaica da installare in diversi punti della Strada Provinciale della Sinistra Piave, prima dell&#8217;abitato di Levego. \u00abCon questa soluzione, andiamo a mettere in sicurezza quei piccoli gruppi di abitazioni che si affacciano sulla Provinciale. Questa \u00e8 una richiesta che ci \u00e8 arrivata dai residenti della zona, dopo i lavori di sistemazione e di allargamento della strada in funzione del traforo di Col Cavalier che hanno portato ad un maggior traffico e a velocit\u00e0 pi\u00f9 elevate di percorrenza. &#8211; spiega l&#8217;assessore Biagio Giannone \u2013 Serve illuminazione per garantire svolte e transito sicuri alle auto; quelle zone non sono per\u00f2 raggiunte dalla rete di illuminazione pubblica, cos\u00ec abbiamo dovuto studiare altre ipotesi per illuminare gli accessi pi\u00f9 pericolosi\u00bb. Dopo i sopralluoghi effettuati nei mesi scorsi, ecco quindi la soluzione: l&#8217;installazione di dieci punti luce, alimentati da pannelli fotovoltaici: \u00abIn questo modo, superiamo le difficolt\u00e0 tecniche legate alle caratteristiche della via, senza ricorrere alla posa di una nuova fornitura, lavoro decisamente oneroso. &#8211; continua Giannone \u2013 Garantiamo cos\u00ec, con l&#8217;utilizzo di energia \u201cpulita\u201d, la sicurezza della strada e dei residenti\u00bb. Il costo della progettazione esecutiva e delle relative pratiche \u00e8 di circa 2500 euro; le spese per la realizzazione dei dieci punti luce \u00e8 stimata in 30mila euro.<\/p>\n<p>&nbsp;<\/p>\n<p>&nbsp;<\/p>\n<p>&nbsp;<\/p>\n<p>&nbsp;<\/p>\n<h1>CONFCOMMERCIO NELL&#8217;AGORDINO, UNITI PER RIPARTIRE<\/h1>\n<blockquote><p>\u00a0<em>Incontro con la Giunta e i Delegati del territorio nelle zone colpite dal maltempo<\/em><\/p><\/blockquote>\n<p><strong><a class=\"dt-pswp-item\" href=\"http:\/\/www.radiopiu.net\/wordpress\/wp-content\/uploads\/2018\/11\/Giunta-Confcommercio-in-Alto-Agordino.jpg\" data-dt-img-description=\"\" data-large_image_width=\"1663\" data-large_image_height=\"993\"><img loading=\"lazy\" decoding=\"async\" class=\"size-medium wp-image-67614 alignleft\" src=\"http:\/\/www.radiopiu.net\/wordpress\/wp-content\/uploads\/2018\/11\/Giunta-Confcommercio-in-Alto-Agordino-300x179.jpg\" alt=\"\" width=\"300\" height=\"179\" srcset=\"https:\/\/www.radiopiu.net\/wordpress\/wp-content\/uploads\/2018\/11\/Giunta-Confcommercio-in-Alto-Agordino-300x179.jpg 300w, https:\/\/www.radiopiu.net\/wordpress\/wp-content\/uploads\/2018\/11\/Giunta-Confcommercio-in-Alto-Agordino-768x459.jpg 768w, https:\/\/www.radiopiu.net\/wordpress\/wp-content\/uploads\/2018\/11\/Giunta-Confcommercio-in-Alto-Agordino-1024x611.jpg 1024w, https:\/\/www.radiopiu.net\/wordpress\/wp-content\/uploads\/2018\/11\/Giunta-Confcommercio-in-Alto-Agordino.jpg 1663w\" sizes=\"auto, (max-width: 300px) 100vw, 300px\" \/><\/a>BELLUNO<\/strong> La Giunta Confcommercio si \u00e8 riunita insieme ai delegati territoriali per testimoniare la vicinanza dell\u2019Associazione ad una parte del nostro territorio duramente colpita dagli eventi atmosferici di fine ottobre. \u00abConfcommercio ha immediatamente messo in campo la propria organizzazione per poter dare concreta assistenza a tutte le imprese del commercio, turismo, servizi e professioni e consentire loro di essere al pi\u00f9 presto operative in vista della prossima stagione invernale\u00bb dichiara il presidente dell\u2019Associazione, Paolo Doglioni. \u00abHo dato disposizione che, in questa particolare situazione, gli uffici siano particolarmente attenti a raccogliere le richieste di assistenza provenienti dal territorio, ma soprattutto siano disponibili a muoversi sul territorio per consentire un intervento tanto pi\u00f9 tempestivo a favore delle aziende\u00bb. \u00ab\u00c8 un segnale importante \u2013 conferma il presidente Doglioni \u2013 che va nel senso di reagire efficacemente ad una situazione di emergenza, ma, in altro senso, cerca di costruire un modello efficace per supportare, al di l\u00e0 della contingenza, il lavoro degli imprenditori in montagna. Le genti delle \u201cterre alte\u201d sono una risorsa per tutto il paese, per questo meritano di vedere premiati i propri sforzi con progetti e risorse, come \u00e8 emerso dai primi lavori degli Stati Generali della Montagna convocati dal Ministro Erika Stefani poche settimane fa. L\u2019associazione vuole fare sinergia tra le istituzioni e le imprese per evitare che le zone di montagna subiscano ulteriore impoverimento in termini di servizi e possa esserci opportunit\u00e0 di crescita per tutto il territorio\u00bb.<\/p>\n<p>&nbsp;<\/p>\n<p>&nbsp;<\/p>\n<p>&nbsp;<\/p>\n<p>&nbsp;<\/p>\n<h1>DISABILI: AL VIA IN VENETO NUOVA SPERIMENTAZIONE COSTI E PRESTAZIONI PER GRANDI STRUTTURE ASSISTENZIALI<\/h1>\n<p><strong>VENEZIA\u00a0<\/strong>La Regione Veneto aggiorna contributi e criteri di impegno assistenziale per tre \u2018grandi strutture\u2019 del territorio regionale che accolgono persone con gravi disabilit\u00e0 fisiche e psichiche. Si tratta degli istituti Polesani di Ficarolo (Rovigo), dell\u2019istituto della Divina Provvidenza di Sarmeola di Rubano (Padova) e degli Istituti Pii di Ros\u00e0 (Vicenza). Complessivamente i tre istituti assistenziali ospitano circa mille persone, la maggior parte delle quali versa condizioni di dipendenza assoluta, necessita di un alto e qualificato grado di assistenza e spesso per pi\u00f9 decenni. \u201cDal primo gennaio 2019, in via sperimentale, la Regione adotta un nuovo modello assistenziale \u2013 premette l\u2019assessore \u2013 per rimodulare la quota di rilievo sanitario a carico della Regione e rendere pi\u00f9 flessibile la gestione degli operatori, in modo da migliorare l\u2019assistenza in funzione delle particolari esigenze di questi ospiti. Oggi la commissione Sanit\u00e0 del Consiglio regionale ha approvato l\u2019avvio della sperimentazione: la Regione ha gi\u00e0 previsto nel bilancio di previsione del 2019 un milione di euro in pi\u00f9 per far fronte ai nuovi costi che ne derivano. Se l\u2019esito della sperimentazione sar\u00e0 positivo, estenderemo questo modello a tutto il territorio regionale\u201d. Nel dettaglio, il nuovo modello assistenziale unifica la tariffa corrisposta dalla Regione per ogni ospite in 56 euro al giorno e rimodula gli standard di assistenza avvicinandoli ai tempi adottati nei reparti di lungodegenza (1115 minuti di assistenza settimanale a paziente), affidando alla gestione della struttura autonomia e flessibilit\u00e0 nel distribuire il \u2018tempo\u2019 di assistenza tra prestazioni infermieristiche, fisioterapiche e riabilitative, e di mera cura delle esigenze fisiche della persona. \u201cCon i nuovi criteri \u2013 sottolinea l\u2019assessore \u2013 gli istituti dovranno garantire sempre e a tutti standard minimi di assistenza, nell\u2019arco delle 24 ore. Nel contempo potranno ottimizzare la gestione del personale, concentrando professionalit\u00e0 ed energie in funzione della diversa gravit\u00e0 degli assistiti, valorizzando anche la presenza di figure riabilitative, come fisioterapisti, educatori, psicologi. L\u2019obiettivo \u00e8 migliorare la qualit\u00e0 dell\u2019assistenza e aiutare le grandi strutture a riorganizzare i propri servizi\u201d.<\/p>\n<p>&nbsp;<\/p>\n<p>&nbsp;<\/p>\n<p>&nbsp;<\/p>\n<p>&nbsp;<\/p>\n<h1>LA MOSTRA \u201cWATER IS LIFE\u201d SI CONCLUDE CON L\u2019ULTIMA TAPPA IN ALPAGO<\/h1>\n<blockquote><p><em>Dal 9 al 22 dicembre il centro Ittiogenico sperimentale di Farra d\u2019Alpago ospiter\u00e0 la mostra itinerante sull\u2019importanza dell\u2019acqua come risorsa per il Pianeta.<\/em><\/p><\/blockquote>\n<p><strong><a class=\"dt-pswp-item\" href=\"http:\/\/www.radiopiu.net\/wordpress\/wp-content\/uploads\/2018\/11\/INSIEME-SI-PIU-2.jpg\" data-dt-img-description=\"\" data-large_image_width=\"4496\" data-large_image_height=\"3000\"><img loading=\"lazy\" decoding=\"async\" class=\"size-medium wp-image-67611 alignleft\" src=\"http:\/\/www.radiopiu.net\/wordpress\/wp-content\/uploads\/2018\/11\/INSIEME-SI-PIU-2-300x200.jpg\" alt=\"\" width=\"300\" height=\"200\" srcset=\"https:\/\/www.radiopiu.net\/wordpress\/wp-content\/uploads\/2018\/11\/INSIEME-SI-PIU-2-300x200.jpg 300w, https:\/\/www.radiopiu.net\/wordpress\/wp-content\/uploads\/2018\/11\/INSIEME-SI-PIU-2-768x512.jpg 768w, https:\/\/www.radiopiu.net\/wordpress\/wp-content\/uploads\/2018\/11\/INSIEME-SI-PIU-2-1024x683.jpg 1024w\" sizes=\"auto, (max-width: 300px) 100vw, 300px\" \/><\/a>ALPAGO<\/strong> La mostra itinerante \u201cWATER IS LIFE \u2013 NON C\u2019\u00c8 ACQUA DA PERDERE\u201d giunge alla sua ultima tappa del 2018. Dal 9 al 22 dicembre verr\u00e0 ospitata in una location davvero \u201cspeciale\u201d: il centro Ittiogenico sperimentale di Farra d\u2019Alpago sulle rive del Lago di Santa Croce. Pi\u00f9 di 300 tra bambini e ragazzi delle scuole primarie degli Istituti Comprensivi di Pieve di Cadore, IC Belluno 1 e IC Belluno 3, delle squadre agonistiche di nuoto e sincronizzato e dei Colibr\u00ec di \u2018Insieme si Pu\u00f2\u2026\u2019, hanno visitato la mostra, insieme con i loro insegnanti, allenatori e genitori, nelle due tappe precedenti a Pieve di Cadore (in collaborazione con Polisportiva Mondo Sport ssd e Scuola Primaria Pier Fortunato Calvi) e a Belluno (in collaborazione con Sportivamente Belluno srl), alla scoperta della risorsa pi\u00f9 preziosa e fragile per l\u2019uomo e per il nostro Pianeta: l\u2019acqua. Un percorso che prende per mano i ragazzi e li guida in un\u2019esperienza in prima persona tra immagini, storie, citazioni, simboli e oggetti. Tre i punti di vista esplorati: l\u2019ACQUA COME QUOTIDIANIT\u00c0 (I SEZIONE: \u201cDalla sorgente\u2026alla piscina\u201d), l\u2019ACQUA COME ESPERIENZA (II SEZIONE: \u201cLe anime dell\u2019acqua\u201d) l\u2019ACQUA COME RESPONSABILIT\u00c0 (III SEZIONE: \u201cUn pozzo per la vita\u201d). La mostra \u201cWater is life\u201d \u00e8 stata ideata e realizzata dalla classe seconda del Liceo Scienze <a class=\"dt-pswp-item\" href=\"http:\/\/www.radiopiu.net\/wordpress\/wp-content\/uploads\/2018\/11\/INSIEME-SI-PIU-1.jpg\" data-dt-img-description=\"\" data-large_image_width=\"4496\" data-large_image_height=\"3000\"><img loading=\"lazy\" decoding=\"async\" class=\"size-medium wp-image-67612 alignright\" src=\"http:\/\/www.radiopiu.net\/wordpress\/wp-content\/uploads\/2018\/11\/INSIEME-SI-PIU-1-300x200.jpg\" alt=\"\" width=\"300\" height=\"200\" srcset=\"https:\/\/www.radiopiu.net\/wordpress\/wp-content\/uploads\/2018\/11\/INSIEME-SI-PIU-1-300x200.jpg 300w, https:\/\/www.radiopiu.net\/wordpress\/wp-content\/uploads\/2018\/11\/INSIEME-SI-PIU-1-768x512.jpg 768w, https:\/\/www.radiopiu.net\/wordpress\/wp-content\/uploads\/2018\/11\/INSIEME-SI-PIU-1-1024x683.jpg 1024w\" sizes=\"auto, (max-width: 300px) 100vw, 300px\" \/><\/a>Umane dell\u2019Istituto Canossiano di Feltre, dall\u2019Associazione Gruppi Insieme si pu\u00f2 di Belluno e da Ondablu (societ\u00e0 cooperativa sportiva dilettantistica che gestisce le piscine di Pedavena, S. Giustina e Agordo) in occasione del World Water Day, la Giornata Mondiale dell\u2019Acqua, istituita dall\u2019Onu nel 1992 e celebrata ogni anno il 22 marzo. La classe partendo da esperienze personali, percezioni estetiche e osservazioni dirette delle realt\u00e0 territoriali circostanti, si \u00e8 messa in gioco nella presa di contatto con storie e mondi\u00a0dominati dalla carenza cronica di acqua: da questo coinvolgimento \u00e8 nato l\u2019impegno a presentare i progetti attivati dall\u2019Associazione Insieme si pu\u00f2 per la realizzazione di pozzi in villaggi e scuole del Nord Uganda. La mostra realizzata grazie al contributo di GSP e BIM Belluno Infrastrutture e dei Rotary Club di Belluno, Feltre e Cadore-Cortina gode della collaborazione e il patrocinio dei Comuni di Pieve di Cadore e Belluno, dell&#8217;Unione Montana Alpago, della Provincia di Belluno, del Consiglio di Bacino Dolomiti Bellunesi, del Comitato Regionale Veneto della FIN \u2013 Federazione Italiana Nuoto. \u00c8 possibile prenotare visite guidate per classi e gruppi (si potranno effettuare dal luned\u00ec al sabato dalle 8.00 alle 13) contattando la referente Federica De Carli (mail federica@365giorni.org o telefonicamente c\/o ufficio Insieme si pu\u00f2 0437291298). Ingresso e visite guidate sono gratuiti. Il ricavato di eventuali offerte sar\u00e0 interamente devoluto alla riabilitazione di un pozzo per una scuola in Nord- Uganda tramite l\u2019associazione Gruppi \u2018Insieme si pu\u00f2\u2026\u2019. I 429 alunni, 139 bambine e 234 bambini, della scuola primaria di Lomuno non hanno accesso all\u2019acqua pulita perch\u00e9 il pozzo \u00e8 attualmente fuori uso. L\u2019acqua che hanno a disposizione per bere, per la cucina e per l\u2019igiene, \u00e8 quella piovana, sporca e non sicura, che viene raccolta nel tank collegato alla grondaia del tetto della scuola. Per raggiungere l\u2019acqua sicura altrimenti devono compiere molta strada e pericolosa per raggiungere il pozzo del villaggio.<\/p>\n<p>&nbsp;<\/p>\n<p>&nbsp;<\/p>\n<p>&nbsp;<\/p>\n<p>&nbsp;<\/p>\n<blockquote>\n<h1>NEL RICORDO DI DEBORA NARDI<\/h1>\n<p><b><i><a class=\"dt-pswp-item\" href=\"http:\/\/www.radiopiu.net\/wordpress\/wp-content\/uploads\/2017\/11\/image004.jpg\" data-dt-img-description=\"\" data-large_image_width=\"1000\" data-large_image_height=\"750\"><img loading=\"lazy\" decoding=\"async\" class=\" wp-image-38248 alignleft\" src=\"http:\/\/www.radiopiu.net\/wordpress\/wp-content\/uploads\/2017\/11\/image004-300x225.jpg\" alt=\"\" width=\"189\" height=\"142\" \/><\/a>VENERDI\u2019 30 NOVEMBRE\u00a0 alle\u00a0 18.15<\/i><\/b>, presso la Sala Dolomiti di Falcade (palestra) si terr\u00e0 l\u2019annuale cerimonia di CONSEGNA DEI DIPLOMI\u00a0agli allievi che hanno terminato il loro percorso di studi nello scorso anno scolastico presso l\u2019IIS Follador. In tale occasione verranno anche assegnate le BORSE DI STUDIO in memoria di Debora Nardi e verr\u00e0 ricordato il compianto professor Fulvio Mazzarol.<\/p><\/blockquote>\n<p>&nbsp;<\/p>\n<p>&nbsp;<\/p>\n<h1><a class=\"dt-pswp-item\" href=\"http:\/\/www.radiopiu.net\/wordpress\/wp-content\/uploads\/2018\/11\/manifesto.jpg\" data-dt-img-description=\"\" data-large_image_width=\"679\" data-large_image_height=\"960\"><img loading=\"lazy\" decoding=\"async\" class=\"size-medium wp-image-67621 alignleft\" src=\"http:\/\/www.radiopiu.net\/wordpress\/wp-content\/uploads\/2018\/11\/manifesto-212x300.jpg\" alt=\"\" width=\"212\" height=\"300\" srcset=\"https:\/\/www.radiopiu.net\/wordpress\/wp-content\/uploads\/2018\/11\/manifesto-212x300.jpg 212w, https:\/\/www.radiopiu.net\/wordpress\/wp-content\/uploads\/2018\/11\/manifesto.jpg 679w\" sizes=\"auto, (max-width: 212px) 100vw, 212px\" \/><\/a><\/h1>\n<h1><\/h1>\n<h1><\/h1>\n<h1><\/h1>\n<h1><\/h1>\n<h1><\/h1>\n<h1>DAL CENTRO INTERNAZIONALE DEL LIBRO PARLATO, L&#8217;INVITO DELLA PRESIDENTE LUISA ALCHINI.<\/h1>\n<audio class=\"wp-audio-shortcode\" id=\"audio-67605-11\" preload=\"none\" style=\"width: 100%;\" controls=\"controls\"><source type=\"audio\/mpeg\" src=\"http:\/\/www.radiopiu.net\/wordpress\/wp-content\/uploads\/2018\/11\/incontrofeltre1dicembre.mp3?_=11\" \/><a href=\"http:\/\/www.radiopiu.net\/wordpress\/wp-content\/uploads\/2018\/11\/incontrofeltre1dicembre.mp3\">http:\/\/www.radiopiu.net\/wordpress\/wp-content\/uploads\/2018\/11\/incontrofeltre1dicembre.mp3<\/a><\/audio>\n<p>&nbsp;<\/p>\n<p>&nbsp;<\/p>\n<p>&nbsp;<\/p>\n<p>&nbsp;<\/p>\n<h1>RITORNA L&#8217;ALBERO RICICLONE, NEL SEGNO DELLA SOLIDARIETA&#8217;<\/h1>\n<p><strong><a class=\"dt-pswp-item\" href=\"http:\/\/www.radiopiu.net\/wordpress\/wp-content\/uploads\/2018\/11\/IMG-20181127-WA0008.jpg\" data-dt-img-description=\"\" data-large_image_width=\"206\" data-large_image_height=\"274\"><img loading=\"lazy\" decoding=\"async\" class=\"size-full wp-image-67610 alignleft\" src=\"http:\/\/www.radiopiu.net\/wordpress\/wp-content\/uploads\/2018\/11\/IMG-20181127-WA0008.jpg\" alt=\"\" width=\"206\" height=\"274\" \/><\/a>FELTRE<\/strong>\u00a0 Per continuare nel progetto di sensibilizzazione ambientale intrapreso, anche quest&#8217;anno l&#8217;Amministrazione Comunale ha chiesto la collaborazione delle classi delle scuole Primarie e Secondarie di 1\u00b0 grado per la realizzazione dell&#8217;Albero Riciclone, che abbellir\u00e0 il loggiato del Palazzo Municipale.<br \/>\nQuest\u2019anno l\u2019albero di Natale, che verr\u00e0 allestito nel loggiato di Piazza Maggiore, vuole essere il simbolo della solidariet\u00e0 &#8211; per quanto accaduto alla citt\u00e0 di Feltre a seguito della fortissima ondata di maltempo delle scorse settimane &#8211; del rispetto verso l\u2019ambiente e verso il prossimo. Su questi temi le classi che aderiranno all&#8217;iniziativa sono invitate a ideare un messaggio o uno slogan, realizzare un disegno per decorare un cartoncino di circa 20&#215;20 cm che verr\u00e0 consegnato ad ogni alunno, o ancora costruire degli addobbi utilizzando materiali di riciclo o il legno degli alberi abbattuti dal maltempo (rami, foglie, pezzi di legno).<br \/>\nL\u2019inaugurazione dell\u2019Albero Riciclone, giunto alla sua sesta edizione, \u00e8 in programma per domenica 9 dicembre alle ore 11.00 nel loggiato del Municipio; la semplice cerimonia sar\u00e0 aperta a tutta a cittadinanza, anche se i protagonisti principali saranno proprio i ragazzi autori degli addobbi.<\/p>\n<p><strong>L&#8217;ASSESSORE ADIS ZATTA<\/strong><\/p>\n<audio class=\"wp-audio-shortcode\" id=\"audio-67605-12\" preload=\"none\" style=\"width: 100%;\" controls=\"controls\"><source type=\"audio\/mpeg\" src=\"http:\/\/www.radiopiu.net\/wordpress\/wp-content\/uploads\/2018\/11\/ZATTA-2.mp3?_=12\" \/><a href=\"http:\/\/www.radiopiu.net\/wordpress\/wp-content\/uploads\/2018\/11\/ZATTA-2.mp3\">http:\/\/www.radiopiu.net\/wordpress\/wp-content\/uploads\/2018\/11\/ZATTA-2.mp3<\/a><\/audio>\n<p>&nbsp;<\/p>\n<p>&nbsp;<\/p>\n<p>&nbsp;<\/p>\n<h1 class=\"st_titolo\">DAL 14 AL 16 DICEMBRE IL TROFEO DOLOMITI A FALCADE ED ALLEGHE PALAGHIACCIO<\/h1>\n<div class=\"st_testo\">\n<div class=\"foto sx\">\n<p><img loading=\"lazy\" decoding=\"async\" class=\"alignleft\" src=\"http:\/\/cms.pegasomedia.it\/public\/immagininotizie\/122\/fondo\/falcade_pista_fondo_2018.jpg\" alt=\"\" width=\"236\" height=\"157\" \/><\/p>\n<div>Il Coni regionale veneto in collaborazione con la Fisi e la Fisg organizza dal 14 al 16 dicembre prossimi la prima edizione del &#8220;Trofeo delle Dolomiti\u201d nelle localit\u00e0 di Falcade per alpino e fondo e ad Alleghe per l\u2019hockey e la danza su ghiaccio. Parteciperanno le rappresentative Coi di Bolzano, Trento, Friuli Venezia Giulia e Veneto. Programma:\u00a0<b>Venerd\u00ec 14 dicembre 2018\u00a0<\/b>Cerimonia di apertura alle\u00a0 18, il tripode verr\u00e0 acceso da un tedoforo alle 18,30.\u00a0<b>Sabato 15 dicembre\u00a0<\/b>Dalle 10 sulla pista Panoramica di Falcade si disputer\u00e0 lo slalom gigante per le categorie Ragazzi. Alle\u00a0 9 gare di pattinaggio artistico e il torneo di hockey U12 ad Alleghe.\u00a0\u00a0<b>Domenica 16 Dicembre\u00a0<\/b>Presso il palaghiaccio di Alleghe continueranno il torneo di hockey e legare di pattinaggio artistico, dalle\u00a0 9. Dalle\u00a0 10 sulla Pista Piero Scola di Falcade, avr\u00e0 luogo la gara di fondo in tecnica libera per le categorie Ragazzi. Dalle\u00a0 10 sulla pista Panoramica\u00a0 slalom gigante. Le premiazioni si effettueranno nel piazzale del palaghiaccio alle\u00a0 15.<\/div>\n<\/div>\n<\/div>\n<p><a href=\"http:\/\/cms.pegasomedia.it\/public\/allegati\/122\/convocati_trofeo_delle_dolomiti_2018_alpino.pdf\" target=\"_blank\" rel=\"noopener\">convocati trofeo delle dolomiti 2018 ALPINO<\/a><\/p>\n<p><a href=\"http:\/\/cms.pegasomedia.it\/public\/allegati\/122\/elenco_ragazzi_per_trofeo_dolomiti_19_11_2018_fondo.pdf\" target=\"_blank\" rel=\"noopener\">ELENCO PER TROFEO DOLOMITI_19.11.2018 FONDO<\/a><\/p>\n<p>&nbsp;<\/p>\n<p>&nbsp;<\/p>\n<p>&nbsp;<\/p>\n<p>&nbsp;<\/p>\n<h2>MASTER D\u2019ARGENTO NELLA CITT\u00c0 DEL TETTUCCIO D\u2019ORO<\/h2>\n<p>Al meeting internazionale di Innsbruck, bellunesi secondi nella classifica generale Trasferta ricca di soddisfazioni per i Master della Nuoto Belluno, protagonisti al Meeting \u201cMastershark\u201d di Innsbruck (in Austria).La manifestazione internazionale, giunta alla tredicesima edizione, si \u00e8 svolta per la prima volta nel nuovo impianto del complesso universitario. E ha abbracciato atleti provenienti da quattro Nazioni: Germania, Repubblica Ceca, Austria e Italia. In questo contesto, i bellunesi hanno ben figurato nelle due giornate di competizione, come conferma il bottino di 15 medaglie d\u2019oro, 11 d\u2019argento e 8 di bronzo. Non da meno, le quattro staffette schierate in vasca, tre delle quali sul secondo gradino del podio: Bonsembiante, Bencini, De Bona e Giuffrida per la categoria Under 120; Brandalise, Fava, Sovilla e Gezzele per l\u2019Over 120; Bossems, Edotto, Etzi e D. Piermarini per l\u2019Over 200. Positivo pure il quinto posto della staffetta Over 160, composta da Piermarini, Turrin, Rossa e Bianchet. Ma, sostengono i tecnici Maria Elena Canova e Davide Canei (nella duplice veste di allenatore e atleta), \u00abla soddisfazione pi\u00f9 grande \u00e8 legata al secondo posto di squadra, in classifica generale. Il nostro gruppo \u00e8 anche primo tra i veneti in gara\u00bb. Prossimi appuntamenti? Nel vero spirito Master, sabato 1 ci sar\u00e0 spazio per la cena di Natale e poi tutti al lavoro per organizzare la gara di casa: il secondo \u201cTrofeo Citt\u00e0 di Belluno\u201d, in programma domenica 16 dicembre nella vasca di Lambioi.<\/p>\n<p>&nbsp;<\/p>\n<p>&nbsp;<\/p>\n<p>&nbsp;<\/p>\n<h1>ASSEMBLEA UNITARIA DEI DELEGATI CGIL CISL UIL DI BELLUNO<\/h1>\n<p>Oggi\u00a0 assemblea unitaria dei delegati di Cgil, Cisl e Uil di Belluno,\u00a0 si riuniscono per discutere della manovra economico-finanziaria del Governo e lanciare le proprie proposte e richieste per la Legge di Bilancio 2019. L\u2019assemblea si svolger\u00e0 dalle 9 alle 13 nella Sala polifunzionale di piazza Maggiore 4 a Santa Giustina Bellunese. Introdurr\u00e0 i lavori il segretario generale aggiunto della Cisl Belluno Treviso Rudy Roffar\u00e8, coordiner\u00e0 l\u2019assemblea il segretario generale Uil Treviso Belluno Guglielmo Pisana e concluder\u00e0 il segretario nazionale Cgil Giuseppe Massafra.<\/p>\n<p>&nbsp;<\/p>\n<p>&nbsp;<\/p>\n<p>&nbsp;<\/p>\n<p>&nbsp;<\/p>\n<p>&nbsp;<\/p>\n<p><a class=\"dt-pswp-item\" href=\"http:\/\/www.radiopiu.net\/wordpress\/wp-content\/uploads\/2018\/09\/sport.jpg\" data-dt-img-description=\"\" data-large_image_width=\"800\" data-large_image_height=\"100\"><img loading=\"lazy\" decoding=\"async\" class=\"alignnone wp-image-60761 size-full\" src=\"http:\/\/www.radiopiu.net\/wordpress\/wp-content\/uploads\/2018\/09\/sport.jpg\" alt=\"\" width=\"800\" height=\"100\" srcset=\"https:\/\/www.radiopiu.net\/wordpress\/wp-content\/uploads\/2018\/09\/sport.jpg 800w, https:\/\/www.radiopiu.net\/wordpress\/wp-content\/uploads\/2018\/09\/sport-300x38.jpg 300w, https:\/\/www.radiopiu.net\/wordpress\/wp-content\/uploads\/2018\/09\/sport-768x96.jpg 768w\" sizes=\"auto, (max-width: 800px) 100vw, 800px\" \/><\/a><\/p>\n<h1>CORSA CAMPESTRE &#8211; IN 600 IN GARA A QUERO PER IL TERZO APPUNTAMENTO DEL PROVINCIALE<\/h1>\n<p>Dopo aver vinto la seconda tappa in Zoldo, il Gruppo sportivo Castionese firma anche il terzo appuntamento del Campionato provinciale di corsa campestre del Centro sportivo italiano \u2013 Memorial Serafino Barp, andato in scena domenica 25 novembre a Quero. I ragazzi e le ragazze del Castionese si sono imposti per una manciata di punti sulla Virtus Nemeggio mentre a completare il podio \u00e8 stato il Gs La Piave 2000. A livello giovanile, vittoria del Gs La Piave davanti a Castionese e Polisportiva Santa Giustina. Per quanto riguarda la graduatoria delle categorie assolute, Virtus Nemeggio davanti a tutti, con Atletica Lamon e Gs Astra sul podio.<br \/>\nLa gara \u00e8 stata organizzata proprio dal Gs Astra Quero che ha allestito un tracciato veloce e vario, sul quale i 600 partecipanti sono stati messi alla prova anche dalle (abituali) condizioni di forte vento.\u00a0 A livello individuale, la gara assoluta maschile ha visto il secondo successo di Lorenzo Cagnati: l&#8217;agordino ha preceduto di 7&#8243; un combattivo Daniele Fant. Tra le donne, vittoria incontrastata per la cortinese Sabrina Boldrin.\u00a0 \u00a0<strong>SOCIET\u00c0- Giovanile<\/strong>: 1. La Piave punti 544; 2. Gs Castionese 440; 3. Polisportiva Santa Giustina 427.\u00a0<strong>Assoluta:<\/strong> 1. Virtus Nemeggio punti 435; 2. Atletica Lamon 385; 3. Gs Astra 369.\u00a0\u00a0<strong>Generale:<\/strong> 1. Gs Castionese punti 658; 2. Virtus Nemeggio 629; 3. La Piave 618; 4. Gs Astra 597; 5. Atletica Lamon 506.<br \/>\n<strong>INDIVIDUALE \u2013<\/strong> Cucciole: 1. Alyssa Fryz (Agordina); 2. Gaia Pollazzon (Agordina); 3. Nina Cima (La Piave).<br \/>\nCuccioli: 1. Pietro Girardini (Lamon); 2. Daniele Burigo (La Piave); 3. Michael Boschet (Cesio).<br \/>\n<strong>Esordienti femminile:<\/strong> 1. Giorgia Morando (La Piave); 2. Marianna Zandegiacomo (Auronzo); 3. Lucia Turrin (Cesio).\u00a0\u00a0<strong>Esordienti maschile:<\/strong> 1. Tommaso Tres (La Piave); 2. Gabriel Da Canal (La Piave); 3. Mario Burigo (La Piave).\u00a0<strong>Ragazze<\/strong>: 1. Evelyn Castellan (Santa Giustina) 4.11; 2. Angelica Balest (Santa Giustina) 4.19; 3. Vittoria Appocher (Santa Giustina) 4.20.\u00a0\u00a0<strong>Ragazzi:<\/strong> 1. Lorenzo De Fanti (Castionese) 3.43; 2. Cristian Ren (Nemeggio) 4.04; 3. Daniel Tom\u00e8 (Astra) 4.08.\u00a0\u00a0<strong>Cadette:<\/strong> 1. Valentina Cassol (Zoldo) 6.15; 2. Arianna Marcer (La Piave) 6.21; 3. Matilde De Carli (Lamon) 6.25.\u00a0\u00a0<strong>Cadetti:<\/strong> 1. Samuel Mazzucco (Castionese) 7.52; 2. Giacomo Polesana (Santa Giustina) 8.02; 3. Christian Da Rold (Castionese) 8.06.\u00a0\u00a0<strong>Allieve:<\/strong> 1. Letizia Fontanive (Agordina) 9.04; 2. Marilena Rossa (Castionese) 9.10; 3. Chiara Vedana (Agordina) 9.45.<br \/>\n<strong>Allievi<\/strong>: 1. Luca Coldebella (Lamon)11.33; 2. Pablo Luis Cappelletto (Lamon) 11.36; 3. Mattia De Barba (Lamon) 11.50.\u00a0\u00a0<strong>Juniores femminile:<\/strong> 1. Gioia Chiesurin (Santa Giustina) 8.49; 2. Killa Santer (Caprioli San Vito) 9.10; 3. Arianna Comina (Castionese) 9.12.\u00a0\u00a0<strong>Juniores maschile:<\/strong> 1. Ruben Deola (Trichiana) 19.58; 2. Filippo Polesana (Santa Giustina) 20.11; 3. Lorenzo Da Rin (Lamon) 20.21.\u00a0 Seniores femminile: 1. Meryl Pradel (Lamon) 8.42; 2. Marina Giotto (La Piave) 8.55; 3. Marianna Ducati (Trichiana) 9.17.\u00a0\u00a0<strong>Seniores maschile:<\/strong> 1. Lorenzo Cagnati (Tornado) 18.47; 2. Roberto Fregona (Astra) 18.59; 3. Federico Polesana (Nemeggio) 19.07.\u00a0\u00a0<strong>Amatori A femminile<\/strong>: 1. Sabrina Boldrin (Cortina) 8.26; 2. Federica Schievenin (Nemeggio) 9.06; 3. Claudia Moro (Trichiana) 9.21.\u00a0\u00a0<strong>Amatori A maschile:<\/strong> 1. Daniele Fant (Agordina) 18.55; 2. Simone Zanella (Astra) 20.46; 3. Cyril Frezza (Trichiana) 21.23.\u00a0\u00a0<strong>Amatori B femminile:<\/strong> 1. Sabrina Viel (Castionese) 8.54; 2. Yolanda Clant (Caprioli) 9.28; 3. Silvana Pauletto (Lamon) 9.40.\u00a0\u00a0<strong>Amatori B maschile<\/strong>: 1. Giacomo Vettorel (Astra) 15.56; 2. Fabio Da Soller (Trichiana) 15.58; 3. Hamid Nfafta (Astra) 16.11.<br \/>\n<strong>Veterane:<\/strong> 1. Maria Liliana Cossalter (Nemeggio) 11.10; 2. Luigina Salvagno (Castionese) 11.13; 3. Teresa Bertelle (Nemeggio) 11.29.\u00a0\u00a0<strong>Veterani:<\/strong> 1. Ivano Marcon (Agordina) 16.25; 2. Luigi Bortoluzzi (Castionese) 16.27; 3. Paolo Cancel (Agordina) 16.48. A conclusione delle gare del Provinciale si \u00e8 disputato anche il cross corto sulla distanza di un chilometro: successi per Marco Bonan e Arianna D&#8217;Alberto, entrambi dell&#8217;Ana Feltre.\u00a0Qui il dettaglio delle graduatorie:\u00a0http:\/\/www.csibelluno.it\/article765.html La quarta e ultima prova del Provinciale \u00e8 fissata per domenica 17 marzo a Melere di Trichiana. Si tratta del recupero della gara non disputata lo scorso 4 novembre a causa del maltempo.<\/p>\n<p>&nbsp;<\/p>\n<p>&nbsp;<\/p>\n<p>&nbsp;<\/p>\n<p>&nbsp;<\/p>\n<p>&nbsp;<\/p>\n<p><a class=\"dt-pswp-item\" href=\"http:\/\/www.radiopiu.net\/wordpress\/wp-content\/uploads\/2018\/09\/WhatsApp-Image-2018-09-20-at-16.04.06.jpeg\" data-dt-img-description=\"\" data-large_image_width=\"800\" data-large_image_height=\"100\"><img loading=\"lazy\" decoding=\"async\" class=\"alignnone wp-image-61378 size-full\" src=\"http:\/\/www.radiopiu.net\/wordpress\/wp-content\/uploads\/2018\/09\/WhatsApp-Image-2018-09-20-at-16.04.06.jpeg\" alt=\"\" width=\"800\" height=\"100\" srcset=\"https:\/\/www.radiopiu.net\/wordpress\/wp-content\/uploads\/2018\/09\/WhatsApp-Image-2018-09-20-at-16.04.06.jpeg 800w, https:\/\/www.radiopiu.net\/wordpress\/wp-content\/uploads\/2018\/09\/WhatsApp-Image-2018-09-20-at-16.04.06-300x38.jpeg 300w, https:\/\/www.radiopiu.net\/wordpress\/wp-content\/uploads\/2018\/09\/WhatsApp-Image-2018-09-20-at-16.04.06-768x96.jpeg 768w\" sizes=\"auto, (max-width: 800px) 100vw, 800px\" \/><\/a><\/p>\n<h1>DA OGGI A SABATO<\/h1>\n<p><strong>Mercoledi 28<\/strong><br \/>\nTempo atteso: Tempo perlopi\u00f9 soleggiato, con cielo spesso sereno o al pi\u00f9 temporaneamente poco nuvoloso per sottili velature al mattino. Clima fresco, specie al mattino, con probabili gelate diffuse. Venti settentrionali in sensibile attenuazione.<br \/>\nPrecipitazioni: Assenti (0%).<br \/>\nTemperature: Minime in calo; massime senza notevoli variazioni nelle valli, in lieve aumento in quota. Su Prealpi a 1500 m min -1\u00b0C max 4\u00b0C, a 2000 m min -3\u00b0C max 0\u00b0C. Su Dolomiti a 2000 m min -7\u00b0C max 0\u00b0C, a 3000 m min -8\u00b0C max -5\u00b0C.<br \/>\nVenti: Nelle valli perlopi\u00f9 deboli, con residui rinforzi di F\u00f6hn in qualche valle dolomitica; in quota in attenuazione fino a deboli\/moderati da Nord-Est, a 5-20 km\/h a 2000 m, 15-30 km\/h a 3000 m.<br \/>\n<strong>Giovedi 29<\/strong><br \/>\nTempo atteso: Tempo inizialmente piuttosto soleggiato, con aumento di sottile nuvolosit\u00e0 alta fino a cielo velato al pomeriggio\/sera. Clima pi\u00f9 mite in quota con modesta inversione termica, anche diurna su alcuni settori.<br \/>\nPrecipitazioni: Assenti (0%).<br \/>\nTemperature: Stazionarie nelle valli, in rialzo in quota, con modesta inversione termica, anche diurna nelle zone in ombra. Su Prealpi a 1500 m min 0\u00b0C max 3\u00b0C, a 2000 m min 0\u00b0C max 2\u00b0C. Su Dolomiti a 2000 m min -1\u00b0C max 2\u00b0C, a 3000 m min -5\u00b0C max -2\u00b0C.<br \/>\nVenti: Nelle valli deboli di direzione variabile; in quota perlopi\u00f9 deboli da Nord-Ovest, poi da Ovest, a 5-10 km\/h a 2000 m, 10-20 km\/h a 3000 m.<br \/>\n<strong>Venerdi 30<\/strong><br \/>\nCielo da nuvoloso per velature a molto nuvoloso per nubi alte e medio-alte a tratti estese, e anche per possibili nubi medio-basse stratificate sulle Prealpi. Non escluse del tutto deboli o debolissime precipitazioni locali al pomeriggio, pi\u00f9 probabili in quota, dove potr\u00e0 verificarsi qualche burrasca di neve oltre gli 800\/1100 m, ma senza accumuli significativi. Calo termico sulle Prealpi, meno avvertito sulle Dolomiti. Venti deboli nord-occidentali, con qualche rinforzo alla sera.<br \/>\n<strong>Sabato 1<\/strong><br \/>\nResidua nuvolosit\u00e0 alta al primo mattino, poi cielo sereno o poco nuvoloso. Clima freddo al mattino con probabili estese gelate, pi\u00f9 mite di giorno. Venti deboli nord-occidentali. Previsore: G.M.<\/p>\n","protected":false},"excerpt":{"rendered":"<p>Presentata ieri a Venezia la nuova stagione di Dolomitistars, conferenza stampa a Palazzo Balbi. L&#8217;Agordino si rimette in moto, guarda alla stagione invernale e idealizza progetti importanti, lo fa grazie al progettone con Comune capofila Rocca Pietore, tante le novit\u00e0 e opportunit\u00e0 per gli operatori turistici come spiegato ieri pomeriggio ad Alleghe nel corso della&hellip;<\/p>\n","protected":false},"author":1,"featured_media":67685,"comment_status":"closed","ping_status":"closed","sticky":false,"template":"","format":"standard","meta":{"_monsterinsights_skip_tracking":false,"_monsterinsights_sitenote_active":false,"_monsterinsights_sitenote_note":"","_monsterinsights_sitenote_category":0,"footnotes":""},"categories":[1,86],"tags":[],"class_list":["post-67605","post","type-post","status-publish","format-standard","has-post-thumbnail","hentry","category-senza-categoria","category-gr","category-1","category-86","description-off"],"img_url":"https:\/\/www.radiopiu.net\/wordpress\/wp-content\/uploads\/2018\/11\/46850100_2084189858316807_7711443982730919936_n.jpg","_links":{"self":[{"href":"https:\/\/www.radiopiu.net\/wordpress\/wp-json\/wp\/v2\/posts\/67605","targetHints":{"allow":["GET"]}}],"collection":[{"href":"https:\/\/www.radiopiu.net\/wordpress\/wp-json\/wp\/v2\/posts"}],"about":[{"href":"https:\/\/www.radiopiu.net\/wordpress\/wp-json\/wp\/v2\/types\/post"}],"author":[{"embeddable":true,"href":"https:\/\/www.radiopiu.net\/wordpress\/wp-json\/wp\/v2\/users\/1"}],"replies":[{"embeddable":true,"href":"https:\/\/www.radiopiu.net\/wordpress\/wp-json\/wp\/v2\/comments?post=67605"}],"version-history":[{"count":0,"href":"https:\/\/www.radiopiu.net\/wordpress\/wp-json\/wp\/v2\/posts\/67605\/revisions"}],"wp:featuredmedia":[{"embeddable":true,"href":"https:\/\/www.radiopiu.net\/wordpress\/wp-json\/wp\/v2\/media\/67685"}],"wp:attachment":[{"href":"https:\/\/www.radiopiu.net\/wordpress\/wp-json\/wp\/v2\/media?parent=67605"}],"wp:term":[{"taxonomy":"category","embeddable":true,"href":"https:\/\/www.radiopiu.net\/wordpress\/wp-json\/wp\/v2\/categories?post=67605"},{"taxonomy":"post_tag","embeddable":true,"href":"https:\/\/www.radiopiu.net\/wordpress\/wp-json\/wp\/v2\/tags?post=67605"}],"curies":[{"name":"wp","href":"https:\/\/api.w.org\/{rel}","templated":true}]}}