{"id":67628,"date":"2018-11-27T20:20:35","date_gmt":"2018-11-27T19:20:35","guid":{"rendered":"http:\/\/www.radiopiu.net\/wordpress\/?p=67628"},"modified":"2018-11-28T18:05:26","modified_gmt":"2018-11-28T17:05:26","slug":"labvs-per-le-genti-alluvionate-40mila-euro-al-fondo-welfare","status":"publish","type":"post","link":"https:\/\/www.radiopiu.net\/wordpress\/labvs-per-le-genti-alluvionate-40mila-euro-al-fondo-welfare\/","title":{"rendered":"L&#8217;ABVS PER LE GENTI ALLUVIONATE, 40mila euro al fondo welfare"},"content":{"rendered":"<h1 style=\"text-align: center;\"><\/h1>\n<blockquote><p><em>Domenica\u00a0 si \u00e8 svolta, presso la sede di viale Europa, la classica assemblea autunnale dell&#8217;Associazione Bellunese Volontari del Sangue. L&#8217;incontro ha avuto l&#8217;obiettivo di aggiornare i rappresentanti delle 50 sezioni territoriali sull&#8217;andamento donazionale e sulle iniziative dell&#8217;organo associativo provinciale. <strong>Tra le decisioni assembleari spicca la mozione, approvata all&#8217;unanimit\u00e0, di devolvere al Fondo Welfare e Identit\u00e0 Territoriale della Provincia di Belluno un contributo di \u20ac 40.000.<\/strong> La somma proviene da un fondo costituito in occasione del lascito testamentario, a favore dell&#8217;Associazione, da parte del dott. Valentino Del Fabbro, gi\u00e0 Presidente Abvs<\/em><\/p><\/blockquote>\n<p><span style=\"color: #000000;\"><span style=\"font-family: Verdana, sans-serif;\"><span style=\"font-size: small;\"><a class=\"dt-pswp-item\" href=\"http:\/\/www.radiopiu.net\/wordpress\/wp-content\/uploads\/2018\/11\/DSC_0005-1.jpg\" data-dt-img-description=\"\" data-large_image_width=\"4928\" data-large_image_height=\"3264\"><img loading=\"lazy\" decoding=\"async\" class=\" wp-image-67627 alignleft\" src=\"http:\/\/www.radiopiu.net\/wordpress\/wp-content\/uploads\/2018\/11\/DSC_0005-1-300x199.jpg\" alt=\"\" width=\"338\" height=\"224\" srcset=\"https:\/\/www.radiopiu.net\/wordpress\/wp-content\/uploads\/2018\/11\/DSC_0005-1-300x199.jpg 300w, https:\/\/www.radiopiu.net\/wordpress\/wp-content\/uploads\/2018\/11\/DSC_0005-1-768x509.jpg 768w, https:\/\/www.radiopiu.net\/wordpress\/wp-content\/uploads\/2018\/11\/DSC_0005-1-1024x678.jpg 1024w\" sizes=\"auto, (max-width: 338px) 100vw, 338px\" \/><\/a>Da qualche tempo L&#8217;Abvs ha associato allo storico marchio un fiore endemico delle\u00a0 vallate: il raponzolo di roccia quale simbolo dello strenuo attaccamento alle montagne, al territorio.\u00a0<\/span><\/span><\/span><span style=\"color: #000000;\"><span style=\"font-family: Verdana, sans-serif;\"><span style=\"font-size: small;\">E\u2019 con questo spirito di attaccamento che Abvs voleva organizzare uno spettacolo, in collaborazione con Avis regionale Veneto e il cast degli artisti de \u201c Il Riso fa buon Sangue \u201c, per raccogliere fondi per l\u2019emergenza ,\u00a0<\/span><\/span><\/span><span style=\"color: #000000;\"><span style=\"font-family: Verdana, sans-serif;\"><span style=\"font-size: small;\">purtroppo una serie di inconvenienti logistici\u00a0 ha impedito di accettare la collaborazione di oltre 20 artisti che gratuitamente avrebbero prestato la loro arte per aiutare in qualche modo la popolazione bellunese. <em>&#8220;<\/em><\/span><\/span><\/span><em><span style=\"color: #000000;\"><span style=\"font-family: Verdana, sans-serif;\"><span style=\"font-size: small;\">Per\u00f2 non ci arrendiamo &#8211; scrive al presidente della Provincia, Gina Bortot presidente\u00a0 Abvs &#8211; l&#8217;associazione che presiedo\u00a0<\/span><\/span><\/span><span style=\"color: #000000;\"><span style=\"font-family: Verdana, sans-serif;\"><span style=\"font-size: small;\">\u00a0\u00e8 presente in quasi tutti i Comuni colpiti da questa enorme emergenza nella quale si \u00e8 ancora una volta vista la forza d\u2019animo e l\u2019operosit\u00e0 delle Genti Bellunesi\u00a0 (noi non avevamo dubbi)\u00a0<\/span><\/span><\/span><span style=\"color: #000000;\"><span style=\"font-family: Verdana, sans-serif;\"><span style=\"font-size: small;\">Perci\u00f2 il Consiglio Provinciale ABVS ha unanimemente votato a favore di una proposta di aiuto.\u00a0<\/span><\/span><\/span><span style=\"color: #000000;\"><span style=\"font-family: Verdana, sans-serif;\"><span style=\"font-size: small;\">Ricordando sempre con grande stima e affetto il nostro ex presidente Abvs\u00a0 Valentino Dal Fabbro (gi\u00e0 premio S. Martino) che alla nostra Associazione dette grande prestigio e che ebbe la bont\u00e0 di ricordarci nel suo testamento .\u00a0<\/span><\/span><\/span><span style=\"font-size: small; font-family: Verdana, sans-serif; color: #000000;\">Da quella disposizione testamentaria, che abbiamo sempre tenuto da parte per possibili momenti di crisi, \u00e8 stato deciso prelevare la somma di \u20ac 40.000 da devolvere a sostegno delle spese per ripristinare i danni provocati dal ciclone Vaia.\u00a0<\/span><span style=\"color: #000000;\"><span style=\"font-family: Verdana, sans-serif;\"><span style=\"font-size: small;\">A tutti coloro che sono stati colpiti da questa durissima esperienza, a chiunque in ogni modo abbia fornito aiuto e supporto alle nostre Genti , va la stima e ringraziamento dell \u2019Associazione Bellunese Volontari del Sangue nella persona della sua Presidente e di tutta l\u2019 Assemblea Provinciale Abvs&#8221;.<\/span><\/span><\/span><\/em><\/p>\n<ul>\n<li><strong>IL PRESIDENTE DELLA PROVINCIA ROBERTO PADRIN\u00a0<\/strong><\/li>\n<\/ul>\n<p><em>Non posso che esprimere un ringraziamento infinito per questo contributo da parte dell&#8217;Abvs, di cui ho l&#8217;onore di far parte come donatore, che ha dimostrato ancora una volta una straordinaria sensibilit\u00e0 nei confronti della popolazione bellunese colpita duramente dall&#8217;evento del 29 ottobre. La Provincia di Belluno coordina il fondo welfare (seguito con grande impegno dalla consigliera Francesca De Biasi) proprio destinato alle famiglie bisognose che in questa occasione cos\u00ec drammatica potranno essere aiutate anche dal punto di vista materiale. Ringrazio, pertanto, la Presidente, Gina Bortot, e tutta l&#8217;Assemblea Provinciale per questo gesto di solidariet\u00e0, che \u00e8 un segnale di vicinanza in una provincia che mai come in questa occasione ha dimostrato unit\u00e0 e forza di reagire<\/em><\/p>\n","protected":false},"excerpt":{"rendered":"<p>Domenica\u00a0 si \u00e8 svolta, presso la sede di viale Europa, la classica assemblea autunnale dell&#8217;Associazione Bellunese Volontari del Sangue. L&#8217;incontro ha avuto l&#8217;obiettivo di aggiornare i rappresentanti delle 50 sezioni territoriali sull&#8217;andamento donazionale e sulle iniziative dell&#8217;organo associativo provinciale. Tra le decisioni assembleari spicca la mozione, approvata all&#8217;unanimit\u00e0, di devolvere al Fondo Welfare e Identit\u00e0&hellip;<\/p>\n","protected":false},"author":1,"featured_media":67620,"comment_status":"closed","ping_status":"closed","sticky":false,"template":"","format":"standard","meta":{"_monsterinsights_skip_tracking":false,"_monsterinsights_sitenote_active":false,"_monsterinsights_sitenote_note":"","_monsterinsights_sitenote_category":0,"footnotes":""},"categories":[49],"tags":[],"class_list":["post-67628","post","type-post","status-publish","format-standard","has-post-thumbnail","hentry","category-news-18","category-49","description-off"],"img_url":"https:\/\/www.radiopiu.net\/wordpress\/wp-content\/uploads\/2018\/11\/DSC_0005.jpg","_links":{"self":[{"href":"https:\/\/www.radiopiu.net\/wordpress\/wp-json\/wp\/v2\/posts\/67628","targetHints":{"allow":["GET"]}}],"collection":[{"href":"https:\/\/www.radiopiu.net\/wordpress\/wp-json\/wp\/v2\/posts"}],"about":[{"href":"https:\/\/www.radiopiu.net\/wordpress\/wp-json\/wp\/v2\/types\/post"}],"author":[{"embeddable":true,"href":"https:\/\/www.radiopiu.net\/wordpress\/wp-json\/wp\/v2\/users\/1"}],"replies":[{"embeddable":true,"href":"https:\/\/www.radiopiu.net\/wordpress\/wp-json\/wp\/v2\/comments?post=67628"}],"version-history":[{"count":0,"href":"https:\/\/www.radiopiu.net\/wordpress\/wp-json\/wp\/v2\/posts\/67628\/revisions"}],"wp:featuredmedia":[{"embeddable":true,"href":"https:\/\/www.radiopiu.net\/wordpress\/wp-json\/wp\/v2\/media\/67620"}],"wp:attachment":[{"href":"https:\/\/www.radiopiu.net\/wordpress\/wp-json\/wp\/v2\/media?parent=67628"}],"wp:term":[{"taxonomy":"category","embeddable":true,"href":"https:\/\/www.radiopiu.net\/wordpress\/wp-json\/wp\/v2\/categories?post=67628"},{"taxonomy":"post_tag","embeddable":true,"href":"https:\/\/www.radiopiu.net\/wordpress\/wp-json\/wp\/v2\/tags?post=67628"}],"curies":[{"name":"wp","href":"https:\/\/api.w.org\/{rel}","templated":true}]}}