{"id":67637,"date":"2018-11-27T20:38:59","date_gmt":"2018-11-27T19:38:59","guid":{"rendered":"http:\/\/www.radiopiu.net\/wordpress\/?p=67637"},"modified":"2018-11-27T20:38:59","modified_gmt":"2018-11-27T19:38:59","slug":"ritorna-lalbero-riciclone-nel-segno-della-solidarieta","status":"publish","type":"post","link":"https:\/\/www.radiopiu.net\/wordpress\/ritorna-lalbero-riciclone-nel-segno-della-solidarieta\/","title":{"rendered":"RITORNA L&#8217;ALBERO RICICLONE, NEL SEGNO DELLA SOLIDARIETA&#8217;"},"content":{"rendered":"<h1><\/h1>\n<p><strong><a class=\"dt-pswp-item\" href=\"http:\/\/www.radiopiu.net\/wordpress\/wp-content\/uploads\/2018\/11\/IMG-20181127-WA0008.jpg\" data-dt-img-description=\"\" data-large_image_width=\"206\" data-large_image_height=\"274\"><img loading=\"lazy\" decoding=\"async\" class=\"size-full wp-image-67610 alignleft\" src=\"http:\/\/www.radiopiu.net\/wordpress\/wp-content\/uploads\/2018\/11\/IMG-20181127-WA0008.jpg\" alt=\"\" width=\"206\" height=\"274\" \/><\/a>FELTRE<\/strong>\u00a0 Per continuare nel progetto di sensibilizzazione ambientale intrapreso, anche quest&#8217;anno l&#8217;Amministrazione Comunale ha chiesto la collaborazione delle classi delle scuole Primarie e Secondarie di 1\u00b0 grado per la realizzazione dell&#8217;Albero Riciclone, che abbellir\u00e0 il loggiato del Palazzo Municipale.<br \/>\nQuest\u2019anno l\u2019albero di Natale, che verr\u00e0 allestito nel loggiato di Piazza Maggiore, vuole essere il simbolo della solidariet\u00e0 &#8211; per quanto accaduto alla citt\u00e0 di Feltre a seguito della fortissima ondata di maltempo delle scorse settimane &#8211; del rispetto verso l\u2019ambiente e verso il prossimo. Su questi temi le classi che aderiranno all&#8217;iniziativa sono invitate a ideare un messaggio o uno slogan, realizzare un disegno per decorare un cartoncino di circa 20&#215;20 cm che verr\u00e0 consegnato ad ogni alunno, o ancora costruire degli addobbi utilizzando materiali di riciclo o il legno degli alberi abbattuti dal maltempo (rami, foglie, pezzi di legno).<br \/>\nL\u2019inaugurazione dell\u2019Albero Riciclone, giunto alla sua sesta edizione, \u00e8 in programma per domenica 9 dicembre alle ore 11.00 nel loggiato del Municipio; la semplice cerimonia sar\u00e0 aperta a tutta a cittadinanza, anche se i protagonisti principali saranno proprio i ragazzi autori degli addobbi.<\/p>\n<p><strong>L&#8217;ASSESSORE ADIS ZATTA<\/strong><\/p>\n<audio class=\"wp-audio-shortcode\" id=\"audio-67637-1\" preload=\"none\" style=\"width: 100%;\" controls=\"controls\"><source type=\"audio\/mpeg\" src=\"http:\/\/www.radiopiu.net\/wordpress\/wp-content\/uploads\/2018\/11\/ZATTA-2.mp3?_=1\" \/><a href=\"http:\/\/www.radiopiu.net\/wordpress\/wp-content\/uploads\/2018\/11\/ZATTA-2.mp3\">http:\/\/www.radiopiu.net\/wordpress\/wp-content\/uploads\/2018\/11\/ZATTA-2.mp3<\/a><\/audio>\n<p>&nbsp;<\/p>\n<p>&nbsp;<\/p>\n<p>&nbsp;<\/p>\n","protected":false},"excerpt":{"rendered":"<p>FELTRE\u00a0 Per continuare nel progetto di sensibilizzazione ambientale intrapreso, anche quest&#8217;anno l&#8217;Amministrazione Comunale ha chiesto la collaborazione delle classi delle scuole Primarie e Secondarie di 1\u00b0 grado per la realizzazione dell&#8217;Albero Riciclone, che abbellir\u00e0 il loggiato del Palazzo Municipale. Quest\u2019anno l\u2019albero di Natale, che verr\u00e0 allestito nel loggiato di Piazza Maggiore, vuole essere il simbolo&hellip;<\/p>\n","protected":false},"author":1,"featured_media":67610,"comment_status":"closed","ping_status":"closed","sticky":false,"template":"","format":"standard","meta":{"_monsterinsights_skip_tracking":false,"_monsterinsights_sitenote_active":false,"_monsterinsights_sitenote_note":"","_monsterinsights_sitenote_category":0,"footnotes":""},"categories":[49],"tags":[],"class_list":["post-67637","post","type-post","status-publish","format-standard","has-post-thumbnail","hentry","category-news-18","category-49","description-off"],"img_url":"https:\/\/www.radiopiu.net\/wordpress\/wp-content\/uploads\/2018\/11\/IMG-20181127-WA0008.jpg","_links":{"self":[{"href":"https:\/\/www.radiopiu.net\/wordpress\/wp-json\/wp\/v2\/posts\/67637","targetHints":{"allow":["GET"]}}],"collection":[{"href":"https:\/\/www.radiopiu.net\/wordpress\/wp-json\/wp\/v2\/posts"}],"about":[{"href":"https:\/\/www.radiopiu.net\/wordpress\/wp-json\/wp\/v2\/types\/post"}],"author":[{"embeddable":true,"href":"https:\/\/www.radiopiu.net\/wordpress\/wp-json\/wp\/v2\/users\/1"}],"replies":[{"embeddable":true,"href":"https:\/\/www.radiopiu.net\/wordpress\/wp-json\/wp\/v2\/comments?post=67637"}],"version-history":[{"count":0,"href":"https:\/\/www.radiopiu.net\/wordpress\/wp-json\/wp\/v2\/posts\/67637\/revisions"}],"wp:featuredmedia":[{"embeddable":true,"href":"https:\/\/www.radiopiu.net\/wordpress\/wp-json\/wp\/v2\/media\/67610"}],"wp:attachment":[{"href":"https:\/\/www.radiopiu.net\/wordpress\/wp-json\/wp\/v2\/media?parent=67637"}],"wp:term":[{"taxonomy":"category","embeddable":true,"href":"https:\/\/www.radiopiu.net\/wordpress\/wp-json\/wp\/v2\/categories?post=67637"},{"taxonomy":"post_tag","embeddable":true,"href":"https:\/\/www.radiopiu.net\/wordpress\/wp-json\/wp\/v2\/tags?post=67637"}],"curies":[{"name":"wp","href":"https:\/\/api.w.org\/{rel}","templated":true}]}}