{"id":67896,"date":"2018-11-29T18:31:30","date_gmt":"2018-11-29T17:31:30","guid":{"rendered":"http:\/\/www.radiopiu.net\/wordpress\/?p=67896"},"modified":"2018-12-01T06:44:30","modified_gmt":"2018-12-01T05:44:30","slug":"dolomitibus-e-trentino-trasporti-insieme-per-i-dipendenti-luxottica","status":"publish","type":"post","link":"https:\/\/www.radiopiu.net\/wordpress\/dolomitibus-e-trentino-trasporti-insieme-per-i-dipendenti-luxottica\/","title":{"rendered":"DOLOMITIBUS E TRENTINO TRASPORTI INSIEME PER I DIPENDENTI LUXOTTICA"},"content":{"rendered":"<p>Novit\u00e0 per i dipendenti Luxottica che arrivano dal Primiero, Gosaldo, Frassen\u00e8 e Voltago. A partire da luned\u00ec 3 dicembre la tratta sar\u00e0 coperta sui 3 turni lavorativi e non pi\u00f9 solo a giornata. Questo grazie ad un accordo tra Trentino Trasporti e DolomitiBus. \u201cDa luned\u00ec verranno serviti da Trentino Trasporti i turnisti su tutti i 3 turni di lavoro e non pi\u00f9 solamente su uno; al contempo Dolomitibus si occuper\u00e0 del trasporto per i lavoratori con orario a giornata \u2013 dice Emilio Bez della Uiltec Luxottica di Agordo &#8211; Gli abbonamenti relativi a queste tratte verranno rilasciati dalle due societ\u00e0 di trasporto ai residenti nella propria provincia di competenza ma saranno comunque utilizzabili sui mezzi di entrambe senza distinzione\u201d.<\/p>\n<p>Un obbiettivo raggiunto dopo anni di lavoro della RSU Luxottica di Agordo che con la commissione trasporti ha avuto dei buoni risultati negli ultimi anni. \u201cIn questo modo, grazie all&#8217;intesa raggiunta, anche i colleghi da Gosaldo, Frassen\u00e8 e Voltago potranno finalmente disporre di un servizio di trasporto pubblico dedicato ai turnisti, come la Commissione Trasporti RSU chiedeva da anni \u2013 continua Bez &#8211; Va sottolineato per\u00f2 che, trattandosi di servizio pubblico, esso diventa anche un importante servizio al territorio, garantendo i collegamenti tra paesi in orari molto pi\u00f9 ampi rispetto a prima\u201d.<\/p>\n<p><a href=\"http:\/\/www.ttesercizio.it\/public\/Comunicati\/Comunicato-692-18-27112018-162902.pdf\">PER CONOSCERE GLI ORARI CLICCA QUI<\/a><\/p>\n","protected":false},"excerpt":{"rendered":"<p>Novit\u00e0 per i dipendenti Luxottica che arrivano dal Primiero, Gosaldo, Frassen\u00e8 e Voltago. A partire da luned\u00ec 3 dicembre la tratta sar\u00e0 coperta sui 3 turni lavorativi e non pi\u00f9 solo a giornata. Questo grazie ad un accordo tra Trentino Trasporti e DolomitiBus. \u201cDa luned\u00ec verranno serviti da Trentino Trasporti i turnisti su tutti i&hellip;<\/p>\n","protected":false},"author":4,"featured_media":0,"comment_status":"closed","ping_status":"closed","sticky":false,"template":"","format":"standard","meta":{"_monsterinsights_skip_tracking":false,"_monsterinsights_sitenote_active":false,"_monsterinsights_sitenote_note":"","_monsterinsights_sitenote_category":0,"footnotes":""},"categories":[49],"tags":[],"class_list":["post-67896","post","type-post","status-publish","format-standard","hentry","category-news-18","category-49","description-off"],"img_url":false,"_links":{"self":[{"href":"https:\/\/www.radiopiu.net\/wordpress\/wp-json\/wp\/v2\/posts\/67896","targetHints":{"allow":["GET"]}}],"collection":[{"href":"https:\/\/www.radiopiu.net\/wordpress\/wp-json\/wp\/v2\/posts"}],"about":[{"href":"https:\/\/www.radiopiu.net\/wordpress\/wp-json\/wp\/v2\/types\/post"}],"author":[{"embeddable":true,"href":"https:\/\/www.radiopiu.net\/wordpress\/wp-json\/wp\/v2\/users\/4"}],"replies":[{"embeddable":true,"href":"https:\/\/www.radiopiu.net\/wordpress\/wp-json\/wp\/v2\/comments?post=67896"}],"version-history":[{"count":0,"href":"https:\/\/www.radiopiu.net\/wordpress\/wp-json\/wp\/v2\/posts\/67896\/revisions"}],"wp:attachment":[{"href":"https:\/\/www.radiopiu.net\/wordpress\/wp-json\/wp\/v2\/media?parent=67896"}],"wp:term":[{"taxonomy":"category","embeddable":true,"href":"https:\/\/www.radiopiu.net\/wordpress\/wp-json\/wp\/v2\/categories?post=67896"},{"taxonomy":"post_tag","embeddable":true,"href":"https:\/\/www.radiopiu.net\/wordpress\/wp-json\/wp\/v2\/tags?post=67896"}],"curies":[{"name":"wp","href":"https:\/\/api.w.org\/{rel}","templated":true}]}}