{"id":67909,"date":"2018-11-30T06:12:59","date_gmt":"2018-11-30T05:12:59","guid":{"rendered":"http:\/\/www.radiopiu.net\/wordpress\/?p=67909"},"modified":"2018-12-01T06:44:51","modified_gmt":"2018-12-01T05:44:51","slug":"essilux-e-realta-leonardo-del-vecchio-parla-ricorda-la-sua-agordo-di-sessantanni-fa-e-commuove","status":"publish","type":"post","link":"https:\/\/www.radiopiu.net\/wordpress\/essilux-e-realta-leonardo-del-vecchio-parla-ricorda-la-sua-agordo-di-sessantanni-fa-e-commuove\/","title":{"rendered":"ESSILUX E&#8217; REALTA&#8217;. LEONARDO DEL VECCHIO PARLA, RICORDA LA SUA AGORDO DI SESSANT&#8217;ANNI FA E COMMUOVE"},"content":{"rendered":"<h1>LA PRIMA ASSEMBLEA ESSILOR-LUXOTTICA, L&#8217;AZIONE LUXOTTICA IERI:\u00a0 PIU&#8217;\u00a0 DEL 4 PER CENTO<\/h1>\n<p><a class=\"dt-pswp-item\" href=\"http:\/\/www.radiopiu.net\/wordpress\/wp-content\/uploads\/2015\/12\/Leonardo-del-vecchio-e1432128501559.jpg\" data-dt-img-description=\"\" data-large_image_width=\"1280\" data-large_image_height=\"640\"><img loading=\"lazy\" decoding=\"async\" class=\"size-medium wp-image-13912 alignleft\" src=\"http:\/\/www.radiopiu.net\/wordpress\/wp-content\/uploads\/2015\/12\/Leonardo-del-vecchio-e1432128501559-300x150.jpg\" alt=\"\" width=\"300\" height=\"150\" \/><\/a>Ieri\u00a0si \u00e8 svolta la prima Assemblea Congiunta degli Azionisti EssilorLuxottica presieduta da Leonardo Del Vecchio, in qualit\u00e0 di Presidente Esecutivo del Gruppo e di Hubert Sagni\u00e8res, in qualit\u00e0 di Vice Presidente Esecutivo, presso l\u2019Espace Grande Arche a La D\u00e9fense, a Parigi. Gli azionisti EssilorLuxottica hanno approvato le proposte presentate dal Consiglio di Amministrazione relative alle dieci delibere<br \/>\n<strong>Leonardo Del Vecchio, Presidente Esecutivo di EssilorLuxottica ha detto:<\/strong><em> &#8220;\u00c8 stato un onore aprire la prima Assemblea degli Azionisti di EssilorLuxottica. Affronto il mio ruolo con grande senso di responsabilit\u00e0 e con il desiderio di essere un punto di riferimento per tutti gli azionisti del nostro nuovo Gruppo, generando crescita, realizzando sinergie e creando valore per loro. Da oggi ci attende un importante processo di integrazione, che vorremmo improntare all\u2019estrema semplicit\u00e0 e rapidit\u00e0 esecutiva, focalizzando le due societ\u00e0 operative nelle rispettive aree di eccellenza: Luxottica nelle montature ed Essilor nelle lenti.&#8221;<\/em><br \/>\n<strong>Hubert Sagni\u00e8res, Vice Presidente Esecutivo di EssilorLuxottica<\/strong>, ha commentato, <em>&#8220;Con questa prima Assemblea Generale di oggi, continuiamo a porre le basi di EssilorLuxottica. Sono lieto che il Gruppo abbia compiuto questo decisivo passo avanti per sviluppare ulteriormente la partecipazione azionaria dei dipendenti all\u2019interno del Gruppo con il supporto dei propri azionisti. Il coinvolgimento dei nostri dipendenti \u00e8 sempre stato alla base dello sviluppo di Essilor e sono orgoglioso di vedere che i nostri azionisti riconoscono l&#8217;importanza<\/em><br \/>\n<em>di questo aspetto come una caratteristica fondamentale anche del nuovo Gruppo. Guardando al futuro, il Gruppo \u00e8 in una posizione unica per realizzare la sua mission e cogliere appieno le opportunit\u00e0 di crescita in un mercato molto dinamico.&#8221;<\/em><\/p>\n<blockquote><p><strong>LE 10 DELIBERE APPROVATE<\/strong>\u00a01. Approvazione della politica di remunerazione applicabile ai dirigenti aziendali esecutivi 2. Aumento degli onorari degli amministratori 3. Ratifica della cooptazione di Sabrina Pucci come membro del Consiglio di Amministrazione in sostituzione di Rafaella Mazzoli 4. Autorizzazione del Consiglio a procedere con l&#8217;acquisto di azioni proprie Assemblea straordinaria 5. Autorizzazione al Consiglio di Amministrazione di procedere alla riduzione del capitale sociale mediante l\u2019annullamento delle azioni della Societ\u00e0 6. Attribuzione di poteri al Consiglio di Amministrazione ai fini della delibera di un aumento di capitale riservato ai membri di un piano di risparmio della societ\u00e0 (\u201cplans d&#8217;\u00e9pargne d&#8217;entreprise\u201d francesi o &#8220;PEE&#8221;), senza diritti di opzione preferenziali (fino a un massimo del 0,5 % del capitale sociale) 7. Autorizzazione al Consiglio di Amministrazione di procedere all&#8217;assegnazione di azioni gratuite esistenti (anche denominate &#8220;performance share&#8221;) 8. Autorizzazione al Consiglio di Amministrazione per la concessione di stock option soggette a condizioni di performance, con diritto di acquisto di azioni esistenti 9. Autorizzazione al Consiglio di Amministrazione di procedere all&#8217;assegnazione di azioni esistenti gratuite ad alcuni dipendenti del Gruppo Luxottica, in sostituzione dei bonus monetari di fedelt\u00e0 precedentemente accordati da Luxottica<br \/>\n10. Attribuzione di poteri per espletare le formalit\u00e0<\/p><\/blockquote>\n<p>&nbsp;<\/p>\n<p>&nbsp;<\/p>\n","protected":false},"excerpt":{"rendered":"<p>LA PRIMA ASSEMBLEA ESSILOR-LUXOTTICA, L&#8217;AZIONE LUXOTTICA IERI:\u00a0 PIU&#8217;\u00a0 DEL 4 PER CENTO Ieri\u00a0si \u00e8 svolta la prima Assemblea Congiunta degli Azionisti EssilorLuxottica presieduta da Leonardo Del Vecchio, in qualit\u00e0 di Presidente Esecutivo del Gruppo e di Hubert Sagni\u00e8res, in qualit\u00e0 di Vice Presidente Esecutivo, presso l\u2019Espace Grande Arche a La D\u00e9fense, a Parigi. Gli azionisti&hellip;<\/p>\n","protected":false},"author":1,"featured_media":0,"comment_status":"closed","ping_status":"closed","sticky":false,"template":"","format":"standard","meta":{"_monsterinsights_skip_tracking":false,"_monsterinsights_sitenote_active":false,"_monsterinsights_sitenote_note":"","_monsterinsights_sitenote_category":0,"footnotes":""},"categories":[49],"tags":[],"class_list":["post-67909","post","type-post","status-publish","format-standard","hentry","category-news-18","category-49","description-off"],"img_url":false,"_links":{"self":[{"href":"https:\/\/www.radiopiu.net\/wordpress\/wp-json\/wp\/v2\/posts\/67909","targetHints":{"allow":["GET"]}}],"collection":[{"href":"https:\/\/www.radiopiu.net\/wordpress\/wp-json\/wp\/v2\/posts"}],"about":[{"href":"https:\/\/www.radiopiu.net\/wordpress\/wp-json\/wp\/v2\/types\/post"}],"author":[{"embeddable":true,"href":"https:\/\/www.radiopiu.net\/wordpress\/wp-json\/wp\/v2\/users\/1"}],"replies":[{"embeddable":true,"href":"https:\/\/www.radiopiu.net\/wordpress\/wp-json\/wp\/v2\/comments?post=67909"}],"version-history":[{"count":0,"href":"https:\/\/www.radiopiu.net\/wordpress\/wp-json\/wp\/v2\/posts\/67909\/revisions"}],"wp:attachment":[{"href":"https:\/\/www.radiopiu.net\/wordpress\/wp-json\/wp\/v2\/media?parent=67909"}],"wp:term":[{"taxonomy":"category","embeddable":true,"href":"https:\/\/www.radiopiu.net\/wordpress\/wp-json\/wp\/v2\/categories?post=67909"},{"taxonomy":"post_tag","embeddable":true,"href":"https:\/\/www.radiopiu.net\/wordpress\/wp-json\/wp\/v2\/tags?post=67909"}],"curies":[{"name":"wp","href":"https:\/\/api.w.org\/{rel}","templated":true}]}}