{"id":67951,"date":"2018-12-01T06:43:39","date_gmt":"2018-12-01T05:43:39","guid":{"rendered":"http:\/\/www.radiopiu.net\/wordpress\/?p=67951"},"modified":"2018-12-01T09:36:12","modified_gmt":"2018-12-01T08:36:12","slug":"giornale-radiopiu-1-dicembre-2018-direttore-mirko-mezzacasa","status":"publish","type":"post","link":"https:\/\/www.radiopiu.net\/wordpress\/giornale-radiopiu-1-dicembre-2018-direttore-mirko-mezzacasa\/","title":{"rendered":"GIORNALE RADIOPIU 1 DICEMBRE 2018 DIRETTORE MIRKO MEZZACASA"},"content":{"rendered":"<h1><\/h1>\n<blockquote><p>Mezza provincia \u00e8 infetta da casi di &#8220;lingua blu&#8221; titola oggi il Corriere delle Alpi nell&#8217;articolo di apertura, gi\u00e0 tre i casi tra Sedico e Quero con conseguenze pesanti per gli allevatori che non possono portare i capi di bestiame fuori dai confini, bloccata anche la transumanza, la colpa anche della lunga estate calda, in crollo il valore dei vitelli. <strong>MALTEMPO<\/strong> Alcune ditte sono state incaricate da Green Power di ripulire i laghi dove gli alberi sono ammassati, ripulito quello di Valle e Vodo, a breve anche in Comelico. A Taibon riapre la strada per la Valle di San Lucano e gli evacuati tornano a casa senza scorta, a Gosaldo ieri sera strada bloccata per Ren dal crollo di un albero, sempre chiusa la provinciale per la Valle del Mis, intanto l&#8217;acqua torna potabile in molti paesi. La Provincia presenta il primo conto: 16 milioni di danni. Massimo Bortoluzzi ha contato oltre 200 frane, si teme per la neve e le slavine perch\u00e9 manca la barriera naturale del bosco. Il Genio Civile di danni lungo i corsi d&#8217;acqua ne ha contati parecchi, almeno 200 milioni di euro. La bella notizia arriva anche da La Valle, infatti da luned\u00ec in localit\u00e0 Le Campe si potr\u00e0 transitare a doppio senso di marcia, scomparir\u00e0 il semaforo, il dirigente bellunese di Veneto Strade Michele Artusato conferma che i danni superano i 140 milioni di euro.\u00a0 <strong>SANTA BARBARA<\/strong> Festeggiamenti oggi ad Agordo per la patrona anche dei periti minerari e dei Vigili del Fuoco che ieri hanno fatto conoscere il frutto del loro impegnativo lavoro: 6700 interventi in un anno, 3000 per l&#8217;emergenza maltempo. <strong>FURTI<\/strong> La polizia ha pubblicato sul web un lungo elenco (con foto) del materiale sequestrato ai 3 albanesi ancora i carcere, gli autori dei furti nel bellunese. Sono 140 i preziosi ritrovati da restituire ai legittimi proprietari. <strong>CENCENIGHE<\/strong> Giorni di festa oggi e domani con la fiera di Sant&#8217;Andrea\u00a0per entrambe le giornate la possibilit\u00e0 di giri in pony e in carrozza per i bambini. All\u2019interno del Nof Fil\u00f2 il mercatino,\u00a0\u00a0dimostrazione di ferratura del cavallo,\u00a0sculture con la motosega. <strong>AGORDO<\/strong> Domani la cerimonia di scoprimento e benedizione di una targa in ottone a ricordo dei 68 Caduti di Agordo nella guerra 1915-18: alle 9,15 alza bandiera alla sede del gruppo Ana di viale Sommariva con la partecipazione della fanfara dei bersaglieri in congedo; quindi alle 9,30 in corteo al monumento dei caduti per la deposizione di una corona di alloro e poi, alle 10, la messa celebrata nella chiesa arcidiaconale, alle 10,50 scoprimento e benedizione della targa in ottone che sar\u00e0 posta lungo la scala interna del municipio. LO SCI Da oggi al via la stagione invernale, si scia ad Alleghe e ad Arabba (mm)<\/p><\/blockquote>\n<p>&nbsp;<\/p>\n<p>&nbsp;<\/p>\n<p><a class=\"dt-pswp-item\" href=\"http:\/\/www.radiopiu.net\/wordpress\/wp-content\/uploads\/2018\/11\/photo_2018-11-30_13-02-38.jpg\" data-dt-img-description=\"\" data-large_image_width=\"1024\" data-large_image_height=\"663\"><img loading=\"lazy\" decoding=\"async\" class=\"alignnone size-medium wp-image-67953\" src=\"http:\/\/www.radiopiu.net\/wordpress\/wp-content\/uploads\/2018\/11\/photo_2018-11-30_13-02-38-300x194.jpg\" alt=\"\" width=\"300\" height=\"194\" srcset=\"https:\/\/www.radiopiu.net\/wordpress\/wp-content\/uploads\/2018\/11\/photo_2018-11-30_13-02-38-300x194.jpg 300w, https:\/\/www.radiopiu.net\/wordpress\/wp-content\/uploads\/2018\/11\/photo_2018-11-30_13-02-38-768x497.jpg 768w, https:\/\/www.radiopiu.net\/wordpress\/wp-content\/uploads\/2018\/11\/photo_2018-11-30_13-02-38.jpg 1024w\" sizes=\"auto, (max-width: 300px) 100vw, 300px\" \/><\/a><\/p>\n<p><strong>TRE FERITI NELL&#8217;INCIDENTE DI IERI A LENTIAI<\/strong> Una Polo (forse per una mancata precedenza) si \u00e8 scontrata con un camion. Illeso l&#8217;autista della Polo, un settansettenne di Belluno, feriti i passeggeri DMR 76 anni e ME 85 ricoverati a Feltre (gi\u00e0 dimessi) e PM trasportata in elicottero a Treviso, non \u00e8 in pericolo di vita.<\/p>\n<p>&nbsp;<\/p>\n<p>&nbsp;<\/p>\n<p>&nbsp;<\/p>\n<h1>COMUNICAZIONE DEL SINDACO: DALLA MEZZANOTTE STRADA PER LA VALLE DI SAN LUCANO APERTA SENZA LIMITAZIONI<\/h1>\n<p><strong><a class=\"dt-pswp-item\" href=\"http:\/\/www.radiopiu.net\/wordpress\/wp-content\/uploads\/2018\/12\/images.jpg\" data-dt-img-description=\"\" data-large_image_width=\"300\" data-large_image_height=\"168\"><img loading=\"lazy\" decoding=\"async\" class=\"size-medium wp-image-67976 alignleft\" src=\"http:\/\/www.radiopiu.net\/wordpress\/wp-content\/uploads\/2018\/12\/images-300x168.jpg\" alt=\"\" width=\"300\" height=\"168\" \/><\/a>TAIBON<\/strong> La notizia \u00e8 stata data ieri sera dal sindaco Silvia Tormen nel corso del consiglio comunale, riaperta la strada per Col di Pra, chiuso il Coc dopo 38 giorni di emergenza e la Tim sta predisponendo un ponte radio telefonico per portare il segnale sotto alle Pale di San Lucano ed Agner, finalmente dopo tanti anni di proteste e richieste la compagnia telefonica viene in aiuto alle popolazioni pi\u00f9 disagiate anche senza spendere centinaia di migliaia d&#8217;euro\u00a0(fondi di confine)per la fibra ottica che tra l&#8217;altro manca in tutto il resto del paese.<br \/>\n<strong>IL SINDACO SILVIA TORMEN<\/strong><\/p>\n<audio class=\"wp-audio-shortcode\" id=\"audio-67951-1\" preload=\"none\" style=\"width: 100%;\" controls=\"controls\"><source type=\"audio\/mpeg\" src=\"http:\/\/www.radiopiu.net\/wordpress\/wp-content\/uploads\/2018\/12\/taibon.mp3?_=1\" \/><a href=\"http:\/\/www.radiopiu.net\/wordpress\/wp-content\/uploads\/2018\/12\/taibon.mp3\">http:\/\/www.radiopiu.net\/wordpress\/wp-content\/uploads\/2018\/12\/taibon.mp3<\/a><\/audio>\n<p>&nbsp;<\/p>\n<p>&nbsp;<\/p>\n<p>&nbsp;<\/p>\n<h1>OPERAZIONE STAZIONI SICURE<\/h1>\n<p><strong><a class=\"dt-pswp-item\" href=\"http:\/\/www.radiopiu.net\/wordpress\/wp-content\/uploads\/2015\/05\/polfer-1024x687.jpg\" data-dt-img-description=\"\" data-large_image_width=\"1024\" data-large_image_height=\"687\"><img loading=\"lazy\" decoding=\"async\" class=\"size-medium wp-image-5169 alignleft\" src=\"http:\/\/www.radiopiu.net\/wordpress\/wp-content\/uploads\/2015\/05\/polfer-1024x687-300x201.jpg\" alt=\"\" width=\"300\" height=\"201\" \/><\/a>BELLUNO<\/strong> L&#8217;altro ieri Nel corso dell\u2019intera giornata\u00a0 la Polizia Ferroviaria ha intensificato i controlli nelle stazioni e sui treni circolanti sull\u2019intera rete. Il Compartimento Polizia Ferroviaria per il Veneto che ha competenza territoriale sulle direttrici ferroviarie che da Venezia si diramano verso Milano, Udine, Bologna, Trieste, Belluno ha potenziato tutti i servizi di prevenzione e repressione reati nelle stazioni di Venezia, Mestre, Padova, Treviso, Conegliano, Portogruaro, Belluno, Rovigo, Castelfranco Veneto, mediante l\u2019impiego di personale sia in uniforme che in abiti civili e attraverso il monitoraggio delle immagini riprese dalla telecamere installate nelle stazioni e trasmesse al Centro Operativo Compartimentale. Durante tutta la giornata, gli agenti del Compartimento Polizia Ferroviaria per il Veneto hanno monitorato la situazione e effettuato controlli procedendo all\u2019identificazione di ben 168 persone per le quali, grazie ai dispositivi informatici dei quali sono state dotate tutte le pattuglie della Polfer, sono state verificate seduta stante eventuali pendenze o l\u2019esistenza di note di ricerche e rintraccio nei loro confronti\u00a0 Una \u00e8 stata successivamente denunciata per violazione ai provvedimenti dell\u2019autorit\u00e0 e tre sono state sanzionate in quanto inosservanti al regolamento di Polizia Ferroviaria. Complessivamente i controlli hanno interessato 18 scali ferroviari con capillare attenzione su 11 depositi bagagli dove sono stati utilizzati apparecchi metal detector. Tali apparecchi sono stati largamente impiegati durante le operazioni di incarrozzamento dei passeggeri sui principali treni a lunga percorrenza suggerendo cos\u00ec di approfondire gli accertamenti su 18 bagagli al seguito di viaggiatori, conclusisi con esito negativo.<\/p>\n<p>&nbsp;<\/p>\n<p>&nbsp;<\/p>\n<p>&nbsp;<\/p>\n<h1>A GOSALDO LA PROVINCIALE DEL MIS E&#8217; SEMPRE CHIUSA, IERI SERA CADE UN ALBERO E BLOCCA LA STRADA PER REN<\/h1>\n<p style=\"text-align: left;\"><strong><a class=\"dt-pswp-item\" href=\"http:\/\/www.radiopiu.net\/wordpress\/wp-content\/uploads\/2018\/11\/45401790_224661081791287_3711587828124090368_n.jpg\" data-dt-img-description=\"\" data-large_image_width=\"960\" data-large_image_height=\"540\"><img loading=\"lazy\" decoding=\"async\" class=\" wp-image-66930 alignleft\" src=\"http:\/\/www.radiopiu.net\/wordpress\/wp-content\/uploads\/2018\/11\/45401790_224661081791287_3711587828124090368_n-300x169.jpg\" alt=\"\" width=\"227\" height=\"128\" srcset=\"https:\/\/www.radiopiu.net\/wordpress\/wp-content\/uploads\/2018\/11\/45401790_224661081791287_3711587828124090368_n-300x169.jpg 300w, https:\/\/www.radiopiu.net\/wordpress\/wp-content\/uploads\/2018\/11\/45401790_224661081791287_3711587828124090368_n-768x432.jpg 768w, https:\/\/www.radiopiu.net\/wordpress\/wp-content\/uploads\/2018\/11\/45401790_224661081791287_3711587828124090368_n.jpg 960w\" sizes=\"auto, (max-width: 227px) 100vw, 227px\" \/><\/a>GOSALDO<\/strong> La provinciale del Mis \u00e8 sempre chiusa ad un mese dagli eventi alluvionali e il sindaco Giocondo Dalle Feste continua a rimarcarlo in ogni occasione. Da ieri sera il\u00a0 primo cittadino \u00e8 alle prese con \u00a0con il dopo alluvione.<em> &#8220;Gli alberi a bordo strada stanno collassando &#8211; dice Giocondo Dalle Feste &#8211;\u00a0ieri sera a Ren di Gosaldo un faggio di oltre 50 cm diametro \u00e8 scivolato sulla strada impedendone l&#8217;accesso alla frazione. Interpellati i Vigili del Fuoco di\u00a0 Agordo in meno di mezz&#8217;ora hanno ridotto il pericolo tagliando il tronco e spostando la ceppaia a bordo strada segnalando il pericolo con cartelli e nastro. La ceppaia verr\u00e0 rimossa luned\u00ec dagli operai comunali. Purtroppo\u00a0\u00a0\u00e8 il primo di tanti alberi che sono in bilico e che con il gelo e con la neve cadranno con grave nocumento alla circolazione per cui sar\u00e0 necessario intervenire a breve per evitare pericoli per incolumit\u00e0 delle persone&#8221;.<\/em><\/p>\n<p>&nbsp;<\/p>\n<p>&nbsp;<\/p>\n<p>&nbsp;<\/p>\n<p>&nbsp;<\/p>\n<p>&nbsp;<\/p>\n<h1>CANALE D&#8217;AGORDO SI RIALZA, MA LA CENTRALINA E&#8217; ANCORA FUORI USO<\/h1>\n<p><strong><a class=\"dt-pswp-item\" href=\"http:\/\/www.radiopiu.net\/wordpress\/wp-content\/uploads\/2018\/11\/f15cf8e4-b64e-40b5-bdb0-2b0ce45bbaa5.jpg\" data-dt-img-description=\"\" data-large_image_width=\"1599\" data-large_image_height=\"1200\"><img loading=\"lazy\" decoding=\"async\" class=\"alignnone wp-image-66247\" src=\"http:\/\/www.radiopiu.net\/wordpress\/wp-content\/uploads\/2018\/11\/f15cf8e4-b64e-40b5-bdb0-2b0ce45bbaa5-300x225.jpg\" alt=\"\" width=\"187\" height=\"140\" srcset=\"https:\/\/www.radiopiu.net\/wordpress\/wp-content\/uploads\/2018\/11\/f15cf8e4-b64e-40b5-bdb0-2b0ce45bbaa5-300x225.jpg 300w, https:\/\/www.radiopiu.net\/wordpress\/wp-content\/uploads\/2018\/11\/f15cf8e4-b64e-40b5-bdb0-2b0ce45bbaa5-768x576.jpg 768w, https:\/\/www.radiopiu.net\/wordpress\/wp-content\/uploads\/2018\/11\/f15cf8e4-b64e-40b5-bdb0-2b0ce45bbaa5-1024x768.jpg 1024w, https:\/\/www.radiopiu.net\/wordpress\/wp-content\/uploads\/2018\/11\/f15cf8e4-b64e-40b5-bdb0-2b0ce45bbaa5.jpg 1599w\" sizes=\"auto, (max-width: 187px) 100vw, 187px\" \/><\/a>IL SINDACO FLAVIO COLCERGNAN<\/strong><\/p>\n<audio class=\"wp-audio-shortcode\" id=\"audio-67951-2\" preload=\"none\" style=\"width: 100%;\" controls=\"controls\"><source type=\"audio\/mpeg\" src=\"http:\/\/www.radiopiu.net\/wordpress\/wp-content\/uploads\/2018\/12\/flavio.mp3?_=2\" \/><a href=\"http:\/\/www.radiopiu.net\/wordpress\/wp-content\/uploads\/2018\/12\/flavio.mp3\">http:\/\/www.radiopiu.net\/wordpress\/wp-content\/uploads\/2018\/12\/flavio.mp3<\/a><\/audio>\n<p>&nbsp;<\/p>\n<p>&nbsp;<\/p>\n<p>&nbsp;<\/p>\n<p>&nbsp;<\/p>\n<h1><a class=\"dt-pswp-item\" href=\"http:\/\/www.radiopiu.net\/wordpress\/wp-content\/uploads\/2018\/12\/2018-11-30-21.04.04.jpg\" data-dt-img-description=\"\" data-large_image_width=\"4608\" data-large_image_height=\"3456\"><img loading=\"lazy\" decoding=\"async\" class=\"size-medium wp-image-67978 alignleft\" src=\"http:\/\/www.radiopiu.net\/wordpress\/wp-content\/uploads\/2018\/12\/2018-11-30-21.04.04-300x225.jpg\" alt=\"\" width=\"300\" height=\"225\" srcset=\"https:\/\/www.radiopiu.net\/wordpress\/wp-content\/uploads\/2018\/12\/2018-11-30-21.04.04-300x225.jpg 300w, https:\/\/www.radiopiu.net\/wordpress\/wp-content\/uploads\/2018\/12\/2018-11-30-21.04.04-768x576.jpg 768w, https:\/\/www.radiopiu.net\/wordpress\/wp-content\/uploads\/2018\/12\/2018-11-30-21.04.04-1024x768.jpg 1024w\" sizes=\"auto, (max-width: 300px) 100vw, 300px\" \/><\/a><\/h1>\n<h1><\/h1>\n<h1><\/h1>\n<h1><\/h1>\n<h1><\/h1>\n<h1>COLLE SANTA LUCIA, IL PUNTO CON IL SINDACO PAOLO FRENA<\/h1>\n<audio class=\"wp-audio-shortcode\" id=\"audio-67951-3\" preload=\"none\" style=\"width: 100%;\" controls=\"controls\"><source type=\"audio\/mpeg\" src=\"http:\/\/www.radiopiu.net\/wordpress\/wp-content\/uploads\/2018\/12\/paolo-frena.mp3?_=3\" \/><a href=\"http:\/\/www.radiopiu.net\/wordpress\/wp-content\/uploads\/2018\/12\/paolo-frena.mp3\">http:\/\/www.radiopiu.net\/wordpress\/wp-content\/uploads\/2018\/12\/paolo-frena.mp3<\/a><\/audio>\n<p>&nbsp;<\/p>\n<p>&nbsp;<\/p>\n<p>&nbsp;<\/p>\n<h1>ACQUA POTABILE<\/h1>\n<div class=\"\" data-block=\"true\" data-editor=\"358sd\" data-offset-key=\"bcqtf-0-0\">\n<div class=\"_1mf _1mj\" data-offset-key=\"bcqtf-0-0\"><span data-offset-key=\"bcqtf-0-0\">Gestione Servizi Pubblici informa che \u00e8 di nuovo potabile, ed utilizzabile per scopi alimentari, l&#8217;acqua erogata a\u00a0<\/span><strong>Agordo,<\/strong> in <a class=\"dt-pswp-item\" href=\"http:\/\/www.radiopiu.net\/wordpress\/wp-content\/uploads\/2018\/11\/45516030_224660908457971_1943981680834379776_n.jpg\" data-dt-img-description=\"\" data-large_image_width=\"720\" data-large_image_height=\"960\"><img loading=\"lazy\" decoding=\"async\" class=\" wp-image-66932 alignleft\" src=\"http:\/\/www.radiopiu.net\/wordpress\/wp-content\/uploads\/2018\/11\/45516030_224660908457971_1943981680834379776_n-225x300.jpg\" alt=\"\" width=\"126\" height=\"168\" srcset=\"https:\/\/www.radiopiu.net\/wordpress\/wp-content\/uploads\/2018\/11\/45516030_224660908457971_1943981680834379776_n-225x300.jpg 225w, https:\/\/www.radiopiu.net\/wordpress\/wp-content\/uploads\/2018\/11\/45516030_224660908457971_1943981680834379776_n.jpg 720w\" sizes=\"auto, (max-width: 126px) 100vw, 126px\" \/><\/a>tutto il comune ad esclusione di Bries Sopra Strada, Prompicai, Parech e Toccol; <strong>Arsi\u00e8,<\/strong> in tutto il comune tranne Col Perer; <strong>Belluno,<\/strong> in tutto il comune ad esclusione della localita&#8217; Pra&#8217; de Luni; <strong>Cencenighe Agordino,<\/strong> in tutto il comune ad esclusione delle localita&#8217; Bastiani, Chenet, Lorenzon, Collaz, Pra Di Mezzo e Fa\u00e8; <strong>Domegge di Cadore,<\/strong> in tutto il comune; <strong>Falcade,<\/strong> in tutto il comune;<strong> Fonzaso,<\/strong> in tutto il comune; <strong>La Valle Agordina,<\/strong> in tutto il comune tranne Gaidon, Torsas, Chiesa, Torner, Centro, Lantrago, Conaggia, Fares e Cugnago; <strong>Livinallongo del Col di Lana,<\/strong> in via Sorar\u00f9, Casa Di Riposo inclusa, e nelle localit\u00e0 Pieve Centro, Sotto Chiesa, Grouppa e Retiz; <strong>Mel<\/strong>, in tutto il comune; <strong>Rocca Pietore,<\/strong> a Masare&#8217;, Col Badiot e Le Pale; <strong>Taibon Agordino<\/strong>, tutto il comune ad esclusione di Col di Carrera e Col di Pra&#8217;; <strong>Voltago Agordino,<\/strong> in tutto il comune tranne Frassen\u00e8, Villa, Bertoi e Digoman.<strong> a Canale d&#8217;Agordo\u00a0<\/strong> TUTTO IL COMUNE TRANNE NELLE LOCALITA&#8217; DI FEDER, CARFON e GAER,\u00a0<span style=\"font-family: Arial, sans-serif;\"><strong>Lamon,<\/strong> in tutto il comune tranne Oltra, Zavena, Campigotti, Geronemoni, Moggi, Totti e Cavalea;<\/span><\/div>\n<\/div>\n<h1><\/h1>\n<p>&nbsp;<\/p>\n<p>&nbsp;<\/p>\n<h1 class=\"entry-title\">DANNI MALTEMPO. PROROGATO FINO AL 13 DICEMBRE IL DIVIETO DI CACCIA IN 17 COMUNI BELLUNESI, E IN TUTTO IL VENETO A 500 METRI DA BOSCHI, FRANE E CANTIERI<\/h1>\n<blockquote class=\"wp-embedded-content\" data-secret=\"z5byIiUuJ7\"><p><a href=\"http:\/\/www.radiopiu.net\/wordpress\/danni-maltempo-prorogato-fino-al-13-dicembre-il-divieto-di-caccia-in-17-comuni-bellunesi-e-in-tutto-il-veneto-a-500-metri-da-boschi-frane-e-cantieri\/\">DANNI MALTEMPO. PROROGATO FINO AL 13 DICEMBRE IL DIVIETO DI CACCIA IN 17 COMUNI BELLUNESI, E IN TUTTO IL VENETO A 500 METRI DA BOSCHI, FRANE E CANTIERI<\/a><\/p><\/blockquote>\n<p><iframe loading=\"lazy\" class=\"wp-embedded-content\" sandbox=\"allow-scripts\" security=\"restricted\" style=\"position: absolute; clip: rect(1px, 1px, 1px, 1px);\" src=\"http:\/\/www.radiopiu.net\/wordpress\/danni-maltempo-prorogato-fino-al-13-dicembre-il-divieto-di-caccia-in-17-comuni-bellunesi-e-in-tutto-il-veneto-a-500-metri-da-boschi-frane-e-cantieri\/embed\/#?secret=z5byIiUuJ7\" data-secret=\"z5byIiUuJ7\" width=\"600\" height=\"338\" title=\"&#8220;DANNI MALTEMPO. PROROGATO FINO AL 13 DICEMBRE IL DIVIETO DI CACCIA IN 17 COMUNI BELLUNESI, E IN TUTTO IL VENETO A 500 METRI DA BOSCHI, FRANE E CANTIERI&#8221; &#8212; Radio Pi\u00f9\" frameborder=\"0\" marginwidth=\"0\" marginheight=\"0\" scrolling=\"no\"><\/iframe><\/p>\n<p>&nbsp;<\/p>\n<p>&nbsp;<\/p>\n<h2><\/h2>\n<h1><strong>SOVRACANONI: ACCORDO TRA ENEL GREEN POWER E CONSORZIO BIM PIAVE BELLUNO<\/strong><\/h1>\n<p><strong>\u00a0BELUNO\u00a0<\/strong>\u00a0Accordo raggiunto tra Enel Green Power e Consorzio BIM Piave di Belluno in tema di corresponsione dei sovracanoni pregressi. L\u2019intesa, siglata con piena soddisfazione delle parti, prevede che\u00a0venga innanzitutto garantita la corresponsione entro il 2018 delle spettanze derivanti dall\u2019applicazione della Legge Finanziaria 2013, che ha\u00a0esteso agli impianti idroelettrici aventi opera di presa al di sotto della quota di 500 metri l\u2019obbligo di pagamento dei sovracanoni, senza la necessit\u00e0 di attivare contenziosi in sede legale. L&#8217;accordo prevede altresi l&#8217;intesa per la riduzione degli importi dei sovracanoni per gli impianti interessati dalla riduzione del prelievo idrico in ragione dell\u2019applicazione del deflusso minimo vitale\u00a0 (DMV), introducendo modalit\u00e0 significativamente favorevoli per il Consorzio e per i Comuni ed in particolare: sensibile riduzione degli importi richiesti in restituzione, esclusione di meccanismi compensativi, puntuali forme rateizzate di restituzione, intangibilit\u00e0 delle riduzioni per le procedure ancora in corso in attesa di provvedimento formale di riconoscimento.<\/p>\n<p>\u201c<em>L\u2019intesa che si approva oggi &#8211;\u00a0<\/em><strong>sottolinea il Presidente del Bim Belluno, Umberto Soccal<em>\u00a0<\/em><\/strong><em>&#8211; si conferma di indubbia utilit\u00e0 per i Comuni del Consorzio BIM Piave dal punto di vista giuridico amministrativo, in quanto va ad evitare aggravi ed oneri facilmente prevedibili\u00a0 in caso di avvio di pesanti contenziosi con il concessionario, permettendo di definire le diverse vertenze portate al tavolo di confronto, anche con un impegno generale di ENEL a promuovere scelte aziendali di mirata attenzione per il territorio<\/em>\u201d.<em>\u00a0<\/em><\/p>\n<p><em>\u201cIl confronto con il BIM\u00a0<\/em>\u2013\u00a0<strong>afferma il responsabile Enel Green Power Area Nordest, Giovanni Rocchi<\/strong>\u00a0&#8211;<em>\u00a0\u00e8 stato intenso e proficuo perch\u00e9 ha permesso di trovare soluzione ad alcuni temi aperti ormai da lungo tempo. L\u2019individuazione di criteri certi nella definizione dei canoni rappresenta un elemento importante per la nostra gestione e per quella degli enti locali interessati. L\u2019accordo \u2013 <\/em><strong>ha aggiunto Rocchi<\/strong><em> &#8211; dimostra in misura tangibile che il confronto ed il dialogo con il territorio soni in grado di produrre risultati tangibili che vanno a beneficio degli operatori, delle amministrazioni e della collettivit\u00e0\u201d.<\/em><\/p>\n<p>&nbsp;<\/p>\n<p>&nbsp;<\/p>\n<h2><\/h2>\n<h2><\/h2>\n<h2>SANTA BARBARA, FESTA PER I PERITI MINERARI QUESTA MATTINA AD AGORDO CON LA CONSEGNA DELLA BORSE DI STUDIO. IL PENSIERO VA ANCHE AI VIGILI DEL FUOCO PER LA LORO SANTA BARBARA UN OCCASIONE IN PIU&#8217; PER DIRE GRAZIE PER IL LORO GRANDE IMPEGNO NEI GIORNI DEI DISASTRI<\/h2>\n<p>PER INGRANDIRE CLICCA<\/p>\n\n\t\t\t<style type='text\/css'>\n\t\t\t\t#gallery-1 {\n\t\t\t\t\tmargin: auto;\n\t\t\t\t}\n\t\t\t\t#gallery-1 .gallery-item {\n\t\t\t\t\tfloat: left;\n\t\t\t\t\tmargin-top: 10px;\n\t\t\t\t\ttext-align: center;\n\t\t\t\t\twidth: 33%;\n\t\t\t\t}\n\t\t\t\t#gallery-1 img {\n\t\t\t\t\tborder: 2px solid #cfcfcf;\n\t\t\t\t}\n\t\t\t\t#gallery-1 .gallery-caption {\n\t\t\t\t\tmargin-left: 0;\n\t\t\t\t}\n\t\t\t\t\/* see gallery_shortcode() in wp-includes\/media.php *\/\n\t\t\t<\/style>\n\t\t<div id='gallery-1' class='dt-gallery-container gallery galleryid-67951 gallery-columns-3 gallery-size-thumbnail'><dl class='gallery-item'>\n\t\t\t\t<dt class='gallery-icon portrait'>\n\t\t\t\t\t<a class=\"rollover\" href='https:\/\/www.radiopiu.net\/wordpress\/giornale-radiopiu-1-dicembre-2018-direttore-mirko-mezzacasa\/locandina-s-barbara-2018-pranzo-solidale\/'><img loading=\"lazy\" decoding=\"async\" width=\"150\" height=\"150\" src=\"https:\/\/www.radiopiu.net\/wordpress\/wp-content\/uploads\/2018\/11\/Locandina-S.-Barbara-2018-Pranzo-solidale-150x150.jpg\" class=\"attachment-thumbnail size-thumbnail\" alt=\"\" \/><\/a>\n\t\t\t\t<\/dt><\/dl>\n\t\t\t\t<br style='clear: both' \/>\n\t\t\t<\/div>\n\n<p><strong>AUDIO<\/strong><\/p>\n<audio class=\"wp-audio-shortcode\" id=\"audio-67951-4\" preload=\"none\" style=\"width: 100%;\" controls=\"controls\"><source type=\"audio\/mpeg\" src=\"http:\/\/www.radiopiu.net\/wordpress\/wp-content\/uploads\/2018\/12\/cigili-fuoco.mp3?_=4\" \/><a href=\"http:\/\/www.radiopiu.net\/wordpress\/wp-content\/uploads\/2018\/12\/cigili-fuoco.mp3\">http:\/\/www.radiopiu.net\/wordpress\/wp-content\/uploads\/2018\/12\/cigili-fuoco.mp3<\/a><\/audio>\n<p>&nbsp;<\/p>\n<p>&nbsp;<\/p>\n<p>&nbsp;<\/p>\n<p>&nbsp;<\/p>\n<h1>LA BLOGGER IN CASA LUXOTTICA CON IL PRESIDENTE<\/h1>\n<h2>Il Cavaliere, ieri in Francia per EssiLux, oggi in localit\u00e0 Valcozzena ad Agordo con la &#8216;influencer pi\u00f9 famosa tra i giovani. Che la signora Fedez stia per siglare un importante accordo con Leonardo Del Vecchio?<\/h2>\n<p><a class=\"dt-pswp-item\" href=\"http:\/\/www.radiopiu.net\/wordpress\/wp-content\/uploads\/2018\/12\/47136641_10218393180527687_6029344492501336064_n.jpg\" data-dt-img-description=\"\" data-large_image_width=\"594\" data-large_image_height=\"960\"><img loading=\"lazy\" decoding=\"async\" class=\"alignnone size-medium wp-image-67980\" src=\"http:\/\/www.radiopiu.net\/wordpress\/wp-content\/uploads\/2018\/12\/47136641_10218393180527687_6029344492501336064_n-186x300.jpg\" alt=\"\" width=\"186\" height=\"300\" srcset=\"https:\/\/www.radiopiu.net\/wordpress\/wp-content\/uploads\/2018\/12\/47136641_10218393180527687_6029344492501336064_n-186x300.jpg 186w, https:\/\/www.radiopiu.net\/wordpress\/wp-content\/uploads\/2018\/12\/47136641_10218393180527687_6029344492501336064_n.jpg 594w\" sizes=\"auto, (max-width: 186px) 100vw, 186px\" \/><\/a><a class=\"dt-pswp-item\" href=\"http:\/\/www.radiopiu.net\/wordpress\/wp-content\/uploads\/2018\/12\/47301800_10218392965562313_791359763081330688_n.jpg\" data-dt-img-description=\"\" data-large_image_width=\"480\" data-large_image_height=\"480\"><img loading=\"lazy\" decoding=\"async\" class=\"alignnone size-medium wp-image-67979\" src=\"http:\/\/www.radiopiu.net\/wordpress\/wp-content\/uploads\/2018\/12\/47301800_10218392965562313_791359763081330688_n-300x300.jpg\" alt=\"\" width=\"300\" height=\"300\" srcset=\"https:\/\/www.radiopiu.net\/wordpress\/wp-content\/uploads\/2018\/12\/47301800_10218392965562313_791359763081330688_n-300x300.jpg 300w, https:\/\/www.radiopiu.net\/wordpress\/wp-content\/uploads\/2018\/12\/47301800_10218392965562313_791359763081330688_n-150x150.jpg 150w, https:\/\/www.radiopiu.net\/wordpress\/wp-content\/uploads\/2018\/12\/47301800_10218392965562313_791359763081330688_n.jpg 480w\" sizes=\"auto, (max-width: 300px) 100vw, 300px\" \/><\/a><\/p>\n<p>Su istagram di Chiara foto postata (CLICCA PER INGRANDIRE): &#8220;Con il genio Leonardo Del Vecchio&#8221;. Foto\u00a0<a class=\"profileLink\" role=\"button\" href=\"https:\/\/www.facebook.com\/linda.bulf?fref=gs&amp;__tn__=%2CdK-R-R&amp;eid=ARBmb6m4MDPdERnD5QzkK8c4mzqjPs3GgvwHiaAcQLsCqxKRPYQxZLdTmCmZxBPEHCADKsrStPYt312P&amp;dti=61488111720&amp;hc_location=group\" rel=\"dialog\" data-hovercard=\"\/ajax\/hovercard\/user.php?id=100015106301050&amp;extragetparams=%7B%22__tn__%22%3A%22%2CdK-R-R%22%2C%22eid%22%3A%22ARBmb6m4MDPdERnD5QzkK8c4mzqjPs3GgvwHiaAcQLsCqxKRPYQxZLdTmCmZxBPEHCADKsrStPYt312P%22%2C%22fref%22%3A%22gs%22%2C%22directed_target_id%22%3A61488111720%2C%22dti%22%3A61488111720%2C%22hc_location%22%3A%22group%22%7D\" data-hovercard-prefer-more-content-show=\"1\">Linda Bulf<\/a>\u00a0e da Istagram\u00a0<a class=\"profileLink\" href=\"https:\/\/www.facebook.com\/theblondesalad\/?ref=gs&amp;__tn__=%2CdK-R-R&amp;eid=ARBkoAkIATQ20UwtZA5b_H_a82cUg5m68qDH15IwrBClapfHXCTh_cLkKHnHd-1PcrRMWtkAJRGVSk6Y&amp;fref=gs&amp;dti=61488111720&amp;hc_location=group\" data-hovercard=\"\/ajax\/hovercard\/page.php?id=109185092468092&amp;extragetparams=%7B%22__tn__%22%3A%22%2CdK-R-R%22%2C%22eid%22%3A%22ARBkoAkIATQ20UwtZA5b_H_a82cUg5m68qDH15IwrBClapfHXCTh_cLkKHnHd-1PcrRMWtkAJRGVSk6Y%22%2C%22fref%22%3A%22gs%22%2C%22directed_target_id%22%3A61488111720%2C%22dti%22%3A61488111720%2C%22hc_location%22%3A%22group%22%7D\" data-hovercard-prefer-more-content-show=\"1\">The Blonde Salad by Chiara Ferragni\u00a0<\/a><\/p>\n<p>&nbsp;<\/p>\n<p>&nbsp;<\/p>\n<p>&nbsp;<\/p>\n<h1>NEL RICORDO DI DEBORA, LE BORSE DI STUDIO<\/h1>\n<p><a class=\"dt-pswp-item\" href=\"http:\/\/www.radiopiu.net\/wordpress\/wp-content\/uploads\/2018\/12\/IMG_0103.jpg\" data-dt-img-description=\"\" data-large_image_width=\"4032\" data-large_image_height=\"3024\"><img loading=\"lazy\" decoding=\"async\" class=\"alignnone wp-image-67984 size-large\" src=\"http:\/\/www.radiopiu.net\/wordpress\/wp-content\/uploads\/2018\/12\/IMG_0103-1024x768.jpg\" alt=\"\" width=\"1024\" height=\"768\" srcset=\"https:\/\/www.radiopiu.net\/wordpress\/wp-content\/uploads\/2018\/12\/IMG_0103-1024x768.jpg 1024w, https:\/\/www.radiopiu.net\/wordpress\/wp-content\/uploads\/2018\/12\/IMG_0103-300x225.jpg 300w, https:\/\/www.radiopiu.net\/wordpress\/wp-content\/uploads\/2018\/12\/IMG_0103-768x576.jpg 768w\" sizes=\"auto, (max-width: 1024px) 100vw, 1024px\" \/><\/a><\/p>\n<p><strong>FALCADE Ieri sera a Falcade consegna delle borse di studio nel ricordo di Debora Nardi a\u00a0 Filippo Ferrari, Marta Gentile e Nicole Lorenzet,\u00a0\u00a0\u00a0cerimonia voluta dalla famiglia della ragazza prematuramente scomparsa in un incidente stradale il 5 dicembre 2011, consegnati anche i diplomi agli studenti che hanno concluso il ciclo di studi lo scorso anno. Nella serata anche il ricordo del professor Fulvio Mazzarol di Cencenighe.<\/strong><\/p>\n<p>&nbsp;<\/p>\n<p>&nbsp;<\/p>\n<h1><\/h1>\n<h1>PORTARE VIA IL LEGNAME IN TRENO<\/h1>\n<blockquote><p><em>De Menech: \u00abCi vorr\u00e0 pi\u00f9 di un anno per rimuovere gli alberi caduti. Impensabile farlo con migliaia di camion in pi\u00f9 sulle nostre strade\u00bb<\/em><\/p><\/blockquote>\n<p><strong><a class=\"dt-pswp-item\" href=\"http:\/\/www.radiopiu.net\/wordpress\/wp-content\/uploads\/2018\/11\/c57c8472-d71e-437f-8c9e-9952b19b11c9.jpg\" data-dt-img-description=\"\" data-large_image_width=\"1600\" data-large_image_height=\"1066\"><img loading=\"lazy\" decoding=\"async\" class=\"size-medium wp-image-67807 alignleft\" src=\"http:\/\/www.radiopiu.net\/wordpress\/wp-content\/uploads\/2018\/11\/c57c8472-d71e-437f-8c9e-9952b19b11c9-300x200.jpg\" alt=\"\" width=\"300\" height=\"200\" srcset=\"https:\/\/www.radiopiu.net\/wordpress\/wp-content\/uploads\/2018\/11\/c57c8472-d71e-437f-8c9e-9952b19b11c9-300x200.jpg 300w, https:\/\/www.radiopiu.net\/wordpress\/wp-content\/uploads\/2018\/11\/c57c8472-d71e-437f-8c9e-9952b19b11c9-768x512.jpg 768w, https:\/\/www.radiopiu.net\/wordpress\/wp-content\/uploads\/2018\/11\/c57c8472-d71e-437f-8c9e-9952b19b11c9-1024x682.jpg 1024w, https:\/\/www.radiopiu.net\/wordpress\/wp-content\/uploads\/2018\/11\/c57c8472-d71e-437f-8c9e-9952b19b11c9.jpg 1600w\" sizes=\"auto, (max-width: 300px) 100vw, 300px\" \/><\/a>BELLUNO<\/strong> \u00abL&#8217;enorme quantit\u00e0 di legname grezzo o semilavorato da spostare fuori provincia dopo l\u2019uragano di fine ottobre, suggerisce che si ripristini, anche temporaneamente, il servizio merci sulle linee ferroviarie bellunesi\u00bb. La proposta \u00e8 del deputato bellunese Roger De Menech, preoccupato che le migliaia di tonnellate di legname recuperato dai milioni di alberi abbattuti dal vento, contribuisca per intasare le strade: \u00abLa possibilit\u00e0 che migliaia di camion in pi\u00f9 percorrano quotidianamente le nostre strade per il prossimo anno e mezzo \u00e8 concreta\u00bb, afferma De Menech. \u00abAvremo pi\u00f9 traffico su una viabilit\u00e0 gi\u00e0 molto intasata, con maggiori pericoli e un aumento conseguente dell\u2019inquinamento\u00bb. \u00abDobbiamo avere l\u2019intelligenza e la lungimiranza di approfittare di un evento catastrofico per agire sul sistema economico e della mobilit\u00e0\u00bb, prosegue il deputato. \u00abBisogna fare presto, ma per quanto veloci saremo ci vorr\u00e0 oltre un anno. Per farlo serviranno le imprese che fanno la lavorazione primaria del legno, cio\u00e8 le segherie. \u00c8 un settore che abbiamo trascurato negli ultimi decenni e che ora abbiamo l\u2019opportunit\u00e0 di riprendere in mano e di incentivare, anche per impedire il crollo del prezzo del legname. Dal punto di vista logistico bisogner\u00e0 costruire delle grandi zone di stoccaggio e io dico che devono essere realizzate vicino a stazioni come per esempio Calalzo, Longarone, Ponte nelle Alpi e Sedico\u00bb. Per il trasporto si dovrebbero utilizzare i treni merci, possibilmente notturni per non intralciare la circolazione diurna dei passeggeri. \u00abSarebbe la soluzione pi\u00f9 idonea, pi\u00f9 rapida e probabilmente pi\u00f9 sicura\u00bb, conclude De Menech. \u00abCi consentirebbe inoltre di sperimentazione il servizio merci sulle nostre linee ed eventualmente estenderlo anche una volta finita l\u2019emergenza. Ne avremo enormi vantaggi dal punto di vista ambientale e dell\u2019occupazione\u00bb.<\/p>\n<p>&nbsp;<\/p>\n<p>&nbsp;<\/p>\n<p>&nbsp;<\/p>\n<p>&nbsp;<\/p>\n<h1>CITTA&#8217; IN DIALOGO, INTERCULTURA, PARTECIPAZIONE, NUOVE GENERAZIONI<\/h1>\n<blockquote><p><em>Tavola rotonda a Torino<\/em><\/p>\n<p>AUDIO<\/p>\n<audio class=\"wp-audio-shortcode\" id=\"audio-67951-5\" preload=\"none\" style=\"width: 100%;\" controls=\"controls\"><source type=\"audio\/ogg\" src=\"http:\/\/www.radiopiu.net\/wordpress\/wp-content\/uploads\/2018\/11\/tomasi.ogg?_=5\" \/><a href=\"http:\/\/www.radiopiu.net\/wordpress\/wp-content\/uploads\/2018\/11\/tomasi.ogg\">http:\/\/www.radiopiu.net\/wordpress\/wp-content\/uploads\/2018\/11\/tomasi.ogg<\/a><\/audio><\/blockquote>\n<p><strong><a class=\"dt-pswp-item\" href=\"http:\/\/www.radiopiu.net\/wordpress\/wp-content\/uploads\/2018\/04\/Valentina-Tomasi-1.jpg\" data-dt-img-description=\"\" data-large_image_width=\"240\" data-large_image_height=\"320\"><img loading=\"lazy\" decoding=\"async\" class=\"size-medium wp-image-46664 alignleft\" src=\"http:\/\/www.radiopiu.net\/wordpress\/wp-content\/uploads\/2018\/04\/Valentina-Tomasi-1-225x300.jpg\" alt=\"\" width=\"225\" height=\"300\" srcset=\"https:\/\/www.radiopiu.net\/wordpress\/wp-content\/uploads\/2018\/04\/Valentina-Tomasi-1-225x300.jpg 225w, https:\/\/www.radiopiu.net\/wordpress\/wp-content\/uploads\/2018\/04\/Valentina-Tomasi-1.jpg 240w\" sizes=\"auto, (max-width: 225px) 100vw, 225px\" \/><\/a>TORINO_BELLUNO<\/strong> Si \u00e8 tenuta Torino la tavola rotonda su &#8220;Citt\u00e0 in dialogo: intercultura, partecipazione, nuove generazioni&#8221;, organizzato all&#8217;interno del Festival dell&#8217;Educazione inaugurato ieri nel capoluogo piemontese e che si concluder\u00e0 domenica 2 dicembre. A rappresentare il Comune di Belluno, anche nella sua veste di componente della Commissione Immigrazione e Politiche per l\u2019Integrazione ANCI, l&#8217;assessore alle politiche dei flussi migratori, Valentina Tomasi: \u00abIl nostro territorio conosce da tempo il fenomeno dell&#8217;emigrazione: tutti i bellunesi hanno un nonno, un amico o un parente partito per l&#8217;estero, la Svizzera, il Brasile, l&#8217;Argentina o in tante altre parti del mondo. &#8211; spiega Tomasi \u2013 L&#8217;immigrazione \u00e8 invece una situazione nuova per noi, rispetto ad altre citt\u00e0 d&#8217;Italia: fino a qualche anno fa, lo \u201cstraniero\u201d nelle scuole arrivava dalle province vicine, mentre oggi il 10% dei bambini presenti negli istituti del territorio comunale \u00e8 figlio di genitori stranieri, ed \u00e8 anche grazie a loro che raggiungiamo i numeri sufficienti per mantenere aperte le scuole periferiche, consentendoci di combattere lo spopolamento e l&#8217;abbandono delle frazioni\u00bb. In questi giorni, \u00e8 arrivato anche il via libera al decreto immigrazione, e l&#8217;assessore ha proposto un accostamento di immagini tristemente familiare ai bellunesi: \u00abHo spiegato quanto accaduto nelle ultime settimane al Parco fluviale di Lambioi: prima dell&#8217;alluvione di fine ottobre, c&#8217;era una realt\u00e0 accogliente, che stava crescendo e migliorandosi, che ha visto l&#8217;impegno ed il lavoro di enti, istituzioni, volontari e cittadini per un bene comune; poi \u00e8 arrivata l&#8217;alluvione, la piena del Piave e l&#8217;onda che ha spazzato via tutto. &#8211; ricorda Tomasi \u2013 Ecco, il decreto immigrazione, per me, ha lo stesso effetto di quell&#8217;onda: un provvedimento che spazza via anni di lavoro sull&#8217;integrazione, che non consente pi\u00f9 la conoscenza dell&#8217;altro e l&#8217;interazione tra realt\u00e0, mondi e culture diverse. Togliendo fondi per servizi come i corsi di italiano e di orientamento civico, si accresce il divario, aumentando la diffidenza e la paura; una scelta imposta unilateralmente dal Governo agli enti locali, che ora si trovano da soli ad affrontare tutte le problematiche che ne deriveranno\u00bb. Al termine dell&#8217;intervento dell&#8217;assessore, ha preso la parola la \u201cpadrona di casa\u201d Federica Patti, assessore all&#8217;istruzione della giunta cinquestelle di Torino, che ha sottolineato che \u00abcome amministratori e come Citt\u00e0 di Torino promuoviamo il dialogo e l&#8217;integrazione tra le culture, in continuit\u00e0 con le amministrazioni precedenti\u00bb. \u00abLa mancata condivisione con i territori \u2013 conclude Tomasi \u2013 non ha consentito al legislatore di conoscere tutti quei processi e quelle attivit\u00e0 di integrazione che, di fatto, avrebbero smentito le fondamenta sulle quali si fonda il decreto immigrazione, come l&#8217;allarme criminalit\u00e0 o la paura di una \u201csottomissione\u201d culturale\u00bb.<\/p>\n<p>&nbsp;<\/p>\n<p>&nbsp;<\/p>\n<p>&nbsp;<\/p>\n<h1>STAGIONE SCIISTICA AL VIA, LE INTERVISTE DI RADIO PIU<\/h1>\n<p><strong>DA ALLEGHE CRISTIAN MORETTI ANDREA DAL FARRA\u00a0<\/strong><\/p>\n<audio class=\"wp-audio-shortcode\" id=\"audio-67951-6\" preload=\"none\" style=\"width: 100%;\" controls=\"controls\"><source type=\"audio\/mpeg\" src=\"http:\/\/www.radiopiu.net\/wordpress\/wp-content\/uploads\/2018\/11\/ALLEGHE-FUNIVIE.mp3?_=6\" \/><a href=\"http:\/\/www.radiopiu.net\/wordpress\/wp-content\/uploads\/2018\/11\/ALLEGHE-FUNIVIE.mp3\">http:\/\/www.radiopiu.net\/wordpress\/wp-content\/uploads\/2018\/11\/ALLEGHE-FUNIVIE.mp3<\/a><\/audio>\n<p><strong>DA FALCADE RENZO MINELLA<\/strong><\/p>\n<audio class=\"wp-audio-shortcode\" id=\"audio-67951-7\" preload=\"none\" style=\"width: 100%;\" controls=\"controls\"><source type=\"audio\/mpeg\" src=\"http:\/\/www.radiopiu.net\/wordpress\/wp-content\/uploads\/2018\/11\/renzo-minella.mp3?_=7\" \/><a href=\"http:\/\/www.radiopiu.net\/wordpress\/wp-content\/uploads\/2018\/11\/renzo-minella.mp3\">http:\/\/www.radiopiu.net\/wordpress\/wp-content\/uploads\/2018\/11\/renzo-minella.mp3<\/a><\/audio>\n<p><strong>DA ARABBA DIEGO DE BATTISTA<\/strong><\/p>\n<audio class=\"wp-audio-shortcode\" id=\"audio-67951-8\" preload=\"none\" style=\"width: 100%;\" controls=\"controls\"><source type=\"audio\/mpeg\" src=\"http:\/\/www.radiopiu.net\/wordpress\/wp-content\/uploads\/2018\/11\/diego-de-battista-arabba.mp3?_=8\" \/><a href=\"http:\/\/www.radiopiu.net\/wordpress\/wp-content\/uploads\/2018\/11\/diego-de-battista-arabba.mp3\">http:\/\/www.radiopiu.net\/wordpress\/wp-content\/uploads\/2018\/11\/diego-de-battista-arabba.mp3<\/a><\/audio>\n<p>&nbsp;<\/p>\n<p>&nbsp;<\/p>\n<p>&nbsp;<\/p>\n<p>&nbsp;<\/p>\n<p>&nbsp;<\/p>\n<h2>SOSE TORNA ALLA CARICA CON IL SUO QUESTIONARIO PER COMUNI ED ENTI LOCALI: ORE E ORE DI IMPEGNO PER INSERIRE I DATI, SENZA CHIAREZZA SUGLI OBIETTIVI. NECESSARIA UNA REVISIONE DEL SISTEMA<\/h2>\n<p><a class=\"dt-pswp-item\" href=\"http:\/\/www.radiopiu.net\/wordpress\/wp-content\/uploads\/2018\/11\/download-9.jpg\" data-dt-img-description=\"\" data-large_image_width=\"301\" data-large_image_height=\"167\"><img loading=\"lazy\" decoding=\"async\" class=\"size-medium wp-image-67968 alignleft\" src=\"http:\/\/www.radiopiu.net\/wordpress\/wp-content\/uploads\/2018\/11\/download-9-300x166.jpg\" alt=\"\" width=\"300\" height=\"166\" srcset=\"https:\/\/www.radiopiu.net\/wordpress\/wp-content\/uploads\/2018\/11\/download-9-300x166.jpg 300w, https:\/\/www.radiopiu.net\/wordpress\/wp-content\/uploads\/2018\/11\/download-9.jpg 301w\" sizes=\"auto, (max-width: 300px) 100vw, 300px\" \/><\/a>Puntuale come ogni anno <strong>i Comuni italiani, le Unioni montane, le Comunit\u00e0 montane hanno ricevuto nei giorni scorsi il questionario del Sose<\/strong>, &#8220;finalizzato all&#8217;aggiornamento dei dati rilevanti ai fini della determinazione dei fabbisogni standard, relativamente alle funzioni fondamentali definite nel decreto legislativo 216 del 26 novembre 2010&#8221;, come riportato nella nota rivolta agli Enti inviata dalla societ\u00e0 per azioni che organizza &#8220;Soluzioni per il Sistema Economico&#8221;. Uncem denuncia da tempo che il questionario, in particolare negli Enti pi\u00f9 piccoli e anche nelle Unioni e nelle Comunit\u00e0 montane, sia <strong>un&#8217;indagine con domande in molti casi assurde, senza finalit\u00e0 chiare<\/strong>, che impegnano ore e ore di lavoro dei (pochi) funzionari degli Enti, oltre che &#8211; in moltissimi casi &#8211; gli stessi Sindaci e Amministratori locali. &#8220;Dopo Dup e tutti gli altri adempimenti dei bilanci e della contabilit\u00e0 pubblica, <strong>il Sose chiede dati che lo Stato dovrebbe gi\u00e0 avere<\/strong>, che dovrebbero gi\u00e0 essere noti, che non si capisce bene a cosa servano. Servissero a determinare realmente i costi standard, piuttosto che a colmare gap territoriali e sperequazioni tra Enti e distretti, allora s\u00ec che potrebbe essere utile la compilazione del questionario Sose. Ma siccome sappiamo che purtroppo cos\u00ec non \u00e8, chiediamo si possa intervenire gi\u00e0 nella legge di bilancio 2019 eliminando il questionario o almeno depurandolo di troppe assurde domande&#8221;, sottolinea il Presidente Uncem Marco Bussone.\u00a0 \u00a0<strong>Uncem ritiene eccessive e molto spesso inutili le domande dei due blocchi del questionario<\/strong>.\u00a0Il primo modulo, &#8220;Dati strutturali&#8221;, raccoglie infatti le informazioni in merito alle caratteristiche dell\u2019ente e del territorio, nonch\u00e9 alle risorse a disposizione per la produzione dei servizi svolti per le funzioni di istruzione pubblica, settore sociale e asili nido, amministrazione, gestione e controllo, polizia locale, viabilit\u00e0 e trasporti e gestione del territorio e dell\u2019ambiente.\u00a0Il secondo modulo, &#8220;Dati relativi al personale e dati contabili&#8221;, raccoglie le informazioni riguardanti le consistenze e le spese del personale addetto a ciascun servizio e riguardanti le entrate e le spese correnti per ogni servizio. &#8220;Troppi, troppi dati, alcuni veramente incomprensibili, tipo il numero di alberi sul territorio e altre questioni fisiche orografiche che Ispra, Istat e altri soggetti pubblici o privati nazionali gi\u00e0 conoscono &#8211; evidenzia Bussone &#8211; Si riveda in fretta questo sistema. <strong>Per i Comuni \u00e8 troppo spesso considerato una perdita di tempo<\/strong>. Uncem ritiene che il rischio abbiano ragione sia alto, se non vi sono conseguenti positive scelte politiche in materia di fiscalit\u00e0 locale per il pubblico e per il privato. \u00c8 vero che senza dati, la politica rischia di fare scelte sbagliate. Ma \u00e8 anche vero che <strong>i big data devono essere fondanti rispetto a scelte che non possono continuare a tardare<\/strong>. Impegnare gli Enti, i Sindaci e gli uffici nella compilazione del questionario Sose deve portare a soluzioni dei problemi, coesione e politiche territoriali serie e durature. Speriamo di non doverlo ripetere anche il 30 novembre del prossimo anno.<\/p>\n<p>FOTO\u00a0<span class=\"oedJWe\"><a class=\"irc_pt irc_tas i3598 irc_lth\" dir=\"ltr\" tabindex=\"0\" href=\"https:\/\/www.google.it\/url?sa=i&amp;source=images&amp;cd=&amp;cad=rja&amp;uact=8&amp;ved=2ahUKEwjqg-SfvPzeAhXICuwKHU4UCzAQjhx6BAgBEAM&amp;url=http%3A%2F%2Fwww.forzaitaliaginosa.it%2Fnews%2Fstorie-di-ordinaria-burocrazia-a-ginosa-e-marina-di-ginosa%2F&amp;psig=AOvVaw0T20uyVf-lvH395AumkXZZ&amp;ust=1543679442080806\" target=\"_blank\" rel=\"noopener\" data-noload=\"\" data-ved=\"2ahUKEwjqg-SfvPzeAhXICuwKHU4UCzAQjhx6BAgBEAM\">Storie di ordinaria burocrazia a Ginosa e Marina di Ginosa \u2013 Forza &#8230;\u00a0<\/a><\/span><span class=\"irc_dsh\"><a class=\"o5rIVb irc_hol i3724 irc_lth\" tabindex=\"0\" href=\"http:\/\/www.forzaitaliaginosa.it\/news\/storie-di-ordinaria-burocrazia-a-ginosa-e-marina-di-ginosa\/\" target=\"_blank\" rel=\"noopener\" data-noload=\"\" data-ved=\"2ahUKEwjqg-SfvPzeAhXICuwKHU4UCzAQjB16BAgBEAQ\"><span class=\"irc_ho\" dir=\"ltr\">Forza Italia Ginosa<\/span><\/a>\u00a0\u00a0<\/span><\/p>\n<p>&nbsp;<\/p>\n<p>&nbsp;<\/p>\n<p>&nbsp;<\/p>\n<p>&nbsp;<\/p>\n<p align=\"JUSTIFY\"><span style=\"font-size: x-large;\"><b>Confcommercio: \u00abAd un mese dal disastro troppo poche le certezze\u00bb<\/b><\/span><\/p>\n<p align=\"JUSTIFY\"><a class=\"dt-pswp-item\" href=\"http:\/\/www.radiopiu.net\/wordpress\/wp-content\/uploads\/2016\/03\/ascom.jpg\" data-dt-img-description=\"\" data-large_image_width=\"973\" data-large_image_height=\"361\"><img loading=\"lazy\" decoding=\"async\" class=\"size-medium wp-image-17846 alignleft\" src=\"http:\/\/www.radiopiu.net\/wordpress\/wp-content\/uploads\/2016\/03\/ascom-300x111.jpg\" alt=\"\" width=\"300\" height=\"111\" \/><\/a>Un mese oggi dal disastro e, a fronte dell&#8217;impegno immane messo in campo da cittadini, imprese, volontari ed amministratori per affrontare l&#8217;emergenza, le certezze sulla disponibilit\u00e0 di ristori economici ancora non ci sono.<em> \u00abDa subito\u00bb, afferma il presidente di Confcommercio Belluno Paolo Doglioni, \u00abci siamo attivati presso tutti i canali per esprimere le esigenze del territorio e delle imprese. Sostegno bancario e risorse pubbliche per i costi di ripristino, moratorie sul pagamento di imposte e contributi e sburocratizzazione degli iter di accesso ad eventuali fondi, proroga della prevenzione incendi per le imprese ricadenti nei territori danneggiati ed allungamento dei tempi per il bando &#8220;riqualificazione ricettivit\u00e0 montana&#8221; gi\u00e0 accolta dalla Regione. Tante richieste, alcune recepite, molte ancora in attesa di certezze\u00bb.<\/em> Confcommercio e Federalberghi intendono cos\u00ec rafforzare le istanze gi\u00e0 presentate nelle scorse settimane ai rappresentanti politici bellunesi affinch\u00e9 al pi\u00f9 presto vengano adottati i necessari provvedimenti di aiuto.<em> \u00abIl territorio e la sua economia\u00bb, conclude Doglioni, \u00abnon possono permettersi di affrontare questa situazione senza che le promesse ricevute si concretizzino in tempi certi e rapidi. Ci serve davvero l&#8217;aiuto dei nostri rappresentanti e di adeguati provvedimenti perch\u00e9 non ci si dimentichi troppo presto di quanto accaduto e degli impegni assunti\u00bb.<\/em><\/p>\n<p>&nbsp;<\/p>\n<p>&nbsp;<\/p>\n<p>&nbsp;<\/p>\n<p>&nbsp;<\/p>\n<p>&nbsp;<\/p>\n<h1>CONSULTA VENETA DELLA PROPRIETA&#8217; COLLETTIVA<\/h1>\n<p><a class=\"dt-pswp-item\" href=\"http:\/\/www.radiopiu.net\/wordpress\/wp-content\/uploads\/2018\/11\/45290504_224661035124625_2998678666361176064_n.jpg\" data-dt-img-description=\"\" data-large_image_width=\"707\" data-large_image_height=\"960\"><img loading=\"lazy\" decoding=\"async\" class=\"size-medium wp-image-66925 alignleft\" src=\"http:\/\/www.radiopiu.net\/wordpress\/wp-content\/uploads\/2018\/11\/45290504_224661035124625_2998678666361176064_n-221x300.jpg\" alt=\"\" width=\"221\" height=\"300\" srcset=\"https:\/\/www.radiopiu.net\/wordpress\/wp-content\/uploads\/2018\/11\/45290504_224661035124625_2998678666361176064_n-221x300.jpg 221w, https:\/\/www.radiopiu.net\/wordpress\/wp-content\/uploads\/2018\/11\/45290504_224661035124625_2998678666361176064_n.jpg 707w\" sizes=\"auto, (max-width: 221px) 100vw, 221px\" \/><\/a>Il 27 novembre 2018, presso la sala della Magnifica Comunit\u00e0 di Cadore, a Pieve di Cadore (BL), si sono riuniti i soci della Consulta Veneta della Propriet\u00e0 Collettiva, associazione che riunisce buona parte delle realt\u00e0 collettive territoriali del Veneto: Regole, Vicinie e amministrazioni di uso civico si sono confrontate sui gravi problemi causati dal maltempo sul territorio alpino di fine ottobre 2018.<br \/>\nMolte realt\u00e0 regoliere sono state colpite in modo molto serio sul loro patrimonio boschivo, con centinaia di migliaia di alberi schiantati dal vento, strade forestali dissestate, ostruite o impraticabili, danni da esondazioni di torrenti. In queste settimane si sta lavorando al conteggio dei danni subiti, sia in termini ambientali, dove ampie fasce o interi versanti di boschi sono stati abbattuti e sradicati dai venti, sia economici. La grande quantit\u00e0 di massa legnosa deve essere raggiunta e recuperata entro i prossimi mesi, altrimenti il normale corso biologico far\u00e0 deteriorare il legno e perdere il valore tecnologico e commerciale dello stesso, aggiungendo al danno patrimoniale anche il mancato guadagno da parte dei proprietari boschivi. Le Regole si stanno gi\u00e0 rimboccando le maniche, attraverso il veloce recupero degli schianti e la vendita degli stessi \u2013 dove possibile \u2013 come legname da opera: uno dei problemi \u00e8 dato dalla grande quantit\u00e0 di questo legname che entra sul mercato del legno, fenomeno che influisce al ribasso sui prezzi di vendita dello stesso. Difficile e costoso \u00e8, in molti casi, raggiungere i luoghi impervi dove si trova questo legname abbattuto dal vento, tanto che, in alcune situazioni, il lavoro di esbosco risulta economicamente non vantaggioso e obbliga il proprietario a lasciare a terra gli alberi abbattuti o sradicati. La Consulta chieder\u00e0 un incontro a breve con il Commissario regionale preposto all\u2019emergenza \u2013 il Presidente Luca Zaia \u2013 al fine di chiedere un sostegno concreto per fronteggiare sia l\u2019emergenza del momento, sia il piano di progressivo recupero dei boschi cos\u00ec rovinati: il mantenimento e la cura delle zone a bosco ha infatti un\u2019importanza fondamentale per mantenere l\u2019assetto idrogeologico, regimare le acque e le valanghe, stabilizzare i versanti e \u2013 non ultimo \u2013 sostenere le attivit\u00e0 turistiche di cui il Bellunese vive. Alla Regione sar\u00e0 chiesto un piano di interventi che faciliti il recupero degli schianti e la rimessa in pristino di strade e piste forestali, attraverso procedure burocratiche semplificate e specifiche misure sul Piano di Sviluppo Rurale. In un momento successivo si dovranno rivedere i piani di assestamento forestale e i criteri della loro gestione, in quanto l\u2019entit\u00e0 dei danni sposta necessariamente l\u2019attenzione sia al recupero di interi versanti boscati, sia alla programmazione dei tagli per i prossimi anni, trovando una giusta mediazione fra le necessit\u00e0 di corrette pratiche selvicolturali e quelle di un costante lavoro di prelievo dal bosco del legname, indispensabile per garantire la sopravvivenza economica di molte Regole, sopravvivenza che \u00e8 fondamentale per mantenere la cura dei boschi e della natura per i decenni a venire.<\/p>\n<p>&nbsp;<\/p>\n<p>&nbsp;<\/p>\n<p>&nbsp;<\/p>\n<h1>ATTIVAZIONE DI NUOVI COLLEGAMENTI PRIMIERO &#8211; AGORDINO, PER IL TRASPORTO DEI LAVORATORI PENDOLARI DELLO STABILIMENTO LUXOTTICA DI AGORDO<\/h1>\n<p><strong><a class=\"dt-pswp-item\" href=\"http:\/\/www.radiopiu.net\/wordpress\/wp-content\/uploads\/2018\/08\/dolomitibus.jpeg\" data-dt-img-description=\"\" data-large_image_width=\"621\" data-large_image_height=\"414\"><img loading=\"lazy\" decoding=\"async\" class=\" wp-image-59158 alignleft\" src=\"http:\/\/www.radiopiu.net\/wordpress\/wp-content\/uploads\/2018\/08\/dolomitibus-300x200.jpeg\" alt=\"\" width=\"360\" height=\"240\" srcset=\"https:\/\/www.radiopiu.net\/wordpress\/wp-content\/uploads\/2018\/08\/dolomitibus-300x200.jpeg 300w, https:\/\/www.radiopiu.net\/wordpress\/wp-content\/uploads\/2018\/08\/dolomitibus.jpeg 621w\" sizes=\"auto, (max-width: 360px) 100vw, 360px\" \/><\/a>AGORDO\u00a0\u00a0<\/strong>La Provincia Autonoma di Trento e la Provincia di Belluno hanno collaborato per realizzare un servizio di trasporto pubblico rivolto ai lavoratori che risiedono in Provincia di Trento Zona di Primiero e della Provincia di Belluno Zona dell\u2019Alto Agordino e si recano al lavoro presso lo stabilimento Luxottica. Da luned\u00ec 3 dicembre 2018, saranno operativi i nuovi collegamenti intervallivi tanto attesi dai lavoratori pendolari di Primiero e dei Comuni di Gosaldo e Voltago. A seguito dell\u2019accordo tra le Province di Belluno e di Trento troveranno infatti risposta le aspettative dei lavoratori Luxottica di Agordo con orario di lavoro a giornata (8.00 \u2013 17.00) ed a turno (6.00 \u2013 14.00, 14.00 &#8211; 22.00 e 22.00 \u2013 6.00). Per tutti questi orari di lavoro, la collaborazione ed integrazione, tra Trentino Trasporti e Dolomiti Bus, dar\u00e0 come risultato l\u2019attivazione di corse con origine in Primiero ed arrivo in Luxottica ad Agordo, con ritorno a fine turno e con fermate lungo tutto il percorso, Bellunese compreso. L\u2019accesso a bordo delle corse sar\u00e0 possibile indifferentemente con l\u2019abbonamento di una delle due aziende di trasporto che verr\u00e0 reciprocamente riconosciuto. Gli orari dettagliati sono disponibili sul sito e sui social delle due aziende. Luxottica si \u00e8 impegnata, in questo primo momento di sperimentazione, assieme a Trentino Trasporti e Dolomitibus, a monitorare l\u2019accesso ai servizi ed a rivedere la distribuzione degli accessi compatibilmente ai posti-autobus offerti. Il servizio verr\u00e0 effettuato da autobus che assicurano il comfort, la sicurezza e la puntualit\u00e0 del viaggio, permettendo di arrivare nel luogo di lavoro in tranquillit\u00e0. L\u2019attivazione di un servizio di trasporto dedicato alle persone che si recano al lavoro garantisce ed agevola l\u2019opportunit\u00e0 per gli abitanti di continuare a vivere in realt\u00e0 montane e di poter usufruire del mezzo pubblico per raggiungere il posto di lavoro in completa sicurezza viaggiando a bordo di autobus a basso impatto ambientale. Il potenziamento dei servizi di trasporto pubblico locale e la promozione della mobilit\u00e0 sostenibile nei territori montani della Provincia Autonoma di Trento e della Provincia di Belluno, rappresentano una sinergia importante finalizzata alla fattiva ed adeguata risposta alle esigenze del territorio aumentando la consapevolezza rispetto agli impatti negativi del traffico veicolare sull\u2019ambiente nonch\u00e9 in linea con gli obiettivi nazionali e comunitari di riduzione delle emissioni di gas serra derivanti dal settore dei trasporti.<br \/>\nLa mobilit\u00e0 sostenibile e intelligente pu\u00f2 funzionare solo in un contesto adeguato dove anche le infrastrutture ed il territorio siano pronti ad accogliere lo sviluppo dell\u2019utilizzo del trasporto pubblico locale nel tragitto casa \u2013 lavoro \u2013 casa, incentivando la possibilit\u00e0 di lasciare l\u2019auto a casa.<\/p>\n<h1>IL SERVIZIO DI IERI, COSI&#8217; RADIO PIU&#8217; HA ANTICIPATO LA NOTIZIA<\/h1>\n<blockquote class=\"wp-embedded-content\" data-secret=\"WzaX24JXAG\"><p><a href=\"http:\/\/www.radiopiu.net\/wordpress\/dolomitibus-e-trentino-trasporti-insieme-per-i-dipendenti-luxottica\/\">DOLOMITIBUS E TRENTINO TRASPORTI INSIEME PER I DIPENDENTI LUXOTTICA<\/a><\/p><\/blockquote>\n<p><iframe loading=\"lazy\" class=\"wp-embedded-content\" sandbox=\"allow-scripts\" security=\"restricted\" style=\"position: absolute; clip: rect(1px, 1px, 1px, 1px);\" src=\"http:\/\/www.radiopiu.net\/wordpress\/dolomitibus-e-trentino-trasporti-insieme-per-i-dipendenti-luxottica\/embed\/#?secret=WzaX24JXAG\" data-secret=\"WzaX24JXAG\" width=\"600\" height=\"338\" title=\"&#8220;DOLOMITIBUS E TRENTINO TRASPORTI INSIEME PER I DIPENDENTI LUXOTTICA&#8221; &#8212; Radio Pi\u00f9\" frameborder=\"0\" marginwidth=\"0\" marginheight=\"0\" scrolling=\"no\"><\/iframe><\/p>\n<p>&nbsp;<\/p>\n<p>&nbsp;<\/p>\n<p>&nbsp;<\/p>\n<h1>IC FELTRE: S\u00ec alla \u201cSettimana Corta\u201d. Progetto sperimentale dal prossimo anno scolastico alla media \u201cRocca\u201d. Favorevoli il Collegio Docenti e il Consiglio d&#8217;Istituto per venire incontro alle richieste dei genitori.<\/h1>\n<p><strong>FELTRE<\/strong> Sei unit\u00e0 orarie 8-14. E&#8217; il tempo scuola della \u201cSettimana Corta\u201d approvato dal Collegio Docenti e dal Consiglio d&#8217;Istituto dell&#8217;IC di Feltre per la scuola media. Una iniziativa sperimentale per venire incontro alle richieste dei genitori che, nelle scorse settimane, avevano fatto pervenire all&#8217;istituto di viale Arnaldo Fusinato una scheda, predisposta dalla scuola, per verificare la reale manifestazione di interesse a questa organizzazione oraria per l&#8217;anno scolastico 2019-2020. Questo, a conclusione di un iter avviato gi\u00e0 l&#8217;anno scorso su richiesta di un gruppo di genitori che per\u00f2, al limite con i tempi tecnici, non aveva raggiunto numeri significativi di adesione. Questa volta, invece, i genitori potenzialmente interessati alla cosiddetta \u201cSettimana Corta\u201d sono stati 44, il che fa presumere, al Collegio e al Consiglio di Istituto, che in fase di iscrizione, a gennaio, sar\u00e0 possibile formare almeno una classe prima (se non due, se la scelta sar\u00e0 effettivamente confermata dai numeri attuali) con questo taglio orario (rimanendo le altre sezioni suddivise in tempo normale e tempo prolungato). \u201cI numeri reali si sapranno solo all&#8217;atto delle iscrizioni \u2013 spiega la preside dell&#8217;IC di Feltre, Cristina Beltrame \u2013 Con questo atto approvato ieri in Collegio e in Consiglio abbiamo voluto accogliere le richieste dei genitori visto che quest&#8217;anno i numeri erano comunque significativi. Si tratta di un potenziamento, di fatto, della nostra offerta formativa anche se, va detto, quella che partir\u00e0 sar\u00e0 una Settimana Corta sperimentale perch\u00e9 dobbiamo ancora verificare come sar\u00e0 articolato il sistema dei trasporti pubblici e poi organizzare al meglio il piano didattico\u201d. Un piano didattico che deve fare i conti con sei unit\u00e0 orarie e che in altre occasioni era stato gi\u00e0 segnalato come potenzialmente non ottimale per i ragazzi, faticoso soprattutto nelle ultime ore. Ma nonostante le incertezze, che rimangono, ha prevalso l&#8217;idea della sperimentazione e della accondiscendenza verso le esigenze segnalate dalle famiglie. \u201cIl Consiglio d&#8217;Istituto si \u00e8 adeguato alla scelta operata dal Collegio Docenti \u2013 spiega Andrea Casagrande, presidente del Consiglio d&#8217;Istituto dell&#8217;IC di Feltre \u2013 apprezzandone l&#8217;operato. Del resto, pur condividendo i dubbi sui punti organizzativi e didattici che sono da verificare, non volevamo privare i genitori di una scelta che si \u00e8 dimostrata sentita, suffragata dai numeri delle richieste\u201d. I genitori che vorranno quindi iscrivere i propri figli all&#8217;IC di Feltre per l&#8217;anno scolastico 2019-2020 troveranno, a gennaio, nella domanda di iscrizione, le opzioni: Tempo Normale (dal luned\u00ec al sabato, 8-13), Tempo Prolungato (dal luned\u00ec al sabato 8-13 + due rientri pomeridiani il luned\u00ec e il mercoled\u00ec 14-16) e Settimana Corta (dal luned\u00ec al venerd\u00ec 8-14). Sabato 1 dicembre, a partire dalle ore 9, \u00e8 previsto nell&#8217;aula magna della scuola media \u201cRocca\u201d, alla presenza del dirigente scolastico, l&#8217;incontro con i genitori per illustrare il funzionamento dell&#8217;istituto e quindi anche le diverse opzioni orarie.<\/p>\n<h1><\/h1>\n<p>&nbsp;<\/p>\n<p>&nbsp;<\/p>\n<p align=\"CENTER\"><span style=\"color: #000000;\"><span style=\"font-family: Candara, sans-serif;\"><span style=\"font-size: large;\"><b>SVOLTA ROSA AI VERTICI DEL COMITATO D\u2019INTESA\u00a0<\/b><\/span><\/span><span style=\"font-family: Candara, sans-serif;\"><span style=\"font-size: large;\"><b>ELISA CORR\u00c0 \u00c8 LA NUOVA VICEPRESIDENTE<\/b><\/span><\/span><\/span><\/p>\n<p align=\"JUSTIFY\"><span style=\"font-family: Corbel, sans-serif;\"><strong><a class=\"dt-pswp-item\" href=\"http:\/\/www.radiopiu.net\/wordpress\/wp-content\/uploads\/2018\/11\/corra_elisa_foto.png.jpg\" data-dt-img-description=\"\" data-large_image_width=\"2134\" data-large_image_height=\"2304\"><img loading=\"lazy\" decoding=\"async\" class=\"size-medium wp-image-67970 alignleft\" src=\"http:\/\/www.radiopiu.net\/wordpress\/wp-content\/uploads\/2018\/11\/corra_elisa_foto.png-278x300.jpg\" alt=\"\" width=\"278\" height=\"300\" srcset=\"https:\/\/www.radiopiu.net\/wordpress\/wp-content\/uploads\/2018\/11\/corra_elisa_foto.png-278x300.jpg 278w, https:\/\/www.radiopiu.net\/wordpress\/wp-content\/uploads\/2018\/11\/corra_elisa_foto.png-768x829.jpg 768w, https:\/\/www.radiopiu.net\/wordpress\/wp-content\/uploads\/2018\/11\/corra_elisa_foto.png-948x1024.jpg 948w\" sizes=\"auto, (max-width: 278px) 100vw, 278px\" \/><\/a>BELLUNO<\/strong> Elisa Corr\u00e0 \u00e8 la nuova vicepresidente del Comitato d\u2019Intesa di Belluno. Progettista esperta di management per il sociale e formatrice, nonch\u00e9 presidente dell\u2019asociazione Jabar che si occupa di carcere e diritti dei detenuti, si tratta della prima donna a ricoprire una carica diversa da quella di consigliere nel direttivo dell\u2019associazione, che ha ben 42 anni di storia. \u00abElisa \u00e8 stata eletta per due motivi\u00bb, spiega il presidente Gianluca Corsetti, \u00abperch\u00e9 ha saputo riscuotere la stima dei membri del direttivo per le competenze attestate sia nell&#8217;ambito delle attivit\u00e0 di volontariato sia nell\u2019ambito lavorativo, ma anche perch\u00e9 ha dimostrato\u00a0doti umane e relazionali che ben si sposano con lo stile del Comitato\u00bb.<\/span><span style=\"font-family: Corbel, sans-serif;\">Al suo fianco operer\u00e0 Maria Chiara Santin, eletta dal Comitato di Gestione del fondo speciale regionale per il volontariato con delega al personale, e Liliana Tomaselli, riconfermata in seggio dalla pi\u00f9 recente votazione nell\u2019assemblea elettiva del 27 ottobre. \u00abMolte altre donne andrebbero citate e ringraziate, il pensiero va a tutte le consigliere che negli anni hanno contribuito alla crescita del Comitato\u00bb.\u00a0<\/span><span style=\"font-family: Corbel, sans-serif;\">Le prime parole di Elisa Corr\u00e0 sono di ringraziamento a \u00abtutte le persone che, durante l&#8217;ultima assemblea hanno deciso, con fiducia, di sostenere la mia candidatura a consigliere. Sono molto onorata del compito che mi \u00e8 stato affidato e cercher\u00f2 di ricoprire questa carica al meglio, soprattutto in una prospettiva dialettica e costruttiva. Inoltre, sono felice che nel direttivo siano presenti diverse figure femminili, alcune deleghe ricevute si intrecciano proprio tra di noi e daranno l&#8217;occasione di collaborare apportando una cifra specifica e nuova.\u00a0Abbiamo iniziato da poche settimane ma gli aspetti di cui prendersi cura sono gi\u00e0 numerosi ed importanti: a partire dalla riforma del terzo settore e tutti i cambiamenti a cui sar\u00e0 necessario far fronte; la valorizzazione ed il rafforzamento dei numerosi progetti e servizi di cui il Csv vanta un\u2019unicit\u00e0 da mettere in primo piano\u00bb.\u00a0<\/span><span style=\"font-family: Corbel, sans-serif;\">Nella stessa seduta Maurizio Vecchio (presidente di Anteas provinciale oltre che consigliere regionale e nazionale, ma anche presidente dell\u2019associazione \u201cLa Cometa\u201d e segretario generale di FNP Cisl Belluno-Treviso) \u00e8 stato nominato quale quinto membro del direttivo.<\/span><\/p>\n<p>&nbsp;<\/p>\n<p>&nbsp;<\/p>\n<h1 align=\"JUSTIFY\"><span style=\"font-size: medium;\"><b>PRESEPI E NATALE NELLE SCUOLE. DONAZZAN: \u201cVINCE LA PUREZZA DI UNA BAMBINA CONTRO LE ASSURDIT\u00c0 DELL\u2019IDEOLOGIA\u201d<\/b><\/span><\/h1>\n<p align=\"JUSTIFY\"><span style=\"font-size: medium;\"><strong>VENEZIA\u00a0<\/strong>\u00a0<\/span>\u201c<span style=\"font-size: medium;\">Che bella notizia apprendere che una bambina di 10 anni \u00e8 riuscita da sola a vincere contro chi avrebbe voluto privarla del Natale. La sua purezza ha vinto contro il delirio ideologico di chi nella scuola non vorrebbe pi\u00f9 neppure sentire il nome Ges\u00f9 in una canzone natalizia\u201d.\u00a0<\/span><span style=\"font-size: medium;\">L\u2019assessore regionale all\u2019istruzione, Elena Donazzan, commenta cos\u00ec la notizia della bimba che si \u00e8 opposta alla cancellazione del nome di Ges\u00f9 dalle canzoni natalizie della sua classe.\u00a0<\/span>\u201c<span style=\"font-size: medium;\">Mi chiedo sempre \u2013 aggiunge &#8211; quale terribile infanzia abbiano avuto coloro che, nati e cresciuti qui in Veneto o in Italia, non ricordino l\u2019emozione provata da giovani nel fare il presepe in famiglia. In tal senso sono commossa anche per il gesto compiuto dal consigliere regionale Michieletto che ha voluto donare un presepe alla scuola di Favaro, nel veneziano, affermando che anche i bimbi di quella scuola avessero il diritto di festeggiare il Santo Natale e, aggiungo io, non fossero costretti a rinunciarci per un delirio laicista\u201d.\u00a0<\/span>\u201c<span style=\"font-size: medium;\">Il successo ottenuto dal bando promosso dalla Regione del Veneto a favore dei presepi nelle scuole (pi\u00f9 di 500 domande a fronte delle 184 finanziabili) \u2013 conclude l\u2019assessore Donazzan &#8211; ci dimostra che le scuole che non negano il Natale sono la stragrande maggioranza\u201d.<\/span><\/p>\n<p>&nbsp;<\/p>\n<p>&nbsp;<\/p>\n<p>&nbsp;<\/p>\n<h1>DAL LAGO DI SANTA CROCE 31.605 EURO PER LA VIA DI NATALE\u00a0 E PER LA CUCCHINI<\/h1>\n<p><strong><a class=\"dt-pswp-item\" href=\"http:\/\/www.radiopiu.net\/wordpress\/wp-content\/uploads\/2018\/11\/donazione-giro-lago-30.11.2018-da-sx-carmen-gallini-ennio-soccal-tomaso-nicolao.jpg\" data-dt-img-description=\"\" data-large_image_width=\"3072\" data-large_image_height=\"4247\"><img loading=\"lazy\" decoding=\"async\" class=\"size-medium wp-image-67963 alignleft\" src=\"http:\/\/www.radiopiu.net\/wordpress\/wp-content\/uploads\/2018\/11\/donazione-giro-lago-30.11.2018-da-sx-carmen-gallini-ennio-soccal-tomaso-nicolao-217x300.jpg\" alt=\"\" width=\"217\" height=\"300\" srcset=\"https:\/\/www.radiopiu.net\/wordpress\/wp-content\/uploads\/2018\/11\/donazione-giro-lago-30.11.2018-da-sx-carmen-gallini-ennio-soccal-tomaso-nicolao-217x300.jpg 217w, https:\/\/www.radiopiu.net\/wordpress\/wp-content\/uploads\/2018\/11\/donazione-giro-lago-30.11.2018-da-sx-carmen-gallini-ennio-soccal-tomaso-nicolao-768x1062.jpg 768w, https:\/\/www.radiopiu.net\/wordpress\/wp-content\/uploads\/2018\/11\/donazione-giro-lago-30.11.2018-da-sx-carmen-gallini-ennio-soccal-tomaso-nicolao-741x1024.jpg 741w\" sizes=\"auto, (max-width: 217px) 100vw, 217px\" \/><\/a>ALPAGO<\/strong> Ieri il Comitato Alpago 2 ruote &amp; solidariet\u00e0 ha consegnato ufficialmente i 31.605 euro del ricavato delle iscrizioni del Giro del Lago di Santa Croce 2018 all\u2019associazione pordenonese \u201cVia di Natale\u201d, la realt\u00e0 che gestisce la Casa \u201cVia di Natale\u201d di Aviano dando assistenza ai malati terminali oncologici e ospitalit\u00e0 ai familiari, e all\u2019associazione Cucchini, la realt\u00e0 bellunese che dal 1989 fornisce assistenza ai malati gravi ed ai loro familiari. Ad ognuna delle due associazioni \u00e8 andata la somma di 15.802,5. <em>\u00abL&#8217;Alpago e il Giro del Lago sono da tantissimo tempo a fianco della Via di Natale e la sostengono in maniera importante\u00bb ha affermato Carmen Gallini, direttrice della struttura pordenonese. \u00abNoi viviamo esclusivamente di contributi di privati e queste donazioni sono perci\u00f2 fondamentali nel lavoro di una realt\u00e0, come l&#8217;hospice, che supporta i malati ma anche i loro familiari, dando ospitalit\u00e0 ogni anno a circa 1600 persone\u00bb.\u00a0\u00abIl Giro del Lago \u00e8 per noi importantissimo\u00bb cos\u00ec Tomaso Nicolao, vicepresidente dell&#8217;Associazione Cucchini. \u00abCi supporta infatti dal punto di vista economico, con questa donazione e con quelle fatte in passato, ma ci permette allo stesso tempo, grazie alla notevolissima partecipazione che lo caratterizza, di far conoscere la nostra attivit\u00e0 a un grande numero di persone di tutto il Veneto e non solo\u00bb.\u00a0\u00abAnche per il prossimo anno, nel quale celebreremo i 25 anni di vita, saremo al fianco della Via di Natale e dell&#8217;associazione Cucchini\u00bb ha affermato Ennio Soccal, presidente del Comitato Alpago 2 ruote &amp; solidariet\u00e0. \u00abL&#8217;appuntamento \u00e8 fissato per domenica 18 agosto\u00bb.\u00a0<\/em>Per approfondimenti sul Giro del Lago di Santa Croce: http:\/\/www.2ruotealpago.it\/giro-del-lago<\/p>\n<p>&nbsp;<\/p>\n<p>&nbsp;<\/p>\n<p>&nbsp;<\/p>\n<p>&nbsp;<\/p>\n<h1>ACCORDO DI COLLABORAZIONE TRA CONFINDUSTRIA BELLUNO E DOLOMITI INTESA SAN PAOLO<\/h1>\n<p><strong>BELLUNO<\/strong> Confindustria Belluno Dolomiti e Intesa Sanpaolo hanno siglato oggi, nella filiale di Cortina d\u2019Ampezzo della Banca, un accordo di collaborazione dedicato alla crescita delle imprese bellunesi in termini di competitivit\u00e0 ed evoluzione tecnologica e digitale. L\u2019accordo, che rientra nella collaborazione pluriennale tra Confindustria Piccola Industria e Intesa Sanpaolo, \u00e8 stato firmato da Luca Barbini, presidente di Confindustria Belluno Dolomiti e Renzo Simonato, direttore regionale Veneto, Friuli Venezia Giulia e Trentino Alto Adige di Intesa Sanpaolo<\/p>\n<p>&nbsp;<\/p>\n<p>&nbsp;<\/p>\n<p>&nbsp;<\/p>\n<p>&nbsp;<\/p>\n<h1>ZAIA NON C&#8217;E&#8217;, NIENTE INAUGURAZIONE<\/h1>\n<p><strong>FELTRE<\/strong> si comunica che l&#8217;inaugurazione dell&#8217;U.O.C. di Radiologia prevista per marted\u00ec \u00a0\u00e8 annullata per sopraggiunti inderogabili impegni istituzionali del Presidente della Regione Veneto, Luca Zaia.<\/p>\n<p>&nbsp;<\/p>\n<p>&nbsp;<\/p>\n<p>&nbsp;<\/p>\n<h1>MUSAL APERTURE PER LE FESTE<\/h1>\n<p><strong>CANALE D&#8217;AGORDO<\/strong> Il Museo Papa Luciani\u00a0 aprir\u00e0 nei giorni 7, 8 e 9 dicembre,\u00a0 dal 22 dicembre al 6 gennaio dalle 9 alla 12 e dalle 15 alle 18. Il 26 dicembre dalle 9 alle 12. Nei mesi di gennaio e febbraio il venerdi sabato e domenica dalle 9 alle 12, dalle 15 alle 18. Chiuso il 25 dicembre e il 1 gennaio<\/p>\n<p>&nbsp;<\/p>\n<p>&nbsp;<\/p>\n<p>&nbsp;<\/p>\n<p>&nbsp;<\/p>\n<h1><a class=\"dt-pswp-item\" href=\"http:\/\/www.radiopiu.net\/wordpress\/wp-content\/uploads\/2018\/09\/appuntamenti.jpeg\" data-dt-img-description=\"\" data-large_image_width=\"800\" data-large_image_height=\"100\"><img loading=\"lazy\" decoding=\"async\" class=\"alignnone wp-image-61958 size-full\" src=\"http:\/\/www.radiopiu.net\/wordpress\/wp-content\/uploads\/2018\/09\/appuntamenti.jpeg\" alt=\"\" width=\"800\" height=\"100\" srcset=\"https:\/\/www.radiopiu.net\/wordpress\/wp-content\/uploads\/2018\/09\/appuntamenti.jpeg 800w, https:\/\/www.radiopiu.net\/wordpress\/wp-content\/uploads\/2018\/09\/appuntamenti-300x38.jpeg 300w, https:\/\/www.radiopiu.net\/wordpress\/wp-content\/uploads\/2018\/09\/appuntamenti-768x96.jpeg 768w\" sizes=\"auto, (max-width: 800px) 100vw, 800px\" \/><\/a><\/h1>\n<h1><\/h1>\n<h1>DAL CENTRO INTERNAZIONALE DEL LIBRO PARLATO, L&#8217;INVITO DELLA PRESIDENTE LUISA ALCHINI.<\/h1>\n<audio class=\"wp-audio-shortcode\" id=\"audio-67951-9\" preload=\"none\" style=\"width: 100%;\" controls=\"controls\"><source type=\"audio\/mpeg\" src=\"http:\/\/www.radiopiu.net\/wordpress\/wp-content\/uploads\/2018\/11\/incontrofeltre1dicembre.mp3?_=9\" \/><a href=\"http:\/\/www.radiopiu.net\/wordpress\/wp-content\/uploads\/2018\/11\/incontrofeltre1dicembre.mp3\">http:\/\/www.radiopiu.net\/wordpress\/wp-content\/uploads\/2018\/11\/incontrofeltre1dicembre.mp3<\/a><\/audio>\n<p>&nbsp;<\/p>\n<p>&nbsp;<\/p>\n<h1>oggi<\/h1>\n<p><strong>BELLUNO<\/strong>\u00a0Alle 20.45 va in scena nella sala parrocchiale di Cavarzano lo spettacolo della compagnia santagiustinese &#8220;Las Palabras&#8221;, &#8220;IL LIBERTINO&#8221;, una commedia molto al femminile con la regia di Lara Rossa Mezzomo.<\/p>\n<p>&nbsp;<\/p>\n<p>&nbsp;<\/p>\n<h1>MARIO RIGONI STERN &#8220;OGNI LUOGO CHE INCONTRAVO AVEVA UNA MEMORIA&#8221;<\/h1>\n<p><b>FALCADE <\/b>A chiusura del ciclo dedicato a Mario Rigoni Stern nel decennale della sua morte, oggi alle 20.30 in sala degli emigranti di via Lotta nell&#8217;ambito di &#8220;na montagna de liber&#8221; intervento di Sara Luchetta. Incasso della serata sul conto corrente dell&#8217;Unione Montana, emergenza alluvione<\/p>\n<p>&nbsp;<\/p>\n<p>&nbsp;<\/p>\n<h1>LA GIORNATA DELLE FORZE ARMATE CON IL GRUPPO ALPINI DI AGORDO E LO SCOPRIMENTO DELLA NUOVA LAPIDE<\/h1>\n<p><strong>AGORDO <\/strong>Domani\u00a0si ricorda l&#8217;anniversario della conclusione della Prima Guerra Mondiale con la celebrazione della Giornata delle Forze Armate e del Combattente. Programma: 9 15 alzabandiera in Viale Sommariva sede degli alpini, 9.40 Onore ai Caduti al Monumento, 10 messa, 11 Scoprimento e benedizione della lapide.<\/p>\n<p>&nbsp;<\/p>\n<p>&nbsp;<\/p>\n<p>&nbsp;<\/p>\n<p><a class=\"dt-pswp-item\" href=\"http:\/\/www.radiopiu.net\/wordpress\/wp-content\/uploads\/2018\/09\/banner-speciali-1.png\" data-dt-img-description=\"\" data-large_image_width=\"250\" data-large_image_height=\"175\"><img loading=\"lazy\" decoding=\"async\" class=\"alignnone wp-image-59743\" src=\"http:\/\/www.radiopiu.net\/wordpress\/wp-content\/uploads\/2018\/09\/banner-speciali-1.png\" alt=\"\" width=\"193\" height=\"135\" \/><\/a><\/p>\n<h1>IL CONVEGNO: OSTACOLI AL VOLO<\/h1>\n<p style=\"text-align: left;\"><a class=\"dt-pswp-item\" href=\"http:\/\/www.radiopiu.net\/wordpress\/wp-content\/uploads\/2018\/12\/Locandina-Convegno-Ostacoli-al-Volo.jpeg\" data-dt-img-description=\"\" data-large_image_width=\"1260\" data-large_image_height=\"891\"><img loading=\"lazy\" decoding=\"async\" class=\"size-medium wp-image-67982 alignleft\" src=\"http:\/\/www.radiopiu.net\/wordpress\/wp-content\/uploads\/2018\/12\/Locandina-Convegno-Ostacoli-al-Volo-300x212.jpeg\" alt=\"\" width=\"300\" height=\"212\" srcset=\"https:\/\/www.radiopiu.net\/wordpress\/wp-content\/uploads\/2018\/12\/Locandina-Convegno-Ostacoli-al-Volo-300x212.jpeg 300w, https:\/\/www.radiopiu.net\/wordpress\/wp-content\/uploads\/2018\/12\/Locandina-Convegno-Ostacoli-al-Volo-768x543.jpeg 768w, https:\/\/www.radiopiu.net\/wordpress\/wp-content\/uploads\/2018\/12\/Locandina-Convegno-Ostacoli-al-Volo-1024x724.jpeg 1024w, https:\/\/www.radiopiu.net\/wordpress\/wp-content\/uploads\/2018\/12\/Locandina-Convegno-Ostacoli-al-Volo.jpeg 1260w\" sizes=\"auto, (max-width: 300px) 100vw, 300px\" \/><\/a>La tragedia di Falco \u00e8 una ferita che non si rimarginer\u00e0 mai, e ogni volta che un elicottero tocca i cavi dell\u2019alta tensione o una teleferica, torna a far male. Una legge sugli ostacoli al volo \u00e8 stata approvata dalla Regione Veneto sei anni fa, ma tutto \u00e8 ancora fermo, visto che mancano i decreti attuativi.<br \/>\nDolomiti Emergency, l\u2019associazione che ha come scopo sostenere e migliorare il modello di soccorso e intervento di emergenza in territorio montano, ha deciso di fare appello alla politica affinch\u00e9 si esca da questa situazione di stallo, chiedendo venga promulgata una legge a carattere nazionale. E una delegazione della Onlus \u00e8 scesa gioved\u00ec 29 novembre a Roma: la Camera dei Deputati ha ospitato il convegno dal titolo \u201cOstacoli al volo\u201d. Relatori Bruno Franchi, presidente Anvs (Agenzia nazionale per la sicurezza del volo); Fabio Bristot, consigliere nazionale del Cnsas; Augusto D\u2019Alberto, pilota di elicottero.<br \/>\n\u00abAbbiamo deciso di coinvolgere i nostri rappresentanti politici, a partire dai parlamentari bellunesi, in modo unitario, senza considerare colori o partiti. Il tema \u00e8 infatti trasversale\u00bb, ha sottolineato Laura Menegus, presidente di Dolomiti Emergency. \u00abL\u2019argomento riveste una grande importanza e quello dell\u2019elisoccorso \u00e8 un servizio indispensabile per tutti. Tragedie come quella di Rio Gere del 22 agosto 2009 non devono pi\u00f9 accadere\u00bb. \u00abIn quella terribile giornata abbiamo perso quattro amici e quattro grandi professionisti. Con il vostro voto potete evitare che eventi simili succedano di nuovo\u00bb, ha aggiunto rivolgendosi ai parlamentari presenti.<br \/>\n\u00abLa sanit\u00e0 e il soccorso, insieme agli altri servizi, rappresentano i prerequisiti per far s\u00ec che la gente rimanga a vivere in montagna\u00bb, ha detto il deputato Roger De Menech, che nella primavera di quest\u2019anno aveva depositato una delle tre proposte di legge per la sicurezza dei mezzi impegnati in attivit\u00e0 di antincendio, protezione civile e soccorso sanitario. \u00abCi troviamo di fronte a una questione trasversale ed \u00e8 nell\u2019interesse di tutti lavorare in modo congiunto e senza divisioni. Dobbiamo impegnarci affinch\u00e9 la proposta depositata alla Commissione trasporti della Camera possa avere applicazione nelle prossime settimane o mesi\u00bb.<br \/>\nL\u2019onorevole Luca De Carlo, che \u00e8 anche consigliere di Dolomiti Emergency, ha ricordato che gi\u00e0 in uno dei primi incontri congiunti tra i parlamentari bellunesi era stata individuata tra le priorit\u00e0 la questione degli ostacoli al volo. \u00abDeve esserci il supporto del governo se <a class=\"dt-pswp-item\" href=\"http:\/\/www.radiopiu.net\/wordpress\/wp-content\/uploads\/2018\/12\/Foto-Convegno-Ostacoli-al-Volo.jpeg\" data-dt-img-description=\"\" data-large_image_width=\"1172\" data-large_image_height=\"1600\"><img loading=\"lazy\" decoding=\"async\" class=\"size-medium wp-image-67981 alignright\" src=\"http:\/\/www.radiopiu.net\/wordpress\/wp-content\/uploads\/2018\/12\/Foto-Convegno-Ostacoli-al-Volo-220x300.jpeg\" alt=\"\" width=\"220\" height=\"300\" srcset=\"https:\/\/www.radiopiu.net\/wordpress\/wp-content\/uploads\/2018\/12\/Foto-Convegno-Ostacoli-al-Volo-220x300.jpeg 220w, https:\/\/www.radiopiu.net\/wordpress\/wp-content\/uploads\/2018\/12\/Foto-Convegno-Ostacoli-al-Volo-768x1048.jpeg 768w, https:\/\/www.radiopiu.net\/wordpress\/wp-content\/uploads\/2018\/12\/Foto-Convegno-Ostacoli-al-Volo-750x1024.jpeg 750w, https:\/\/www.radiopiu.net\/wordpress\/wp-content\/uploads\/2018\/12\/Foto-Convegno-Ostacoli-al-Volo.jpeg 1172w\" sizes=\"auto, (max-width: 220px) 100vw, 220px\" \/><\/a>vogliamo che si arrivi a una concretizzazione\u00bb, ha messo in risalto. \u00abL\u2019incontro di oggi (gioved\u00ec 29 novembre, ndr) \u00e8 un passaggio fondamentale e serve a far crescere la consapevolezza, non solo tra i partecipanti, ma anche tra coloro che andremo a coinvolgere. Il nostro scopo non \u00e8 arrivare a una legge \u201craffazzonata\u201d, che non serve a nessuno, ma che sia utile. Abbiamo la fortuna di avere tutti i parlamentari bellunesi che concordano su questo. E non era scontato. Per noi tutti \u00e8 un obiettivo da portare a casa in questa legislatura\u00bb.<br \/>\nIl Professor Franchi, dal canto suo, ha evidenziato le carenze normative in tema di sicurezza del volo. \u00abNon abbiamo ancora un quadro sistemico e, nonostante i numerosi interventi volti a sensibilizzare le istituzioni competenti, non abbiamo ottenuto i risultati sperati\u00bb, ha evidenziato. \u00abIl compito principale dell\u2019Agenzia \u00e8 verificare le condizioni di sicurezza. Si parla di ostacoli orizzontali, verticali, lineari. Nel nostro ordinamento ci sono molte definizioni generiche\u00bb. \u00abAttualmente in Italia la normativa pi\u00f9 efficace \u00e8 quella della Provincia di Bolzano, che dobbiamo prendere a modello\u00bb, ha aggiunto Franchi.<br \/>\n\u00abCentinaia di elettrodotti, nonostante si trovino in alcune vallate delle Alpi e degli Appennini anche a quote superiori ai 190 metri dal piano di campagna, non sono oggetto di alcuna segnalazione puntuale\u00bb, ha detto Bristot. \u00abNon sono segnalate neanche molte teleferiche. In Italia solo la Provincia di Bolzano ha una legge (la 1 del 2006) in materia di ostacoli al volo, che ha permesso di catalogare in quattro anni 4200 teleferiche, elettrodotti e tutti gli altri ostacoli, di creare mappe digitalizzate con georeferenziazione di tutti gli elementi acquisiti, offrendo la possibilit\u00e0 di consultare i dati online in tempo reale. I principi di base per la sicurezza erano stati posti anche dalla legge 19\/2012 della Regione Veneto, ma in sei anni non sono stati fatti i decreti attuativi per metterla in pratica. Ci sono inoltre tre progetti di legge ora depositati in Parlamento su cui serve convergere in modo trasversale, perch\u00e9 la sicurezza non ha colore alcuno\u00bb.<br \/>\nAugusto D\u2019Alberto, pilota di elicottero di \u2018Babcock Mission Critical Services Italia\u2019, ha rivolto un vero e proprio appello ai parlamentari presenti: \u00abChi opera in attivit\u00e0 di antincendio, protezione civile e soccorso sanitario si trova gi\u00e0 di fronte a numerose insidie. Aiutateci a poter lavorare in sicurezza\u00bb.<br \/>\nIn conclusione, Dolomiti Emergency si \u00e8 resa disponibile a tenere alta l\u2019attenzione sull\u2019argomento, impegnandosi a organizzare un secondo incontro pi\u00f9 specifico e a fare da collante tra la parte politica e quella tecnica.<\/p>\n<p>&nbsp;<\/p>\n<p>&nbsp;<\/p>\n<p>&nbsp;<\/p>\n<p>&nbsp;<\/p>\n<p>&nbsp;<\/p>\n<p><a class=\"dt-pswp-item\" href=\"http:\/\/www.radiopiu.net\/wordpress\/wp-content\/uploads\/2018\/09\/banner-speciali-1.png\" data-dt-img-description=\"\" data-large_image_width=\"250\" data-large_image_height=\"175\"><img loading=\"lazy\" decoding=\"async\" class=\"alignnone wp-image-59743\" src=\"http:\/\/www.radiopiu.net\/wordpress\/wp-content\/uploads\/2018\/09\/banner-speciali-1.png\" alt=\"\" width=\"193\" height=\"135\" \/><\/a><\/p>\n<h1>OGGI GIORNATA MONDIALE PER LA LOTTA ALL\u2019AIDS. PUBBLICATO IL NUOVO REPORT DELLA REGIONE VENETO<\/h1>\n<p><strong>VENEZIA\u00a0\u00a0<\/strong>In occasione della Giornata mondiale per lotta all\u2019AIDS che ricorre domani, la Regione Veneto ha pubblicato il nuovo Rapporto AIDS-HIV realizzato a cura della Direzione Prevenzione che contiene i dati epidemiologici consolidati al 31 dicembre 2017. Per quanto riguarda l\u2019infezione da HIV, dal 1988 (anno in cui la Regione Veneto, prima in Italia, istitu\u00ec un sistema di sorveglianza) ad oggi in Veneto sono state segnalate 13.451 nuove diagnosi. A queste si dovrebbero aggiungere le persone che potrebbero aver contratto la malattia ma che non ne sono ancora a conoscenza (perch\u00e9 non hanno effettuato il test). Si pu\u00f2 quindi stimare tra i residenti nel territorio regionale, sottraendo i casi deceduti, che nel 2017 in Veneto siano circa 8.092 le persone con infezione da HIV in carico ai servizi sanitari regionali. Dal biennio 2009-2010 il numero di nuove infezioni si \u00e8 stabilizzato tra i 250 casi e i 300 casi, mentre risultano essere 240 i casi HIV segnalati nel corso del 2017. Dal 1984 a dicembre 2017, sono state notificate 3.837 diagnosi di AIDS per soggetti residenti sul territorio regionale. Complessivamente, tra tutti i casi segnalati sino al 2017, sono stati notificati 2.540 decessi (il 66,2%). Con il calo progressivo nel numero di decessi che si \u00e8 verificato dopo il 1996 (anno di introduzione della terapia HAART Highly Active Antiretroviral Therapy), il numero di casi prevalenti, che costituisce la principale misura per stimare l\u2019impatto assistenziale dell\u2019AIDS, \u00e8 andato aumentando, giungendo ad un totale di 1.297 pazienti nel 2017. La diffusione anche in Italia della terapia HAART ha certamente influito sulla speranza di vita dei malati di AIDS. La probabilit\u00e0 di sopravvivere per coloro che si sono ammalati nel periodo compreso tra il 1996 e il 2000, a due anni dalla diagnosi, si attesta difatti attorno al 68%, diversamente che per coloro che si sono ammalati precedentemente, per i quali tale percentuale \u00e8 inferiore al 40%. A cinque anni dalla diagnosi, l\u2019incremento della probabilit\u00e0 di sopravvivenza risulta essere ancora maggiore: si passa infatti dal meno del 20% per coloro che si sono ammalati prima dell\u2019introduzione della terapia HAART, al 77% per i casi diagnosticati dal 2006. All\u2019interno del territorio regionale, la provincia che, nel corso del 2017, presenta il maggiore tasso di incidenza di casi di AIDS \u00e8 quella di Verona. Il maggior numero di casi segnalati provengono dalle Ulss Euganea (9 casi), Berica (7 casi) Marca Trevigiana (6 casi). Il 77,4% dei casi di AIDS \u00e8 di genere maschile. Poco meno del 76% della totalit\u00e0 casi ha un\u2019et\u00e0 alla diagnosi compresa tra i 25 e i 44 anni, anche se l\u2019et\u00e0 media \u00e8 in netta crescita negli anni sia per gli uomini che per le donne. Focalizzando l\u2019attenzione sulla nazionalit\u00e0 dei casi di AIDS tra i residenti in Veneto, si osserva un progressivo aumento del numero di casi tra gli stranieri, fatto questo che non sorprende anche alla luce del forte movimento migratorio che ha interessato il nostro Paese negli ultimi anni. Dal 2000 al 2017 la percentuale di stranieri affetti da AIDS e residenti in Veneto si attesta attorno al 30%. La riduzione della frequenza dei casi di AIDS ha interessato nel complesso tutti i gruppi a rischio per la malattia. Nel corso degli anni \u00e8 progressivamente aumentata la proporzione dei casi attribuibili a trasmissione omosessuale ed eterosessuale, che a partire dal 2000 \u00e8 stato il fattore di rischio maggiormente presente. L\u2019assistenza ai pazienti con infezione da HIV in Veneto \u00e8 affidata ai Centri di Malattie Infettive, dislocati nei capoluoghi di provincia e in due altri centri locali. In questi centri \u00e8 possibile fare il test per HIV in modo anonimo e gratuito e senza impegnativa del Medico di Medicina Generale; inoltre vengono presi in carico i pazienti con infezione documentata. La privacy dei pazienti \u00e8 assicurata secondo quanto previsto dalle normativa nazionale (legge 135\/90) e regionale e una volta documentata l\u2019infezione, \u00e8 prevista una esenzione della quota di partecipazione (ticket) che rende le procedure diagnostiche e terapeutiche esenti da pagamento. \u201cLe terapie messe a disposizione \u2013 precisano i tecnici della Direzione Prevenzione &#8211; non sono in grado di eliminare l\u2019infezione e portare a guarigione ma possono sopprimere completamente la replicazione del virus, assicurando la sopravvivenza dei pazienti e la loro qualit\u00e0 di vita comparabile ai pari et\u00e0 non infetti da HIV. Affinch\u00e9 questo avvenga \u00e8 per\u00f2 necessaria una diagnosi precoce, essendo le diagnosi tardive gravate da un notevole eccesso di mortalit\u00e0 e morbilit\u00e0. Un problema che \u00e8 legato principalmente alla sottostima individuale del rischio di trasmissione perch\u00e9, sottostimando la probabilit\u00e0 di essere state infettate, le persone non si sottopongono al test e giungono alla diagnosi solo in presenza di sintomi severi, che compaiono quando le difese immunitarie sono gi\u00e0 molto depresse\u201d.<\/p>\n<p>&nbsp;<\/p>\n<p>&nbsp;<\/p>\n<p>&nbsp;<\/p>\n<p>&nbsp;<\/p>\n<p>&nbsp;<\/p>\n<p><a class=\"dt-pswp-item\" href=\"http:\/\/www.radiopiu.net\/wordpress\/wp-content\/uploads\/2018\/09\/sport.jpg\" data-dt-img-description=\"\" data-large_image_width=\"800\" data-large_image_height=\"100\"><img loading=\"lazy\" decoding=\"async\" class=\"alignnone wp-image-60761 size-full\" src=\"http:\/\/www.radiopiu.net\/wordpress\/wp-content\/uploads\/2018\/09\/sport.jpg\" alt=\"\" width=\"800\" height=\"100\" srcset=\"https:\/\/www.radiopiu.net\/wordpress\/wp-content\/uploads\/2018\/09\/sport.jpg 800w, https:\/\/www.radiopiu.net\/wordpress\/wp-content\/uploads\/2018\/09\/sport-300x38.jpg 300w, https:\/\/www.radiopiu.net\/wordpress\/wp-content\/uploads\/2018\/09\/sport-768x96.jpg 768w\" sizes=\"auto, (max-width: 800px) 100vw, 800px\" \/><\/a><\/p>\n<h1>GLI APPUNTAMENTI DEL FINE SETTIMANA CON LO SPORT<\/h1>\n<p><strong>DI MARCO GAZ<\/strong><\/p>\n<audio class=\"wp-audio-shortcode\" id=\"audio-67951-10\" preload=\"none\" style=\"width: 100%;\" controls=\"controls\"><source type=\"audio\/mpeg\" src=\"http:\/\/www.radiopiu.net\/wordpress\/wp-content\/uploads\/2018\/12\/gr-01-appuntamenti-sport.mp3?_=10\" \/><a href=\"http:\/\/www.radiopiu.net\/wordpress\/wp-content\/uploads\/2018\/12\/gr-01-appuntamenti-sport.mp3\">http:\/\/www.radiopiu.net\/wordpress\/wp-content\/uploads\/2018\/12\/gr-01-appuntamenti-sport.mp3<\/a><\/audio>\n<p>&nbsp;<\/p>\n<p>&nbsp;<\/p>\n<h1>CANSIGLIO RUN, NUOVA DATA E QUATTRO PERCORSI<\/h1>\n<p>Una domenica di corsa nel cuore di una delle foreste pi\u00f9 suggestive d\u2019Europa. La Cansiglio Run inizia il lungo conto alla rovescia in vista dell\u2019edizione 2019. All\u2019evento del prossimo anno mancano ancora pi\u00f9 di sei mesi, ma da domani \u2013 sabato 1\u00b0 dicembre \u2013 la macchina organizzativa, guidata dal Running Team Conegliano, sar\u00e0 ufficialmente in moto. Oggi, infatti, apriranno le iscrizioni per la nuova edizione, che si terr\u00e0 domenica 16 giugno, oltre un mese prima della tradizionale data di fine luglio. Giunta alla quarta edizione, anche nel 2019 la Cansiglio Run confermer\u00e0 la formula che tanto successo ha incontrato nelle prime tre stagioni, proponendo quattro diverse distanze, in grado di soddisfare le aspettative di ogni tipologia di runner: da chi corre con l\u2019occhio al cronometro a chi verr\u00e0 in Cansiglio per godersi il fresco dell\u2019altopiano e gli scorci offerti da un ambiente naturale che promette di regalare emozioni ad ogni passo. Tutti e quattro i percorsi scatteranno dalla Capanna Genziana per concludersi al Rifugio Sant\u2019Osvaldo. Le minime variazioni di lunghezza delle prove rispetto all\u2019edizione 2018 si spiegano con lo spostamento del traguardo nei pressi del Rifugio Sant\u2019Osvaldo, sul cui piazzale sorger\u00e0 anche la struttura che ospiter\u00e0 premiazioni e Pasta Party.<\/p>\n<p>foto dell\u2019edizione 2018 della Cansiglio Run (credit corsainmontagna.it)<\/p>\n\n\t\t\t<style type='text\/css'>\n\t\t\t\t#gallery-2 {\n\t\t\t\t\tmargin: auto;\n\t\t\t\t}\n\t\t\t\t#gallery-2 .gallery-item {\n\t\t\t\t\tfloat: left;\n\t\t\t\t\tmargin-top: 10px;\n\t\t\t\t\ttext-align: center;\n\t\t\t\t\twidth: 33%;\n\t\t\t\t}\n\t\t\t\t#gallery-2 img {\n\t\t\t\t\tborder: 2px solid #cfcfcf;\n\t\t\t\t}\n\t\t\t\t#gallery-2 .gallery-caption {\n\t\t\t\t\tmargin-left: 0;\n\t\t\t\t}\n\t\t\t\t\/* see gallery_shortcode() in wp-includes\/media.php *\/\n\t\t\t<\/style>\n\t\t<div id='gallery-2' class='dt-gallery-container gallery galleryid-67951 gallery-columns-3 gallery-size-thumbnail'><dl class='gallery-item'>\n\t\t\t\t<dt class='gallery-icon landscape'>\n\t\t\t\t\t<a class=\"rollover\" href='https:\/\/www.radiopiu.net\/wordpress\/giornale-radiopiu-1-dicembre-2018-direttore-mirko-mezzacasa\/cansiglio-run-2018_b_023\/'><img loading=\"lazy\" decoding=\"async\" width=\"150\" height=\"150\" src=\"https:\/\/www.radiopiu.net\/wordpress\/wp-content\/uploads\/2018\/11\/Cansiglio-Run-2018_b_023-150x150.jpg\" class=\"attachment-thumbnail size-thumbnail\" alt=\"\" \/><\/a>\n\t\t\t\t<\/dt><\/dl><dl class='gallery-item'>\n\t\t\t\t<dt class='gallery-icon landscape'>\n\t\t\t\t\t<a class=\"rollover\" href='https:\/\/www.radiopiu.net\/wordpress\/giornale-radiopiu-1-dicembre-2018-direttore-mirko-mezzacasa\/cansiglio-run-2018_b_016\/'><img loading=\"lazy\" decoding=\"async\" width=\"150\" height=\"150\" src=\"https:\/\/www.radiopiu.net\/wordpress\/wp-content\/uploads\/2018\/11\/Cansiglio-Run-2018_b_016-150x150.jpg\" class=\"attachment-thumbnail size-thumbnail\" alt=\"\" \/><\/a>\n\t\t\t\t<\/dt><\/dl><dl class='gallery-item'>\n\t\t\t\t<dt class='gallery-icon landscape'>\n\t\t\t\t\t<a class=\"rollover\" href='https:\/\/www.radiopiu.net\/wordpress\/giornale-radiopiu-1-dicembre-2018-direttore-mirko-mezzacasa\/cansiglio-run-2018_b_021\/'><img loading=\"lazy\" decoding=\"async\" width=\"150\" height=\"150\" src=\"https:\/\/www.radiopiu.net\/wordpress\/wp-content\/uploads\/2018\/11\/Cansiglio-Run-2018_b_021-150x150.jpg\" class=\"attachment-thumbnail size-thumbnail\" alt=\"\" \/><\/a>\n\t\t\t\t<\/dt><\/dl><br style=\"clear: both\" \/><dl class='gallery-item'>\n\t\t\t\t<dt class='gallery-icon landscape'>\n\t\t\t\t\t<a class=\"rollover\" href='https:\/\/www.radiopiu.net\/wordpress\/giornale-radiopiu-1-dicembre-2018-direttore-mirko-mezzacasa\/cansiglio-run-2018_b_015\/'><img loading=\"lazy\" decoding=\"async\" width=\"150\" height=\"150\" src=\"https:\/\/www.radiopiu.net\/wordpress\/wp-content\/uploads\/2018\/11\/Cansiglio-Run-2018_b_015-150x150.jpg\" class=\"attachment-thumbnail size-thumbnail\" alt=\"\" \/><\/a>\n\t\t\t\t<\/dt><\/dl><dl class='gallery-item'>\n\t\t\t\t<dt class='gallery-icon landscape'>\n\t\t\t\t\t<a class=\"rollover\" href='https:\/\/www.radiopiu.net\/wordpress\/giornale-radiopiu-1-dicembre-2018-direttore-mirko-mezzacasa\/cansiglio-run-2018_b_029\/'><img loading=\"lazy\" decoding=\"async\" width=\"150\" height=\"150\" src=\"https:\/\/www.radiopiu.net\/wordpress\/wp-content\/uploads\/2018\/11\/Cansiglio-Run-2018_b_029-150x150.jpg\" class=\"attachment-thumbnail size-thumbnail\" alt=\"\" \/><\/a>\n\t\t\t\t<\/dt><\/dl>\n\t\t\t\t<br style='clear: both' \/>\n\t\t\t<\/div>\n\n<h1><\/h1>\n<p>&nbsp;<\/p>\n<p>&nbsp;<\/p>\n<p>&nbsp;<\/p>\n<p>&nbsp;<\/p>\n<p><a class=\"dt-pswp-item\" href=\"http:\/\/www.radiopiu.net\/wordpress\/wp-content\/uploads\/2018\/08\/METEO-PREVISIONI.jpeg\" data-dt-img-description=\"\" data-large_image_width=\"1280\" data-large_image_height=\"768\"><img loading=\"lazy\" decoding=\"async\" class=\"alignnone wp-image-57212 \" src=\"http:\/\/www.radiopiu.net\/wordpress\/wp-content\/uploads\/2018\/08\/METEO-PREVISIONI-1024x614.jpeg\" alt=\"\" width=\"265\" height=\"159\" srcset=\"https:\/\/www.radiopiu.net\/wordpress\/wp-content\/uploads\/2018\/08\/METEO-PREVISIONI-1024x614.jpeg 1024w, https:\/\/www.radiopiu.net\/wordpress\/wp-content\/uploads\/2018\/08\/METEO-PREVISIONI-300x180.jpeg 300w, https:\/\/www.radiopiu.net\/wordpress\/wp-content\/uploads\/2018\/08\/METEO-PREVISIONI-768x461.jpeg 768w, https:\/\/www.radiopiu.net\/wordpress\/wp-content\/uploads\/2018\/08\/METEO-PREVISIONI.jpeg 1280w\" sizes=\"auto, (max-width: 265px) 100vw, 265px\" \/><\/a><\/p>\n<h1>DA OGGI A MARTEDI<\/h1>\n<p><strong>Sabato 1<\/strong><br \/>\nTempo atteso: Dopo una possibile residua nuvolosit\u00e0 alta nelle prime ore della notte, cielo in prevalenza sereno fino alle ore centrali della giornata con lieve aumento della nuvolosit\u00e0 per nubi alte al pomeriggio\/sera, con cielo al pi\u00f9 velato. Clima freddo al mattino, un po&#8217; pi\u00f9 mite del giorno precedente di giorno.<br \/>\nPrecipitazioni: Assenti (0%).<br \/>\nTemperature: Minime in lieve calo; massime in contenuto aumento. Su Prealpi a 1500 m min -1\u00b0C max 2\u00b0C, a 2000 m min -3\u00b0C max -1\u00b0C. Su Dolomiti a 2000 m min -4\u00b0C max 0\u00b0C, a 3000 m min -8\u00b0C max -6\u00b0C.<br \/>\nVenti: Nelle valli generalmente deboli; in quota deboli\/moderati in rotazione da Nord a Ovest, a 5-15 km\/h a 2000 m, 10-25 km\/h a 3000 m.<br \/>\n<strong>Domenica 2<\/strong><br \/>\nTempo atteso: Tempo solo in parte soleggiato, con schiarite pi\u00f9 ampie al mattino e aumento della nuvolosit\u00e0 medio-alta al pomeriggio\/sera, anche di tipo basso su alcuni settori prealpini, perlopi\u00f9 senza fenomeni. Clima diurno fresco.<br \/>\nPrecipitazioni: Assenti, o al pi\u00f9 limitate a qualche sporadica burrasca sulle vette dolomitiche al pomeriggio\/sera (10\/20%).<br \/>\nTemperature: Minime senza notevoli variazioni, con probabili estese gelate mattutine; massime in lieve calo nelle valli, in aumento in quota dove saranno registrate in tarda serata. Su Prealpi a 1500 m min -1\u00b0C max 4\u00b0C, a 2000 m min -2\u00b0C max 2\u00b0C. Su Dolomiti a 2000 m min -3\u00b0C max 2\u00b0C, a 3000 m min -6\u00b0C max -1\u00b0C.<br \/>\nVenti: Nelle valli generalmente deboli; in quota deboli\/moderati da Ovest, a 5-15 km\/h a 2000 m, 10-25 km\/h a 3000 m.<br \/>\n<strong>Lunedi 3<\/strong><br \/>\nTempo dapprima parzialmente soleggiato, con nubi medio-alte a tratti estese e possibili nubi basse sui settori prealpini; al pomeriggio\/sera tendenza ad attenuazione della nuvolosit\u00e0 alta, con schiarite anche ampie in serata, specie su Dolomiti. Clima decisamente mite in quota, con inversione termica anche persistente. Venti in intensificazione da Ovest Nord-Ovest in quota.<br \/>\n<strong>Martedi 4<\/strong><br \/>\nCielo in prevalenza sereno, con solo qualche possibile velatura. Possibili nebbie o locali banchi di nubi basse mattutine specie in Valbelluna, eventualmente in diradamento. Clima diurno molto mite in quota, con inversione termica mattutina su molti settori. Venti in attenuazione da tesi\/forti a moderati nord-occidentali in quota. Previsore: G.M<\/p>\n","protected":false},"excerpt":{"rendered":"<p>Mezza provincia \u00e8 infetta da casi di &#8220;lingua blu&#8221; titola oggi il Corriere delle Alpi nell&#8217;articolo di apertura, gi\u00e0 tre i casi tra Sedico e Quero con conseguenze pesanti per gli allevatori che non possono portare i capi di bestiame fuori dai confini, bloccata anche la transumanza, la colpa anche della lunga estate calda, in&hellip;<\/p>\n","protected":false},"author":1,"featured_media":67899,"comment_status":"closed","ping_status":"closed","sticky":false,"template":"","format":"standard","meta":{"_monsterinsights_skip_tracking":false,"_monsterinsights_sitenote_active":false,"_monsterinsights_sitenote_note":"","_monsterinsights_sitenote_category":0,"footnotes":""},"categories":[1,86],"tags":[],"class_list":["post-67951","post","type-post","status-publish","format-standard","has-post-thumbnail","hentry","category-senza-categoria","category-gr","category-1","category-86","description-off"],"img_url":"https:\/\/www.radiopiu.net\/wordpress\/wp-content\/uploads\/2018\/11\/WhatsApp-Image-2018-11-29-at-19.23.33.jpeg","_links":{"self":[{"href":"https:\/\/www.radiopiu.net\/wordpress\/wp-json\/wp\/v2\/posts\/67951","targetHints":{"allow":["GET"]}}],"collection":[{"href":"https:\/\/www.radiopiu.net\/wordpress\/wp-json\/wp\/v2\/posts"}],"about":[{"href":"https:\/\/www.radiopiu.net\/wordpress\/wp-json\/wp\/v2\/types\/post"}],"author":[{"embeddable":true,"href":"https:\/\/www.radiopiu.net\/wordpress\/wp-json\/wp\/v2\/users\/1"}],"replies":[{"embeddable":true,"href":"https:\/\/www.radiopiu.net\/wordpress\/wp-json\/wp\/v2\/comments?post=67951"}],"version-history":[{"count":0,"href":"https:\/\/www.radiopiu.net\/wordpress\/wp-json\/wp\/v2\/posts\/67951\/revisions"}],"wp:featuredmedia":[{"embeddable":true,"href":"https:\/\/www.radiopiu.net\/wordpress\/wp-json\/wp\/v2\/media\/67899"}],"wp:attachment":[{"href":"https:\/\/www.radiopiu.net\/wordpress\/wp-json\/wp\/v2\/media?parent=67951"}],"wp:term":[{"taxonomy":"category","embeddable":true,"href":"https:\/\/www.radiopiu.net\/wordpress\/wp-json\/wp\/v2\/categories?post=67951"},{"taxonomy":"post_tag","embeddable":true,"href":"https:\/\/www.radiopiu.net\/wordpress\/wp-json\/wp\/v2\/tags?post=67951"}],"curies":[{"name":"wp","href":"https:\/\/api.w.org\/{rel}","templated":true}]}}