{"id":68126,"date":"2018-12-03T06:23:05","date_gmt":"2018-12-03T05:23:05","guid":{"rendered":"http:\/\/www.radiopiu.net\/wordpress\/?p=68126"},"modified":"2018-12-03T10:20:16","modified_gmt":"2018-12-03T09:20:16","slug":"giornale-radiopiu-3-dicembre-2018-direttore-mirko-mezzacasa","status":"publish","type":"post","link":"https:\/\/www.radiopiu.net\/wordpress\/giornale-radiopiu-3-dicembre-2018-direttore-mirko-mezzacasa\/","title":{"rendered":"GIORNALE RADIOPIU 3 DICEMBRE 2018 DIRETTORE MIRKO MEZZACASA"},"content":{"rendered":"<p><strong>Il guard rail<\/strong> come una lama trafigge Raffaele Arcangelo, il falegname di Colle Santa Lucia che viveva a Cencenighe\u00a0 \u00e8 morto in seguito al grave incidente di sabato sera a Masar\u00e8 di Alleghe, il primo dei due gravi episodi del fine settimana, ieri in Alpago ha perso la vita Remo Salatin, 58 anni di Cordignano, l&#8217;assessore comunale con la passione per la caccia al muflone \u00e8 volato per 80 metri in un dirupo, l&#8217;imprenditore vitivinicolo era con un amico che non l&#8217;ha pi\u00f9 visto ed ha allertato i soccorsi. <strong>Da Rocca Pietore<\/strong> l&#8217;esempio, i tecnici, gli operai di Gsp e delle ditte private hanno lavorato sodo, giorno e notte anche nei giorni di festa ed il risultato \u00e8 che l&#8217;acquedotto in 23 giorni \u00e8 stato rifatto scongiurando l&#8217;evacuazione di un intero paese.<strong>Ad Alleghe\u00a0<\/strong>quella di ieri \u00e8 stata un&#8217;invasione di sciatori, parcheggi stracolmi compreso quello ripulito da 30 mila metri cubi di materiale, altro esempio della grande operosit\u00e0 agordina. \u00abIn due giorni &#8211; dice il presidente Sergio Pra &#8211; abbiamo contato 1.500 sciatori, c\u2019\u00e8 tanta, tanta voglia di neve. Inoltre da Alleghe volevamo lanciare un segnale ben preciso: tutto \u00e8 a posto&#8221; e dal prossimo fine settimana saranno aperte la met\u00e0 delle piste, lo assicura Renzo Minella presidente Anef.\u00a0 <strong>Dalla Mig di Longarone Fiere\u00a0<\/strong>il governatore Luca Zaia ammonisce: &#8220;chi gonfia i risarcimenti per la ricostruzione sar\u00e0 smascherato, gli mando la Guardia di Finanza&#8221;, il presidente inaugurando la Mig di Longarone anticipa che ci saranno controlli a campione. <strong>Ad Agordo <\/strong>gli alpini colmano il vuoto, una lapide a ricordo dei Caduti, commozione e orgoglio ieri davanti al Municipio tra le note della fanfara, successo per la diretta facebook di RADIO PIU&#8217;. <strong>Successo anche in Valbelluna\u00a0<\/strong>per l&#8217;iniziativa che porta nella casse del Comune di Agordo oltre 9000 euro, una gara podistica con il ricavato in beneficenza per il capoluogo, peccato che all&#8217;arrivo non ci fosse nessun amministratore del capoluogo.\u00a0<strong>Oggi a Canale d&#8217;Agordo\u00a0<\/strong>il ricordo della fondazione del primo asilo rurale con Don Antonio Della Lucia, lo ricordiamo con uno speciale di Renato Bona e con l&#8217;intervento di Loris Serafini gi\u00e0 autore di un libro.<\/p>\n<p>&nbsp;<\/p>\n<p>&nbsp;<\/p>\n<h1>ALPAGO (VENAL DI MONTANES) \u2013 CACCIATORE PRECIPITA E PERDE LA VITA<\/h1>\n<div class=\"page-title-head hgroup\">\n<h1 class=\"entry-title\"><strong style=\"font-size: 14px;\">ALPAGO<\/strong><span style=\"font-size: 14px; font-weight: normal;\"> Ieri mattina attorno alle 11 la Centrale del 118 \u00e8 stata allertata da un cacciatore, che non vedeva pi\u00f9 il compagno, tornando indietro da un costone dove stavano scendendo sul Venal di Montanes. L\u2019elicottero del Suem di Pieve di Cadore si \u00e8 portato sul luogo indicato e durante la ricognizione ha scorto il corpo inerme dell\u2019uomo, caduto per una cinquantina di metri tra le rocce. Constatato il decesso dovuto ai traumi riportati:\u00a0 Remo Salatin, 58 anni di Cordignano, l&#8217;assessore comunale con la passione per la caccia al muflone\u00a0 volato per 80 metri in un dirupo<\/span><span style=\"font-size: 14px; font-weight: normal;\">.<\/span><\/h1>\n<\/div>\n<p>&nbsp;<\/p>\n<p>&nbsp;<\/p>\n<h1>LACRIME PER RAFFAELE ARCANGELO<\/h1>\n<p><strong><a class=\"dt-pswp-item\" href=\"http:\/\/www.radiopiu.net\/wordpress\/wp-content\/uploads\/2018\/12\/4ad3091d-4db8-4184-9ea7-c2f079df3d25.jpg\" data-dt-img-description=\"\" data-large_image_width=\"1599\" data-large_image_height=\"1200\"><img loading=\"lazy\" decoding=\"async\" class=\" wp-image-68091 alignleft\" src=\"http:\/\/www.radiopiu.net\/wordpress\/wp-content\/uploads\/2018\/12\/4ad3091d-4db8-4184-9ea7-c2f079df3d25-300x225.jpg\" alt=\"\" width=\"212\" height=\"160\" srcset=\"https:\/\/www.radiopiu.net\/wordpress\/wp-content\/uploads\/2018\/12\/4ad3091d-4db8-4184-9ea7-c2f079df3d25-300x225.jpg 300w, https:\/\/www.radiopiu.net\/wordpress\/wp-content\/uploads\/2018\/12\/4ad3091d-4db8-4184-9ea7-c2f079df3d25-768x576.jpg 768w, https:\/\/www.radiopiu.net\/wordpress\/wp-content\/uploads\/2018\/12\/4ad3091d-4db8-4184-9ea7-c2f079df3d25-1024x768.jpg 1024w, https:\/\/www.radiopiu.net\/wordpress\/wp-content\/uploads\/2018\/12\/4ad3091d-4db8-4184-9ea7-c2f079df3d25.jpg 1599w\" sizes=\"auto, (max-width: 212px) 100vw, 212px\" \/><\/a>COLLE SANTA LUCIA\u00a0<\/strong>\u00c8 morto Raffaele Arcangelo Agostini 56 anni di Colle Santa Lucia. Sabato sera per cause in corso di accertamento l\u2019uomo ha perso il controllo dell\u2019auto, una Volkswagen. Terribile la dinamica, l\u2019auto \u00e8 finita contro l\u2019estremit\u00e0 del guard rail, una \u201clama\u201d che ha trafitto\u00a0 l\u2019uomo. L\u2019impatto \u00e8 stato forte e la vettura si \u00e8 infilzata nella barriera di protezione, che ha sfondato la parte anteriore della Touran, uscendo poi dal lato della portiera a fianco del sedile di guida. Immediatamente soccorso dal personale del Pronto Soccorso di Agordo, Raffaele Arcangelo Agostini era stato trasferito con urgenza al San Martino e sottoposto ad intervento chirurgico, la morte nella notte tra sabato e domenica. Ieri mattina il triste risveglio per Colle Santa Lucia con la notizia che \u00e8 rimbalzata in un attimo da un angolo all&#8217;altro della vallata.\u00a0Raffaele Arcangelo Agostini faceva il falegname e viveva a Cencenighe. Nato a Colle Santa Lucia 56 anni fa, aveva un\u2019attivit\u00e0 nel cuore del paese fino al 2003 (distrutta da un incendio) poi trasferita in localit\u00e0 Le Campe. Lascia la moglie Paola Manfroi e tre figlie piccole.<\/p>\n<p>&nbsp;<\/p>\n<p>&nbsp;<\/p>\n<p>&nbsp;<\/p>\n<p>&nbsp;<\/p>\n<h1>FRONTALE SULL&#8217;ALEMAGNA: CHIUSA PER UN&#8217;ORA E MEZZA<\/h1>\n<p><strong>OSPITALE\u00a0<\/strong>\u00a0\u00c8 di sei feriti il bilancio dell\u2019incidente di ieri sera, due auto si sono scontrate frontalmente. Fra le cause non si esclude quella\u00a0del sorpasso. Una persona \u00e8 rimasta incastrata nell\u2019abitacolo. Tutti i feriti sono stati portati al Pronto soccorso del San Martino. Cinque non hanno riportato gravi traumi. Un uomo di 54 anni di San Vito di Cadore X.D.\u00a0 \u00e8 stato ricoverato per la\u00a0frattura di una gamba. Non \u00e8 in pericolo di vita.\u00a0 Gravi i disagi per il traffico: la statale di Alemagna \u00e8 rimasta chiusa al traffico per un\u2019ora e mezza.<\/p>\n<p>&nbsp;<\/p>\n<p>&nbsp;<\/p>\n<p>&nbsp;<\/p>\n<p>&nbsp;<\/p>\n<h1>RITROVATO IL GIOVANE SCOMPARSO<\/h1>\n<p><strong>CESIOMAGGIORE <\/strong>Dopo un controllo dei Carabinieri e temendo per la patente \u00e8 andato nel panico: ha lasciato<br \/>\nl\u2019auto parcheggiata senza dire nulla a nesuno e si \u00e8 allontanato nel bosco a telefono spento. Solo dopo una mattinata di apprensione e di mobilitazione generale, con le ricerche portate avanti da numerosi uomini\u00a0\u00a0\u00a0anche dall\u2019elicottero dei vigili del fuoco di Mestre, il ragazzo \u00e8 stato trovato sano e salvo a Busche. Il ventenne alle sei del mattino\u00a0\u00e8 stato sottoposto ad un controllo dai carabinieri di Feltre nella zona di Busche.<\/p>\n<p>&nbsp;<\/p>\n<p>&nbsp;<\/p>\n<p>&nbsp;<\/p>\n<div class=\"page-title-head hgroup\">\n<h1 class=\"entry-title\">GUARDRAIL CHE DIVENTA UNA SPADA \u2013 SOLUZIONI ALTERNATIVE<\/h1>\n<\/div>\n<blockquote class=\"wp-embedded-content\" data-secret=\"gVkgZNhoXg\"><p><a href=\"https:\/\/www.radiopiu.net\/wordpress\/guardrail-che-diventa-una-spada-soluzioni-alternative\/\">Guardrail che diventa una spada &#8211;  Soluzioni alternative<\/a><\/p><\/blockquote>\n<p><iframe loading=\"lazy\" class=\"wp-embedded-content\" sandbox=\"allow-scripts\" security=\"restricted\" style=\"position: absolute; clip: rect(1px, 1px, 1px, 1px);\" src=\"https:\/\/www.radiopiu.net\/wordpress\/guardrail-che-diventa-una-spada-soluzioni-alternative\/embed\/#?secret=gVkgZNhoXg\" data-secret=\"gVkgZNhoXg\" width=\"600\" height=\"338\" title=\"&#8220;Guardrail che diventa una spada &#8211;  Soluzioni alternative&#8221; &#8212; Radio Pi\u00f9\" frameborder=\"0\" marginwidth=\"0\" marginheight=\"0\" scrolling=\"no\"><\/iframe><\/p>\n<p>&nbsp;<\/p>\n<p>&nbsp;<\/p>\n<p>&nbsp;<\/p>\n<h1>IN 23 GIORNI OPERAZIONE STRAORDINARIA, RICOSTRUITO L&#8217;ACQUEDOTTO<\/h1>\n<p><strong>ROCCA PIETORE<\/strong> Il paese ha rischiato l&#8217;evacuazione, 700 persone dopo l&#8217;alluvione sono rimaste senz&#8217;acqua perch\u00e9 nel disastro opere e condotte sono state spazzate via. L&#8217;operosit\u00e0 bellunese dimostra che le opere pubbliche si possono fare anche in velocit\u00e0. Il grazie del sindaco Andrea De Bernardin al personale Gsp ed a tutte le ditte che hanno eseguito i lavori<\/p>\n<audio class=\"wp-audio-shortcode\" id=\"audio-68126-1\" preload=\"none\" style=\"width: 100%;\" controls=\"controls\"><source type=\"audio\/ogg\" src=\"http:\/\/www.radiopiu.net\/wordpress\/wp-content\/uploads\/2018\/12\/andrea.ogg?_=1\" \/><a href=\"http:\/\/www.radiopiu.net\/wordpress\/wp-content\/uploads\/2018\/12\/andrea.ogg\">http:\/\/www.radiopiu.net\/wordpress\/wp-content\/uploads\/2018\/12\/andrea.ogg<\/a><\/audio>\n<p>GALLERIA FOTO CLICCA PER INGRANDIRE<\/p>\n\n\t\t\t<style type='text\/css'>\n\t\t\t\t#gallery-1 {\n\t\t\t\t\tmargin: auto;\n\t\t\t\t}\n\t\t\t\t#gallery-1 .gallery-item {\n\t\t\t\t\tfloat: left;\n\t\t\t\t\tmargin-top: 10px;\n\t\t\t\t\ttext-align: center;\n\t\t\t\t\twidth: 33%;\n\t\t\t\t}\n\t\t\t\t#gallery-1 img {\n\t\t\t\t\tborder: 2px solid #cfcfcf;\n\t\t\t\t}\n\t\t\t\t#gallery-1 .gallery-caption {\n\t\t\t\t\tmargin-left: 0;\n\t\t\t\t}\n\t\t\t\t\/* see gallery_shortcode() in wp-includes\/media.php *\/\n\t\t\t<\/style>\n\t\t<div id='gallery-1' class='dt-gallery-container gallery galleryid-68126 gallery-columns-3 gallery-size-thumbnail'><dl class='gallery-item'>\n\t\t\t\t<dt class='gallery-icon portrait'>\n\t\t\t\t\t<a class=\"rollover\" href='https:\/\/www.radiopiu.net\/wordpress\/giornale-radiopiu-3-dicembre-2018-direttore-mirko-mezzacasa\/ac7662aa-a960-4b9c-9f3e-ea63532e9357\/'><img loading=\"lazy\" decoding=\"async\" width=\"150\" height=\"150\" src=\"https:\/\/www.radiopiu.net\/wordpress\/wp-content\/uploads\/2018\/12\/ac7662aa-a960-4b9c-9f3e-ea63532e9357-150x150.jpg\" class=\"attachment-thumbnail size-thumbnail\" alt=\"\" \/><\/a>\n\t\t\t\t<\/dt><\/dl><dl class='gallery-item'>\n\t\t\t\t<dt class='gallery-icon portrait'>\n\t\t\t\t\t<a class=\"rollover\" href='https:\/\/www.radiopiu.net\/wordpress\/giornale-radiopiu-3-dicembre-2018-direttore-mirko-mezzacasa\/95385e46-8ab6-41c4-b2d1-58f15c72ef74\/'><img loading=\"lazy\" decoding=\"async\" width=\"150\" height=\"150\" src=\"https:\/\/www.radiopiu.net\/wordpress\/wp-content\/uploads\/2018\/12\/95385e46-8ab6-41c4-b2d1-58f15c72ef74-150x150.jpg\" class=\"attachment-thumbnail size-thumbnail\" alt=\"\" \/><\/a>\n\t\t\t\t<\/dt><\/dl><dl class='gallery-item'>\n\t\t\t\t<dt class='gallery-icon landscape'>\n\t\t\t\t\t<a class=\"rollover\" href='https:\/\/www.radiopiu.net\/wordpress\/giornale-radiopiu-3-dicembre-2018-direttore-mirko-mezzacasa\/8aa1e6a5-517d-47d8-b3a0-2d0e9d2a2975\/'><img loading=\"lazy\" decoding=\"async\" width=\"150\" height=\"150\" src=\"https:\/\/www.radiopiu.net\/wordpress\/wp-content\/uploads\/2018\/12\/8aa1e6a5-517d-47d8-b3a0-2d0e9d2a2975-150x150.jpg\" class=\"attachment-thumbnail size-thumbnail\" alt=\"\" \/><\/a>\n\t\t\t\t<\/dt><\/dl><br style=\"clear: both\" \/><dl class='gallery-item'>\n\t\t\t\t<dt class='gallery-icon landscape'>\n\t\t\t\t\t<a class=\"rollover\" href='https:\/\/www.radiopiu.net\/wordpress\/giornale-radiopiu-3-dicembre-2018-direttore-mirko-mezzacasa\/d6480f43-b51e-4f3f-a585-5df40277caf8\/'><img loading=\"lazy\" decoding=\"async\" width=\"150\" height=\"150\" src=\"https:\/\/www.radiopiu.net\/wordpress\/wp-content\/uploads\/2018\/12\/d6480f43-b51e-4f3f-a585-5df40277caf8-150x150.jpg\" class=\"attachment-thumbnail size-thumbnail\" alt=\"\" \/><\/a>\n\t\t\t\t<\/dt><\/dl><dl class='gallery-item'>\n\t\t\t\t<dt class='gallery-icon landscape'>\n\t\t\t\t\t<a class=\"rollover\" href='https:\/\/www.radiopiu.net\/wordpress\/giornale-radiopiu-3-dicembre-2018-direttore-mirko-mezzacasa\/816a1e07-08ca-47f5-bcca-900119d86eeb\/'><img loading=\"lazy\" decoding=\"async\" width=\"150\" height=\"150\" src=\"https:\/\/www.radiopiu.net\/wordpress\/wp-content\/uploads\/2018\/12\/816a1e07-08ca-47f5-bcca-900119d86eeb-150x150.jpg\" class=\"attachment-thumbnail size-thumbnail\" alt=\"\" \/><\/a>\n\t\t\t\t<\/dt><\/dl><dl class='gallery-item'>\n\t\t\t\t<dt class='gallery-icon portrait'>\n\t\t\t\t\t<a class=\"rollover\" href='https:\/\/www.radiopiu.net\/wordpress\/giornale-radiopiu-3-dicembre-2018-direttore-mirko-mezzacasa\/22c46cdb-5c3c-4d70-9fb1-8ef5695260f3\/'><img loading=\"lazy\" decoding=\"async\" width=\"150\" height=\"150\" src=\"https:\/\/www.radiopiu.net\/wordpress\/wp-content\/uploads\/2018\/12\/22c46cdb-5c3c-4d70-9fb1-8ef5695260f3-150x150.jpg\" class=\"attachment-thumbnail size-thumbnail\" alt=\"\" \/><\/a>\n\t\t\t\t<\/dt><\/dl><br style=\"clear: both\" \/>\n\t\t\t<\/div>\n\n<p>&nbsp;<\/p>\n<p>&nbsp;<\/p>\n<h1>STAGIONE SCIISTICA, DAL FINE SETTIMANA IMPIANTI APERTI<\/h1>\n<p><strong>RENZO MINELLA<\/strong><\/p>\n<audio class=\"wp-audio-shortcode\" id=\"audio-68126-2\" preload=\"none\" style=\"width: 100%;\" controls=\"controls\"><source type=\"audio\/ogg\" src=\"http:\/\/www.radiopiu.net\/wordpress\/wp-content\/uploads\/2018\/12\/minella.ogg?_=2\" \/><a href=\"http:\/\/www.radiopiu.net\/wordpress\/wp-content\/uploads\/2018\/12\/minella.ogg\">http:\/\/www.radiopiu.net\/wordpress\/wp-content\/uploads\/2018\/12\/minella.ogg<\/a><\/audio>\n<p>&nbsp;<\/p>\n<p>&nbsp;<\/p>\n<p>&nbsp;<\/p>\n<h1>AUTONOMIA. ZAIA: \u201cGRAZIE A SALVINI E DI MAIO, QUESTO GOVERNO PASSERA\u2019 ALLA STORIA CON L\u2019AUTONOMIA DEL VENETO\u201d<\/h1>\n<p><strong><a class=\"dt-pswp-item\" href=\"http:\/\/www.radiopiu.net\/wordpress\/wp-content\/uploads\/2016\/01\/57-2016-NUOVA-CABINOVIA-FALCADE-15.01.2016-Zaia-2.jpg\" data-dt-img-description=\"\" data-large_image_width=\"2048\" data-large_image_height=\"1152\"><img loading=\"lazy\" decoding=\"async\" class=\"size-medium wp-image-15511 alignleft\" src=\"http:\/\/www.radiopiu.net\/wordpress\/wp-content\/uploads\/2016\/01\/57-2016-NUOVA-CABINOVIA-FALCADE-15.01.2016-Zaia-2-300x169.jpg\" alt=\"\" width=\"300\" height=\"169\" \/><\/a>VENEZIA\u00a0<\/strong>\u201cOggi \u00e8 una bella giornata vedere i due vicepresidenti del Consiglio dei Ministri Matteo Salvini e Luigi Di Maio parlare della nostra autonomia, che \u00e8 sempre stata a pieno titolo nell\u2019agenda del governo. Un\u2019autonomia su cui i Veneti si sono espressi con quasi due milioni e mezzo di voti; un\u2019autonomia che \u00e8 un motivo di vita per il popolo veneto e che d\u00e0 anche un nuovo profilo e un nuovo senso alla forma istituzionale di questo Paese: si abbandona il centralismo e si va verso il federalismo\u201d.E\u2019 quanto ha voluto sottolineare il presidente della Regione del Veneto Luca Zaia in merito alle assicurazioni fatte dai vicepremier Salvini e Di Maio sul tema dell\u2019autonomia.\u201cE\u2019 un progetto davvero e completamente innovativo \u2013 aggiunge Zaia &#8211; e rappresenta una pagina di storia. Ringrazio entrambi per aver lanciato questo fondamentale segnale, un segnale che ci fa ancora pi\u00f9 ben sperare\u201d. \u201cPeraltro vorrei ringraziare anche il ministro agli affari regionali Erika Stefani \u2013 conclude Zaia &#8211; che ci ha dato di modo, collaborando, di presentare questo bel progetto che, ricordo, \u00e8 sulla scrivania del Presidente del Consiglio Conte dal 2 ottobre. Pertanto per noi il progetto c\u2019\u00e8, \u00e8 completo e confermiamo la richiesta per tutte le 23 materie. Questo \u00e8 un governo che passer\u00e0 alla storia con l\u2019autonomia del Veneto\u201d<\/p>\n<p>&nbsp;<\/p>\n<p>&nbsp;<\/p>\n<p>&nbsp;<\/p>\n<h1>\u00abAUTONOMIA VENETA ENTRO NATALE? NON CI SI DIMENTICHI DI BELLUNO\u00bb<\/h1>\n<p><strong><a class=\"dt-pswp-item\" href=\"http:\/\/www.radiopiu.net\/wordpress\/wp-content\/uploads\/2015\/12\/bard.jpg\" data-dt-img-description=\"\" data-large_image_width=\"128\" data-large_image_height=\"128\"><img loading=\"lazy\" decoding=\"async\" class=\" wp-image-14147 alignleft\" src=\"http:\/\/www.radiopiu.net\/wordpress\/wp-content\/uploads\/2015\/12\/bard.jpg\" alt=\"\" width=\"243\" height=\"243\" \/><\/a>BELLUNO\u00a0\u00a0<\/strong>\u00abBene la promessa del vicepremier Di Maio sull&#8217;autonomia veneta entro Natale, ma in tutti questi discorsi viene sempre dimenticata la Provincia di Belluno. Il risultato regionale \u00e8 merito anche dei bellunesi, che devono vedersi riconosciute le loro volont\u00e0\u00bb: cos\u00ec il movimento Belluno Autonoma Regione Dolomiti commenta le parole del Ministro del Lavoro questi giorni in Veneto. \u00abSappiamo dalla stampa nazionale della \u201cdifferenza di vedute\u201d tra i due soci di governo sul tema dell&#8217;autonomia, &#8211; continuano dal Bard \u2013 cos\u00ec come sappiamo anche dalla stampa locale del forte e pregevole lavoro fatto da tutti i parlamentari bellunesi con la Ministra degli Affari Regionali e delle Autonomie, Erika Stefani. Se l&#8217;autonomia del Veneto ha questo percorso tutt&#8217;altro che facile, cosa potr\u00e0 essere quello della Provincia di Belluno, che elettoralmente non conta nulla?\u00bb. La richiesta del movimento \u00e8 chiara: \u00abVogliamo capire se i vicepremier Salvini e Di Maio sono a conoscenza del risultato e delle richieste del referendum provinciale autonomista bellunese e, se non lo sono, per quale motivo ne siano ancora all&#8217;oscuro e chiediamo ai parlamentari bellunesi di farsi portavoce delle richieste autonomiste del territorio. I due ministri potrebbero essere coinvolti in uno dei prossimi incontri tra i nostri parlamentari e la Ministra Stefani, cos\u00ec da mettere sul tavolo tutte le richieste referendarie: questo \u00e8 un appello che facciamo a tutti i parlamentari bellunesi, dal promotore degli incontri Luca De Carlo a chi sta in maggioranza come Federico D&#8217;Inc\u00e0, Paolo Saviane e Mirco Badole, fino a chi pur in opposizione lavora per il territorio come Dario Bond e Roger De Menech. Ai parlamentari della Lega chiediamo infine uno sforzo in pi\u00f9: nei giorni scorsi, il Ministro Salvini ha sottolineato l&#8217;importanza delle Province come enti del territorio. Si concretizzi dunque la restituzione di risorse, competenze e dignit\u00e0 a queste istituzioni, assicurando democrazia agli enti locali con il ripristino dell&#8217;elettivit\u00e0, come chiesto da una proposta di legge presentata al Senato lo scorso agosto dalla Lega e che vede tra i firmatari lo stesso Salvini\u00bb.<\/p>\n<p>&nbsp;<\/p>\n<p>&nbsp;<\/p>\n<p>&nbsp;<\/p>\n<p>&nbsp;<\/p>\n<h1>GLI ALPINI DI AGORDO COLMANO IL VUOTO<\/h1>\n<p><strong>AGORDO<\/strong> Ieri mattina ad Agordo in Municipio \u00e8 stata scoperta la targa del gruppo Alpini con i nomi dei 68 Caduti in Guerra, nomi e cognomi di chi ci ha garantito il benesser di oggi<\/p>\n<p><strong>DI GIANNI SANTOMASO<\/strong><\/p>\n<audio class=\"wp-audio-shortcode\" id=\"audio-68126-3\" preload=\"none\" style=\"width: 100%;\" controls=\"controls\"><source type=\"audio\/ogg\" src=\"http:\/\/www.radiopiu.net\/wordpress\/wp-content\/uploads\/2018\/12\/gianni.ogg?_=3\" \/><a href=\"http:\/\/www.radiopiu.net\/wordpress\/wp-content\/uploads\/2018\/12\/gianni.ogg\">http:\/\/www.radiopiu.net\/wordpress\/wp-content\/uploads\/2018\/12\/gianni.ogg<\/a><\/audio>\n<p><span style=\"color: #ff0000;\"><strong>SULLE PAGINE FACEBOOK LA DIRETTA DI RADIO PIU<\/strong><\/span><\/p>\n<p><strong>IL PRESIDENTE ANGELO DAL BORGO<\/strong><\/p>\n<audio class=\"wp-audio-shortcode\" id=\"audio-68126-4\" preload=\"none\" style=\"width: 100%;\" controls=\"controls\"><source type=\"audio\/mpeg\" src=\"http:\/\/www.radiopiu.net\/wordpress\/wp-content\/uploads\/2018\/12\/TARGA-CADUTI-PRESIDENTE-SEZIONALE-ANA-ANGELO-DAL-BORGO.mp3?_=4\" \/><a href=\"http:\/\/www.radiopiu.net\/wordpress\/wp-content\/uploads\/2018\/12\/TARGA-CADUTI-PRESIDENTE-SEZIONALE-ANA-ANGELO-DAL-BORGO.mp3\">http:\/\/www.radiopiu.net\/wordpress\/wp-content\/uploads\/2018\/12\/TARGA-CADUTI-PRESIDENTE-SEZIONALE-ANA-ANGELO-DAL-BORGO.mp3<\/a><\/audio>\n<p><strong>IL CAPOGRUPPO LAURO GAVAZ<\/strong><\/p>\n<audio class=\"wp-audio-shortcode\" id=\"audio-68126-5\" preload=\"none\" style=\"width: 100%;\" controls=\"controls\"><source type=\"audio\/mpeg\" src=\"http:\/\/www.radiopiu.net\/wordpress\/wp-content\/uploads\/2018\/12\/TARGA-CADUTI-CAPOGRUPPO-AGORDO-LAURO-GAVAZ.mp3?_=5\" \/><a href=\"http:\/\/www.radiopiu.net\/wordpress\/wp-content\/uploads\/2018\/12\/TARGA-CADUTI-CAPOGRUPPO-AGORDO-LAURO-GAVAZ.mp3\">http:\/\/www.radiopiu.net\/wordpress\/wp-content\/uploads\/2018\/12\/TARGA-CADUTI-CAPOGRUPPO-AGORDO-LAURO-GAVAZ.mp3<\/a><\/audio>\n<p><strong>IL SINDACO SISTO DA ROIT<\/strong><\/p>\n<audio class=\"wp-audio-shortcode\" id=\"audio-68126-6\" preload=\"none\" style=\"width: 100%;\" controls=\"controls\"><source type=\"audio\/mpeg\" src=\"http:\/\/www.radiopiu.net\/wordpress\/wp-content\/uploads\/2018\/12\/TARGA-CADUTI-SINDACO-AGORDO-SISTO-DA-ROIT.mp3?_=6\" \/><a href=\"http:\/\/www.radiopiu.net\/wordpress\/wp-content\/uploads\/2018\/12\/TARGA-CADUTI-SINDACO-AGORDO-SISTO-DA-ROIT.mp3\">http:\/\/www.radiopiu.net\/wordpress\/wp-content\/uploads\/2018\/12\/TARGA-CADUTI-SINDACO-AGORDO-SISTO-DA-ROIT.mp3<\/a><\/audio>\n\n\t\t\t<style type='text\/css'>\n\t\t\t\t#gallery-2 {\n\t\t\t\t\tmargin: auto;\n\t\t\t\t}\n\t\t\t\t#gallery-2 .gallery-item {\n\t\t\t\t\tfloat: left;\n\t\t\t\t\tmargin-top: 10px;\n\t\t\t\t\ttext-align: center;\n\t\t\t\t\twidth: 33%;\n\t\t\t\t}\n\t\t\t\t#gallery-2 img {\n\t\t\t\t\tborder: 2px solid #cfcfcf;\n\t\t\t\t}\n\t\t\t\t#gallery-2 .gallery-caption {\n\t\t\t\t\tmargin-left: 0;\n\t\t\t\t}\n\t\t\t\t\/* see gallery_shortcode() in wp-includes\/media.php *\/\n\t\t\t<\/style>\n\t\t<div id='gallery-2' class='dt-gallery-container gallery galleryid-68126 gallery-columns-3 gallery-size-thumbnail'><dl class='gallery-item'>\n\t\t\t\t<dt class='gallery-icon landscape'>\n\t\t\t\t\t<a class=\"rollover\" href='https:\/\/www.radiopiu.net\/wordpress\/giornale-radiopiu-3-dicembre-2018-direttore-mirko-mezzacasa\/8a304151-3f34-41dd-b5cb-62d67d812c46\/'><img loading=\"lazy\" decoding=\"async\" width=\"150\" height=\"150\" src=\"https:\/\/www.radiopiu.net\/wordpress\/wp-content\/uploads\/2018\/12\/8a304151-3f34-41dd-b5cb-62d67d812c46-150x150.jpg\" class=\"attachment-thumbnail size-thumbnail\" alt=\"\" \/><\/a>\n\t\t\t\t<\/dt><\/dl><dl class='gallery-item'>\n\t\t\t\t<dt class='gallery-icon landscape'>\n\t\t\t\t\t<a class=\"rollover\" href='https:\/\/www.radiopiu.net\/wordpress\/giornale-radiopiu-3-dicembre-2018-direttore-mirko-mezzacasa\/098ee777-da66-4374-98d6-74e37eede42b\/'><img loading=\"lazy\" decoding=\"async\" width=\"150\" height=\"150\" src=\"https:\/\/www.radiopiu.net\/wordpress\/wp-content\/uploads\/2018\/12\/098ee777-da66-4374-98d6-74e37eede42b-150x150.jpg\" class=\"attachment-thumbnail size-thumbnail\" alt=\"\" \/><\/a>\n\t\t\t\t<\/dt><\/dl><dl class='gallery-item'>\n\t\t\t\t<dt class='gallery-icon landscape'>\n\t\t\t\t\t<a class=\"rollover\" href='https:\/\/www.radiopiu.net\/wordpress\/giornale-radiopiu-3-dicembre-2018-direttore-mirko-mezzacasa\/8641a974-865d-4929-9b99-c3fc3868917c\/'><img loading=\"lazy\" decoding=\"async\" width=\"150\" height=\"150\" src=\"https:\/\/www.radiopiu.net\/wordpress\/wp-content\/uploads\/2018\/12\/8641a974-865d-4929-9b99-c3fc3868917c-150x150.jpg\" class=\"attachment-thumbnail size-thumbnail\" alt=\"\" \/><\/a>\n\t\t\t\t<\/dt><\/dl><br style=\"clear: both\" \/>\n\t\t\t<\/div>\n\n<p>&nbsp;<\/p>\n<p>&nbsp;<\/p>\n<h1><\/h1>\n<p>&nbsp;<\/p>\n<blockquote><p>&nbsp;<\/p><\/blockquote>\n<h1>LA RICORRENZA, 150ESIMO DI FONDAZIONE DEL PRIMO ASILO RURALE DELLA PROVINCIA<\/h1>\n<p><strong><a class=\"dt-pswp-item\" href=\"http:\/\/www.radiopiu.net\/wordpress\/wp-content\/uploads\/2018\/12\/47319831_960430030817700_2150340033180073984_n.jpg\" data-dt-img-description=\"\" data-large_image_width=\"668\" data-large_image_height=\"960\"><img loading=\"lazy\" decoding=\"async\" class=\"size-medium wp-image-68164 alignleft\" src=\"http:\/\/www.radiopiu.net\/wordpress\/wp-content\/uploads\/2018\/12\/47319831_960430030817700_2150340033180073984_n-209x300.jpg\" alt=\"\" width=\"209\" height=\"300\" srcset=\"https:\/\/www.radiopiu.net\/wordpress\/wp-content\/uploads\/2018\/12\/47319831_960430030817700_2150340033180073984_n-209x300.jpg 209w, https:\/\/www.radiopiu.net\/wordpress\/wp-content\/uploads\/2018\/12\/47319831_960430030817700_2150340033180073984_n.jpg 668w\" sizes=\"auto, (max-width: 209px) 100vw, 209px\" \/><\/a><\/strong><\/p>\n<p>&nbsp;<\/p>\n<p>&nbsp;<\/p>\n<p><strong>CANALE D&#8217;AGORDO <\/strong>Ricorre oggi il 150esimo di fondazione del primo asilo rurale bellunese sorto a Canale d&#8217;Agordo per iniziativa di Don Antonio Della Lucia nel 1868<strong>.\u00a0<\/strong>\u00a0Don Antonio fu osteggiato per questa sua modernissima iniziativa, Loris Serafini tre anni fa in proposito ha scritto un libro\u00a0 sull&#8217;argomento. Si trova presso l&#8217;asilo di Canale<\/p>\n<p><strong>LORIS SERAFINI<\/strong><\/p>\n<audio class=\"wp-audio-shortcode\" id=\"audio-68126-7\" preload=\"none\" style=\"width: 100%;\" controls=\"controls\"><source type=\"audio\/ogg\" src=\"http:\/\/www.radiopiu.net\/wordpress\/wp-content\/uploads\/2018\/12\/loris-serafini.ogg?_=7\" \/><a href=\"http:\/\/www.radiopiu.net\/wordpress\/wp-content\/uploads\/2018\/12\/loris-serafini.ogg\">http:\/\/www.radiopiu.net\/wordpress\/wp-content\/uploads\/2018\/12\/loris-serafini.ogg<\/a><\/audio>\n<h1><a class=\"dt-pswp-item\" href=\"http:\/\/www.radiopiu.net\/wordpress\/wp-content\/uploads\/2018\/10\/speciali.jpg\" data-dt-img-description=\"\" data-large_image_width=\"520\" data-large_image_height=\"100\"><img loading=\"lazy\" decoding=\"async\" class=\"alignnone wp-image-63296 size-full\" src=\"http:\/\/www.radiopiu.net\/wordpress\/wp-content\/uploads\/2018\/10\/speciali.jpg\" alt=\"\" width=\"520\" height=\"100\" srcset=\"https:\/\/www.radiopiu.net\/wordpress\/wp-content\/uploads\/2018\/10\/speciali.jpg 520w, https:\/\/www.radiopiu.net\/wordpress\/wp-content\/uploads\/2018\/10\/speciali-300x58.jpg 300w\" sizes=\"auto, (max-width: 520px) 100vw, 520px\" \/><\/a><\/h1>\n<h1 class=\"entry-title\">DON ANTONIO DELLA LUCIA SACERDOTE DEL COOPERATIVISMO, DI RENATO BONA<\/h1>\n<blockquote class=\"wp-embedded-content\" data-secret=\"59hQQ7IpdL\"><p><a href=\"https:\/\/www.radiopiu.net\/wordpress\/don-antonio-della-lucia-sacerdote-del-cooperativismo-di-renato-bona\/\">DON ANTONIO DELLA LUCIA SACERDOTE DEL COOPERATIVISMO, di RENATO BONA<\/a><\/p><\/blockquote>\n<p><iframe loading=\"lazy\" class=\"wp-embedded-content\" sandbox=\"allow-scripts\" security=\"restricted\" style=\"position: absolute; clip: rect(1px, 1px, 1px, 1px);\" src=\"https:\/\/www.radiopiu.net\/wordpress\/don-antonio-della-lucia-sacerdote-del-cooperativismo-di-renato-bona\/embed\/#?secret=59hQQ7IpdL\" data-secret=\"59hQQ7IpdL\" width=\"600\" height=\"338\" title=\"&#8220;DON ANTONIO DELLA LUCIA SACERDOTE DEL COOPERATIVISMO, di RENATO BONA&#8221; &#8212; Radio Pi\u00f9\" frameborder=\"0\" marginwidth=\"0\" marginheight=\"0\" scrolling=\"no\"><\/iframe><\/p>\n<p>&nbsp;<\/p>\n<p>&nbsp;<\/p>\n<p>&nbsp;<\/p>\n<p>&nbsp;<\/p>\n<h1>FACCIAMO CHIAREZZA\u2026<\/h1>\n<p><strong>FELTRE\u00a0 <em>&#8220;<\/em><\/strong><em>Con questo slogan durante la campagna elettorale dello scorso anno il sindaco Paolo Perenzin faceva fuoco e fiamme contro chi gli contestava poca chiarezza nella conduzione della vicenda Altanon, ribadendo che mai e poi mai se fosse stato rieletto avrebbe concesso anche un solo centimetro quadro in pi\u00f9 rispetto ai 2500 metri quadri di superficie commerciale concessi alla ditta Paterno, affermando che ogni eventuale variazione dovr\u00e0 &#8220;passare obbligatoriamente per il Consiglio Comunale&#8221;.\u00a0<\/em>Lo affermano e ricordano i capogruppo di opposizione\u00a0Ennio Trento, Franco De Bortoli. Gioved\u00ec sera\u00a0 la notizia: l&#8217;amministrazione intende concedere oltre i 2500 mq. previsti altri 1500 mq. di commerciale alla propriet\u00e0 Paterno, questo a fronte di un ritiro dei ricorsi al TAR da parte della propriet\u00e0, ricorsi che dovrebbero essere discussi il prossimo 6 dicembre. <em>&#8220;Dove sono quindi finite le roboanti promesse elettorali del sindaco? Si pu\u00f2 pensare che una comunicazione ai consiglieri a margine di un Consiglio Comunale possa essere assimilata ad una discussione in Consiglio stesso? Fra l&#8217;altro esiste anche una commissione urbanistica dove di questo importante passaggio mai si \u00e8 discusso&#8221;. Q<\/em>ueste la domande che pongono i consiglieri di minoranza che insistono. <em>&#8221; Tutto sta quindi ad indicare una bruciante sconfitta di questa amministrazione sul versante delle loro dogmatiche scelte amministrative e di sviluppo della citt\u00e0, un &#8220;calare le braghe&#8221; di fronte alla possibilit\u00e0 che il TAR possa dare ragione al signor Paterno con tutte le conseguenze, anche economiche, in capo al comune.\u00a0<\/em><em>Di fronte a questo quadro di debolezza amministrativa \u00e8 allora logico chiedersi se dei 9000 mq. di superficie disponibile la propriet\u00e0 si accontenter\u00e0 di occuparne solo quattromila, o se alla fine le richieste saranno ben diverse. E quale impatto tutto ci\u00f2 potr\u00e0 avere sulle attivit\u00e0 del centro gi\u00e0 debilitate da una viabilit\u00e0 assurda che altro non fa se non aggravare, e di molto, la crisi generale che \u00e8 in atto? Sar\u00e0 questa soluzione di sviluppo dell&#8217;area Altanon, proposta dall&#8217;Amministrazione Perenzin, la cerniera fra l&#8217;area della stazione ferroviaria e delle corriere ed il centro? Oppure quell\u2019area diventer\u00e0 come noi temiamo una cittadella commerciale e direzionale a se stante con una propria viabilit\u00e0 e propri parcheggi assolutamente scollegata dal resto del tessuto urbano&#8221;.<\/em><\/p>\n<p>&nbsp;<\/p>\n<p>&nbsp;<\/p>\n<p>&nbsp;<\/p>\n<p>&nbsp;<\/p>\n<h1>APPROVATE LE TARIFFE 2019<\/h1>\n<p><strong><a class=\"dt-pswp-item\" href=\"http:\/\/www.radiopiu.net\/wordpress\/wp-content\/uploads\/2018\/12\/download.jpg\" data-dt-img-description=\"\" data-large_image_width=\"275\" data-large_image_height=\"183\"><img loading=\"lazy\" decoding=\"async\" class=\"size-full wp-image-68170 alignleft\" src=\"http:\/\/www.radiopiu.net\/wordpress\/wp-content\/uploads\/2018\/12\/download.jpg\" alt=\"\" width=\"275\" height=\"183\" \/><\/a>BELLUNO\u00a0\u00a0<\/strong>La Giunta comunale ha approvato, nella seduta di gioved\u00ec, le tariffe per l&#8217;utilizzo degli impianti sportivi comunali proposte da Sportivamente Belluno, detenuta al 100% dal Comune di Belluno. Le nuove tariffe entreranno in vigore con il 1 gennaio 2019. <strong>Spes Arena\u00a0<\/strong>Restano invariate tutte le tariffe per i privati, gli allenamenti delle societ\u00e0 agonistiche, le attivit\u00e0 formative di base, le partite ufficiali, le manifestazioni sportive ed extrasportive. La novit\u00e0 del 2019 \u00e8 lo sconto del 50% su tutte le tariffe nei mesi di giugno, luglio ed agosto: \u00abAbbiamo deciso di incentivare cos\u00ec l&#8217;utilizzo della stuttura in un periodo, come quello estivo, che vede un minor traffico dovuto alla conclusione delle principali stagioni agonistiche. &#8211; spiega l&#8217;assessore allo sport, Marco Bogo \u2013 Vogliamo cos\u00ec avvicinare nuovi gruppi e privati, oltre che agevolare l&#8217;organizzazione di manifestazioni, sportive e non, che possano avere un richiamo turistico per il nostro territorio\u00bb <strong>Polisportivo e Palasport \u201cAnnibale De Mas\u201d\u00a0<\/strong>Nessun ritocco alle tariffe per il Polisportivo di Piazzale della Resistenza e per il Palasport \u201cAnnibale De Mas\u201d. Al Polisportivo, restano quindi confermati i costi precedenti sia per il campo da calcio principale che per la \u201cGoal Arena\u201d in erba sintetica, oltre che per l&#8217;utilizzo della pista di atletica. Confermata la gratuita per le scuole del Comune di Belluno fino agli istituti secondari di primo grado e l&#8217;80% di sconto per gli istituti secondari di secondo grado e per tutte le scuole extra-comunali. Al Palasport, non sono state toccate le tariffe per le partite ufficiali, allenamenti di societ\u00e0 agonistiche, attivit\u00e0 formative di base e privati per le tre palestre (grande; piccola a specchi; arti marziali). Nessun ritocco nemmeno alle tariffe di ingresso singolo o abbonamento alla palestra di arrampicata sportiva. <strong>Piscina\u00a0<\/strong>\u00c8 in piscina che si registra l&#8217;unico rialzo tariffario per il 2019: la tariffa per la rieducazione funzionale individuale in acqua sale a 32 euro, contro i 22,50 precedenti, mentre rimane invariata quella per la rieducazione funzionale collettiva. \u201cAggiustamenti\u201d anche per quanto riguarda le tariffe per la concessione delle vasche alle societ\u00e0 esterne: Il costo per il primo modulo della vasca tuffi viene abbassato a 90 euro dai 125 precedenti, mentre il costo dei singoli moduli aggiuntivi, sempre in vasca tuffi, sale da 70 a 90 euro. Restano invece invariate le tariffe di ingresso e abbonamento, corsi di nuoto, acquagym, palestra e tutte le altre attivit\u00e0. <strong>Il commento\u00a0<\/strong><em>\u00abCome amministrazione, siamo vicini al mondo dello sport, partendo dai bambini delle scuole ed arrivando alle societ\u00e0 agonistiche. &#8211; commenta Bogo \u2013 Con Sportivamente Belluno, siamo riusciti a mantenere pressoch\u00e8 invariate tutte le tariffe per l&#8217;utilizzo e i servizi dei nostri impianti sportivi, e questo non pu\u00f2 che farci piacere: siamo convinti che la qualit\u00e0 della vita dei nostri concittadini passi anche per l&#8217;attivit\u00e0 fisica. Il nostro obbiettivo \u00e8 quello di far avvicinare pi\u00f9 persone possibili a questo mondo, agevolandone il pi\u00f9 possibile il percorso\u00bb.<\/em><\/p>\n<p>&nbsp;<\/p>\n<p>&nbsp;<\/p>\n<p>&nbsp;<\/p>\n<div class=\"page-title-head hgroup\">\n<h1 class=\"entry-title\">DOLOMITI EMERGENCY \u2013 CONVEGNO \u201cOSTACOLI AL VOLO\u201d<\/h1>\n<\/div>\n<blockquote class=\"wp-embedded-content\" data-secret=\"mXumcMgGNO\"><p><a href=\"https:\/\/www.radiopiu.net\/wordpress\/dolomiti-emergency-convegno-ostacoli-al-volo\/\">Dolomiti Emergency &#8211; Convegno &#8220;Ostacoli al Volo&#8221;<\/a><\/p><\/blockquote>\n<p><iframe loading=\"lazy\" class=\"wp-embedded-content\" sandbox=\"allow-scripts\" security=\"restricted\" style=\"position: absolute; clip: rect(1px, 1px, 1px, 1px);\" src=\"https:\/\/www.radiopiu.net\/wordpress\/dolomiti-emergency-convegno-ostacoli-al-volo\/embed\/#?secret=mXumcMgGNO\" data-secret=\"mXumcMgGNO\" width=\"600\" height=\"338\" title=\"&#8220;Dolomiti Emergency &#8211; Convegno &#8220;Ostacoli al Volo&#8221;&#8221; &#8212; Radio Pi\u00f9\" frameborder=\"0\" marginwidth=\"0\" marginheight=\"0\" scrolling=\"no\"><\/iframe><\/p>\n<p>&nbsp;<\/p>\n<p>&nbsp;<\/p>\n<p>&nbsp;<\/p>\n<p>&nbsp;<\/p>\n<p>&nbsp;<\/p>\n<p>&nbsp;<\/p>\n<h1>DALLA CROCE ROSSA IL DEFIBRILLATORE<\/h1>\n<p><strong><a class=\"dt-pswp-item\" href=\"http:\/\/www.radiopiu.net\/wordpress\/wp-content\/uploads\/2018\/04\/defibrillatore.gif\" data-dt-img-description=\"\" data-large_image_width=\"358\" data-large_image_height=\"298\"><img loading=\"lazy\" decoding=\"async\" class=\"size-medium wp-image-45895 alignleft\" src=\"http:\/\/www.radiopiu.net\/wordpress\/wp-content\/uploads\/2018\/04\/defibrillatore-300x250.gif\" alt=\"\" width=\"300\" height=\"250\" \/><\/a>FELTRE<\/strong> La Croce Rossa Italiana Comitato di Feltre, grazie al contributo della Cassa Rurale Dolomiti di Fassa Primiero e Belluno, ha acquistato un defibrillatore automatico esterno (Dae) da utilizzare nei servizi di assistenza sanitaria. Un valido aiuto indispensabile per fare la differenza negli interventi di emergenza-urgenza. Questo \u00e8 il frutto di una collaborazione fra due realt\u00e0 che pur occupandosi di settori differenti convergono verso un unico obiettivo. Una nota della banca spiega il perch\u00e9 della sinergia: \u00abLa Cassa Rurale Dolomiti di Fassa Primiero e Belluno, presente sul territorio da oltre vent\u2019anni, ora con nove filiali, \u00e8 da sempre vicina al mondo del volontariato e del no profit.\u00a0 Queste istituzioni rappresentano uno dei cardini sui quali sono costruite le nostre comunit\u00e0.\u00a0La capillarit\u00e0 sul territorio e il prezioso lavoro svolto dalle persone all&#8217;interno delle associazioni hanno un ruolo fondamentale nella vita sociale di tutti.\u00a0 Per questo la Cassa Rurale ha contribuito all&#8217;acquisto di un defibrillatore semiautomatico da destinare alla Croce rossa Italiana Comitato di Feltre: strumento oggi indispensabile nella gestione delle emergenze sanitarie\u00bb.<\/p>\n<p>&nbsp;<\/p>\n<p>&nbsp;<\/p>\n<p>&nbsp;<\/p>\n<p>&nbsp;<\/p>\n<h1 class=\"entry-title\">SANTA BARBARA, I PREMIATI, I DISCORSI DIRETTA INTEGRALE DALLA DON TAMIS<\/h1>\n<p><a class=\"dt-pswp-item\" href=\"http:\/\/www.radiopiu.net\/wordpress\/wp-content\/uploads\/2018\/12\/IMG-20181201-WA0031.jpg\" data-dt-img-description=\"\" data-large_image_width=\"1599\" data-large_image_height=\"1200\"><img loading=\"lazy\" decoding=\"async\" class=\"alignnone wp-image-68082 size-large\" src=\"http:\/\/www.radiopiu.net\/wordpress\/wp-content\/uploads\/2018\/12\/IMG-20181201-WA0031-1024x768.jpg\" alt=\"\" width=\"1024\" height=\"768\" srcset=\"https:\/\/www.radiopiu.net\/wordpress\/wp-content\/uploads\/2018\/12\/IMG-20181201-WA0031-1024x768.jpg 1024w, https:\/\/www.radiopiu.net\/wordpress\/wp-content\/uploads\/2018\/12\/IMG-20181201-WA0031-300x225.jpg 300w, https:\/\/www.radiopiu.net\/wordpress\/wp-content\/uploads\/2018\/12\/IMG-20181201-WA0031-768x576.jpg 768w, https:\/\/www.radiopiu.net\/wordpress\/wp-content\/uploads\/2018\/12\/IMG-20181201-WA0031.jpg 1599w\" sizes=\"auto, (max-width: 1024px) 100vw, 1024px\" \/><\/a><\/p>\n<blockquote class=\"wp-embedded-content\" data-secret=\"IW2381rKoX\"><p><a href=\"https:\/\/www.radiopiu.net\/wordpress\/santa-barbara-i-premiati-i-discorsi-diretta-integrale-dalla-don-tamis\/\">SANTA BARBARA, I PREMIATI, I DISCORSI DIRETTA INTEGRALE DALLA DON TAMIS<\/a><\/p><\/blockquote>\n<p><iframe loading=\"lazy\" class=\"wp-embedded-content\" sandbox=\"allow-scripts\" security=\"restricted\" style=\"position: absolute; clip: rect(1px, 1px, 1px, 1px);\" src=\"https:\/\/www.radiopiu.net\/wordpress\/santa-barbara-i-premiati-i-discorsi-diretta-integrale-dalla-don-tamis\/embed\/#?secret=IW2381rKoX\" data-secret=\"IW2381rKoX\" width=\"600\" height=\"338\" title=\"&#8220;SANTA BARBARA, I PREMIATI, I DISCORSI DIRETTA INTEGRALE DALLA DON TAMIS&#8221; &#8212; Radio Pi\u00f9\" frameborder=\"0\" marginwidth=\"0\" marginheight=\"0\" scrolling=\"no\"><\/iframe><\/p>\n<p>&nbsp;<\/p>\n<p>&nbsp;<\/p>\n<p>&nbsp;<\/p>\n<p>&nbsp;<\/p>\n<h1 class=\"entry-title\">CORSA NON COMPETITIVA IN ALPAGO RACCOLTI OLTRE 9.000 EURO PER IL COMUNE DI AGORDO<\/h1>\n<p>Quasi un migliaio di atleti per aiutare Agordo dopo i danni dell&#8217;alluvione di fine ottobre. Idea vincente quella di Daniele Cesconetto a Farra d&#8217;Alpago soddisfatto per come lo sport abbia unito la provincia da sud a nord. Gli organizzatori pur ottimisti mai avrebbero pensato ad un simile successo di partecipazione. Nessuna classifica, ma solo voglia di stare assieme ed aiutare gli altri. Dall&#8217;Agordino una sola parola: GRAZIE.<\/p>\n<div style=\"width: 848px;\" class=\"wp-video\"><video class=\"wp-video-shortcode\" id=\"video-68126-1\" width=\"848\" height=\"480\" preload=\"metadata\" controls=\"controls\"><source type=\"video\/mp4\" src=\"http:\/\/www.radiopiu.net\/wordpress\/wp-content\/uploads\/2018\/12\/cesco.mp4?_=1\" \/><a href=\"http:\/\/www.radiopiu.net\/wordpress\/wp-content\/uploads\/2018\/12\/cesco.mp4\">http:\/\/www.radiopiu.net\/wordpress\/wp-content\/uploads\/2018\/12\/cesco.mp4<\/a><\/video><\/div>\n<blockquote class=\"wp-embedded-content\" data-secret=\"Bq18L8DfDr\"><p><a href=\"https:\/\/www.radiopiu.net\/wordpress\/corsa-non-competitiva-in-alpago-raccolti-oltre-9-000-euro-per-il-comune-di-agordo\/\">Corsa non competitiva in Alpago raccolti oltre 9.000 euro per il comune di Agordo<\/a><\/p><\/blockquote>\n<p><iframe loading=\"lazy\" class=\"wp-embedded-content\" sandbox=\"allow-scripts\" security=\"restricted\" style=\"position: absolute; clip: rect(1px, 1px, 1px, 1px);\" src=\"https:\/\/www.radiopiu.net\/wordpress\/corsa-non-competitiva-in-alpago-raccolti-oltre-9-000-euro-per-il-comune-di-agordo\/embed\/#?secret=Bq18L8DfDr\" data-secret=\"Bq18L8DfDr\" width=\"600\" height=\"338\" title=\"&#8220;Corsa non competitiva in Alpago raccolti oltre 9.000 euro per il comune di Agordo&#8221; &#8212; Radio Pi\u00f9\" frameborder=\"0\" marginwidth=\"0\" marginheight=\"0\" scrolling=\"no\"><\/iframe><\/p>\n<p>&nbsp;<\/p>\n<p>&nbsp;<\/p>\n<p>&nbsp;<\/p>\n<p>&nbsp;<\/p>\n<div class=\"page-title-head hgroup\">\n<h1 class=\"entry-title\">AGORDO NEL CUORE DI SAN MARTINO DI LUPARI<\/h1>\n<blockquote class=\"wp-embedded-content\" data-secret=\"o4ju5NO2fb\"><p><a href=\"https:\/\/www.radiopiu.net\/wordpress\/agordo-nel-cuore-di-san-martino-di-lupari\/\">Agordo nel cuore di San Martino di Lupari<\/a><\/p><\/blockquote>\n<p><iframe loading=\"lazy\" class=\"wp-embedded-content\" sandbox=\"allow-scripts\" security=\"restricted\" style=\"position: absolute; clip: rect(1px, 1px, 1px, 1px);\" src=\"https:\/\/www.radiopiu.net\/wordpress\/agordo-nel-cuore-di-san-martino-di-lupari\/embed\/#?secret=o4ju5NO2fb\" data-secret=\"o4ju5NO2fb\" width=\"600\" height=\"338\" title=\"&#8220;Agordo nel cuore di San Martino di Lupari&#8221; &#8212; Radio Pi\u00f9\" frameborder=\"0\" marginwidth=\"0\" marginheight=\"0\" scrolling=\"no\"><\/iframe><\/p>\n<\/div>\n<p>&nbsp;<\/p>\n<p>&nbsp;<\/p>\n<p>&nbsp;<\/p>\n<h1>UNIVERSITA&#8217; POPOLARE NEL SEGNO DELLA CONTINUITA&#8217;<\/h1>\n<p><strong>BELLUNO\u00a0<\/strong> Presidente del Circolo sar\u00e0 infatti ancora Erminio Mazzucco, cui il comitato direttivo ha confermato la fiducia. Unica novit\u00e0, la nomina a suo vice di Eldo Candeago. Per il resto, nulla di mutato. Alba Barattin, Rosetta Cannarella, Gianna Doriguzzi, Vincenzo Faso, Sonia Lotto, Ermino Mazzucco, Laura Nicola, Oriano Rinaldo, Bruna Scarpis e Attilia Troian rimangono a pieno titolo consiglieri, investiti di responsabilit\u00e0 e competenze proprie per il perseguimento di quegli obiettivi Auser diretti alla valorizzazione ed all\u2019arricchimento del bagaglio culturale di chi intenda mettersi in gioco. Tutti possono trovare motivi d\u2019interesse nel programma proposto: da chi \u00e8 uscito dal circuito produttivo perch\u00e9 andato in pensione, ai giovani che vogliano recuperare le occasioni di studio tralasciate durante il periodo scolastico, dai lavoratori che desiderano valorizzare il loro tempo libero con un percorso di studio integrativo o alternativo a quello scolastico, alle donne che hanno scoperto di avere pi\u00f9 tempo libero perch\u00e9 sollevate dalle responsabilit\u00e0 familiari. E\u2019 chiaro, comunque, che la principale figura chiamata in causa \u00e8 l\u2019anziano, sia perch\u00e9 \u00e8 da quel versante che provengono le maggiori richieste di opzioni di recupero e di aggiornamento, sia perch\u00e9 le esperienze ed i saperi degli anziani siano messi a frutto per le giovani generazioni. Con l\u2019anno accademico 2018-2019 saranno 30 anni che l&#8217;Universit\u00e0 Auser svolge nel capoluogo l&#8217;attivit\u00e0 di educazione permanente, con un seguito di quasi 280 \u201calunni\u201d iscritti. L\u2019anno accademico in corso terminer\u00e0 a maggio ma sar\u00e0 un obiettivo futuro quello di rendere sempre pi\u00f9 sinergico il rapporto con e fra i circoli di Ponte nelle Alpi, Alpago e Domegge, che svolgono analoga attivit\u00e0 accademica. Per ogni informazione \u00e8 comunque possibile rivolgersi alla segreteria Auser di Belluno, in piazza Mazzini 11, nelle giornate di luned\u00ec, marted\u00ec e mercoledi dalle 10.00 alle 12.00 (0437 944619 \u2013 auserbl@gmail.com).<\/p>\n<p>&nbsp;<\/p>\n<p>&nbsp;<\/p>\n<p>&nbsp;<\/p>\n<p>&nbsp;<\/p>\n<h1>CONCORSO DANTE MORO, VINCE IL PADOVANO FABIO CROSERA.<\/h1>\n<p style=\"text-align: left;\"><strong>FALCADE\u00a0<\/strong>La prima assoluta il 4 gennaio a Falcade con due pianoforti e orchestr<a class=\"dt-pswp-item\" href=\"http:\/\/www.radiopiu.net\/wordpress\/wp-content\/uploads\/2018\/12\/Fabio-Crosera-1.jpg\" data-dt-img-description=\"\" data-large_image_width=\"262\" data-large_image_height=\"368\"><img loading=\"lazy\" decoding=\"async\" class=\"size-medium wp-image-68144 alignleft\" src=\"http:\/\/www.radiopiu.net\/wordpress\/wp-content\/uploads\/2018\/12\/Fabio-Crosera-1-214x300.jpg\" alt=\"\" width=\"214\" height=\"300\" srcset=\"https:\/\/www.radiopiu.net\/wordpress\/wp-content\/uploads\/2018\/12\/Fabio-Crosera-1-214x300.jpg 214w, https:\/\/www.radiopiu.net\/wordpress\/wp-content\/uploads\/2018\/12\/Fabio-Crosera-1.jpg 262w\" sizes=\"auto, (max-width: 214px) 100vw, 214px\" \/><\/a>a Concorso internazionale Dante Moro: vince il padovano Fabio Crosera. Menzione speciale a Marino Baldissera \u00c8 stata la riunione della giuria del 17 dicembre scorso a Portogruaro (VE) il momento decisivo per la seconda edizione del concorso internazionale di composizione Dante Moro.<br \/>\nNella cittadina veneta, i commissari italiani Mario Pagotto, Claudio Scannavini, Nicola Straffelini, il compositore sloveno Du\u0161an Bavdek, assieme al presidente della giuria Paolo Troncon, al direttore d\u2019orchestra Delio Cassetta e alla pianista Silvia Tessari, hanno discusso con acribia sulle partiture per pianoforte e orchestra raccolte nel corso dei mesi scorsi dalla direzione artistica del concorso. Opere nuove da tutta Italia, dagli Stati Uniti e da Taiwan hanno omaggiato nel titolo e nell\u2019ispirazione una scultura di Dante Moro. Grazie al concorso, quindi, vari artisti del pentagramma hanno potuto apprezzare la creativit\u00e0 sempre nuova, dolce e intensa, dello scultore di Falcade (BL), lasciandosi guidare da questa per far nascere nuovi amalgami di suoni.<br \/>\nIl vincitore \u00e8 stato individuato nel padovano Fabio Crosera, personalit\u00e0 di alto profilo nella composizione, docente in vari conservatori nel corso della sua carriera, e oggi professore proprio nella citt\u00e0 del Santo. La sua opera \u201cGiochi\u201d riassume in brevi e interessanti quadri sonori la grazia e l\u2019eleganza della scultura di Moro, che vede una madre e una bimba abbracciarsi nel corso di un momento ludico. La giuria ha stabilito di assegnare una menzione speciale ad un\u2019altra opera, significativa per la precisione della scrittura e i \u201ccolori\u201d che crea <a class=\"dt-pswp-item\" href=\"http:\/\/www.radiopiu.net\/wordpress\/wp-content\/uploads\/2018\/12\/Silvia-Tessari-pianista-1.jpg\" data-dt-img-description=\"\" data-large_image_width=\"4928\" data-large_image_height=\"3264\"><img loading=\"lazy\" decoding=\"async\" class=\"size-medium wp-image-68145 alignright\" src=\"http:\/\/www.radiopiu.net\/wordpress\/wp-content\/uploads\/2018\/12\/Silvia-Tessari-pianista-1-300x199.jpg\" alt=\"\" width=\"300\" height=\"199\" srcset=\"https:\/\/www.radiopiu.net\/wordpress\/wp-content\/uploads\/2018\/12\/Silvia-Tessari-pianista-1-300x199.jpg 300w, https:\/\/www.radiopiu.net\/wordpress\/wp-content\/uploads\/2018\/12\/Silvia-Tessari-pianista-1-768x509.jpg 768w, https:\/\/www.radiopiu.net\/wordpress\/wp-content\/uploads\/2018\/12\/Silvia-Tessari-pianista-1-1024x678.jpg 1024w\" sizes=\"auto, (max-width: 300px) 100vw, 300px\" \/><\/a>l\u2019orchestra: \u201cLa ragazza che salta la corda\u201d del bellunese Marino Baldissera, docente e direttore del \u201cCoro Cortina\u201d, che vanta numerosi titoli accademici e periodi di perfezionamento presso prestigiose istituzioni, come l\u2019accademia Chigiana di Siena. L\u2019opera vincitrice sar\u00e0 eseguita in prima assoluta il prossimo 4 gennaio 2019 a Falcade, nel corso del concerto che, da alcuni anni, riempie la chiesa parrocchiale di note in memoria di Moro, come propiziato dalla famiglia Vannini.\u00a0 Vi sar\u00e0 anche spazio per la musica di Mozart. Si entrer\u00e0 nel mondo del grande Salisburghese grazie ad un brano particolare: il concerto kv 365, scritto per orchestra e non uno, ma due pianoforti. I solisti saranno Silvia Tessari e il toscano Pier Narciso Masi, icona indiscussa del pianismo e della musica da camera italiana. L\u2019evento, che cerca di rendere ancora il paese di Falcade culla d\u2019elezione del bello e delle arti, \u00e8 possibile grazie alla Cassa Rurale Dolomiti di Fassa, Primiero e Belluno, alla locale Cooperativa di consumo e ad altri mecenati, in particolare famiglie Vannini e Faggion.<\/p>\n<p>&nbsp;<\/p>\n<p>&nbsp;<\/p>\n<p>&nbsp;<\/p>\n<p>&nbsp;<\/p>\n<h1 class=\"entry-title\">CONSEGNA DEI DIPLOMI DI STATO E DELLE BORSE DI STUDIO IN MEMORIA DI DEBORA NARDI PER GLI STUDENTI DELL\u2019ISTITUTO \u201cFOLLADOR-DE ROSSI\u201d DI AGORDO E FALCADE.<\/h1>\n<div style=\"width: 640px;\" class=\"wp-video\"><video class=\"wp-video-shortcode\" id=\"video-68126-2\" width=\"640\" height=\"352\" preload=\"metadata\" controls=\"controls\"><source type=\"video\/mp4\" src=\"http:\/\/www.radiopiu.net\/wordpress\/wp-content\/uploads\/2018\/12\/debora.mp4?_=2\" \/><a href=\"http:\/\/www.radiopiu.net\/wordpress\/wp-content\/uploads\/2018\/12\/debora.mp4\">http:\/\/www.radiopiu.net\/wordpress\/wp-content\/uploads\/2018\/12\/debora.mp4<\/a><\/video><\/div>\n<blockquote class=\"wp-embedded-content\" data-secret=\"KtvfQPFH75\"><p><a href=\"https:\/\/www.radiopiu.net\/wordpress\/consegna-dei-diplomi-di-stato-e-delle-borse-di-studio-in-memoria-di-debora-nardiper-gli-studenti-dellistituto-follador-de-rossi-di-agordo-e-falcade\/\">Consegna dei Diplomi di Stato e delle borse di studio in memoria di Debora Nardi per gli studenti dell\u2019Istituto \u201cFollador-De Rossi\u201d di Agordo e Falcade.<\/a><\/p><\/blockquote>\n<p><iframe loading=\"lazy\" class=\"wp-embedded-content\" sandbox=\"allow-scripts\" security=\"restricted\" style=\"position: absolute; clip: rect(1px, 1px, 1px, 1px);\" src=\"https:\/\/www.radiopiu.net\/wordpress\/consegna-dei-diplomi-di-stato-e-delle-borse-di-studio-in-memoria-di-debora-nardiper-gli-studenti-dellistituto-follador-de-rossi-di-agordo-e-falcade\/embed\/#?secret=KtvfQPFH75\" data-secret=\"KtvfQPFH75\" width=\"600\" height=\"338\" title=\"&#8220;Consegna dei Diplomi di Stato e delle borse di studio in memoria di Debora Nardi per gli studenti dell\u2019Istituto \u201cFollador-De Rossi\u201d di Agordo e Falcade.&#8221; &#8212; Radio Pi\u00f9\" frameborder=\"0\" marginwidth=\"0\" marginheight=\"0\" scrolling=\"no\"><\/iframe><\/p>\n<p>&nbsp;<\/p>\n<p>&nbsp;<\/p>\n<p>&nbsp;<\/p>\n<p>&nbsp;<\/p>\n<p>&nbsp;<\/p>\n<p><a class=\"dt-pswp-item\" href=\"http:\/\/www.radiopiu.net\/wordpress\/wp-content\/uploads\/2018\/09\/banner-speciali-1.png\" data-dt-img-description=\"\" data-large_image_width=\"250\" data-large_image_height=\"175\"><img loading=\"lazy\" decoding=\"async\" class=\"alignnone size-full wp-image-59743\" src=\"http:\/\/www.radiopiu.net\/wordpress\/wp-content\/uploads\/2018\/09\/banner-speciali-1.png\" alt=\"\" width=\"250\" height=\"175\" \/><\/a><\/p>\n<div class=\"page-title-head hgroup\">\n<h1 class=\"entry-title\">MANOVRA 2019: PER LE IMPRESE UN COSTO DA 6,2 MILIARDI<\/h1>\n<\/div>\n<blockquote class=\"wp-embedded-content\" data-secret=\"jx2ff5eUnZ\"><p><a href=\"https:\/\/www.radiopiu.net\/wordpress\/manovra-2019-per-le-imprese-un-costo-da-62-miliardi\/\">MANOVRA 2019: PER LE IMPRESE UN COSTO DA 6,2 MILIARDI<\/a><\/p><\/blockquote>\n<p><iframe loading=\"lazy\" class=\"wp-embedded-content\" sandbox=\"allow-scripts\" security=\"restricted\" style=\"position: absolute; clip: rect(1px, 1px, 1px, 1px);\" src=\"https:\/\/www.radiopiu.net\/wordpress\/manovra-2019-per-le-imprese-un-costo-da-62-miliardi\/embed\/#?secret=jx2ff5eUnZ\" data-secret=\"jx2ff5eUnZ\" width=\"600\" height=\"338\" title=\"&#8220;MANOVRA 2019: PER LE IMPRESE UN COSTO DA 6,2 MILIARDI&#8221; &#8212; Radio Pi\u00f9\" frameborder=\"0\" marginwidth=\"0\" marginheight=\"0\" scrolling=\"no\"><\/iframe><\/p>\n<p>&nbsp;<\/p>\n<p>&nbsp;<\/p>\n<p>&nbsp;<\/p>\n<p>&nbsp;<\/p>\n<p>&nbsp;<\/p>\n<p><a class=\"dt-pswp-item\" href=\"http:\/\/www.radiopiu.net\/wordpress\/wp-content\/uploads\/2018\/09\/sport.jpg\" data-dt-img-description=\"\" data-large_image_width=\"800\" data-large_image_height=\"100\"><img loading=\"lazy\" decoding=\"async\" class=\"alignnone wp-image-60761 size-full\" src=\"http:\/\/www.radiopiu.net\/wordpress\/wp-content\/uploads\/2018\/09\/sport.jpg\" alt=\"\" width=\"800\" height=\"100\" srcset=\"https:\/\/www.radiopiu.net\/wordpress\/wp-content\/uploads\/2018\/09\/sport.jpg 800w, https:\/\/www.radiopiu.net\/wordpress\/wp-content\/uploads\/2018\/09\/sport-300x38.jpg 300w, https:\/\/www.radiopiu.net\/wordpress\/wp-content\/uploads\/2018\/09\/sport-768x96.jpg 768w\" sizes=\"auto, (max-width: 800px) 100vw, 800px\" \/><\/a><\/p>\n<div class=\"page-title-head hgroup\">\n<h1 class=\"entry-title\">CALCIO: ANCORA UNA SCONFITTA PER L\u2019AGORDINA, FIORI BARP VINCE<\/h1>\n<\/div>\n<blockquote class=\"wp-embedded-content\" data-secret=\"dIjHTRs16T\"><p><a href=\"https:\/\/www.radiopiu.net\/wordpress\/calcio-ancora-una-sconfitta-per-lagordina-fiori-barp-vince\/\">CALCIO: ANCORA UNA SCONFITTA PER L\u2019AGORDINA, FIORI BARP VINCE<\/a><\/p><\/blockquote>\n<p><iframe loading=\"lazy\" class=\"wp-embedded-content\" sandbox=\"allow-scripts\" security=\"restricted\" style=\"position: absolute; clip: rect(1px, 1px, 1px, 1px);\" src=\"https:\/\/www.radiopiu.net\/wordpress\/calcio-ancora-una-sconfitta-per-lagordina-fiori-barp-vince\/embed\/#?secret=dIjHTRs16T\" data-secret=\"dIjHTRs16T\" width=\"600\" height=\"338\" title=\"&#8220;CALCIO: ANCORA UNA SCONFITTA PER L\u2019AGORDINA, FIORI BARP VINCE&#8221; &#8212; Radio Pi\u00f9\" frameborder=\"0\" marginwidth=\"0\" marginheight=\"0\" scrolling=\"no\"><\/iframe><\/p>\n<p>&nbsp;<\/p>\n<p>&nbsp;<\/p>\n<p>&nbsp;<\/p>\n<div class=\"page-title-head hgroup\">\n<h1 class=\"entry-title\">HOCKEY: IL PUNTO SUL FINE SETTIMANA DELLE CIVETTE<\/h1>\n<\/div>\n<blockquote class=\"wp-embedded-content\" data-secret=\"iNXgUjnMN2\"><p><a href=\"https:\/\/www.radiopiu.net\/wordpress\/hockey-il-punto-sul-fine-settimana-delle-civette\/\">HOCKEY: IL PUNTO SUL FINE SETTIMANA DELLE CIVETTE<\/a><\/p><\/blockquote>\n<p><iframe loading=\"lazy\" class=\"wp-embedded-content\" sandbox=\"allow-scripts\" security=\"restricted\" style=\"position: absolute; clip: rect(1px, 1px, 1px, 1px);\" src=\"https:\/\/www.radiopiu.net\/wordpress\/hockey-il-punto-sul-fine-settimana-delle-civette\/embed\/#?secret=iNXgUjnMN2\" data-secret=\"iNXgUjnMN2\" width=\"600\" height=\"338\" title=\"&#8220;HOCKEY: IL PUNTO SUL FINE SETTIMANA DELLE CIVETTE&#8221; &#8212; Radio Pi\u00f9\" frameborder=\"0\" marginwidth=\"0\" marginheight=\"0\" scrolling=\"no\"><\/iframe><\/p>\n<p>&nbsp;<\/p>\n<p>&nbsp;<\/p>\n<p>&nbsp;<\/p>\n<blockquote>\n<h1>SCI: SAVORGNANI D&#8217;ORO<\/h1>\n<p>Ski College Falcade protagonista in\u00a0Coppa Veneto categorie Aspiranti e Giovani,\u00a0\u00a0ha colto due successi assoluti: uno\u00a0 con Gianlorenzo Di Paolo, l&#8217;altro\u00a0 con Valentina Savorgnani, terza\u00a0 Nicole Petri.<\/p>\n<p>&nbsp;<\/p><\/blockquote>\n<p>&nbsp;<\/p>\n<p>&nbsp;<\/p>\n<p><a class=\"dt-pswp-item\" href=\"http:\/\/www.radiopiu.net\/wordpress\/wp-content\/uploads\/2018\/09\/WhatsApp-Image-2018-09-20-at-16.04.06.jpeg\" data-dt-img-description=\"\" data-large_image_width=\"800\" data-large_image_height=\"100\"><img loading=\"lazy\" decoding=\"async\" class=\"alignnone wp-image-61378 size-full\" src=\"http:\/\/www.radiopiu.net\/wordpress\/wp-content\/uploads\/2018\/09\/WhatsApp-Image-2018-09-20-at-16.04.06.jpeg\" alt=\"\" width=\"800\" height=\"100\" srcset=\"https:\/\/www.radiopiu.net\/wordpress\/wp-content\/uploads\/2018\/09\/WhatsApp-Image-2018-09-20-at-16.04.06.jpeg 800w, https:\/\/www.radiopiu.net\/wordpress\/wp-content\/uploads\/2018\/09\/WhatsApp-Image-2018-09-20-at-16.04.06-300x38.jpeg 300w, https:\/\/www.radiopiu.net\/wordpress\/wp-content\/uploads\/2018\/09\/WhatsApp-Image-2018-09-20-at-16.04.06-768x96.jpeg 768w\" sizes=\"auto, (max-width: 800px) 100vw, 800px\" \/><\/a><\/p>\n<h1>DA OGGI A GIOVEDI<\/h1>\n<p><strong>Lunedi 3<\/strong><br \/>\nTempo atteso: Dopo la nuvolosit\u00e0 e i possibili, deboli fenomeni notturni, il cielo in giornata risulter\u00e0 sereno o poco nuvoloso, con clima mite per la stagione, anche se ventilato in quota. Alla sera aumento della nuvolosit\u00e0 e non si esclude in tarda serata qualche debole, sporadico fenomeno.<br \/>\nPrecipitazioni: Nella notte possibili deboli o debolissime precipitazioni (30-50%), specie sulle Dolomiti, con eventuale neve oltre i 2000-2200 m. In giornata assenti (0%). In tarda serata non escluso qualche piovasco, con qualche fiocco di neve solo oltre i 2200-2300 m<br \/>\nTemperature: In aumento, pi\u00f9 avvertito in quota, dove le massime saranno 4-5\u00b0C superiori alla norma. Inversione termica al primo mattino e alla sera. Su Prealpi a 1500 m min 0\u00b0C max 8\u00b0C, a 2000 m min 3\u00b0C max 6\u00b0C. Su Dolomiti a 2000 m min 2\u00b0C max 5\u00b0C, a 3000 m min -5\u00b0C max -2\u00b0C.<br \/>\nVenti: Nelle valli in prevalenza deboli; in quota moderati o tesi da Ovest Nord-Ovest, a tratti forti sulle vette, a 15-25 km\/h a 2000 m, 25-40 km\/h a 3000 m.<br \/>\n<strong>Martedi 4<\/strong><br \/>\nTempo atteso: Cielo sereno o poco nuvoloso, con qualche possibile annuvolamento, specie nel pomeriggio-sera sulle Dolomiti. Clima diurno molto mite sulle Prealpi, ma ovunque ventoso in quota.<br \/>\nPrecipitazioni: Assenti (0%)<br \/>\nTemperature: Superiori alla norma, ma tendenti a diminuire, con minime raggiunte in serata in quota. Su Prealpi a 1500 m min 4\u00b0C max 9\u00b0C, a 2000 m min 1\u00b0C max 5\u00b0C. Su Dolomiti a 2000 m min -3\u00b0C max 2\u00b0C, a 3000 m min -10\u00b0C max -4\u00b0C.<br \/>\nVenti: Nelle valli in genere deboli, salvo qualche rinforzo da Nord; in quota moderati o tesi da Nord-Ovest, anche forti sulle cime, a 10-30 km\/h a 2000 m, 40-60 km\/h a 3000 m.<br \/>\n<strong>Mercoledi 5<\/strong><br \/>\nNuvolosit\u00e0 in aumento gi\u00e0 nel corso della mattinata e cielo poi parzialmente nuvoloso per nubi medio-alte, con presenza anche di nubi basse sulle Prealpi. Temperature nella norma, con calo delle massime. Venti in quota moderati o tesi occidentali.<br \/>\n<strong>Giovedi 6<\/strong><br \/>\nAnnuvolamenti e schiarite, con nubi pi\u00f9 diffuse al mattino, soprattutto sulle Dolomiti. Clima inizialmente ancora ventoso in quota e di nuovo mite di giorno. Temperature in aumento, specie nelle valli. Venti in quota moderati o tesi settentrionali, inizialmente forti sulle cime, con possibili rinforzi di F\u00f6hn nelle valli. Previsore: B.R. Aggiornamento bollettino Dolomiti Neve e Valanghe: 30\/11\/2018<\/p>\n<p>&nbsp;<\/p>\n","protected":false},"excerpt":{"rendered":"<p>Il guard rail come una lama trafigge Raffaele Arcangelo, il falegname di Colle Santa Lucia che viveva a Cencenighe\u00a0 \u00e8 morto in seguito al grave incidente di sabato sera a Masar\u00e8 di Alleghe, il primo dei due gravi episodi del fine settimana, ieri in Alpago ha perso la vita Remo Salatin, 58 anni di Cordignano,&hellip;<\/p>\n","protected":false},"author":1,"featured_media":68180,"comment_status":"closed","ping_status":"closed","sticky":false,"template":"","format":"standard","meta":{"_monsterinsights_skip_tracking":false,"_monsterinsights_sitenote_active":false,"_monsterinsights_sitenote_note":"","_monsterinsights_sitenote_category":0,"footnotes":""},"categories":[86],"tags":[],"class_list":["post-68126","post","type-post","status-publish","format-standard","has-post-thumbnail","hentry","category-gr","category-86","description-off"],"img_url":"https:\/\/www.radiopiu.net\/wordpress\/wp-content\/uploads\/2018\/12\/8a304151-3f34-41dd-b5cb-62d67d812c46.jpg","_links":{"self":[{"href":"https:\/\/www.radiopiu.net\/wordpress\/wp-json\/wp\/v2\/posts\/68126","targetHints":{"allow":["GET"]}}],"collection":[{"href":"https:\/\/www.radiopiu.net\/wordpress\/wp-json\/wp\/v2\/posts"}],"about":[{"href":"https:\/\/www.radiopiu.net\/wordpress\/wp-json\/wp\/v2\/types\/post"}],"author":[{"embeddable":true,"href":"https:\/\/www.radiopiu.net\/wordpress\/wp-json\/wp\/v2\/users\/1"}],"replies":[{"embeddable":true,"href":"https:\/\/www.radiopiu.net\/wordpress\/wp-json\/wp\/v2\/comments?post=68126"}],"version-history":[{"count":0,"href":"https:\/\/www.radiopiu.net\/wordpress\/wp-json\/wp\/v2\/posts\/68126\/revisions"}],"wp:featuredmedia":[{"embeddable":true,"href":"https:\/\/www.radiopiu.net\/wordpress\/wp-json\/wp\/v2\/media\/68180"}],"wp:attachment":[{"href":"https:\/\/www.radiopiu.net\/wordpress\/wp-json\/wp\/v2\/media?parent=68126"}],"wp:term":[{"taxonomy":"category","embeddable":true,"href":"https:\/\/www.radiopiu.net\/wordpress\/wp-json\/wp\/v2\/categories?post=68126"},{"taxonomy":"post_tag","embeddable":true,"href":"https:\/\/www.radiopiu.net\/wordpress\/wp-json\/wp\/v2\/tags?post=68126"}],"curies":[{"name":"wp","href":"https:\/\/api.w.org\/{rel}","templated":true}]}}