{"id":68225,"date":"2018-12-04T06:19:40","date_gmt":"2018-12-04T05:19:40","guid":{"rendered":"http:\/\/www.radiopiu.net\/wordpress\/?p=68225"},"modified":"2018-12-04T08:31:40","modified_gmt":"2018-12-04T07:31:40","slug":"giornale-radiopiu-4-dicembre-2018-direttore-mirko-mezzacasa","status":"publish","type":"post","link":"https:\/\/www.radiopiu.net\/wordpress\/giornale-radiopiu-4-dicembre-2018-direttore-mirko-mezzacasa\/","title":{"rendered":"GIORNALE RADIOPIU 4 DICEMBRE 2018 DIRETTORE MIRKO MEZZACASA"},"content":{"rendered":"<blockquote><p><strong>Una dietro l&#8217;altra,<\/strong> sono le manifestazioni di affetto verso il territorio Agordino martoriato dall&#8217;alluvione di fine ottobre. Oggi citiamo anche la cena solidale organizzata dalla Proloco e associazioni locali di Caerano San Marco, in 1600 si sono ritrovati a tavola per aiutare una vallata. Tavole di oltre 100 metri nel capannone di Angelo Poloniato, oltre 20 mila euro il ricavato. <strong>La Regione\u00a0<\/strong>di nuovo sotto tiro, il Pd attacca affermando che il governo Zaia non ha stanziato i fondi per i danni del bellunese diversamente dagli eventi alluvionali del 2010 e 2014 dove invece il denaro \u00e8 stato dato in tempi molto brevi alla pianura, la nuova proposta: addizionale sui redditi irpef sopra i 70 mila euro.\u00a0<strong>Acqua potabile\u00a0<\/strong>anche a Belluno, da ieri le analisi hanno dato il via libera all&#8217;apertura dei rubinetti anche per scopi alimentari, in 36 Comuni (poco pi\u00f9 della met\u00e0) la situazione \u00e8 ritornata nella normalit\u00e0. Non altrove.<strong> Da Agordo<\/strong> una bella notizia, l&#8217;hotel Buzzatti (Santomaso-Corriere delle Alpi) \u00e8 stato acquistato, necessita di un gestore perch\u00e9 destinazione alberghiera, dopo le caserme possibile anche il recupero della fatiscente e decadente struttura alle porte di Agordo gi\u00e0 sede dell&#8217;Enel. <strong>A\u00a0Longarone <\/strong>l&#8217;hotel Benito \u00e8 passato di mano, lo gestir\u00e0 il\u00a0 Ceis (lo stesso di Don Gigetto De Bortoli che in passato ha gestito anche il sito minerario di Valle Imperina), il centro che si occupa si di tossicodipendenti ma negli ultimi anni anche di ospitalit\u00e0 a richiedenti asilo\u00a0 (che \u00e8 sempre un buon affare) taglier\u00e0 il nastro inaugurale venerdi sera.\u00a0\u00a0<strong>A Feltre<\/strong>\u00a0 nei prossimi due mesi restauro del sipario di Orsi, ultima eredit\u00e0 dello scenografo, saranno spesi 48 mila euro per un&#8217;opera unica. <strong>Mobilit\u00e0<\/strong> Si riparla del treno (Dal Mas, CorriereAlpi) della Venezia-Monaco in particolare, Zaia rilancia il prolungamento dell&#8217;A27, ma i sindaci sono contrari, per il presidente della Provincia Roberto Padrin vale la pena discuterne,\u00a0 De Menech preoccupato per\u00a0 i tempi che stringono e se Belluno vuole le Olimpiadi 2026 si dovr\u00e0 presentare con altra mobilit\u00e0.<strong> Cencenighe\u00a0<\/strong>accoglier\u00e0 domani Raffaele Arcangelo, il 56enne morto sabato nel drammatico incidente a Masar\u00e8 di Alleghe, l&#8217;uomo non sar\u00e0 sepolto a Colle Santa Lucia dove il campo santo \u00e8 solo per i residenti e la famiglia Agostini residente non lo \u00e8 pi\u00f9 da 4 anni.<\/p>\n<p>&nbsp;<\/p>\n<p>&nbsp;<\/p>\n<p><strong>Gestione Servizi Pubblici informa che, per lavori alla rete idrica comunale, domani\u00a0 e giovedi\u00a0 \u00a0dalle 8.30 alle 17.30 potrebbe mancare l&#8217;acqua ad AGORDO in LOCALITA&#8217; PARECH E VAL DI FRELA.<\/strong><\/p><\/blockquote>\n<p><em><strong>Gestione Servizi Pubblici informa che in tutto il comune di Belluno l&#8217;acqua erogata dall&#8217;acquedotto \u00e8 di nuovo potabile e pu\u00f2 essere usata, quindi, per scopi alimentari.<\/strong><\/em><\/p>\n<p><strong><span style=\"color: #ff0000;\">ACQUA NON ANCORA POTABILE:\u00a0<\/span> Agordo:<\/strong>\u00a0Bries Sopra Strada, Prompicai, Parech e Toccol;\u00a0 <strong>Alleghe:\u00a0\u00a0<\/strong>Pini\u00e8 e Coi; <strong>Arsi\u00e8:<\/strong> Col Perer;\u00a0 <strong>Canale d\u2019Agordo:<\/strong>\u00a0Feder, Carfon e Gaer;\u00a0<strong>Cencenighe:<\/strong>\u00a0Bastiani, Chenet, Lorenzon, Collaz, Pr\u00e0 di Mezzo, Fa\u00e9; <strong>\u00a0Cortina:\u00a0<\/strong>\u00a0Pocol;\u00a0 L<strong>amon:\u00a0<\/strong>Oltra, Zavena, Campigotti, Geronemoni, Moggi, Totti e Cavallea; <strong>La Valle Agordina:<\/strong>\u00a0Gaidon, Torsas, Chiesa, Torner, Centro, Lantrago, Conaggia, Fares e Cugnago;\u00a0\u00a0<strong>Lentiai:\u00a0<\/strong>Boschi e Cesa; <strong>\u00a0Livinallongo<\/strong>\u00a0:\u00a0via Sorar\u00f9 (casa di riposo inclusa) Pieve Centro, Sotto Chiesa, Grouppa, Retiz, Brenta, Salasei di Sopra e di Sotto, Costa di Salasei, Pian di Salasei, Sottocrepa e Foppa, Arabba, Pallua, Andraz. A <strong>Santo Stefano di\u00a0<\/strong><strong>Cadore\u00a0<\/strong>Cima Canale e Costa d\u2019Antola; <strong>\u00a0Sedico:\u00a0<\/strong>Pian dei Castaldi, Somaval, Cumui, Barp, Bolago, Libano; a Sospirolo problemi a Le Rosse, Susin Alto, San Gottardo; a <strong>Taibon:\u00a0<\/strong>\u00a0Col di Carrera.\u00a0\u00a0Col di Pr\u00e0;\u00a0<strong> Trichiana\u00a0\u00a0<\/strong>Nate, Pranolz, Faldine, Pramaor, Melere;\u00a0<strong>Vallada Agordina:\u00a0<\/strong>Andrich, Cogul, Piaz;\u00a0\u00a0<strong>Voltago Agordino:\u00a0<\/strong>\u00a0Frassen\u00e8, Villa, Bertoi e Digoman<\/p>\n<p>&nbsp;<\/p>\n<p>&nbsp;<\/p>\n<p>&nbsp;<\/p>\n<h1>UBRIACHI AL VOLANTE<\/h1>\n<p><strong><a class=\"dt-pswp-item\" href=\"http:\/\/www.radiopiu.net\/wordpress\/wp-content\/uploads\/2018\/09\/POLIZIA-3.jpg\" data-dt-img-description=\"\" data-large_image_width=\"660\" data-large_image_height=\"227\"><img loading=\"lazy\" decoding=\"async\" class=\" wp-image-60260 alignleft\" src=\"http:\/\/www.radiopiu.net\/wordpress\/wp-content\/uploads\/2018\/09\/POLIZIA-3-300x103.jpg\" alt=\"\" width=\"181\" height=\"62\" srcset=\"https:\/\/www.radiopiu.net\/wordpress\/wp-content\/uploads\/2018\/09\/POLIZIA-3-300x103.jpg 300w, https:\/\/www.radiopiu.net\/wordpress\/wp-content\/uploads\/2018\/09\/POLIZIA-3.jpg 660w\" sizes=\"auto, (max-width: 181px) 100vw, 181px\" \/><\/a>BELLUNO<\/strong> Un 63enne di Belluno per un po&#8217; non potr\u00e0 rimettersi al volante, Gli agenti della volante hanno ritirato la patente all&#8217;uomo bellunese che l&#8217;altra sera si \u00e8 messo alla guida ubricaco, con la sua peougeot zig zagava, al controllo dell&#8217;etilometro il dato: quasi 2 grammi litro, quattro volte il consentito. Ritirata la patente, auto confiscata e denuncia per guida in stato di\u00a0 ebrezza.<\/p>\n<p>&nbsp;<\/p>\n<p>&nbsp;<\/p>\n<p>&nbsp;<\/p>\n<h1>I FUNERALI DI RAFFAELE ARCANGELO<\/h1>\n<p>Si terranno domani alle 14.30 a Cencenighe i funerali di Raffaele Arcangelo Agostini vittima del mortale incidente di sabato sera a Masar\u00e8 di Alleghe. L&#8217;uomo non sar\u00e0 sepolto nel suo paese d&#8217;origine poich\u00e9 non pi\u00f9 residente, con la famiglia il falegname si era infatti trasferito da 4 anni a Cencenighe con la moglie Paola e le tre figlie.<\/p>\n<p>&nbsp;<\/p>\n<p>&nbsp;<\/p>\n<p>&nbsp;<\/p>\n<h1>E&#8217; SCOMPARSO IL LEADER DEI FORCONI<\/h1>\n<p>Un post su facebook da l&#8217;allarme: si cerca Gaetano Ferrieri, il leader dei forconi residente a Mirano \u00e8 scomparso. L&#8217;allarme dalla compagna<br \/>\n<a class=\"dt-pswp-item\" href=\"http:\/\/www.radiopiu.net\/wordpress\/wp-content\/uploads\/2018\/12\/WhatsApp-Image-2018-12-03-at-22.52.58.jpeg\" data-dt-img-description=\"\" data-large_image_width=\"778\" data-large_image_height=\"1600\"><img loading=\"lazy\" decoding=\"async\" class=\"alignnone wp-image-68271\" src=\"http:\/\/www.radiopiu.net\/wordpress\/wp-content\/uploads\/2018\/12\/WhatsApp-Image-2018-12-03-at-22.52.58-146x300.jpeg\" alt=\"\" width=\"180\" height=\"367\" \/><\/a><\/p>\n<p>&nbsp;<\/p>\n<p>&nbsp;<\/p>\n<p>&nbsp;<\/p>\n<h1>NUOVA VITA PER L&#8217; EX ALBERGO BUZZATTI? FORSE UN RITORNO ALL&#8217;ANTICO SPLENDORE PER INTERESSAMENTO DI UN PRIVATO<\/h1>\n<div style=\"width: 1200px;\" class=\"wp-video\"><video class=\"wp-video-shortcode\" id=\"video-68225-1\" width=\"1200\" height=\"675\" preload=\"metadata\" controls=\"controls\"><source type=\"video\/mp4\" src=\"http:\/\/www.radiopiu.net\/wordpress\/wp-content\/uploads\/2018\/11\/WhatsApp-Video-2018-11-30-at-16.25.11.mp4?_=1\" \/><a href=\"http:\/\/www.radiopiu.net\/wordpress\/wp-content\/uploads\/2018\/11\/WhatsApp-Video-2018-11-30-at-16.25.11.mp4\">http:\/\/www.radiopiu.net\/wordpress\/wp-content\/uploads\/2018\/11\/WhatsApp-Video-2018-11-30-at-16.25.11.mp4<\/a><\/video><\/div>\n<p><strong><a class=\"dt-pswp-item\" href=\"http:\/\/www.radiopiu.net\/wordpress\/wp-content\/uploads\/2018\/11\/811f6984-b466-4756-8e07-4d5966b5b4f4.jpg\" data-dt-img-description=\"\" data-large_image_width=\"799\" data-large_image_height=\"1599\"><img loading=\"lazy\" decoding=\"async\" class=\" wp-image-67965 alignleft\" src=\"http:\/\/www.radiopiu.net\/wordpress\/wp-content\/uploads\/2018\/11\/811f6984-b466-4756-8e07-4d5966b5b4f4-150x300.jpg\" alt=\"\" width=\"92\" height=\"184\" srcset=\"https:\/\/www.radiopiu.net\/wordpress\/wp-content\/uploads\/2018\/11\/811f6984-b466-4756-8e07-4d5966b5b4f4-150x300.jpg 150w, https:\/\/www.radiopiu.net\/wordpress\/wp-content\/uploads\/2018\/11\/811f6984-b466-4756-8e07-4d5966b5b4f4-768x1537.jpg 768w, https:\/\/www.radiopiu.net\/wordpress\/wp-content\/uploads\/2018\/11\/811f6984-b466-4756-8e07-4d5966b5b4f4-512x1024.jpg 512w, https:\/\/www.radiopiu.net\/wordpress\/wp-content\/uploads\/2018\/11\/811f6984-b466-4756-8e07-4d5966b5b4f4.jpg 799w\" sizes=\"auto, (max-width: 92px) 100vw, 92px\" \/><\/a><\/strong><\/p>\n<p>&nbsp;<\/p>\n<p>&nbsp;<\/p>\n<p>&nbsp;<\/p>\n<p>&nbsp;<\/p>\n<p><strong>AGORDO<\/strong>\u00a0 L&#8217;ex albergo Buzzatti risale agli anni 20 e lo stile libero ne \u00e8 una conferma. Oggi \u00e8 uno stabile abbandonato al suo destino ma ci sarebbe chi \u00e8 interessato al suo futuro.<\/p>\n<p><strong>di Gianni Santomaso<\/strong><\/p>\n<audio class=\"wp-audio-shortcode\" id=\"audio-68225-1\" preload=\"none\" style=\"width: 100%;\" controls=\"controls\"><source type=\"audio\/ogg\" src=\"http:\/\/www.radiopiu.net\/wordpress\/wp-content\/uploads\/2018\/11\/gianni-ex-buzzatti-alle-origini.ogg?_=1\" \/><a href=\"http:\/\/www.radiopiu.net\/wordpress\/wp-content\/uploads\/2018\/11\/gianni-ex-buzzatti-alle-origini.ogg\">http:\/\/www.radiopiu.net\/wordpress\/wp-content\/uploads\/2018\/11\/gianni-ex-buzzatti-alle-origini.ogg<\/a><\/audio>\n<p>&nbsp;<\/p>\n<p>&nbsp;<\/p>\n<p>&nbsp;<\/p>\n<p>&nbsp;<\/p>\n<p>&nbsp;<\/p>\n<h1>LAVORI DI SISTEMAZIONE DANNI ALLUVIONALI A TAIBON AGORDINO<\/h1>\n<blockquote>\n<h3><em>con la collaborazione di\u00a0 Alessandro Savio<\/em><\/h3>\n<\/blockquote>\n<p><strong><a class=\"dt-pswp-item\" href=\"http:\/\/www.radiopiu.net\/wordpress\/wp-content\/uploads\/2018\/12\/3333.jpg\" data-dt-img-description=\"\" data-large_image_width=\"2500\" data-large_image_height=\"1875\"><img loading=\"lazy\" decoding=\"async\" class=\"size-medium wp-image-68254 alignleft\" src=\"http:\/\/www.radiopiu.net\/wordpress\/wp-content\/uploads\/2018\/12\/3333-300x225.jpg\" alt=\"\" width=\"300\" height=\"225\" srcset=\"https:\/\/www.radiopiu.net\/wordpress\/wp-content\/uploads\/2018\/12\/3333-300x225.jpg 300w, https:\/\/www.radiopiu.net\/wordpress\/wp-content\/uploads\/2018\/12\/3333-768x576.jpg 768w, https:\/\/www.radiopiu.net\/wordpress\/wp-content\/uploads\/2018\/12\/3333-1024x768.jpg 1024w\" sizes=\"auto, (max-width: 300px) 100vw, 300px\" \/><\/a>TAIBON<\/strong> Ad un mese dalla alluvione che ha colpito la nostra vallata , in comune di Taibon , ed in tutto l\u2019Agordino si sono aperti dei cantieri di lavoro per la sistemazione delle arginature e per l\u2019asporto di un enorme quantitativo di ghiaia dal greto dei torrenti. In particolare il rio \u201cVal dei Nare\u201dpiccolo torrentello che scende da Soccol e poi si immette nel torrente Tegnas in centro al paese di Taibon, in questi giorni \u00e8 oggetto di opere di arginatura e sistemazione spondale. In periodi di secca l\u2019apporto di acqua del rio \u00e8 insignificante,ma nei giorni della alluvione si \u00e8 verificata una esondazione che ha dimostrato terribilmente tutta la sua potenza. Questi lavori ci riportano indietro nel tempo e ci fanno ricordare il centenario della grande guerra, nel libro \u201cL\u2019Agordino dal 1915 al 1925: tra guerra e ricostruzione\u201d , di Antonio e Isabella Dal Fabbro e Leonardo Malatesta, pubblicato nel 2005, viene fatta una puntuale e significativa descrizione dei lavori per la riparazione dei danni di guerra alla viabilit\u00e0, ai ponti, ed ai fabbricati . Le opere furono dirette in prima persona dal Generale del Genio Militare ANTONIO DAL FABBRO, cittadino onorario di Agordo, a capo di migliaia di operai militari e civili alle dipendenze del Ministero per le Terre Liberate e Redente della provincia di Belluno. I lavori eseguiti nella Val Dei Nare furono rivolti alla costruzione della strada Taibon-Soccol ( vecchia strada mulattiera) per un percorso di circa due chilometri ed una pendenza media del 17%, inoltre difese spondali con argini in pietrame a secco ben squadrati ed una serie di piccole briglie. L\u2019intervento f\u00f9 diretto dal Genio Civile di Brunico e la sua realizzazione occup\u00f2 una media giornaliera di 60 operai per 180 giornate lavorative con una spesa di LIRE 73.608,25 a carico del Ministero per le Terre Liberate. (Cantiere n 14) In questi giorni l\u2019acqua ha riportato alla luce i vecchi argini realizzati nel 1919 e sono in corso dei lavori di ripristino delle scogliere con l\u2019intervento di due operai(Escavatore e Camion) per una spesa di circa Euro 50.000,oo. Il ponticello in legno in localit\u00e0 Pontive con una luce di ben 10 metri ha resistito alla piena ; era stato costruito nel 2011 dal nucleo di protezione civile del Gruppo Alpini Agordo \u2013Taibon e Rivamonte con la prestazione della mano d\u2019opera e legname fornito dal Comune di Taibon , attualmente \u00e8 stato rimosso per poter eseguire le opere spondali, sar\u00e0 ripristinato nello stesso punto prima della fine dei lavori.<\/p>\n\n\t\t\t<style type='text\/css'>\n\t\t\t\t#gallery-1 {\n\t\t\t\t\tmargin: auto;\n\t\t\t\t}\n\t\t\t\t#gallery-1 .gallery-item {\n\t\t\t\t\tfloat: left;\n\t\t\t\t\tmargin-top: 10px;\n\t\t\t\t\ttext-align: center;\n\t\t\t\t\twidth: 33%;\n\t\t\t\t}\n\t\t\t\t#gallery-1 img {\n\t\t\t\t\tborder: 2px solid #cfcfcf;\n\t\t\t\t}\n\t\t\t\t#gallery-1 .gallery-caption {\n\t\t\t\t\tmargin-left: 0;\n\t\t\t\t}\n\t\t\t\t\/* see gallery_shortcode() in wp-includes\/media.php *\/\n\t\t\t<\/style>\n\t\t<div id='gallery-1' class='dt-gallery-container gallery galleryid-68225 gallery-columns-3 gallery-size-thumbnail'><dl class='gallery-item'>\n\t\t\t\t<dt class='gallery-icon landscape'>\n\t\t\t\t\t<a class=\"rollover\" href='https:\/\/www.radiopiu.net\/wordpress\/giornale-radiopiu-4-dicembre-2018-direttore-mirko-mezzacasa\/attachment\/444\/'><img loading=\"lazy\" decoding=\"async\" width=\"150\" height=\"150\" src=\"https:\/\/www.radiopiu.net\/wordpress\/wp-content\/uploads\/2018\/12\/444-150x150.jpg\" class=\"attachment-thumbnail size-thumbnail\" alt=\"\" \/><\/a>\n\t\t\t\t<\/dt><\/dl><dl class='gallery-item'>\n\t\t\t\t<dt class='gallery-icon landscape'>\n\t\t\t\t\t<a class=\"rollover\" href='https:\/\/www.radiopiu.net\/wordpress\/giornale-radiopiu-4-dicembre-2018-direttore-mirko-mezzacasa\/attachment\/222222\/'><img loading=\"lazy\" decoding=\"async\" width=\"150\" height=\"150\" src=\"https:\/\/www.radiopiu.net\/wordpress\/wp-content\/uploads\/2018\/12\/222222-150x150.jpg\" class=\"attachment-thumbnail size-thumbnail\" alt=\"\" \/><\/a>\n\t\t\t\t<\/dt><\/dl><dl class='gallery-item'>\n\t\t\t\t<dt class='gallery-icon portrait'>\n\t\t\t\t\t<a class=\"rollover\" href='https:\/\/www.radiopiu.net\/wordpress\/giornale-radiopiu-4-dicembre-2018-direttore-mirko-mezzacasa\/val-di-nare-4-1\/'><img loading=\"lazy\" decoding=\"async\" width=\"150\" height=\"150\" src=\"https:\/\/www.radiopiu.net\/wordpress\/wp-content\/uploads\/2018\/12\/val-di-nare-4-1-150x150.jpg\" class=\"attachment-thumbnail size-thumbnail\" alt=\"\" \/><\/a>\n\t\t\t\t<\/dt><\/dl><br style=\"clear: both\" \/><dl class='gallery-item'>\n\t\t\t\t<dt class='gallery-icon portrait'>\n\t\t\t\t\t<a class=\"rollover\" href='https:\/\/www.radiopiu.net\/wordpress\/giornale-radiopiu-4-dicembre-2018-direttore-mirko-mezzacasa\/foto-depoca-val-dei-nare-3\/'><img loading=\"lazy\" decoding=\"async\" width=\"150\" height=\"150\" src=\"https:\/\/www.radiopiu.net\/wordpress\/wp-content\/uploads\/2018\/12\/foto-depoca-Val-dei-nare-2-150x150.jpg\" class=\"attachment-thumbnail size-thumbnail\" alt=\"\" \/><\/a>\n\t\t\t\t<\/dt><\/dl>\n\t\t\t\t<br style='clear: both' \/>\n\t\t\t<\/div>\n\n<h1><\/h1>\n<h1><\/h1>\n<h1><\/h1>\n<p>&nbsp;<\/p>\n<h1>BUONGIORNO DAL BRASILE, DI MORENO DE VAL SINDACO DI SAN TOMASO E DAL PRESIDENTE ABM OSCAR DE BONA<\/h1>\n<p style=\"text-align: left;\"><a class=\"dt-pswp-item\" href=\"http:\/\/www.radiopiu.net\/wordpress\/wp-content\/uploads\/2018\/12\/408966_10150470979170636_1836773136_n.jpg\" data-dt-img-description=\"\" data-large_image_width=\"720\" data-large_image_height=\"529\"><img loading=\"lazy\" decoding=\"async\" class=\"wp-image-68269 alignleft\" src=\"http:\/\/www.radiopiu.net\/wordpress\/wp-content\/uploads\/2018\/12\/408966_10150470979170636_1836773136_n-300x220.jpg\" alt=\"\" width=\"113\" height=\"83\" srcset=\"https:\/\/www.radiopiu.net\/wordpress\/wp-content\/uploads\/2018\/12\/408966_10150470979170636_1836773136_n-300x220.jpg 300w, https:\/\/www.radiopiu.net\/wordpress\/wp-content\/uploads\/2018\/12\/408966_10150470979170636_1836773136_n.jpg 720w\" sizes=\"auto, (max-width: 113px) 100vw, 113px\" \/><\/a><a class=\"dt-pswp-item\" href=\"http:\/\/www.radiopiu.net\/wordpress\/wp-content\/uploads\/2016\/05\/De_Val_Moreno_Sindaco.jpg\" data-dt-img-description=\"\" data-large_image_width=\"200\" data-large_image_height=\"228\"><img loading=\"lazy\" decoding=\"async\" class=\"wp-image-19619 alignleft\" src=\"http:\/\/www.radiopiu.net\/wordpress\/wp-content\/uploads\/2016\/05\/De_Val_Moreno_Sindaco.jpg\" alt=\"\" width=\"82\" height=\"93\" \/><\/a>Incontro con le comunit\u00e0 bellunesi in Brasile, il resconto del sindaco di San Tomaso e del presidente dell&#8217;Associazione Bellunesi nel Mondo, un gonfalone per una nuova &#8220;famiglia&#8221; bellunese. I 30 anni della famiglia bellunesi nel mondo di Urussanga.<\/p>\n<audio class=\"wp-audio-shortcode\" id=\"audio-68225-2\" preload=\"none\" style=\"width: 100%;\" controls=\"controls\"><source type=\"audio\/ogg\" src=\"http:\/\/www.radiopiu.net\/wordpress\/wp-content\/uploads\/2018\/12\/MORENO.ogg?_=2\" \/><a href=\"http:\/\/www.radiopiu.net\/wordpress\/wp-content\/uploads\/2018\/12\/MORENO.ogg\">http:\/\/www.radiopiu.net\/wordpress\/wp-content\/uploads\/2018\/12\/MORENO.ogg<\/a><\/audio>\n<p>&nbsp;<\/p>\n<p>&nbsp;<\/p>\n<p>&nbsp;<\/p>\n<p>&nbsp;<\/p>\n<h1>PETTIROSSO AGORDINO, IL RINNOVO DELLE CARICHE. IL SALUTO DELLA PRESIDENTE<\/h1>\n<p><strong><a class=\"dt-pswp-item\" href=\"http:\/\/www.radiopiu.net\/wordpress\/wp-content\/uploads\/2017\/02\/dellagnola-nadia.jpg\" data-dt-img-description=\"\" data-large_image_width=\"300\" data-large_image_height=\"200\"><img loading=\"lazy\" decoding=\"async\" class=\"size-medium wp-image-28874 alignleft\" src=\"http:\/\/www.radiopiu.net\/wordpress\/wp-content\/uploads\/2017\/02\/dellagnola-nadia-300x200.jpg\" alt=\"\" width=\"300\" height=\"200\" \/><\/a><\/strong><\/p>\n<p>&nbsp;<\/p>\n<p>&nbsp;<\/p>\n<p>&nbsp;<\/p>\n<p><strong>AGORDO<\/strong> Con la prossima assemblea Nadia Dell&#8217;Agnola rassegner\u00e0 le proprie dimissione al termine di anni di grande lavoro e altrettanto impegno. Ai microfoni di Radio Pi\u00f9 le motivazioni.<\/p>\n<audio class=\"wp-audio-shortcode\" id=\"audio-68225-3\" preload=\"none\" style=\"width: 100%;\" controls=\"controls\"><source type=\"audio\/ogg\" src=\"http:\/\/www.radiopiu.net\/wordpress\/wp-content\/uploads\/2018\/12\/nadia.ogg?_=3\" \/><a href=\"http:\/\/www.radiopiu.net\/wordpress\/wp-content\/uploads\/2018\/12\/nadia.ogg\">http:\/\/www.radiopiu.net\/wordpress\/wp-content\/uploads\/2018\/12\/nadia.ogg<\/a><\/audio>\n<p>&nbsp;<\/p>\n<p>&nbsp;<\/p>\n<p>&nbsp;<\/p>\n<p>&nbsp;<\/p>\n<h1>LA COLLETTA ALIMENTARE PER I LIMANESI CHE FATICANO AD ARRIVARE A FINE MESE. GESTI CHE CAMBIANO LE FESTIVITA&#8217;, INIZIATIVA DEL GAS<\/h1>\n<p><strong>DI DAMIANO TORMEN<\/strong><\/p>\n<audio class=\"wp-audio-shortcode\" id=\"audio-68225-4\" preload=\"none\" style=\"width: 100%;\" controls=\"controls\"><source type=\"audio\/ogg\" src=\"http:\/\/www.radiopiu.net\/wordpress\/wp-content\/uploads\/2018\/12\/DAMIANO.ogg?_=4\" \/><a href=\"http:\/\/www.radiopiu.net\/wordpress\/wp-content\/uploads\/2018\/12\/DAMIANO.ogg\">http:\/\/www.radiopiu.net\/wordpress\/wp-content\/uploads\/2018\/12\/DAMIANO.ogg<\/a><\/audio>\n<p>&nbsp;<\/p>\n<p>&nbsp;<\/p>\n<p>&nbsp;<\/p>\n<p>&nbsp;<\/p>\n<h1>SOLIDARIETA&#8217;\u00a0 PER AGORDO, IL GRAZIE DEL SINDACO<\/h1>\n<p><strong><a class=\"dt-pswp-item\" href=\"http:\/\/www.radiopiu.net\/wordpress\/wp-content\/uploads\/2016\/01\/20140526_da-roit-sisto.jpg\" data-dt-img-description=\"\" data-large_image_width=\"660\" data-large_image_height=\"228\"><img loading=\"lazy\" decoding=\"async\" class=\"size-medium wp-image-15541 alignleft\" src=\"http:\/\/www.radiopiu.net\/wordpress\/wp-content\/uploads\/2016\/01\/20140526_da-roit-sisto-300x104.jpg\" alt=\"\" width=\"300\" height=\"104\" \/><\/a>AGORDO<\/strong> A Padova (San Martino di Lupari) il paese rinuncia alle luminarie, la popolazione versa il proprio contributo per il capoluogo di vallata danneggiato dal maltempo. In Alpago il mondo dello sport ha raccolto quasi 10 mila euro, sul conto corrente del Comune non mancano i contributi volontari, dal Palazzo Municipale il grazie del sindaco Sisto Da Roit<\/p>\n<audio class=\"wp-audio-shortcode\" id=\"audio-68225-5\" preload=\"none\" style=\"width: 100%;\" controls=\"controls\"><source type=\"audio\/ogg\" src=\"http:\/\/www.radiopiu.net\/wordpress\/wp-content\/uploads\/2018\/12\/sisto.ogg?_=5\" \/><a href=\"http:\/\/www.radiopiu.net\/wordpress\/wp-content\/uploads\/2018\/12\/sisto.ogg\">http:\/\/www.radiopiu.net\/wordpress\/wp-content\/uploads\/2018\/12\/sisto.ogg<\/a><\/audio>\n<p>&nbsp;<\/p>\n<p>&nbsp;<\/p>\n<blockquote>\n<h1><\/h1>\n<h1>&#8220;SPEZZACCHIO&#8221; E L&#8217;ASSURDA MANIA DI PORTARE ABETI IN PIAZZA, ANCHE DALLE ZONE ALPINE COLPITE DAL MALTEMPO. &#8220;\u00c8 ORA CHE L&#8217;ITALIA RECUPERI UN MIGLIOR RAPPORTO CON LE SUE FORESTE&#8221;<\/h1>\n<\/blockquote>\n<p><a class=\"dt-pswp-item\" href=\"http:\/\/www.radiopiu.net\/wordpress\/wp-content\/uploads\/2018\/12\/argentera_ferrere.jpg\" data-dt-img-description=\"\" data-large_image_width=\"865\" data-large_image_height=\"330\"><img loading=\"lazy\" decoding=\"async\" class=\"size-medium wp-image-68270 alignleft\" src=\"http:\/\/www.radiopiu.net\/wordpress\/wp-content\/uploads\/2018\/12\/argentera_ferrere-300x114.jpg\" alt=\"\" width=\"300\" height=\"114\" srcset=\"https:\/\/www.radiopiu.net\/wordpress\/wp-content\/uploads\/2018\/12\/argentera_ferrere-300x114.jpg 300w, https:\/\/www.radiopiu.net\/wordpress\/wp-content\/uploads\/2018\/12\/argentera_ferrere-768x293.jpg 768w, https:\/\/www.radiopiu.net\/wordpress\/wp-content\/uploads\/2018\/12\/argentera_ferrere.jpg 865w\" sizes=\"auto, (max-width: 300px) 100vw, 300px\" \/><\/a>A Roma quest&#8217;anno, davanti all&#8217;Altare della Patria,\u00a0arriva &#8220;Spezzacchio&#8221;. Nel 2017 era arrivato &#8220;Spelacchio&#8221;. In qualche modo \u00e8 &#8211; sono entrambi &#8211; l&#8217;emblema del rapporto che il Paese ha con le sue foreste, con 12 milioni di ettari di Italia, un terzo della superficie del Paese. Un rapporto spezzato, alterato dalla non conoscenza e anche dai pregiudizi, distrutto alla radice. &#8220;Prendiamo gli abeti dai nostri boschi, pi\u00f9 sono alti meglio \u00e8, li portiamo per 700 chilometri di autostada con allucinanti ed eterni trasporti eccezionali, costosissimi, fino alla meta, per issarli tra i sampietrini o l&#8217;asfalto, li rimontiamo nelle piazze tra le vie dello shopping e, se qualche ramo si \u00e8 spezzato, siamo pronti a riattaccarlo. Un gioco ricorrente da nord a sud, anche in citt\u00e0 dove un abete vero, un&#8217;abetina non si \u00e8 mai vista manco in foto. In questo scenario postmoderno, c&#8217;\u00e8 qualcosa che non va&#8221;, riflette il Presidente Uncem, Marco Bussone. &#8220;C&#8217;\u00e8 una societ\u00e0 urbanocentrica che niente sa del proprio territorio rurale e montano\u00a0&#8211; riflette Bussone &#8211;\u00a0che niente sa dei suoi boschi, che per\u00f2 vuole l&#8217;albero di Natale vero in piazza o in casa, pronto poi a ripiantarlo in qualche casuale bosco quando le luci colorate e gli addobbi tornano in cantina o in garage. Addirittura c&#8217;\u00e8 chi propone di prendere come albero di Natale un pezzo degli abeti rossi che si sono schiantati a terra, distrutti dal vento, sull&#8217;Altipiano di Asiago. Affinch\u00e9 &#8216;riprendano la verticalit\u00e0 perduta&#8217;, viene detto oggi. I cimali verrebbero venduti sul mercato, nelle piazze delle citt\u00e0 naturalmente. Per poi restare 15 giorni nelle case degli italiani ed essere tradotti in biomassa da combustione successivamente. Un disegno che fatichiamo a comprendere, che per\u00f2 dimostra la fatica con la quale l&#8217;Italia riesce a stringere un adeguato rapporto con i suoi boschi. Li usa per gioco, senza comprenderne il valore. Spezzacchio e Spelacchio insegnano questa mancanza di radici e di basi culturali scientifiche, serie&#8221;.<\/p>\n<p>&nbsp;<\/p>\n<p>&nbsp;<\/p>\n<p>&nbsp;<\/p>\n<p>&nbsp;<\/p>\n<h1>MANUTENZIONE DEL TERRITORIO, LA GIUNTA APPROVA<\/h1>\n<p><strong>BELLUNO<\/strong> Nell&#8217;ultima seduta della Giunta comunale sono stati approvati diversi interventi di manutenzione sul territorio, dai ripristini dei danni della bomba d&#8217;acqua di luglio alla sistemazione dei marciapiedi, fino alle modifiche all&#8217;accesso alla casa di riposo. <strong>Bomba d&#8217;acqua in Oltrardo\u00a0<\/strong>Sono otto gli interventi di ripristino e sistemazione dei danni causati dalla bomba d&#8217;acqua che tra il 22 e 23 luglio si abbatt\u00e8 sul capoluogo, con particolare intensit\u00e0 nella zona dell&#8217;Oltrardo tra Col Fiorito e Cusighe. Al Rio Angela a Fiammoi, al Rio Venghe su via Sargnano e al rio nella medesima frazione, in valle del Serva e in valle di San Liberale prevista\u00a0 l&#8217;asportazione del materiale depositato\u00a0 con la ricalibratura dell&#8217;alveo; in localit\u00e0 Collungo, verr\u00e0 ripristinato il tombotto esistente e realizzato un manufatto in calcestruzzo e pietrame all&#8217;imbocco; sulla strada per San Liberale \u2013 Casera Porta ci sar\u00e0 l&#8217;adeguamento dell&#8217;imbocco del tombotto, con la realizzazione di un pozzettone di raccolta in calcestruzzo, completo di un parapetto in legno; sulla stessa via verr\u00e0 ripristinato il tratto di strada danneggiato e saranno ricostruiti i tre tombini preesistenti. I lavori saranno svolti dall&#8217;Unione Montana Belluno-Ponte e costeranno 29mila euro, equamente divisi tra Comune di Belluno e Unione Montana. <strong>Marciapiedi\u00a0<\/strong>Approvato il piano degli interventi sui marciapiedi da attuare nel 2019. In Viale Tilman, saranno sistemati i marciapiedi su entrambi i lati nel tratto tra Via Andrea Di Foro e Via Dolabella, mentre in Via Bettio si tratter\u00e0 della continuazione dei lavori effettuati quest&#8217;anno. In Via Feltre, invece, l&#8217;intervento interesser\u00e0 il tratto di marciapiede di fronte agli uffici della Ulss e al Bar Casinet, all&#8217;incrocio con Via Pagello. Il costo complessivo degli interventi sar\u00e0 di 100mila euro. Per quanto riguarda invece Via Rudio, il marciapiede \u00e8 nella lista di priorit\u00e0 del Comune, ma si attender\u00e0 la conclusione dei lavori da parte di Bim GSP alla rete dei sottoservizi, cos\u00ec da non vanificare l&#8217;intervento. <strong>Nuovo accesso alla Casa di riposo\u00a0<\/strong>Sar\u00e0 modificato l&#8217;accesso alla Casa di riposo \u201cGaggia Lante\u201d da Via Sperti, sul retro dell&#8217;edificio. Al posto dell&#8217;attuale, unica uscita, verr\u00e0 realizzato un bivio che consentir\u00e0 di entrare ed uscire comodamente in entrambe le direzioni di marcia, verso Sopracroda e verso Cavarzano.<\/p>\n<p>&nbsp;<\/p>\n<p>&nbsp;<\/p>\n<p>&nbsp;<\/p>\n<p>&nbsp;<\/p>\n<h1>UN\u2019INDAGINE PER RILEVARE EVENTUALI STATI DI STRESS POST-TRAUMATICO<\/h1>\n<blockquote>\n<h3><em>Partita la rilevazione di Provincia di Belluno e Ufficio Scolastico<\/em><\/h3>\n<\/blockquote>\n<p><strong>BELLUNO\u00a0<\/strong>Bambini e adulti reagiscono diversamente agli stress e l\u2019ambiente fisico spesso \u00e8 per i ragazzi una parte importante della loro realt\u00e0, a volte compagno di gioco, altre fonte di sicurezza e parte del concetto di casa. Alcune reazioni da stress sono normali, fisiologiche e destinate a normalizzarsi dopo qualche tempo. In alcuni casi tuttavia queste possono perdurare: paura del buio, attaccamento eccessivo ai genitori, irritabilit\u00e0, distrazione e\/o diminuzione degli interessi per le attivit\u00e0 abituali. La Provincia e l\u2019Ufficio scolastico, a distanza di un mese dall\u2019alluvione, hanno voluto attivare una rilevazione dei bisogni dei bambini attraverso i Dirigenti degli Istituti Comprensivi del territorio che la scorsa settimana hanno ricevuto una lettera a questo fine. Per gli istituti che segnaleranno permanere di disagi nei bambini i due Enti promuoveranno, attraverso l\u2019attivazione dell\u2019Associazione \u201cPsicologi per i Popoli-Veneto\u201d, primo collaboratore in Provincia della Protezione Civile, degli interventi idonei a migliorare il ritorno alla normalit\u00e0 dei ragazzi e delle loro famiglie. L\u2019iniziativa \u00e8 volta a sottolineare l\u2019importanza e la cura che il nostro territorio deve avere verso le giovani generazioni, nella consapevolezza del forte legame che esse hanno e avranno con l\u2019identit\u00e0 intera del nostro territorio bellunese.<\/p>\n<p>&nbsp;<\/p>\n<p>&nbsp;<\/p>\n<p>&nbsp;<\/p>\n<h1>L&#8217;INTERVENTO<\/h1>\n<blockquote><p>\u201c<em>Nel sociosanitario va benissimo un unico Assessore\u201d<\/em><\/p><\/blockquote>\n<p>di Franco Picentini, Feltre<\/p>\n<blockquote><p>Dopo il passaggio ad incarichi governativi nazionali di Luca Coletto, nelle stanze della Giunta Regionale del Veneto, c\u2019\u00e8 un certo \u201cfermento politico\u201d con indiscrezioni su chi dovrebbe ricoprire l\u2019incarico (impegnativa responsabilit\u00e0) di Assessore Regionale alla Sanit\u00e0.\u00a0Personalmente, per quanto di mia conoscenza, \u00e8 condivisibile l\u2019indicazione della dottoressa Manuela Lanzarin, attuale Assessore al Sociale, se questa, per\u00f2, \u00e8 finalizzata a realizzare, finalmente, l\u2019unico Assessorato Regionale al Sociosanitario.\u00a0Ricordo che il Dipartimento Welfare della CGIL regionale (per anni coordinato dal sottoscritto) in pi\u00f9 occasioni aveva evidenziato una certa \u201cstranezza politica\u201d, pi\u00f9 precisamente: una effettiva contraddizione, tra l\u2019esaltazione (valorizzazione) del modello veneto di integrazione sociosanitaria e l\u2019istituzione di due distinti Assessorati, a parole dialoganti ma nei fatti \u201cseparati in casa\u201d sulle scelte programmatiche e soprattutto sui riparti delle risorse finanziarie, fortemente penalizzanti per le prestazioni sociali ed assistenziali.\u00a0Quindi se il passaggio da Venezia a Roma \u00e8 un significativo riconoscimento per un amministratore veneto (una gratificazione personale di Luca Coletto) dovr\u00e0 essere anche l\u2019occasione (storica) di avere in Veneto: l\u2019Assessorato Unico ai Servizi, alle Prestazione e ai Livelli Essenziali Sociosanitari, con l\u2019accortezza di invitare il \u201cnuovo\u201d Assessore ad utilizzare una adeguata quota degli oltre nove miliardi di euro (oggi finalizzati soprattutto alla sanit\u00e0) per ridurre la compartecipazione ai costi socio-assistenziali (rette case di riposo, ecc) e per rendere esigibile, a tutti gli aventi diritto, il fondo per la disabilit\u00e0 e la non autosufficienza, previsto dalla legge regionale 30 del 18 dicembre 2009.<\/p><\/blockquote>\n<p>&nbsp;<\/p>\n<p>&nbsp;<\/p>\n<p>&nbsp;<\/p>\n<p>&nbsp;<\/p>\n<h1>PIANO DI COMUNICAZIONE ATTIVA IN TERMINI DI PREVENZIONE SUL TEMA DELLE MUTILAZIONI GENITALI FEMMINILI<\/h1>\n<p><strong>BELLUNO<\/strong> Mercoled\u00ec 5 dicembre dalle 8.45 alle 13 nella sala riunioni dell&#8217;ospedale San Martino di Belluno si tiene il convegno \u201cPiano di Comunicazione attiva, in termini di prevenzione sul tema delle mutilazioni genitali femminili\u201d. Dopo i saluti dell&#8217;amministrazione interviene la psicologa psicoterapeuta Francesca De Biasi. A seguire le assistenti sociali del Consultorio familiare Laura Bortot e Daniela Brandalise sul significato del piano di comunicazione ativa nei termini della prevenzione sul tema delle mutilazioni genitali femminili. Vincenzo Pace, professore di sociologia delle religioni all&#8217;universit\u00e0 di Padova, \u00e8 chiamato a intrecciare il tema delle mutilazioni con quello della fede. Simone Borile, direttore e presidente del corso di studi per mediatori linguistici Ciels di Padova, si inserisce per parlare dell&#8217;approccio transculturale e dei riti di passaggio tra identit\u00e0, appartenenza e obblighi, offrendo modelli interdisciplinari di interazione. Dopodich\u00e9 interviene Marina Semenzato, coordinatrice ostetrica del progetto BRO per l&#8217;Aulss 6 Euganea, sul ruolo degli operatori sanitari in diagnosi e prevenzione. Daria Minucci, ginecologa e studiosa senior del dipartimento Salute Donna e Bambino dell&#8217;universit\u00e0 di Padova, \u00e8 invitata a parlare delle conseguenze immediate e a lungo termine delle mutilazioni. Daniela Meneguz, avvocato del foro di Treviso e consulente legale dei Consultori familiari dell&#8217;Ulss 1, approfondisce la legge 7\/2006 all&#8217;interno del sistema legislativo nazionale e internazionale per la tutela di donne e bambine, attraverso i suoi risvolti giurisprudenziali. Chiude i lavori la dottoressa De Biasi. Le iscrizioni a ufficio.formazione@aulss1.veneto.it.<\/p>\n<p>&nbsp;<\/p>\n<p>&nbsp;<\/p>\n<p>&nbsp;<\/p>\n<h1>PREVENZIONE ED EMERGENZA IN TERRITORIO MONTANA E D&#8217;ALTA QUOTA<\/h1>\n<blockquote>\n<h3><em>Partita la 3\u00b0 edizione del master di 1\u00b0 livello dell\u2019Universit\u00e0 di Padova e dell\u2019ULSS 1 Dolomiti<\/em><\/h3>\n<\/blockquote>\n<p><strong><a class=\"dt-pswp-item\" href=\"http:\/\/www.radiopiu.net\/wordpress\/wp-content\/uploads\/2018\/12\/IMG-20181201-WA0011.jpg\" data-dt-img-description=\"\" data-large_image_width=\"1600\" data-large_image_height=\"1200\"><img loading=\"lazy\" decoding=\"async\" class=\"size-medium wp-image-68232 alignleft\" src=\"http:\/\/www.radiopiu.net\/wordpress\/wp-content\/uploads\/2018\/12\/IMG-20181201-WA0011-300x225.jpg\" alt=\"\" width=\"300\" height=\"225\" srcset=\"https:\/\/www.radiopiu.net\/wordpress\/wp-content\/uploads\/2018\/12\/IMG-20181201-WA0011-300x225.jpg 300w, https:\/\/www.radiopiu.net\/wordpress\/wp-content\/uploads\/2018\/12\/IMG-20181201-WA0011-768x576.jpg 768w, https:\/\/www.radiopiu.net\/wordpress\/wp-content\/uploads\/2018\/12\/IMG-20181201-WA0011-1024x768.jpg 1024w, https:\/\/www.radiopiu.net\/wordpress\/wp-content\/uploads\/2018\/12\/IMG-20181201-WA0011.jpg 1600w\" sizes=\"auto, (max-width: 300px) 100vw, 300px\" \/><\/a>FELTRE<\/strong>\u00a0 E\u2019 partita, nel weekend, la terza edizione del master di 1\u00b0 livello in \u201cPrevenzione ed emergenza in territorio montano e d\u2019alta quota\u201d promosso dall\u2019Universit\u00e0 di Padova in collaborazione con l\u2019Ulss Dolomiti. Gli iscritti sono 8. L&#8217;obiettivo del Master \u00e8 di formare e\/o arricchire le figure professionali sanitarie di area tecnica preventiva e infermieristica d&#8217;emergenza-urgenza che si occuperanno d&#8217;interventi specifici nell&#8217;ambiente montano. Il Corso vuole quindi trasmettere competenze nei due ambiti operativo e organizzativo, in modo tale che i discenti possano acquisire una formazione adeguata a pianificare linee d&#8217;intervento e di gestione delle possibili criticit\u00e0. I professionisti cos\u00ec formati saranno in grado di utilizzare le conoscenze del complesso sistema di soccorso in emergenza in ambiente montano e d&#8217;alta quota, cos\u00ec da non considerare solo gli aspetti dinamici del mero intervento, ma anche la tutela sia degli operatori sia degli utenti. Il Master si propone di fornire conoscenze approfondite per la valutazione del rischio in merito alle peculiari attivit\u00e0 lavorative presenti nel territorio montano; inoltre, per quanto riguarda gli interventi in emergenza, fornisce una cultura preventiva non solo per la salvaguardia della salute dell&#8217;utente, ma anche del personale abitualmente impiegato in queste operazioni, considerando non solo gli aspetti direttamente legati all&#8217;intervento ma anche quelli legati all&#8217;ambiente in cui lo scenario si svolge. Il corsista svilupper\u00e0 competenze specialistiche nell&#8217;ambito preventivo e d&#8217;intervento sul funzionamento del sistema nei suoi vari aspetti, promuovendo una visione non pi\u00f9 solo legata alla singola professionalit\u00e0, ma a un insieme di competenze diverse il cui fine ultimo \u00e8 la tutela della salute del singolo e della popolazione. Fornisce infine competenze specialistiche nella gestione dei processi, promuovendo l&#8217;acquisizione di competenze professionali in ambito giuridico, legale e medico legale. Il corso si svolge il venerd\u00ec pomeriggio e il sabato a settimane alterne, nella sede del corso di laurea in tecniche della prevenzione, al campus Tina Merlin di Feltre. Il master avr\u00e0 durata annuale e sono previste 300 ore di didattica e 200 ore di tirocinio che si svolger\u00e0 nei pronto soccorso della provincia, al SUEM, al Comando dei Vigili del Fuoco e del Soccorso Alpino CNSAS. Quest\u2019anno l\u2019accesso \u00e8 stato ampliato anche a diverse lauree triennali come quelle in ingegneria civile e ambientale; ingegneria industriale; professioni sanitarie della prevenzione; professioni sanitarie della riabilitazione; professioni sanitarie tecniche; professioni sanitarie, infermieristiche e professione sanitaria ostetrica; scienze biologiche; scienze del servizio sociale; scienze criminologiche e della sicurezza. L\u2019elenco completo dei titoli per accedere al corso \u00e8 disponibile nel sito dell\u2019universit\u00e0 di Padova. Gli studenti saranno formati su un ampio spettro di tematiche che vanno dal primo soccorso alle patologie in alta quota, dalla geologia alla meteorologia, dalla nutrizione in montagna agli eventi avversi, fino a tematiche medico legati senza trascurare gli aspetti psicologici e comunicativi.<\/p>\n<p>&nbsp;<\/p>\n<p>&nbsp;<\/p>\n<p>&nbsp;<\/p>\n<h1>TEATRO LA SENA, IL PROGETTO\u00a0 &#8220;NUOVI SCENARI&#8221;<\/h1>\n<p><strong><a class=\"dt-pswp-item\" href=\"http:\/\/www.radiopiu.net\/wordpress\/wp-content\/uploads\/2018\/12\/IMG_20181203_110435.jpg\" data-dt-img-description=\"\" data-large_image_width=\"5312\" data-large_image_height=\"2988\"><img loading=\"lazy\" decoding=\"async\" class=\"size-medium wp-image-68235 alignleft\" src=\"http:\/\/www.radiopiu.net\/wordpress\/wp-content\/uploads\/2018\/12\/IMG_20181203_110435-300x169.jpg\" alt=\"\" width=\"300\" height=\"169\" srcset=\"https:\/\/www.radiopiu.net\/wordpress\/wp-content\/uploads\/2018\/12\/IMG_20181203_110435-300x169.jpg 300w, https:\/\/www.radiopiu.net\/wordpress\/wp-content\/uploads\/2018\/12\/IMG_20181203_110435-768x432.jpg 768w, https:\/\/www.radiopiu.net\/wordpress\/wp-content\/uploads\/2018\/12\/IMG_20181203_110435-1024x576.jpg 1024w\" sizes=\"auto, (max-width: 300px) 100vw, 300px\" \/><\/a>FELTRE\u00a0<\/strong>Giornata di particolare significato artistico e culturale, quella di\u00a0 ieri per la citt\u00e0 di Feltre. A Palazzo Borgasio \u2013\u00a0 \u00e8 stato allestito il cantiere di restauro &#8211;\u00a0 \u00e8 stato presentato, ed ha di fatto preso le mosse anche sul piano operativo, il progetto \u201cNuovi Scenari\u201d, attraverso il quale l&#8217;amministrazione comunale intende ridare vita e splendore ai materiali di scena del teatro de la Sena, ora custoditi nelle soffitte del Palazzo Pretorio. A partire, naturalmente, dall&#8217;antico sipario, dipinto da Tranquillo Orsi (lo stesso decoratore del sipario della Fenice di Venezia) nel 1843. La tela, 10 metri per 7, rappresenta una scena mitologica, la contrapposizione tra gli dei Apollo e Pan, secondo la tradizione neoclassica dell&#8217;epoca; si trovava nelle soffitte del palazzo comunale da oltre 30 anni, dopo essere stata esposta al pubblico per l&#8217;ultima volta nel 1984.<\/p>\n<p><strong>L&#8217;ASSESSORE ALESSANDRO DEL BIANCO<\/strong><\/p>\n<audio class=\"wp-audio-shortcode\" id=\"audio-68225-6\" preload=\"none\" style=\"width: 100%;\" controls=\"controls\"><source type=\"audio\/mpeg\" src=\"http:\/\/www.radiopiu.net\/wordpress\/wp-content\/uploads\/2018\/12\/ALESSANDRO-DEL-BIANCO.mp3?_=6\" \/><a href=\"http:\/\/www.radiopiu.net\/wordpress\/wp-content\/uploads\/2018\/12\/ALESSANDRO-DEL-BIANCO.mp3\">http:\/\/www.radiopiu.net\/wordpress\/wp-content\/uploads\/2018\/12\/ALESSANDRO-DEL-BIANCO.mp3<\/a><\/audio>\n<p>L&#8217;attivit\u00e0 di recupero del sipario, con la ripulitura e la messa in opera della tela, sar\u00e0 condotto da un&#8217;\u00e9quipe guidata dalla restauratrice Rossella Bernasconi, che ha portato a termine in passato un&#8217;analoga operazione sul sipario del teatro di Como.<\/p>\n<p><strong>ROSSELLA BERNASCONI<\/strong><\/p>\n<audio class=\"wp-audio-shortcode\" id=\"audio-68225-7\" preload=\"none\" style=\"width: 100%;\" controls=\"controls\"><source type=\"audio\/mpeg\" src=\"http:\/\/www.radiopiu.net\/wordpress\/wp-content\/uploads\/2018\/12\/BERASCONU.mp3?_=7\" \/><a href=\"http:\/\/www.radiopiu.net\/wordpress\/wp-content\/uploads\/2018\/12\/BERASCONU.mp3\">http:\/\/www.radiopiu.net\/wordpress\/wp-content\/uploads\/2018\/12\/BERASCONU.mp3<\/a><\/audio>\n<p>&nbsp;<\/p>\n<p>&nbsp;<\/p>\n<p>&nbsp;<\/p>\n<p>&nbsp;<\/p>\n<h1>CGIL FP E UIL FPL\u00a0 PRESENTANO\u00a0 AI LAVORATORI L&#8217;ACCORDO ECONOMICO &#8220;IL FUTURO DELLE CASE DI RIPOSO? SENZA DUBBIO SULLA QUALITA&#8217; DEL SERVIZIO&#8221;.<\/h1>\n<p><strong><a class=\"dt-pswp-item\" href=\"http:\/\/www.radiopiu.net\/wordpress\/wp-content\/uploads\/2018\/09\/POLIFUNZIONALE1.jpg\" data-dt-img-description=\"\" data-large_image_width=\"558\" data-large_image_height=\"648\"><img loading=\"lazy\" decoding=\"async\" class=\"size-medium wp-image-61888 alignleft\" src=\"http:\/\/www.radiopiu.net\/wordpress\/wp-content\/uploads\/2018\/09\/POLIFUNZIONALE1-258x300.jpg\" alt=\"\" width=\"258\" height=\"300\" srcset=\"https:\/\/www.radiopiu.net\/wordpress\/wp-content\/uploads\/2018\/09\/POLIFUNZIONALE1-258x300.jpg 258w, https:\/\/www.radiopiu.net\/wordpress\/wp-content\/uploads\/2018\/09\/POLIFUNZIONALE1.jpg 558w\" sizes=\"auto, (max-width: 258px) 100vw, 258px\" \/><\/a>AGORDO<\/strong> Ieri Andrea Fiocco (Fp Cgil) e Eva Pivetta (Uil Fpl), in una assemblea svolta a cavallo dei turni del mattino e del pomeriggio hanno presentato, i dettagli dell\u2019accordo siglato il 27 novembre con la Direzione di ASCA,\u00a0\u00a0\u00a0un accordo importante che mette sul tavolo risorse piuttosto consistenti: pi\u00f9 di 2000\u20ac medi per lavoratore. A regime, si crea un sistema di ripartizione del fondo basato su principi meritocratici, che cercheranno di destinare una premialit\u00e0 pi\u00f9 sostanziosa a coloro che maggiormente si daranno da fare per rendere migliore il servizio molto delicato che una struttura per anziani offre alla comunit\u00e0. I criteri adottati e concordati con l\u2019azienda si basano su 3 pilastri, con pesi diversi tra valutazione del personale, presenza in servizio e disponibilit\u00e0 (misurata sull\u2019orario in eccesso rispetto al dovuto). Il premio potr\u00e0 essere esigito dai lavoratori in soldi contanti, oppure in beni e servizi (con un sistema di welfare aziendale che \u00e8 in costruzione e che terr\u00e0 conto delle principali esigenze dei lavoratori, sulla base di questionari che verranno sottoposti alla loro attenzione nelle prossime settimane), oppure in una modalit\u00e0 intermedia che modula soldi cash e welfare.<br \/>\nLa reazione dei lavoratori \u00e8 stata prudente, ben lontana dall\u2019entusiasmo manifestato da qualche sindacalista nei giorni scorsi. Come tutti gli accordi \u00e8 perfettibile.\u00a0 I lavoratori ci hanno riconosciuto lo sforzo di differenziare le malattie, in base a durata e frequenza, e di valorizzare chi ha un maggiore impegno, ma \u00e8 sul sistema di valutazione che si annidano le maggiori preoccupazioni. Su questo \u00e8 stato ovviamente concordata con la Direzione una formazione approfondita dei valutatori, garantita la possibilit\u00e0 di colloqui intermedi con essi e di ricorso nei confronti di valutazioni non comprese dai lavoratori (anche assistiti dal sindacalista), cos\u00ec da creare un confronto con i soggetti interessati.\u00a0\u00a0La premialit\u00e0 \u00e8 solo uno degli strumenti che una Azienda mette in campo per creare un gruppo solido di professionisti che eroga un servizio importantissimo. Serve per fidelizzare i lavoratori e per essere attrattivi come opportunit\u00e0 di lavoro. Tuttavia il futuro delle case di riposo si gioca sulla qualit\u00e0 dei servizi che vengono erogati e sulla percezione che ne traggono i famigliari dell\u2019utente. Le famiglie pagano molto per quel servizio, e non tutti hanno accesso al sistema delle impegnative che rende meno onerosa la gestione dell\u2019anziano. Perci\u00f2 la premialit\u00e0 deve anche essere vista come occasione per migliorare l\u2019apporto del singolo al finecomune di dare un\u2019immagine positiva della struttura alla comunit\u00e0, affinch\u00e9 le famiglie le affidino con fiducia il proprio congiunto. Questi sono messaggi importanti che, come sindacati, ci sentiamo di far passare tra i lavoratori.<\/p>\n<p><strong>AI MICROFONI DI RADIO PIU ANDREA FIOCCO<\/strong><\/p>\n<audio class=\"wp-audio-shortcode\" id=\"audio-68225-8\" preload=\"none\" style=\"width: 100%;\" controls=\"controls\"><source type=\"audio\/ogg\" src=\"http:\/\/www.radiopiu.net\/wordpress\/wp-content\/uploads\/2018\/12\/andrea-fiocco.ogg?_=8\" \/><a href=\"http:\/\/www.radiopiu.net\/wordpress\/wp-content\/uploads\/2018\/12\/andrea-fiocco.ogg\">http:\/\/www.radiopiu.net\/wordpress\/wp-content\/uploads\/2018\/12\/andrea-fiocco.ogg<\/a><\/audio>\n<p>&nbsp;<\/p>\n<p>&nbsp;<\/p>\n<p>&nbsp;<\/p>\n<p>&nbsp;<\/p>\n<h1>COLITI E DINTORNI<\/h1>\n<blockquote>\n<h3><em>Domani\u00a0alle 18.00<\/em><\/h3>\n<\/blockquote>\n<p><strong>FELTRE. <\/strong>Domani\u00a0 alle 18 nella sala convegni dell\u2019ospedale di Feltre si parler\u00e0 di coliti con il gastroenterologo Andrea Buda. Il termine generico colite viene spesso utilizzato in modo improprio per indicare sintomi o alterazioni della funzione intestinale. Questi sintomi, che influenzano in maniera importante la vita quotidiana, spesso non riconoscono una vera e propria infiammazione del colon ma sono condivisi da malattie diverse dell\u2019apparato digerente. Un corretto riconoscimento delle cause ed un efficace rapporto medico-paziente, sia con il curante di medicina generale che lo specialista, sono le basi per una terapia personalizzata che oggi sappiamo non si giova solo di farmaci.<\/p>\n<p>&nbsp;<\/p>\n<p>&nbsp;<\/p>\n<p>&nbsp;<\/p>\n<p>&nbsp;<\/p>\n<h1>\u201cIL VOLONTARIATO NELL&#8217;EMERGENZA MALTEMPO DEL BELLUNESE\u201d CONFERENZA PER CONDIVIDERE \u201cVOCI E STORIE\u201d<\/h1>\n<p><strong>BELLUNO<\/strong> In occasione della Giornata mondiale del Volontariato, il Csv di Belluno ha deciso di celebrare \u201cIl volontariato nell&#8217;emergenza maltempo del Bellunese\u201d. Il convegno organizzato per la ricorrenza di quest&#8217;anno \u00e8 una conferenza dedicata a \u201cVoci e storie di istituzioni, associazioni, persone\u201d che possano raccontare l&#8217;esperienza vissuta nelle giornate pi\u00f9 difficili dell&#8217;emergenza maltempo. L&#8217;appuntamento \u00e8 per mercoled\u00ec 5 dicembre alle ore 18 in sala Bianchi a Belluno. <strong>INTERVENTI\u00a0<\/strong>Dopo i saluti iniziali del presidente del Comitato d&#8217;Intesa Gianluca Corsetti, dell&#8217;assessora del Comune di Belluno Stefania Ganz e del consigliere di Fondazione Cariverona Renzo Poloni, sono attesi a intervenire: Ivo Gasperin, coordinatore sezionale di Ana Belluno; Alex Barattin del Corpo Nazionale Soccorso Alpino e Speleologico; il sindaco del Comune di Rocca Pietore Andrea De Bernardin; Vittoria Facchin, Cinzia Soldan e Nardo Mognol rispettivamente delle Protezioni civili di Auronzo, Val di Zoldo e Alpago; il presidente del Comitato Croce Rossa di Belluno Fabio Zampieri con la responsabile dell&#8217;area Salute Paola Zannoni; il consigliere del Comune di Tambre Ueli Costa; il sindaco di Feltre Paolo Perenzin; i delegati del Cai di Feltre Stefano Zannini e di Val della Val di Zoldo Alessandro Santin. <strong>CONCLUSIONI\u00a0<\/strong>Al termine degli interventi previsti che dureranno all&#8217;incirca 2 ore, il microfono rester\u00e0 aperto per lasciare la parola a chi, dal pubblico, vorr\u00e0 portare la sua testimonianza dell&#8217;opera prestata nel corso dell&#8217;emergenza. Per questo \u00e8 importante la pi\u00f9 ampia partecipazione della popolazione. L&#8217;ingresso \u00e8 libero e gratuito.<\/p>\n<p>&nbsp;<\/p>\n<p>&nbsp;<\/p>\n<p>&nbsp;<\/p>\n<p>&nbsp;<\/p>\n<h1>INCONTRO SUL TUMORE ALLA PROSTATA CON L&#8217;ASSOCIAZIONE DOLOMITI UOMO<\/h1>\n<p><strong>BELLUNO<\/strong> Gioved\u00ec 6 dicembre alle 18 in sala Luciani al centro congressi Giovanni XXIII \u00e8 in programma l&#8217;incontro \u201cTumore alla prostata: \u00e8 sempre necessario operare?\u201d organizzato dal comitato scientifico dell&#8217;associazione per l&#8217;informazione sulle patologie prostatiche \u201cDolomiti Uomo\u201d. Intervengono Fable Zustovich (direttori Uoc Oncologia di Belluno), Massimo Meneguolo e Daniele Xausa (direttori Uoc Urologia di Belluno e Feltre), Filippo De Renzi (dirigente medico Uoc radioterapia di Belluno) e Gianelda Ferro Catello (direttrice del Consultorio familiare). I temi trattati saranno il tumore prostatico, la prostatectomia radicale e la radioterapia con intento radicale, la sorveglianza attiva e la qualit\u00e0 della vita, infine le psicodinamiche post diagnosi. Modera Pierluigi Svaluto Moreolo.<\/p>\n<p>&nbsp;<\/p>\n<p>&nbsp;<\/p>\n<p>&nbsp;<\/p>\n<h1>SAN NICOLO&#8217; TRA I BAMBINI<\/h1>\n<p><strong>CAVIOLA DI FALCADE<\/strong> Domani arriva San Nicolo&#8217; con la proloco di Caviola (collabora la Parrocchia), alle 17 alla Casa della Giovent\u00f9 di Caviola con i doni per i bambini.<\/p>\n<p>&nbsp;<\/p>\n<p>&nbsp;<\/p>\n<h1>DA SEDICO TEATRO PER GLI ALLUVIONATI<\/h1>\n<p><strong>SEDICO<\/strong> Venerdi alle 20.45 alla casa della Dottrina di Sedico serata teatrale con la compagnia &#8220;Le pubbliche bugie&#8221; che presenta la commedia &#8220;La cena delle bugie&#8221; per la regia di Paolo Martinazzo. Ingresso ad offerta libera che sar\u00e0 devoluto alle popolazioni colpite dall&#8217;alluvione di fine ottobre<\/p>\n<p>&nbsp;<\/p>\n<p>&nbsp;<\/p>\n<h1>20 ANNI DELL&#8217;ARCA CON I VOLUMI &#8220;NOTIZIARI&#8221;<\/h1>\n<p><strong>AGORDO<\/strong> Sabato alle 17 all&#8217;Auditorium Vincenzo Savio il Gruppo Archeologico Agordino Arca in occasione del ventennale dalla sua fondazione presenter\u00e0 il libro &#8220;Notiziari&#8221;, 40 opuscoli che hanno accompagnato la vita dell&#8217;associazione con gli interventi della dottoressa Chiara D&#8217;inc\u00e0 del professor Gilberto Artioli\u00a0 e della dottoressa\u00a0 Elodia Bianchin,\u00a0 Venerdi alle 15.30 (21.30) sabato alle 16 speciale alla radio con il vice presidente Gabriele Fogliata e il consigliere Manuel Conedera<\/p>\n<p>&nbsp;<\/p>\n<p>&nbsp;<\/p>\n<h1>IL MERCATINO A CAVIOLA<\/h1>\n<p><strong>CAVIOLA DI FALCADE<\/strong> Sabato dalle 10 a Caviola in piazza Mercatino de robe bone e bele, prodotti tipici, artigianato e musica dal vivo<\/p>\n<p>&nbsp;<\/p>\n<p>&nbsp;<\/p>\n<h1>TRA KRAMPUS E SAN NICOLO&#8217;<\/h1>\n<p><strong>VOLTAGO<\/strong> Domenica alle 19 in Piazza a Frassen\u00e8 il gruppo giovani ripropongono l&#8217;evento Krampus, quando il sole scompare dietro le cime dei monti, cedendo il posto alle tenebre, dai boschi pi\u00f9 fitti e dalle valli pi\u00f9 profonde escono degli esseri demoniaci che castigano adulti e bambini&#8230; solo San Nicolo&#8217; riesce a placare la loro ira, ricacciandoli nelle tenebre, da dove sono venuti. Ma solo fino al prossimo anno. Al termine rinfresco offerto dagli alpini. San Nicolo&#8217; e i Krampus \u00e8 una festa di origine celtica, radicata soprattutto in Austria, Germania e nelle zone di cultura ladina. Le due origini si perdono nella notte dei tempi, la leggenda narra che alcuni ragazzi mentre stavano cercando provviste per l&#8217;inverno travestiti da demoni si accorsero di un intruso tra loro: il diavolo. Spaventati chiamarono il vescovo Nicolo&#8217; perche&#8217; li liberasse dal male. Dall&#8217;anno successivo e poi ogni anno fino a noi si organizzano sfilate che ricordano l&#8217;oscuro avvenimento di quel giorno.<\/p>\n<p>&nbsp;<\/p>\n<p>&nbsp;<\/p>\n<p>&nbsp;<\/p>\n<h1>GAV E CARABINIERI A FIANCO DELL&#8217;AIL<\/h1>\n<p><strong><a class=\"dt-pswp-item\" href=\"http:\/\/www.radiopiu.net\/wordpress\/wp-content\/uploads\/2018\/12\/2a83fead-3619-4a86-bf94-049d78c5e7d2.jpg\" data-dt-img-description=\"\" data-large_image_width=\"1200\" data-large_image_height=\"1600\"><img loading=\"lazy\" decoding=\"async\" class=\"size-medium wp-image-68244 alignleft\" src=\"http:\/\/www.radiopiu.net\/wordpress\/wp-content\/uploads\/2018\/12\/2a83fead-3619-4a86-bf94-049d78c5e7d2-225x300.jpg\" alt=\"\" width=\"225\" height=\"300\" srcset=\"https:\/\/www.radiopiu.net\/wordpress\/wp-content\/uploads\/2018\/12\/2a83fead-3619-4a86-bf94-049d78c5e7d2-225x300.jpg 225w, https:\/\/www.radiopiu.net\/wordpress\/wp-content\/uploads\/2018\/12\/2a83fead-3619-4a86-bf94-049d78c5e7d2-768x1024.jpg 768w, https:\/\/www.radiopiu.net\/wordpress\/wp-content\/uploads\/2018\/12\/2a83fead-3619-4a86-bf94-049d78c5e7d2.jpg 1200w\" sizes=\"auto, (max-width: 225px) 100vw, 225px\" \/><\/a>AGORDO I volontari del Gav e L&#8217;Associazione Nazionale Carabinieri saranno in Piazza della Libert\u00e0 per la vendita delle stelle di Natale per l&#8217;Ail nei giorni venerdi, sabato e domenica.<\/strong><\/p>\n<p>&nbsp;<\/p>\n<p>&nbsp;<\/p>\n<p>&nbsp;<\/p>\n<p>&nbsp;<\/p>\n<h1><\/h1>\n<h1><\/h1>\n<h1><\/h1>\n<h1><\/h1>\n<h1><\/h1>\n<h1><\/h1>\n<p>&nbsp;<\/p>\n<h1>LA GIORNATA NAZIONALE DEL CIECO, FESTA DI SANTA LUCIA<\/h1>\n<p><strong>BELLUNO<\/strong> L\u2019Unione Italiana dei Ciechi e degli Ipovedenti ONLUS APS sezione territoriale di Belluno, in collaborazione con il Movimento Apostolico Ciechi diocesano, organizza la celebrazione della 60^ Giornata Nazionale del Cieco \u2013 Festa di Santa Lucia &#8211; che avr\u00e0 luogo domenica con il seguente programma: 9 Messanella chiesa parrocchiale di Cavarzano, 10 trasferimento nella sala parrocchiale, saluti del Consiglio Direttivo UICI di Belluno e delle autorit\u00e0 invitate presenti e consegna della Medaglia d\u2019Oro per le Nozze con l\u2019Unione ai soci iscritti da 50 anni,\u00a0\u00a010.30 Intervento della compagnia teatrale \u201cBretelle Lasche\u201d<\/p>\n<p>&nbsp;<\/p>\n<p>&nbsp;<\/p>\n<p>&nbsp;<\/p>\n<p>&nbsp;<\/p>\n<h1>I PRIMI 150 ANNI DEL CAI AGORDO<\/h1>\n<p><strong>AGORDO <\/strong>Il Club Alpino Italiano sezione agordina Armando &#8220;Tama&#8221; Da Roit ha organizzato una serata evento per il 150esimo compleanno della prima sezione del Nord Est, quarta in Italia. Sabato 15 dicembre alle 20.30 in Sala Don Tamis<\/p>\n<p>&nbsp;<\/p>\n<p>&nbsp;<\/p>\n<p>&nbsp;<\/p>\n<p>&nbsp;<\/p>\n<p>&nbsp;<\/p>\n<p><a class=\"dt-pswp-item\" href=\"http:\/\/www.radiopiu.net\/wordpress\/wp-content\/uploads\/2018\/09\/sport.jpg\" data-dt-img-description=\"\" data-large_image_width=\"800\" data-large_image_height=\"100\"><img loading=\"lazy\" decoding=\"async\" class=\"alignnone wp-image-60761 size-full\" src=\"http:\/\/www.radiopiu.net\/wordpress\/wp-content\/uploads\/2018\/09\/sport.jpg\" alt=\"\" width=\"800\" height=\"100\" srcset=\"https:\/\/www.radiopiu.net\/wordpress\/wp-content\/uploads\/2018\/09\/sport.jpg 800w, https:\/\/www.radiopiu.net\/wordpress\/wp-content\/uploads\/2018\/09\/sport-300x38.jpg 300w, https:\/\/www.radiopiu.net\/wordpress\/wp-content\/uploads\/2018\/09\/sport-768x96.jpg 768w\" sizes=\"auto, (max-width: 800px) 100vw, 800px\" \/><\/a><\/p>\n<h1><\/h1>\n<h1>KART:\u00a0MARCO TORMEN CON DUE PRIMI POSTI TRAINA LA SQUADRA VENETA SUL PODIO DEL CAMPIONATO ITALIANO REGIONI<\/h1>\n<p><a class=\"dt-pswp-item\" href=\"http:\/\/www.radiopiu.net\/wordpress\/wp-content\/uploads\/2018\/12\/TORMEN-1.jpg\" data-dt-img-description=\"\" data-large_image_width=\"6016\" data-large_image_height=\"4000\"><img loading=\"lazy\" decoding=\"async\" class=\"alignnone wp-image-68230 size-large\" src=\"http:\/\/www.radiopiu.net\/wordpress\/wp-content\/uploads\/2018\/12\/TORMEN-1-1024x681.jpg\" alt=\"\" width=\"1024\" height=\"681\" srcset=\"https:\/\/www.radiopiu.net\/wordpress\/wp-content\/uploads\/2018\/12\/TORMEN-1-1024x681.jpg 1024w, https:\/\/www.radiopiu.net\/wordpress\/wp-content\/uploads\/2018\/12\/TORMEN-1-300x199.jpg 300w, https:\/\/www.radiopiu.net\/wordpress\/wp-content\/uploads\/2018\/12\/TORMEN-1-768x511.jpg 768w\" sizes=\"auto, (max-width: 1024px) 100vw, 1024px\" \/><\/a><\/p>\n<blockquote><p><a class=\"dt-pswp-item\" href=\"http:\/\/www.radiopiu.net\/wordpress\/wp-content\/uploads\/2018\/12\/TORMEN-2.jpg\" data-dt-img-description=\"\" data-large_image_width=\"4000\" data-large_image_height=\"6016\"><img loading=\"lazy\" decoding=\"async\" class=\"wp-image-68229 alignright\" src=\"http:\/\/www.radiopiu.net\/wordpress\/wp-content\/uploads\/2018\/12\/TORMEN-2-199x300.jpg\" alt=\"\" width=\"114\" height=\"172\" srcset=\"https:\/\/www.radiopiu.net\/wordpress\/wp-content\/uploads\/2018\/12\/TORMEN-2-199x300.jpg 199w, https:\/\/www.radiopiu.net\/wordpress\/wp-content\/uploads\/2018\/12\/TORMEN-2-768x1155.jpg 768w, https:\/\/www.radiopiu.net\/wordpress\/wp-content\/uploads\/2018\/12\/TORMEN-2-681x1024.jpg 681w\" sizes=\"auto, (max-width: 114px) 100vw, 114px\" \/><\/a>A Viterbo oltre a Marco Tormen\u00a0 sono scesi in pista: Paolo Russo e Manuel D&#8217;Agostino ( 60 Mini);\u00a0 Nicol\u00f2 Zin e Nicola\u00a0 Melotto (KZ 3 Junior); Nicola Cogato e Andrea\u00a0 Caregnato (KZ3 under);\u00a0 Luca Levorato (KZ3 over);\u00a0 Mauro Simoni e appunto Marco Tormen (KZ 2).\u00a0 Alla fine ha vinto la regione Lombardia ma onore al merito al Veneto che ha chiuso gara1\u00a0 al quarto posto vincendo la gara finale di Kz 2 con Tormen,\u00a0 buoni anche i\u00a0 piazzamenti di Zin (2\u00b0),\u00a0 Simoni (4\u00b0) e Caregnato (3\u00b0) che\u00a0 hanno fatto salire sul podio al secondo posto la compagine Veneta, premiata da Emanuele Pirro presidente della commissione Karting Aci Sport. I portacolori Veneti hanno innalzato il trofeo anche\u00a0 grazie a coach Angela Chillon che ha lavorato instancabilmente per la logistica e la scelta del gruppo Piloti.<\/p><\/blockquote>\n<p>&nbsp;<\/p>\n<p>&nbsp;<\/p>\n<h1><\/h1>\n<h1><\/h1>\n<h1><\/h1>\n<h1><\/h1>\n<h1>CORSA CAMPESTRE:\u00a0 DODICI VITTORIE PER CSI BELLUNO_FELTRE NELLA PRIMA PROVA DEL CAMPIONATO REGIONALE<\/h1>\n\n\t\t\t<style type='text\/css'>\n\t\t\t\t#gallery-2 {\n\t\t\t\t\tmargin: auto;\n\t\t\t\t}\n\t\t\t\t#gallery-2 .gallery-item {\n\t\t\t\t\tfloat: left;\n\t\t\t\t\tmargin-top: 10px;\n\t\t\t\t\ttext-align: center;\n\t\t\t\t\twidth: 33%;\n\t\t\t\t}\n\t\t\t\t#gallery-2 img {\n\t\t\t\t\tborder: 2px solid #cfcfcf;\n\t\t\t\t}\n\t\t\t\t#gallery-2 .gallery-caption {\n\t\t\t\t\tmargin-left: 0;\n\t\t\t\t}\n\t\t\t\t\/* see gallery_shortcode() in wp-includes\/media.php *\/\n\t\t\t<\/style>\n\t\t<div id='gallery-2' class='dt-gallery-container gallery galleryid-68225 gallery-columns-3 gallery-size-thumbnail'><dl class='gallery-item'>\n\t\t\t\t<dt class='gallery-icon landscape'>\n\t\t\t\t\t<a class=\"rollover\" href='https:\/\/www.radiopiu.net\/wordpress\/giornale-radiopiu-4-dicembre-2018-direttore-mirko-mezzacasa\/fontaniva-2-dicembre-2018-polisportiva-santa-giustina\/'><img loading=\"lazy\" decoding=\"async\" width=\"150\" height=\"150\" src=\"https:\/\/www.radiopiu.net\/wordpress\/wp-content\/uploads\/2018\/12\/fontaniva-2-dicembre-2018-Polisportiva-Santa-Giustina-150x150.jpeg\" class=\"attachment-thumbnail size-thumbnail\" alt=\"\" aria-describedby=\"gallery-2-68226\" \/><\/a>\n\t\t\t\t<\/dt>\n\t\t\t\t\t<dd class='wp-caption-text gallery-caption' id='gallery-2-68226'>\n\t\t\t\t\tPOLISPORTIVA SANTA GIUSTINA \n\t\t\t\t\t<\/dd><\/dl><dl class='gallery-item'>\n\t\t\t\t<dt class='gallery-icon portrait'>\n\t\t\t\t\t<a class=\"rollover\" href='https:\/\/www.radiopiu.net\/wordpress\/giornale-radiopiu-4-dicembre-2018-direttore-mirko-mezzacasa\/fontaniva-2-dicembre-2018-sofyan-goudadi-vincitore-categoria-cadetti\/'><img loading=\"lazy\" decoding=\"async\" width=\"150\" height=\"150\" src=\"https:\/\/www.radiopiu.net\/wordpress\/wp-content\/uploads\/2018\/12\/fontaniva-2-dicembre-2018-Sofyan-Goudadi-vincitore-categoria-cadetti-150x150.jpeg\" class=\"attachment-thumbnail size-thumbnail\" alt=\"\" aria-describedby=\"gallery-2-68227\" \/><\/a>\n\t\t\t\t<\/dt>\n\t\t\t\t\t<dd class='wp-caption-text gallery-caption' id='gallery-2-68227'>\n\t\t\t\t\tSOFYAN GOUDADI VINCITORE CADETTI\n\t\t\t\t\t<\/dd><\/dl><dl class='gallery-item'>\n\t\t\t\t<dt class='gallery-icon landscape'>\n\t\t\t\t\t<a class=\"rollover\" href='https:\/\/www.radiopiu.net\/wordpress\/giornale-radiopiu-4-dicembre-2018-direttore-mirko-mezzacasa\/fontaniva-2-dicembre-2018-podio-categoria-ragazzi\/'><img loading=\"lazy\" decoding=\"async\" width=\"150\" height=\"150\" src=\"https:\/\/www.radiopiu.net\/wordpress\/wp-content\/uploads\/2018\/12\/fontaniva-2-dicembre-2018-podio-categoria-Ragazzi-150x150.jpeg\" class=\"attachment-thumbnail size-thumbnail\" alt=\"\" aria-describedby=\"gallery-2-68228\" \/><\/a>\n\t\t\t\t<\/dt>\n\t\t\t\t\t<dd class='wp-caption-text gallery-caption' id='gallery-2-68228'>\n\t\t\t\t\tPODIO CATEGORIA RAGAZZI\n\t\t\t\t\t<\/dd><\/dl><br style=\"clear: both\" \/>\n\t\t\t<\/div>\n\n<p><span style=\"color: #000000;\"><span style=\"font-family: Calibri, sans-serif;\"><span style=\"font-size: medium;\">\u00a0Dodici vittorie, sei secondi e sette terzi posti a livello individuale. Pi\u00f9 la vittoria del Gs Castionese nella graduatoria per societ\u00e0. \u00c8 stata nuovamente una partecipazione di quantit\u00e0 e di qualit\u00e0 quella delle societ\u00e0 dei comitato di Belluno e di Feltre del Centro sportivo italiano al Campionato regionale di corsa campestre Csi. Nella prima prova, svoltasi a Fontaniva, in provincia di Padova, domenica 2 dicembre, i sodalizi della provincia hanno raccolto un bottino cospicuo, dimostrando ancora una volta come l&#8217;attivit\u00e0 del cross, e pi\u00f9 in generale quella dell&#8217;atletica, sia intensa, grazie alla passione di piccoli e grandi e grazie alla disponibilit\u00e0 e professionalit\u00e0 di dirigenti e tecnici.\u00a0\u00a0<\/span><\/span><\/span><span style=\"color: #000000;\"><span style=\"font-family: Calibri, sans-serif;\"><span style=\"font-size: medium;\"><b>Vittoria<\/b>: Marianna Zandegiacomo Caneva (Tre Cime Auronzo, Esordienti); Tommaso Tres (La Piave 2000, Esordienti); Lorenzo De Fanti (Gs Castionese, Ragazzi); Sofyan Goudadi (Gs Astra, Cadetti); Luigina Salvagno (Gs Castionese, Veterane B); Ivano Marcon (Atletica Agordina, Veterani A); Dante Passuello (As Pozzale, Veterani B); Daniele De Col\u00f2 (Atletica Agordina, Amatori B); Arianna D&#8217;Alberto (Atletica Lamon, Juniores); Sabrina Boldrin (Atletica Cortina, Amatori A); Sabrina Viel (Gs Castionese, Amatori B); Ruben Deola (Atletica Trichiana, Juniores).\u00a0<\/span><\/span><\/span><span style=\"color: #000000;\"><span style=\"font-family: Calibri, sans-serif;\"><span style=\"font-size: medium;\"><b>Secondo posto<\/b>: Evelyn Castellan (Polisportiva Santa Giustina, Ragazze); Samuel Mazzucco (Gs Castionese, Cadetti); Thomas Serafini (Gs Castionese, Allievi); Luigi Bortoluzzi (Gs Castionese, Veterani A); Stefano Feltrin (Virtus Nemeggio, Amatori A); Mihail Sirbu (Gs Castionese, Seniores).\u00a0<\/span><\/span><\/span><b style=\"font-size: medium; font-family: Calibri, sans-serif; color: #000000;\">Terzo posto<\/b><span style=\"font-size: medium; font-family: Calibri, sans-serif; color: #000000;\">: Martina Salvadori (Polisportiva Santa Giustina, Cadette); Christian Da Rold (Gs Castionese, Cadetti); Letizia Fontanive (Atletica Agordina, Allieve); Luca Coldebella (Atletica Lamon, Allievi); Claudio Petitto (Virtus Nemeggio, Amatori A); Meryl Pradel (Atletica Lamon, Seniores); Michela Piccin (Atleticadore Giocallena, Amatori B).\u00a0<\/span><span style=\"color: #000000;\"><span style=\"font-family: Calibri, sans-serif;\"><span style=\"font-size: medium;\"><b>Classifica societ\u00e0<\/b>: 1. Gs Castionese punti 799; 2. Atletica Union Creazzo 682; 3. Polisportiva Dueville 676; 4. Atletica Valchiampo 569; 5. Atletica Lamon 512; 6. Atletica Agordina 434; 9. Gs Astra Quero 324; 10. Polisportiva Santa Giustina 314; 11. Virtus Nemeggio 299; 14. La Piave 2000 236; 27. Giocallena Atleticadore 106; 28. Atletica Trichiana 96; 30. Us Cesio 86.\u00a0<\/span><\/span><\/span><span style=\"font-size: medium; font-family: Calibri, sans-serif; color: #000000;\">La seconda e conclusiva prova del Regionale si svolger\u00e0 il 24 gennaio a Trevignano (Treviso).\u00a0<\/span><\/p>\n<p>&nbsp;<\/p>\n<p>&nbsp;<\/p>\n<p>&nbsp;<\/p>\n<p>&nbsp;<\/p>\n<p><a class=\"dt-pswp-item\" href=\"http:\/\/www.radiopiu.net\/wordpress\/wp-content\/uploads\/2018\/09\/WhatsApp-Image-2018-09-20-at-16.04.06.jpeg\" data-dt-img-description=\"\" data-large_image_width=\"800\" data-large_image_height=\"100\"><img loading=\"lazy\" decoding=\"async\" class=\"alignnone wp-image-61378 size-full\" src=\"http:\/\/www.radiopiu.net\/wordpress\/wp-content\/uploads\/2018\/09\/WhatsApp-Image-2018-09-20-at-16.04.06.jpeg\" alt=\"\" width=\"800\" height=\"100\" srcset=\"https:\/\/www.radiopiu.net\/wordpress\/wp-content\/uploads\/2018\/09\/WhatsApp-Image-2018-09-20-at-16.04.06.jpeg 800w, https:\/\/www.radiopiu.net\/wordpress\/wp-content\/uploads\/2018\/09\/WhatsApp-Image-2018-09-20-at-16.04.06-300x38.jpeg 300w, https:\/\/www.radiopiu.net\/wordpress\/wp-content\/uploads\/2018\/09\/WhatsApp-Image-2018-09-20-at-16.04.06-768x96.jpeg 768w\" sizes=\"auto, (max-width: 800px) 100vw, 800px\" \/><\/a><\/p>\n<h1>DA OGGI A VENERDI<\/h1>\n<p><strong>Martedi 4<\/strong><br \/>\nTempo atteso: Tempo ben soleggiato con cielo sereno, aria tersa ed ottima visibilit\u00e0, eccetto locali banchi di nebbia in alcuni fondovalle durante le ore pi\u00f9 fredde. Nel tardo pomeriggio\/sera arrivo di qualche annuvolamento alto a partire dalle Dolomiti. Clima diurno assai mite in quota e nelle valli pi\u00f9 assolate. L&#8217;atmosfera risulter\u00e0 un po&#8217; ventosa oltre i 2200\/2400 m.<br \/>\nPrecipitazioni: Assenti (0%)<br \/>\nTemperature: Minime in calo e osservate alla sera in quota, mentre vi sar\u00e0 una residua inversione termica al primo mattino nelle valli; massime in leggera flessione a tutte le quote con punte di 8\/9\u00b0C nei fondovalle prealpini, 4\/5\u00b0C a 1000\/1200 m e 0\/1\u00b0C nelle valli in ombra alle stesse quote. Su Prealpi a 1500 m min 2\u00b0C max 5\u00b0C, a 2000 m min -1\u00b0C max 3\u00b0C. Su Dolomiti a 2000 m min -2\u00b0C max 2\u00b0C, a 3000 m min -8\u00b0C max -4\u00b0C.<br \/>\nVenti: Nelle valli in genere deboli, salvo qualche rinforzo da Nord per Foehn; in quota moderati o tesi da Nord-Ovest, a tratti anche forti sulle cime pi\u00f9 alte, a 10-30 km\/h a 2000 m, 40-55 km\/h a 3000 m.<br \/>\n<strong>Mercoledi 5<\/strong><br \/>\nTempo atteso: Qualche schiarita e nuvolosit\u00e0 in aumento al mattino per presenza di nubi medio-alte, le quali saranno pi\u00f9 estese e fitte al pomeriggio\/sera. Clima diurna pi\u00f9 fresco nelle valli, freddo ed un po&#8217; ventoso in alta quota.<br \/>\nPrecipitazioni: Assenti (0%)<br \/>\nTemperature: In generale diminuzione a tutte le quote con punte di 6\/7\u00b0C nei fondovalle prealpini e di 2\/3\u00b0C a 1000\/1200 m. Su Prealpi a 1500 m min -1\u00b0C max 1\u00b0C, a 2000 m min -3\u00b0C max -1\u00b0C. Su Dolomiti a 2000 m min -4\u00b0C max -2\u00b0C, a 3000 m min -10\u00b0C max -4\u00b0C.<br \/>\nVenti: Nelle valli in genere deboli, salvo qualche rinforzo da Nord; in quota moderati da Nord-Ovest, anche tesi sulle cime cime pi\u00f9 alte, a 10-25 km\/h a 2000 m, 35-45 km\/h a 3000 m.<br \/>\n<strong>Giovedi 6<\/strong><br \/>\nAnnuvolamenti irregolari nella notte ed al primo mattino con probabili deboli precipitazioni sparse, anche a carattere di piovasco, nevose sui 1200\/1300 m. Al pomeriggio rasserenamenti, anche ampi. Clima inizialmente freddo, ma via via pi\u00f9 mite con il passare delle ore per avvezione d&#8217;aria pi\u00f9 mite in quota. Venti moderati\/tesi settentrionali in quota, deboli di direzione variabile nelle valli.<br \/>\n<strong>Venerdi 7<\/strong><br \/>\nIn parte soleggiato, specie nella prima parte del giorno, poi annuvolamenti medio-alti man mano pi\u00f9 estesi fino a cielo coperto in serata. Inversione termica notturna nelle valli e clima diurno assai mite per la stagione. Venti deboli\/moderati in rotazione da Nord-Ovest a Sud-Ovest. Previsore: R.L.Th.<\/p>\n","protected":false},"excerpt":{"rendered":"<p>Una dietro l&#8217;altra, sono le manifestazioni di affetto verso il territorio Agordino martoriato dall&#8217;alluvione di fine ottobre. Oggi citiamo anche la cena solidale organizzata dalla Proloco e associazioni locali di Caerano San Marco, in 1600 si sono ritrovati a tavola per aiutare una vallata. Tavole di oltre 100 metri nel capannone di Angelo Poloniato, oltre&hellip;<\/p>\n","protected":false},"author":1,"featured_media":67966,"comment_status":"closed","ping_status":"closed","sticky":false,"template":"","format":"standard","meta":{"_monsterinsights_skip_tracking":false,"_monsterinsights_sitenote_active":false,"_monsterinsights_sitenote_note":"","_monsterinsights_sitenote_category":0,"footnotes":""},"categories":[86],"tags":[],"class_list":["post-68225","post","type-post","status-publish","format-standard","has-post-thumbnail","hentry","category-gr","category-86","description-off"],"img_url":"https:\/\/www.radiopiu.net\/wordpress\/wp-content\/uploads\/2018\/11\/0b7abeb7-22a9-4c45-9c73-7d34442b1f46.jpg","_links":{"self":[{"href":"https:\/\/www.radiopiu.net\/wordpress\/wp-json\/wp\/v2\/posts\/68225","targetHints":{"allow":["GET"]}}],"collection":[{"href":"https:\/\/www.radiopiu.net\/wordpress\/wp-json\/wp\/v2\/posts"}],"about":[{"href":"https:\/\/www.radiopiu.net\/wordpress\/wp-json\/wp\/v2\/types\/post"}],"author":[{"embeddable":true,"href":"https:\/\/www.radiopiu.net\/wordpress\/wp-json\/wp\/v2\/users\/1"}],"replies":[{"embeddable":true,"href":"https:\/\/www.radiopiu.net\/wordpress\/wp-json\/wp\/v2\/comments?post=68225"}],"version-history":[{"count":0,"href":"https:\/\/www.radiopiu.net\/wordpress\/wp-json\/wp\/v2\/posts\/68225\/revisions"}],"wp:featuredmedia":[{"embeddable":true,"href":"https:\/\/www.radiopiu.net\/wordpress\/wp-json\/wp\/v2\/media\/67966"}],"wp:attachment":[{"href":"https:\/\/www.radiopiu.net\/wordpress\/wp-json\/wp\/v2\/media?parent=68225"}],"wp:term":[{"taxonomy":"category","embeddable":true,"href":"https:\/\/www.radiopiu.net\/wordpress\/wp-json\/wp\/v2\/categories?post=68225"},{"taxonomy":"post_tag","embeddable":true,"href":"https:\/\/www.radiopiu.net\/wordpress\/wp-json\/wp\/v2\/tags?post=68225"}],"curies":[{"name":"wp","href":"https:\/\/api.w.org\/{rel}","templated":true}]}}