{"id":68239,"date":"2018-12-03T16:39:07","date_gmt":"2018-12-03T15:39:07","guid":{"rendered":"http:\/\/www.radiopiu.net\/wordpress\/?p=68239"},"modified":"2018-12-03T16:39:07","modified_gmt":"2018-12-03T15:39:07","slug":"teatro-la-sena-il-progetto-nuovi-scenari","status":"publish","type":"post","link":"https:\/\/www.radiopiu.net\/wordpress\/teatro-la-sena-il-progetto-nuovi-scenari\/","title":{"rendered":"TEATRO LA SENA, IL PROGETTO: NUOVI SCENARI"},"content":{"rendered":"<h1><\/h1>\n<p><strong><a class=\"dt-pswp-item\" href=\"http:\/\/www.radiopiu.net\/wordpress\/wp-content\/uploads\/2018\/12\/IMG_20181203_110435.jpg\" data-dt-img-description=\"\" data-large_image_width=\"5312\" data-large_image_height=\"2988\"><img loading=\"lazy\" decoding=\"async\" class=\"size-medium wp-image-68235 alignleft\" src=\"http:\/\/www.radiopiu.net\/wordpress\/wp-content\/uploads\/2018\/12\/IMG_20181203_110435-300x169.jpg\" alt=\"\" width=\"300\" height=\"169\" srcset=\"https:\/\/www.radiopiu.net\/wordpress\/wp-content\/uploads\/2018\/12\/IMG_20181203_110435-300x169.jpg 300w, https:\/\/www.radiopiu.net\/wordpress\/wp-content\/uploads\/2018\/12\/IMG_20181203_110435-768x432.jpg 768w, https:\/\/www.radiopiu.net\/wordpress\/wp-content\/uploads\/2018\/12\/IMG_20181203_110435-1024x576.jpg 1024w\" sizes=\"auto, (max-width: 300px) 100vw, 300px\" \/><\/a>FELTRE\u00a0<\/strong>Giornata di particolare significato artistico e culturale, quella di\u00a0 ieri per la citt\u00e0 di Feltre. A Palazzo Borgasio \u2013\u00a0 \u00e8 stato allestito il cantiere di restauro &#8211;\u00a0 \u00e8 stato presentato, ed ha di fatto preso le mosse anche sul piano operativo, il progetto \u201cNuovi Scenari\u201d, attraverso il quale l&#8217;amministrazione comunale intende ridare vita e splendore ai materiali di scena del teatro de la Sena, ora custoditi nelle soffitte del Palazzo Pretorio. A partire, naturalmente, dall&#8217;antico sipario, dipinto da Tranquillo Orsi (lo stesso decoratore del sipario della Fenice di Venezia) nel 1843. La tela, 10 metri per 7, rappresenta una scena mitologica, la contrapposizione tra gli dei Apollo e Pan, secondo la tradizione neoclassica dell&#8217;epoca; si trovava nelle soffitte del palazzo comunale da oltre 30 anni, dopo essere stata esposta al pubblico per l&#8217;ultima volta nel 1984.<\/p>\n<p><strong>L&#8217;ASSESSORE ALESSANDRO DEL BIANCO<\/strong><\/p>\n<audio class=\"wp-audio-shortcode\" id=\"audio-68239-1\" preload=\"none\" style=\"width: 100%;\" controls=\"controls\"><source type=\"audio\/mpeg\" src=\"http:\/\/www.radiopiu.net\/wordpress\/wp-content\/uploads\/2018\/12\/ALESSANDRO-DEL-BIANCO.mp3?_=1\" \/><a href=\"http:\/\/www.radiopiu.net\/wordpress\/wp-content\/uploads\/2018\/12\/ALESSANDRO-DEL-BIANCO.mp3\">http:\/\/www.radiopiu.net\/wordpress\/wp-content\/uploads\/2018\/12\/ALESSANDRO-DEL-BIANCO.mp3<\/a><\/audio>\n<p>L&#8217;attivit\u00e0 di recupero del sipario, con la ripulitura e la messa in opera della tela, sar\u00e0 condotto da un&#8217;\u00e9quipe guidata dalla restauratrice Rossella Bernasconi, che ha portato a termine in passato un&#8217;analoga operazione sul sipario del teatro di Como.<\/p>\n<p><strong>ROSSELLA BERNASCONI<\/strong><\/p>\n<audio class=\"wp-audio-shortcode\" id=\"audio-68239-2\" preload=\"none\" style=\"width: 100%;\" controls=\"controls\"><source type=\"audio\/mpeg\" src=\"http:\/\/www.radiopiu.net\/wordpress\/wp-content\/uploads\/2018\/12\/BERASCONU.mp3?_=2\" \/><a href=\"http:\/\/www.radiopiu.net\/wordpress\/wp-content\/uploads\/2018\/12\/BERASCONU.mp3\">http:\/\/www.radiopiu.net\/wordpress\/wp-content\/uploads\/2018\/12\/BERASCONU.mp3<\/a><\/audio>\n<p>&nbsp;<\/p>\n","protected":false},"excerpt":{"rendered":"<p>FELTRE\u00a0Giornata di particolare significato artistico e culturale, quella di\u00a0 ieri per la citt\u00e0 di Feltre. A Palazzo Borgasio \u2013\u00a0 \u00e8 stato allestito il cantiere di restauro &#8211;\u00a0 \u00e8 stato presentato, ed ha di fatto preso le mosse anche sul piano operativo, il progetto \u201cNuovi Scenari\u201d, attraverso il quale l&#8217;amministrazione comunale intende ridare vita e splendore&hellip;<\/p>\n","protected":false},"author":1,"featured_media":68242,"comment_status":"closed","ping_status":"closed","sticky":false,"template":"","format":"standard","meta":{"_monsterinsights_skip_tracking":false,"_monsterinsights_sitenote_active":false,"_monsterinsights_sitenote_note":"","_monsterinsights_sitenote_category":0,"footnotes":""},"categories":[49],"tags":[],"class_list":["post-68239","post","type-post","status-publish","format-standard","has-post-thumbnail","hentry","category-news-18","category-49","description-off"],"img_url":"https:\/\/www.radiopiu.net\/wordpress\/wp-content\/uploads\/2018\/12\/IMG_20181203_091722.jpg","_links":{"self":[{"href":"https:\/\/www.radiopiu.net\/wordpress\/wp-json\/wp\/v2\/posts\/68239","targetHints":{"allow":["GET"]}}],"collection":[{"href":"https:\/\/www.radiopiu.net\/wordpress\/wp-json\/wp\/v2\/posts"}],"about":[{"href":"https:\/\/www.radiopiu.net\/wordpress\/wp-json\/wp\/v2\/types\/post"}],"author":[{"embeddable":true,"href":"https:\/\/www.radiopiu.net\/wordpress\/wp-json\/wp\/v2\/users\/1"}],"replies":[{"embeddable":true,"href":"https:\/\/www.radiopiu.net\/wordpress\/wp-json\/wp\/v2\/comments?post=68239"}],"version-history":[{"count":0,"href":"https:\/\/www.radiopiu.net\/wordpress\/wp-json\/wp\/v2\/posts\/68239\/revisions"}],"wp:featuredmedia":[{"embeddable":true,"href":"https:\/\/www.radiopiu.net\/wordpress\/wp-json\/wp\/v2\/media\/68242"}],"wp:attachment":[{"href":"https:\/\/www.radiopiu.net\/wordpress\/wp-json\/wp\/v2\/media?parent=68239"}],"wp:term":[{"taxonomy":"category","embeddable":true,"href":"https:\/\/www.radiopiu.net\/wordpress\/wp-json\/wp\/v2\/categories?post=68239"},{"taxonomy":"post_tag","embeddable":true,"href":"https:\/\/www.radiopiu.net\/wordpress\/wp-json\/wp\/v2\/tags?post=68239"}],"curies":[{"name":"wp","href":"https:\/\/api.w.org\/{rel}","templated":true}]}}