{"id":68287,"date":"2018-12-04T06:18:22","date_gmt":"2018-12-04T05:18:22","guid":{"rendered":"http:\/\/www.radiopiu.net\/wordpress\/?p=68287"},"modified":"2018-12-04T06:18:51","modified_gmt":"2018-12-04T05:18:51","slug":"cgil-fp-e-uil-fpl-presentano-ai-lavoratori-laccordo-economico-il-futuro-delle-case-di-riposo-senza-dubbio-sulla-qualita-del-servizio","status":"publish","type":"post","link":"https:\/\/www.radiopiu.net\/wordpress\/cgil-fp-e-uil-fpl-presentano-ai-lavoratori-laccordo-economico-il-futuro-delle-case-di-riposo-senza-dubbio-sulla-qualita-del-servizio\/","title":{"rendered":"CGIL FP E UIL FPL\u00a0 PRESENTANO\u00a0 AI LAVORATORI L&#8217;ACCORDO ECONOMICO &#8220;IL FUTURO DELLE CASE DI RIPOSO? SENZA DUBBIO SULLA QUALITA&#8217; DEL SERVIZIO&#8221;."},"content":{"rendered":"<h1><\/h1>\n<p><strong><a class=\"dt-pswp-item\" href=\"http:\/\/www.radiopiu.net\/wordpress\/wp-content\/uploads\/2018\/09\/POLIFUNZIONALE1.jpg\" data-dt-img-description=\"\" data-large_image_width=\"558\" data-large_image_height=\"648\"><img loading=\"lazy\" decoding=\"async\" class=\"size-medium wp-image-61888 alignleft\" src=\"http:\/\/www.radiopiu.net\/wordpress\/wp-content\/uploads\/2018\/09\/POLIFUNZIONALE1-258x300.jpg\" alt=\"\" width=\"258\" height=\"300\" srcset=\"https:\/\/www.radiopiu.net\/wordpress\/wp-content\/uploads\/2018\/09\/POLIFUNZIONALE1-258x300.jpg 258w, https:\/\/www.radiopiu.net\/wordpress\/wp-content\/uploads\/2018\/09\/POLIFUNZIONALE1.jpg 558w\" sizes=\"auto, (max-width: 258px) 100vw, 258px\" \/><\/a>AGORDO<\/strong> Ieri Andrea Fiocco (Fp Cgil) e Eva Pivetta (Uil Fpl), in una assemblea svolta a cavallo dei turni del mattino e del pomeriggio hanno presentato, i dettagli dell\u2019accordo siglato il 27 novembre con la Direzione di ASCA,\u00a0\u00a0\u00a0un accordo importante che mette sul tavolo risorse piuttosto consistenti: pi\u00f9 di 2000\u20ac medi per lavoratore. A regime, si crea un sistema di ripartizione del fondo basato su principi meritocratici, che cercheranno di destinare una premialit\u00e0 pi\u00f9 sostanziosa a coloro che maggiormente si daranno da fare per rendere migliore il servizio molto delicato che una struttura per anziani offre alla comunit\u00e0. I criteri adottati e concordati con l\u2019azienda si basano su 3 pilastri, con pesi diversi tra valutazione del personale, presenza in servizio e disponibilit\u00e0 (misurata sull\u2019orario in eccesso rispetto al dovuto). Il premio potr\u00e0 essere esigito dai lavoratori in soldi contanti, oppure in beni e servizi (con un sistema di welfare aziendale che \u00e8 in costruzione e che terr\u00e0 conto delle principali esigenze dei lavoratori, sulla base di questionari che verranno sottoposti alla loro attenzione nelle prossime settimane), oppure in una modalit\u00e0 intermedia che modula soldi cash e welfare.<br \/>\nLa reazione dei lavoratori \u00e8 stata prudente, ben lontana dall\u2019entusiasmo manifestato da qualche sindacalista nei giorni scorsi. Come tutti gli accordi \u00e8 perfettibile.\u00a0 I lavoratori ci hanno riconosciuto lo sforzo di differenziare le malattie, in base a durata e frequenza, e di valorizzare chi ha un maggiore impegno, ma \u00e8 sul sistema di valutazione che si annidano le maggiori preoccupazioni. Su questo \u00e8 stato ovviamente concordata con la Direzione una formazione approfondita dei valutatori, garantita la possibilit\u00e0 di colloqui intermedi con essi e di ricorso nei confronti di valutazioni non comprese dai lavoratori (anche assistiti dal sindacalista), cos\u00ec da creare un confronto con i soggetti interessati.\u00a0\u00a0La premialit\u00e0 \u00e8 solo uno degli strumenti che una Azienda mette in campo per creare un gruppo solido di professionisti che eroga un servizio importantissimo. Serve per fidelizzare i lavoratori e per essere attrattivi come opportunit\u00e0 di lavoro. Tuttavia il futuro delle case di riposo si gioca sulla qualit\u00e0 dei servizi che vengono erogati e sulla percezione che ne traggono i famigliari dell\u2019utente. Le famiglie pagano molto per quel servizio, e non tutti hanno accesso al sistema delle impegnative che rende meno onerosa la gestione dell\u2019anziano. Perci\u00f2 la premialit\u00e0 deve anche essere vista come occasione per migliorare l\u2019apporto del singolo al finecomune di dare un\u2019immagine positiva della struttura alla comunit\u00e0, affinch\u00e9 le famiglie le affidino con fiducia il proprio congiunto. Questi sono messaggi importanti che, come sindacati, ci sentiamo di far passare tra i lavoratori.<\/p>\n<p><strong>AI MICROFONI DI RADIO PIU ANDREA FIOCCO<\/strong><\/p>\n<audio class=\"wp-audio-shortcode\" id=\"audio-68287-1\" preload=\"none\" style=\"width: 100%;\" controls=\"controls\"><source type=\"audio\/ogg\" src=\"http:\/\/www.radiopiu.net\/wordpress\/wp-content\/uploads\/2018\/12\/andrea-fiocco.ogg?_=1\" \/><a href=\"http:\/\/www.radiopiu.net\/wordpress\/wp-content\/uploads\/2018\/12\/andrea-fiocco.ogg\">http:\/\/www.radiopiu.net\/wordpress\/wp-content\/uploads\/2018\/12\/andrea-fiocco.ogg<\/a><\/audio>\n<p>&nbsp;<\/p>\n<p>&nbsp;<\/p>\n","protected":false},"excerpt":{"rendered":"<p>AGORDO Ieri Andrea Fiocco (Fp Cgil) e Eva Pivetta (Uil Fpl), in una assemblea svolta a cavallo dei turni del mattino e del pomeriggio hanno presentato, i dettagli dell\u2019accordo siglato il 27 novembre con la Direzione di ASCA,\u00a0\u00a0\u00a0un accordo importante che mette sul tavolo risorse piuttosto consistenti: pi\u00f9 di 2000\u20ac medi per lavoratore. A regime,&hellip;<\/p>\n","protected":false},"author":1,"featured_media":43617,"comment_status":"closed","ping_status":"closed","sticky":false,"template":"","format":"standard","meta":{"_monsterinsights_skip_tracking":false,"_monsterinsights_sitenote_active":false,"_monsterinsights_sitenote_note":"","_monsterinsights_sitenote_category":0,"footnotes":""},"categories":[49],"tags":[],"class_list":["post-68287","post","type-post","status-publish","format-standard","has-post-thumbnail","hentry","category-news-18","category-49","description-off"],"img_url":"https:\/\/www.radiopiu.net\/wordpress\/wp-content\/uploads\/2018\/02\/ANDREA-FIOCCO.jpg","_links":{"self":[{"href":"https:\/\/www.radiopiu.net\/wordpress\/wp-json\/wp\/v2\/posts\/68287","targetHints":{"allow":["GET"]}}],"collection":[{"href":"https:\/\/www.radiopiu.net\/wordpress\/wp-json\/wp\/v2\/posts"}],"about":[{"href":"https:\/\/www.radiopiu.net\/wordpress\/wp-json\/wp\/v2\/types\/post"}],"author":[{"embeddable":true,"href":"https:\/\/www.radiopiu.net\/wordpress\/wp-json\/wp\/v2\/users\/1"}],"replies":[{"embeddable":true,"href":"https:\/\/www.radiopiu.net\/wordpress\/wp-json\/wp\/v2\/comments?post=68287"}],"version-history":[{"count":0,"href":"https:\/\/www.radiopiu.net\/wordpress\/wp-json\/wp\/v2\/posts\/68287\/revisions"}],"wp:featuredmedia":[{"embeddable":true,"href":"https:\/\/www.radiopiu.net\/wordpress\/wp-json\/wp\/v2\/media\/43617"}],"wp:attachment":[{"href":"https:\/\/www.radiopiu.net\/wordpress\/wp-json\/wp\/v2\/media?parent=68287"}],"wp:term":[{"taxonomy":"category","embeddable":true,"href":"https:\/\/www.radiopiu.net\/wordpress\/wp-json\/wp\/v2\/categories?post=68287"},{"taxonomy":"post_tag","embeddable":true,"href":"https:\/\/www.radiopiu.net\/wordpress\/wp-json\/wp\/v2\/tags?post=68287"}],"curies":[{"name":"wp","href":"https:\/\/api.w.org\/{rel}","templated":true}]}}