{"id":68327,"date":"2018-12-05T06:31:14","date_gmt":"2018-12-05T05:31:14","guid":{"rendered":"http:\/\/www.radiopiu.net\/wordpress\/?p=68327"},"modified":"2018-12-05T10:32:53","modified_gmt":"2018-12-05T09:32:53","slug":"giornale-radiopiu-05-dicembre-2018-direttore-mirko-mezzacasa","status":"publish","type":"post","link":"https:\/\/www.radiopiu.net\/wordpress\/giornale-radiopiu-05-dicembre-2018-direttore-mirko-mezzacasa\/","title":{"rendered":"GIORNALE RADIOPIU 05 DICEMBRE 2018 DIRETTORE MIRKO MEZZACASA"},"content":{"rendered":"<h1><\/h1>\n<p><strong><a class=\"dt-pswp-item\" href=\"http:\/\/www.radiopiu.net\/wordpress\/wp-content\/uploads\/2018\/12\/logo.jpg\" data-dt-img-description=\"\" data-large_image_width=\"1024\" data-large_image_height=\"768\"><img loading=\"lazy\" decoding=\"async\" class=\"size-medium wp-image-68390 alignleft\" src=\"http:\/\/www.radiopiu.net\/wordpress\/wp-content\/uploads\/2018\/12\/logo-300x225.jpg\" alt=\"\" width=\"300\" height=\"225\" srcset=\"https:\/\/www.radiopiu.net\/wordpress\/wp-content\/uploads\/2018\/12\/logo-300x225.jpg 300w, https:\/\/www.radiopiu.net\/wordpress\/wp-content\/uploads\/2018\/12\/logo-768x576.jpg 768w, https:\/\/www.radiopiu.net\/wordpress\/wp-content\/uploads\/2018\/12\/logo.jpg 1024w\" sizes=\"auto, (max-width: 300px) 100vw, 300px\" \/><\/a>Sono i giorni caldi per l&#8217;autonomia<\/strong> dopo le promesse dei vice premier di un &#8220;regalo&#8221; per Natale. Anche Belluno pretende la sua autonomia ma\u00a0 il governatore Luca Zaia frena perch\u00e9 secondo lui la provincia da sola non potr\u00e0 andare avanti, critico il Bard che ricorda come il referendum bellunese sia stata cosa seria mica un gioco.\u00a0<strong>La cronaca\u00a0<\/strong>ci porta a Belluno dove un rappresentante di Monza avrebbe subito una rapina lungo la provinciale 1 (500 euro e un orologio di scarso valore), l&#8217;uomo ha denunciato furto e percosse solo in serata parlando di stranieri (parlata albanese) e di pistole puntate contro la sua persona, indagano i Carabinieri per accertare le verit\u00e0. <strong>Altro incidente sul lavoro\u00a0<\/strong>Un 22enne operaio per una ditta di Perugia perde l&#8217;equilibrio e cadendo perde anche i sensi, il giovane con ferite serie ma non in pericolo di vita \u00e8 ricoverato a Belluno, era al lavoro per il ripristino della linea elettrica a Larzonei. <strong>Nella comunit\u00e0 Dumia\u00a0<\/strong>ieri mattina la triste scoperta: un 33enne di Terracina, Matteo Lombardi \u00e8 stato trovato morto, era arrivato a Feltre a per un possibile &#8220;recupero&#8221;. <strong>A Lozzo di Cadore\u00a0<\/strong>ieri si \u00e8 temuto il peggio lungo la tangenziale per uno sversamento di 300 litri di gasolio in seguito ad un incidente in tangenziale, il conducente se l&#8217;\u00e8 cavata, impegnativo l&#8217;intervento dei vigili del fuoco nel giorno di Santa Barbara (foto).\u00a0\u00a0\u00a0<strong>Le belle notizie\u00a0<\/strong>Sabato riapre la macelleria di Gosaldo grazie a Bepi Bosol, inaugurazione alle 16, plaude la Confcommercio &#8220;in un piccolo paese\u00a0 questo \u00e8 un atto di coraggio imprenditoriale ed un motivo di speranza per l&#8217;intera comunit\u00e0\u00bb. Da lunedi la dottoressa Roberta Gubert sar\u00e0 invece presente anche nell&#8217;ambulatorio di Rivamonte (opera gi\u00e0 a Gosaldo) il lunedi e giovedi pomeriggio\u00a0 e il martedi mattina. <strong>A Limana un anonimo benefattore<\/strong> regala 46 mila euro al Comune per ristrutturare il palazzetto dello sport.\u00a0<strong>\u00a0L&#8217;ultimo saluto a Raffaele Arcangelo Agostini<\/strong>\u00a0\u00a0oggi alle 14,30, nella chiesa parrocchiale di Cencenighe, i funerali del\u00a0falegname originario di Colle Santa Lucia rimasto ferito gravemente sabato sera in un incidente stradale sull\u2019Agordina, a Masar\u00e8, e spirato domenica all\u2019ospedale di Treviso per le conseguenze del sinistro. <strong>Buon lavoro\u00a0<\/strong>a Tullio Follador riconfermato alla guida del gruppo alpini Canale e Caviola, rimane in carica per il prossimo triennio, nel giorno della nomina il ricordo di Rinaldo De Rocco gi\u00e0 capogruppo oltre che sindaco di Canale d&#8217;Agordo.<strong> Arabba dove gi\u00e0 si sciava lo scorso fine settimana\u00a0<\/strong>da domani si far\u00e0 trovare pronta anche per il Giro del Sella, oggi a Radio Pi\u00f9 ne parliamo don Diego De Battista che ci racconter\u00e0 tutte le novit\u00e0 d&#8217;inizio stagione alle 15.10 e 21.30 negli spazi informativi e di approfondimeto.<\/p>\n<h1><span style=\"color: #ff0000;\">AUTONOMIA? IL PARERE\u00a0 DI DIEGO CASON<\/span><\/h1>\n<audio class=\"wp-audio-shortcode\" id=\"audio-68327-1\" preload=\"none\" style=\"width: 100%;\" controls=\"controls\"><source type=\"audio\/mpeg\" src=\"http:\/\/www.radiopiu.net\/wordpress\/wp-content\/uploads\/2018\/12\/DIEGO.mp3?_=1\" \/><a href=\"http:\/\/www.radiopiu.net\/wordpress\/wp-content\/uploads\/2018\/12\/DIEGO.mp3\">http:\/\/www.radiopiu.net\/wordpress\/wp-content\/uploads\/2018\/12\/DIEGO.mp3<\/a><\/audio>\n<p>&nbsp;<\/p>\n<p>&nbsp;<\/p>\n<p>&nbsp;<\/p>\n<p><strong>Gestione Servizi Pubblici informa che, per lavori alla rete idrica comunale, OGGI E DOMANI\u00a0 \u00a0dalle 8.30 alle 17.30 potrebbe mancare l&#8217;acqua ad AGORDO in LOCALITA&#8217; PARECH E VAL DI FRELA.<\/strong><\/p>\n<p><strong>Gestione Servizi Pubblici informa che a Lamon in tutto il comune tranne le localit\u00e0 di Oltra, Campigotti, Geronemoni, Moggi, Totti e Cavalea e a Sovramonte in tutto il comune tranne Gorna, Moline, Bettola, Col Dei Mich, Zorzoi, Sorriva e Sassi, l&#8217;acqua erogata dall&#8217;acquedotto \u00e8 di nuovo potabile e pu\u00f2 essere usata, quindi, per scopi alimentari<\/strong><\/p>\n<p><em><strong>Gestione Servizi Pubblici informa che in tutto il comune di Belluno l&#8217;acqua erogata dall&#8217;acquedotto \u00e8 di nuovo potabile e pu\u00f2 essere usata, quindi, per scopi alimentari.<\/strong><\/em><\/p>\n<p><strong><span style=\"color: #ff0000;\"><a class=\"dt-pswp-item\" href=\"http:\/\/www.radiopiu.net\/wordpress\/wp-content\/uploads\/2018\/08\/ACQUA.jpeg\" data-dt-img-description=\"\" data-large_image_width=\"1280\" data-large_image_height=\"768\"><img loading=\"lazy\" decoding=\"async\" class=\"wp-image-57052 alignright\" src=\"http:\/\/www.radiopiu.net\/wordpress\/wp-content\/uploads\/2018\/08\/ACQUA-300x180.jpeg\" alt=\"\" width=\"228\" height=\"137\" srcset=\"https:\/\/www.radiopiu.net\/wordpress\/wp-content\/uploads\/2018\/08\/ACQUA-300x180.jpeg 300w, https:\/\/www.radiopiu.net\/wordpress\/wp-content\/uploads\/2018\/08\/ACQUA-768x461.jpeg 768w, https:\/\/www.radiopiu.net\/wordpress\/wp-content\/uploads\/2018\/08\/ACQUA-1024x614.jpeg 1024w, https:\/\/www.radiopiu.net\/wordpress\/wp-content\/uploads\/2018\/08\/ACQUA.jpeg 1280w\" sizes=\"auto, (max-width: 228px) 100vw, 228px\" \/><\/a>ACQUA NON ANCORA POTABILE:\u00a0<\/span> Agordo:<\/strong>\u00a0Bries Sopra Strada, Prompicai, Parech e Toccol;\u00a0 <strong>Alleghe:\u00a0\u00a0<\/strong>Pini\u00e8 e Coi; <strong>Arsi\u00e8:<\/strong> Col Perer;\u00a0 <strong>Canale d\u2019Agordo:<\/strong>\u00a0Feder, Carfon e Gaer;\u00a0<strong>Cencenighe:<\/strong>\u00a0Bastiani, Chenet, Lorenzon, Collaz, Pr\u00e0 di Mezzo, Fa\u00e9; <strong>\u00a0Cortina:\u00a0<\/strong>\u00a0Pocol;\u00a0 L<strong>amon:\u00a0<\/strong>Oltra, Zavena, Campigotti, Geronemoni, Moggi, Totti e Cavallea; <strong>La Valle Agordina:<\/strong>\u00a0Gaidon, Torsas, Chiesa, Torner, Centro, Lantrago, Conaggia, Fares e Cugnago;\u00a0\u00a0<strong>Lentiai:\u00a0<\/strong>Boschi e Cesa; <strong>\u00a0Livinallongo<\/strong>\u00a0:\u00a0via Sorar\u00f9 (casa di riposo inclusa) Pieve Centro, Sotto Chiesa, Grouppa, Retiz, Brenta, Salasei di Sopra e di Sotto, Costa di Salasei, Pian di Salasei, Sottocrepa e Foppa, Arabba, Pallua, Andraz. A <strong>Santo Stefano di\u00a0<\/strong><strong>Cadore\u00a0<\/strong>Cima Canale e Costa d\u2019Antola; <strong>\u00a0Sedico:\u00a0<\/strong>Pian dei Castaldi, Somaval, Cumui, Barp, Bolago, Libano; a Sospirolo problemi a Le Rosse, Susin Alto, San Gottardo; a <strong>Taibon:\u00a0<\/strong>\u00a0Col di Carrera.\u00a0\u00a0Col di Pr\u00e0;\u00a0<strong> Trichiana\u00a0\u00a0<\/strong>Nate, Pranolz, Faldine, Pramaor, Melere;\u00a0<strong>Vallada Agordina:\u00a0<\/strong>Andrich, Cogul, Piaz;\u00a0\u00a0<strong>Voltago Agordino:\u00a0<\/strong>\u00a0Frassen\u00e8, Villa, Bertoi e Digoman<\/p>\n<p>&nbsp;<\/p>\n<p>&nbsp;<\/p>\n<p>&nbsp;<\/p>\n<h1>INCIDENTE A LIVINALLONGO \u2013 OPERAIO CADE E FINISCE IN OSPEDALE<\/h1>\n<p><strong>LIVINALLONGO<\/strong> Incidente sul lavoro ieri in localit\u00e0 Larzonei in Comune di Livinallongo del Col di Lana, per cause da accertare P.X. 22 anni, nato il Albania e residente a Perugia (operaio della societ\u00e0 Ceb di Gubbio) ha perso l\u2019equilibrio procurandosi un grave trauma cranico con perdita di conoscenza. E\u2019 stato soccorso dal Suem di Pieve di Cadore e trasportato all\u2019ospedale di Belluno, qui trattenuto per accertamenti non \u00e8 in pericolo di vita. L\u2019uomo lavorava per il ripristino della linea di media alta tensione in una zona boschiva.<\/p>\n<p>&nbsp;<\/p>\n<p>&nbsp;<\/p>\n<p>&nbsp;<\/p>\n<h1>RAPINATO LUNGO LA SINISTRA PIAVE<\/h1>\n<p><strong><a class=\"dt-pswp-item\" href=\"http:\/\/www.radiopiu.net\/wordpress\/wp-content\/uploads\/2018\/12\/rapina.jpg\" data-dt-img-description=\"\" data-large_image_width=\"1280\" data-large_image_height=\"853\"><img loading=\"lazy\" decoding=\"async\" class=\" wp-image-68334 alignleft\" src=\"http:\/\/www.radiopiu.net\/wordpress\/wp-content\/uploads\/2018\/12\/rapina-300x200.jpg\" alt=\"\" width=\"224\" height=\"149\" srcset=\"https:\/\/www.radiopiu.net\/wordpress\/wp-content\/uploads\/2018\/12\/rapina-300x200.jpg 300w, https:\/\/www.radiopiu.net\/wordpress\/wp-content\/uploads\/2018\/12\/rapina-768x512.jpg 768w, https:\/\/www.radiopiu.net\/wordpress\/wp-content\/uploads\/2018\/12\/rapina-1024x682.jpg 1024w, https:\/\/www.radiopiu.net\/wordpress\/wp-content\/uploads\/2018\/12\/rapina.jpg 1280w\" sizes=\"auto, (max-width: 224px) 100vw, 224px\" \/><\/a>BELLUNO<\/strong> Ieri sera un 48enne della provincia di Monza Brianza, dipendente di una ditta lombarda specializzata nella manutenzione di apparecchi per l\u2019aromaterapia e apparecchiature similari nonch\u00e9 in fornitura di tappeti antiscivolo e affini, denunciava di essere stato vittima di una rapina avvenuta nel primo pomeriggio. L\u2019uomo riferiva che mentre stava percorrendo la sinistra piave tra Feltre e Belluno a bordo del furgone della ditta, sarebbe stato costretto a fermarsi da un\u2019 auto da cui scendevano tre individui stranieri che lo costringevano sotto la minaccia delle armi a imboccare una strada laterale. Poco dopo, i malviventi si sarebbero impossessati di circa 500 euro che il 48enne custodiva parte nel portafoglio e parte in una valigetta e di un orologio di scarso valore. L\u2019episodio sarebbe durato pi\u00f9 di un ora e durante la quale sarebbe stato percosso. Dopo il fatto l\u2019uomo avrebbe continuato le sue consegne a Trichiana e Belluno e solo dopo le 20 sarebbe ricorso alle cure presso l\u2019ospedale di Belluno, dove venivano refertate lesioni guaribili in 5 giorni . Il rapinato non \u00e8 stato in grado di fornire alcun elemento circa il luogo dove sarebbe avvenuto il fatto.<\/p>\n<p>&nbsp;<\/p>\n<p>&nbsp;<\/p>\n<h1>FERRIERI RITROVATO A VENEZIA<\/h1>\n<p>\u00c8 stato trovato Gaetabi Ferrieri, il 61ebbe \u00a0sparito\u00a0 dopo aver lasciato\u00a0 il figlio all\u2019asilo di Mirano\u00a0 dove\u00a0 l&#8217;uomo\u00a0 risiede insieme alla compagna Annalisa Zangrando che aveva dato notizia della scomparsa, la stessa donna ha annunciato il ritrovamento.<\/p>\n<p>Cos\u00ec ieri davamo la notizia:<\/p>\n<h1>E\u2019 SCOMPARSO IL LEADER DEI FORCONI<\/h1>\n<p class=\"photoswipe-wrapper\">Un post su facebook da l\u2019allarme: si cerca Gaetano Ferrieri, il leader dei forconi residente a Mirano \u00e8 scomparso. L\u2019allarme dalla compagna<br \/>\n<a class=\"dt-pswp-item pspw-wrap-ready\" href=\"http:\/\/www.radiopiu.net\/wordpress\/wp-content\/uploads\/2018\/12\/WhatsApp-Image-2018-12-03-at-22.52.58.jpeg\" data-dt-img-description=\"\" data-large_image_width=\"778\" data-large_image_height=\"1600\"><img loading=\"lazy\" decoding=\"async\" class=\"alignnone wp-image-68271\" src=\"http:\/\/www.radiopiu.net\/wordpress\/wp-content\/uploads\/2018\/12\/WhatsApp-Image-2018-12-03-at-22.52.58-146x300.jpeg\" alt=\"\" width=\"180\" height=\"367\" \/><\/a><\/p>\n<p>&nbsp;<\/p>\n<p>&nbsp;<\/p>\n<p>&nbsp;<\/p>\n<div class=\"page-title title-left solid-bg breadcrumbs-mobile-off page-title-responsive-enabled\">\n<div class=\"wf-wrap\">\n<div class=\"page-title-head hgroup\"><\/div>\n<\/div>\n<\/div>\n<div class=\"page-title title-left solid-bg breadcrumbs-mobile-off page-title-responsive-enabled\">\n<div class=\"wf-wrap\">\n<div class=\"page-title-breadcrumbs\"><\/div>\n<\/div>\n<\/div>\n<div><\/div>\n<h1>CARENZA DI PEDIATRI E MEDICI, L&#8217;INTERVENTO DEL SINDACO DI BELLUNO JACOPO MASSARO<\/h1>\n<div><strong><a class=\"dt-pswp-item\" href=\"http:\/\/www.radiopiu.net\/wordpress\/wp-content\/uploads\/2016\/01\/Ospedale_San_Martino_Belluno_2014.jpg\" data-dt-img-description=\"\" data-large_image_width=\"699\" data-large_image_height=\"376\"><img loading=\"lazy\" decoding=\"async\" class=\"alignnone size-medium wp-image-15416\" src=\"http:\/\/www.radiopiu.net\/wordpress\/wp-content\/uploads\/2016\/01\/Ospedale_San_Martino_Belluno_2014-300x161.jpg\" alt=\"\" width=\"300\" height=\"161\" \/><\/a>BELLUNO<\/strong><\/div>\n<div>\n<audio class=\"wp-audio-shortcode\" id=\"audio-68327-2\" preload=\"none\" style=\"width: 100%;\" controls=\"controls\"><source type=\"audio\/mpeg\" src=\"http:\/\/www.radiopiu.net\/wordpress\/wp-content\/uploads\/2018\/12\/MASSARO.mp3?_=2\" \/><a href=\"http:\/\/www.radiopiu.net\/wordpress\/wp-content\/uploads\/2018\/12\/MASSARO.mp3\">http:\/\/www.radiopiu.net\/wordpress\/wp-content\/uploads\/2018\/12\/MASSARO.mp3<\/a><\/audio>\n<\/div>\n<div><\/div>\n<div id=\"main\" class=\"sidebar-right sidebar-divider-off\">\n<div class=\"wf-wrap\">\n<div class=\"wf-container-main\">\n<div id=\"content\" class=\"content\" role=\"main\">\n<article id=\"post-68333\" class=\"horizontal-fancy-style post-68333 post type-post status-publish format-standard has-post-thumbnail category-cronaca category-news-18 category-69 category-49 description-off\">\n<div class=\"post-meta wf-mobile-collapsed\">\n<div class=\"entry-meta\"><\/div>\n<\/div>\n<\/article>\n<\/div>\n<\/div>\n<\/div>\n<\/div>\n<h1><\/h1>\n<p>&nbsp;<\/p>\n<h1>IPAB: ASSESSORE LANZARIN \u201cPRESTO LA RIFORMA, MA IL PERCORSO DEVE COINVOLGERE L\u2019INTERO SETTORE DELL\u2019ASSISTENZA RESIDENZIALE\u201d<\/h1>\n<p>\u201cSono consapevole che la riforma delle Ipab \u00e8 molto attesa e importante. Ma dovr\u00e0 essere affrontata in un ridisegno complessivo della residenzialit\u00e0 e delle politiche per la non autosufficienza, perch\u00e8 se da un lato \u00e8 ormai improrogabile riformare l\u2019assetto e la gestione delle istituzione pubbliche di assistenza e beneficenza, dall\u2019altro \u00e8 necessario pensare anche riorganizzazione complessiva del privato-convenzionato\u201d. Cos\u00ec l\u2019assessore regionale al sociale, Manuela Lanzarin, ha replicato ai rappresentanti delle organizzazioni sindacali della Cisl (Cisl Funzione pubblica, Fisascat e Federazione nazionale pensionati) che hanno presidiato la sede del Consiglio regionale e ottenuto un incontro con il presidente e dell\u2019assemblea legislativa Roberto Ciambetti e l\u2019assessore di comparto per rappresentare le ragioni della giornata di mobilitazione. Ai rappresentanti sindacali che sollecitano l\u2019approvazione di una legge regionale di riforma delle Ipab, attesa ormai da quattro legislature, l\u2019assessore Lanzarin ha ricordato \u201ci passi in avanti avvenuti negli ultimi dodici mesi con l\u2019approvazione del collegato alla legge di stabilit\u00e0 2017 e con il nuovo piano sociosanitario 2019-2023 che andr\u00e0 presto in approvazione\u201d. \u201cI due provvedimenti \u2013 ha chiarito l\u2019assessore &#8211; incentivano le aggregazioni e le fusioni delle Ipab su base distrettuale e aprono la strada alla novit\u00e0 dei finanziamenti a budget e non pi\u00f9 per rette pro-capite\u201d. \u201cInoltre \u2013 ha aggiunto l\u2019assessore &#8211; con l\u2019approvazione del riparto 2018 del fondo regionale per la non autosufficienza, sono stati recuperati 13 milioni in pi\u00f9 per le strutture residenziali degli anziani e dei disabili, aumentando le impegnative di residenzialit\u00e0 nei territori che storicamente erano pi\u00f9 deficitari. E nel bilanci di previsione 2019, ora in discussione in Consiglio, si prevede un aumento di 10 milioni di euro per i servizi residenziali di assistenza alle persone non autosufficienti\u201d. \u201d \u201cNon appena approvato il Piano sociosanitario, ormai in dirittura d\u2019arrivo non appena conclusa la sessione di bilancio \u2013 ha assicurato Lanzarin &#8211; la priorit\u00e0 di questa amministrazione sar\u00e0 approvare la riforma delle Ipab, ma nel quadro complessivo della riorganizzazione dell\u2019intero comparto pubblico-privato dell\u2019assistenza residenziale\u201d.<\/p>\n<h1><\/h1>\n<p>&nbsp;<\/p>\n<p>&nbsp;<\/p>\n<blockquote><p>&nbsp;<\/p><\/blockquote>\n<h1>FARMACIA DI TAIBON, IL FUTURO E&#8217; ROSEO: PIU&#8217; ORE, PIU&#8217; UTILI PER IL COMUNE NEL BILANCIO DI PREVISIONE<\/h1>\n<p><strong>TAIBON<\/strong> Dettagliata relazione quella presentata in consiglio comunale dal sindaco di Taibon Silvia Tormen sulla Farmacia Comunale, azienda che produce utile, da lavoro e soprattutto \u00e8 diventata sempre pi\u00f9 indispensabile per il paese.<\/p>\n<h2>LA RELAZIONE A FIRMA DEL PRESIDENTE CLAUDIO PAGANIN<\/h2>\n<p><strong><a class=\"dt-pswp-item\" href=\"http:\/\/www.radiopiu.net\/wordpress\/wp-content\/uploads\/2018\/12\/is.jpg\" data-dt-img-description=\"\" data-large_image_width=\"341\" data-large_image_height=\"227\"><img loading=\"lazy\" decoding=\"async\" class=\"size-medium wp-image-68343 alignleft\" src=\"http:\/\/www.radiopiu.net\/wordpress\/wp-content\/uploads\/2018\/12\/is-300x200.jpg\" alt=\"\" width=\"300\" height=\"200\" srcset=\"https:\/\/www.radiopiu.net\/wordpress\/wp-content\/uploads\/2018\/12\/is-300x200.jpg 300w, https:\/\/www.radiopiu.net\/wordpress\/wp-content\/uploads\/2018\/12\/is.jpg 341w\" sizes=\"auto, (max-width: 300px) 100vw, 300px\" \/><\/a>Previsione per anno 2019\u00a0<\/strong>Con l\u2019inizio del nuovo anno, precisamente dal 1 gennaio 2019, \u00a0ci saranno delle importanti novita\u2019 per quanto riguarda la gestione della farmacia. Con l\u2019innesto di un nuovo dipendente part time, progetto tutt\u2019ora condizionato all\u2019esito positivo per il reperimento di un farmacista, si e\u2019 deciso di sperimentare, per tutto l\u2019anno, dell\u2019orario continuato dal lunedi\u2019 al venerdi\u2019 dalle ore 7.30 alle ore 19.30 (unica farmacia dell\u2019Agordino) e il sabato mattino. Durante l\u2019anno la farmacia non sara\u2019 piu\u2019 chiusa per ferie. Lo scopo di questa iniziativa, tenendo ovviamente conto dei dati contabili che produrra\u2019 questa\u2019 novita\u2019, \u00a0e\u2019 senz\u2019altro quello di dare ancor piu\u2019 un buon servizio alla nostra gente di Taibon e ai paesi limitrofi.\u00a0 Il bilancio di previsione 2019, riflette pertanto, sia i maggiori ricavi presunti derivanti dal prolungamento dell\u2019orario di apertura della farmacia, sia i maggiori costi derivanti dall\u2019assunzione del nuovo dipendente. Entrando nel dettaglio, i ricavi dell\u2019Azienda nell\u2019anno 2018, ormai quasi al termine, dovrebbero raggiungere i 566.000 euro, valore sostanzialmente coincidente con quello consuntivato nel 2017 (568.000 euro). Per quanto riguarda il 2019 i ricavi sono previsti in crescita per effetto dell\u2019ipotizzato prolungamento dell\u2019orario di apertura della farmacia e il risultato finale, prima delle imposte sul reddito, dovrebbe assestarsi sui 39.000 euro circa. Nel corso del 2018, l\u2019Azienda non ha effettuato investimenti importanti. Alla data attuale, le immobilizzazioni materiali, al lordo dei fondi di ammortamento, sono di circa 90.000 euro suddivise in apparecchi e attrezzature, arredi della farmacia, macchine elettroniche ufficio e computer e impianti telefonici e di allarme.\u00a0 Si spera inoltre che nel 2019 \u00a0possano iniziare i lavori di ampliamento della superficie della farmacia, lavori gia\u2019 approvati dal comune di Taibon e a suo carico, usufruendo di parte della superficie del locale attiguo attualmente adibito a sala d\u2019attesa del medico di base.Riguardo le previsioni di cassa, si presume una giacenza all\u2019 01.01.2019 di circa 165.000 euro e percio\u2019, dopo i movimenti finanziari ordinari e straordinari, e\u2019 prevista una disponibilita\u2019 di tesoreria al 31\/12\/2019 di circa 185.000 euro.<\/p>\n<h2>L&#8217;INTERVENTO DEL SINDACO IN CONSIGLIO COMUNALE<\/h2>\n<audio class=\"wp-audio-shortcode\" id=\"audio-68327-3\" preload=\"none\" style=\"width: 100%;\" controls=\"controls\"><source type=\"audio\/mpeg\" src=\"http:\/\/www.radiopiu.net\/wordpress\/wp-content\/uploads\/2018\/12\/SILVIA-FARMACIA.mp3?_=3\" \/><a href=\"http:\/\/www.radiopiu.net\/wordpress\/wp-content\/uploads\/2018\/12\/SILVIA-FARMACIA.mp3\">http:\/\/www.radiopiu.net\/wordpress\/wp-content\/uploads\/2018\/12\/SILVIA-FARMACIA.mp3<\/a><\/audio>\n<p>&nbsp;<\/p>\n<p>&nbsp;<\/p>\n<p>&nbsp;<\/p>\n<blockquote><p>&nbsp;<\/p><\/blockquote>\n<h1>PIANO DI SVILUPPO, L&#8217;UNIONE MONTANA NON APPROVA. MAURIZIO TROI E GIOVANNI NINO DEON CONVINCONO I CONSIGLIERI AL RINVIO<\/h1>\n<p><strong><a class=\"dt-pswp-item\" href=\"http:\/\/www.radiopiu.net\/wordpress\/wp-content\/uploads\/2018\/12\/WhatsApp-Image-2018-12-05-at-04.49.57.jpeg\" data-dt-img-description=\"\" data-large_image_width=\"1599\" data-large_image_height=\"1200\"><img loading=\"lazy\" decoding=\"async\" class=\"size-medium wp-image-68345 alignleft\" src=\"http:\/\/www.radiopiu.net\/wordpress\/wp-content\/uploads\/2018\/12\/WhatsApp-Image-2018-12-05-at-04.49.57-300x225.jpeg\" alt=\"\" width=\"300\" height=\"225\" srcset=\"https:\/\/www.radiopiu.net\/wordpress\/wp-content\/uploads\/2018\/12\/WhatsApp-Image-2018-12-05-at-04.49.57-300x225.jpeg 300w, https:\/\/www.radiopiu.net\/wordpress\/wp-content\/uploads\/2018\/12\/WhatsApp-Image-2018-12-05-at-04.49.57-768x576.jpeg 768w, https:\/\/www.radiopiu.net\/wordpress\/wp-content\/uploads\/2018\/12\/WhatsApp-Image-2018-12-05-at-04.49.57-1024x768.jpeg 1024w, https:\/\/www.radiopiu.net\/wordpress\/wp-content\/uploads\/2018\/12\/WhatsApp-Image-2018-12-05-at-04.49.57.jpeg 1599w\" sizes=\"auto, (max-width: 300px) 100vw, 300px\" \/><\/a><\/strong><\/p>\n<p>&nbsp;<\/p>\n<p>&nbsp;<\/p>\n<p>&nbsp;<\/p>\n<p>&nbsp;<\/p>\n<p><strong>AGORDO<\/strong> Non \u00e8 stato approvato alcun piano di sviluppo nell&#8217;ultimo consiglio dell&#8217;Unione Montana Agordina, i dati sono infatti &#8220;falsati&#8221; dai recenti eventi alluvionali ad iniziare dal patrimonio boschivo. L&#8217;assessore di Colle Santa Lucia e il sindaco di Rivamonte sono stati convincenti e alla del piano di sviluppo se ne riparler\u00e0 in futuro. Questo l&#8217;intervento in Unione Montana di Maurizio Troi.<\/p>\n<audio class=\"wp-audio-shortcode\" id=\"audio-68327-4\" preload=\"none\" style=\"width: 100%;\" controls=\"controls\"><source type=\"audio\/mpeg\" src=\"http:\/\/www.radiopiu.net\/wordpress\/wp-content\/uploads\/2018\/12\/maurizio-troi.mp3?_=4\" \/><a href=\"http:\/\/www.radiopiu.net\/wordpress\/wp-content\/uploads\/2018\/12\/maurizio-troi.mp3\">http:\/\/www.radiopiu.net\/wordpress\/wp-content\/uploads\/2018\/12\/maurizio-troi.mp3<\/a><\/audio>\n<p>&nbsp;<\/p>\n<p>&nbsp;<\/p>\n<p>&nbsp;<\/p>\n<p>&nbsp;<\/p>\n<h1>CANONI IDRICI, CIFRA SIGNIFICATIVA PER IL TERRITORIO<\/h1>\n<p><strong><a class=\"dt-pswp-item\" href=\"http:\/\/www.radiopiu.net\/wordpress\/wp-content\/uploads\/2018\/12\/WhatsApp-Image-2018-12-05-at-04.50.34.jpeg\" data-dt-img-description=\"\" data-large_image_width=\"1599\" data-large_image_height=\"1200\"><img loading=\"lazy\" decoding=\"async\" class=\"size-medium wp-image-68346 alignleft\" src=\"http:\/\/www.radiopiu.net\/wordpress\/wp-content\/uploads\/2018\/12\/WhatsApp-Image-2018-12-05-at-04.50.34-300x225.jpeg\" alt=\"\" width=\"300\" height=\"225\" srcset=\"https:\/\/www.radiopiu.net\/wordpress\/wp-content\/uploads\/2018\/12\/WhatsApp-Image-2018-12-05-at-04.50.34-300x225.jpeg 300w, https:\/\/www.radiopiu.net\/wordpress\/wp-content\/uploads\/2018\/12\/WhatsApp-Image-2018-12-05-at-04.50.34-768x576.jpeg 768w, https:\/\/www.radiopiu.net\/wordpress\/wp-content\/uploads\/2018\/12\/WhatsApp-Image-2018-12-05-at-04.50.34-1024x768.jpeg 1024w, https:\/\/www.radiopiu.net\/wordpress\/wp-content\/uploads\/2018\/12\/WhatsApp-Image-2018-12-05-at-04.50.34.jpeg 1599w\" sizes=\"auto, (max-width: 300px) 100vw, 300px\" \/><\/a><\/strong><\/p>\n<p>&nbsp;<\/p>\n<p>&nbsp;<\/p>\n<p>&nbsp;<\/p>\n<p>&nbsp;<\/p>\n<p>&nbsp;<\/p>\n<p><strong>AGORDO<\/strong> Dai canoni demaniali soldi nell&#8217;Agordino per la messa in sicurezza del territorio e nello stesso tempo la Regione taglia i fondi per la sistemazione dei sentieri. Dall&#8217;ultimo consiglio comunale il &#8220;regalo&#8221; della Provincia, il dato pi\u00f9 importante nella variazione di bilancio.<\/p>\n<audio class=\"wp-audio-shortcode\" id=\"audio-68327-5\" preload=\"none\" style=\"width: 100%;\" controls=\"controls\"><source type=\"audio\/ogg\" src=\"http:\/\/www.radiopiu.net\/wordpress\/wp-content\/uploads\/2018\/12\/GIANNI-SENTIERI.ogg?_=5\" \/><a href=\"http:\/\/www.radiopiu.net\/wordpress\/wp-content\/uploads\/2018\/12\/GIANNI-SENTIERI.ogg\">http:\/\/www.radiopiu.net\/wordpress\/wp-content\/uploads\/2018\/12\/GIANNI-SENTIERI.ogg<\/a><\/audio>\n<p>&nbsp;<\/p>\n<p>&nbsp;<\/p>\n<p>&nbsp;<\/p>\n<h1>CANALE D&#8217;AGORDO, GIOVEDI INCONTRO CON IL COMUNE, RICHIESTA DANNI<\/h1>\n<h1>IL SINDACO FLAVIO COLCERGNAN<\/h1>\n<audio class=\"wp-audio-shortcode\" id=\"audio-68327-6\" preload=\"none\" style=\"width: 100%;\" controls=\"controls\"><source type=\"audio\/mpeg\" src=\"http:\/\/www.radiopiu.net\/wordpress\/wp-content\/uploads\/2018\/12\/FLAVIO-INCONTRO-GIOVEDI.mp3?_=6\" \/><a href=\"http:\/\/www.radiopiu.net\/wordpress\/wp-content\/uploads\/2018\/12\/FLAVIO-INCONTRO-GIOVEDI.mp3\">http:\/\/www.radiopiu.net\/wordpress\/wp-content\/uploads\/2018\/12\/FLAVIO-INCONTRO-GIOVEDI.mp3<\/a><\/audio>\n<p>&nbsp;<\/p>\n<h1>\u00a0&#8220;TOLTO LO SCUDO SU CONSOB E BANCHE, PROMESSA MANTENUTA&#8221;<\/h1>\n<p><a class=\"dt-pswp-item\" href=\"http:\/\/www.radiopiu.net\/wordpress\/wp-content\/uploads\/2015\/09\/Federico_DInc\u00e0_daticamera.jpg\" data-dt-img-description=\"\" data-large_image_width=\"165\" data-large_image_height=\"228\"><img loading=\"lazy\" decoding=\"async\" class=\"size-full wp-image-10538 alignleft\" src=\"http:\/\/www.radiopiu.net\/wordpress\/wp-content\/uploads\/2015\/09\/Federico_DInc\u00e0_daticamera.jpg\" alt=\"\" width=\"165\" height=\"228\" \/><\/a><\/p>\n<p>&nbsp;<\/p>\n<p>&nbsp;<\/p>\n<p>&nbsp;<\/p>\n<p>Federico D\u2019Inc\u00e0, deputato Questore della Camera e componente della Commissione Bilancio, commenta l\u2019emendamento approvato ieri sera in Commissione che ha accolto la richiesta delle associazioni di risparmiatori truffati dalle banche, migliorando cos\u00ec il testo sul ristoro e facendo saltare lo scudo per banche e Consob. La norma originaria prevedeva infatti la rinuncia all\u2019esercizio di qualsiasi diritto e pretesa, una volta accettato il pagamento del 30% del danno subito, a carico del Fondo.<\/p>\n<audio class=\"wp-audio-shortcode\" id=\"audio-68327-7\" preload=\"none\" style=\"width: 100%;\" controls=\"controls\"><source type=\"audio\/mpeg\" src=\"http:\/\/www.radiopiu.net\/wordpress\/wp-content\/uploads\/2018\/12\/FEDERICO.mp3?_=7\" \/><a href=\"http:\/\/www.radiopiu.net\/wordpress\/wp-content\/uploads\/2018\/12\/FEDERICO.mp3\">http:\/\/www.radiopiu.net\/wordpress\/wp-content\/uploads\/2018\/12\/FEDERICO.mp3<\/a><\/audio>\n<p>&nbsp;<\/p>\n<p>&nbsp;<\/p>\n<p>&nbsp;<\/p>\n<p>&nbsp;<\/p>\n<p>&nbsp;<\/p>\n<p>&nbsp;<\/p>\n<p align=\"JUSTIFY\"><span style=\"font-size: medium;\"><b>SICUREZZA STRADALE: 15 MILIONI DELLA REGIONE AI COMUNI PER 38 MILIONI DI OPERE. ASSESSORE DE BERTI: \u201cPER NOI \u00c8 PRIORITARIO RIQUALIFICARE LA RETE VIARIA VENETA\u201d <\/b><\/span><\/p>\n<p align=\"JUSTIFY\"><span style=\"font-size: medium;\"><strong>VENEZIA\u00a0<\/strong>\u00a0<\/span><span style=\"font-size: medium;\">Su proposta dell\u2019assessore alle infrastrutture e trasporti, Elisa De Berti, la Giunta regionale del Veneto ha approvato oggi la graduatoria del bando per il finanziamento di interventi a favore della mobilit\u00e0 e della sicurezza stradale: <\/span><span style=\"font-size: medium;\"><b>sulle 263 domande presentate dai Comuni e ritenute ammissibili, con i 15 milioni di euro previsti per l\u2019annualit\u00e0 2018, la Regione cofinanzier\u00e0, attraverso questo primo scorrimento, 73 interventi<\/b><\/span><span style=\"font-size: medium;\"><i> (vedi tabelle allegate)<\/i><\/span><span style=\"font-size: medium;\">; ma poich\u00e9 la graduatoria rester\u00e0 valida per un biennio, sulla base delle risorse che si renderanno in futuro disponibili si proceder\u00e0 con l\u2019ulteriore scorrimento.\u00a0<\/span>\u201c<span style=\"font-size: medium;\"><b>Con l\u2019approvazione di questa graduatoria \u2013 spiega l\u2019assessore De Berti \u2013 diamo avvio alla realizzazione sul territorio veneto di 28 nuove rotatorie, di 25 percorsi pedonali e piste ciclabili e di 20 opere di messa in sicurezza e riqualificazione stradale. I 15 milioni di cofinanziamento regionale produrranno un volano economico complessivo di ben 38 milioni di euro di opere\u201d.\u00a0<\/b><\/span>\u201c<span style=\"font-size: medium;\">Pur in presenza di una contrazione delle risorse pubbliche \u2013 sottolinea De Berti \u2013, anche quest\u2019anno siamo riusciti a destinare una buona quota di bilancio alla sicurezza stradale, trattandosi di una delle priorit\u00e0 della Regione del Veneto\u201d.\u00a0<\/span><span style=\"font-size: medium;\">L\u2019assessore ricorda, infatti, che con i precedenti bandi del 2016 sono stati cofinanziati, grazie a 18 milioni<\/span> <span style=\"font-size: medium;\">di euro di contributi regionali e a uno statale, 135 interventi proposti dalle Amministrazioni comunali venete, per un valore complessivo di circa 41 milioni di euro di opere.\u00a0<\/span><span style=\"font-size: medium;\">Nella formazione della graduatoria sono stati considerati prioritari gli interventi per risolvere situazioni di criticit\u00e0 in corrispondenza di intersezioni a raso, l\u2019adozione di tecniche di moderazione del traffico, le opere di viabilit\u00e0 alternativa agli attraversamenti dei centri urbani, l\u2019attivazione di segnaletica a messaggio variabile e per l\u2019informazione all\u2019utenza, la realizzazione di percorsi pedonali protetti in ambito urbano ed extraurbano. Tra i criteri adottati nell\u2019attribuzione del punteggio, il principale \u00e8 stato quello dell\u2019incidentalit\u00e0 delle strade. <\/span><\/p>\n<p>&nbsp;<\/p>\n<p>&nbsp;<\/p>\n<p>&nbsp;<\/p>\n<p>&nbsp;<\/p>\n<h1>MALTEMPO: 20 MILA METRI CUBI DI LEGNO IN ACQUA. L&#8217;ENEL PROGRAMMA LE OPERAZIONI DI SGOMBERO<\/h1>\n<p><strong><a class=\"dt-pswp-item\" href=\"http:\/\/www.radiopiu.net\/wordpress\/wp-content\/uploads\/2018\/11\/7b96501b-b005-4187-9e36-4885ba367d45.jpg\" data-dt-img-description=\"\" data-large_image_width=\"640\" data-large_image_height=\"478\"><img loading=\"lazy\" decoding=\"async\" class=\"size-medium wp-image-65965 alignleft\" src=\"http:\/\/www.radiopiu.net\/wordpress\/wp-content\/uploads\/2018\/11\/7b96501b-b005-4187-9e36-4885ba367d45-300x224.jpg\" alt=\"\" width=\"300\" height=\"224\" srcset=\"https:\/\/www.radiopiu.net\/wordpress\/wp-content\/uploads\/2018\/11\/7b96501b-b005-4187-9e36-4885ba367d45-300x224.jpg 300w, https:\/\/www.radiopiu.net\/wordpress\/wp-content\/uploads\/2018\/11\/7b96501b-b005-4187-9e36-4885ba367d45.jpg 640w\" sizes=\"auto, (max-width: 300px) 100vw, 300px\" \/><\/a><\/strong><\/p>\n<p>&nbsp;<\/p>\n<p>&nbsp;<\/p>\n<p>&nbsp;<\/p>\n<p>&nbsp;<\/p>\n<p><strong>BELLUNO<\/strong> E&#8217; un problema il legname nei laghi artificiali. Enel e Comuni ne discutono in Provincia, gli alberi vanno tolti il prima possibile<\/p>\n<p><strong>DI DAMIANO TORMEN<\/strong><\/p>\n<audio class=\"wp-audio-shortcode\" id=\"audio-68327-8\" preload=\"none\" style=\"width: 100%;\" controls=\"controls\"><source type=\"audio\/ogg\" src=\"http:\/\/www.radiopiu.net\/wordpress\/wp-content\/uploads\/2018\/12\/DAMIANO-LAGHI.ogg?_=8\" \/><a href=\"http:\/\/www.radiopiu.net\/wordpress\/wp-content\/uploads\/2018\/12\/DAMIANO-LAGHI.ogg\">http:\/\/www.radiopiu.net\/wordpress\/wp-content\/uploads\/2018\/12\/DAMIANO-LAGHI.ogg<\/a><\/audio>\n<h1><\/h1>\n<p>&nbsp;<\/p>\n<p>&nbsp;<\/p>\n<p align=\"CENTER\"><span style=\"font-family: Arial, sans-serif;\"><span style=\"font-size: small;\"><b>IL ROTARY CLUB A FAVORE DELLA PROVINCIA DI BELLUNO:\u00a0<\/b><\/span><\/span><span style=\"font-family: Arial, sans-serif;\"><span style=\"font-size: small;\"><b>GARANTIRE COMUNICAZIONE ED ENERGIA ELETTRICA<\/b><\/span><\/span><\/p>\n<audio class=\"wp-audio-shortcode\" id=\"audio-68327-9\" preload=\"none\" style=\"width: 100%;\" controls=\"controls\"><source type=\"audio\/mpeg\" src=\"http:\/\/www.radiopiu.net\/wordpress\/wp-content\/uploads\/2018\/12\/ROTARY.mp3?_=9\" \/><a href=\"http:\/\/www.radiopiu.net\/wordpress\/wp-content\/uploads\/2018\/12\/ROTARY.mp3\">http:\/\/www.radiopiu.net\/wordpress\/wp-content\/uploads\/2018\/12\/ROTARY.mp3<\/a><\/audio>\n<p align=\"JUSTIFY\"><span style=\"font-family: Source Sans Pro Light, Malgun Gothic;\"><span style=\"font-size: small;\"><b>I Rotary del Triveneto raccolgono fondi per i danni del maltempo per la provincia di Belluno. Solidariet\u00e0 anche da Club delle varie parti d\u2019Italia, da Spittal-am-Drau (Austria) e Bend (Oregon, Usa).\u00a0<\/b><\/span><\/span><span style=\"color: #222222;\"><span style=\"font-family: Source Sans Pro Light, Malgun Gothic;\"><span style=\"font-size: small;\">Anche i Rotary Club della provincia di Belluno si sono attivati per una raccolta fondi a seguito dei danni causati dal maltempo nella nostra provincia. Dopo aver consultato sindaci, operatori della protezione civile ed esponenti del volontariato dei territori pi\u00f9 colpiti, si \u00e8 deciso di intervenire in una logica di \u201cprevenzione\u201d e, nello specifico, per potenziare il sistema denominato &#8220;<\/span><\/span><\/span><span style=\"color: #222222;\"><span style=\"font-family: Source Sans Pro Light, Malgun Gothic;\"><span style=\"font-size: small;\"><i><b>telecomunicazioni alternative di emergenza<\/b><\/i><\/span><\/span><\/span><span style=\"color: #222222;\"><span style=\"font-family: Source Sans Pro Light, Malgun Gothic;\"><span style=\"font-size: small;\">&#8221; che fino ad ora, per come viene gestito e strutturato nel territorio, ha sempre garantito al coordinamento operativo della Protezione Civile (istituzioni e organizzazioni varie) comunicazioni efficienti in assenza di quelle tradizionali, pubbliche e commerciali.<\/span><\/span><\/span><\/p>\n<p class=\"western\" align=\"LEFT\"><span style=\"font-size: medium;\"><b>QUASI 2 MILIONI RACCOLTI SUL CONTO CORRENTE DI SOLIDARIETA\u2019 DELLA REGIONE VENETO. ZAIA, \u201cGENEROSITA\u2019 COMMOVENTE. IMMENSO UGUALE VALORE PER LE MIGLIAIA DI EURO DELLE AZIENDE E I POCHI SPICCIOLI DELLA GENTE COMUNE\u201d<\/b><\/span><\/p>\n<p align=\"LEFT\"><strong>VENEZIA\u00a0<\/strong>Ha gi\u00e0 raggiunto quasi due milioni di euro la gara di solidariet\u00e0 di cittadini e aziende, nella stragrande maggioranza veneti, che hanno versato un contributo sul conto corrente della Regione aperto per raccogliere fondi da utilizzare a sostegno delle popolazioni e dei territori colpiti dalla devastante ondata di maltempo di fine ottobre.\u00a0<b>All\u2019ultimo conteggio effettuato, il montante dei contributi aveva raggiunto quota 1.944.149,78 euro, grazie a 13.525 versamenti, con ben <\/b><b>11.668 donazioni fino a 100 euro.\u00a0<\/b>\u201cIl grande cuore dei Veneti \u2013 sottolinea il Presidente della Regione Luca Zaia \u2013 si sta manifestando ogni giorno con una generosit\u00e0 commovente, rappresentata in egual misura da grandi aziende che hanno versato migliaia di euro e di gente comune, che ha donato ci\u00f2 che poteva. Pochi euro o migliaia, in questo caso, hanno lo stesso grande significato \u2013 aggiunge il Governatore \u2013 quello di un Veneto solidale e con un grande senso della comunit\u00e0 e dell\u2019identit\u00e0. A ognuna di queste persone \u2013 conclude il Governatore \u2013 stringo simbolicamente la mano con gratitudine, e con la garanzia personale che ogni euro donato andr\u00e0 ad aiutare i territori e le persone colpite. A chi non ha ancora avuto modo di fare un versamento chiedo un piccolo sforzo: pancia a terra, e andiamo a versare, perch\u00e9 la battaglia per la rinascita \u00e8 appena iniziata\u201d. Nel frattempo, si \u00e8 mossa anche la Regione al suo interno: con gli statini de<span style=\"color: #1f497d;\">i<\/span> dipendenti relativi al mese di novembre, \u00e8 stata data l\u2019indicazione della possibilit\u00e0 di donare il corrispettivo di ore di lavoro, a scelta del dipendente, al conto corrente regionale di solidariet\u00e0.<\/p>\n<h1 align=\"LEFT\">CONTRIBUTI MALTEMPO, SCADENZE AD AGORDO<\/h1>\n<p><strong><span style=\"color: #ff0000;\">ENTRO MERCOLEDI\u2019 12 DICEMBRE 2018<\/span> <\/strong>Si dovranno trasmettere al Comune di Agordo le DOMANDE DI CONTRIBUTO di immediato sostegno alla<br \/>\npopolazione (Mod. B \u2013 PRIVATI) e per l\u2019immediata ripresa delle attivit\u00e0 economiche e produttive (Mod. C &#8211; ATTIVITA\u2019 ECONOMICHE), per i danni subiti a seguito delle eccezionali avversit\u00e0 atmosferiche verificatesi dal 27 ottobre al 5 novembre 2018. La modulistica \u00e8 reperibile sul sito Internet del Comune, in<br \/>\nprima pagina, e presso l\u2019Ufficio Segreteria e l\u2019Ufficio Tecnico. Una volta compilata e firmata la domanda, corredata della fotocopia di documento di riconoscimento in corso di validit\u00e0 e degli eventuali altri allegati, dovr\u00e0 essere trasmessa in formato cartaceo, direttamente all\u2019ufficio Segreteria-Protocollo (piano terra) del Comune di Agordo o in formato .pdf all\u2019indirizzo email: segreteria.agordo@agordino.bl.it o tramite PEC: comune.agordo.bl@pecveneto.it<br \/>\nN.B. La modulistica deve essere correttamente compilata in ogni sua parte, ivi compresa la quantificazione economica condizione essenziale per l\u2019accettazione e successiva valutazione.<\/p>\n<p>&nbsp;<\/p>\n<p>&nbsp;<\/p>\n<p>&nbsp;<\/p>\n<h1>ASTIGIANI PER L&#8217;AGORDINO, IL GRAZIE DA UNA VALLATA<\/h1>\n<p><a class=\"dt-pswp-item\" href=\"http:\/\/www.radiopiu.net\/wordpress\/wp-content\/uploads\/2018\/12\/MG_4202-1.jpg\" data-dt-img-description=\"\" data-large_image_width=\"3072\" data-large_image_height=\"2048\"><img loading=\"lazy\" decoding=\"async\" class=\"alignnone wp-image-68384 size-large\" src=\"http:\/\/www.radiopiu.net\/wordpress\/wp-content\/uploads\/2018\/12\/MG_4202-1-1024x683.jpg\" alt=\"\" width=\"1024\" height=\"683\" srcset=\"https:\/\/www.radiopiu.net\/wordpress\/wp-content\/uploads\/2018\/12\/MG_4202-1-1024x683.jpg 1024w, https:\/\/www.radiopiu.net\/wordpress\/wp-content\/uploads\/2018\/12\/MG_4202-1-300x200.jpg 300w, https:\/\/www.radiopiu.net\/wordpress\/wp-content\/uploads\/2018\/12\/MG_4202-1-768x512.jpg 768w\" sizes=\"auto, (max-width: 1024px) 100vw, 1024px\" \/><\/a><\/p>\n<p>L\u2019Associazione di promozione del territorio \u201cEchi d\u2019infinito\u201d organizza un evento a favore delle popolazioni colpite dal maltempo nell\u2019agordino. Sabato 8 dicembre alle ore 21 presso il Cinema Comunale di Villanova d\u2019Asti saliranno sul palco i fondatori dell\u2019associazione Alessandra Vivenzio, Federico Chiavaro, Anna Manzato, Andrea Mattana Renon ed Anna Revello per uno spettacolo musicale con brani nazionali ed internazionali. Con loro altri tre ospiti a partire dalla voce di Daniela Carbone, Viviana Zaccone ed Angelo Vivenzio. \u201cSar\u00e0 un\u2019occasione per stare insieme, scambiarsi gli auguri per le prossime festivit\u00e0 e soprattutto per aiutare chi ha subito un dramma come quello che abbiamo visto dal tg nazionali\u201d, spiega Anna Revello, \u201ci comuni che compongono le Dolomiti agordine sono stati duramente colpiti e hanno bisogno di rialzarsi e brillare pi\u00f9 di prima\u201d. Una tragedia ambientale quella del bellunese che ha visto l\u2019abbattimento di circa 14mila alberi creando dissesti e smottamenti, seri danni alle abitazioni ed alle strade a ridosso dell\u2019inizio della stagione invernale. Andrea Mattana Renon, presidente di \u201cEchi d\u2019infinito\u201d era li in quei giorni: \u201cDovevo partecipare ad un evento in provincia di Belluno e ho visto con i miei occhi i disagi e il disastro, immagini che non si possono raccontare perch\u00e9 non rendono giustizia se non sono viste coi propri occhi; da qui l\u2019idea di tutti di aiutare questo territorio Patrimonio dell\u2019Unesco come l\u2019Astigiano e creare una sorta di gemellaggio di solidariet\u00e0\u201d. L\u2019evento ha un titolo preciso \u201cEchi d\u2019Infinito #curiamoilmondo\u201d: \u201cil mondo deve essere curato e rispettato\u201d, ci spiega Anna Manzato, \u201cnon siamo padroni ma ospiti del mondo\u201d. Non ci resta che contribuire a questa causa accarezzata dalla musica!<\/p>\n<p>&nbsp;<\/p>\n<p>&nbsp;<\/p>\n<p>&nbsp;<\/p>\n<p>&nbsp;<\/p>\n<h1>UNCEM E AIEL: ACCORDO PER LA FILIERA BOSCO-LEGNO-ENERGIA<\/h1>\n<blockquote>\n<h3><em>Impegno comune per l&#8217;uso sostenibile delle biomasse legnose nei Comuni montani<\/em><\/h3>\n<\/blockquote>\n<p><strong><a class=\"dt-pswp-item\" href=\"http:\/\/www.radiopiu.net\/wordpress\/wp-content\/uploads\/2018\/12\/argentera_ferrere.jpg\" data-dt-img-description=\"\" data-large_image_width=\"865\" data-large_image_height=\"330\"><img loading=\"lazy\" decoding=\"async\" class=\" wp-image-68270 alignleft\" src=\"http:\/\/www.radiopiu.net\/wordpress\/wp-content\/uploads\/2018\/12\/argentera_ferrere-300x114.jpg\" alt=\"\" width=\"376\" height=\"143\" srcset=\"https:\/\/www.radiopiu.net\/wordpress\/wp-content\/uploads\/2018\/12\/argentera_ferrere-300x114.jpg 300w, https:\/\/www.radiopiu.net\/wordpress\/wp-content\/uploads\/2018\/12\/argentera_ferrere-768x293.jpg 768w, https:\/\/www.radiopiu.net\/wordpress\/wp-content\/uploads\/2018\/12\/argentera_ferrere.jpg 865w\" sizes=\"auto, (max-width: 376px) 100vw, 376px\" \/><\/a>UNCEM<\/strong> AIEL, Associazione Italiana Energie Agroforestali e UNCEM, Unione Nazionale Comuni Enti Montani, siglano un protocollo d&#8217;intesa triennale che prevede una serie di azioni congiunte per la valorizzazione delle biomasse legnose in termini di sostenibilit\u00e0 ambientale, sociale ed economica. La firma dell&#8217;accordo \u00e8 avvenuta nella sede AIEL di Legnaro (Padova), alla presenza del Presidente di UNCEM, Marco Bussone, del Presidente di AIEL, Domenico Brugnoni e del Direttore Generale, Marino Berton.\u00a0\u00a0I Comuni delle aree montane hanno un ruolo fondamentale nel governo dell&#8217;importantissimo ecosistema degli Appennini e delle Alpi che si estende su 11 milioni di ettari ed \u00e8 caratterizzato da un delicato equilibrio, come dimostra il recente ciclone Vaia che ha abbattuto alcuni milioni di metri cubi di alberi.\u00a0Allo stesso tempo, il riscaldamento domestico a biomasse rappresenta una fonte storica, importante e imprescindibile per le zone montane e in particolare per gli oltre 3000 comuni non metanizzati. \u00c8 importante quindi attuare azioni che favoriscano la valorizzazione energetica delle biomasse forestali, nel pieno rispetto della gestione forestale sostenibile e responsabile, come concreta opportunit\u00e0 d&#8217;impresa e occupazione per il sistema produttivo e sociale di queste zone.\u00a0\u00a0L&#8217;intesa prevede l&#8217;impegno a promuovere la crescita economica delle aree montane attraverso la diffusione dell&#8217;utilizzo dei prodotti e sottoprodotti agricoli e forestali come fonte di energia rinnovabile, anche mediante la costituzione di forme associative o la promozione di aggregazioni territoriali tra soggetti della filiera agro-energetica.\u00a0Va sottolineato anche il comune obiettivo di valorizzare le tecnologie di conversione energetica che presentano requisiti di alto rendimento e basse emissioni, finalizzate alla produzione di energia termica e cogenerativa nell&#8217;ambito delle politiche di sviluppo agricolo e forestale e della filiera agro-energetica nella sua accezione pi\u00f9 ampia.\u00a0 L&#8217;accordo tra AIEL e UNCEM prevede inoltre la realizzazione di iniziative, in collaborazione con i Comuni montani, intese a diffondere le conoscenze sul mondo delle energie rinnovabili di origine agricola e forestale, i riflessi che queste hanno sull&#8217;economia e sull&#8217;ecosistema montano, l&#8217;importanza rivestita nel settore dalle certificazioni sia dei biocombustibili che dei generatori di calore. A queste, si affiancheranno attivit\u00e0 comunicazione e coinvolgimento dei cittadini, per promuovere il corretto uso di legna, pellet e cippato nell&#8217;ottica della tutela della qualit\u00e0 dell&#8217;aria.\u00a0 Infine, il quarto punto dell&#8217;accordo propone l&#8217;attuazione di iniziative congiunte presso le istituzioni pubbliche per favorire l&#8217;adozione di provvedimenti normativi che diano impulso alle energie rinnovabili di origine agricola e forestale prodotte secondo pratiche, tecnologie e comportamenti guidati dalla sostenibilit\u00e0, dalla valorizzazione delle potenzialit\u00e0 di sviluppo economico locale e delle risorse del territorio. AIEL ritiene indispensabile &#8211; dichiara il presidente di AIEL Brugnoni &#8211; che un&#8217;Associazione che rappresenta tutta la filiera trovi concretezza nell&#8217;interlocuzioe e nell&#8217;alleanza con gli enti locali che rappresentano il presidio del territorio montano e delle comunit\u00e0 che lo popolano&#8221;.\u00a0&#8220;Guardiamo al futuro del settore per una crescita delle imprese e per contribuire a nuova consapevolezza dell&#8217;importanza della filiera da parte degli enti locali &#8211; conclude il presidente UNCEM Bussone &#8211; Avremo modo di lavorare insieme nei diversi territori anche per sensibilizzare gli interlocutori politici e le istituzioni ad attuare il Testo Unico Forestale di cui attendiamo i nuovi decreti tra i quali, importantissima, la Strategia forestale nazionale&#8221;.<\/p>\n<p>&nbsp;<\/p>\n<p>&nbsp;<\/p>\n<p>&nbsp;<\/p>\n<h1>LA GENEROSITA&#8217; DI UN IMPRENDITORE PER DARE FUTURO AL PALIMANA<\/h1>\n<p><strong>LIMANA<\/strong> Un anonimo cittadino stacca un assegno da 46mila euro per dare una mano al Comune che intende sistemare il pavimento del Palasport. L&#8217;imprenditore ringraziato dal sindaco Milena De Zanet che dar\u00e0 presto il via ai lavori<\/p>\n<p><strong>DAMIANO TORMEN<\/strong><\/p>\n<audio class=\"wp-audio-shortcode\" id=\"audio-68327-10\" preload=\"none\" style=\"width: 100%;\" controls=\"controls\"><source type=\"audio\/ogg\" src=\"http:\/\/www.radiopiu.net\/wordpress\/wp-content\/uploads\/2018\/12\/DAMIANO-LIMANA.ogg?_=10\" \/><a href=\"http:\/\/www.radiopiu.net\/wordpress\/wp-content\/uploads\/2018\/12\/DAMIANO-LIMANA.ogg\">http:\/\/www.radiopiu.net\/wordpress\/wp-content\/uploads\/2018\/12\/DAMIANO-LIMANA.ogg<\/a><\/audio>\n<p>&nbsp;<\/p>\n<p>&nbsp;<\/p>\n<p>&nbsp;<\/p>\n<p>&nbsp;<\/p>\n<h1>ASCA: IL PIACERE DELLA TAVOLA CON LA DISFAGIA<\/h1>\n<p><strong><a class=\"dt-pswp-item\" href=\"http:\/\/www.radiopiu.net\/wordpress\/wp-content\/uploads\/2018\/12\/IMG-20181204-WA0003.jpg\" data-dt-img-description=\"\" data-large_image_width=\"768\" data-large_image_height=\"1024\"><img loading=\"lazy\" decoding=\"async\" class=\" wp-image-68375 alignleft\" src=\"http:\/\/www.radiopiu.net\/wordpress\/wp-content\/uploads\/2018\/12\/IMG-20181204-WA0003-225x300.jpg\" alt=\"\" width=\"157\" height=\"208\" srcset=\"https:\/\/www.radiopiu.net\/wordpress\/wp-content\/uploads\/2018\/12\/IMG-20181204-WA0003-225x300.jpg 225w, https:\/\/www.radiopiu.net\/wordpress\/wp-content\/uploads\/2018\/12\/IMG-20181204-WA0003.jpg 768w\" sizes=\"auto, (max-width: 157px) 100vw, 157px\" \/><\/a>AGORDO<\/strong> Il benessere dell&#8217;anziano si misura anche dal mangiar bene ma quando la persona presenta difficolt\u00e0 di deglutizione chi lo assiste cerca di garantire prima di tutto che l&#8217;alimentazione avvenga nella maggior sicurezza possibile: per questo da anni nelle residenze per anziani, negli ospedali e a domicilio si utilizzano cibi cremosi, senza filamenti, addensanti in polvere ecc. Pu\u00f2 accadere per\u00f2 che alla persona affetta da disfagia &#8211; cos\u00ec si chiama la difficolt\u00e0 a deglutire &#8211; vengano proposti sempre gli stessi alimenti o si dia importanza prevalentemente alla loro consistenza tralasciando un aspetto fondamentale legato al loro colore, alla presentazione dei piatti e soprattutto al loro sapore, cio\u00e8 al &#8220;piacere del cibo&#8221;. Ed \u00e8 proprio per garantire un&#8217;alimentazione sicura, varia, bilanciata e stimolante dal punto di vista gustativo e visivo che ASCA ha creato una &#8220;mensa ad hoc&#8221; per i 40 anziani affetti da disfagia che vivono nella residenza, affidando il servizio di ristorazione a una ditta specializzata nel settore. Ha partecipato e vinto il bando pubblico indetto dall&#8217;Azienda la ditta Yellow Food, esperta nel settore, che si \u00e8 aggiudicata la fornitura presentando un articolato progetto e una serie di campioni di prodotti ottenuti con l&#8217;utilizzo di materie fresche che, lavorate a basse temperature, senza l&#8217;uso di additivi e conservanti di alcun genere, mantengono fedelmente il gusto e il sapore nel rispetto del colore della materia prima.\u00a0 Il servizio ha preso avvio da due settimane con gradimento e soddisfazione di ospiti, familiari e volontari per la variet\u00e0 e il colore dei cibi proposti, per la presentazione dei piatti, ma soprattutto per il gusto che garantisce lo stesso piacere di un cibo preparato in modo tradizionale!<\/p>\n<p>&nbsp;<\/p>\n<p>&nbsp;<\/p>\n<p>&nbsp;<\/p>\n<p>&nbsp;<\/p>\n<h1>MOSTRA INTERNAZIONALE DEL GELATO, GLI INTERVENTI<\/h1>\n<p>LONGARONE\u00a0 MIG 2018: Grande apertura con Luca Zaia e il Mondo internazionale del gelato I grandi momenti dell&#8217;apertura della Mostra Internazionale del Gelato Artigianale di Longarone con il Governatore Luca Zaia. I grandi protagonisti e i riconoscimenti allo straordinario mondo del Gelato<\/p>\n\n\t\t\t<style type='text\/css'>\n\t\t\t\t#gallery-1 {\n\t\t\t\t\tmargin: auto;\n\t\t\t\t}\n\t\t\t\t#gallery-1 .gallery-item {\n\t\t\t\t\tfloat: left;\n\t\t\t\t\tmargin-top: 10px;\n\t\t\t\t\ttext-align: center;\n\t\t\t\t\twidth: 33%;\n\t\t\t\t}\n\t\t\t\t#gallery-1 img {\n\t\t\t\t\tborder: 2px solid #cfcfcf;\n\t\t\t\t}\n\t\t\t\t#gallery-1 .gallery-caption {\n\t\t\t\t\tmargin-left: 0;\n\t\t\t\t}\n\t\t\t\t\/* see gallery_shortcode() in wp-includes\/media.php *\/\n\t\t\t<\/style>\n\t\t<div id='gallery-1' class='dt-gallery-container gallery galleryid-68327 gallery-columns-3 gallery-size-thumbnail'><dl class='gallery-item'>\n\t\t\t\t<dt class='gallery-icon landscape'>\n\t\t\t\t\t<a class=\"rollover\" href='https:\/\/www.radiopiu.net\/wordpress\/giornale-radiopiu-05-dicembre-2018-direttore-mirko-mezzacasa\/mig-2018\/'><img loading=\"lazy\" decoding=\"async\" width=\"150\" height=\"150\" src=\"https:\/\/www.radiopiu.net\/wordpress\/wp-content\/uploads\/2018\/12\/MIG-2018-150x150.jpg\" class=\"attachment-thumbnail size-thumbnail\" alt=\"\" \/><\/a>\n\t\t\t\t<\/dt><\/dl><dl class='gallery-item'>\n\t\t\t\t<dt class='gallery-icon landscape'>\n\t\t\t\t\t<a class=\"rollover\" href='https:\/\/www.radiopiu.net\/wordpress\/giornale-radiopiu-05-dicembre-2018-direttore-mirko-mezzacasa\/taglio-del-nastro-2\/'><img loading=\"lazy\" decoding=\"async\" width=\"150\" height=\"150\" src=\"https:\/\/www.radiopiu.net\/wordpress\/wp-content\/uploads\/2018\/12\/taglio-del-nastro-150x150.jpg\" class=\"attachment-thumbnail size-thumbnail\" alt=\"\" \/><\/a>\n\t\t\t\t<\/dt><\/dl><dl class='gallery-item'>\n\t\t\t\t<dt class='gallery-icon landscape'>\n\t\t\t\t\t<a class=\"rollover\" href='https:\/\/www.radiopiu.net\/wordpress\/giornale-radiopiu-05-dicembre-2018-direttore-mirko-mezzacasa\/intervento-zaia-centro-congressi-longarone-fiere\/'><img loading=\"lazy\" decoding=\"async\" width=\"150\" height=\"150\" src=\"https:\/\/www.radiopiu.net\/wordpress\/wp-content\/uploads\/2018\/12\/Intervento-Zaia-Centro-Congressi-Longarone-Fiere-150x150.jpg\" class=\"attachment-thumbnail size-thumbnail\" alt=\"\" \/><\/a>\n\t\t\t\t<\/dt><\/dl><br style=\"clear: both\" \/>\n\t\t\t<\/div>\n\n<p><strong>LUCA ZAIA PRESIDENTE DELLA REGIONE<\/strong><\/p>\n<audio class=\"wp-audio-shortcode\" id=\"audio-68327-11\" preload=\"none\" style=\"width: 100%;\" controls=\"controls\"><source type=\"audio\/mpeg\" src=\"http:\/\/www.radiopiu.net\/wordpress\/wp-content\/uploads\/2018\/12\/ZAIA.mp3?_=11\" \/><a href=\"http:\/\/www.radiopiu.net\/wordpress\/wp-content\/uploads\/2018\/12\/ZAIA.mp3\">http:\/\/www.radiopiu.net\/wordpress\/wp-content\/uploads\/2018\/12\/ZAIA.mp3<\/a><\/audio>\n<p><strong>ROBERTO PADRIN PRESIDENTE DELLA PROVINCIA<\/strong><\/p>\n<audio class=\"wp-audio-shortcode\" id=\"audio-68327-12\" preload=\"none\" style=\"width: 100%;\" controls=\"controls\"><source type=\"audio\/mpeg\" src=\"http:\/\/www.radiopiu.net\/wordpress\/wp-content\/uploads\/2018\/12\/PADRIN.mp3?_=12\" \/><a href=\"http:\/\/www.radiopiu.net\/wordpress\/wp-content\/uploads\/2018\/12\/PADRIN.mp3\">http:\/\/www.radiopiu.net\/wordpress\/wp-content\/uploads\/2018\/12\/PADRIN.mp3<\/a><\/audio>\n<p><strong>GIAN ANGELO BELLATI PRESIDENTE LONGARONE FIERE<\/strong><\/p>\n<audio class=\"wp-audio-shortcode\" id=\"audio-68327-13\" preload=\"none\" style=\"width: 100%;\" controls=\"controls\"><source type=\"audio\/mpeg\" src=\"http:\/\/www.radiopiu.net\/wordpress\/wp-content\/uploads\/2018\/12\/BELLATI.mp3?_=13\" \/><a href=\"http:\/\/www.radiopiu.net\/wordpress\/wp-content\/uploads\/2018\/12\/BELLATI.mp3\">http:\/\/www.radiopiu.net\/wordpress\/wp-content\/uploads\/2018\/12\/BELLATI.mp3<\/a><\/audio>\n<p><strong>PAOLO DOGLIONI PRESIDENTE CONFOCOMMERCIO<\/strong><\/p>\n<audio class=\"wp-audio-shortcode\" id=\"audio-68327-14\" preload=\"none\" style=\"width: 100%;\" controls=\"controls\"><source type=\"audio\/mpeg\" src=\"http:\/\/www.radiopiu.net\/wordpress\/wp-content\/uploads\/2018\/12\/DOGLIONI.mp3?_=14\" \/><a href=\"http:\/\/www.radiopiu.net\/wordpress\/wp-content\/uploads\/2018\/12\/DOGLIONI.mp3\">http:\/\/www.radiopiu.net\/wordpress\/wp-content\/uploads\/2018\/12\/DOGLIONI.mp3<\/a><\/audio>\n<h1>MIG 2018: grande commozione di Franco Cesare Puglisi per i 40 anni di carriera<\/h1>\n<p><strong><a class=\"dt-pswp-item\" href=\"http:\/\/www.radiopiu.net\/wordpress\/wp-content\/uploads\/2018\/12\/MIG-2018-grande-commozione-di-Franco-Cesare-Puglisi-per-i-40-anni-di-carriera-mp3-image.jpg\" data-dt-img-description=\"\" data-large_image_width=\"320\" data-large_image_height=\"180\"><img loading=\"lazy\" decoding=\"async\" class=\"size-medium wp-image-68357 alignleft\" src=\"http:\/\/www.radiopiu.net\/wordpress\/wp-content\/uploads\/2018\/12\/MIG-2018-grande-commozione-di-Franco-Cesare-Puglisi-per-i-40-anni-di-carriera-mp3-image-300x169.jpg\" alt=\"\" width=\"300\" height=\"169\" srcset=\"https:\/\/www.radiopiu.net\/wordpress\/wp-content\/uploads\/2018\/12\/MIG-2018-grande-commozione-di-Franco-Cesare-Puglisi-per-i-40-anni-di-carriera-mp3-image-300x169.jpg 300w, https:\/\/www.radiopiu.net\/wordpress\/wp-content\/uploads\/2018\/12\/MIG-2018-grande-commozione-di-Franco-Cesare-Puglisi-per-i-40-anni-di-carriera-mp3-image.jpg 320w\" sizes=\"auto, (max-width: 300px) 100vw, 300px\" \/><\/a><\/strong><\/p>\n<p>&nbsp;<\/p>\n<p>&nbsp;<\/p>\n<p><strong>LONGARONE\u00a0<\/strong> Consegna del riconoscimento da parte di Longarone Fiere Dolomiti e del Comune di Longarone a Franco Cesare Puglisi con i pi\u00f9 sentiti ringraziamenti e la pi\u00f9 viva riconoscenza per i suoi 40 ANNI di carriera e di grande impegno nel mondo editoriale del gelato artigianale. La consegna nell&#8217;ambito dell&#8217;inaugurazione della Mig (Mostra Internazionale del Gelato)<\/p>\n<audio class=\"wp-audio-shortcode\" id=\"audio-68327-15\" preload=\"none\" style=\"width: 100%;\" controls=\"controls\"><source type=\"audio\/mpeg\" src=\"http:\/\/www.radiopiu.net\/wordpress\/wp-content\/uploads\/2018\/12\/MIG-2018-grande-commozione-di-Franco-Cesare-Puglisi-per-i-40-anni-di-carriera.mp3?_=15\" \/><a href=\"http:\/\/www.radiopiu.net\/wordpress\/wp-content\/uploads\/2018\/12\/MIG-2018-grande-commozione-di-Franco-Cesare-Puglisi-per-i-40-anni-di-carriera.mp3\">http:\/\/www.radiopiu.net\/wordpress\/wp-content\/uploads\/2018\/12\/MIG-2018-grande-commozione-di-Franco-Cesare-Puglisi-per-i-40-anni-di-carriera.mp3<\/a><\/audio>\n<p>&nbsp;<\/p>\n<p>&nbsp;<\/p>\n<p>&nbsp;<\/p>\n<p>&nbsp;<\/p>\n<h1>COMMOZIONE ITALO-BRASILIANA NEL VIAGGIO DEI BELLUNESI E AGORDINI.<\/h1>\n<blockquote><p><em>Moreno De Val, sindaco di San Tomaso\u00a0A parte l&#8217;intonazione qui ci si commuove<\/em><\/p><\/blockquote>\n<p>&nbsp;<\/p>\n<div style=\"width: 640px;\" class=\"wp-video\"><video class=\"wp-video-shortcode\" id=\"video-68327-1\" width=\"640\" height=\"352\" preload=\"metadata\" controls=\"controls\"><source type=\"video\/mp4\" src=\"http:\/\/www.radiopiu.net\/wordpress\/wp-content\/uploads\/2018\/12\/BRASILE.mp4?_=1\" \/><a href=\"http:\/\/www.radiopiu.net\/wordpress\/wp-content\/uploads\/2018\/12\/BRASILE.mp4\">http:\/\/www.radiopiu.net\/wordpress\/wp-content\/uploads\/2018\/12\/BRASILE.mp4<\/a><\/video><\/div>\n<h1>DUNIO PICCOLIN, OPERE E AUGURI<\/h1>\n<p>&nbsp;<\/p>\n<div style=\"width: 640px;\" class=\"wp-video\"><video class=\"wp-video-shortcode\" id=\"video-68327-2\" width=\"640\" height=\"352\" preload=\"metadata\" controls=\"controls\"><source type=\"video\/mp4\" src=\"http:\/\/www.radiopiu.net\/wordpress\/wp-content\/uploads\/2018\/12\/DUNIO.mp4?_=2\" \/><a href=\"http:\/\/www.radiopiu.net\/wordpress\/wp-content\/uploads\/2018\/12\/DUNIO.mp4\">http:\/\/www.radiopiu.net\/wordpress\/wp-content\/uploads\/2018\/12\/DUNIO.mp4<\/a><\/video><\/div>\n<p>&nbsp;<\/p>\n<p>&nbsp;<\/p>\n<p>&nbsp;<\/p>\n<p>&nbsp;<\/p>\n<h1>LE AZIENDE DELL\u2019OCCHIALE IMPEGNATE\u00a0 IN TRE IMPORTANTI APPUNTAMENTI IN PAESI EXTRA UE<\/h1>\n<blockquote>\n<h3>L\u2019occhiale made in Italy a Miami, Dubai e Hong Kong<\/h3>\n<\/blockquote>\n<p><strong><a class=\"dt-pswp-item\" href=\"http:\/\/www.radiopiu.net\/wordpress\/wp-content\/uploads\/2016\/04\/occhiali-occhialeria.jpg\" data-dt-img-description=\"\" data-large_image_width=\"780\" data-large_image_height=\"520\"><img loading=\"lazy\" decoding=\"async\" class=\"size-medium wp-image-18187 alignleft\" src=\"http:\/\/www.radiopiu.net\/wordpress\/wp-content\/uploads\/2016\/04\/occhiali-occhialeria-300x200.jpg\" alt=\"\" width=\"300\" height=\"200\" \/><\/a>BELLUNO\u00a0<\/strong>\u00a0 Un mese intenso per le aziende del Distretto dell\u2019Occhiale che hanno partecipato a tre importanti manifestazioni per far conoscere ed apprezzare l\u2019occhiale made in Italy in mercati importanti e di riferimento per il settore, come Stati Uniti e Canada, Centro e Sud America, Asia, Sud-est Asiatico, Australia, Nuova Zelanda, e Paesi Arabi. ANFAO (Associazione Nazionale Fabbricanti Articoli Ottici) ed ICE &#8211; Agenzia per la promozione all\u2019estero e l\u2019internazionalizzazione delle imprese italiane hanno coinvolto le aziende italiane in tre importanti eventi fieristici: il primo dei quali \u00e8 stata\u00a0\u00a0 una mostra autonoma di occhialeria con incontri professionali dedicata alla promozione dell&#8217;occhialeria italiana verso gli operatori provenienti da tutto il continente americano che si \u00e8 svolta a Miami il 22 e 23 ottobre e alla quale hanno partecipato 30 aziende italiane, 13 delle quali appartengono al Distretto dell\u2019Occhiale bellunese. Dal 7 al 9 novembre, poi, un gruppo di aziende italiane ha partecipato alla Hong Kong Optical Fair che da anni rappresenta un appuntamento ormai consolidato per\u00a0 il settore. La collettiva, composta da 22 aziende italiane delle quali 12 fanno parte del Distretto Occhialeria bellunese, ha avuto a disposizione uno spazio espositivo con un lay-out rinnovato e un allestimento di maggiore impatto.\u00a0Il Dubai World Trade Centre ha, invece, ospitato dal 13 al 15 novembre la Dubai Optical Show Vision-X 2018 una tre giorni in cui l\u2019attenzione si \u00e8 concentrata sull\u2019aspetto \u201cmoda\u201d della supply chain. Le 20 aziende italiane, 10 delle quali appartengono al Distretto dell\u2019occhiale bellunese, hanno portato\u00a0 a Dubai l\u2019eccellenza del Made in Italy al fine di attirare l\u2019attenzione dei nomi pi\u00f9 importanti del settore e presentarsi ai mercati di Paesi chiave come Arabia Saudita, Iran, Libano, Kuwait e India.\u00a0 Nadia Zampol, delegata ANFAO e SIPAO per l\u2019internazionalizzazione, sottolinea: \u00abIl mercato dell&#8217;occhialeria italiana \u00e8 caratterizzato dalla forte propensione all&#8217;export e i Paesi che hanno ospitato questi importanti eventi fieristici apprezzano sempre di pi\u00f9 il nostro made in Italy. Grazie al sostegno sia in termini economici che organizzativi di ICE\/ANFAO, le aziende del Distretto hanno potuto partecipare alle collettive ricevendo un buon posizionamento dello stand, un servizio professionale e un allestimento molto curato. Senza considerare che concentrare la presenza delle imprese italiane in un\u2019unica area offre al visitatore e ai buyer un\u2019immagine pi\u00f9 forte e di impatto\u00bb.<\/p>\n<p>&nbsp;<\/p>\n<p>&nbsp;<\/p>\n<p>&nbsp;<\/p>\n<p>&nbsp;<\/p>\n<h1>MOBILITA&#8217; BELLUNESE, LA RIFLESSIONE DI VIVAIO DOLOMITI<\/h1>\n<blockquote><p>Dispiace vedere che ancora una volta non c&#8217;\u00e8 coesione fra i sindaci del territorio. Non c&#8217;\u00e8 mai stata sul percorso del trenino delle Dolomiti (Val del Boite, Val d&#8217;Ansiei, inventiamoci un terzo tracciato. Aspettiamo il quarto ormai). La realt\u00e0 \u00e8 che non c&#8217;\u00e8 una visione strategica sullo sviluppo del territorio. Treno e autostrada, lo ribadiamo per l&#8217;ennesima volta, sono due infrastrutture completamente diverse, e fare l&#8217;una non esclude assolutamente l&#8217;altra, come si continua a voler sostenere (da parte di alcuni). Il Bellunese ha estremo bisogno di uno sbocco a Nord, come sostiene e certifica anche un ente autorevole come la Cgia di Mestre. Il treno non garantir\u00e0 alcuna soluzione al problema dello spopolamento delle nostre vallate, un dramma da contrastare al pi\u00f9 presto se non vogliamo che il Bellunese muoia definitivamente, n\u00e9 aiuter\u00e0 le attivit\u00e0 del nstro territorio a sopravvivere. L&#8217;autostrada non sarebbe affatto una via di fuga verso il centro Europa, come sostiene ancora qualcuno. Tutt&#8217;altro. La stessa Cgia di Mestre (il cui studio sul Bellunese era stato commissionato dalla Provincia, non da Vivaio Dolomiti)certifica che darebbe valore aggiunto ai territori da essa attraversati. Prima di citare la Convenzione delle Alpi, aggiungiamo, bisognerebbe leggerla in tutte le sue parti. Ricordiamo anche che sono stati usati i soldi del Fondo Comuni di confine per il trenino delle Dolomiti in quanto Trenitalia si \u00e8 rifiutata di spendere denaro per studi su un progetto che \u00e8 ritenuto insostenibile. Disorienta infine vedere che gruppi politici e non solo che in Piemonte lottano contro la Tav (UN TRENO TRANSFRONTALIERO), sostenendo che il futuro della mobilit\u00e0 va su gomma, nel nostro territorio invece esprimono concetti diametralmente opposti. Comprendiamo ed \u00e8 lecito che ognuno tifi per il proprio sport, ma fra infrastruttura stradale e ferrovia c&#8217;\u00e8 la stessa differenza che passa fra il calcio e le bocce. Con rispetto per entrambi, ovviamente, si comprender\u00e0 che i due sport muovono economie completamente diverse.<\/p><\/blockquote>\n<p>&nbsp;<\/p>\n<p>&nbsp;<\/p>\n<p>&nbsp;<\/p>\n<p>&nbsp;<\/p>\n<h1>VENERD\u00cc 7 DICEMBRE INIZIA LA STAGIONE DELLO SCI NELLA SKI AREA ALPE LUSIA\/SAN PELLEGRINO<\/h1>\n<blockquote>\n<h3>Aperti i collegamenti Alpe Lusia-Bellamonte e Passo San Pellegrino-Falcade<\/h3>\n\n\t\t\t<style type='text\/css'>\n\t\t\t\t#gallery-2 {\n\t\t\t\t\tmargin: auto;\n\t\t\t\t}\n\t\t\t\t#gallery-2 .gallery-item {\n\t\t\t\t\tfloat: left;\n\t\t\t\t\tmargin-top: 10px;\n\t\t\t\t\ttext-align: center;\n\t\t\t\t\twidth: 33%;\n\t\t\t\t}\n\t\t\t\t#gallery-2 img {\n\t\t\t\t\tborder: 2px solid #cfcfcf;\n\t\t\t\t}\n\t\t\t\t#gallery-2 .gallery-caption {\n\t\t\t\t\tmargin-left: 0;\n\t\t\t\t}\n\t\t\t\t\/* see gallery_shortcode() in wp-includes\/media.php *\/\n\t\t\t<\/style>\n\t\t<div id='gallery-2' class='dt-gallery-container gallery galleryid-68327 gallery-columns-3 gallery-size-thumbnail'><dl class='gallery-item'>\n\t\t\t\t<dt class='gallery-icon landscape'>\n\t\t\t\t\t<a class=\"rollover\" href='https:\/\/www.radiopiu.net\/wordpress\/giornale-radiopiu-05-dicembre-2018-direttore-mirko-mezzacasa\/panorama-alpe-lusia-san-pellegrino\/'><img loading=\"lazy\" decoding=\"async\" width=\"150\" height=\"150\" src=\"https:\/\/www.radiopiu.net\/wordpress\/wp-content\/uploads\/2018\/12\/panorama-Alpe-Lusia-San-Pellegrino-150x150.jpg\" class=\"attachment-thumbnail size-thumbnail\" alt=\"\" \/><\/a>\n\t\t\t\t<\/dt><\/dl><dl class='gallery-item'>\n\t\t\t\t<dt class='gallery-icon landscape'>\n\t\t\t\t\t<a class=\"rollover\" href='https:\/\/www.radiopiu.net\/wordpress\/giornale-radiopiu-05-dicembre-2018-direttore-mirko-mezzacasa\/alpe-lusia-2\/'><img loading=\"lazy\" decoding=\"async\" width=\"150\" height=\"150\" src=\"https:\/\/www.radiopiu.net\/wordpress\/wp-content\/uploads\/2018\/12\/Alpe-Lusia-150x150.jpg\" class=\"attachment-thumbnail size-thumbnail\" alt=\"\" \/><\/a>\n\t\t\t\t<\/dt><\/dl><dl class='gallery-item'>\n\t\t\t\t<dt class='gallery-icon landscape'>\n\t\t\t\t\t<a class=\"rollover\" href='https:\/\/www.radiopiu.net\/wordpress\/giornale-radiopiu-05-dicembre-2018-direttore-mirko-mezzacasa\/dav-70\/'><img loading=\"lazy\" decoding=\"async\" width=\"150\" height=\"150\" src=\"https:\/\/www.radiopiu.net\/wordpress\/wp-content\/uploads\/2018\/12\/pistaLa-VolatA_Passo-San-Pellegrino-150x150.jpg\" class=\"attachment-thumbnail size-thumbnail\" alt=\"\" \/><\/a>\n\t\t\t\t<\/dt><\/dl><br style=\"clear: both\" \/>\n\t\t\t<\/div>\n<\/blockquote>\n<p>\u00c9 arrivato il momento tanto atteso dagli appassionati dello sci: venerd\u00ec 7 dicembre inizier\u00e0 ufficialmente la stagione invernale 2018\/2019 nel comprensorio Alpe Lusia\/San Pellegrino a cavallo tra la Val di Fassa e la Provincia di Belluno nel cuore del Dolomiti Superski. Per il weekend dell&#8217;Immacolata si potr\u00e0 sciare sulle piste di Moena-Alpe Lusia, Passo San Pellegrino e Falcade con ben 16 impianti di risalita in funzione, 3 campi scuola e tutti i collegamenti aperti, oltre a\u00a0numerosi rifugi dove fermarsi per una gustosa sosta tra una discesa e l&#8217;altra. La principale novit\u00e0 a disposizione degli sciatori \u00e8 l\u2019App Lusia-Sanpe, un\u2019applicazione moderna ed accattivante scaricabile gratuitamente da Google Play e App Store che, grazie all\u2019avanzata tecnologia Skitude, fornisce informazioni sul comprensorio e sulle piste, con meteo e webcam sempre a portata di mano, registrando tutte le attivit\u00e0 svolte, discese, velocit\u00e0 e altitudini, oltre a proporre statistiche personalizzate e permettere di ricostruire le proprie performance e geolocalizzare gli amici. Funzioni utili e divertenti per un\u2019esperienza sugli sci ancora pi\u00f9 coinvolgente! L\u2019Alpe Lusia\/San Pellegrino \u00e8 un\u2019ottima scelta soprattutto per i giovani e le famiglie. I bambini, in particolare, hanno a disposizione numerose aree dedicate interamente a loro con giochi, attivit\u00e0 e sfide sulla neve dove divertirsi in piena sicurezza e prendere confidenza un po\u2019 alla volta con gli sci. Un\u2019offerta ulteriormente rafforzata con l\u2019ampliamento del campo scuola di Le Buse, facilmente raggiungibile in cabinovia da Falcade, che \u00e8 stato dotato di una nuova sciovia, un lungo tapis roulant e un\u2019ampia area primi passi dove far pratica e sperimentare in totale sicurezza le prime emozionanti discese. Sempre in un\u2019ottica family friendly anche la pista Le Cune, che funge da collegamento strategico tra l\u2019Alpe Lusia e Bellamonte, \u00e8 stata addolcita e resa fruibile ai principianti. Per quanto riguarda gli eventi, invece, grande protagonista dell&#8217;inverno sar\u00e0, ancora una volta, la pista La VolatA che dalla cima del Col Margherita (2514 m) scende al Passo San Pellegrino (1918 m) con un tracciato adrenalinico fatto di curve e pendenze che sfiorano il 48%. Il primo appuntamento da non perdere \u00e8 in programma venerd\u00ec 21 e sabato 22 dicembre con i &#8220;Masters Day&#8221;, due giornate di test materiali e attrezzatura Nordica con l\u2019ex sciatore alpino sloveno Jure Ko\u0161ir, specialista delle prove tecniche e vincitore di una medaglia olimpica e di tre gare di Coppa del Mondo, come\u00a0special guest e trainer d\u2019eccezione.<\/p>\n<p>&nbsp;<\/p>\n<p>&nbsp;<\/p>\n<p>&nbsp;<\/p>\n<h1 class=\"entry-title\">MINORI: IPERCONNESSI, MA LEGGONO POCO E FANNO POCO SPORT, ASSESSORE LANZARIN, \u201cOLTRE A SCUOLA E FAMIGLIA, SERVE INVESTIRE IN NUOVE OCCASIONI DI SOCIALIT\u00c0 E DI IMPEGNO PER CONTRASTARE POVERT\u00c0 EDUCATIVA\u201d<\/h1>\n<blockquote class=\"wp-embedded-content\" data-secret=\"NWwHpKmgHy\"><p><a href=\"http:\/\/www.radiopiu.net\/wordpress\/minori-iperconnessi-ma-leggono-poco-e-fanno-poco-sport-assessore-lanzarin-oltre-a-scuola-e-famiglia-serve-investire-in-nuove-occasioni-di-socialita-e-di-impegno-per-contrastare-poverta\/\">MINORI: IPERCONNESSI, MA LEGGONO POCO E FANNO POCO SPORT,  ASSESSORE LANZARIN, \u201cOLTRE A SCUOLA E FAMIGLIA, SERVE INVESTIRE IN NUOVE OCCASIONI DI SOCIALIT\u00c0 E DI IMPEGNO PER CONTRASTARE POVERT\u00c0 EDUCATIVA\u201d<\/a><\/p><\/blockquote>\n<p><iframe loading=\"lazy\" class=\"wp-embedded-content\" sandbox=\"allow-scripts\" security=\"restricted\" style=\"position: absolute; clip: rect(1px, 1px, 1px, 1px);\" src=\"http:\/\/www.radiopiu.net\/wordpress\/minori-iperconnessi-ma-leggono-poco-e-fanno-poco-sport-assessore-lanzarin-oltre-a-scuola-e-famiglia-serve-investire-in-nuove-occasioni-di-socialita-e-di-impegno-per-contrastare-poverta\/embed\/#?secret=NWwHpKmgHy\" data-secret=\"NWwHpKmgHy\" width=\"600\" height=\"338\" title=\"&#8220;MINORI: IPERCONNESSI, MA LEGGONO POCO E FANNO POCO SPORT,  ASSESSORE LANZARIN, \u201cOLTRE A SCUOLA E FAMIGLIA, SERVE INVESTIRE IN NUOVE OCCASIONI DI SOCIALIT\u00c0 E DI IMPEGNO PER CONTRASTARE POVERT\u00c0 EDUCATIVA\u201d&#8221; &#8212; Radio Pi\u00f9\" frameborder=\"0\" marginwidth=\"0\" marginheight=\"0\" scrolling=\"no\"><\/iframe><\/p>\n<p>&nbsp;<\/p>\n<p>&nbsp;<\/p>\n<p>&nbsp;<\/p>\n<h1>RICCO PROGRAMMA DI EVENTI IN MARMOLADA PER LE FESTIVIT\u00c0 NATALIZIE<\/h1>\n\n\t\t\t<style type='text\/css'>\n\t\t\t\t#gallery-3 {\n\t\t\t\t\tmargin: auto;\n\t\t\t\t}\n\t\t\t\t#gallery-3 .gallery-item {\n\t\t\t\t\tfloat: left;\n\t\t\t\t\tmargin-top: 10px;\n\t\t\t\t\ttext-align: center;\n\t\t\t\t\twidth: 33%;\n\t\t\t\t}\n\t\t\t\t#gallery-3 img {\n\t\t\t\t\tborder: 2px solid #cfcfcf;\n\t\t\t\t}\n\t\t\t\t#gallery-3 .gallery-caption {\n\t\t\t\t\tmargin-left: 0;\n\t\t\t\t}\n\t\t\t\t\/* see gallery_shortcode() in wp-includes\/media.php *\/\n\t\t\t<\/style>\n\t\t<div id='gallery-3' class='dt-gallery-container gallery galleryid-68327 gallery-columns-3 gallery-size-thumbnail'><dl class='gallery-item'>\n\t\t\t\t<dt class='gallery-icon landscape'>\n\t\t\t\t\t<a class=\"rollover\" href='https:\/\/www.radiopiu.net\/wordpress\/giornale-radiopiu-05-dicembre-2018-direttore-mirko-mezzacasa\/borgo-sottoguda\/'><img loading=\"lazy\" decoding=\"async\" width=\"150\" height=\"150\" src=\"https:\/\/www.radiopiu.net\/wordpress\/wp-content\/uploads\/2018\/12\/borgo-Sottoguda-150x150.jpg\" class=\"attachment-thumbnail size-thumbnail\" alt=\"\" \/><\/a>\n\t\t\t\t<\/dt><\/dl><dl class='gallery-item'>\n\t\t\t\t<dt class='gallery-icon landscape'>\n\t\t\t\t\t<a class=\"rollover\" href='https:\/\/www.radiopiu.net\/wordpress\/giornale-radiopiu-05-dicembre-2018-direttore-mirko-mezzacasa\/nadel-ite-i-tabiei-esterno_2018\/'><img loading=\"lazy\" decoding=\"async\" width=\"150\" height=\"150\" src=\"https:\/\/www.radiopiu.net\/wordpress\/wp-content\/uploads\/2018\/12\/Nadel-ite-i-tabiei-Esterno_2018-150x150.jpg\" class=\"attachment-thumbnail size-thumbnail\" alt=\"\" \/><\/a>\n\t\t\t\t<\/dt><\/dl><dl class='gallery-item'>\n\t\t\t\t<dt class='gallery-icon landscape'>\n\t\t\t\t\t<a class=\"rollover\" href='https:\/\/www.radiopiu.net\/wordpress\/giornale-radiopiu-05-dicembre-2018-direttore-mirko-mezzacasa\/marmolada_sottoguda\/'><img loading=\"lazy\" decoding=\"async\" width=\"150\" height=\"150\" src=\"https:\/\/www.radiopiu.net\/wordpress\/wp-content\/uploads\/2018\/12\/Marmolada_Sottoguda-150x150.jpg\" class=\"attachment-thumbnail size-thumbnail\" alt=\"\" \/><\/a>\n\t\t\t\t<\/dt><\/dl><br style=\"clear: both\" \/>\n\t\t\t<\/div>\n\n<p><strong>R\u00a0OCCA PIETORE\u00a0<\/strong>La Regina delle Dolomiti \u00e8 pronta a dare il via alla stagione invernale 2018\/2019 con un ricco programma di eventi. Nonostante l&#8217;apertura degli impianti di risalita sia stata posticipata al 12 dicembre, neve permettendo, gi\u00e0 a partire dal\u00a0weekend dell&#8217;Immacolata la Marmolada offrir\u00e0 ai suoi ospiti numerose proposte coinvolgenti per scoprire l&#8217;arte e la cultura della Val Pettorina. Quello delle festivit\u00e0 natalizie \u00e8 sicuramente il periodo pi\u00f9 suggestivo per visitare i caratteristici paesini ai piedi della Marmolada: Rocca Pietore, a cui il Touring Club Italiano ha recentemente assegnato la Bandiera Arancione, marchio di qualit\u00e0 turistico-ambientale che certifica le localit\u00e0 che non solo godono di un patrimonio storico, culturale e ambientale di pregio, ma sanno offrire anche un\u2019accoglienza di qualit\u00e0, e Sottoguda, uno dei Borghi pi\u00f9 Belli d&#8217;Italia dove il tempo sembra essersi fermato e, camminando tra gli antichi tabi\u00e8, gli stretti vicoli e le botteghe artigiane del centro, si pu\u00f2 respirare un&#8217;atmosfera davvero magica. Ecco gli appuntamenti da non perdere: DAL 6 DICEMBRE 2018 AL 6 GENNAIO 2019\u00a0 EL CIANTON DE NADEL Percorso alla scoperta della creativit\u00e0 degli abitanti del Comune di Rocca Pietore nell\u2019elaborare addobbi in tema natalizio all&#8217;esterno delle proprie abitazioni. DAL 12 DICEMBRE 2018 AL 7 APRILE 2019\u00a0 VISITE GUIDATE AL MUSEO MARMOLADA GRANDE GUERRA 3000 M. 15 DICEMBRE\u00a0 \u00a0CONCERTO DI NATALE Speciale esibizione del Coro Femminile Col di Lana insieme al Coro Val Biois presso la Chiesa Parrocchiale di Santa Maria Maddalena a Rocca Pietore. Inizio alle ore 20:45. Il ricavato dell\u2019iniziativa sar\u00e0 devoluto alle associazioni di volontariato del Comune di Rocca Pietore. DAL 23 AL 30 DICEMBRE 2018\u00a0 NATALE NEI FIENILI Esposizione e vendita di prodotti tipici in una location a dir poco originale che vi far\u00e0 respirare appieno l\u2019atmosfera natalizia: i tipici fienili di Sottoguda \u2013 uno dei Borghi pi\u00f9 Belli d\u2019Italia.<\/p>\n<p>&nbsp;<\/p>\n<p>&nbsp;<\/p>\n<p>&nbsp;<\/p>\n<p>&nbsp;<\/p>\n<h1>UN MONUMENTO PER MASSIMO FACCHIN<\/h1>\n<p><strong>BELLUNO<\/strong> Una S. Barbara davanti al monumento al mulo e al suo conducente per la prima volta senza il suo autore, Massimo Facchin, scomparso qualche giorno fa. Ieri la cerimonia si \u00e8 tenuta, come di consueto, nei giardini di piazzale Vittime delle foibe alla presenza di parecchie delegazioni con labaro di associazioni combattentistiche e d\u2019arma provenienti anche da fuori provincia. L\u2019incontro \u00e8 stato aperto dall\u2019alzabandiera e dalla posa di una corona d\u2019alloro al monumento. Successivamente nel loro saluto il presidente della Sezione provinciale artiglieri Costante Fontana e il suo collega dell\u2019Associazione dei genieri trasmettitori Damiano Scairato si sono richiamati alla comune patrona vergine di Nicomedia quale esempio di fortezza e ai loro rispettivi sodalizi entrambi impegnati a portare avanti valori fondanti per la civile coesistenza delle comunit\u00e0. Per il sindaco Jacopo Massaro la stessa S. Barbara \u00e8 stata anche idealmente protettrice dei nostri territori in occasione della recente calamit\u00e0 a seguito della quale il volontariato sceso in campo ha dimostrato medesima forza d\u2019animo, grande efficienza ed amore per il territorio. Per la rituale allocuzione il giornalista Dino Bridda ha ricordato la presenza del Genio nei teatri d\u2019operazione della Grande Guerra dove furono dispiegate tutte le specialit\u00e0 dell\u2019Arma a supporto di altre Armi e Corpi e fu realizzato un numero notevole di opere viarie e per le comunicazioni in gran parte determinanti per la linea difensiva del Grappa e per la battaglia finale di Vittorio Veneto. La mattinata si \u00e8 conclusa nella chiesa di S. Stefano dove il parroco don Lorenzino Menia ha celebrato la messa nel corso della quale sono state recitate le preghiere dell\u2019artigliere e del caduto in guerra del Genio e delle Trasmissioni.<\/p>\n<p>&nbsp;<\/p>\n<p>&nbsp;<\/p>\n<p>&nbsp;<\/p>\n<p>&nbsp;<\/p>\n<h1>DAL GRUPPO PROGETTO UOMO RINNOVATO IMPEGNO DI RETE<\/h1>\n<blockquote>\n<h3>Promozione sociale e rilancio del lavoro<\/h3>\n<\/blockquote>\n<p><strong>BELLUNO\u00a0<\/strong> Per Il Gruppo della Fondazione Progetto Uomo del Ceis di Belluno \u00e8 il tempo dei bilanci, tipico per periodo di S. Martino e il dopo, che quest\u2019anno si presenta con una provincia devastata eppure capace di esprimere una \u201cmontagna di solidariet\u00e0\u201d. Anche il Gruppo ha avuto difficolt\u00e0 e danni, con l\u2019abbattimento di alberi e assenza per pi\u00f9 giorni di energia, telefoni, acqua e intralci nelle strade e localit\u00e0 dove operano i dipendenti e gli utenti, nelle comunit\u00e0 di Crede e di Cet. Questo lo ha spinto a maggior impegno nel servizio di accoglienza, formazione e avvio al lavoro delle persone in difficolt\u00e0. E sta dotandosi delle strutture operative adeguate. Tra esse il sottentro nella gestione dell\u2019hotel \u201cda Benito\u201d di Ponte nelle Alpi, dando continuit\u00e0 alla gestione. Subito ha impiegato nei lavori di servizio e adeguamento persone nel disagio e in accompagnamento lavorativo. Per il rilancio infatti l\u2019hotel ha dovuto sistemare la cucina, in vista del riavvio, secondo le regole attuali, sia del ristorante come sar\u00e0 del bar. Ci\u00f2 si \u00e8 reso possibile grazie a un finanziamento bancario, che ha riconosciuto i fini sociali dell\u2019operazione di sottentro, anche perch\u00e9 la coop Cosomi del gruppo Ceis, ha dovuto lasciare altre gestioni con ristorazione. Il settore della ristorazione e dell\u2019accoglienza \u00e8 quello che maggiormente si presta alla formazione e all\u2019accompagnamento lavorativo delle persone che si rivolgono in via Rugo 21, in richiesta di sostegno e aiuto. L\u2019intera attivit\u00e0 del Gruppo si sta ampliando e consolidando, con particolare cura nella formazione al lavoro. Il 26 a Belluno, il 27 a Feltre, il 28 novembre ad Agordo hanno preso avvio i corsi per Operatore socio sanitario (Oss), nelle sedi di Belluno, Feltre e Agordo, che sono affidati all\u2019Organismo di Formazione Accreditato del Ceis e vedono la presenza di 71 corsisti. Come Ente accreditato dalla Regione per i Servizi al Lavoro, ogni giorno mette a disposizione una segreteria e una psicoterapeuta dedicata, specializzata nella consulenza al lavoro, per tutti coloro che hanno perso la propria attivit\u00e0 e sono alla ricerca di soluzioni. Nell\u2019ultimo mese hanno ricevuto il servizio, in media, 4 persone al giorno, che hanno ricevuto ascolto sui loro problemi e la loro situazione personale per tutto il tempo necessario. Dall\u2019inizio dell\u2019anno hanno usufruito circa 70 persone, alcune con colloqui durati, in giorni diversi ovviamente, anche 20 ore.\u00a0 Sono tra l\u2019altro in corso incontri e stage di riqualificazione, secondo vari progetti regionali con i fondi europei, applicati in partenariato con altri enti e associazioni, che hanno visto la presenza di 23 persone a progetto e 44 persone con disabilit\u00e0. La funzione sociale ovviamente continua con l\u2019accoglienza e i percorsi di comunit\u00e0 di soggetti caduti nella dipendenza, che nella fase del rientro sociale prevede proprio formazione e avviamento al lavoro. Il Gruppo del Ceis si \u00e8 specializzato proprio in questo indirizzo, oltre alla terapia, secondo una tradizione di passione per il lavoro tipica del bellunese.<\/p>\n<p>&nbsp;<\/p>\n<p>&nbsp;<\/p>\n<p>&nbsp;<\/p>\n<p>&nbsp;<\/p>\n<p>&nbsp;<\/p>\n<h1><a class=\"dt-pswp-item\" href=\"http:\/\/www.radiopiu.net\/wordpress\/wp-content\/uploads\/2018\/09\/appuntamenti.jpeg\" data-dt-img-description=\"\" data-large_image_width=\"800\" data-large_image_height=\"100\"><img loading=\"lazy\" decoding=\"async\" class=\"alignnone wp-image-61958 size-full\" src=\"http:\/\/www.radiopiu.net\/wordpress\/wp-content\/uploads\/2018\/09\/appuntamenti.jpeg\" alt=\"\" width=\"800\" height=\"100\" srcset=\"https:\/\/www.radiopiu.net\/wordpress\/wp-content\/uploads\/2018\/09\/appuntamenti.jpeg 800w, https:\/\/www.radiopiu.net\/wordpress\/wp-content\/uploads\/2018\/09\/appuntamenti-300x38.jpeg 300w, https:\/\/www.radiopiu.net\/wordpress\/wp-content\/uploads\/2018\/09\/appuntamenti-768x96.jpeg 768w\" sizes=\"auto, (max-width: 800px) 100vw, 800px\" \/><\/a><\/h1>\n<h1><\/h1>\n<h1>COLITI E DINTORNI<\/h1>\n<blockquote>\n<h3><em>oggi alle 18.00<\/em><\/h3>\n<\/blockquote>\n<p><strong>FELTRE. <\/strong>Alle 18 nella sala convegni dell\u2019ospedale di Feltre si parler\u00e0 di coliti con il gastroenterologo Andrea Buda. Il termine generico colite viene spesso utilizzato in modo improprio per indicare sintomi o alterazioni della funzione intestinale. Questi sintomi, che influenzano in maniera importante la vita quotidiana, spesso non riconoscono una vera e propria infiammazione del colon ma sono condivisi da malattie diverse dell\u2019apparato digerente. Un corretto riconoscimento delle cause ed un efficace rapporto medico-paziente, sia con il curante di medicina generale che lo specialista, sono le basi per una terapia personalizzata che oggi sappiamo non si giova solo di farmaci.<\/p>\n<p>&nbsp;<\/p>\n<p>&nbsp;<\/p>\n<h1>INCONTRO SUL TUMORE ALLA PROSTATA CON L&#8217;ASSOCIAZIONE DOLOMITI UOMO<\/h1>\n<p><strong>BELLUNO<\/strong>\u00a0Domani alle 18 in sala Luciani al centro congressi Giovanni XXIII \u00e8 in programma l&#8217;incontro \u201cTumore alla prostata: \u00e8 sempre necessario operare?\u201d organizzato dal comitato scientifico dell&#8217;associazione per l&#8217;informazione sulle patologie prostatiche \u201cDolomiti Uomo\u201d. Intervengono Fable Zustovich (direttori Uoc Oncologia di Belluno), Massimo Meneguolo e Daniele Xausa (direttori Uoc Urologia di Belluno e Feltre), Filippo De Renzi (dirigente medico Uoc radioterapia di Belluno) e Gianelda Ferro Catello (direttrice del Consultorio familiare). I temi trattati saranno il tumore prostatico, la prostatectomia radicale e la radioterapia con intento radicale, la sorveglianza attiva e la qualit\u00e0 della vita, infine le psicodinamiche post diagnosi. Modera Pierluigi Svaluto Moreolo.<\/p>\n<p>&nbsp;<\/p>\n<p>&nbsp;<\/p>\n<p>&nbsp;<\/p>\n<h1>SAN NICOLO&#8217; TRA I BAMBINI<\/h1>\n<p><strong>CAVIOLA DI FALCADE<\/strong> Oggi arriva San Nicolo&#8217; con la proloco di Caviola (collabora la Parrocchia), alle 17 alla Casa della Giovent\u00f9 di Caviola con i doni per i bambini.<\/p>\n<p>&nbsp;<\/p>\n<p>&nbsp;<\/p>\n<h1>DA SEDICO TEATRO PER GLI ALLUVIONATI<\/h1>\n<p><strong>SEDICO<\/strong> Venerdi alle 20.45 alla casa della Dottrina di Sedico serata teatrale con la compagnia &#8220;Le pubbliche bugie&#8221; che presenta la commedia &#8220;La cena delle bugie&#8221; per la regia di Paolo Martinazzo. Ingresso ad offerta libera che sar\u00e0 devoluto alle popolazioni colpite dall&#8217;alluvione di fine ottobre<\/p>\n<p>&nbsp;<\/p>\n<p>&nbsp;<\/p>\n<h1>20 ANNI DELL&#8217;ARCA CON I VOLUMI &#8220;NOTIZIARI&#8221;<\/h1>\n<p><strong>AGORDO<\/strong> Sabato alle 17 all&#8217;Auditorium Vincenzo Savio il Gruppo Archeologico Agordino Arca in occasione del ventennale dalla sua fondazione presenter\u00e0 il libro &#8220;Notiziari&#8221;, 40 opuscoli che hanno accompagnato la vita dell&#8217;associazione con gli interventi della dottoressa Chiara D&#8217;inc\u00e0 del professor Gilberto Artioli\u00a0 e della dottoressa\u00a0 Elodia Bianchin,\u00a0 Venerdi alle 15.30 (21.30) sabato alle 16 speciale alla radio con il vice presidente Gabriele Fogliata e il consigliere Manuel Conedera<\/p>\n<p>&nbsp;<\/p>\n<p>&nbsp;<\/p>\n<h1>IL MERCATINO A CAVIOLA<\/h1>\n<p><strong>CAVIOLA DI FALCADE<\/strong> Sabato dalle 10 a Caviola in piazza Mercatino de robe bone e bele, prodotti tipici, artigianato e musica dal vivo<\/p>\n<p>&nbsp;<\/p>\n<p>&nbsp;<\/p>\n<h1>TRA KRAMPUS E SAN NICOLO&#8217;<\/h1>\n<p><strong>VOLTAGO<\/strong> Domenica alle 19 in Piazza a Frassen\u00e8 il gruppo giovani ripropongono l&#8217;evento Krampus, quando il sole scompare dietro le cime dei monti, cedendo il posto alle tenebre, dai boschi pi\u00f9 fitti e dalle valli pi\u00f9 profonde escono degli esseri demoniaci che castigano adulti e bambini&#8230; solo San Nicolo&#8217; riesce a placare la loro ira, ricacciandoli nelle tenebre, da dove sono venuti. Ma solo fino al prossimo anno. Al termine rinfresco offerto dagli alpini. San Nicolo&#8217; e i Krampus \u00e8 una festa di origine celtica, radicata soprattutto in Austria, Germania e nelle zone di cultura ladina. Le due origini si perdono nella notte dei tempi, la leggenda narra che alcuni ragazzi mentre stavano cercando provviste per l&#8217;inverno travestiti da demoni si accorsero di un intruso tra loro: il diavolo. Spaventati chiamarono il vescovo Nicolo&#8217; perche&#8217; li liberasse dal male. Dall&#8217;anno successivo e poi ogni anno fino a noi si organizzano sfilate che ricordano l&#8217;oscuro avvenimento di quel giorno.<\/p>\n<p>&nbsp;<\/p>\n<p>&nbsp;<\/p>\n<p>&nbsp;<\/p>\n<h1>GAV E CARABINIERI A FIANCO DELL&#8217;AIL<\/h1>\n<p><strong><a class=\"dt-pswp-item\" href=\"http:\/\/www.radiopiu.net\/wordpress\/wp-content\/uploads\/2018\/12\/2a83fead-3619-4a86-bf94-049d78c5e7d2.jpg\" data-dt-img-description=\"\" data-large_image_width=\"1200\" data-large_image_height=\"1600\"><img loading=\"lazy\" decoding=\"async\" class=\"size-medium wp-image-68244 alignleft\" src=\"http:\/\/www.radiopiu.net\/wordpress\/wp-content\/uploads\/2018\/12\/2a83fead-3619-4a86-bf94-049d78c5e7d2-225x300.jpg\" alt=\"\" width=\"225\" height=\"300\" srcset=\"https:\/\/www.radiopiu.net\/wordpress\/wp-content\/uploads\/2018\/12\/2a83fead-3619-4a86-bf94-049d78c5e7d2-225x300.jpg 225w, https:\/\/www.radiopiu.net\/wordpress\/wp-content\/uploads\/2018\/12\/2a83fead-3619-4a86-bf94-049d78c5e7d2-768x1024.jpg 768w, https:\/\/www.radiopiu.net\/wordpress\/wp-content\/uploads\/2018\/12\/2a83fead-3619-4a86-bf94-049d78c5e7d2.jpg 1200w\" sizes=\"auto, (max-width: 225px) 100vw, 225px\" \/><\/a>AGORDO <\/strong>I volontari del Gav e L&#8217;Associazione Nazionale Carabinieri saranno in Piazza della Libert\u00e0 per la vendita delle stelle di Natale per l&#8217;Ail nei giorni venerdi, sabato e domenica<strong>.<\/strong><\/p>\n<p>&nbsp;<\/p>\n<p>&nbsp;<\/p>\n<p>&nbsp;<\/p>\n<p>&nbsp;<\/p>\n<h1><\/h1>\n<h1><\/h1>\n<h1><\/h1>\n<h1><\/h1>\n<h1><\/h1>\n<h1><\/h1>\n<p>&nbsp;<\/p>\n<h1>LA GIORNATA NAZIONALE DEL CIECO, FESTA DI SANTA LUCIA<\/h1>\n<p><strong>BELLUNO<\/strong> L\u2019Unione Italiana dei Ciechi e degli Ipovedenti ONLUS APS sezione territoriale di Belluno, in collaborazione con il Movimento Apostolico Ciechi diocesano, organizza la celebrazione della 60^ Giornata Nazionale del Cieco \u2013 Festa di Santa Lucia &#8211; che avr\u00e0 luogo domenica con il seguente programma: 9 Messa nella chiesa parrocchiale di Cavarzano, 10 trasferimento nella sala parrocchiale, saluti del Consiglio Direttivo UICI di Belluno e delle autorit\u00e0 invitate presenti e consegna della Medaglia d\u2019Oro per le Nozze con l\u2019Unione ai soci iscritti da 50 anni,\u00a0\u00a010.30 Intervento della compagnia teatrale \u201cBretelle Lasche\u201d<\/p>\n<p>&nbsp;<\/p>\n<h1>BOSCHI A NATALE A SOSPIROLO<\/h1>\n<p><strong>SOSPIROLO<\/strong> Ritorna la rassegna \u201cBoschi a Natale\u201d di Unpli e Regione Veneto e la data della Pro loco \u201cMonti del Sole\u201d \u00e8 l\u2019unico appuntamento bellunese: si visiter\u00e0 il bosco delle Rosse domenica 9 dicembre con partenza alle 10 a Mis Regolanova presso il bar al Cacciatore. Si tratta di una escursione accompagnati dalle guide naturalistico-ambientale del &#8220;Mazarol&#8221;; un percorso facile ad anello di 2 ore circa, per il quale si raccomandano le scarpe da trekking. Buffet con prodotti locali al termine della manifestazione in localit\u00e0 Gron presso la Casa delle Associazioni. Iscrizioni 5 euro per gli adulti. Bisogna prenotare tre giorni prima al numero 0438 893385; 320 334 2082. Se si hanno difficolt\u00e0 a raggiungere il posto, basta chiamare Francesco al 320 334 2082. Si tratta di una rassegna voluta dalla Regione e dalle Pro Loco del Veneto per far conoscere parchi, oasi e aree naturali attraverso visite guidate e degustazioni di prodotti tipici.<\/p>\n<p>&nbsp;<\/p>\n<p>&nbsp;<\/p>\n<h1>I PRIMI 150 ANNI DEL CAI AGORDO<\/h1>\n<p><strong>AGORDO <\/strong>Il Club Alpino Italiano sezione agordina Armando &#8220;Tama&#8221; Da Roit ha organizzato una serata evento per il 150esimo compleanno della prima sezione del Nord Est, quarta in Italia. Sabato 15 dicembre alle 20.30 in Sala Don Tamis<\/p>\n<p>&nbsp;<\/p>\n<p>&nbsp;<\/p>\n<p>&nbsp;<\/p>\n<p>&nbsp;<\/p>\n<p>&nbsp;<\/p>\n<p>&nbsp;<\/p>\n<p>&nbsp;<\/p>\n<h1><a class=\"dt-pswp-item\" href=\"http:\/\/www.radiopiu.net\/wordpress\/wp-content\/uploads\/2018\/09\/sport.jpg\" data-dt-img-description=\"\" data-large_image_width=\"800\" data-large_image_height=\"100\"><img loading=\"lazy\" decoding=\"async\" class=\"alignnone wp-image-60761 size-full\" src=\"http:\/\/www.radiopiu.net\/wordpress\/wp-content\/uploads\/2018\/09\/sport.jpg\" alt=\"\" width=\"800\" height=\"100\" srcset=\"https:\/\/www.radiopiu.net\/wordpress\/wp-content\/uploads\/2018\/09\/sport.jpg 800w, https:\/\/www.radiopiu.net\/wordpress\/wp-content\/uploads\/2018\/09\/sport-300x38.jpg 300w, https:\/\/www.radiopiu.net\/wordpress\/wp-content\/uploads\/2018\/09\/sport-768x96.jpg 768w\" sizes=\"auto, (max-width: 800px) 100vw, 800px\" \/><\/a><\/h1>\n<h1><\/h1>\n<h1>NUOTO ONDABLU, SODDISFAZIONI DALLA STAFFETTA E DA FABIO GROPPO<\/h1>\n<p><a class=\"dt-pswp-item\" href=\"http:\/\/www.radiopiu.net\/wordpress\/wp-content\/uploads\/2018\/12\/fabio-g.jpg\" data-dt-img-description=\"\" data-large_image_width=\"2048\" data-large_image_height=\"1365\"><img loading=\"lazy\" decoding=\"async\" class=\"alignnone wp-image-68365\" src=\"http:\/\/www.radiopiu.net\/wordpress\/wp-content\/uploads\/2018\/12\/fabio-g-300x200.jpg\" alt=\"\" width=\"387\" height=\"258\" srcset=\"https:\/\/www.radiopiu.net\/wordpress\/wp-content\/uploads\/2018\/12\/fabio-g-300x200.jpg 300w, https:\/\/www.radiopiu.net\/wordpress\/wp-content\/uploads\/2018\/12\/fabio-g-768x512.jpg 768w, https:\/\/www.radiopiu.net\/wordpress\/wp-content\/uploads\/2018\/12\/fabio-g-1024x683.jpg 1024w, https:\/\/www.radiopiu.net\/wordpress\/wp-content\/uploads\/2018\/12\/fabio-g.jpg 2048w\" sizes=\"auto, (max-width: 387px) 100vw, 387px\" \/><\/a><a class=\"dt-pswp-item\" href=\"http:\/\/www.radiopiu.net\/wordpress\/wp-content\/uploads\/2018\/12\/staff-4x50sl.jpg\" data-dt-img-description=\"\" data-large_image_width=\"2048\" data-large_image_height=\"1365\"><img loading=\"lazy\" decoding=\"async\" class=\" wp-image-68366 alignleft\" src=\"http:\/\/www.radiopiu.net\/wordpress\/wp-content\/uploads\/2018\/12\/staff-4x50sl-300x200.jpg\" alt=\"\" width=\"386\" height=\"257\" srcset=\"https:\/\/www.radiopiu.net\/wordpress\/wp-content\/uploads\/2018\/12\/staff-4x50sl-300x200.jpg 300w, https:\/\/www.radiopiu.net\/wordpress\/wp-content\/uploads\/2018\/12\/staff-4x50sl-768x512.jpg 768w, https:\/\/www.radiopiu.net\/wordpress\/wp-content\/uploads\/2018\/12\/staff-4x50sl-1024x683.jpg 1024w, https:\/\/www.radiopiu.net\/wordpress\/wp-content\/uploads\/2018\/12\/staff-4x50sl.jpg 2048w\" sizes=\"auto, (max-width: 386px) 100vw, 386px\" \/><\/a><\/p>\n<p>Finalmente giornata gare svolte alla bella piscina di Rovigo, dopo aver dovuto slittare al 2 dicembre: infatti, normalmente era il primo trofeo veneto della stagione, ma per ritardi dovuti al nuovo portale, la societ\u00e0 organizzatrice ha dovuto annullare la manifestazione. Ma ben riuscito lo slittamento al 2 dicembre. Dieci gli atleti masters Ondablu, che hanno raggiunto il Nuovo Polo Natatorio di Rovigo. Per loro, la prima gara sono le staffette pomeridiane, e ben si comincia con un oro nella 4 x 50 mista categoria master 160, con al dorso Fabio Zuglian, alla rana Emanuela Bittante, al delfino Mara Grelloni e allo stile libero Federico Zampiero. La seconda staffetta a scendere in campo \u00e8 quella maschile con la 4 x50 stile, dove si posiziona al nono posto.La doppietta d&#8217;oro \u00e8 sempre per Giulia Abatangelo sia nei 200 stile che nei 50 rana nella cat.m. 70. a seguire la coach-atleta Mara Grelloni \u00e8 prima nei 200 stile e seconda nei 50 ra cat.m.40, Emanuela Bittante, nella cat.m.50 giunge seconda sia nei 200 stile che 50 rana. L&#8217; unico maschietto a portare a casa medaglie \u00e8 Fabio Groppo , che in mattinata si faceva ben 200 misti, dove saliva sul secondo gradino del podio, e nel terzo nei 100 dorso, nella cat.m.60. Ottimi i risultati anche per: Luca De Mori, Thomas Dal Piva, Michele Tonin, Federico Zampiero e Fabio Zuglian. Soddisfatti rientravano con 7 medaglie.<\/p>\n<p>&nbsp;<\/p>\n<p>&nbsp;<\/p>\n<p>&nbsp;<\/p>\n<p>&nbsp;<\/p>\n<h1><a class=\"dt-pswp-item\" href=\"http:\/\/www.radiopiu.net\/wordpress\/wp-content\/uploads\/2018\/09\/WhatsApp-Image-2018-09-20-at-16.04.06.jpeg\" data-dt-img-description=\"\" data-large_image_width=\"800\" data-large_image_height=\"100\"><img loading=\"lazy\" decoding=\"async\" class=\"alignnone wp-image-61378 size-full\" src=\"http:\/\/www.radiopiu.net\/wordpress\/wp-content\/uploads\/2018\/09\/WhatsApp-Image-2018-09-20-at-16.04.06.jpeg\" alt=\"\" width=\"800\" height=\"100\" srcset=\"https:\/\/www.radiopiu.net\/wordpress\/wp-content\/uploads\/2018\/09\/WhatsApp-Image-2018-09-20-at-16.04.06.jpeg 800w, https:\/\/www.radiopiu.net\/wordpress\/wp-content\/uploads\/2018\/09\/WhatsApp-Image-2018-09-20-at-16.04.06-300x38.jpeg 300w, https:\/\/www.radiopiu.net\/wordpress\/wp-content\/uploads\/2018\/09\/WhatsApp-Image-2018-09-20-at-16.04.06-768x96.jpeg 768w\" sizes=\"auto, (max-width: 800px) 100vw, 800px\" \/><\/a><\/h1>\n<h1>DA OGGI A SABATO<\/h1>\n<p><center><b>Mercoledi 5<\/b><\/center><b>Tempo atteso: <\/b>Al mattino qualche tratto soleggiato e primi annuvolamenti per presenza di nubi medio-alte, le quali saranno pi\u00f9 estese e fitte fino a coprire del tutto il cielo, specie da met\u00e0 pomeriggio in poi. Clima diurna pi\u00f9 fresco nelle valli, pi\u00f9 freddo ed anche ventoso in alta quota.<br \/>\n<b>Precipitazioni: <\/b>Assenti (0%)<br \/>\n<b>Temperature: <\/b>In generale diminuzione a tutte le quote con punte di 6\/7\u00b0C nei fondovalle prealpini e di 2\/3\u00b0C a 1000\/1200 m. Su Prealpi a 1500 m min -1\u00b0C max 1\u00b0C, a 2000 m min -3\u00b0C max -1\u00b0C. Su Dolomiti a 2000 m min -4\u00b0C max -1\u00b0C, a 3000 m min -9\u00b0C max -5\u00b0C.<br \/>\n<b>Venti: <\/b>Nelle valli perlopi\u00f9 deboli; in quota moderati da Nord-Ovest, a tratti anche tesi sulle cime pi\u00f9 alte, a 10-25 km\/h a 2000 m, 35-45 km\/h a 3000 m.<\/p>\n<hr \/>\n<p><center><b>Giovedi 6<\/b><\/center><b>Tempo atteso: <\/b>Annuvolamenti irregolari nella notte ed al primo mattino con probabili deboli precipitazioni sparse. Al pomeriggio diradamento della nuvolosit\u00e0 con rasserenamenti. Clima inizialmente freddo, ma via via pi\u00f9 mite con il passare delle ore per avvezione d&#8217;aria assai pi\u00f9 temperata in quota.<br \/>\n<b>Precipitazioni: <\/b>Nella notte ed al primo mattino probabilit\u00e0 medio-alta di debolissime precipitazioni sparse (50\/70%) con irrisoria neve oltre i 1100\/1300 m. Poi rapido esaurimento dei fenomeni in mattinata. Sono attesi 1\/2 mm con altrettanti cm di neve sopra i 1200\/1400 m.<br \/>\n<b>Temperature: <\/b>In generale aumento a tutte le quote, maggiormente avvertito in alta montagna. Le punte massime saranno attorno ai 7\/8\u00b0C nei fondovalle prealpini e 4\/5\u00b0C a 1000\/1200 m. Su Prealpi a 1500 m min -1\u00b0C max 4\u00b0C, a 2000 m min -2\u00b0C max 1\u00b0C. Su Dolomiti a 2000 m min -3\u00b0C max 1\u00b0C, a 3000 m min -5\u00b0C max -4\u00b0C.<br \/>\n<b>Venti: <\/b>Nelle valli in genere deboli di direzione variabile, salvo qualche rinforzo da Nord al pomeriggio; in quota moderati da Ovest al mattino, in rinforzo fino a tesi da Nord Nord-Ovest al pomeriggio, a 10-20 km\/h a 2000 m, 20-50 km\/h a 3000 m.<\/p>\n<hr \/>\n<p><center><b>Venerdi 7<\/b><\/center>In parte soleggiato con annuvolamenti medio-alti, pi\u00f9 presenti al mattino, mentre i tratti soleggiati saranno pi\u00f9 ampi al pomeriggio. Alla sera il cielo si coprir\u00e0 ed entro la mezzanotte non esclusa qualche sporadica precipitazione, nevosa oltre i 1500 m. Inversione termica notturna nelle valli e clima diurno assai mite per la stagione. Venti deboli\/moderati in rotazione da Nord-Ovest a Sud-Ovest.<\/p>\n<hr \/>\n<p><center><b>Sabato 8<\/b><\/center>Tempo leggermente perturbato tra la notte e il primo mattino con precipitazioni diffuse, ma perlopi\u00f9 deboli, nevose oltre i 900\/1100 m su Dolomiti e 1100\/1300 m sulle Prealpi. Da met\u00e0 mattinata in poi rapido miglioramento del tempo, assieme a un netto rinforzo dei venti da Nord Nord-Ovest fino a forti. Temperature in sensibile calo rispetto a venerd\u00ec. Previsore: R.L.Th.<\/p>\n<p>&nbsp;<\/p>\n","protected":false},"excerpt":{"rendered":"<p>Sono i giorni caldi per l&#8217;autonomia dopo le promesse dei vice premier di un &#8220;regalo&#8221; per Natale. Anche Belluno pretende la sua autonomia ma\u00a0 il governatore Luca Zaia frena perch\u00e9 secondo lui la provincia da sola non potr\u00e0 andare avanti, critico il Bard che ricorda come il referendum bellunese sia stata cosa seria mica un&hellip;<\/p>\n","protected":false},"author":1,"featured_media":68373,"comment_status":"closed","ping_status":"closed","sticky":false,"template":"","format":"standard","meta":{"_monsterinsights_skip_tracking":false,"_monsterinsights_sitenote_active":false,"_monsterinsights_sitenote_note":"","_monsterinsights_sitenote_category":0,"footnotes":""},"categories":[1,86],"tags":[],"class_list":["post-68327","post","type-post","status-publish","format-standard","has-post-thumbnail","hentry","category-senza-categoria","category-gr","category-1","category-86","description-off"],"img_url":"https:\/\/www.radiopiu.net\/wordpress\/wp-content\/uploads\/2018\/12\/pistaLa-VolatA_Passo-San-Pellegrino.jpg","_links":{"self":[{"href":"https:\/\/www.radiopiu.net\/wordpress\/wp-json\/wp\/v2\/posts\/68327","targetHints":{"allow":["GET"]}}],"collection":[{"href":"https:\/\/www.radiopiu.net\/wordpress\/wp-json\/wp\/v2\/posts"}],"about":[{"href":"https:\/\/www.radiopiu.net\/wordpress\/wp-json\/wp\/v2\/types\/post"}],"author":[{"embeddable":true,"href":"https:\/\/www.radiopiu.net\/wordpress\/wp-json\/wp\/v2\/users\/1"}],"replies":[{"embeddable":true,"href":"https:\/\/www.radiopiu.net\/wordpress\/wp-json\/wp\/v2\/comments?post=68327"}],"version-history":[{"count":0,"href":"https:\/\/www.radiopiu.net\/wordpress\/wp-json\/wp\/v2\/posts\/68327\/revisions"}],"wp:featuredmedia":[{"embeddable":true,"href":"https:\/\/www.radiopiu.net\/wordpress\/wp-json\/wp\/v2\/media\/68373"}],"wp:attachment":[{"href":"https:\/\/www.radiopiu.net\/wordpress\/wp-json\/wp\/v2\/media?parent=68327"}],"wp:term":[{"taxonomy":"category","embeddable":true,"href":"https:\/\/www.radiopiu.net\/wordpress\/wp-json\/wp\/v2\/categories?post=68327"},{"taxonomy":"post_tag","embeddable":true,"href":"https:\/\/www.radiopiu.net\/wordpress\/wp-json\/wp\/v2\/tags?post=68327"}],"curies":[{"name":"wp","href":"https:\/\/api.w.org\/{rel}","templated":true}]}}