{"id":68507,"date":"2018-12-06T06:16:08","date_gmt":"2018-12-06T05:16:08","guid":{"rendered":"http:\/\/www.radiopiu.net\/wordpress\/?p=68507"},"modified":"2018-12-06T06:16:37","modified_gmt":"2018-12-06T05:16:37","slug":"una-notte-con-frank-sinatra","status":"publish","type":"post","link":"https:\/\/www.radiopiu.net\/wordpress\/una-notte-con-frank-sinatra\/","title":{"rendered":"UNA NOTTE CON FRANK SINATRA"},"content":{"rendered":"<h1><\/h1>\n<blockquote><p><strong>Il 6 gennaio alle 20.45\u00a0 Concerto dell&#8217;Epifania per l&#8217;Associazione Cucchini al Teatro Comunale<\/strong><\/p><\/blockquote>\n<p><strong><a class=\"dt-pswp-item\" href=\"http:\/\/www.radiopiu.net\/wordpress\/wp-content\/uploads\/2018\/12\/e28b5424-0af3-4eab-955a-4680aae3acd8-1.jpg\" data-dt-img-description=\"\" data-large_image_width=\"1599\" data-large_image_height=\"799\"><img loading=\"lazy\" decoding=\"async\" class=\" wp-image-68463 alignleft\" src=\"http:\/\/www.radiopiu.net\/wordpress\/wp-content\/uploads\/2018\/12\/e28b5424-0af3-4eab-955a-4680aae3acd8-1-300x150.jpg\" alt=\"\" width=\"172\" height=\"86\" srcset=\"https:\/\/www.radiopiu.net\/wordpress\/wp-content\/uploads\/2018\/12\/e28b5424-0af3-4eab-955a-4680aae3acd8-1-300x150.jpg 300w, https:\/\/www.radiopiu.net\/wordpress\/wp-content\/uploads\/2018\/12\/e28b5424-0af3-4eab-955a-4680aae3acd8-1-768x384.jpg 768w, https:\/\/www.radiopiu.net\/wordpress\/wp-content\/uploads\/2018\/12\/e28b5424-0af3-4eab-955a-4680aae3acd8-1-1024x512.jpg 1024w, https:\/\/www.radiopiu.net\/wordpress\/wp-content\/uploads\/2018\/12\/e28b5424-0af3-4eab-955a-4680aae3acd8-1.jpg 1599w\" sizes=\"auto, (max-width: 172px) 100vw, 172px\" \/><\/a><\/strong><\/p>\n<p>&nbsp;<\/p>\n<p><strong>BELLUNO\u00a0\u00a0<\/strong>Sar\u00e0 la musica di Frank Sinatra, riarrangiata per la Filarmonica di Belluno, la protagonista del Concerto dell&#8217;Epifania al Teatro Comunale di Belluno: \u201cA night with Frank Sinatra\u201d \u00e8 il titolo dell&#8217;appuntamento che vedr\u00e0 sul palco, oltre ai musicisti della Filarmonica, anche Federico Strag\u00e0 e il quartetto jazz di Claudio Jr De Rosa, autore degli arrangiamenti.<\/p>\n\n\t\t\t<style type='text\/css'>\n\t\t\t\t#gallery-1 {\n\t\t\t\t\tmargin: auto;\n\t\t\t\t}\n\t\t\t\t#gallery-1 .gallery-item {\n\t\t\t\t\tfloat: left;\n\t\t\t\t\tmargin-top: 10px;\n\t\t\t\t\ttext-align: center;\n\t\t\t\t\twidth: 33%;\n\t\t\t\t}\n\t\t\t\t#gallery-1 img {\n\t\t\t\t\tborder: 2px solid #cfcfcf;\n\t\t\t\t}\n\t\t\t\t#gallery-1 .gallery-caption {\n\t\t\t\t\tmargin-left: 0;\n\t\t\t\t}\n\t\t\t\t\/* see gallery_shortcode() in wp-includes\/media.php *\/\n\t\t\t<\/style>\n\t\t<div id='gallery-1' class='dt-gallery-container gallery galleryid-68507 gallery-columns-3 gallery-size-thumbnail'><dl class='gallery-item'>\n\t\t\t\t<dt class='gallery-icon landscape'>\n\t\t\t\t\t<a class=\"rollover\" href='https:\/\/www.radiopiu.net\/wordpress\/giornale-radiopiu-del-06-dicembre-2018-direttore-mirko-mezzacasa\/23d4b5ef-fd13-4e36-a05e-fa9dfabc3971-2\/'><img loading=\"lazy\" decoding=\"async\" width=\"150\" height=\"150\" src=\"https:\/\/www.radiopiu.net\/wordpress\/wp-content\/uploads\/2018\/12\/23d4b5ef-fd13-4e36-a05e-fa9dfabc3971-1-150x150.jpg\" class=\"attachment-thumbnail size-thumbnail\" alt=\"\" \/><\/a>\n\t\t\t\t<\/dt><\/dl><dl class='gallery-item'>\n\t\t\t\t<dt class='gallery-icon landscape'>\n\t\t\t\t\t<a class=\"rollover\" href='https:\/\/www.radiopiu.net\/wordpress\/giornale-radiopiu-del-06-dicembre-2018-direttore-mirko-mezzacasa\/900032c5-8875-4b23-aded-f1d162f6fa7e-2\/'><img loading=\"lazy\" decoding=\"async\" width=\"150\" height=\"150\" src=\"https:\/\/www.radiopiu.net\/wordpress\/wp-content\/uploads\/2018\/12\/900032c5-8875-4b23-aded-f1d162f6fa7e-1-150x150.jpg\" class=\"attachment-thumbnail size-thumbnail\" alt=\"\" \/><\/a>\n\t\t\t\t<\/dt><\/dl><dl class='gallery-item'>\n\t\t\t\t<dt class='gallery-icon landscape'>\n\t\t\t\t\t<a class=\"rollover\" href='https:\/\/www.radiopiu.net\/wordpress\/giornale-radiopiu-del-06-dicembre-2018-direttore-mirko-mezzacasa\/441a3974-ce2a-404b-92fd-ff47feb8d8f8-2\/'><img loading=\"lazy\" decoding=\"async\" width=\"150\" height=\"150\" src=\"https:\/\/www.radiopiu.net\/wordpress\/wp-content\/uploads\/2018\/12\/441a3974-ce2a-404b-92fd-ff47feb8d8f8-1-150x150.jpg\" class=\"attachment-thumbnail size-thumbnail\" alt=\"\" \/><\/a>\n\t\t\t\t<\/dt><\/dl><br style=\"clear: both\" \/>\n\t\t\t<\/div>\n\n<p><strong>LA VICESINDACO LUCIA OLIVOTTO<\/strong><\/p>\n<audio class=\"wp-audio-shortcode\" id=\"audio-68507-1\" preload=\"none\" style=\"width: 100%;\" controls=\"controls\"><source type=\"audio\/mpeg\" src=\"http:\/\/www.radiopiu.net\/wordpress\/wp-content\/uploads\/2018\/12\/Lucia-Olivotto-Vicesindaco-di-Belluno.mp3?_=1\" \/><a href=\"http:\/\/www.radiopiu.net\/wordpress\/wp-content\/uploads\/2018\/12\/Lucia-Olivotto-Vicesindaco-di-Belluno.mp3\">http:\/\/www.radiopiu.net\/wordpress\/wp-content\/uploads\/2018\/12\/Lucia-Olivotto-Vicesindaco-di-Belluno.mp3<\/a><\/audio>\n<p><strong>DINO BRIDDA, MEMBRO DEL DIRETTIVO DELLA CUCCHINI<\/strong><\/p>\n<audio class=\"wp-audio-shortcode\" id=\"audio-68507-2\" preload=\"none\" style=\"width: 100%;\" controls=\"controls\"><source type=\"audio\/mpeg\" src=\"http:\/\/www.radiopiu.net\/wordpress\/wp-content\/uploads\/2018\/12\/Dino-Bridda-Consiglio-direttivo-Associazione-Cucchini.mp3?_=2\" \/><a href=\"http:\/\/www.radiopiu.net\/wordpress\/wp-content\/uploads\/2018\/12\/Dino-Bridda-Consiglio-direttivo-Associazione-Cucchini.mp3\">http:\/\/www.radiopiu.net\/wordpress\/wp-content\/uploads\/2018\/12\/Dino-Bridda-Consiglio-direttivo-Associazione-Cucchini.mp3<\/a><\/audio>\n<p><strong>ANDREA GASPERIN, DIRETTORE (CON SANDRE DE MARCHI) DELLA\u00a0 FILARMONICA 1867\u00a0<\/strong><\/p>\n<audio class=\"wp-audio-shortcode\" id=\"audio-68507-3\" preload=\"none\" style=\"width: 100%;\" controls=\"controls\"><source type=\"audio\/mpeg\" src=\"http:\/\/www.radiopiu.net\/wordpress\/wp-content\/uploads\/2018\/12\/Andrea-Gasperin-Direttore-Filarmonica-di-Belluno.mp3?_=3\" \/><a href=\"http:\/\/www.radiopiu.net\/wordpress\/wp-content\/uploads\/2018\/12\/Andrea-Gasperin-Direttore-Filarmonica-di-Belluno.mp3\">http:\/\/www.radiopiu.net\/wordpress\/wp-content\/uploads\/2018\/12\/Andrea-Gasperin-Direttore-Filarmonica-di-Belluno.mp3<\/a><\/audio>\n<blockquote><p><em>La raccolta fondi si concluder\u00e0 il 31 dicembre, ed \u00e8 possibile aderire e conoscere le promozioni al sito https:\/\/www.eppela.com\/it\/projects\/20056-a-night-with-frank-sinatra<\/em><\/p><\/blockquote>\n","protected":false},"excerpt":{"rendered":"<p>Il 6 gennaio alle 20.45\u00a0 Concerto dell&#8217;Epifania per l&#8217;Associazione Cucchini al Teatro Comunale &nbsp; BELLUNO\u00a0\u00a0Sar\u00e0 la musica di Frank Sinatra, riarrangiata per la Filarmonica di Belluno, la protagonista del Concerto dell&#8217;Epifania al Teatro Comunale di Belluno: \u201cA night with Frank Sinatra\u201d \u00e8 il titolo dell&#8217;appuntamento che vedr\u00e0 sul palco, oltre ai musicisti della Filarmonica, anche&hellip;<\/p>\n","protected":false},"author":1,"featured_media":68463,"comment_status":"closed","ping_status":"closed","sticky":false,"template":"","format":"standard","meta":{"_monsterinsights_skip_tracking":false,"_monsterinsights_sitenote_active":false,"_monsterinsights_sitenote_note":"","_monsterinsights_sitenote_category":0,"footnotes":""},"categories":[49],"tags":[],"class_list":["post-68507","post","type-post","status-publish","format-standard","has-post-thumbnail","hentry","category-news-18","category-49","description-off"],"img_url":"https:\/\/www.radiopiu.net\/wordpress\/wp-content\/uploads\/2018\/12\/e28b5424-0af3-4eab-955a-4680aae3acd8-1.jpg","_links":{"self":[{"href":"https:\/\/www.radiopiu.net\/wordpress\/wp-json\/wp\/v2\/posts\/68507","targetHints":{"allow":["GET"]}}],"collection":[{"href":"https:\/\/www.radiopiu.net\/wordpress\/wp-json\/wp\/v2\/posts"}],"about":[{"href":"https:\/\/www.radiopiu.net\/wordpress\/wp-json\/wp\/v2\/types\/post"}],"author":[{"embeddable":true,"href":"https:\/\/www.radiopiu.net\/wordpress\/wp-json\/wp\/v2\/users\/1"}],"replies":[{"embeddable":true,"href":"https:\/\/www.radiopiu.net\/wordpress\/wp-json\/wp\/v2\/comments?post=68507"}],"version-history":[{"count":0,"href":"https:\/\/www.radiopiu.net\/wordpress\/wp-json\/wp\/v2\/posts\/68507\/revisions"}],"wp:featuredmedia":[{"embeddable":true,"href":"https:\/\/www.radiopiu.net\/wordpress\/wp-json\/wp\/v2\/media\/68463"}],"wp:attachment":[{"href":"https:\/\/www.radiopiu.net\/wordpress\/wp-json\/wp\/v2\/media?parent=68507"}],"wp:term":[{"taxonomy":"category","embeddable":true,"href":"https:\/\/www.radiopiu.net\/wordpress\/wp-json\/wp\/v2\/categories?post=68507"},{"taxonomy":"post_tag","embeddable":true,"href":"https:\/\/www.radiopiu.net\/wordpress\/wp-json\/wp\/v2\/tags?post=68507"}],"curies":[{"name":"wp","href":"https:\/\/api.w.org\/{rel}","templated":true}]}}