{"id":68610,"date":"2018-12-06T18:41:15","date_gmt":"2018-12-06T17:41:15","guid":{"rendered":"http:\/\/www.radiopiu.net\/wordpress\/?p=68610"},"modified":"2018-12-07T11:59:02","modified_gmt":"2018-12-07T10:59:02","slug":"giornale-radiopiu-07-dicembre-direttore-mirko-mezzacasa","status":"publish","type":"post","link":"https:\/\/www.radiopiu.net\/wordpress\/giornale-radiopiu-07-dicembre-direttore-mirko-mezzacasa\/","title":{"rendered":"GIORNALE RADIOPIU 07 DICEMBRE, DIRETTORE MIRKO MEZZACASA"},"content":{"rendered":"<blockquote>\n<div class=\"\" data-block=\"true\" data-editor=\"5tbuq\" data-offset-key=\"a0f19-0-0\">\n<h1 class=\"_1mf _1mj\" data-offset-key=\"a0f19-0-0\"><span data-offset-key=\"a0f19-0-0\">VENETO STRADE\u00a0<\/span>203 AGORDINA DALLE 14 IN LOCALITA&#8217; LE CAMPE RIPRISTINO DOPPIO SENSO DI MARCIA<\/h1>\n<\/div>\n<p>&nbsp;<\/p><\/blockquote>\n<blockquote>\n<h1>203 AGORDINA TOLTO IL SEMAFORO AL PONTE DEL GHIRLO CENCENIGHE DOPPIO SENSO RIPRISTINATO<\/h1>\n<p>&nbsp;<\/p>\n<h1>641 PASSO FEDAIA, RIAPERTA DALLA 12 TRA SOTTOGUDA E IL PASSO<\/h1>\n<p>&nbsp;<\/p>\n<p><strong>Canale d&#8217;Agordo<\/strong> un mese dopo la devastazione \u00e8 un altro paese, i cittadini soprattutto si sono tirati su le maniche e il loro sforzo si traduce in un paese di nuovo in ordine, e n&#8217;\u00e8 parlato ieri sera in sala Lotta dove il sindaco ha proposto le foto di ieri e di oggi con il grazie ai Consorzi di Bonifica, Protezione Civile, ma soprattutto ai cittadini del paese.<strong> Da Livinallongo\u00a0<\/strong>Leandro Grones scrive a Luca Zaia &#8220;gi\u00f9 le mani dai boschi risparmiati dall&#8217;uragano&#8221;, mai per il sindaco il collegamento con Cortina s&#8217;ha da fare.<strong> Anche da Taibon<\/strong>\u00a0una lettera al Governatore, da chi gestisce il B&amp;B che rimane chiuso per l&#8217;ordinaria burocrazia. <strong>\u00a0Lazzarini il re dello stracchino<\/strong> investe ad Agordo e compera l&#8217;ex albergo Buzzatti, rimangono le incognite sul futuro non tanto del palazzo che potrebbe essere ristrutturato (24 appartamenti), ma sulle potenzialit\u00e0 turistiche di un capoluogo abulico da anni poco propenso ad investire nel turismo, tanto c&#8217;e&#8217; Luxottica. <strong>La cronaca<\/strong> oggi ci porta a Sedico dove una famiglia \u00e8 rimasta intossicata dal monossido di carbonio, tutti all&#8217;ospedale ma non \u00e8 fortunatamente finita in tragedia. Allarme anche a<strong> Sospirolo<\/strong> in seguito al fumo uscito da un&#8217;abitazione di Maras, nessun incendio solo tanto fumo sprigionatosi dalla stufa a pellet, nessun danno alla casa. <strong>Ancora furti a Belluno<\/strong> Dopo aver forzato la porta d&#8217;ingresso ignoti sono fuggiti con 100 euro ma rimangono come sempre i danni. E&#8217; successo mercoledi sera in via Ceccati, il furto scoperto dal proprietario alle 21,30 rincasando dopo una giornata di lavoro. Rubate le monetine conservate in un vaso, indagano i Carabinieri.<strong>Trichiana in lutto<\/strong> oggi l&#8217;ultimo saluto a Fausto Sbardella il 57enne morto mercoledi investito dal suo trattore, sposato con un figlio l&#8217;uomo aveva lavorato a lungo alla Ideal Standard prima di passare alla Costan di Limana, spesso si dedicava alle attivit\u00e0 boschive come boscaiolo. <strong>Sport<\/strong> l&#8217;Alleghe torna a giocare al De Toni, sfiora la vittoria ma cade nel terzo tempo con il Merano, la vera vittoria degli agordini \u00e8 il ritorno allo stadio riaperto dopo l&#8217;alluvione di fine ottobre. E&#8217; invece finita la storia sportiva di Alex Turrin che a 26 anni,\u00a0 come ricorda Ilario Tancon sul Corriere delle Alpi, lascia il turismo dopo non aver trovato un ingaggio tra i professionisti. (mm)<\/p><\/blockquote>\n<p>&nbsp;<\/p>\n<p>&nbsp;<\/p>\n<p>&nbsp;<\/p>\n<p>&nbsp;<\/p>\n<h1>L&#8217;ALBERO DI NATALE DELLA VAL VISDENDE E&#8217; ARRIVATO A ROMA<\/h1>\n<p>&nbsp;<\/p>\n<audio class=\"wp-audio-shortcode\" id=\"audio-68610-1\" preload=\"none\" style=\"width: 100%;\" controls=\"controls\"><source type=\"audio\/ogg\" src=\"http:\/\/www.radiopiu.net\/wordpress\/wp-content\/uploads\/2018\/12\/pieralabero.ogg?_=1\" \/><a href=\"http:\/\/www.radiopiu.net\/wordpress\/wp-content\/uploads\/2018\/12\/pieralabero.ogg\">http:\/\/www.radiopiu.net\/wordpress\/wp-content\/uploads\/2018\/12\/pieralabero.ogg<\/a><\/audio>\n<p>&nbsp;<\/p>\n<p>Ieri Radio Piu&#8217; con Pierantonio Zanchetta ha seguito il viaggio dell&#8217;abete verso Palazzo Chigi, &#8220;Missione compiuta&#8221; ha scritto questa notte alle 3 il nostro portavoce, con il messaggio le foto del viaggio.<\/p>\n\n\t\t\t<style type='text\/css'>\n\t\t\t\t#gallery-1 {\n\t\t\t\t\tmargin: auto;\n\t\t\t\t}\n\t\t\t\t#gallery-1 .gallery-item {\n\t\t\t\t\tfloat: left;\n\t\t\t\t\tmargin-top: 10px;\n\t\t\t\t\ttext-align: center;\n\t\t\t\t\twidth: 33%;\n\t\t\t\t}\n\t\t\t\t#gallery-1 img {\n\t\t\t\t\tborder: 2px solid #cfcfcf;\n\t\t\t\t}\n\t\t\t\t#gallery-1 .gallery-caption {\n\t\t\t\t\tmargin-left: 0;\n\t\t\t\t}\n\t\t\t\t\/* see gallery_shortcode() in wp-includes\/media.php *\/\n\t\t\t<\/style>\n\t\t<div id='gallery-1' class='dt-gallery-container gallery galleryid-68610 gallery-columns-3 gallery-size-thumbnail'><dl class='gallery-item'>\n\t\t\t\t<dt class='gallery-icon landscape'>\n\t\t\t\t\t<a class=\"rollover\" href='https:\/\/www.radiopiu.net\/wordpress\/giornale-radiopiu-07-dicembre-direttore-mirko-mezzacasa\/8c5732e6-4706-4bc9-8176-d2e3ac02fe1c\/'><img loading=\"lazy\" decoding=\"async\" width=\"150\" height=\"150\" src=\"https:\/\/www.radiopiu.net\/wordpress\/wp-content\/uploads\/2018\/12\/8c5732e6-4706-4bc9-8176-d2e3ac02fe1c-150x150.jpg\" class=\"attachment-thumbnail size-thumbnail\" alt=\"\" \/><\/a>\n\t\t\t\t<\/dt><\/dl><dl class='gallery-item'>\n\t\t\t\t<dt class='gallery-icon portrait'>\n\t\t\t\t\t<a class=\"rollover\" href='https:\/\/www.radiopiu.net\/wordpress\/giornale-radiopiu-07-dicembre-direttore-mirko-mezzacasa\/1bbf9bd8-00a3-4be3-86c8-f773c897837c\/'><img loading=\"lazy\" decoding=\"async\" width=\"150\" height=\"150\" src=\"https:\/\/www.radiopiu.net\/wordpress\/wp-content\/uploads\/2018\/12\/1bbf9bd8-00a3-4be3-86c8-f773c897837c-150x150.jpg\" class=\"attachment-thumbnail size-thumbnail\" alt=\"\" \/><\/a>\n\t\t\t\t<\/dt><\/dl><dl class='gallery-item'>\n\t\t\t\t<dt class='gallery-icon portrait'>\n\t\t\t\t\t<a class=\"rollover\" href='https:\/\/www.radiopiu.net\/wordpress\/giornale-radiopiu-07-dicembre-direttore-mirko-mezzacasa\/4cf87a65-f168-420a-bdc4-d132ae1100ca\/'><img loading=\"lazy\" decoding=\"async\" width=\"150\" height=\"150\" src=\"https:\/\/www.radiopiu.net\/wordpress\/wp-content\/uploads\/2018\/12\/4cf87a65-f168-420a-bdc4-d132ae1100ca-150x150.jpg\" class=\"attachment-thumbnail size-thumbnail\" alt=\"\" \/><\/a>\n\t\t\t\t<\/dt><\/dl><br style=\"clear: both\" \/><dl class='gallery-item'>\n\t\t\t\t<dt class='gallery-icon landscape'>\n\t\t\t\t\t<a class=\"rollover\" href='https:\/\/www.radiopiu.net\/wordpress\/giornale-radiopiu-07-dicembre-direttore-mirko-mezzacasa\/011c8ac1-cffd-4d5a-b5b7-79282f135e06\/'><img loading=\"lazy\" decoding=\"async\" width=\"150\" height=\"150\" src=\"https:\/\/www.radiopiu.net\/wordpress\/wp-content\/uploads\/2018\/12\/011c8ac1-cffd-4d5a-b5b7-79282f135e06-150x150.jpg\" class=\"attachment-thumbnail size-thumbnail\" alt=\"\" \/><\/a>\n\t\t\t\t<\/dt><\/dl><dl class='gallery-item'>\n\t\t\t\t<dt class='gallery-icon landscape'>\n\t\t\t\t\t<a class=\"rollover\" href='https:\/\/www.radiopiu.net\/wordpress\/giornale-radiopiu-07-dicembre-direttore-mirko-mezzacasa\/3085ecc2-a8ce-46d0-b15e-6b978db42ef9\/'><img loading=\"lazy\" decoding=\"async\" width=\"150\" height=\"150\" src=\"https:\/\/www.radiopiu.net\/wordpress\/wp-content\/uploads\/2018\/12\/3085ecc2-a8ce-46d0-b15e-6b978db42ef9-150x150.jpg\" class=\"attachment-thumbnail size-thumbnail\" alt=\"\" \/><\/a>\n\t\t\t\t<\/dt><\/dl><dl class='gallery-item'>\n\t\t\t\t<dt class='gallery-icon landscape'>\n\t\t\t\t\t<a class=\"rollover\" href='https:\/\/www.radiopiu.net\/wordpress\/giornale-radiopiu-07-dicembre-direttore-mirko-mezzacasa\/bd33755b-3dc6-498e-889b-054f6bb2d598\/'><img loading=\"lazy\" decoding=\"async\" width=\"150\" height=\"150\" src=\"https:\/\/www.radiopiu.net\/wordpress\/wp-content\/uploads\/2018\/12\/bd33755b-3dc6-498e-889b-054f6bb2d598-150x150.jpg\" class=\"attachment-thumbnail size-thumbnail\" alt=\"\" \/><\/a>\n\t\t\t\t<\/dt><\/dl><br style=\"clear: both\" \/><dl class='gallery-item'>\n\t\t\t\t<dt class='gallery-icon landscape'>\n\t\t\t\t\t<a class=\"rollover\" href='https:\/\/www.radiopiu.net\/wordpress\/giornale-radiopiu-07-dicembre-direttore-mirko-mezzacasa\/452fb91d-d8ec-4961-ae66-794ea148bb5c\/'><img loading=\"lazy\" decoding=\"async\" width=\"150\" height=\"150\" src=\"https:\/\/www.radiopiu.net\/wordpress\/wp-content\/uploads\/2018\/12\/452fb91d-d8ec-4961-ae66-794ea148bb5c-150x150.jpg\" class=\"attachment-thumbnail size-thumbnail\" alt=\"\" \/><\/a>\n\t\t\t\t<\/dt><\/dl>\n\t\t\t\t<br style='clear: both' \/>\n\t\t\t<\/div>\n\n<p>&nbsp;<\/p>\n<p>&nbsp;<\/p>\n<p>&nbsp;<\/p>\n<blockquote><p>Gestione Servizi Pubblici informa che in tutto il comune di Colle Santa Lucia l&#8217;acqua erogata dall&#8217;acquedotto non \u00e8 potabile e pu\u00f2 essere usata per scopi alimentari solo previa bollitura<\/p><\/blockquote>\n<p>&nbsp;<\/p>\n<p>&nbsp;<\/p>\n<p>&nbsp;<\/p>\n<h1>CINQUE PERSONE IN OSPEDALE PER INTOSSICAZIONE DA MONOSSIDO<\/h1>\n<p><strong>SEDICO <\/strong>Tragedia sfiorata a Sedico in via Meli, ma 5 persone finiscono all&#8217;ospedale di Belluno per intossicazione da monossido di carbonio: una famiglia rumena\u00a0 che vive in affitto con due figli piccoli.\u00a0L\u2019allarme ieri mattina alle \u00a010, colpa della stufa e della canna fumaria non pulita, lo hanno stabito i vigili del fuoco che anche un&#8217;ora dopo\u00a0hanno trovato una alta concentrazione di monossido nella casa colonica a pi\u00f9 piani.<br \/>\nAlina Paraschiw \u00e8 stata portata a Mestre in camera iperbarica e poi di nuovo all&#8217;ospedale di Belluno con il resto della famiglia. La donna ha perso i sensi come ha raccontato il marito\u00a0Constantin e per questo \u00e8 stato chiesto aiuto al Suem. Per fortuna non \u00e8 accaduto il peggio e che anche i bambini<br \/>\nora stannoa bene<\/p>\n<p>&nbsp;<\/p>\n<p>&nbsp;<\/p>\n<h2>24 CAMERE ALL&#8217;EX BUZZATTI? IL RE DELLO STRACCHINO CI METTE IL MA, TROPPE INCOGNITE PER UN CAPOLUOGO CHE TURISTICAMENTE NON DECOLLA E L&#8217;APERTURA DELLA TANGENZIALE NON AIUTERA&#8217;<\/h2>\n<p><strong><a class=\"dt-pswp-item\" href=\"http:\/\/www.radiopiu.net\/wordpress\/wp-content\/uploads\/2018\/11\/811f6984-b466-4756-8e07-4d5966b5b4f4.jpg\" data-dt-img-description=\"\" data-large_image_width=\"799\" data-large_image_height=\"1599\"><img loading=\"lazy\" decoding=\"async\" class=\"size-medium wp-image-67965 alignleft\" src=\"http:\/\/www.radiopiu.net\/wordpress\/wp-content\/uploads\/2018\/11\/811f6984-b466-4756-8e07-4d5966b5b4f4-150x300.jpg\" alt=\"\" width=\"150\" height=\"300\" srcset=\"https:\/\/www.radiopiu.net\/wordpress\/wp-content\/uploads\/2018\/11\/811f6984-b466-4756-8e07-4d5966b5b4f4-150x300.jpg 150w, https:\/\/www.radiopiu.net\/wordpress\/wp-content\/uploads\/2018\/11\/811f6984-b466-4756-8e07-4d5966b5b4f4-768x1537.jpg 768w, https:\/\/www.radiopiu.net\/wordpress\/wp-content\/uploads\/2018\/11\/811f6984-b466-4756-8e07-4d5966b5b4f4-512x1024.jpg 512w, https:\/\/www.radiopiu.net\/wordpress\/wp-content\/uploads\/2018\/11\/811f6984-b466-4756-8e07-4d5966b5b4f4.jpg 799w\" sizes=\"auto, (max-width: 150px) 100vw, 150px\" \/><\/a><\/strong><\/p>\n<p>&nbsp;<\/p>\n<p>&nbsp;<\/p>\n<p>&nbsp;<\/p>\n<p>&nbsp;<\/p>\n<p>&nbsp;<\/p>\n<p>&nbsp;<\/p>\n<p><strong>AGORDO<\/strong> L&#8217;ex albergo Buzzatti acquistato da Luigi Lazzarini della &#8220;Nonno Nanni&#8221; con casa a Vallada crede nelle possibilit\u00e0 di recupero dello stabile liberty degli anni Venti, da tempo in degrado. Il 14 dicembre l&#8217;incontro con il sindaco Sisto Da Roit.<br \/>\n<strong>di GIANNI SANTOMASO<\/strong><\/p>\n<audio class=\"wp-audio-shortcode\" id=\"audio-68610-2\" preload=\"none\" style=\"width: 100%;\" controls=\"controls\"><source type=\"audio\/ogg\" src=\"http:\/\/www.radiopiu.net\/wordpress\/wp-content\/uploads\/2018\/12\/gianni-1-1.ogg?_=2\" \/><a href=\"http:\/\/www.radiopiu.net\/wordpress\/wp-content\/uploads\/2018\/12\/gianni-1-1.ogg\">http:\/\/www.radiopiu.net\/wordpress\/wp-content\/uploads\/2018\/12\/gianni-1-1.ogg<\/a><\/audio>\n<p>&nbsp;<\/p>\n<p>&nbsp;<\/p>\n<p>&nbsp;<\/p>\n<p>&nbsp;<\/p>\n<p>&nbsp;<\/p>\n<h1><a class=\"dt-pswp-item\" href=\"http:\/\/www.radiopiu.net\/wordpress\/wp-content\/uploads\/2018\/09\/Caner-2.jpg\" data-dt-img-description=\"\" data-large_image_width=\"1965\" data-large_image_height=\"1306\"><img loading=\"lazy\" decoding=\"async\" class=\" wp-image-60383 alignleft\" src=\"http:\/\/www.radiopiu.net\/wordpress\/wp-content\/uploads\/2018\/09\/Caner-2-300x199.jpg\" alt=\"\" width=\"225\" height=\"149\" srcset=\"https:\/\/www.radiopiu.net\/wordpress\/wp-content\/uploads\/2018\/09\/Caner-2-300x199.jpg 300w, https:\/\/www.radiopiu.net\/wordpress\/wp-content\/uploads\/2018\/09\/Caner-2-768x510.jpg 768w, https:\/\/www.radiopiu.net\/wordpress\/wp-content\/uploads\/2018\/09\/Caner-2-1024x681.jpg 1024w, https:\/\/www.radiopiu.net\/wordpress\/wp-content\/uploads\/2018\/09\/Caner-2.jpg 1965w\" sizes=\"auto, (max-width: 225px) 100vw, 225px\" \/><\/a>15 MILIONI DI EURO PER COSTRUIRE, ADEGUARE, AMPLIARE GLI IMPIANTI DI RISALITA<\/h1>\n<p><strong>VENEZIA<\/strong> Buone notizie per il turismo invernale grazie all&#8217;emendamento dell&#8217;assessore Federico Caner, ecco il suo intervento nella rassegna stampa delle otto del mattino<\/p>\n<audio class=\"wp-audio-shortcode\" id=\"audio-68610-3\" preload=\"none\" style=\"width: 100%;\" controls=\"controls\"><source type=\"audio\/ogg\" src=\"http:\/\/www.radiopiu.net\/wordpress\/wp-content\/uploads\/2018\/12\/WhatsApp-Ptt-2018-12-07-at-06.37.17.ogg?_=3\" \/><a href=\"http:\/\/www.radiopiu.net\/wordpress\/wp-content\/uploads\/2018\/12\/WhatsApp-Ptt-2018-12-07-at-06.37.17.ogg\">http:\/\/www.radiopiu.net\/wordpress\/wp-content\/uploads\/2018\/12\/WhatsApp-Ptt-2018-12-07-at-06.37.17.ogg<\/a><\/audio>\n<p>&nbsp;<\/p>\n<p>&nbsp;<\/p>\n<p>&nbsp;<\/p>\n<p>&nbsp;<\/p>\n<p>&nbsp;<\/p>\n<p>&nbsp;<\/p>\n<p>&nbsp;<\/p>\n<h1 class=\"entry-title\">GRONES SCRIVE A ZAIA CALCANDO\u2026 LA MATITA \u201cCARO LUCA ZAIA, NON SACRIFICHEREMO I NOSTRI BOSCHI DELL\u2019UNESCO E TEATRO DI SANGUINOSE BATTAGLIE\u2026\u201d<\/h1>\n<p><strong><a class=\"dt-pswp-item\" href=\"http:\/\/www.radiopiu.net\/wordpress\/wp-content\/uploads\/2018\/12\/daa0ba65-f120-49fb-8e7c-beb8395eca48.jpg\" data-dt-img-description=\"\" data-large_image_width=\"1600\" data-large_image_height=\"1200\"><img loading=\"lazy\" decoding=\"async\" class=\" wp-image-68577 alignleft\" src=\"http:\/\/www.radiopiu.net\/wordpress\/wp-content\/uploads\/2018\/12\/daa0ba65-f120-49fb-8e7c-beb8395eca48-300x225.jpg\" alt=\"\" width=\"146\" height=\"109\" srcset=\"https:\/\/www.radiopiu.net\/wordpress\/wp-content\/uploads\/2018\/12\/daa0ba65-f120-49fb-8e7c-beb8395eca48-300x225.jpg 300w, https:\/\/www.radiopiu.net\/wordpress\/wp-content\/uploads\/2018\/12\/daa0ba65-f120-49fb-8e7c-beb8395eca48-768x576.jpg 768w, https:\/\/www.radiopiu.net\/wordpress\/wp-content\/uploads\/2018\/12\/daa0ba65-f120-49fb-8e7c-beb8395eca48-1024x768.jpg 1024w, https:\/\/www.radiopiu.net\/wordpress\/wp-content\/uploads\/2018\/12\/daa0ba65-f120-49fb-8e7c-beb8395eca48.jpg 1600w\" sizes=\"auto, (max-width: 146px) 100vw, 146px\" \/><\/a>AUDIO DAL GIORNALE RADIO PRINCIPALE, IL SINDACO DI LIVINALLONGO LEANDRO GRONES<\/strong><\/p>\n<audio class=\"wp-audio-shortcode\" id=\"audio-68610-4\" preload=\"none\" style=\"width: 100%;\" controls=\"controls\"><source type=\"audio\/mpeg\" src=\"http:\/\/www.radiopiu.net\/wordpress\/wp-content\/uploads\/2018\/12\/leandro.mp3?_=4\" \/><a href=\"http:\/\/www.radiopiu.net\/wordpress\/wp-content\/uploads\/2018\/12\/leandro.mp3\">http:\/\/www.radiopiu.net\/wordpress\/wp-content\/uploads\/2018\/12\/leandro.mp3<\/a><\/audio>\n<blockquote class=\"wp-embedded-content\" data-secret=\"CafmVRnUSk\"><p><a href=\"http:\/\/www.radiopiu.net\/wordpress\/grones-scrive-a-zaia-calcando-la-matita-caro-luca-zaia-non-sacrificheremo-i-nostri-boschi-dellunesco-e-teatro-di-sanguinose-battaglie\/\">GRONES SCRIVE A ZAIA CALCANDO&#8230; LA MATITA &#8220;Caro Luca Zaia, non sacrificheremo i nostri boschi dell&#8217;Unesco e teatro di sanguinose battaglie&#8230;&#8221;<\/a><\/p><\/blockquote>\n<p><iframe loading=\"lazy\" class=\"wp-embedded-content\" sandbox=\"allow-scripts\" security=\"restricted\" style=\"position: absolute; clip: rect(1px, 1px, 1px, 1px);\" src=\"http:\/\/www.radiopiu.net\/wordpress\/grones-scrive-a-zaia-calcando-la-matita-caro-luca-zaia-non-sacrificheremo-i-nostri-boschi-dellunesco-e-teatro-di-sanguinose-battaglie\/embed\/#?secret=CafmVRnUSk\" data-secret=\"CafmVRnUSk\" width=\"600\" height=\"338\" title=\"&#8220;GRONES SCRIVE A ZAIA CALCANDO&#8230; LA MATITA &#8220;Caro Luca Zaia, non sacrificheremo i nostri boschi dell&#8217;Unesco e teatro di sanguinose battaglie&#8230;&#8221;&#8221; &#8212; Radio Pi\u00f9\" frameborder=\"0\" marginwidth=\"0\" marginheight=\"0\" scrolling=\"no\"><\/iframe><\/p>\n<p>&nbsp;<\/p>\n<p>&nbsp;<\/p>\n<p>&nbsp;<\/p>\n<p>&nbsp;<\/p>\n<h1>IL B&amp;B A TAIBON CHIUSO A CAUSA DELL&#8217;ORDINARIA BUROCRAZIA<\/h1>\n<p><a class=\"dt-pswp-item\" href=\"http:\/\/www.radiopiu.net\/wordpress\/wp-content\/uploads\/2018\/12\/pp.jpg\" data-dt-img-description=\"\" data-large_image_width=\"567\" data-large_image_height=\"567\"><img loading=\"lazy\" decoding=\"async\" class=\" wp-image-68640 alignleft\" src=\"http:\/\/www.radiopiu.net\/wordpress\/wp-content\/uploads\/2018\/12\/pp-300x300.jpg\" alt=\"\" width=\"170\" height=\"170\" srcset=\"https:\/\/www.radiopiu.net\/wordpress\/wp-content\/uploads\/2018\/12\/pp-300x300.jpg 300w, https:\/\/www.radiopiu.net\/wordpress\/wp-content\/uploads\/2018\/12\/pp-150x150.jpg 150w, https:\/\/www.radiopiu.net\/wordpress\/wp-content\/uploads\/2018\/12\/pp.jpg 567w\" sizes=\"auto, (max-width: 170px) 100vw, 170px\" \/><\/a><strong>TAIBON<\/strong> Pu\u00f2 una burocrate bloccare un&#8217;attivit\u00e0? Sembrerebbe di s\u00ec, lo si evince dal malumore di Mariagrazie che gestisce il B&amp;B Nordest Sudest in zona campagna. Per questo ha scritto in Regione evidenziando il suo malessere<\/p>\n<p><strong>LA LATTERA A ZAIA<\/strong><\/p>\n<p><em>Caro Presidente Zaia <\/em><br \/>\n<em>Con molto rammarico ci ritroviamo a dover constatare che siamo vittime io e mio marito di una cattiva \u201cmacchina burocratica\u201d.<\/em><br \/>\n<em>\u00c8 da mesi che attendiamo la riclassificazione della nostra struttura ricettiva nella conca Agordina, l\u2019addetta alla pratica ha voluto cambiare ogni cavillo e fra moduli sbagliati e diciture errate mi ritrovo con il bed chiuso. La stessa ad una mia richiesta di apertura dell&#8217;attivit\u00e0 mi ha chiuso la cornetta in faccia dopo avermi detto che ci vuole tempo. Ecco tempo non ne abbiamo poich\u00e9 ho le camere gi\u00e0 prenotate da mesi su booking.com, stiamo ospitando gli addetti dell&#8217;Enel, i vigili del fuoco in quanto il 2 novembre ho dovuto fare fronte all&#8217;emergenza. Mi domando in una zona come la nostra dove i mass media urlano che non si trovano posti letto pu\u00f2 una burocrate bloccare un\u2019 attivit\u00e0 che vuole lavorare? A lei la risposta.<\/em><\/p>\n<p><strong>DI GIANNI SANTOMASO<\/strong><\/p>\n<audio class=\"wp-audio-shortcode\" id=\"audio-68610-5\" preload=\"none\" style=\"width: 100%;\" controls=\"controls\"><source type=\"audio\/ogg\" src=\"http:\/\/www.radiopiu.net\/wordpress\/wp-content\/uploads\/2018\/12\/gianni-camere.ogg?_=5\" \/><a href=\"http:\/\/www.radiopiu.net\/wordpress\/wp-content\/uploads\/2018\/12\/gianni-camere.ogg\">http:\/\/www.radiopiu.net\/wordpress\/wp-content\/uploads\/2018\/12\/gianni-camere.ogg<\/a><\/audio>\n<p>&nbsp;<\/p>\n<p>&nbsp;<\/p>\n<p>&nbsp;<\/p>\n<p>&nbsp;<\/p>\n<h1>CANALE D&#8217;AGORDO UN MESE DOPO, FERITE RIMARGINATE<\/h1>\n<p><strong>CANALE D&#8217;AGORDO\u00a0<\/strong>Partecipato incontro ieri sera a Canale d&#8217;Agordo, il sindaco Flavio Colcergnan e il vice sindaco Massimo Murer hanno raccontato i giorni della devastazione, ma anche le ore della ricostruzione in una Canale d&#8217;Agordo rinata dal centro alla Valle di Gares dove chiunque non ha esitato a tirarsi su le maniche e i risultati oggi sono evidenti. Ai cittadini \u00e8 stato spiegato come ottenere gli aiuti economici, entro mercoledi vanno compilati e presentati gli appositi moduli<\/p>\n<p><strong>L&#8217;INTERVISTA AL SINDACO FLAVIO COLCERGNAN E AL VICE MASSIMO MURER<\/strong><\/p>\n<audio class=\"wp-audio-shortcode\" id=\"audio-68610-6\" preload=\"none\" style=\"width: 100%;\" controls=\"controls\"><source type=\"audio\/mpeg\" src=\"http:\/\/www.radiopiu.net\/wordpress\/wp-content\/uploads\/2018\/12\/flavio-inter.mp3?_=6\" \/><a href=\"http:\/\/www.radiopiu.net\/wordpress\/wp-content\/uploads\/2018\/12\/flavio-inter.mp3\">http:\/\/www.radiopiu.net\/wordpress\/wp-content\/uploads\/2018\/12\/flavio-inter.mp3<\/a><\/audio>\n<h1>LA DIRETTA DA FACEBOOK<\/h1>\n<p>&nbsp;<\/p>\n<div id=\"fb-root\"><\/div>\n<p><script async=\"1\" defer=\"1\" crossorigin=\"anonymous\" src=\"https:\/\/connect.facebook.net\/it_IT\/sdk.js#xfbml=1&amp;version=v6.0\"><\/script><\/p>\n<div class=\"fb-video\" data-href=\"https:\/\/www.facebook.com\/mirko.mezzacasa\/videos\/10218443214658509\/\" data-width=\"1200\">\n<blockquote cite=\"https:\/\/www.facebook.com\/mirko.mezzacasa\/videos\/10218443214658509\/\" class=\"fb-xfbml-parse-ignore\"><p><a href=\"https:\/\/www.facebook.com\/mirko.mezzacasa\/videos\/10218443214658509\/\"><\/a><\/p>\n<p>Diretta da Canale d Agordo sala Lotta. Ricordando il 29 ottobre. Incontro con la popolazione<\/p>\n<p>Pubblicato da <a href=\"https:\/\/www.facebook.com\/mirko.mezzacasa\">Mirko Mezzacasa<\/a> su Gioved\u00ec 6 dicembre 2018<\/p><\/blockquote>\n<\/div>\n<p>&nbsp;<\/p>\n<p>&nbsp;<\/p>\n<p>&nbsp;<\/p>\n<p>&nbsp;<\/p>\n<p>&nbsp;<\/p>\n<p>&nbsp;<\/p>\n<blockquote><p>&nbsp;<\/p><\/blockquote>\n<h1>SARA DE BONA NUOVO PRESIDENTE DEL ASD FAVERGA<\/h1>\n<p><a class=\"dt-pswp-item\" href=\"http:\/\/www.radiopiu.net\/wordpress\/wp-content\/uploads\/2018\/12\/Consiglio-al-completo.jpg\" data-dt-img-description=\"\" data-large_image_width=\"4032\" data-large_image_height=\"3024\"><img loading=\"lazy\" decoding=\"async\" class=\"alignnone wp-image-68597 size-large\" src=\"http:\/\/www.radiopiu.net\/wordpress\/wp-content\/uploads\/2018\/12\/Consiglio-al-completo-1024x768.jpg\" alt=\"\" width=\"1024\" height=\"768\" srcset=\"https:\/\/www.radiopiu.net\/wordpress\/wp-content\/uploads\/2018\/12\/Consiglio-al-completo-1024x768.jpg 1024w, https:\/\/www.radiopiu.net\/wordpress\/wp-content\/uploads\/2018\/12\/Consiglio-al-completo-300x225.jpg 300w, https:\/\/www.radiopiu.net\/wordpress\/wp-content\/uploads\/2018\/12\/Consiglio-al-completo-768x576.jpg 768w\" sizes=\"auto, (max-width: 1024px) 100vw, 1024px\" \/><\/a><br \/>\n<strong><a class=\"dt-pswp-item\" href=\"http:\/\/www.radiopiu.net\/wordpress\/wp-content\/uploads\/2018\/12\/Sara-De-Bona.jpg\" data-dt-img-description=\"\" data-large_image_width=\"429\" data-large_image_height=\"486\"><img loading=\"lazy\" decoding=\"async\" class=\" wp-image-68598 alignleft\" src=\"http:\/\/www.radiopiu.net\/wordpress\/wp-content\/uploads\/2018\/12\/Sara-De-Bona-265x300.jpg\" alt=\"\" width=\"163\" height=\"185\" srcset=\"https:\/\/www.radiopiu.net\/wordpress\/wp-content\/uploads\/2018\/12\/Sara-De-Bona-265x300.jpg 265w, https:\/\/www.radiopiu.net\/wordpress\/wp-content\/uploads\/2018\/12\/Sara-De-Bona.jpg 429w\" sizes=\"auto, (max-width: 163px) 100vw, 163px\" \/><\/a>BELLUNO<\/strong> Il 22 novembre presso la nuova cassetta della Frazione di Faverga si \u00e8 riunita l\u2019assemblea dei soci per il rinnovo delle cariche sociali. Durante l\u2019assemblea i consiglieri hanno ringraziato il Presidente uscente Fausto De Col che negli ultimi 6 anni (limite massimo dei mandati previsto dallo Statuto) ha guidato il sodalizio che, grazie al lavoro di squadra, ha portato al compimento la realizzazione della nuova casetta del paese e la riqualificazione dell\u2019area. L\u2019Assemblea ha poi, con voto unanime, eletto nuovo Presidente Sara De Bona gi\u00e0 consigliere nei precedenti mandati. La De Bona sar\u00e0 coadiuvata da altre due donne: Liviana Fontana come vice Presidente e Cristiana Segato come Segretario. \u00c8 stata, inoltre, data la delega di tesoriere al consigliere Franco De Col. Grande soddisfazione per l\u2019entrata nel nuovo consiglio di due giovani, Beniamino Capraro e Nicola Dal Col. Il Consiglio, che rimarr\u00e0 in carica per i prossimi due anni, \u00e8, quindi, cos\u00ec composto: Sara DE BONA (Presidente), Liviana FONTANA (vicePresidente), Cristiana SEGATO (Segretario), Franco DE COL (Tesoriere), Daniele CAPRARO, Paolo CAPRARO, Beniamino CAPRARO, Alessandro DAL COL, Nicola DAL COL, Claudio DALL\u2019ANESE, Daniela DE CESERO, Fausto DE COL, Gianvincenzo SEGAT, Monica SPONGA, Fabio TISON e Chiara TORMEN. Il neo Presidente ha dichiarato che porter\u00e0 avanti in continuit\u00e0 e coerenza l\u2019attivit\u00e0 dell\u2019Associazione portando a termine la riqualificazione dell\u2019area e al contempo consolidando i momenti aggregativi del gruppo e della frazione.<\/p>\n<p>&nbsp;<\/p>\n<p>&nbsp;<\/p>\n<p>&nbsp;<\/p>\n<h1 class=\"entry-title\">NO ALLA TASSAZIONE SU AUTO DIESEL E BENZINA. A RISCHIO 50 MILA POSTI DI LAVORO NELL\u2019AUTORIPARAZIONE<\/h1>\n<blockquote class=\"wp-embedded-content\" data-secret=\"j3U80obLOB\"><p><a href=\"http:\/\/www.radiopiu.net\/wordpress\/no-alla-tassazione-su-auto-diesel-e-benzina-a-rischio-50-mila-posti-di-lavoro-nellautoriparazione\/\">NO ALLA TASSAZIONE SU AUTO DIESEL E BENZINA. A RISCHIO 50 MILA POSTI DI LAVORO NELL\u2019AUTORIPARAZIONE<\/a><\/p><\/blockquote>\n<p><iframe loading=\"lazy\" class=\"wp-embedded-content\" sandbox=\"allow-scripts\" security=\"restricted\" style=\"position: absolute; clip: rect(1px, 1px, 1px, 1px);\" src=\"http:\/\/www.radiopiu.net\/wordpress\/no-alla-tassazione-su-auto-diesel-e-benzina-a-rischio-50-mila-posti-di-lavoro-nellautoriparazione\/embed\/#?secret=j3U80obLOB\" data-secret=\"j3U80obLOB\" width=\"600\" height=\"338\" title=\"&#8220;NO ALLA TASSAZIONE SU AUTO DIESEL E BENZINA. A RISCHIO 50 MILA POSTI DI LAVORO NELL\u2019AUTORIPARAZIONE&#8221; &#8212; Radio Pi\u00f9\" frameborder=\"0\" marginwidth=\"0\" marginheight=\"0\" scrolling=\"no\"><\/iframe><\/p>\n<p>&nbsp;<\/p>\n<p>&nbsp;<\/p>\n<h1>ALZIAMO LA VOCE ONLINE DAL 12 DICEMBRE<\/h1>\n<blockquote>\n<h3><em>IL BRANO REALIZZATO DA CIRCA 50 CANTANTI E MUSICISTI BELLUNESI PER RACCONTARE LA VOGLIA DI REAGIRE DOPO L\u2019ALLUVIONE DI FINE OTTOBRE, CONTRIBUIR\u00c0 CON UNA RACCOLTA FONDI ALLA RICOSTRUZIONI<\/em><\/h3>\n<\/blockquote>\n<p><strong>Nel sito bellunoalzalavoce.it tutte le informazioni per donare, ascoltare e scaricare il brano.<\/strong><\/p>\n<p><strong><a class=\"dt-pswp-item\" href=\"http:\/\/www.radiopiu.net\/wordpress\/wp-content\/uploads\/2018\/12\/BALV_logo.png\" data-dt-img-description=\"\" data-large_image_width=\"794\" data-large_image_height=\"755\"><img loading=\"lazy\" decoding=\"async\" class=\"size-medium wp-image-68622 alignleft\" src=\"http:\/\/www.radiopiu.net\/wordpress\/wp-content\/uploads\/2018\/12\/BALV_logo-300x285.png\" alt=\"\" width=\"300\" height=\"285\" srcset=\"https:\/\/www.radiopiu.net\/wordpress\/wp-content\/uploads\/2018\/12\/BALV_logo-300x285.png 300w, https:\/\/www.radiopiu.net\/wordpress\/wp-content\/uploads\/2018\/12\/BALV_logo-768x730.png 768w, https:\/\/www.radiopiu.net\/wordpress\/wp-content\/uploads\/2018\/12\/BALV_logo.png 794w\" sizes=\"auto, (max-width: 300px) 100vw, 300px\" \/><\/a>BELLUNO\u00a0\u00a0<\/strong>La musica ha un grande potere. Unisce, racconta, d\u00e0 voce a sentimenti, problemi e idee. Lo sanno bene i 50 cantanti e musicisti che hanno scelto di affidare alle note di \u201cAlziamo la voce\u201d la voglia di reagire e ripartire del territorio bellunese dopo l\u2019alluvione di fine ottobre. Una canzone per raccontare l\u2019animo forte e tenace dei bellunesi che, in poco tempo e senza grandi proclami, hanno saputo ripristinare molti dei danni causati dal maltempo, ma anche per dare un aiuto concreto. Partir\u00e0 infatti il 12 dicembre con la pubblicazione del brano, la raccolta fondi destinata alla ricostruzione del bellunese. L\u2019idea di realizzare una canzone per far sentire la voce di Belluno \u00e8 di tre giovani bellunesi, Alessandro Casol, Davide De Faveri e Andrea Albano, e vede coinvolti una cinquantina di cantanti e musicisti con stili, background ed esperienze differenti. \u201cAlziamo la voce\u201d ha visto un grande impegno da parte di tutte le persone che hanno collaborato al progetto: dalla scrittura di testi e musica, alla registrazione in due giorni intensi in un clima di grande condivisione, al mixaggio del brano. Il 12 dicembre \u201cAlziamo la voce\u201d verr\u00e0 pubblicato e sar\u00e0 cos\u00ec possibile contribuire alla raccolta fondi promossa in collaborazione con il Comitato Gocce di Sole Onlus. <strong>TESTI<\/strong>: Davide De Faveri, Marco Dal Farra, Andrea Mole Riva, Roberto Azzolini, Giovanni Jhon Lotto <strong>MUSICA:\u00a0<\/strong>Davide De Faveri, Andrea Albano, Paolo Fornasier, Alessandro Casol <strong>MIXAGGIO:\u00a0<\/strong>Giampaolo Rossi de Il Terzo Mondo Recording Studio <strong>MASTER:\u00a0<\/strong>Marcello Batelli <strong>ARTISTI:\u00a0<\/strong>Francesco Bressan, Damiano Grando, Yuri Piccolotto, Fabio Reolon, Jesai Fiabane, Paolo Molaschi, Mos\u00e8 Andrich, Nicola Menel, Andrea Albano, Paolo Fornasier, Alessandro Casol, Alex Martello, Jessica Da Re, Diego Lavina, Matteo Squaiera, Davide De Bona, Selena Peroly, Renato Pagno Pagnussac, Nicola Bortot, Jessica Lena, Nicola Corso, Mattia Andrich, Michele De Bona, Davide Nenci, Marco De Paoli, Maria Donadel, Marco Dal Farra, Davide Antonietti , Layla Antonietti, Valeriano De Zordo, Simone Inguanta, Marco De Pellegrin, Andrea Mole Riva, Raffaele Azzolini, Giovanni Jhon Lotto, Martino Fregona, Davide De Faveri, Letizia Donadel, Francesco Donadel, Coro MusiCol di Colle Santa Lucia.<\/p>\n<p>&nbsp;<\/p>\n<h1><\/h1>\n<p>&nbsp;<\/p>\n<h1>DOMENICA 16 NASCERA&#8217; IL BORGO VALBELLUNA? LIMANA, LENTIAI E MEL AL VOTO. 20 MILIONI DI EURO E&#8217; UN MOTIVO PER VOTARE SI?\u00a0 NON PER IL COMITATO PER IL NO CHE CHIAMA A RACCOLTA I CITTADINI<\/h1>\n<p><strong>DI DAMIANO TORMEN<\/strong><\/p>\n<audio class=\"wp-audio-shortcode\" id=\"audio-68610-7\" preload=\"none\" style=\"width: 100%;\" controls=\"controls\"><source type=\"audio\/ogg\" src=\"http:\/\/www.radiopiu.net\/wordpress\/wp-content\/uploads\/2018\/12\/DAMIANO-REFEREUNDUM.ogg?_=7\" \/><a href=\"http:\/\/www.radiopiu.net\/wordpress\/wp-content\/uploads\/2018\/12\/DAMIANO-REFEREUNDUM.ogg\">http:\/\/www.radiopiu.net\/wordpress\/wp-content\/uploads\/2018\/12\/DAMIANO-REFEREUNDUM.ogg<\/a><\/audio>\n<h1><\/h1>\n<h1><\/h1>\n<h1><\/h1>\n<h1>CONFINDUSTRIA BELLUNO DOLOMITI: SOSTEGNO ALLA FUSIONE DEI COMUNI DI TRICHIANA, MEL E LENTIAI<\/h1>\n<p><strong><a class=\"dt-pswp-item\" href=\"http:\/\/www.radiopiu.net\/wordpress\/wp-content\/uploads\/2016\/02\/fusione-di-comuni.jpg\" data-dt-img-description=\"\" data-large_image_width=\"445\" data-large_image_height=\"279\"><img loading=\"lazy\" decoding=\"async\" class=\" wp-image-16577 alignleft\" src=\"http:\/\/www.radiopiu.net\/wordpress\/wp-content\/uploads\/2016\/02\/fusione-di-comuni-300x188.jpg\" alt=\"\" width=\"332\" height=\"208\" \/><\/a>BELLUNO<\/strong> \u00abIl 16 dicembre prossimo gli abitanti di Trichiana, Mel e Lentiai possono cambiare in meglio il loro futuro e quello dei giovani, delle famiglie, degli anziani, delle attivit\u00e0 economiche e di tutti coloro che qui vivono: \u00e8 sufficiente che vadano a votare per il referendum e dicano s\u00ec alla nascita di Borgo Valbelluna. Un Comune unico, in tutti i sensi. Unico perch\u00e9 esito della fusione degli attuali tre municipi della Sinistra Piave. E unico perch\u00e9 somma virtuosa di tesori ambientali, storici, architettonici e paesaggistici di particolare valore. Non sostenere attivamente questo progetto sarebbe un errore imperdonabile\u00bb. \u00c8 quanto afferma Andrea Ferrazzi, direttore di Confindustria Belluno Dolomiti, che da sempre sostiene i percorsi di modernizzazione e semplificazione del sistema degli enti locali. \u00abL\u2019Associazione \u2013 aggiunge \u2013 \u00e8 da sempre favorevole a questi processi di aggregazione e di semplificazione amministrativa, perch\u00e9 contribuiscono a rendere un territorio pi\u00f9 competitivo e la sua governance, anche provinciale, pi\u00f9 efficace ed efficiente. Come abitante di Trichiana, originario di Mel e con fortissimi legami con Lentiai, non posso che auspicare e sostenere con forza questo progetto di fusione, che unirebbe tre Comuni molto simili, per storia, tradizioni e caratteristiche territoriali. Nelle molte riunioni con la cittadinanza gli amministratori hanno spiegato benissimo le caratteristiche del progetto e gli enormi vantaggi economici, che si tradurranno in servizi migliori e in tariffe pi\u00f9 basse. Il che significa, ad esempio, scuole pi\u00f9 accoglienti e attrezzate per i bambini, una maggiore manutenzione delle strade e del territorio nel suo insieme, pi\u00f9 sostegno alle attivit\u00e0 economiche, sportive e di volontariato. Insomma, un importante impulso per migliorare la qualit\u00e0 della vita di tutti i residenti. Forse, sarebbe stato auspicabile che questa iniziativa partisse dai cittadini, anzich\u00e9 dalle tre amministrazioni comunali. Confondere il voto sulla fusione con un giudizio sul sindaco e la sua maggioranza sarebbe per\u00f2 un gravissimo errore, perch\u00e9 i benefici saranno per tutti i cittadini, soprattutto se l\u2019amministrazione che verr\u00e0 sar\u00e0 in grado di agire adeguatamente, investendo le risorse che ci saranno secondo una visione ben precisa del futuro di Borgo Valbelluna\u00bb. \u00abAi vantaggi economici e al miglioramento dei servizi e quindi della qualit\u00e0 della vita \u2013 conclude il direttore di Confindustria Belluno Dolomiti \u2013 si aggiunge un altro elemento fondamentale: la bellezza e la ricchezza naturale e culturale di questo territorio stretto tra le Prealpi e il Piave. Basti pensare alla fioritura dei narcisi in Pian de Coltura o in Zelant, al Castello di Zumelle, all\u2019Olt de Val d\u2019Arch, ai Brent del l\u2019Art, a Cateldardo. Un patrimonio unico che non pu\u00f2 che rendere orgogliosi di vivere in un Comune cos\u00ec, peraltro con un nome azzeccato\u00bb.<\/p>\n<p>&nbsp;<\/p>\n<p>&nbsp;<\/p>\n<p>&nbsp;<\/p>\n<h1>L&#8217;INTERVENTO, DI FRANCO PIACENTINI<\/h1>\n<blockquote><p><em><a class=\"dt-pswp-item\" href=\"http:\/\/www.radiopiu.net\/wordpress\/wp-content\/uploads\/2018\/12\/TASSA-PIACENTINI.jpg\" data-dt-img-description=\"\" data-large_image_width=\"1200\" data-large_image_height=\"1600\"><img loading=\"lazy\" decoding=\"async\" class=\" wp-image-68599 alignleft\" src=\"http:\/\/www.radiopiu.net\/wordpress\/wp-content\/uploads\/2018\/12\/TASSA-PIACENTINI-225x300.jpg\" alt=\"\" width=\"146\" height=\"195\" srcset=\"https:\/\/www.radiopiu.net\/wordpress\/wp-content\/uploads\/2018\/12\/TASSA-PIACENTINI-225x300.jpg 225w, https:\/\/www.radiopiu.net\/wordpress\/wp-content\/uploads\/2018\/12\/TASSA-PIACENTINI-768x1024.jpg 768w, https:\/\/www.radiopiu.net\/wordpress\/wp-content\/uploads\/2018\/12\/TASSA-PIACENTINI.jpg 1200w\" sizes=\"auto, (max-width: 146px) 100vw, 146px\" \/><\/a>\u201cI poveri attendono risposte dalla Regione\u201d &#8220;La cronaca giornalistica dei giorni scorsi, ha riportato molto chiaramente, due notizie che si intrecciano tra loro, mettendo in luce l&#8217;ennesimo silenzio della Regione alla domanda di aiuto proveniente dai pi\u00f9 deboli, ai quali, invece, va data soluzione al loro grande problema sociale: la povert\u00e0. Nel merito le due notizie ci dicono: un minore su cinque, qui in Veneto, vive in contesti di povert\u00e0 e questa Giunta regionale non \u00e8, e non lo sar\u00e0 mai, disponibile a far ricorso ad una tassa di scopo sui redditi alti, per finalizzarla ad aiutare i poveri. Ribadita questa gi\u00e0 ben nota posizione, riconfermata dal Governatore del Veneto, &#8220;qualcuno&#8221; del palazzo governativo regionale, dovrebbe dire come e con quanti milioni di euro, realizzer\u00e0 concrete azioni di contrasto alle povert\u00e0 venete. I poveri, giovani e anziani del Veneto, attendono risposte esigibili: basta promesse elettorali e basta chiacchiere mediatiche, con queste nes<\/em><\/p>\n<p>&nbsp;<\/p><\/blockquote>\n<p>&nbsp;<\/p>\n<p>&nbsp;<\/p>\n<h1>DUE COLONNINE DI RICARICA AUTO ELETTRICHE AL PARK DI LAMBIOI<\/h1>\n<blockquote>\n<h3><em>\u00abStrumento per i visitatori e per ridurre l&#8217;inquinamento cittadino\u00bb<\/em><\/h3>\n<\/blockquote>\n\n\t\t\t<style type='text\/css'>\n\t\t\t\t#gallery-2 {\n\t\t\t\t\tmargin: auto;\n\t\t\t\t}\n\t\t\t\t#gallery-2 .gallery-item {\n\t\t\t\t\tfloat: left;\n\t\t\t\t\tmargin-top: 10px;\n\t\t\t\t\ttext-align: center;\n\t\t\t\t\twidth: 33%;\n\t\t\t\t}\n\t\t\t\t#gallery-2 img {\n\t\t\t\t\tborder: 2px solid #cfcfcf;\n\t\t\t\t}\n\t\t\t\t#gallery-2 .gallery-caption {\n\t\t\t\t\tmargin-left: 0;\n\t\t\t\t}\n\t\t\t\t\/* see gallery_shortcode() in wp-includes\/media.php *\/\n\t\t\t<\/style>\n\t\t<div id='gallery-2' class='dt-gallery-container gallery galleryid-68610 gallery-columns-3 gallery-size-thumbnail'><dl class='gallery-item'>\n\t\t\t\t<dt class='gallery-icon landscape'>\n\t\t\t\t\t<a class=\"rollover\" href='https:\/\/www.radiopiu.net\/wordpress\/bf24f269-cde4-4e86-80ed-638141025111\/'><img loading=\"lazy\" decoding=\"async\" width=\"150\" height=\"150\" src=\"https:\/\/www.radiopiu.net\/wordpress\/wp-content\/uploads\/2018\/12\/bf24f269-cde4-4e86-80ed-638141025111-150x150.jpg\" class=\"attachment-thumbnail size-thumbnail\" alt=\"\" \/><\/a>\n\t\t\t\t<\/dt><\/dl><dl class='gallery-item'>\n\t\t\t\t<dt class='gallery-icon landscape'>\n\t\t\t\t\t<a class=\"rollover\" href='https:\/\/www.radiopiu.net\/wordpress\/9f2b9807-bcd2-4cce-97cc-aff0c64ee8f0\/'><img loading=\"lazy\" decoding=\"async\" width=\"150\" height=\"150\" src=\"https:\/\/www.radiopiu.net\/wordpress\/wp-content\/uploads\/2018\/12\/9f2b9807-bcd2-4cce-97cc-aff0c64ee8f0-150x150.jpg\" class=\"attachment-thumbnail size-thumbnail\" alt=\"\" \/><\/a>\n\t\t\t\t<\/dt><\/dl><dl class='gallery-item'>\n\t\t\t\t<dt class='gallery-icon landscape'>\n\t\t\t\t\t<a class=\"rollover\" href='https:\/\/www.radiopiu.net\/wordpress\/9a2ba373-a908-4e58-b3f9-924babd0d90b\/'><img loading=\"lazy\" decoding=\"async\" width=\"150\" height=\"150\" src=\"https:\/\/www.radiopiu.net\/wordpress\/wp-content\/uploads\/2018\/12\/9a2ba373-a908-4e58-b3f9-924babd0d90b-150x150.jpg\" class=\"attachment-thumbnail size-thumbnail\" alt=\"\" \/><\/a>\n\t\t\t\t<\/dt><\/dl><br style=\"clear: both\" \/>\n\t\t\t<\/div>\n\n<p>Sono state attivate\u00a0 le due colonnine di ricarica per auto elettriche installate da Bellunum al parcheggio di Lambioi, a lato dell&#8217;ingresso delle scale mobili. Ad effettuare la prima carica \u00e8 stata la nuova auto elettrica di servizio in dotazione alla societ\u00e0 partecipata dal Comune di Belluno, che verr\u00e0 utilizzata per lo \u201cscassettamento\u201d dei parcometri e per i controlli nei parcheggi cittadini.<\/p>\n<p><strong>L&#8217;ASSESSORE ALL&#8217;AMBIENTE STEFANIA GANZ<\/strong><\/p>\n<audio class=\"wp-audio-shortcode\" id=\"audio-68610-8\" preload=\"none\" style=\"width: 100%;\" controls=\"controls\"><source type=\"audio\/mpeg\" src=\"http:\/\/www.radiopiu.net\/wordpress\/wp-content\/uploads\/2018\/12\/Stefania-Ganz-Assessore-ambiente-Comune-di-Belluno-Colonnine-auto-elettriche-Lambioi.mp3.mp3?_=8\" \/><a href=\"http:\/\/www.radiopiu.net\/wordpress\/wp-content\/uploads\/2018\/12\/Stefania-Ganz-Assessore-ambiente-Comune-di-Belluno-Colonnine-auto-elettriche-Lambioi.mp3.mp3\">http:\/\/www.radiopiu.net\/wordpress\/wp-content\/uploads\/2018\/12\/Stefania-Ganz-Assessore-ambiente-Comune-di-Belluno-Colonnine-auto-elettriche-Lambioi.mp3.mp3<\/a><\/audio>\n<p>Il costo delle due colonnine di ricarica \u00e8 stato di 7mila euro. Belluno \u201ccitt\u00e0 green\u201d, quindi, anche se l&#8217;auto elettrica pu\u00f2 non essere la soluzione all&#8217;inquinamento globale ma migliora la qualit\u00e0 dell&#8217;aria in citt\u00e0<\/p>\n<p><strong>L&#8217;AMMINISTRATORE UNICO DI BELLUNUM DAVIDE LUCICESARE<\/strong><\/p>\n<audio class=\"wp-audio-shortcode\" id=\"audio-68610-9\" preload=\"none\" style=\"width: 100%;\" controls=\"controls\"><source type=\"audio\/mpeg\" src=\"http:\/\/www.radiopiu.net\/wordpress\/wp-content\/uploads\/2018\/12\/Davide-Lucicesare-Amministratore-unico-Bellunum-Colonnine-auto-elettriche-Lambioi.mp3?_=9\" \/><a href=\"http:\/\/www.radiopiu.net\/wordpress\/wp-content\/uploads\/2018\/12\/Davide-Lucicesare-Amministratore-unico-Bellunum-Colonnine-auto-elettriche-Lambioi.mp3\">http:\/\/www.radiopiu.net\/wordpress\/wp-content\/uploads\/2018\/12\/Davide-Lucicesare-Amministratore-unico-Bellunum-Colonnine-auto-elettriche-Lambioi.mp3<\/a><\/audio>\n<p>&nbsp;<\/p>\n<p>&nbsp;<\/p>\n<p>&nbsp;<\/p>\n<h1>BILANCIO: PER D&#8217;INCA&#8217; E&#8217; UN GOVERNO AMICO DELLA MONTAGNA<\/h1>\n<p>VIDEO- AUDIO DALLA RASSEGNA STAMPA DELLE OTTO<\/p>\n<div style=\"width: 848px;\" class=\"wp-video\"><video class=\"wp-video-shortcode\" id=\"video-68610-1\" width=\"848\" height=\"464\" preload=\"metadata\" controls=\"controls\"><source type=\"video\/mp4\" src=\"http:\/\/www.radiopiu.net\/wordpress\/wp-content\/uploads\/2018\/12\/DInc\u00e0-fondi-di-confine-e-fondo-per-la-montagna.mp4?_=1\" \/><a href=\"http:\/\/www.radiopiu.net\/wordpress\/wp-content\/uploads\/2018\/12\/DInc\u00e0-fondi-di-confine-e-fondo-per-la-montagna.mp4\">http:\/\/www.radiopiu.net\/wordpress\/wp-content\/uploads\/2018\/12\/DInc\u00e0-fondi-di-confine-e-fondo-per-la-montagna.mp4<\/a><\/video><\/div>\n<p><strong>ROMA<\/strong> Federico D\u2019Inc\u00e0, deputato Questore della Camera, commenta le misure contenute nella legge di bilancio che riguardano la montagna. \u201cTra le misure importanti e di sistema contenute nella legge di bilancio 2019 ce ne sono due che segnano il grado di attenzione che l\u2019esecutivo ha messo in capo alla montagna e alle sue peculiarit\u00e0 \u2013 commenta il deputato bellunese \u2013 Mi riferisco agli articoli 76 e 77 del testo che riguardano il Fondo delle aree di confine ed il Fondo nazionale per la montagna\u201d. \u201cCon l\u2019art. 76 si incrementa di 25 milioni portandola nella dotazione complessiva a 45 milioni, per il triennio 2019-2021, la dotazione del Fondo per la valorizzazione e la promozione delle aree territoriali svantaggiate confinanti con le regioni a statuto speciale e le province autonome di Trento e di Bolzano \u2013 spiega D\u2019Inc\u00e0 \u2013 Oltre ad aumentare la dotazione del Fondo, viene ridefinita la disciplina e individuati, come beneficiari, i soli comuni della Regioni Veneto appartenenti alle province di Belluno, Treviso e Venezia confinanti con la Regioni Friuli Venezia-Giulia. Noto anche come il Fondo Letta, il fondo vuole ritornare ad essere lo strumento per il finanziamento di specifici progetti finalizzati allo sviluppo economico e sociale e alla valorizzazione del territorio, per migliorare le condizioni di vita dei comuni di confine individuati per macroarea, per un totale di 99 comuni del Nord, di realt\u00e0 periferiche, cio\u00e8, che scontano una concorrenza impari con i comuni situati in regioni e province a statuto speciale&#8221;. \u201cL\u2019altra misura, prevista dall\u2019art. 77, a favore dello sviluppo dei territori montani \u2013 prosegue il parlamentare del Movimento 5 \u2013 Stelle \u00e8 il Fondo nazionale per la montagna, le cui risorse sono ripartite fra le Regioni secondo dei criteri stabiliti con deliberazione del CIPE\u201d. La ripartizione avviene con criteri stabiliti dal CIPE: estensione del territorio montano; popolazione residente nelle aree montane; salvaguardia dell&#8217;ambiente e dello sviluppo delle attivit\u00e0 agro-silvo-pastorali; reddito medio pro-capite; livello dei servizi; entit\u00e0 dei trasferimenti finanziari ordinari e speciali. \u201cPer esempio \u2013 precisa il deputato bellunese \u2013 con l\u2019ultimo bando si \u00e8 scelto di dare priorit\u00e0 di impiego delle risorse del Fondo al contrasto della desertificazione commerciale destinandole ai Comuni totalmente montani, in cui gli esercizi commerciali non siano presenti o siano carenti\u201d. \u201cRifinanziando queste due misure \u2013 conclude D\u2019Inc\u00e0 \u2013 il Governo vuole dimostrare di stare dalla parte di quei cittadini che vivono nelle nostre aree periferiche e che giustamente si sentono trascurati o meno fortunati rispetto ai loro vicini, venendo incontro ai loro bisogni con un contributo concreto, con delle risposte certe\u201d.<\/p>\n<p>&nbsp;<\/p>\n<p>&nbsp;<\/p>\n<p>&nbsp;<\/p>\n<h2>FILIERA BOSCO-LEGNO, L&#8217;ARTICOLO 49BIS DELLA LEGGE DI BILANCIO METTE IL PAESE SULLA STRADA GIUSTA. UNCEM: &#8220;PRIMO PEZZO DI ATTUAZIONE DEL TESTO UNICO FORESTALE. ORA ANDIAMO FINO IN FONDO. PRONTI A LAVORARE IN TUTTI I TERRITORI MONTANI&#8221;<\/h2>\n<p><a class=\"dt-pswp-item\" href=\"http:\/\/www.radiopiu.net\/wordpress\/wp-content\/uploads\/2018\/12\/argentera_ferrere.jpg\" data-dt-img-description=\"\" data-large_image_width=\"865\" data-large_image_height=\"330\"><img loading=\"lazy\" decoding=\"async\" class=\"size-medium wp-image-68270 alignleft\" src=\"http:\/\/www.radiopiu.net\/wordpress\/wp-content\/uploads\/2018\/12\/argentera_ferrere-300x114.jpg\" alt=\"\" width=\"300\" height=\"114\" srcset=\"https:\/\/www.radiopiu.net\/wordpress\/wp-content\/uploads\/2018\/12\/argentera_ferrere-300x114.jpg 300w, https:\/\/www.radiopiu.net\/wordpress\/wp-content\/uploads\/2018\/12\/argentera_ferrere-768x293.jpg 768w, https:\/\/www.radiopiu.net\/wordpress\/wp-content\/uploads\/2018\/12\/argentera_ferrere.jpg 865w\" sizes=\"auto, (max-width: 300px) 100vw, 300px\" \/><\/a>Uncem guarda positivamente ai due nuovi articoli della legge di bilancio in discussione in Parlamento che, grazie ad alcuni emendamenti, fanno un primo passo nella concreta attuazione del Testo unico forestale.\u00a0L&#8217;articolo 49bis istituisce un &#8220;fondo per la gestione e la manutenzione delle foreste italiane e aumenta le percentuali di\u00a0compensazione del legno&#8221;. Qualche riga dopo, sempre all&#8217;articolo 49, vengono individuati &#8220;interventi per il ripristino ambientale e per il sostegno della filiera del legno&#8221;.\u00a0 Previsti 3\u00a0milioni di euro per il 2019, per la rimozione ed il recupero di alberi o di tronchi caduti o\u00a0abbattuti in conseguenza degli eventi atmosferici avversi dei mesi di ottobre e\u00a0novembre 2018 per i quali \u00e8 stato dichiarato lo stato di emergenza.\u00a0Il contributo \u00e8 riconosciuto, nella misura pari al 50 per cento dei costi effettivamente\u00a0sostenuti e documentati, a favore dei soggetti pubblici o privati\u00a0che posseggono o conducono fondi colpiti dagli eventi atmosferici. Sar\u00e0\u00a0un decreto del Ministro delle politiche agricole alimentari,\u00a0forestali e del turismo, di concerto con il Ministro dello sviluppo economico e del\u00a0Ministro dell&#8217;economia e delle finanze, a stabilire le condizioni e le modalit\u00e0 per\u00a0l&#8217;accesso alle agevolazioni e le modalit\u00e0 per il rispetto del limite di spesa autorizzato.\u00a0 \u00a0L&#8217;articolo 49, inoltre, istituisce\u00a0il Fondo per le foreste italiane, con una dotazione iniziale di 2 milioni di euro\u00a0per il 2019, di 2,4 milioni di euro per il 2020, di 5,3 milioni di euro per il 2021 e di 5,2\u00a0milioni di euro dal 2022. Il Fondo serve ad assicurare la tutela, la\u00a0valorizzazione, il monitoraggio e la diffusione della conoscenza delle foreste italiane, in applicazione del Codice forestale nazionale. Entro febbraio 2019, il Mipaaf dovr\u00e0 determinare criteri e modalit\u00e0 di utilizzo del fondo.\u00a0 &#8220;Da mesi Uncem chiede che la nuova legge forestale nazionale venga completata con i nove decreti attuativi &#8211; spiega Marco Bussone, Presidente Uncem &#8211; Questo articolo della legge di bilancio apre un percorso. Le risorse previste sono comunque ancora insufficienti e auspichiamo che un emendamento al Senato possa incrementarle. Uncem \u00e8 pronto a lavorare con il Mipaaf per per applicare il Codice forestale, coinvolgendo tutto il sistema degli Enti locali montani delle Alpi e degli Appennini&#8221;. &#8220;Riteniamo positivo il Parlamento abbia individuato, all&#8217;articolo 49 della manovra, un fondo per sostenere soggetti pubblici e imprese che interverranno nelle zone colpite dagli schianti &#8211; spiegano Ennio Vigne, Presidente Uncem Veneto, e Stefano Lucchini, Vicepresidente Uncem Friuli Venezia Giulia &#8211; Abbiamo bisogno di lavorare nella definizione dei criteri con Mipaaf e Ministero dell&#8217;Ambiente per sostenere realmente le imprese della filiera forestale, quelle che stanno lavorando in questi giorni e altre che interverranno nei prossimi anni. Uncem ritiene sia necessaria una chiara strategia per la gestione di quelle foreste colpite dagli eventi drammatici di ottobre e novembre. Serve un piano e un coinvolgimento dei massimi esperti di filiera bosco-legno, un piano capace di alimentare la domanda e l&#8217;offerta di materiale, di ripartirlo e di stoccarlo, di differenziarlo e innestarlo nell&#8217;industria del mobile nei diversi settori produttivi che hanno bisogno di legname da opera di qualit\u00e0. Uncem far\u00e0 certamente la sua parte&#8221;.<\/p>\n<p>&nbsp;<\/p>\n<p>&nbsp;<\/p>\n<p>&nbsp;<\/p>\n<h1>VIVAIO DOLOMITI, DA OGGI IL NUOVO BANCOMAT IN NEVEGAL<\/h1>\n<p><a class=\"dt-pswp-item\" href=\"http:\/\/www.radiopiu.net\/wordpress\/wp-content\/uploads\/2018\/12\/ATM_NEVEGAL.jpeg\" data-dt-img-description=\"\" data-large_image_width=\"1600\" data-large_image_height=\"900\"><img loading=\"lazy\" decoding=\"async\" class=\"alignnone wp-image-68600 size-large\" src=\"http:\/\/www.radiopiu.net\/wordpress\/wp-content\/uploads\/2018\/12\/ATM_NEVEGAL-1024x576.jpeg\" alt=\"\" width=\"1024\" height=\"576\" srcset=\"https:\/\/www.radiopiu.net\/wordpress\/wp-content\/uploads\/2018\/12\/ATM_NEVEGAL-1024x576.jpeg 1024w, https:\/\/www.radiopiu.net\/wordpress\/wp-content\/uploads\/2018\/12\/ATM_NEVEGAL-300x169.jpeg 300w, https:\/\/www.radiopiu.net\/wordpress\/wp-content\/uploads\/2018\/12\/ATM_NEVEGAL-768x432.jpeg 768w, https:\/\/www.radiopiu.net\/wordpress\/wp-content\/uploads\/2018\/12\/ATM_NEVEGAL.jpeg 1600w\" sizes=\"auto, (max-width: 1024px) 100vw, 1024px\" \/><\/a><\/p>\n<p><strong>BELLUNO<\/strong> Da\u00a0 oggi\u00a0 il servizio ATM per il prelievo dei contanti sar\u00e0 operativo in Nevegal. In questi giorni, inoltre, molti residenti stanno operando per realizzare le decorazioni natalizie in piazzale a testimonianza che c&#8217;\u00e8 voglia di ripartire e crescere. L&#8217;invito, rivolto a tutti coloro i quali dimorano sul Nevegal anche per brevi periodi, \u00e8 di allestire i balconi delle proprie abitazioni con luci, addobbi e quanto di natalizio, per contribuire a creare la giusta atmosfera sul Nevegal. Il servizio prelievo contanti \u00e8 per Vivaio Dolomiti\u00a0 il punto di partenza per rilanciare il Colle, ma tante sono le iniziative che saranno lanciate nelle prossime settimane, con l&#8217;unico obiettivo di valorizzare il Nevegal e tutte le sue energie.<\/p>\n<p>&nbsp;<\/p>\n<p>&nbsp;<\/p>\n<p>&nbsp;<\/p>\n<h1>ISTITUTO COMPRENSIVO DI FELTRE, GLI STUDENTI ISTRUISCONO I PIU&#8217; GIOVANI<\/h1>\n<p><a class=\"dt-pswp-item\" href=\"http:\/\/www.radiopiu.net\/wordpress\/wp-content\/uploads\/2018\/12\/IC-FELTRE-E-arrivato-lambasciatore-2.jpg\" data-dt-img-description=\"\" data-large_image_width=\"2560\" data-large_image_height=\"1440\"><img loading=\"lazy\" decoding=\"async\" class=\"alignnone wp-image-68593 size-large\" src=\"http:\/\/www.radiopiu.net\/wordpress\/wp-content\/uploads\/2018\/12\/IC-FELTRE-E-arrivato-lambasciatore-2-1024x576.jpg\" alt=\"\" width=\"1024\" height=\"576\" srcset=\"https:\/\/www.radiopiu.net\/wordpress\/wp-content\/uploads\/2018\/12\/IC-FELTRE-E-arrivato-lambasciatore-2-1024x576.jpg 1024w, https:\/\/www.radiopiu.net\/wordpress\/wp-content\/uploads\/2018\/12\/IC-FELTRE-E-arrivato-lambasciatore-2-300x169.jpg 300w, https:\/\/www.radiopiu.net\/wordpress\/wp-content\/uploads\/2018\/12\/IC-FELTRE-E-arrivato-lambasciatore-2-768x432.jpg 768w\" sizes=\"auto, (max-width: 1024px) 100vw, 1024px\" \/><\/a><\/p>\n<p><strong>FELTRE<\/strong> Studenti pi\u00f9 grandi ambasciatori di cultura per i pi\u00f9 piccoli. E\u2019 l\u2019iniziativa \u201cE\u2019 arrivato l\u2019ambasciatore\u201d che si \u00e8 svolta oggi all\u2019Istituto comprensivo di Feltre. Ragazzi della scuola media \u201cRocca\u201d di terza B e terza C, in giro per le quinte elementari a spiegare agli altri le caratteristiche e l\u2019esperienza del percorso di studi affrontato in questi tre anni (percorso che i bambini della Primaria dovranno invece iniziare dal prossimo anno). \u201cE\u2019 un progetto che \u00e8 partito l\u2019anno scorso \u2013 spiegano le insegnanti Guini, Brancati Vairo e De Boni \u2013 con buoni risultati, ed \u00e8 per questo che l\u2019abbiamo voluto riproporre anche quest\u2019anno nell\u2019ambito del progetto Orientamento. Per i ragazzi delle medie si tratta di una esperienza formativa molto emozionante perch\u00e9 si mettono in gioco nei confronti dei pi\u00f9 piccoli\u201d. Tanta partecipazione con gli alunni delle elementari carichi di domande da rivolgere ai loro colleghi pi\u00f9 grandi. Oggi \u00e8 toccato alle scuole di Foen e \u201cVittorino\u201d, la prossima settimana sar\u00e0 la volta di Mugnai e Boscariz.<\/p>\n<p>&nbsp;<\/p>\n<p>&nbsp;<\/p>\n<p>&nbsp;<\/p>\n<h1>NATALE GREEN, A NATALE SI RICICLA A FAVORE DELL&#8217;AMBIENTE<\/h1>\n<p><strong>D<\/strong><strong>A LIMANA DAMIANO TORMEN<\/strong><\/p>\n<audio class=\"wp-audio-shortcode\" id=\"audio-68610-10\" preload=\"none\" style=\"width: 100%;\" controls=\"controls\"><source type=\"audio\/ogg\" src=\"http:\/\/www.radiopiu.net\/wordpress\/wp-content\/uploads\/2018\/12\/DAMIANO-LIMANA-1.ogg?_=10\" \/><a href=\"http:\/\/www.radiopiu.net\/wordpress\/wp-content\/uploads\/2018\/12\/DAMIANO-LIMANA-1.ogg\">http:\/\/www.radiopiu.net\/wordpress\/wp-content\/uploads\/2018\/12\/DAMIANO-LIMANA-1.ogg<\/a><\/audio>\n<h1><\/h1>\n<h1><\/h1>\n<p>&nbsp;<\/p>\n<h1>\u00abGELATO TIRAMISU\u2019 ITALIAN CUP\u00bb, A THOMAS IL PRIMO PREMIO<\/h1>\n<p><strong><a class=\"dt-pswp-item\" href=\"http:\/\/www.radiopiu.net\/wordpress\/wp-content\/uploads\/2018\/12\/01-La-vaschetta-del-vincitore-Thomas-Infanti.jpg\" data-dt-img-description=\"\" data-large_image_width=\"1333\" data-large_image_height=\"2000\"><img loading=\"lazy\" decoding=\"async\" class=\"size-medium wp-image-68601 alignleft\" src=\"http:\/\/www.radiopiu.net\/wordpress\/wp-content\/uploads\/2018\/12\/01-La-vaschetta-del-vincitore-Thomas-Infanti-200x300.jpg\" alt=\"\" width=\"200\" height=\"300\" srcset=\"https:\/\/www.radiopiu.net\/wordpress\/wp-content\/uploads\/2018\/12\/01-La-vaschetta-del-vincitore-Thomas-Infanti-200x300.jpg 200w, https:\/\/www.radiopiu.net\/wordpress\/wp-content\/uploads\/2018\/12\/01-La-vaschetta-del-vincitore-Thomas-Infanti-768x1152.jpg 768w, https:\/\/www.radiopiu.net\/wordpress\/wp-content\/uploads\/2018\/12\/01-La-vaschetta-del-vincitore-Thomas-Infanti-682x1024.jpg 682w, https:\/\/www.radiopiu.net\/wordpress\/wp-content\/uploads\/2018\/12\/01-La-vaschetta-del-vincitore-Thomas-Infanti.jpg 1333w\" sizes=\"auto, (max-width: 200px) 100vw, 200px\" \/><\/a>LONGARONE<\/strong> La 7\u00b0 edizione del Gelato Day, la Giornata Europea del Gelato artigianale nata da un\u2019idea di Longarone Fiere e Artglace che come da tradizione si celebrer\u00e0 in tutta Europa il prossimo 24 marzo, avr\u00e0 un sapore tutto italiano. Il gusto dell\u2019anno, infatti, \u00e8 il Tiramis\u00f9 e la ricetta ufficiale per il Gelato Day 2019 \u00e8 firmata da Thomas Infanti, il giovanissimo gelatiere che ha vinto la \u00abGelato Tiramis\u00f9 Italian Cup\u00bb disputatasi in occasione della 59\u00b0 Mostra Internazionale del Gelato. Appena ventunenne, Infanti lavora presso la Gelateria \u201cLe Antiche Tentazioni\u201d di Selvazzano Dentro (PD) dal 2015 e ha vinto sfidando 12 suoi colleghi nella preparazione di una vaschetta a base tiramis\u00f9. A giudicare le preparazioni \u00e8 stata una giuria composta da 11 esperti di arte gelatiera: Henri Tavolieri, vicepresidente Artglace; Georges Streibel, Segretario Associazione Gelatieri Belgio; Emanuela Balestrino, giornalista (Pasticceria Internazionale); Adriano Colle, Accademia Gelateria Italiana (DE); Gianni Minuzzo, docente di Analisi sensoriali; Lorenzo Zambonin dei Gelatieri Artigiani del Triveneto; Riccardo Talamini, presidente Ital (Olanda); Giorgio Venudo, delegato per i Gelatieri di Confartigianato Nazionale Dolciari, e Guido Zandon\u00e0 che ha giudicato le capacit\u00e0 tecniche dei gelatieri alla mattina. Inoltre, in giuria erano presenti anche: Andrea Cicolella e Francesca Piovesana, campioni della \u201cTiramis\u00f9 World Cup\u201d 2017\/2018, Cicolella per la preparazione classica e Piovesana per la preparazione pi\u00f9 innovativa. Formatosi alla Scuola Alberghiera di E. <a class=\"dt-pswp-item\" href=\"http:\/\/www.radiopiu.net\/wordpress\/wp-content\/uploads\/2018\/12\/03-Concorrenti-e-Giuria-della-Gelato-Tiramis\u00f9-Italian-Cup.jpg\" data-dt-img-description=\"\" data-large_image_width=\"2000\" data-large_image_height=\"1333\"><img loading=\"lazy\" decoding=\"async\" class=\"size-medium wp-image-68582 alignright\" src=\"http:\/\/www.radiopiu.net\/wordpress\/wp-content\/uploads\/2018\/12\/03-Concorrenti-e-Giuria-della-Gelato-Tiramis\u00f9-Italian-Cup-300x200.jpg\" alt=\"\" width=\"300\" height=\"200\" srcset=\"https:\/\/www.radiopiu.net\/wordpress\/wp-content\/uploads\/2018\/12\/03-Concorrenti-e-Giuria-della-Gelato-Tiramis\u00f9-Italian-Cup-300x200.jpg 300w, https:\/\/www.radiopiu.net\/wordpress\/wp-content\/uploads\/2018\/12\/03-Concorrenti-e-Giuria-della-Gelato-Tiramis\u00f9-Italian-Cup-768x512.jpg 768w, https:\/\/www.radiopiu.net\/wordpress\/wp-content\/uploads\/2018\/12\/03-Concorrenti-e-Giuria-della-Gelato-Tiramis\u00f9-Italian-Cup-1024x682.jpg 1024w, https:\/\/www.radiopiu.net\/wordpress\/wp-content\/uploads\/2018\/12\/03-Concorrenti-e-Giuria-della-Gelato-Tiramis\u00f9-Italian-Cup.jpg 2000w\" sizes=\"auto, (max-width: 300px) 100vw, 300px\" \/><\/a>Reffo di Tonezza del Cimone (VI), Infanti si era gi\u00e0 distinto nel 2017 per aver vinto il contest per \u00abIl Gusto dell\u2019Anno\u00bb in Italia con il gusto intitolato \u00abDolci Armonie\u00bb, realizzato con ricotta vaccina, miele d\u2019arancio e pistacchio. Conferma dunque anche questa volta il suo talento nell\u2019arte del gelato, riconosciuto anche dalla giuria composta dai visitatori della MIG presso lo stand di Artglace che hanno proclamato Gusto d\u2019Europa il suo Gelato Tiramis\u00f9. Curiosi di sapere come prepararlo? Armatevi degli ingredienti migliori &#8211; latte di alta qualit\u00e0, zucchero, latte scremato, uova fresche, mascarpone, caff\u00e8, cacao e gli immancabili savoiardi -, di tanta gioia e il gelato \u00e8 servito. E per assaggiare questo magico gusto, baster\u00e0 recarsi in tutte le gelaterie d\u2019Europa aderenti al \u201cGelato Day\u201d, l\u2019unica \u201cGiornata\u201d che il Parlamento europeo ha finora dedicato a un alimento, patrimonio di tutta la filiera e perch\u00e9 no, di tutti gli assaggiatori golosi d\u2019Italia e d\u2019Europa. Infine, a chiusura di MIG, un premio speciale \u00e8 stato assegnato da Artglace a Dino e Antonio Dall\u2019Anese di Eiscaf\u00e9 Venezia (Nortorf, Germania), Kairet-Van Eynde Ariane e Denis Les Lutins (Anth\u00e9e, Belgio), alla gelateria Strawberry Fields di Roma, a L\u2019Ancora di Santa Maria di Castellabate (SA), alla Gelateria Bar Combattenti di San Gimignano (SI) e a G.A. &#8211; Comitato Nazionale per la Difesa e la Diffusione del Gelato Artigianale e di Produzione Propria, per l\u2019impegno e i risultati ottenuti in tutta Europa nella promozione della scorsa edizione della Giornata Europea del Gelato Artigianale.<\/p>\n<p>&nbsp;<\/p>\n<p>&nbsp;<\/p>\n<p>&nbsp;<\/p>\n<h1>CURIOSITA&#8217; FOTOGRAFICA, IERI IN VALLE DI GARES&#8230; ANEMONI\u00a0 A DICEMBRE<\/h1>\n<p><a class=\"dt-pswp-item\" href=\"http:\/\/www.radiopiu.net\/wordpress\/wp-content\/uploads\/2018\/12\/768147cf-cc46-4cbb-9c7b-e70914f93c34.jpg\" data-dt-img-description=\"\" data-large_image_width=\"1599\" data-large_image_height=\"1200\"><img loading=\"lazy\" decoding=\"async\" class=\"alignnone wp-image-68614 size-large\" src=\"http:\/\/www.radiopiu.net\/wordpress\/wp-content\/uploads\/2018\/12\/768147cf-cc46-4cbb-9c7b-e70914f93c34-1024x768.jpg\" alt=\"\" width=\"1024\" height=\"768\" srcset=\"https:\/\/www.radiopiu.net\/wordpress\/wp-content\/uploads\/2018\/12\/768147cf-cc46-4cbb-9c7b-e70914f93c34-1024x768.jpg 1024w, https:\/\/www.radiopiu.net\/wordpress\/wp-content\/uploads\/2018\/12\/768147cf-cc46-4cbb-9c7b-e70914f93c34-300x225.jpg 300w, https:\/\/www.radiopiu.net\/wordpress\/wp-content\/uploads\/2018\/12\/768147cf-cc46-4cbb-9c7b-e70914f93c34-768x576.jpg 768w, https:\/\/www.radiopiu.net\/wordpress\/wp-content\/uploads\/2018\/12\/768147cf-cc46-4cbb-9c7b-e70914f93c34.jpg 1599w\" sizes=\"auto, (max-width: 1024px) 100vw, 1024px\" \/><\/a><\/p>\n<p>&nbsp;<\/p>\n<p>&nbsp;<\/p>\n<p>&nbsp;<\/p>\n<p>&nbsp;<\/p>\n<p>&nbsp;<\/p>\n<p><a class=\"dt-pswp-item\" href=\"http:\/\/www.radiopiu.net\/wordpress\/wp-content\/uploads\/2018\/09\/appuntamenti.jpeg\" data-dt-img-description=\"\" data-large_image_width=\"800\" data-large_image_height=\"100\"><img loading=\"lazy\" decoding=\"async\" class=\"alignnone wp-image-61958 size-full\" src=\"http:\/\/www.radiopiu.net\/wordpress\/wp-content\/uploads\/2018\/09\/appuntamenti.jpeg\" alt=\"\" width=\"800\" height=\"100\" srcset=\"https:\/\/www.radiopiu.net\/wordpress\/wp-content\/uploads\/2018\/09\/appuntamenti.jpeg 800w, https:\/\/www.radiopiu.net\/wordpress\/wp-content\/uploads\/2018\/09\/appuntamenti-300x38.jpeg 300w, https:\/\/www.radiopiu.net\/wordpress\/wp-content\/uploads\/2018\/09\/appuntamenti-768x96.jpeg 768w\" sizes=\"auto, (max-width: 800px) 100vw, 800px\" \/><\/a><\/p>\n<p>&nbsp;<\/p>\n<p>&nbsp;<\/p>\n<h1>DA SEDICO TEATRO PER GLI ALLUVIONATI<\/h1>\n<p><strong>SEDICO<\/strong>\u00a0Oggi alle 20.45 alla casa della Dottrina di Sedico serata teatrale con la compagnia &#8220;Le pubbliche bugie&#8221; che presenta la commedia &#8220;La cena delle bugie&#8221; per la regia di Paolo Martinazzo. Ingresso ad offerta libera che sar\u00e0 devoluto alle popolazioni colpite dall&#8217;alluvione di fine ottobre<\/p>\n<p>&nbsp;<\/p>\n<p>&nbsp;<\/p>\n<p>&nbsp;<\/p>\n<h1>20 ANNI DELL&#8217;ARCA CON I VOLUMI &#8220;NOTIZIARI&#8221;<\/h1>\n<p><strong>AGORDO<\/strong> Domani alle 17 all&#8217;Auditorium Vincenzo Savio il Gruppo Archeologico Agordino Arca in occasione del ventennale dalla sua fondazione presenter\u00e0 il libro &#8220;Notiziari&#8221;, 40 opuscoli che hanno accompagnato la vita dell&#8217;associazione con gli interventi della dottoressa Chiara D&#8217;inc\u00e0 del professor Gilberto Artioli\u00a0 e della dottoressa\u00a0 Elodia Bianchin,\u00a0 Oggi alle 15.30 (21.30) domani alle 16 speciale alla radio con il vice presidente Gabriele Fogliata e il consigliere Manuel Conedera<\/p>\n<p>&nbsp;<\/p>\n<p>&nbsp;<\/p>\n<h1>CAVIOLA, MERCATINO DI SAPORI<\/h1>\n<p><strong>FALCADE<\/strong> Sapori protagonisti del mercatino in scena a Caviola, domani con il \u201cMercatino de robe bone e bele\u201d organizzato dalla Pro loco. L\u2019appuntamento \u00e8 sul lungo Tegosa, dalle 10 alle 18. Sempre sabato, ma nella piana di Falcade, andranno in scena i mercatini di Natale, dalle 10 alle 13 e dalle 15 alle 20<\/p>\n<p>&nbsp;<\/p>\n<p>&nbsp;<\/p>\n<h1>I MINERARI FESTEGGIANO SANTA BARBARA<\/h1>\n<p><span style=\"color: #000000;\"><span style=\"font-family: Lora, serif;\"><span style=\"font-size: small;\"><b>CENCENIGHE\u00a0<\/b><\/span><\/span><\/span>Festa di Santa Barbara al Nof Fil\u00f2 di Cencenighe.\u00a0 Questa sera\u00a0 alle 20.30, serata di ballo liscio con Eros &amp; Oscar. Domani\u00a0 alle 1430 tornei a premi di briscola e Fifa 19. Alle 17 aperitivo con Alex Klein mentre dalle 21 dj set con Devil dj, Dany dj e Kiko dj.<\/p>\n<p>&nbsp;<\/p>\n<h1>TRA KRAMPUS E SAN NICOLO&#8217;<\/h1>\n<p><strong>VOLTAGO<\/strong> Domenica alle 19 in Piazza a Frassen\u00e8 il gruppo giovani ripropongono l&#8217;evento Krampus, quando il sole scompare dietro le cime dei monti, cedendo il posto alle tenebre, dai boschi pi\u00f9 fitti e dalle valli pi\u00f9 profonde escono degli esseri demoniaci che castigano adulti e bambini&#8230; solo San Nicolo&#8217; riesce a placare la loro ira, ricacciandoli nelle tenebre, da dove sono venuti. Ma solo fino al prossimo anno. Al termine rinfresco offerto dagli alpini. San Nicolo&#8217; e i Krampus \u00e8 una festa di origine celtica, radicata soprattutto in Austria, Germania e nelle zone di cultura ladina. Le due origini si perdono nella notte dei tempi, la leggenda narra che alcuni ragazzi mentre stavano cercando provviste per l&#8217;inverno travestiti da demoni si accorsero di un intruso tra loro: il diavolo. Spaventati chiamarono il vescovo Nicolo&#8217; perche&#8217; li liberasse dal male. Dall&#8217;anno successivo e poi ogni anno fino a noi si organizzano sfilate che ricordano l&#8217;oscuro avvenimento di quel giorno.<\/p>\n<p>&nbsp;<\/p>\n<p>&nbsp;<\/p>\n<h1>GAV E CARABINIERI A FIANCO DELL&#8217;AIL<\/h1>\n<p><strong><a class=\"dt-pswp-item\" href=\"http:\/\/www.radiopiu.net\/wordpress\/wp-content\/uploads\/2018\/12\/2a83fead-3619-4a86-bf94-049d78c5e7d2.jpg\" data-dt-img-description=\"\" data-large_image_width=\"1200\" data-large_image_height=\"1600\"><img loading=\"lazy\" decoding=\"async\" class=\"size-medium wp-image-68244 alignleft\" src=\"http:\/\/www.radiopiu.net\/wordpress\/wp-content\/uploads\/2018\/12\/2a83fead-3619-4a86-bf94-049d78c5e7d2-225x300.jpg\" alt=\"\" width=\"225\" height=\"300\" srcset=\"https:\/\/www.radiopiu.net\/wordpress\/wp-content\/uploads\/2018\/12\/2a83fead-3619-4a86-bf94-049d78c5e7d2-225x300.jpg 225w, https:\/\/www.radiopiu.net\/wordpress\/wp-content\/uploads\/2018\/12\/2a83fead-3619-4a86-bf94-049d78c5e7d2-768x1024.jpg 768w, https:\/\/www.radiopiu.net\/wordpress\/wp-content\/uploads\/2018\/12\/2a83fead-3619-4a86-bf94-049d78c5e7d2.jpg 1200w\" sizes=\"auto, (max-width: 225px) 100vw, 225px\" \/><\/a>AGORDO <\/strong>I volontari del Gav e L&#8217;Associazione Nazionale Carabinieri saranno in Piazza della Libert\u00e0 per la vendita delle stelle di Natale per l&#8217;Ail nei giorni: oggi domani e domenica<\/p>\n<p>&nbsp;<\/p>\n<p>&nbsp;<\/p>\n<p>&nbsp;<\/p>\n<p>&nbsp;<\/p>\n<p>&nbsp;<\/p>\n<p>&nbsp;<\/p>\n<h1><\/h1>\n<h1><\/h1>\n<h1><\/h1>\n<h1>LA GIORNATA NAZIONALE DEL CIECO, FESTA DI SANTA LUCIA<\/h1>\n<p><strong>BELLUNO<\/strong> L\u2019Unione Italiana dei Ciechi e degli Ipovedenti ONLUS APS sezione territoriale di Belluno, in collaborazione con il Movimento Apostolico Ciechi diocesano, organizza la celebrazione della 60^ Giornata Nazionale del Cieco \u2013 Festa di Santa Lucia &#8211; che avr\u00e0 luogo domenica con il seguente programma: 9 Messa nella chiesa parrocchiale di Cavarzano, 10 trasferimento nella sala parrocchiale, saluti del Consiglio Direttivo UICI di Belluno e delle autorit\u00e0 invitate presenti e consegna della Medaglia d\u2019Oro per le Nozze con l\u2019Unione ai soci iscritti da 50 anni,\u00a0\u00a010.30 Intervento della compagnia teatrale \u201cBretelle Lasche\u201d<\/p>\n<p>&nbsp;<\/p>\n<h1>BOSCHI A NATALE A SOSPIROLO<\/h1>\n<p><strong>SOSPIROLO<\/strong> Ritorna la rassegna \u201cBoschi a Natale\u201d di Unpli e Regione Veneto e la data della Pro loco \u201cMonti del Sole\u201d \u00e8 l\u2019unico appuntamento bellunese: si visiter\u00e0 il bosco delle Rosse domenica 9 dicembre con partenza alle 10 a Mis Regolanova presso il bar al Cacciatore. Si tratta di una escursione accompagnati dalle guide naturalistico-ambientale del &#8220;Mazarol&#8221;; un percorso facile ad anello di 2 ore circa, per il quale si raccomandano le scarpe da trekking. Buffet con prodotti locali al termine della manifestazione in localit\u00e0 Gron presso la Casa delle Associazioni. Iscrizioni 5 euro per gli adulti. Bisogna prenotare tre giorni prima al numero 0438 893385; 320 334 2082. Se si hanno difficolt\u00e0 a raggiungere il posto, basta chiamare Francesco al 320 334 2082. Si tratta di una rassegna voluta dalla Regione e dalle Pro Loco del Veneto per far conoscere parchi, oasi e aree naturali attraverso visite guidate e degustazioni di prodotti tipici.<\/p>\n<p>&nbsp;<\/p>\n<p>&nbsp;<\/p>\n<p>&nbsp;<\/p>\n<h1>I PRIMI 150 ANNI DEL CAI AGORDO<\/h1>\n<p><strong>AGORDO <\/strong>Il Club Alpino Italiano sezione agordina Armando &#8220;Tama&#8221; Da Roit ha organizzato una serata evento per il 150esimo compleanno della prima sezione del Nord Est, quarta in Italia. Sabato 15 dicembre alle 20.30 in Sala Don Tamis<\/p>\n<p>&nbsp;<\/p>\n<p>&nbsp;<\/p>\n<p>&nbsp;<\/p>\n<p>&nbsp;<\/p>\n<p><a class=\"dt-pswp-item\" href=\"http:\/\/www.radiopiu.net\/wordpress\/wp-content\/uploads\/2018\/09\/banner-speciali.png\" data-dt-img-description=\"\" data-large_image_width=\"250\" data-large_image_height=\"175\"><img loading=\"lazy\" decoding=\"async\" class=\"alignnone size-full wp-image-59738\" src=\"http:\/\/www.radiopiu.net\/wordpress\/wp-content\/uploads\/2018\/09\/banner-speciali.png\" alt=\"\" width=\"250\" height=\"175\" \/><\/a><\/p>\n<h1>GIOVANNI MARCHIORI SCULTORE ED INTAGLIATORE DI CAVIOLA<\/h1>\n<p><strong>di RENATO BONA<\/strong><\/p>\n<p><strong>FALCADE<\/strong> Duecentoquaranta anni fa, il 2 gennaio 1778, mancava a Treviso, all\u2019et\u00e0 di 82 anni, lo scultore ed intagliatore bellunese Giovanni Marchiori, che era nato a Caviola, nella Valle del Biois, il 30 marzo 1696, figlio di Marchioro e di Maria Maddalena Fent. La sua attivit\u00e0 \u2013 come ricorda l\u2019enciclopedia libera Wikipedia \u2013 \u201c\u00e8 attestata per la prima volta in un contratto del 17 novembre 1708 con il quale iniziava l&#8217;apprendistato presso l&#8217;intagliatore veneziano Giuseppe Fanoli. Lo stesso documento smentisce quanto sostenuto dalla letteratura ottocentesca, e cio\u00e8 che il Marchiori fosse stato allievo del celebre Andrea Brustolon\u201d. La sua prima opera fu, secondo una tradizione consolidata, un cassettone per la sagrestia della chiesa di Caviola, realizzato attorno al 1715. Poco pi\u00f9 tardi realizz\u00f2 e firm\u00f2 un busto ligneo di Adone. Altri documenti attestano che nel 1725 era titolare di una propria bottega a Venezia e iscritto al collegio degli scultori. Il primo lavoro di rilievo \u00e8 stato un angelo ligneo purtroppo andato perduto, che era destinato al campanile di San Giorgio Maggiore (1727), cui seguirono le decorazioni per due imbarcazioni destinate al trasporto del doge (decise dal Senato nel 1733). Al 1737 risalgono i primi lavori in marmo per le chiese di San Servolo e di San Sebastiano, e per la parrocchiale di Buie in Istria. Fra le numerose opere di Giovanni Marchiori ricorderemo quelle ospitate nella veneziana San Rocco: le statue firmate di San Pietro Orseolo e San Gherardo Sagredo poste sulla facciata; all&#8217;interno, nelle nicchie sulla controfacciata, statue di Davide con la testa di Golia e Santa Cecilia; nella cappella a destra della maggiore lunetta marmorea del 1743 San Rocco in gloria, gi\u00e0 sulla facciata. Nella sacrestia della chiesa di San Simeon Piccolo: Crocifisso in marmo a lui attribuito; nell&#8217;antisacrestia, sopra il lavabo, piccolo rilievo, La probatica piscina , con in basso il ritratto dell&#8217;autore. Chiesa di San Geremia e Santa Lucia: Vergine tra San Francesco di Sales e San Giovanni Nepomuceno. Nella Scuola Grande di San Rocco: dossali intagliati nel legno con 24 \u201cStorie di San Rocco\u201d. Ancora: nell\u2019altare di Santa Maria della Visitazione i Santi Pietro e Marco evangelista. Da Venezia a Treviso: nella chiesa di Santa Maria Maddalena, sull&#8217;altare maggiore, le statue della Fede e della Speranza, nella sagrestia il Redentore. Nei Musei civici di Santa Caterina \u201cTesta di Flora\u201d; a Rovigo, nella Chiesa dei Santi Francesco e Giustina: al terzo altare destro la statua marmorea raffigurante \u201cSan Lorenzo martire\u201d. A Ferrara, nell\u2019ingresso della cattedrale di San Giorgio: statue monumentali dei patroni San Giorgio e San Maurelio vescovo, del 1746; nella pieve della Beata Vergine Immacolata di Strigno, altare destro, una \u201cPiet\u00e0\u201d in marmo; a Monaco di Baviera, nel giardino del Castello di Nymphenburg due sculture del 1765 con Cibele e Saturno; ancora in Germania, nella chiesa di St. Marien a Karlshorst (un tempo nella St-Hedwigs-Kathedrale): il gruppo scultoreo \u201cNoli me tangere\u201d del 1750; a Monselice, Pieve di Santa Giustina, tre bassorilievi con la vita di sant&#8217;Agostino; a San Trovaso, antica chiesa parrocchiale, altare marmoreo con tabernacolo e due angeli. Al paese d\u2019origine, Falcade, chiesa dei Santi Fabiano e Sebastiano: un crocifisso ligneo. Il sito scuolagrandesanrocco.org a sua volta scrive fra l\u2019altro che in San Rocco, \u201cLungo tutto il perimetro del presbiterio della Sala Capitolare, gli sportelli degli armadi settecenteschi, che contenevano un tempo libri e documenti della Scuola, presentano una serie di ventiquattro splendidi bassorilievi realizzati da Giovanni Marchiori tra il 1741 e il 1743, una delle sue prove pi\u00f9 alte come scultore in legno. In quelli ad anta singola sono rappresentate figure allegoriche (Fede, Speranza, Carit\u00e0 e Religione), mentre in quelli a doppia anta sono narrati fatti della vita di San Rocco, concepiti come esempio di un\u2019esistenza illuminata dalla fede e improntata alla carit\u00e0 verso il prossimo e resi dallo scultore con grande capacit\u00e0 narrativa ed efficacia realistica nella descrizione di ambienti e personaggi\u201d. Da ultimo non possiamo non citare lo storico prof. don Ferdinando Tamis del quale il sito digilander ospita un servizio sulla Parrocchia di Falcade in cui fra l\u2019altro specifica: \u201c\u2026 ignoriamo l&#8217;anno preciso in cui fu costruita la chiesa di Falcade, come pure il motivo che ha spinto gli abitanti a dedicare il piccolo tempio ai Ss. Fabiano e Sebastiano; ma crediamo di non sbagliare affermando che fu in seguito a un voto per scongiurare il pericolo di un&#8217;epidemia. La chiesa venne consacrata tra il 1471 e il 1488 dal vescovo di Belluno, Pietro Barozzi: l&#8217; anniversario della dedicazione si celebrava il 29 luglio. L&#8217; altare venne riconsacrato nel 1497 (25 agosto) dal vescovo Bernardo Rossi\u201d. Ed il pubblicista e scrittore Gism Dario Fontanive che sul libricino \u201cFalcade e l\u2019alta Val Biois\u201d, stampato nel 1993 per Edizioni turismo veneto, elencando i personaggi illustri e gli artisti falcadini cita: Augusto Murer, don Francesco Pellegrini, Bartolomeo Zander, Gianmaria Pellegrini, don Pietro Follador, padre Felice Maria Cappello, i contemporanei Dante Moro e Franco Murer e, appunto, Giovanni Marchiori \u201cuno dei massimi scultori della scuola veneta del \u2018700\u201d, rammentando che \u201cDelle sue opere in Val Biois si conservano un crocifisso nella chiesa di Falcade Alto, due armadi finemente intagliati nella chiesa di Caviola e il San Giovanni Battista della fonte battesimale nella chiesa di Canale d\u2019Agordo\u201d.<\/p>\n<p><strong> NELLE FOTO (Dario Fontanive e Wikipedia): opere di Giovanni Marchiori a Monaco di Baviera, Venezia San Rocco, e nelle chiese di Falcade e Canale d\u2019Agordo.<\/strong><\/p>\n\n\t\t\t<style type='text\/css'>\n\t\t\t\t#gallery-3 {\n\t\t\t\t\tmargin: auto;\n\t\t\t\t}\n\t\t\t\t#gallery-3 .gallery-item {\n\t\t\t\t\tfloat: left;\n\t\t\t\t\tmargin-top: 10px;\n\t\t\t\t\ttext-align: center;\n\t\t\t\t\twidth: 33%;\n\t\t\t\t}\n\t\t\t\t#gallery-3 img {\n\t\t\t\t\tborder: 2px solid #cfcfcf;\n\t\t\t\t}\n\t\t\t\t#gallery-3 .gallery-caption {\n\t\t\t\t\tmargin-left: 0;\n\t\t\t\t}\n\t\t\t\t\/* see gallery_shortcode() in wp-includes\/media.php *\/\n\t\t\t<\/style>\n\t\t<div id='gallery-3' class='dt-gallery-container gallery galleryid-68610 gallery-columns-3 gallery-size-thumbnail'><dl class='gallery-item'>\n\t\t\t\t<dt class='gallery-icon portrait'>\n\t\t\t\t\t<a class=\"rollover\" href='https:\/\/www.radiopiu.net\/wordpress\/giornale-radiopiu-07-dicembre-direttore-mirko-mezzacasa\/47680141_2290678397650378_7729174995003244544_n\/'><img loading=\"lazy\" decoding=\"async\" width=\"150\" height=\"150\" src=\"https:\/\/www.radiopiu.net\/wordpress\/wp-content\/uploads\/2018\/12\/47680141_2290678397650378_7729174995003244544_n-150x150.jpg\" class=\"attachment-thumbnail size-thumbnail\" alt=\"\" \/><\/a>\n\t\t\t\t<\/dt><\/dl><dl class='gallery-item'>\n\t\t\t\t<dt class='gallery-icon portrait'>\n\t\t\t\t\t<a class=\"rollover\" href='https:\/\/www.radiopiu.net\/wordpress\/giornale-radiopiu-07-dicembre-direttore-mirko-mezzacasa\/47502931_294123411220583_8206707253022031872_n\/'><img loading=\"lazy\" decoding=\"async\" width=\"150\" height=\"150\" src=\"https:\/\/www.radiopiu.net\/wordpress\/wp-content\/uploads\/2018\/12\/47502931_294123411220583_8206707253022031872_n-150x150.jpg\" class=\"attachment-thumbnail size-thumbnail\" alt=\"\" \/><\/a>\n\t\t\t\t<\/dt><\/dl><dl class='gallery-item'>\n\t\t\t\t<dt class='gallery-icon landscape'>\n\t\t\t\t\t<a class=\"rollover\" href='https:\/\/www.radiopiu.net\/wordpress\/giornale-radiopiu-07-dicembre-direttore-mirko-mezzacasa\/47573637_765177697170732_613475317331263488_n\/'><img loading=\"lazy\" decoding=\"async\" width=\"150\" height=\"150\" src=\"https:\/\/www.radiopiu.net\/wordpress\/wp-content\/uploads\/2018\/12\/47573637_765177697170732_613475317331263488_n-150x150.jpg\" class=\"attachment-thumbnail size-thumbnail\" alt=\"\" \/><\/a>\n\t\t\t\t<\/dt><\/dl><br style=\"clear: both\" \/><dl class='gallery-item'>\n\t\t\t\t<dt class='gallery-icon portrait'>\n\t\t\t\t\t<a class=\"rollover\" href='https:\/\/www.radiopiu.net\/wordpress\/giornale-radiopiu-07-dicembre-direttore-mirko-mezzacasa\/47499559_463133664211615_115406050416394240_n\/'><img loading=\"lazy\" decoding=\"async\" width=\"150\" height=\"150\" src=\"https:\/\/www.radiopiu.net\/wordpress\/wp-content\/uploads\/2018\/12\/47499559_463133664211615_115406050416394240_n-150x150.jpg\" class=\"attachment-thumbnail size-thumbnail\" alt=\"\" \/><\/a>\n\t\t\t\t<\/dt><\/dl><dl class='gallery-item'>\n\t\t\t\t<dt class='gallery-icon landscape'>\n\t\t\t\t\t<a class=\"rollover\" href='https:\/\/www.radiopiu.net\/wordpress\/giornale-radiopiu-07-dicembre-direttore-mirko-mezzacasa\/47506492_348008192656258_4170425145770377216_n\/'><img loading=\"lazy\" decoding=\"async\" width=\"150\" height=\"150\" src=\"https:\/\/www.radiopiu.net\/wordpress\/wp-content\/uploads\/2018\/12\/47506492_348008192656258_4170425145770377216_n-150x150.jpg\" class=\"attachment-thumbnail size-thumbnail\" alt=\"\" \/><\/a>\n\t\t\t\t<\/dt><\/dl>\n\t\t\t\t<br style='clear: both' \/>\n\t\t\t<\/div>\n\n<p>&nbsp;<\/p>\n<p>&nbsp;<\/p>\n<p>&nbsp;<\/p>\n<p>&nbsp;<\/p>\n<p>&nbsp;<\/p>\n<p><a class=\"dt-pswp-item\" href=\"http:\/\/www.radiopiu.net\/wordpress\/wp-content\/uploads\/2018\/09\/sport.jpg\" data-dt-img-description=\"\" data-large_image_width=\"800\" data-large_image_height=\"100\"><img loading=\"lazy\" decoding=\"async\" class=\"alignnone wp-image-60761 size-full\" src=\"http:\/\/www.radiopiu.net\/wordpress\/wp-content\/uploads\/2018\/09\/sport.jpg\" alt=\"\" width=\"800\" height=\"100\" srcset=\"https:\/\/www.radiopiu.net\/wordpress\/wp-content\/uploads\/2018\/09\/sport.jpg 800w, https:\/\/www.radiopiu.net\/wordpress\/wp-content\/uploads\/2018\/09\/sport-300x38.jpg 300w, https:\/\/www.radiopiu.net\/wordpress\/wp-content\/uploads\/2018\/09\/sport-768x96.jpg 768w\" sizes=\"auto, (max-width: 800px) 100vw, 800px\" \/><\/a><\/p>\n<div class=\"page-title-head hgroup\">\n<h1 class=\"entry-title\">L\u2019ALLEGHE CROLLA NEL TERZO TEMPO CONTRO IL MERANO<\/h1>\n<\/div>\n<div class=\"page-title-breadcrumbs\"><\/div>\n<blockquote class=\"wp-embedded-content\" data-secret=\"VriIwxXVJ1\"><p><a href=\"https:\/\/www.radiopiu.net\/wordpress\/lalleghe-crolla-nel-terzo-tempo-contro-il-merano\/\">L\u2019ALLEGHE CROLLA NEL TERZO TEMPO CONTRO IL MERANO<\/a><\/p><\/blockquote>\n<p><iframe loading=\"lazy\" class=\"wp-embedded-content\" sandbox=\"allow-scripts\" security=\"restricted\" style=\"position: absolute; clip: rect(1px, 1px, 1px, 1px);\" src=\"https:\/\/www.radiopiu.net\/wordpress\/lalleghe-crolla-nel-terzo-tempo-contro-il-merano\/embed\/#?secret=VriIwxXVJ1\" data-secret=\"VriIwxXVJ1\" width=\"600\" height=\"338\" title=\"&#8220;L\u2019ALLEGHE CROLLA NEL TERZO TEMPO CONTRO IL MERANO&#8221; &#8212; Radio Pi\u00f9\" frameborder=\"0\" marginwidth=\"0\" marginheight=\"0\" scrolling=\"no\"><\/iframe><\/p>\n<p>&nbsp;<\/p>\n<p>&nbsp;<\/p>\n<p>&nbsp;<\/p>\n<p><a class=\"dt-pswp-item\" href=\"http:\/\/www.radiopiu.net\/wordpress\/wp-content\/uploads\/2018\/09\/WhatsApp-Image-2018-09-20-at-16.04.06.jpeg\" data-dt-img-description=\"\" data-large_image_width=\"800\" data-large_image_height=\"100\"><img loading=\"lazy\" decoding=\"async\" class=\"alignnone wp-image-61378 size-full\" src=\"http:\/\/www.radiopiu.net\/wordpress\/wp-content\/uploads\/2018\/09\/WhatsApp-Image-2018-09-20-at-16.04.06.jpeg\" alt=\"\" width=\"800\" height=\"100\" srcset=\"https:\/\/www.radiopiu.net\/wordpress\/wp-content\/uploads\/2018\/09\/WhatsApp-Image-2018-09-20-at-16.04.06.jpeg 800w, https:\/\/www.radiopiu.net\/wordpress\/wp-content\/uploads\/2018\/09\/WhatsApp-Image-2018-09-20-at-16.04.06-300x38.jpeg 300w, https:\/\/www.radiopiu.net\/wordpress\/wp-content\/uploads\/2018\/09\/WhatsApp-Image-2018-09-20-at-16.04.06-768x96.jpeg 768w\" sizes=\"auto, (max-width: 800px) 100vw, 800px\" \/><\/a><\/p>\n<h1>DA OGGI A VENERDI<\/h1>\n<p><strong>Venerdi 7<\/strong><br \/>\nTempo atteso: Dopo la copertura del primo mattino, in giornata cielo perlopi\u00f9 poco nuvoloso, con possibili nebbie al primo mattino. Verso sera formazione di estese nubi basse nelle valli prealpine, in successiva estensione a quelle dolomitiche in serata.<br \/>\nPrecipitazioni: In giornata assenti (0%). In tarda serata non escluse prime debolissime precipitazioni (20-30%), nevose oltre 1300\/1500 m<br \/>\nTemperature: Minime in diminuzione al mattino nelle valli e alla sera in quota; massime in generale aumento, anche assai elevate in quota. Inversione termica notturna nelle valli. Sono previste punte di 9\/11\u00b0C nei fondovalle prealpini e di 7\/8\u00b0C a 1000\/1200 m. Su Prealpi a 1500 m min 1\u00b0C max 6\u00b0C, a 2000 m min -1\u00b0C max 3\u00b0C. Su Dolomiti a 2000 m min -2\u00b0C max 3\u00b0C, a 3000 m min -6\u00b0C max 1\u00b0C.<br \/>\nVenti: Nelle valli deboli di direzione variabile; in quota fino al primo pomeriggio deboli\/moderati occidentali, poi in intensificazione, specie sulle vette in serata, a 10-30 km\/h a 2000 m, 20-40 km\/h a 3000 m.<br \/>\n<strong>Sabato 8<\/strong><br \/>\nTempo atteso: Nella seconda parte della notte lieve e breve peggioramento con precipitazioni sparse anche a carattere di rovescio. Entro il primo mattino rapido miglioramento con cielo sempre pi\u00f9 sereno, aria tersa ed ottima visibilit\u00e0. Clima pi\u00f9 freddo, anche ventoso in quota.<br \/>\nPrecipitazioni: Durante la notte probabilit\u00e0 alta di fenomeni sparsi (70\/80%), con limite neve attorno ai 1100\/1200 m sulle Dolomiti e 1200\/1300 m sulle Prealpi. Dopo il primo mattino precipitazioni assenti (0%). Sono previsti da 2 a 6 mm con altrettanti cm di neve oltre i 1200\/1400 m.<br \/>\nTemperature: In generale diminuzione a tutte le quote, eccetto qualche aumento nelle valli interessate da effetto Foehn. Sono previste punte di 5\/6\u00b0C nei fondovalle prealpini e di 3\/4\u00b0C a 1000\/1200 m localmente fino a 6\/7\u00b0C per favonio. Su Prealpi a 1500 m min -1\u00b0C max 0\u00b0C, a 2000 m min -4\u00b0C max -2\u00b0C. Su Dolomiti a 2000 m min -5\u00b0C max -3\u00b0C, a 3000 m min -11\u00b0C max -9\u00b0C.<br \/>\nVenti: Nelle valli deboli\/variabili con significativi rinforzi per Foehn da met\u00e0 mattinata in poi; in quota tesi\/forti da Nord-Ovest, a 30-50 km\/h a 2000 m, 60-80 km\/h a 3000 m.<br \/>\n<strong>Domenica 9<\/strong><br \/>\nParzialmente soleggiato e ancora ventoso in quota, con probabili addensamenti e burrasche di neve in quota sulle Dolomiti settentrionali, specie al pomeriggio. Temperature stazionarie o in lieve ripresa. Venti in montagna tesi da Nord-Ovest, a tratti forti sulle vette pi\u00f9 alte.<br \/>\n<strong>Lunedi 10<\/strong><br \/>\nAtmosfera un po&#8217; umida e fredda con brevi schiarite in un cielo perlopi\u00f9 nuvoloso con burrasche di neve in quota sulle Dolomiti, sporadicamente anche nelle valli. Maggiori tratti soleggiati e minore nuvolosit\u00e0 sulle Prealpi, senza fenomeni. Temperature in calo con clima invernale in quota. Venti tesi da Nord-Ovest in quota, anche forti sulle cime pi\u00f9 alte, con Foehn in molte valli. Previsore: R.L.Th.<\/p>\n","protected":false},"excerpt":{"rendered":"<p>VENETO STRADE\u00a0203 AGORDINA DALLE 14 IN LOCALITA&#8217; LE CAMPE RIPRISTINO DOPPIO SENSO DI MARCIA &nbsp; 203 AGORDINA TOLTO IL SEMAFORO AL PONTE DEL GHIRLO CENCENIGHE DOPPIO SENSO RIPRISTINATO &nbsp; 641 PASSO FEDAIA, RIAPERTA DALLA 12 TRA SOTTOGUDA E IL PASSO &nbsp; Canale d&#8217;Agordo un mese dopo la devastazione \u00e8 un altro paese, i cittadini soprattutto&hellip;<\/p>\n","protected":false},"author":1,"featured_media":68689,"comment_status":"closed","ping_status":"closed","sticky":false,"template":"","format":"standard","meta":{"_monsterinsights_skip_tracking":false,"_monsterinsights_sitenote_active":false,"_monsterinsights_sitenote_note":"","_monsterinsights_sitenote_category":0,"footnotes":""},"categories":[1,86],"tags":[],"class_list":["post-68610","post","type-post","status-publish","format-standard","has-post-thumbnail","hentry","category-senza-categoria","category-gr","category-1","category-86","description-off"],"img_url":"https:\/\/www.radiopiu.net\/wordpress\/wp-content\/uploads\/2018\/12\/452fb91d-d8ec-4961-ae66-794ea148bb5c.jpg","_links":{"self":[{"href":"https:\/\/www.radiopiu.net\/wordpress\/wp-json\/wp\/v2\/posts\/68610","targetHints":{"allow":["GET"]}}],"collection":[{"href":"https:\/\/www.radiopiu.net\/wordpress\/wp-json\/wp\/v2\/posts"}],"about":[{"href":"https:\/\/www.radiopiu.net\/wordpress\/wp-json\/wp\/v2\/types\/post"}],"author":[{"embeddable":true,"href":"https:\/\/www.radiopiu.net\/wordpress\/wp-json\/wp\/v2\/users\/1"}],"replies":[{"embeddable":true,"href":"https:\/\/www.radiopiu.net\/wordpress\/wp-json\/wp\/v2\/comments?post=68610"}],"version-history":[{"count":0,"href":"https:\/\/www.radiopiu.net\/wordpress\/wp-json\/wp\/v2\/posts\/68610\/revisions"}],"wp:featuredmedia":[{"embeddable":true,"href":"https:\/\/www.radiopiu.net\/wordpress\/wp-json\/wp\/v2\/media\/68689"}],"wp:attachment":[{"href":"https:\/\/www.radiopiu.net\/wordpress\/wp-json\/wp\/v2\/media?parent=68610"}],"wp:term":[{"taxonomy":"category","embeddable":true,"href":"https:\/\/www.radiopiu.net\/wordpress\/wp-json\/wp\/v2\/categories?post=68610"},{"taxonomy":"post_tag","embeddable":true,"href":"https:\/\/www.radiopiu.net\/wordpress\/wp-json\/wp\/v2\/tags?post=68610"}],"curies":[{"name":"wp","href":"https:\/\/api.w.org\/{rel}","templated":true}]}}