{"id":68656,"date":"2018-12-07T06:14:26","date_gmt":"2018-12-07T05:14:26","guid":{"rendered":"http:\/\/www.radiopiu.net\/wordpress\/?p=68656"},"modified":"2018-12-07T06:14:26","modified_gmt":"2018-12-07T05:14:26","slug":"domenica-16-nascera-il-borgo-valbelluna","status":"publish","type":"post","link":"https:\/\/www.radiopiu.net\/wordpress\/domenica-16-nascera-il-borgo-valbelluna\/","title":{"rendered":"DOMENICA 16 NASCERA&#8217; IL BORGO VALBELLUNA?"},"content":{"rendered":"<h1>\u00a0LIMANA, LENTIAI E MEL AL VOTO. 20 MILIONI DI EURO E&#8217; UN MOTIVO PER VOTARE SI?\u00a0 NON PER IL COMITATO PER IL NO CHE CHIAMA A RACCOLTA I CITTADINI<\/h1>\n<p><strong>DI DAMIANO TORMEN<\/strong><\/p>\n<audio class=\"wp-audio-shortcode\" id=\"audio-68656-1\" preload=\"none\" style=\"width: 100%;\" controls=\"controls\"><source type=\"audio\/ogg\" src=\"http:\/\/www.radiopiu.net\/wordpress\/wp-content\/uploads\/2018\/12\/DAMIANO-REFEREUNDUM.ogg?_=1\" \/><a href=\"http:\/\/www.radiopiu.net\/wordpress\/wp-content\/uploads\/2018\/12\/DAMIANO-REFEREUNDUM.ogg\">http:\/\/www.radiopiu.net\/wordpress\/wp-content\/uploads\/2018\/12\/DAMIANO-REFEREUNDUM.ogg<\/a><\/audio>\n<h1><\/h1>\n<h1><\/h1>\n<h1><\/h1>\n<h1>CONFINDUSTRIA BELLUNO DOLOMITI: SOSTEGNO ALLA FUSIONE DEI COMUNI DI TRICHIANA, MEL E LENTIAI<\/h1>\n<p><strong><a class=\"dt-pswp-item\" href=\"http:\/\/www.radiopiu.net\/wordpress\/wp-content\/uploads\/2016\/02\/fusione-di-comuni.jpg\" data-dt-img-description=\"\" data-large_image_width=\"445\" data-large_image_height=\"279\"><img loading=\"lazy\" decoding=\"async\" class=\" wp-image-16577 alignleft\" src=\"http:\/\/www.radiopiu.net\/wordpress\/wp-content\/uploads\/2016\/02\/fusione-di-comuni-300x188.jpg\" alt=\"\" width=\"332\" height=\"208\" \/><\/a>BELLUNO<\/strong> \u00abIl 16 dicembre prossimo gli abitanti di Trichiana, Mel e Lentiai possono cambiare in meglio il loro futuro e quello dei giovani, delle famiglie, degli anziani, delle attivit\u00e0 economiche e di tutti coloro che qui vivono: \u00e8 sufficiente che vadano a votare per il referendum e dicano s\u00ec alla nascita di Borgo Valbelluna. Un Comune unico, in tutti i sensi. Unico perch\u00e9 esito della fusione degli attuali tre municipi della Sinistra Piave. E unico perch\u00e9 somma virtuosa di tesori ambientali, storici, architettonici e paesaggistici di particolare valore. Non sostenere attivamente questo progetto sarebbe un errore imperdonabile\u00bb. \u00c8 quanto afferma Andrea Ferrazzi, direttore di Confindustria Belluno Dolomiti, che da sempre sostiene i percorsi di modernizzazione e semplificazione del sistema degli enti locali. \u00abL\u2019Associazione \u2013 aggiunge \u2013 \u00e8 da sempre favorevole a questi processi di aggregazione e di semplificazione amministrativa, perch\u00e9 contribuiscono a rendere un territorio pi\u00f9 competitivo e la sua governance, anche provinciale, pi\u00f9 efficace ed efficiente. Come abitante di Trichiana, originario di Mel e con fortissimi legami con Lentiai, non posso che auspicare e sostenere con forza questo progetto di fusione, che unirebbe tre Comuni molto simili, per storia, tradizioni e caratteristiche territoriali. Nelle molte riunioni con la cittadinanza gli amministratori hanno spiegato benissimo le caratteristiche del progetto e gli enormi vantaggi economici, che si tradurranno in servizi migliori e in tariffe pi\u00f9 basse. Il che significa, ad esempio, scuole pi\u00f9 accoglienti e attrezzate per i bambini, una maggiore manutenzione delle strade e del territorio nel suo insieme, pi\u00f9 sostegno alle attivit\u00e0 economiche, sportive e di volontariato. Insomma, un importante impulso per migliorare la qualit\u00e0 della vita di tutti i residenti. Forse, sarebbe stato auspicabile che questa iniziativa partisse dai cittadini, anzich\u00e9 dalle tre amministrazioni comunali. Confondere il voto sulla fusione con un giudizio sul sindaco e la sua maggioranza sarebbe per\u00f2 un gravissimo errore, perch\u00e9 i benefici saranno per tutti i cittadini, soprattutto se l\u2019amministrazione che verr\u00e0 sar\u00e0 in grado di agire adeguatamente, investendo le risorse che ci saranno secondo una visione ben precisa del futuro di Borgo Valbelluna\u00bb. \u00abAi vantaggi economici e al miglioramento dei servizi e quindi della qualit\u00e0 della vita \u2013 conclude il direttore di Confindustria Belluno Dolomiti \u2013 si aggiunge un altro elemento fondamentale: la bellezza e la ricchezza naturale e culturale di questo territorio stretto tra le Prealpi e il Piave. Basti pensare alla fioritura dei narcisi in Pian de Coltura o in Zelant, al Castello di Zumelle, all\u2019Olt de Val d\u2019Arch, ai Brent del l\u2019Art, a Cateldardo. Un patrimonio unico che non pu\u00f2 che rendere orgogliosi di vivere in un Comune cos\u00ec, peraltro con un nome azzeccato\u00bb.<\/p>\n","protected":false},"excerpt":{"rendered":"<p>\u00a0LIMANA, LENTIAI E MEL AL VOTO. 20 MILIONI DI EURO E&#8217; UN MOTIVO PER VOTARE SI?\u00a0 NON PER IL COMITATO PER IL NO CHE CHIAMA A RACCOLTA I CITTADINI DI DAMIANO TORMEN CONFINDUSTRIA BELLUNO DOLOMITI: SOSTEGNO ALLA FUSIONE DEI COMUNI DI TRICHIANA, MEL E LENTIAI BELLUNO \u00abIl 16 dicembre prossimo gli abitanti di Trichiana, Mel&hellip;<\/p>\n","protected":false},"author":1,"featured_media":43936,"comment_status":"closed","ping_status":"closed","sticky":false,"template":"","format":"standard","meta":{"_monsterinsights_skip_tracking":false,"_monsterinsights_sitenote_active":false,"_monsterinsights_sitenote_note":"","_monsterinsights_sitenote_category":0,"footnotes":""},"categories":[49],"tags":[],"class_list":["post-68656","post","type-post","status-publish","format-standard","has-post-thumbnail","hentry","category-news-18","category-49","description-off"],"img_url":"https:\/\/www.radiopiu.net\/wordpress\/wp-content\/uploads\/2018\/02\/LIMANA.jpg","_links":{"self":[{"href":"https:\/\/www.radiopiu.net\/wordpress\/wp-json\/wp\/v2\/posts\/68656","targetHints":{"allow":["GET"]}}],"collection":[{"href":"https:\/\/www.radiopiu.net\/wordpress\/wp-json\/wp\/v2\/posts"}],"about":[{"href":"https:\/\/www.radiopiu.net\/wordpress\/wp-json\/wp\/v2\/types\/post"}],"author":[{"embeddable":true,"href":"https:\/\/www.radiopiu.net\/wordpress\/wp-json\/wp\/v2\/users\/1"}],"replies":[{"embeddable":true,"href":"https:\/\/www.radiopiu.net\/wordpress\/wp-json\/wp\/v2\/comments?post=68656"}],"version-history":[{"count":0,"href":"https:\/\/www.radiopiu.net\/wordpress\/wp-json\/wp\/v2\/posts\/68656\/revisions"}],"wp:featuredmedia":[{"embeddable":true,"href":"https:\/\/www.radiopiu.net\/wordpress\/wp-json\/wp\/v2\/media\/43936"}],"wp:attachment":[{"href":"https:\/\/www.radiopiu.net\/wordpress\/wp-json\/wp\/v2\/media?parent=68656"}],"wp:term":[{"taxonomy":"category","embeddable":true,"href":"https:\/\/www.radiopiu.net\/wordpress\/wp-json\/wp\/v2\/categories?post=68656"},{"taxonomy":"post_tag","embeddable":true,"href":"https:\/\/www.radiopiu.net\/wordpress\/wp-json\/wp\/v2\/tags?post=68656"}],"curies":[{"name":"wp","href":"https:\/\/api.w.org\/{rel}","templated":true}]}}