{"id":68670,"date":"2018-12-07T06:39:39","date_gmt":"2018-12-07T05:39:39","guid":{"rendered":"http:\/\/www.radiopiu.net\/wordpress\/?p=68670"},"modified":"2018-12-07T06:39:39","modified_gmt":"2018-12-07T05:39:39","slug":"sara-de-bona-nuovo-presidente-del-asd-faverga","status":"publish","type":"post","link":"https:\/\/www.radiopiu.net\/wordpress\/sara-de-bona-nuovo-presidente-del-asd-faverga\/","title":{"rendered":"SARA DE BONA NUOVO PRESIDENTE DEL ASD FAVERGA"},"content":{"rendered":"<p>&nbsp;<\/p>\n<p>&nbsp;<\/p>\n<h1><\/h1>\n<p><a class=\"dt-pswp-item\" href=\"http:\/\/www.radiopiu.net\/wordpress\/wp-content\/uploads\/2018\/12\/Consiglio-al-completo.jpg\" data-dt-img-description=\"\" data-large_image_width=\"4032\" data-large_image_height=\"3024\"><img loading=\"lazy\" decoding=\"async\" class=\"alignnone wp-image-68597 size-large\" src=\"http:\/\/www.radiopiu.net\/wordpress\/wp-content\/uploads\/2018\/12\/Consiglio-al-completo-1024x768.jpg\" alt=\"\" width=\"1024\" height=\"768\" srcset=\"https:\/\/www.radiopiu.net\/wordpress\/wp-content\/uploads\/2018\/12\/Consiglio-al-completo-1024x768.jpg 1024w, https:\/\/www.radiopiu.net\/wordpress\/wp-content\/uploads\/2018\/12\/Consiglio-al-completo-300x225.jpg 300w, https:\/\/www.radiopiu.net\/wordpress\/wp-content\/uploads\/2018\/12\/Consiglio-al-completo-768x576.jpg 768w\" sizes=\"auto, (max-width: 1024px) 100vw, 1024px\" \/><\/a><br \/>\n<strong><a class=\"dt-pswp-item\" href=\"http:\/\/www.radiopiu.net\/wordpress\/wp-content\/uploads\/2018\/12\/Sara-De-Bona.jpg\" data-dt-img-description=\"\" data-large_image_width=\"429\" data-large_image_height=\"486\"><img loading=\"lazy\" decoding=\"async\" class=\" wp-image-68598 alignleft\" src=\"http:\/\/www.radiopiu.net\/wordpress\/wp-content\/uploads\/2018\/12\/Sara-De-Bona-265x300.jpg\" alt=\"\" width=\"163\" height=\"185\" srcset=\"https:\/\/www.radiopiu.net\/wordpress\/wp-content\/uploads\/2018\/12\/Sara-De-Bona-265x300.jpg 265w, https:\/\/www.radiopiu.net\/wordpress\/wp-content\/uploads\/2018\/12\/Sara-De-Bona.jpg 429w\" sizes=\"auto, (max-width: 163px) 100vw, 163px\" \/><\/a>BELLUNO<\/strong> Il 22 novembre presso la nuova cassetta della Frazione di Faverga si \u00e8 riunita l\u2019assemblea dei soci per il rinnovo delle cariche sociali. Durante l\u2019assemblea i consiglieri hanno ringraziato il Presidente uscente Fausto De Col che negli ultimi 6 anni (limite massimo dei mandati previsto dallo Statuto) ha guidato il sodalizio che, grazie al lavoro di squadra, ha portato al compimento la realizzazione della nuova casetta del paese e la riqualificazione dell\u2019area. L\u2019Assemblea ha poi, con voto unanime, eletto nuovo Presidente Sara De Bona gi\u00e0 consigliere nei precedenti mandati. La De Bona sar\u00e0 coadiuvata da altre due donne: Liviana Fontana come vice Presidente e Cristiana Segato come Segretario. \u00c8 stata, inoltre, data la delega di tesoriere al consigliere Franco De Col. Grande soddisfazione per l\u2019entrata nel nuovo consiglio di due giovani, Beniamino Capraro e Nicola Dal Col. Il Consiglio, che rimarr\u00e0 in carica per i prossimi due anni, \u00e8, quindi, cos\u00ec composto: Sara DE BONA (Presidente), Liviana FONTANA (vicePresidente), Cristiana SEGATO (Segretario), Franco DE COL (Tesoriere), Daniele CAPRARO, Paolo CAPRARO, Beniamino CAPRARO, Alessandro DAL COL, Nicola DAL COL, Claudio DALL\u2019ANESE, Daniela DE CESERO, Fausto DE COL, Gianvincenzo SEGAT, Monica SPONGA, Fabio TISON e Chiara TORMEN. Il neo Presidente ha dichiarato che porter\u00e0 avanti in continuit\u00e0 e coerenza l\u2019attivit\u00e0 dell\u2019Associazione portando a termine la riqualificazione dell\u2019area e al contempo consolidando i momenti aggregativi del gruppo e della frazione.<\/p>\n<p>&nbsp;<\/p>\n<p>&nbsp;<\/p>\n","protected":false},"excerpt":{"rendered":"<p>&nbsp; &nbsp; BELLUNO Il 22 novembre presso la nuova cassetta della Frazione di Faverga si \u00e8 riunita l\u2019assemblea dei soci per il rinnovo delle cariche sociali. Durante l\u2019assemblea i consiglieri hanno ringraziato il Presidente uscente Fausto De Col che negli ultimi 6 anni (limite massimo dei mandati previsto dallo Statuto) ha guidato il sodalizio che,&hellip;<\/p>\n","protected":false},"author":1,"featured_media":68598,"comment_status":"closed","ping_status":"closed","sticky":false,"template":"","format":"standard","meta":{"_monsterinsights_skip_tracking":false,"_monsterinsights_sitenote_active":false,"_monsterinsights_sitenote_note":"","_monsterinsights_sitenote_category":0,"footnotes":""},"categories":[49],"tags":[],"class_list":["post-68670","post","type-post","status-publish","format-standard","has-post-thumbnail","hentry","category-news-18","category-49","description-off"],"img_url":"https:\/\/www.radiopiu.net\/wordpress\/wp-content\/uploads\/2018\/12\/Sara-De-Bona.jpg","_links":{"self":[{"href":"https:\/\/www.radiopiu.net\/wordpress\/wp-json\/wp\/v2\/posts\/68670","targetHints":{"allow":["GET"]}}],"collection":[{"href":"https:\/\/www.radiopiu.net\/wordpress\/wp-json\/wp\/v2\/posts"}],"about":[{"href":"https:\/\/www.radiopiu.net\/wordpress\/wp-json\/wp\/v2\/types\/post"}],"author":[{"embeddable":true,"href":"https:\/\/www.radiopiu.net\/wordpress\/wp-json\/wp\/v2\/users\/1"}],"replies":[{"embeddable":true,"href":"https:\/\/www.radiopiu.net\/wordpress\/wp-json\/wp\/v2\/comments?post=68670"}],"version-history":[{"count":0,"href":"https:\/\/www.radiopiu.net\/wordpress\/wp-json\/wp\/v2\/posts\/68670\/revisions"}],"wp:featuredmedia":[{"embeddable":true,"href":"https:\/\/www.radiopiu.net\/wordpress\/wp-json\/wp\/v2\/media\/68598"}],"wp:attachment":[{"href":"https:\/\/www.radiopiu.net\/wordpress\/wp-json\/wp\/v2\/media?parent=68670"}],"wp:term":[{"taxonomy":"category","embeddable":true,"href":"https:\/\/www.radiopiu.net\/wordpress\/wp-json\/wp\/v2\/categories?post=68670"},{"taxonomy":"post_tag","embeddable":true,"href":"https:\/\/www.radiopiu.net\/wordpress\/wp-json\/wp\/v2\/tags?post=68670"}],"curies":[{"name":"wp","href":"https:\/\/api.w.org\/{rel}","templated":true}]}}