{"id":68672,"date":"2018-12-07T06:41:48","date_gmt":"2018-12-07T05:41:48","guid":{"rendered":"http:\/\/www.radiopiu.net\/wordpress\/?p=68672"},"modified":"2018-12-07T06:41:48","modified_gmt":"2018-12-07T05:41:48","slug":"gelato-tiramisu-italian-cup-a-thomas-il-primo-premio","status":"publish","type":"post","link":"https:\/\/www.radiopiu.net\/wordpress\/gelato-tiramisu-italian-cup-a-thomas-il-primo-premio\/","title":{"rendered":"\u00abGELATO TIRAMISU\u2019 ITALIAN CUP\u00bb, A THOMAS IL PRIMO PREMIO"},"content":{"rendered":"<p>&nbsp;<\/p>\n<h1><\/h1>\n<p><strong><a class=\"dt-pswp-item\" href=\"http:\/\/www.radiopiu.net\/wordpress\/wp-content\/uploads\/2018\/12\/01-La-vaschetta-del-vincitore-Thomas-Infanti.jpg\" data-dt-img-description=\"\" data-large_image_width=\"1333\" data-large_image_height=\"2000\"><img loading=\"lazy\" decoding=\"async\" class=\"size-medium wp-image-68601 alignleft\" src=\"http:\/\/www.radiopiu.net\/wordpress\/wp-content\/uploads\/2018\/12\/01-La-vaschetta-del-vincitore-Thomas-Infanti-200x300.jpg\" alt=\"\" width=\"200\" height=\"300\" srcset=\"https:\/\/www.radiopiu.net\/wordpress\/wp-content\/uploads\/2018\/12\/01-La-vaschetta-del-vincitore-Thomas-Infanti-200x300.jpg 200w, https:\/\/www.radiopiu.net\/wordpress\/wp-content\/uploads\/2018\/12\/01-La-vaschetta-del-vincitore-Thomas-Infanti-768x1152.jpg 768w, https:\/\/www.radiopiu.net\/wordpress\/wp-content\/uploads\/2018\/12\/01-La-vaschetta-del-vincitore-Thomas-Infanti-682x1024.jpg 682w, https:\/\/www.radiopiu.net\/wordpress\/wp-content\/uploads\/2018\/12\/01-La-vaschetta-del-vincitore-Thomas-Infanti.jpg 1333w\" sizes=\"auto, (max-width: 200px) 100vw, 200px\" \/><\/a>LONGARONE<\/strong> La 7\u00b0 edizione del Gelato Day, la Giornata Europea del Gelato artigianale nata da un\u2019idea di Longarone Fiere e Artglace che come da tradizione si celebrer\u00e0 in tutta Europa il prossimo 24 marzo, avr\u00e0 un sapore tutto italiano. Il gusto dell\u2019anno, infatti, \u00e8 il Tiramis\u00f9 e la ricetta ufficiale per il Gelato Day 2019 \u00e8 firmata da Thomas Infanti, il giovanissimo gelatiere che ha vinto la \u00abGelato Tiramis\u00f9 Italian Cup\u00bb disputatasi in occasione della 59\u00b0 Mostra Internazionale del Gelato. Appena ventunenne, Infanti lavora presso la Gelateria \u201cLe Antiche Tentazioni\u201d di Selvazzano Dentro (PD) dal 2015 e ha vinto sfidando 12 suoi colleghi nella preparazione di una vaschetta a base tiramis\u00f9. A giudicare le preparazioni \u00e8 stata una giuria composta da 11 esperti di arte gelatiera: Henri Tavolieri, vicepresidente Artglace; Georges Streibel, Segretario Associazione Gelatieri Belgio; Emanuela Balestrino, giornalista (Pasticceria Internazionale); Adriano Colle, Accademia Gelateria Italiana (DE); Gianni Minuzzo, docente di Analisi sensoriali; Lorenzo Zambonin dei Gelatieri Artigiani del Triveneto; Riccardo Talamini, presidente Ital (Olanda); Giorgio Venudo, delegato per i Gelatieri di Confartigianato Nazionale Dolciari, e Guido Zandon\u00e0 che ha giudicato le capacit\u00e0 tecniche dei gelatieri alla mattina. Inoltre, in giuria erano presenti anche: Andrea Cicolella e Francesca Piovesana, campioni della \u201cTiramis\u00f9 World Cup\u201d 2017\/2018, Cicolella per la preparazione classica e Piovesana per la preparazione pi\u00f9 innovativa. Formatosi alla Scuola Alberghiera di E. <a class=\"dt-pswp-item\" href=\"http:\/\/www.radiopiu.net\/wordpress\/wp-content\/uploads\/2018\/12\/03-Concorrenti-e-Giuria-della-Gelato-Tiramis\u00f9-Italian-Cup.jpg\" data-dt-img-description=\"\" data-large_image_width=\"2000\" data-large_image_height=\"1333\"><img loading=\"lazy\" decoding=\"async\" class=\"size-medium wp-image-68582 alignright\" src=\"http:\/\/www.radiopiu.net\/wordpress\/wp-content\/uploads\/2018\/12\/03-Concorrenti-e-Giuria-della-Gelato-Tiramis\u00f9-Italian-Cup-300x200.jpg\" alt=\"\" width=\"300\" height=\"200\" srcset=\"https:\/\/www.radiopiu.net\/wordpress\/wp-content\/uploads\/2018\/12\/03-Concorrenti-e-Giuria-della-Gelato-Tiramis\u00f9-Italian-Cup-300x200.jpg 300w, https:\/\/www.radiopiu.net\/wordpress\/wp-content\/uploads\/2018\/12\/03-Concorrenti-e-Giuria-della-Gelato-Tiramis\u00f9-Italian-Cup-768x512.jpg 768w, https:\/\/www.radiopiu.net\/wordpress\/wp-content\/uploads\/2018\/12\/03-Concorrenti-e-Giuria-della-Gelato-Tiramis\u00f9-Italian-Cup-1024x682.jpg 1024w, https:\/\/www.radiopiu.net\/wordpress\/wp-content\/uploads\/2018\/12\/03-Concorrenti-e-Giuria-della-Gelato-Tiramis\u00f9-Italian-Cup.jpg 2000w\" sizes=\"auto, (max-width: 300px) 100vw, 300px\" \/><\/a>Reffo di Tonezza del Cimone (VI), Infanti si era gi\u00e0 distinto nel 2017 per aver vinto il contest per \u00abIl Gusto dell\u2019Anno\u00bb in Italia con il gusto intitolato \u00abDolci Armonie\u00bb, realizzato con ricotta vaccina, miele d\u2019arancio e pistacchio. Conferma dunque anche questa volta il suo talento nell\u2019arte del gelato, riconosciuto anche dalla giuria composta dai visitatori della MIG presso lo stand di Artglace che hanno proclamato Gusto d\u2019Europa il suo Gelato Tiramis\u00f9. Curiosi di sapere come prepararlo? Armatevi degli ingredienti migliori &#8211; latte di alta qualit\u00e0, zucchero, latte scremato, uova fresche, mascarpone, caff\u00e8, cacao e gli immancabili savoiardi -, di tanta gioia e il gelato \u00e8 servito. E per assaggiare questo magico gusto, baster\u00e0 recarsi in tutte le gelaterie d\u2019Europa aderenti al \u201cGelato Day\u201d, l\u2019unica \u201cGiornata\u201d che il Parlamento europeo ha finora dedicato a un alimento, patrimonio di tutta la filiera e perch\u00e9 no, di tutti gli assaggiatori golosi d\u2019Italia e d\u2019Europa. Infine, a chiusura di MIG, un premio speciale \u00e8 stato assegnato da Artglace a Dino e Antonio Dall\u2019Anese di Eiscaf\u00e9 Venezia (Nortorf, Germania), Kairet-Van Eynde Ariane e Denis Les Lutins (Anth\u00e9e, Belgio), alla gelateria Strawberry Fields di Roma, a L\u2019Ancora di Santa Maria di Castellabate (SA), alla Gelateria Bar Combattenti di San Gimignano (SI) e a G.A. &#8211; Comitato Nazionale per la Difesa e la Diffusione del Gelato Artigianale e di Produzione Propria, per l\u2019impegno e i risultati ottenuti in tutta Europa nella promozione della scorsa edizione della Giornata Europea del Gelato Artigianale.<\/p>\n<p>&nbsp;<\/p>\n<p>&nbsp;<\/p>\n<p>&nbsp;<\/p>\n","protected":false},"excerpt":{"rendered":"<p>&nbsp; LONGARONE La 7\u00b0 edizione del Gelato Day, la Giornata Europea del Gelato artigianale nata da un\u2019idea di Longarone Fiere e Artglace che come da tradizione si celebrer\u00e0 in tutta Europa il prossimo 24 marzo, avr\u00e0 un sapore tutto italiano. Il gusto dell\u2019anno, infatti, \u00e8 il Tiramis\u00f9 e la ricetta ufficiale per il Gelato Day&hellip;<\/p>\n","protected":false},"author":1,"featured_media":68601,"comment_status":"closed","ping_status":"closed","sticky":false,"template":"","format":"standard","meta":{"_monsterinsights_skip_tracking":false,"_monsterinsights_sitenote_active":false,"_monsterinsights_sitenote_note":"","_monsterinsights_sitenote_category":0,"footnotes":""},"categories":[49],"tags":[],"class_list":["post-68672","post","type-post","status-publish","format-standard","has-post-thumbnail","hentry","category-news-18","category-49","description-off"],"img_url":"https:\/\/www.radiopiu.net\/wordpress\/wp-content\/uploads\/2018\/12\/01-La-vaschetta-del-vincitore-Thomas-Infanti.jpg","_links":{"self":[{"href":"https:\/\/www.radiopiu.net\/wordpress\/wp-json\/wp\/v2\/posts\/68672","targetHints":{"allow":["GET"]}}],"collection":[{"href":"https:\/\/www.radiopiu.net\/wordpress\/wp-json\/wp\/v2\/posts"}],"about":[{"href":"https:\/\/www.radiopiu.net\/wordpress\/wp-json\/wp\/v2\/types\/post"}],"author":[{"embeddable":true,"href":"https:\/\/www.radiopiu.net\/wordpress\/wp-json\/wp\/v2\/users\/1"}],"replies":[{"embeddable":true,"href":"https:\/\/www.radiopiu.net\/wordpress\/wp-json\/wp\/v2\/comments?post=68672"}],"version-history":[{"count":0,"href":"https:\/\/www.radiopiu.net\/wordpress\/wp-json\/wp\/v2\/posts\/68672\/revisions"}],"wp:featuredmedia":[{"embeddable":true,"href":"https:\/\/www.radiopiu.net\/wordpress\/wp-json\/wp\/v2\/media\/68601"}],"wp:attachment":[{"href":"https:\/\/www.radiopiu.net\/wordpress\/wp-json\/wp\/v2\/media?parent=68672"}],"wp:term":[{"taxonomy":"category","embeddable":true,"href":"https:\/\/www.radiopiu.net\/wordpress\/wp-json\/wp\/v2\/categories?post=68672"},{"taxonomy":"post_tag","embeddable":true,"href":"https:\/\/www.radiopiu.net\/wordpress\/wp-json\/wp\/v2\/tags?post=68672"}],"curies":[{"name":"wp","href":"https:\/\/api.w.org\/{rel}","templated":true}]}}