{"id":68770,"date":"2018-12-08T21:24:00","date_gmt":"2018-12-08T20:24:00","guid":{"rendered":"http:\/\/www.radiopiu.net\/wordpress\/?p=68770"},"modified":"2018-12-08T21:24:00","modified_gmt":"2018-12-08T20:24:00","slug":"dalle-tredicesime-il-fisco-incassa-11-miliardi-di-euro","status":"publish","type":"post","link":"https:\/\/www.radiopiu.net\/wordpress\/dalle-tredicesime-il-fisco-incassa-11-miliardi-di-euro\/","title":{"rendered":"DALLE TREDICESIME IL FISCO INCASSA  11 MILIARDI DI EURO"},"content":{"rendered":"<p>Con l\u2019arrivo delle tredicesime, a festeggiare sotto l\u2019albero di Natale sar\u00e0 anche il fisco. A fronte di circa 47 miliardi di mensilit\u00e0 aggiuntiva che a dicembre saranno erogati a 33,7 milioni di pensionati, operai e impiegati, l\u2019erario, attraverso le ritenute Irpef, ne prelever\u00e0 11 e alla fine in tasca ai beneficiari ne rimarranno 36 (vedi Tab. 1).<\/p>\n<p><a class=\"dt-pswp-item\" href=\"http:\/\/www.radiopiu.net\/wordpress\/wp-content\/uploads\/2018\/12\/Schermata-2018-12-08-alle-21.20.33.png\" data-dt-img-description=\"\" data-large_image_width=\"844\" data-large_image_height=\"464\"><img loading=\"lazy\" decoding=\"async\" class=\"size-medium wp-image-68771 alignleft\" src=\"http:\/\/www.radiopiu.net\/wordpress\/wp-content\/uploads\/2018\/12\/Schermata-2018-12-08-alle-21.20.33-300x165.png\" alt=\"\" width=\"300\" height=\"165\" srcset=\"https:\/\/www.radiopiu.net\/wordpress\/wp-content\/uploads\/2018\/12\/Schermata-2018-12-08-alle-21.20.33-300x165.png 300w, https:\/\/www.radiopiu.net\/wordpress\/wp-content\/uploads\/2018\/12\/Schermata-2018-12-08-alle-21.20.33-768x422.png 768w, https:\/\/www.radiopiu.net\/wordpress\/wp-content\/uploads\/2018\/12\/Schermata-2018-12-08-alle-21.20.33.png 844w\" sizes=\"auto, (max-width: 300px) 100vw, 300px\" \/><\/a>Grazie alla gratifica natalizia, segnala la CGIA, si spera che a far festa siano anche i piccoli commercianti e le botteghe artigiane. E\u2019 vero che una buona parte di questa mensilit\u00e0 sar\u00e0 spesa nel mese di dicembre per pagare la rata del mutuo, le bollette, il saldo dell\u2019Imu\/Tasi sulla seconda abitazione e la Tari (tributo per l\u2019asporto e lo smaltimento dei rifiuti), ma \u00e8 altrettanto auspicabile che la rimanente parte venga utilizzata per far ripartire i consumi interni.<\/p>\n<p>\u201cNegli ultimi 10 anni \u2013 dichiara il coordinatore dell\u2019Ufficio studi della CGIA Paolo Zabeo \u2013 gli acquisti natalizi sono crollati di circa il 50 per cento, con una spesa complessiva che l\u2019anno scorso si \u00e8 attestata attorno ai 10 miliardi di euro. Questa contrazione ha penalizzato soprattutto i negozi di vicinato, mentre gli outlet e la grande distribuzione organizzata sono riusciti ad ammortizzare il colpo. Speriamo che anche grazie alle tredicesime, in questo ultimo mese dell\u2019anno si torni a spendere intelligentemente, ridando cos\u00ec fiato alla domanda interna che in Italia rimane ancora troppo debole\u201d.<\/p>\n<p>Oltre ai consumi, un\u2019altra voce importante che incide sulla ricchezza prodotta nel Paese sono gli investimenti. Se rispetto al 2007 (anno pre crisi) questi sono ancora inferiori del 22 per cento, nel 2018 dovrebbero registrare una crescita del 4 per cento, in buona parte riconducibile alle misure messe in campo per favorire la diffusione della digitalizzazione nel nostro sistema produttivo.<\/p>\n<p>\u201cPur essendo uno strumento intelligente \u2013 afferma il Segretario della CGIA Renato Mason &#8211; il piano 4.0 rimane tarato sulle esigenze delle medie e delle grandi aziende. Ragion per cui \u00e8 indispensabile rivedere questo strumento per allargarne la platea dei beneficiari. E\u2019\u00a0 necessario, inoltre, che nella rivoluzione digitale che dovremo affrontare nei prossimi anni non siano coinvolte solo le aziende, ma anche la Pubblica amministrazione, la scuola e\u00a0 le maestranze. Questa sfida si vince se, tutti assieme, saremo in grado di\u00a0 fare squadra, giocando questa partita con la consapevolezza che chi rimarr\u00e0 indietro avr\u00e0 poche possibilit\u00e0 di stare al passo con le principali potenze economiche del mondo\u201d.<\/p>\n<p>A livello territoriale la Regione che presenta il pi\u00f9 alto numero di beneficiari della tredicesima mensilit\u00e0 \u00e8 la Lombardia: le persone interessate saranno poco pi\u00f9 di 6 milioni. Seguono i 3.255.000 residenti nel Lazio e i 2.923.000 abitanti del Veneto (vedi Tab. 2).<\/p>\n<p><a class=\"dt-pswp-item\" href=\"http:\/\/www.radiopiu.net\/wordpress\/wp-content\/uploads\/2018\/12\/Schermata-2018-12-08-alle-21.21.06.png\" data-dt-img-description=\"\" data-large_image_width=\"920\" data-large_image_height=\"1248\"><img loading=\"lazy\" decoding=\"async\" class=\"size-medium wp-image-68772 alignleft\" src=\"http:\/\/www.radiopiu.net\/wordpress\/wp-content\/uploads\/2018\/12\/Schermata-2018-12-08-alle-21.21.06-221x300.png\" alt=\"\" width=\"221\" height=\"300\" srcset=\"https:\/\/www.radiopiu.net\/wordpress\/wp-content\/uploads\/2018\/12\/Schermata-2018-12-08-alle-21.21.06-221x300.png 221w, https:\/\/www.radiopiu.net\/wordpress\/wp-content\/uploads\/2018\/12\/Schermata-2018-12-08-alle-21.21.06-768x1042.png 768w, https:\/\/www.radiopiu.net\/wordpress\/wp-content\/uploads\/2018\/12\/Schermata-2018-12-08-alle-21.21.06-755x1024.png 755w, https:\/\/www.radiopiu.net\/wordpress\/wp-content\/uploads\/2018\/12\/Schermata-2018-12-08-alle-21.21.06.png 920w\" sizes=\"auto, (max-width: 221px) 100vw, 221px\" \/><\/a>L\u2019Ufficio studi della CGIA, infine, tiene a precisare che le tredicesime dei lavoratori dipendenti non godranno del cosiddetto \u201cbonus Renzi\u201d.<\/p>\n<p>I dipendenti che anche nel 2018 hanno beneficiato del bonus non potranno disporre di questa agevolazione sulla mensilit\u00e0 aggiuntiva: la legge, infatti, non lo prevede. Anzi, non \u00e8 da escludere, come purtroppo \u00e8 gi\u00e0 avvenuto negli anni passati, che alcuni dipendenti che hanno percepito lo sconto fiscale siano costretti a restituirlo.<\/p>\n<p>Ricordiamo, infatti, che gli 80 euro in pi\u00f9 in busta paga spettano per intero a coloro che non superano i 24.600 euro di reddito annuo e in misura minore se lo stesso \u00e8 compreso tra i 24.600 e i 26.600 mila euro. Pertanto, se nel corso dell\u2019anno sono state superate queste soglie, senza che il datore di lavoro ne abbia tenuto conto, la restituzione di quanto percepito avverr\u00e0 con la decurtazione della busta paga di dicembre.<\/p>\n<p>Note<br \/>\nI dati si riferiscono all\u2019anno 2017. Il totale dei pensionati e quindi anche il totale dei percettori, non coincide con la somma delle singole regioni in quanto in tabella non sono stati riportati i beneficiari di pensione residenti all\u2019estero o non ripartibili.<\/p>\n","protected":false},"excerpt":{"rendered":"<p>Con l\u2019arrivo delle tredicesime, a festeggiare sotto l\u2019albero di Natale sar\u00e0 anche il fisco. A fronte di circa 47 miliardi di mensilit\u00e0 aggiuntiva che a dicembre saranno erogati a 33,7 milioni di pensionati, operai e impiegati, l\u2019erario, attraverso le ritenute Irpef, ne prelever\u00e0 11 e alla fine in tasca ai beneficiari ne rimarranno 36 (vedi&hellip;<\/p>\n","protected":false},"author":1,"featured_media":68773,"comment_status":"closed","ping_status":"closed","sticky":false,"template":"","format":"standard","meta":{"_monsterinsights_skip_tracking":false,"_monsterinsights_sitenote_active":false,"_monsterinsights_sitenote_note":"","_monsterinsights_sitenote_category":0,"footnotes":""},"categories":[49],"tags":[],"class_list":["post-68770","post","type-post","status-publish","format-standard","has-post-thumbnail","hentry","category-news-18","category-49","description-off"],"img_url":"https:\/\/www.radiopiu.net\/wordpress\/wp-content\/uploads\/2018\/12\/shopping.jpg","_links":{"self":[{"href":"https:\/\/www.radiopiu.net\/wordpress\/wp-json\/wp\/v2\/posts\/68770","targetHints":{"allow":["GET"]}}],"collection":[{"href":"https:\/\/www.radiopiu.net\/wordpress\/wp-json\/wp\/v2\/posts"}],"about":[{"href":"https:\/\/www.radiopiu.net\/wordpress\/wp-json\/wp\/v2\/types\/post"}],"author":[{"embeddable":true,"href":"https:\/\/www.radiopiu.net\/wordpress\/wp-json\/wp\/v2\/users\/1"}],"replies":[{"embeddable":true,"href":"https:\/\/www.radiopiu.net\/wordpress\/wp-json\/wp\/v2\/comments?post=68770"}],"version-history":[{"count":0,"href":"https:\/\/www.radiopiu.net\/wordpress\/wp-json\/wp\/v2\/posts\/68770\/revisions"}],"wp:featuredmedia":[{"embeddable":true,"href":"https:\/\/www.radiopiu.net\/wordpress\/wp-json\/wp\/v2\/media\/68773"}],"wp:attachment":[{"href":"https:\/\/www.radiopiu.net\/wordpress\/wp-json\/wp\/v2\/media?parent=68770"}],"wp:term":[{"taxonomy":"category","embeddable":true,"href":"https:\/\/www.radiopiu.net\/wordpress\/wp-json\/wp\/v2\/categories?post=68770"},{"taxonomy":"post_tag","embeddable":true,"href":"https:\/\/www.radiopiu.net\/wordpress\/wp-json\/wp\/v2\/tags?post=68770"}],"curies":[{"name":"wp","href":"https:\/\/api.w.org\/{rel}","templated":true}]}}