{"id":68775,"date":"2018-12-08T21:27:13","date_gmt":"2018-12-08T20:27:13","guid":{"rendered":"http:\/\/www.radiopiu.net\/wordpress\/?p=68775"},"modified":"2018-12-09T15:56:20","modified_gmt":"2018-12-09T14:56:20","slug":"smog-bottacin-da-alcuni-sindaci-polemiche-disinformate-regione-pilatesca-falso-facciamo-tutto-quel-che-serve-compresi-milioni-di-finanziamenti","status":"publish","type":"post","link":"https:\/\/www.radiopiu.net\/wordpress\/smog-bottacin-da-alcuni-sindaci-polemiche-disinformate-regione-pilatesca-falso-facciamo-tutto-quel-che-serve-compresi-milioni-di-finanziamenti\/","title":{"rendered":"SMOG. BOTTACIN. \u201cDA ALCUNI SINDACI POLEMICHE DISINFORMATE. REGIONE PILATESCA? FALSO. FACCIAMO TUTTO QUEL CHE SERVE COMPRESI MILIONI DI FINANZIAMENTI\u201d"},"content":{"rendered":"<p>\u201cPremesso che il potere di ordinanza \u00e8 in capo ai Sindaci, e che quindi respingo al mittente l\u2019accusa alla Regione di atteggiamento pilatesco, credo sia bene ricordare a Rucco e ad alcuni altri Sindaci che stanno polemizzando, che la Regione ha fatto, e sta facendo, tutto quanto le compete, compresi i sostegni concreti che, nel settore del risanamento dell\u2019aria, sono stati di 300 milioni solo negli ultimi anni, ai quali vanno aggiunti i contributi ai cittadini per la rottamazione delle vecchie stufe, delle auto pi\u00f9 inquinanti, e dei veicoli commerciali\u201d.<\/p>\n<p>Con queste parole, l\u2019Assessore all\u2019Ambiente della Regione Veneto, Gianpaolo Bottacin, risponde alle polemiche di queste ore sul blocco delle auto in alcuni territori del Veneto.<\/p>\n<p>\u201cLa Regione fa tutto quel che deve fare \u2013 aggiunge Bottacin \u2013 anche dare ai Sindaci tutti i datti aggiornati e tempestivi tramite Arpav, nella convinzione che vengano valutati con la massima attenzione per poi emettere le ordinanze sulla base del reale inquinamento presente sul territorio di loro competenza. Di certo, per\u00f2, non ha alcun senso chiedere che si realizzi una sorta di ordinanza su vasta scala territoriale, perch\u00e9 non sarebbe intelligente creare problemi ai cittadini laddove l\u2019inquinamento non c\u2019\u00e8, basti pensare, per capirlo, a Belluno, citt\u00e0 capoluogo che per la sua collocazione in zona montana questi problemi non li ha\u201d.<\/p>\n<p>\u201cDicono \u2013 aggiunge Bottacin \u2013 che l\u2019aria non ha confini, ma anche questo \u00e8 uno slogan, perch\u00e9 in realt\u00e0, invece, si deve intervenire dove l\u2019emissione c\u2019\u00e8 e crea inquinamento. Dove non ci sono n\u00e9 l\u2019emissione, n\u00e9 l\u2019inquinamento, non ha senso\u201d.<\/p>\n<p>\u201cNon dimentichiamoci mai \u2013 precisa l\u2019Assessore \u2013 che gli esperti ci dicono che il trasporto incide solo per il 18% dell\u2019inquinamento e se si attuano i blocchi come hanno fatto alcuni Comuni l\u2019anno scorso, la riduzione si ridurrebbe del 2%\u201d.<\/p>\n<p>\u201cRicordo infine al Sindaco Rucco \u2013 conclude Bottacin \u2013 che i suoi cittadini sanno per fortuna bene che la Regione c\u2019\u00e8, al punto che hanno presentato molte domande per la rottamazione delle vecchie stufe e delle auto pi\u00f9 vecchie, tutte finanziate\u201d.<\/p>\n","protected":false},"excerpt":{"rendered":"<p>\u201cPremesso che il potere di ordinanza \u00e8 in capo ai Sindaci, e che quindi respingo al mittente l\u2019accusa alla Regione di atteggiamento pilatesco, credo sia bene ricordare a Rucco e ad alcuni altri Sindaci che stanno polemizzando, che la Regione ha fatto, e sta facendo, tutto quanto le compete, compresi i sostegni concreti che, nel&hellip;<\/p>\n","protected":false},"author":1,"featured_media":68776,"comment_status":"closed","ping_status":"closed","sticky":false,"template":"","format":"standard","meta":{"_monsterinsights_skip_tracking":false,"_monsterinsights_sitenote_active":false,"_monsterinsights_sitenote_note":"","_monsterinsights_sitenote_category":0,"footnotes":""},"categories":[49],"tags":[],"class_list":["post-68775","post","type-post","status-publish","format-standard","has-post-thumbnail","hentry","category-news-18","category-49","description-off"],"img_url":"https:\/\/www.radiopiu.net\/wordpress\/wp-content\/uploads\/2018\/12\/smog.jpg","_links":{"self":[{"href":"https:\/\/www.radiopiu.net\/wordpress\/wp-json\/wp\/v2\/posts\/68775","targetHints":{"allow":["GET"]}}],"collection":[{"href":"https:\/\/www.radiopiu.net\/wordpress\/wp-json\/wp\/v2\/posts"}],"about":[{"href":"https:\/\/www.radiopiu.net\/wordpress\/wp-json\/wp\/v2\/types\/post"}],"author":[{"embeddable":true,"href":"https:\/\/www.radiopiu.net\/wordpress\/wp-json\/wp\/v2\/users\/1"}],"replies":[{"embeddable":true,"href":"https:\/\/www.radiopiu.net\/wordpress\/wp-json\/wp\/v2\/comments?post=68775"}],"version-history":[{"count":0,"href":"https:\/\/www.radiopiu.net\/wordpress\/wp-json\/wp\/v2\/posts\/68775\/revisions"}],"wp:featuredmedia":[{"embeddable":true,"href":"https:\/\/www.radiopiu.net\/wordpress\/wp-json\/wp\/v2\/media\/68776"}],"wp:attachment":[{"href":"https:\/\/www.radiopiu.net\/wordpress\/wp-json\/wp\/v2\/media?parent=68775"}],"wp:term":[{"taxonomy":"category","embeddable":true,"href":"https:\/\/www.radiopiu.net\/wordpress\/wp-json\/wp\/v2\/categories?post=68775"},{"taxonomy":"post_tag","embeddable":true,"href":"https:\/\/www.radiopiu.net\/wordpress\/wp-json\/wp\/v2\/tags?post=68775"}],"curies":[{"name":"wp","href":"https:\/\/api.w.org\/{rel}","templated":true}]}}