{"id":69054,"date":"2018-12-11T06:43:34","date_gmt":"2018-12-11T05:43:34","guid":{"rendered":"http:\/\/www.radiopiu.net\/wordpress\/?p=69054"},"modified":"2018-12-11T06:43:34","modified_gmt":"2018-12-11T05:43:34","slug":"per-il-maltempo-il-governo-non-e-immobile-e-gli-altri-parlamentari-bellunesi","status":"publish","type":"post","link":"https:\/\/www.radiopiu.net\/wordpress\/per-il-maltempo-il-governo-non-e-immobile-e-gli-altri-parlamentari-bellunesi\/","title":{"rendered":"PER IL MALTEMPO IL GOVERNO NON E&#8217; IMMOBILE E GLI ALTRI PARLAMENTARI BELLUNESI?"},"content":{"rendered":"<p>&nbsp;<\/p>\n<h1><\/h1>\n<p><strong><a class=\"dt-pswp-item\" href=\"http:\/\/www.radiopiu.net\/wordpress\/wp-content\/uploads\/2018\/06\/00032712.jpg\" data-dt-img-description=\"\" data-large_image_width=\"180\" data-large_image_height=\"240\"><img loading=\"lazy\" decoding=\"async\" class=\" wp-image-50936 alignleft\" src=\"http:\/\/www.radiopiu.net\/wordpress\/wp-content\/uploads\/2018\/06\/00032712.jpg\" alt=\"\" width=\"113\" height=\"151\" \/><\/a>ROMA<\/strong> L&#8217;Onorevole Paolo Saviane critica i media bellunesi per gli attacchi alla Regione ed al Governo. Non \u00e8 daccordo con le critiche l&#8217;esponente della Lega Nord, Radio Pi\u00f9 diffonde il suo sfogo, Saviane ricorda l&#8217;impegno del Senato romano.<\/p>\n<audio class=\"wp-audio-shortcode\" id=\"audio-69054-1\" preload=\"none\" style=\"width: 100%;\" controls=\"controls\"><source type=\"audio\/ogg\" src=\"http:\/\/www.radiopiu.net\/wordpress\/wp-content\/uploads\/2018\/12\/SAVIANE.ogg?_=1\" \/><a href=\"http:\/\/www.radiopiu.net\/wordpress\/wp-content\/uploads\/2018\/12\/SAVIANE.ogg\">http:\/\/www.radiopiu.net\/wordpress\/wp-content\/uploads\/2018\/12\/SAVIANE.ogg<\/a><\/audio>\n<blockquote><p>Due settimane fa \u00e8 stato approvato in Senato il decreto fiscale che comprende lo stanziamento di un fondo che mette a disposizione 526 milioni di euro per il ristoro danni alle regioni colpite dal maltempo nell\u2019ottobre scorso.Il decreto di cui sopra \u00e8 stato voluto dal Governo con convinzione, e votato dai senatori <strong><u>della Lega e dei Movimento 5 Stelle<\/u><\/strong>, non trovando ahim\u00e8 la condivisione del Partito Democratico che ha deciso di votare contro. Neppure tra le file Forza Italia e di Fratelli d\u2019Italia il fatto di stanziare una cifra cos\u00ec considerevole ha destato interesse, tant\u2019\u00e8 che \u00e8 parso utile votare a sfavore. Si parla di squadra al di l\u00e0 dell\u2019appartenenza politico-partitica, ma i fatti dimostrano una credibilit\u00e0 traballante, magari un po\u2019 viziata da una voglia inarrestabile di piccole fette di notoriet\u00e0 mediatica. Vediamo alla camera se prevarr\u00e0 la coscienza di squadra o il solito refrain del voto contrario a prescindere, per lasciare spazio ai titoloni di giornale che niente si \u00e8 fatto. Il Partito Democratico sui giornali di ieri, domenica 9 dicembre, lamenta \u201ci pochi soldi\u201d stanziati per i danni del maltempo: difficile capire se in realt\u00e0 i rappresentanti del Partito Democratico stesso siano presenti almeno con la testa, alle varie attivit\u00e0 che si espletano nelle due camere del nostro parlamento. In occasione poi del terremoto in centro Italia, tutti abbiamo visto la gestione claudicante del Partito Democratico: qui i cittadini sono stati lasciati letteralmente soli, mentre per fare un piccolo ma doveroso parallelismo, la macchina organizzativa sia politica che istituzionale e del volontariato Veneto, con il <strong><em>Governatore Luca Zaia e l\u2019Assessore alla Protezione Civile Giampaolo Bottacin<\/em><\/strong> ha funzionato molto bene nelle varie fasi degli eventi. La cittadinanza percepisce e tocca con mano l\u2019operato di chi a Venezia e Roma li rappresenta, e questo \u00e8 ci\u00f2 che interessa a chi lavora sul serio. Le polemiche le lasciamo a chi parla e parla di gioco di squadra ma alla fine, ai risultati per il nostro territorio, preferisce di gran lunga la strumentalizzazione dei fatti per un briciolo di notoriet\u00e0.<\/p><\/blockquote>\n<p>&nbsp;<\/p>\n","protected":false},"excerpt":{"rendered":"<p>&nbsp; ROMA L&#8217;Onorevole Paolo Saviane critica i media bellunesi per gli attacchi alla Regione ed al Governo. Non \u00e8 daccordo con le critiche l&#8217;esponente della Lega Nord, Radio Pi\u00f9 diffonde il suo sfogo, Saviane ricorda l&#8217;impegno del Senato romano. Due settimane fa \u00e8 stato approvato in Senato il decreto fiscale che comprende lo stanziamento di&hellip;<\/p>\n","protected":false},"author":1,"featured_media":50936,"comment_status":"closed","ping_status":"closed","sticky":false,"template":"","format":"standard","meta":{"_monsterinsights_skip_tracking":false,"_monsterinsights_sitenote_active":false,"_monsterinsights_sitenote_note":"","_monsterinsights_sitenote_category":0,"footnotes":""},"categories":[49],"tags":[],"class_list":["post-69054","post","type-post","status-publish","format-standard","has-post-thumbnail","hentry","category-news-18","category-49","description-off"],"img_url":"https:\/\/www.radiopiu.net\/wordpress\/wp-content\/uploads\/2018\/06\/00032712.jpg","_links":{"self":[{"href":"https:\/\/www.radiopiu.net\/wordpress\/wp-json\/wp\/v2\/posts\/69054","targetHints":{"allow":["GET"]}}],"collection":[{"href":"https:\/\/www.radiopiu.net\/wordpress\/wp-json\/wp\/v2\/posts"}],"about":[{"href":"https:\/\/www.radiopiu.net\/wordpress\/wp-json\/wp\/v2\/types\/post"}],"author":[{"embeddable":true,"href":"https:\/\/www.radiopiu.net\/wordpress\/wp-json\/wp\/v2\/users\/1"}],"replies":[{"embeddable":true,"href":"https:\/\/www.radiopiu.net\/wordpress\/wp-json\/wp\/v2\/comments?post=69054"}],"version-history":[{"count":0,"href":"https:\/\/www.radiopiu.net\/wordpress\/wp-json\/wp\/v2\/posts\/69054\/revisions"}],"wp:featuredmedia":[{"embeddable":true,"href":"https:\/\/www.radiopiu.net\/wordpress\/wp-json\/wp\/v2\/media\/50936"}],"wp:attachment":[{"href":"https:\/\/www.radiopiu.net\/wordpress\/wp-json\/wp\/v2\/media?parent=69054"}],"wp:term":[{"taxonomy":"category","embeddable":true,"href":"https:\/\/www.radiopiu.net\/wordpress\/wp-json\/wp\/v2\/categories?post=69054"},{"taxonomy":"post_tag","embeddable":true,"href":"https:\/\/www.radiopiu.net\/wordpress\/wp-json\/wp\/v2\/tags?post=69054"}],"curies":[{"name":"wp","href":"https:\/\/api.w.org\/{rel}","templated":true}]}}