{"id":69094,"date":"2018-12-11T14:34:59","date_gmt":"2018-12-11T13:34:59","guid":{"rendered":"http:\/\/www.radiopiu.net\/wordpress\/?p=69094"},"modified":"2018-12-12T07:02:36","modified_gmt":"2018-12-12T06:02:36","slug":"i-medici-bond-e-sebben-passano-il-testimone-informazioni-sul-cambio-medico","status":"publish","type":"post","link":"https:\/\/www.radiopiu.net\/wordpress\/i-medici-bond-e-sebben-passano-il-testimone-informazioni-sul-cambio-medico\/","title":{"rendered":"I MEDICI BOND E SEBBEN PASSANO IL TESTIMONE&#8230;INFORMAZIONI SUL CAMBIO MEDICO"},"content":{"rendered":"<p><strong><a class=\"dt-pswp-item\" href=\"http:\/\/www.radiopiu.net\/wordpress\/wp-content\/uploads\/2018\/12\/is-4.jpg\" data-dt-img-description=\"\" data-large_image_width=\"213\" data-large_image_height=\"178\"><img loading=\"lazy\" decoding=\"async\" class=\"size-full wp-image-69095 alignleft\" src=\"http:\/\/www.radiopiu.net\/wordpress\/wp-content\/uploads\/2018\/12\/is-4.jpg\" alt=\"\" width=\"213\" height=\"178\" \/><\/a>FELTRE.<\/strong> I Medici di Medicina Generale Giuseppe Bond e Maurizio Sebben cesseranno l\u2019attivit\u00e0 in convenzione con l\u2019Azienda ULSS 1 Dolomiti dal 1\u00b0 gennaio 2019. Lo stesso giorno, inizieranno l\u2019attivit\u00e0 di medico di assistenza primaria -a titolo provvisorio e fino ad inserimento del medico titolare- le dottoresse Alessandra Rulli e Barbara Mussoi che faranno parte provvisoriamente anche della Medicina di Gruppo Integrata \u201cVallata Feltrina\u201d.<br \/>\nGli assistiti del dott. Bond e del dott. Sebben, per continuare a fruire dell\u2019assistenza medico generica in forma diretta e gratuita a carico del Servizio Sanitario Nazionale, potranno effettuare la scelta di uno dei medici con disponibilit\u00e0 di posti dell\u2019ambito territoriale di Feltre, Pedavena, Alano di Piave, Quero Vas e Seren del Grappa.<br \/>\nSi fa presente che dal 1\u00b0 gennaio 2019, qualora gli assistiti non avessero effettuato la scelta di uno dei medici operanti nell\u2019ambito territoriale con disponibilit\u00e0 di posti, sar\u00e0 assegnata d\u2019ufficio:<br \/>\n&#8211; la dr.ssa Alessandra Rulli agli assistiti del dott. Bond, con studi medici a Pedavena in via Sega Bassa n. 4 e a Feltre in Viale Marconi n. 3 (sede della Medicina di Gruppo Integrata);<br \/>\n&#8211; la dr.ssa Barbara Mussoi agli assistiti del dott. Sebben, con studi medici a Feltre in Via Cavour n. 1 e in Viale Marconi n. 3 (sede della Medicina di Gruppo Integrata) e, quindi, non sar\u00e0 necessario recarsi all\u2019ufficio anagrafe.<br \/>\nLa disponibilit\u00e0 dei medici dell\u2019ambito territoriale di residenza, \u00e8 consultabile collegandosi al Portale salute della Regione Veneto attraverso il seguente link https:\/\/salute.regione.veneto.it\/servizi\/cerca-medici-e-pediatri. Dopo aver selezionato un medico, in corrispondenza della voce \u201cDisponibilit\u00e0 assistiti illimitati\u201d \u00e8 indicato il numero di posti disponibili.<br \/>\nPer effettuare la scelta del nuovo medico gli assistiti potranno presentarsi, con la tessera sanitaria cartacea, presso gli uffici anagrafe sanitaria di Feltre- Via Bagnols Sur C\u00e9ze n. 3 (Palazzina Fusaro) nelle giornate di luned\u00ec, marted\u00ec, gioved\u00ec e venerd\u00ec dalle ore 8.30 alle ore 12.00. Nel caso in cui si fosse impossibilitati a presentarsi personalmente, si potr\u00e0 delegare una persona di fiducia alla quale consegnare la Tessera Sanitaria cartacea, una delega e la fotocopia del documento di identit\u00e0 del delegante e del delegato. Si precisa che, in qualsiasi caso, resta fermo il diritto del cittadino ad effettuare una scelta diversa secondo quanto indicato. Si precisa, inoltre, che gli assistiti riceveranno a breve una nota informativa in merito alla cessazione e scelta del nuovo medico di assistenza primaria.<\/p>\n","protected":false},"excerpt":{"rendered":"<p>FELTRE. I Medici di Medicina Generale Giuseppe Bond e Maurizio Sebben cesseranno l\u2019attivit\u00e0 in convenzione con l\u2019Azienda ULSS 1 Dolomiti dal 1\u00b0 gennaio 2019. Lo stesso giorno, inizieranno l\u2019attivit\u00e0 di medico di assistenza primaria -a titolo provvisorio e fino ad inserimento del medico titolare- le dottoresse Alessandra Rulli e Barbara Mussoi che faranno parte provvisoriamente&hellip;<\/p>\n","protected":false},"author":1,"featured_media":69095,"comment_status":"closed","ping_status":"closed","sticky":false,"template":"","format":"standard","meta":{"_monsterinsights_skip_tracking":false,"_monsterinsights_sitenote_active":false,"_monsterinsights_sitenote_note":"","_monsterinsights_sitenote_category":0,"footnotes":""},"categories":[51,49],"tags":[],"class_list":["post-69094","post","type-post","status-publish","format-standard","has-post-thumbnail","hentry","category-evidenza-top","category-news-18","category-51","category-49","description-off"],"img_url":"https:\/\/www.radiopiu.net\/wordpress\/wp-content\/uploads\/2018\/12\/is-4.jpg","_links":{"self":[{"href":"https:\/\/www.radiopiu.net\/wordpress\/wp-json\/wp\/v2\/posts\/69094","targetHints":{"allow":["GET"]}}],"collection":[{"href":"https:\/\/www.radiopiu.net\/wordpress\/wp-json\/wp\/v2\/posts"}],"about":[{"href":"https:\/\/www.radiopiu.net\/wordpress\/wp-json\/wp\/v2\/types\/post"}],"author":[{"embeddable":true,"href":"https:\/\/www.radiopiu.net\/wordpress\/wp-json\/wp\/v2\/users\/1"}],"replies":[{"embeddable":true,"href":"https:\/\/www.radiopiu.net\/wordpress\/wp-json\/wp\/v2\/comments?post=69094"}],"version-history":[{"count":0,"href":"https:\/\/www.radiopiu.net\/wordpress\/wp-json\/wp\/v2\/posts\/69094\/revisions"}],"wp:featuredmedia":[{"embeddable":true,"href":"https:\/\/www.radiopiu.net\/wordpress\/wp-json\/wp\/v2\/media\/69095"}],"wp:attachment":[{"href":"https:\/\/www.radiopiu.net\/wordpress\/wp-json\/wp\/v2\/media?parent=69094"}],"wp:term":[{"taxonomy":"category","embeddable":true,"href":"https:\/\/www.radiopiu.net\/wordpress\/wp-json\/wp\/v2\/categories?post=69094"},{"taxonomy":"post_tag","embeddable":true,"href":"https:\/\/www.radiopiu.net\/wordpress\/wp-json\/wp\/v2\/tags?post=69094"}],"curies":[{"name":"wp","href":"https:\/\/api.w.org\/{rel}","templated":true}]}}