{"id":69097,"date":"2018-12-12T06:49:28","date_gmt":"2018-12-12T05:49:28","guid":{"rendered":"http:\/\/www.radiopiu.net\/wordpress\/?p=69097"},"modified":"2018-12-13T05:34:28","modified_gmt":"2018-12-13T04:34:28","slug":"69097-2","status":"publish","type":"post","link":"https:\/\/www.radiopiu.net\/wordpress\/69097-2\/","title":{"rendered":"GIORNALE RADIOPIU 12 DICEMBRE 2018 DIRETTORE MIRKO MEZZACASA"},"content":{"rendered":"<p>Dopo giorni di silenzio riecco gli Aquini, gli indagati per il caso Erostrato, Chiesto il processo per Nemesio padre e Samuele figlio la Procura della Repubblica con il pubblico ministero Simone Marcon ha chiesto il rinvio a giudizio con la convinzione siano loro gli autori di roghi e minacce. <strong>La Provincia<\/strong> ha ufficializzato lo stanziamento di 4 milioni per le Unioni Montane, saranno spesi per realizzare opere contro il dissesto idrogeologico, la variazione al bilancio ha ottenuto il voto dell&#8217;intero consiglio provinciale, oltre il 16% destinato all&#8217;Agordino, per Rocca Pietore anche mezzo milione dalla Cariverona.\u00a0<strong>Riprende la polemica discussione\u00a0<\/strong>sull&#8217;ospedale di Agordo, dopo alcuni giorni di silenzio sul tema ed in seguito alla riunione dell&#8217;altro giorno, il sindaco Andrea De Bernardin ribatte le sue opinioni a proposito della ristrutturazione del Pronto Soccorso, per il primo cittadino i 2,5 milioni di euro vanno spesi subito o saranno persi per sempre. <strong>Continue proteste nell&#8217;Agordino\u00a0<\/strong>mancano i telefoni a Tiser, Ronche di La Valle, San Tomaso, Saviner (Corrieredelle alpi_RADIOPIU) in qualche abitazione a oltre 40 giorni dall&#8217;alluvione ci sono ancora problemi con l&#8217;energia elettrica.<strong> Educazione Civica<\/strong> questa sconosciuta, per molti soprattutto delle nuove generazioni, per questo si raccolgono firme perch\u00e9 la materia venga re introdotta nell&#8217;orario scolastico, Jacopo Massaro sindaco di Belluno appoggia l&#8217;iniziativa dell&#8217;Anci.\u00a0<strong>Buone notizie dal Nevegal<\/strong> dove i cannoni hanno iniziato a produrre neve, L&#8217;Alpe vuole aprire per Natale.<strong> Ad Agordo<\/strong> Si preannunciano giorni importanti, come stiamo ormai ripetendo fin dai giorni della asfaltatura, lunedi mattina sar\u00e0 inaugurato l&#8217;ultimo tratto della tangenziale di Agordo comprese le strisce pedonali realizzate all&#8217;uscita (o entrata) del nuovo tratto, sar\u00e0 ma non capita spesso di vedere un passaggio pedonale lungo una tangenziale con probabili incolonnamenti e rallentamenti, era difficile progettare un sottopassaggio a lato strada o altri sistemi per evitare il passaggio zebrato?\u00a0<strong>Venerdi all&#8217;Istituto Follador<\/strong> importante convegno sul dissesto idrogeologico con qualificati relatori.<strong>Anche la cultura\u00a0<\/strong>ha il suo spazio, questa sera tocca alla filosofa Lisa De Luca parlare della potenza della parole,\u00a0 nel fine settimana saranno presentati i libri di Gisella Canzian e Franco De Poli e sabato la grande festa del Cai per i 150 anni di storia della sezione con la consegna dei riconoscimenti ai soci che si sono distinti. <strong>Oggi a Belluno<\/strong> presentazione del brano realizzato da 50 artisti della nostra terra per la ricostruzione post alluvione.<\/p>\n<p>&nbsp;<\/p>\n<p>&nbsp;<\/p>\n<h1><\/h1>\n<h1><\/h1>\n<h1>UNA SANTA BARBARA TRA LE MURA DI CASA<\/h1>\n<p><a class=\"dt-pswp-item\" href=\"http:\/\/www.radiopiu.net\/wordpress\/wp-content\/uploads\/2018\/09\/POLIZIA-3.jpg\" data-dt-img-description=\"\" data-large_image_width=\"660\" data-large_image_height=\"227\"><img loading=\"lazy\" decoding=\"async\" class=\"size-medium wp-image-60260 alignleft\" src=\"http:\/\/www.radiopiu.net\/wordpress\/wp-content\/uploads\/2018\/09\/POLIZIA-3-300x103.jpg\" alt=\"\" width=\"300\" height=\"103\" srcset=\"https:\/\/www.radiopiu.net\/wordpress\/wp-content\/uploads\/2018\/09\/POLIZIA-3-300x103.jpg 300w, https:\/\/www.radiopiu.net\/wordpress\/wp-content\/uploads\/2018\/09\/POLIZIA-3.jpg 660w\" sizes=\"auto, (max-width: 300px) 100vw, 300px\" \/><\/a>Un feltrino con in tasca l&#8217;occorrente per qualificarsi come cacciatore amatoriale \u00e8 finito nei guai per gravi violazioni alla normativa sulle armi. Al termine di una prolungata attivit\u00e0 investigativa gli uomini della Polizia di Stato di concerto con gli agenti della Polizia Provinciale, hanno arrestato l&#8217;uomo in seguito ad una perquisizione. In casa deteneva vari detonatori, una carabina calibro 36 modificata e alterata, due silenziatori di fabbricazione artigianale, nonch\u00e9 numerose munizioni di vari calibri. Tutto il materiale detenuto illegalmente.\u00a0 Il materiale esplodente rinvenuto \u00e8 stato analizzato dall\u2019artificiere della Questura e posto sotto sequestro.<\/p>\n<blockquote><p><em>L\u2019uomo dovr\u00e0 rispondere dei reati di detenzione illegale di armi e munizioni, omessa denuncia di esplosivi e alterazione di armi.<\/em><\/p><\/blockquote>\n<p>L\u2019arrestato (ai domiciliari)\u00a0 \u00e8 stato condotto, su disposizione del Sostituto Procuratore dr. Simone Marcon. Sono in corso indagini da parte della Squadra Mobile e della Divisione di Polizia Amministrativa della Questura per risalire alla provenienza del materiale sequestrato e individuarne il suo possibile utilizzo.<br \/>\nE\u2019 verosimile che il materiale esplodente possa essere stato oggetto di ritrovamento, mentre le armi e i silenziatori potrebbero essere stati impiegati per la caccia di frodo.\u00a0 L\u2019arrestato deteneva legalmente anche svariati fucili da caccia, che sono stati ritirati<\/p>\n<p>&nbsp;<\/p>\n<p>&nbsp;<\/p>\n<p>&nbsp;<\/p>\n<h1>PIU&#8217; SEMPLICE LA LOTTA AL DISSESTO CON I 4 MILIONI STANZIATI DALLA PROVINCIA A FAVORE DELLE UNIONI MONTANE, 16,46% ALL&#8217;AGORDINA<\/h1>\n<h3><em>La Cariverona incontra il sindaco di Rocca Pietore e promette mezzo milione di euro<\/em><\/h3>\n<p><strong><a class=\"dt-pswp-item\" href=\"http:\/\/www.radiopiu.net\/wordpress\/wp-content\/uploads\/2018\/12\/a83ed496-e549-4ad7-803d-e6aa220727dd.jpg\" data-dt-img-description=\"\" data-large_image_width=\"1600\" data-large_image_height=\"1200\"><img loading=\"lazy\" decoding=\"async\" class=\" wp-image-68922 alignleft\" src=\"http:\/\/www.radiopiu.net\/wordpress\/wp-content\/uploads\/2018\/12\/a83ed496-e549-4ad7-803d-e6aa220727dd-300x225.jpg\" alt=\"\" width=\"147\" height=\"110\" srcset=\"https:\/\/www.radiopiu.net\/wordpress\/wp-content\/uploads\/2018\/12\/a83ed496-e549-4ad7-803d-e6aa220727dd-300x225.jpg 300w, https:\/\/www.radiopiu.net\/wordpress\/wp-content\/uploads\/2018\/12\/a83ed496-e549-4ad7-803d-e6aa220727dd-768x576.jpg 768w, https:\/\/www.radiopiu.net\/wordpress\/wp-content\/uploads\/2018\/12\/a83ed496-e549-4ad7-803d-e6aa220727dd-1024x768.jpg 1024w, https:\/\/www.radiopiu.net\/wordpress\/wp-content\/uploads\/2018\/12\/a83ed496-e549-4ad7-803d-e6aa220727dd.jpg 1600w\" sizes=\"auto, (max-width: 147px) 100vw, 147px\" \/><\/a>BELLUNO<\/strong><\/p>\n<p><strong>DI DAMIANO TORMEN<\/strong><\/p>\n<p>&nbsp;<\/p>\n<p>&nbsp;<\/p>\n<audio class=\"wp-audio-shortcode\" id=\"audio-69097-1\" preload=\"none\" style=\"width: 100%;\" controls=\"controls\"><source type=\"audio\/ogg\" src=\"http:\/\/www.radiopiu.net\/wordpress\/wp-content\/uploads\/2018\/12\/DAMIANO-PROVINCIA.ogg?_=1\" \/><a href=\"http:\/\/www.radiopiu.net\/wordpress\/wp-content\/uploads\/2018\/12\/DAMIANO-PROVINCIA.ogg\">http:\/\/www.radiopiu.net\/wordpress\/wp-content\/uploads\/2018\/12\/DAMIANO-PROVINCIA.ogg<\/a><\/audio>\n<h1>IL PRESIDENTE DELLA PROVINCIA ROBERTO PADRIN<\/h1>\n<audio class=\"wp-audio-shortcode\" id=\"audio-69097-2\" preload=\"none\" style=\"width: 100%;\" controls=\"controls\"><source type=\"audio\/ogg\" src=\"http:\/\/www.radiopiu.net\/wordpress\/wp-content\/uploads\/2018\/12\/PADRIN.ogg?_=2\" \/><a href=\"http:\/\/www.radiopiu.net\/wordpress\/wp-content\/uploads\/2018\/12\/PADRIN.ogg\">http:\/\/www.radiopiu.net\/wordpress\/wp-content\/uploads\/2018\/12\/PADRIN.ogg<\/a><\/audio>\n<p>&nbsp;<\/p>\n<p>&nbsp;<\/p>\n<p>&nbsp;<\/p>\n<h1>RISTRUTTURAZIONE DEL PRONTO SOCCORSO, ANDREA DE BERNARDIN SI SCAGLIA DI NUOVO CONTRO I SINDACI CHE NON INTENDONO\u00a0 CEDERE SUI 2,5 MILIONI DI EURO DAI FONDI DI CONFINE SE LA ULSS1 NON DARA&#8217; GARANZIE SUL FUTURO DEL NOSOCOMIO A PARTIRE DAL LABORATORIO ANALISI<\/h1>\n<blockquote>\n<h3><em><a class=\"dt-pswp-item\" href=\"http:\/\/www.radiopiu.net\/wordpress\/wp-content\/uploads\/2015\/10\/andrea-de-bernardin-tuttacronaca.jpg\" data-dt-img-description=\"\" data-large_image_width=\"600\" data-large_image_height=\"354\"><img loading=\"lazy\" decoding=\"async\" class=\" wp-image-12402 alignleft\" src=\"http:\/\/www.radiopiu.net\/wordpress\/wp-content\/uploads\/2015\/10\/andrea-de-bernardin-tuttacronaca-300x177.jpg\" alt=\"\" width=\"204\" height=\"120\" \/><\/a><\/em><\/h3>\n<h3><\/h3>\n<h3><em>Deprimente, triste e allucinante che ci siano dei sindaci che ci fanno perdere 2,5 milioni di euro e che si facciano riunioni ristrette<\/em><\/h3>\n<\/blockquote>\n<p><strong>ROCCA PIETORE\u00a0<\/strong><\/p>\n<audio class=\"wp-audio-shortcode\" id=\"audio-69097-3\" preload=\"none\" style=\"width: 100%;\" controls=\"controls\"><source type=\"audio\/ogg\" src=\"http:\/\/www.radiopiu.net\/wordpress\/wp-content\/uploads\/2018\/12\/deprimente-andrea.ogg?_=3\" \/><a href=\"http:\/\/www.radiopiu.net\/wordpress\/wp-content\/uploads\/2018\/12\/deprimente-andrea.ogg\">http:\/\/www.radiopiu.net\/wordpress\/wp-content\/uploads\/2018\/12\/deprimente-andrea.ogg<\/a><\/audio>\n<p>DAL NOTIZIARIO DI IERI<\/p>\n<blockquote class=\"wp-embedded-content\" data-secret=\"k8zDr6lKkK\"><p><a href=\"http:\/\/www.radiopiu.net\/wordpress\/pronto-soccorso-con-i-fondi-di-confine-si-no-forse\/\">PRONTO SOCCORSO CON I FONDI DI CONFINE? SI, NO, FORSE.<\/a><\/p><\/blockquote>\n<p><iframe loading=\"lazy\" class=\"wp-embedded-content\" sandbox=\"allow-scripts\" security=\"restricted\" style=\"position: absolute; clip: rect(1px, 1px, 1px, 1px);\" src=\"http:\/\/www.radiopiu.net\/wordpress\/pronto-soccorso-con-i-fondi-di-confine-si-no-forse\/embed\/#?secret=k8zDr6lKkK\" data-secret=\"k8zDr6lKkK\" width=\"600\" height=\"338\" title=\"&#8220;PRONTO SOCCORSO CON I FONDI DI CONFINE? SI, NO, FORSE.&#8221; &#8212; Radio Pi\u00f9\" frameborder=\"0\" marginwidth=\"0\" marginheight=\"0\" scrolling=\"no\"><\/iframe><\/p>\n<h1><\/h1>\n<h1><\/h1>\n<h1><\/h1>\n<h1>TANGENZIALE DI AGORDO, LUNEDI ALLE 11 LUCA ZAIA TAGLIA IL NASTRO&#8230;.<\/h1>\n<p>DAL GIORNALE RADIO DELLO SCORSO OTTOBRE<\/p>\n<blockquote class=\"wp-embedded-content\" data-secret=\"59qm0299r9\"><p><a href=\"http:\/\/www.radiopiu.net\/wordpress\/tangenziale-di-agordo-taglio-del-nastro-a-dicembre-al-via-le-asfaltature-poi-le-prove-di-carico\/\">TANGENZIALE DI AGORDO, TAGLIO DEL NASTRO A DICEMBRE, AL VIA LE ASFALTATURE, POI LE PROVE DI CARICO.<\/a><\/p><\/blockquote>\n<p><iframe loading=\"lazy\" class=\"wp-embedded-content\" sandbox=\"allow-scripts\" security=\"restricted\" style=\"position: absolute; clip: rect(1px, 1px, 1px, 1px);\" src=\"http:\/\/www.radiopiu.net\/wordpress\/tangenziale-di-agordo-taglio-del-nastro-a-dicembre-al-via-le-asfaltature-poi-le-prove-di-carico\/embed\/#?secret=59qm0299r9\" data-secret=\"59qm0299r9\" width=\"600\" height=\"338\" title=\"&#8220;TANGENZIALE DI AGORDO, TAGLIO DEL NASTRO A DICEMBRE, AL VIA LE ASFALTATURE, POI LE PROVE DI CARICO.&#8221; &#8212; Radio Pi\u00f9\" frameborder=\"0\" marginwidth=\"0\" marginheight=\"0\" scrolling=\"no\"><\/iframe><\/p>\n<blockquote class=\"wp-embedded-content\" data-secret=\"ePGvTQXjw4\"><p><a href=\"http:\/\/www.radiopiu.net\/wordpress\/tangenziale-di-agordo-prove-di-carico-apertura-lunedi-17-dicembre\/\">TANGENZIALE DI AGORDO, PROVE DI CARICO. APERTURA LUNEDI 17 DICEMBRE<\/a><\/p><\/blockquote>\n<p><iframe loading=\"lazy\" class=\"wp-embedded-content\" sandbox=\"allow-scripts\" security=\"restricted\" style=\"position: absolute; clip: rect(1px, 1px, 1px, 1px);\" src=\"http:\/\/www.radiopiu.net\/wordpress\/tangenziale-di-agordo-prove-di-carico-apertura-lunedi-17-dicembre\/embed\/#?secret=ePGvTQXjw4\" data-secret=\"ePGvTQXjw4\" width=\"600\" height=\"338\" title=\"&#8220;TANGENZIALE DI AGORDO, PROVE DI CARICO. APERTURA LUNEDI 17 DICEMBRE&#8221; &#8212; Radio Pi\u00f9\" frameborder=\"0\" marginwidth=\"0\" marginheight=\"0\" scrolling=\"no\"><\/iframe><\/p>\n<p>&nbsp;<\/p>\n<p>&nbsp;<\/p>\n<p>&nbsp;<\/p>\n<p>&nbsp;<\/p>\n<h1>REFERENDUM PER LE FUSIONI FRA COMUNI, IL SI DELLA CISL<\/h1>\n<p><strong><a class=\"dt-pswp-item\" href=\"http:\/\/www.radiopiu.net\/wordpress\/wp-content\/uploads\/2018\/05\/roffare.jpg\" data-dt-img-description=\"\" data-large_image_width=\"960\" data-large_image_height=\"959\"><img loading=\"lazy\" decoding=\"async\" class=\" wp-image-48457 alignleft\" src=\"http:\/\/www.radiopiu.net\/wordpress\/wp-content\/uploads\/2018\/05\/roffare-300x300.jpg\" alt=\"\" width=\"187\" height=\"187\" srcset=\"https:\/\/www.radiopiu.net\/wordpress\/wp-content\/uploads\/2018\/05\/roffare-300x300.jpg 300w, https:\/\/www.radiopiu.net\/wordpress\/wp-content\/uploads\/2018\/05\/roffare-150x150.jpg 150w, https:\/\/www.radiopiu.net\/wordpress\/wp-content\/uploads\/2018\/05\/roffare-768x767.jpg 768w, https:\/\/www.radiopiu.net\/wordpress\/wp-content\/uploads\/2018\/05\/roffare.jpg 960w\" sizes=\"auto, (max-width: 187px) 100vw, 187px\" \/><\/a>BELLUNO<\/strong> La Cisl sostiene il referendum sul progetto di fusione tra i Comuni di Trichiana, Mel e Lentiai, su cui i cittadini saranno chiamati a esprimersi domenica 16 dicembre.\u00a0 Per il sidnacato, il cammino iniziato qualche anno fa da parte dei primi Comuni che si sono fusi dimostra quanto la provincia di Belluno sia avanti nella riflessione rispetto ad altri territori. L\u2019esperienza maturata fino ad oggi ci dice che, con le fusioni, non si perdono le identit\u00e0, che le maggiori risorse vanno ai cittadini e che le scelte organizzative, economiche e sociali dei territori ne escono pi\u00f9 coerenti, efficienti ed efficaci. La Cisl ritiene infatti che le fusioni dei Comuni rappresentino un\u2019opportunit\u00e0 e un valore per il territorio, lo ribadisce ai microfoni di Radio Pi\u00f9\u00a0Rudy Roffar\u00e9, Segretario generale aggiunto Cisl Belluno Treviso.<\/p>\n<audio class=\"wp-audio-shortcode\" id=\"audio-69097-4\" preload=\"none\" style=\"width: 100%;\" controls=\"controls\"><source type=\"audio\/ogg\" src=\"http:\/\/www.radiopiu.net\/wordpress\/wp-content\/uploads\/2018\/12\/RUDI.ogg?_=4\" \/><a href=\"http:\/\/www.radiopiu.net\/wordpress\/wp-content\/uploads\/2018\/12\/RUDI.ogg\">http:\/\/www.radiopiu.net\/wordpress\/wp-content\/uploads\/2018\/12\/RUDI.ogg<\/a><\/audio>\n<p>&nbsp;<\/p>\n<p>&nbsp;<\/p>\n<p>&nbsp;<\/p>\n<p>&nbsp;<\/p>\n<h1><a class=\"dt-pswp-item\" href=\"http:\/\/www.radiopiu.net\/wordpress\/wp-content\/uploads\/2015\/07\/luxotticasede21.jpg\" data-dt-img-description=\"\" data-large_image_width=\"1122\" data-large_image_height=\"600\"><img loading=\"lazy\" decoding=\"async\" class=\"size-medium wp-image-8409 alignleft\" src=\"http:\/\/www.radiopiu.net\/wordpress\/wp-content\/uploads\/2015\/07\/luxotticasede21-300x160.jpg\" alt=\"\" width=\"300\" height=\"160\" \/><\/a><\/h1>\n<h1><\/h1>\n<h1><\/h1>\n<h1>LUXOTTICA 1, PART TIME INTERVENTO DI ANDREA NECULAI COMMISSIONE PART TIME<\/h1>\n<audio class=\"wp-audio-shortcode\" id=\"audio-69097-5\" preload=\"none\" style=\"width: 100%;\" controls=\"controls\"><source type=\"audio\/mpeg\" src=\"http:\/\/www.radiopiu.net\/wordpress\/wp-content\/uploads\/2018\/12\/LUXOTTICA-NECULAI-1.mp3?_=5\" \/><a href=\"http:\/\/www.radiopiu.net\/wordpress\/wp-content\/uploads\/2018\/12\/LUXOTTICA-NECULAI-1.mp3\">http:\/\/www.radiopiu.net\/wordpress\/wp-content\/uploads\/2018\/12\/LUXOTTICA-NECULAI-1.mp3<\/a><\/audio>\n<h1>LUXOTTICA 2, TRASPORTI INTERVENTO IN CISL LA VOCE DEI LAVORATORI DI PAOLO CHISSALE&#8217;<\/h1>\n<audio class=\"wp-audio-shortcode\" id=\"audio-69097-6\" preload=\"none\" style=\"width: 100%;\" controls=\"controls\"><source type=\"audio\/mpeg\" src=\"http:\/\/www.radiopiu.net\/wordpress\/wp-content\/uploads\/2018\/12\/LUXOTTICA-PAOLO-1.mp3?_=6\" \/><a href=\"http:\/\/www.radiopiu.net\/wordpress\/wp-content\/uploads\/2018\/12\/LUXOTTICA-PAOLO-1.mp3\">http:\/\/www.radiopiu.net\/wordpress\/wp-content\/uploads\/2018\/12\/LUXOTTICA-PAOLO-1.mp3<\/a><\/audio>\n<p>&nbsp;<\/p>\n<p>&nbsp;<\/p>\n<p>&nbsp;<\/p>\n<p>&nbsp;<\/p>\n<p>&nbsp;<\/p>\n<h1>MALTEMPO, IL MESSAGGIO DEL COORDINATORE DEL PARTITO DEMOCRATICO, ERNESTO REOLON<\/h1>\n<p><a class=\"dt-pswp-item\" href=\"http:\/\/www.radiopiu.net\/wordpress\/wp-content\/uploads\/2018\/11\/PD.png\" data-dt-img-description=\"\" data-large_image_width=\"226\" data-large_image_height=\"182\"><img loading=\"lazy\" decoding=\"async\" class=\"size-full wp-image-67744 alignleft\" src=\"http:\/\/www.radiopiu.net\/wordpress\/wp-content\/uploads\/2018\/11\/PD.png\" alt=\"\" width=\"226\" height=\"182\" \/><\/a>Tra fine ottobre e inizio novembre un vero e proprio uragano si abbatte fra Veneto e Trentino, in particolare in provincia di Belluno dove i danni sono quantificati in oltre un miliardo di \u20ac. Giri in elicottero, visite, solidariet\u00e0 a parole, poi la dura realt\u00e0. Il governo stanzia 253 milioni da destinare a 11 regioni colpite nello stesso periodo dal maltempo, di questi 80 andranno al Veneto. Successivamente la regione approva la legge di bilancio che prevede zero, ripetiamo zero, some aggiuntive per il maltempo. L\u2019assessore Bottacin continua a fare riferimento ai capitoli di bilancio per Genio Civile e Servizi Forestali, che tutti gli anni sono previsti e che sono gi\u00e0 stati utilizzati. C\u2019\u00e8 stato un fenomeno eccezionale ma non si vogliono destinare risorse in pi\u00f9 come avvenuto nel 2011 e 2015 per eventi minori. Oggi, fra l\u2019altro, leggiamo che i parlamentari bellunesi della Lega Saviane e Badole si lamentano perch\u00e9 i colleghi bellunesi non fanno squadra. e votano contro la manovra di bilancio dove si prevedono poco pi\u00f9 di 400 milioni sempre da\u00a0dividere fra 11 regioni, per i danni del maltempo. Vogliamo solo ricordare che Roger De Menech ha espresso parere negativo alla manovra nel complesso, mentre i due<br \/>\nparlamentari leghisti hanno votato contro l\u2019emendamento dello stesso De Menech che prevedeva 800 milioni per l\u2019emergenza delle zone montane venete. Ci chiediamo: chi \u00e8 pi\u00f9 vicino al territorio? La cosa pi\u00f9 grave \u00ab\u00e8 per\u00f2 la mancanza di un piano di lungo periodo da parte della Regione. Una volta riaperte le strade, ripristinati i collegamenti elettrici e tornata la fornitura di acqua potabile sappiamo che avremo uno o due anni solo per rimuovere il legname di milioni di alberi caduti e ci vorranno decenni per rivedere i nostri boschi rigogliosi com\u2019erano prima del 29 ottobre. Se c\u2019\u00e8, questo piano di lungo periodo non si vede di certo nel bilancio regionale\u00bb. Vogliamo qui rilanciare due delle proposte fatte dal deputato De Menech nei giorniscorsi: \u00abla riapertura della ferrovia al traffico merci per il trasporto del legname \u00e8 sicuramente un\u2019opzione da valutare con benefici diretti sull\u2019economia, sull\u2019ambiente e sulla sicurezza. Come va perseguito il passaggio di competenze sulle foreste dalla Regione alla Provincia. Se c\u2019\u00e8 qualcuno che ha un interesse diretto nel ripristino ambientale di lungo periodo e ha le esperienze per farlo, questo \u00e8 Belluno, non certo Venezia\u00bb. Infine un pensiero alle imprese che hanno lavorato all\u2019emergenza e che non sanno quando riceveranno i pagamenti dalla Regione: \u00abVoglio mantenere alta l\u2019attenzione su questo tema, perch\u00e9 in troppi hanno approfittato del maltempo per farsi una passeggiata o un giro in elicottero a beneficio dei fotografi. Poi per\u00f2, sul campo, ci sono le persone e le aziende con i loro mezzi. Dopo decine di giorni di lavoro a questi soggetti non basta dare una pacca sulla spalla\u00bb.<\/p>\n<p>&nbsp;<\/p>\n<p>&nbsp;<\/p>\n<p>&nbsp;<\/p>\n<h1>ALZIAMO LA VOCE ONLINE DA OGGI<\/h1>\n<blockquote>\n<h3><em>IL BRANO REALIZZATO DA CIRCA 50 CANTANTI E MUSICISTI BELLUNESI PER RACCONTARE LA VOGLIA DI REAGIRE DOPO L\u2019ALLUVIONE DI FINE OTTOBRE, CONTRIBUIR\u00c0 CON UNA RACCOLTA FONDI ALLA RICOSTRUZIONI<\/em><\/h3>\n<\/blockquote>\n<p><strong>Nel sito bellunoalzalavoce.it tutte le informazioni per donare, ascoltare e scaricare il brano.<\/strong><\/p>\n<p><strong><a class=\"dt-pswp-item\" href=\"http:\/\/www.radiopiu.net\/wordpress\/wp-content\/uploads\/2018\/12\/BALV_logo.png\" data-dt-img-description=\"\" data-large_image_width=\"794\" data-large_image_height=\"755\"><img loading=\"lazy\" decoding=\"async\" class=\"size-medium wp-image-68622 alignleft\" src=\"http:\/\/www.radiopiu.net\/wordpress\/wp-content\/uploads\/2018\/12\/BALV_logo-300x285.png\" alt=\"\" width=\"300\" height=\"285\" srcset=\"https:\/\/www.radiopiu.net\/wordpress\/wp-content\/uploads\/2018\/12\/BALV_logo-300x285.png 300w, https:\/\/www.radiopiu.net\/wordpress\/wp-content\/uploads\/2018\/12\/BALV_logo-768x730.png 768w, https:\/\/www.radiopiu.net\/wordpress\/wp-content\/uploads\/2018\/12\/BALV_logo.png 794w\" sizes=\"auto, (max-width: 300px) 100vw, 300px\" \/><\/a>BELLUNO\u00a0\u00a0<\/strong>La musica ha un grande potere. Unisce, racconta, d\u00e0 voce a sentimenti, problemi e idee. Lo sanno bene i 50 cantanti e musicisti che hanno scelto di affidare alle note di \u201cAlziamo la voce\u201d la voglia di reagire e ripartire del territorio bellunese dopo l\u2019alluvione di fine ottobre. Una canzone per raccontare l\u2019animo forte e tenace dei bellunesi che, in poco tempo e senza grandi proclami, hanno saputo ripristinare molti dei danni causati dal maltempo, ma anche per dare un aiuto concreto. Partir\u00e0 infatti OGGI con la pubblicazione del brano, la raccolta fondi destinata alla ricostruzione del bellunese. L\u2019idea di realizzare una canzone per far sentire la voce di Belluno \u00e8 di tre giovani bellunesi, Alessandro Casol, Davide De Faveri e Andrea Albano, e vede coinvolti una cinquantina di cantanti e musicisti con stili, background ed esperienze differenti. \u201cAlziamo la voce\u201d ha visto un grande impegno da parte di tutte le persone che hanno collaborato al progetto: dalla scrittura di testi e musica, alla registrazione in due giorni intensi in un clima di grande condivisione, al mixaggio del brano. Il 12 dicembre \u201cAlziamo la voce\u201d verr\u00e0 pubblicato e sar\u00e0 cos\u00ec possibile contribuire alla raccolta fondi promossa in collaborazione con il Comitato Gocce di Sole Onlus. <strong>TESTI<\/strong>: Davide De Faveri, Marco Dal Farra, Andrea Mole Riva, Roberto Azzolini, Giovanni Jhon Lotto <strong>MUSICA:\u00a0<\/strong>Davide De Faveri, Andrea Albano, Paolo Fornasier, Alessandro Casol <strong>MIXAGGIO:\u00a0<\/strong>Giampaolo Rossi de Il Terzo Mondo Recording Studio <strong>MASTER:\u00a0<\/strong>Marcello Batelli <strong>ARTISTI:\u00a0<\/strong>Francesco Bressan, Damiano Grando, Yuri Piccolotto, Fabio Reolon, Jesai Fiabane, Paolo Molaschi, Mos\u00e8 Andrich, Nicola Menel, Andrea Albano, Paolo Fornasier, Alessandro Casol, Alex Martello, Jessica Da Re, Diego Lavina, Matteo Squaiera, Davide De Bona, Selena Peroly, Renato Pagno Pagnussac, Nicola Bortot, Jessica Lena, Nicola Corso, Mattia Andrich, Michele De Bona, Davide Nenci, Marco De Paoli, Maria Donadel, Marco Dal Farra, Davide Antonietti , Layla Antonietti, Valeriano De Zordo, Simone Inguanta, Marco De Pellegrin, Andrea Mole Riva, Raffaele Azzolini, Giovanni Jhon Lotto, Martino Fregona, Davide De Faveri, Letizia Donadel, Francesco Donadel, Coro MusiCol di Colle Santa Lucia.<\/p>\n<p>&nbsp;<\/p>\n<p>&nbsp;<\/p>\n<p>&nbsp;<\/p>\n<h1>SCUOLA: ASSESSORE DONAZZAN SU BIDELLI CON FALSI DIPLOMI<\/h1>\n<p><strong><a class=\"dt-pswp-item\" href=\"http:\/\/www.radiopiu.net\/wordpress\/wp-content\/uploads\/2016\/02\/l43-donazzan-150526182134_medium.jpg\" data-dt-img-description=\"\" data-large_image_width=\"420\" data-large_image_height=\"315\"><img loading=\"lazy\" decoding=\"async\" class=\"size-medium wp-image-17008 alignleft\" src=\"http:\/\/www.radiopiu.net\/wordpress\/wp-content\/uploads\/2016\/02\/l43-donazzan-150526182134_medium-300x225.jpg\" alt=\"\" width=\"300\" height=\"225\" \/><\/a>VENEZIA<\/strong>\u00a0 \u201cIntendo andare fino in fondo e fare chiarezza sulle assunzioni dei collaboratori scolastici, cio\u00e8 i bidelli, e del personale amministrativo che lavorano nelle segreterie e che provengono dalla Campania. Chiedo accertamenti a tappeto nelle scuole venete \u201d. L\u2019assessore regionale alla scuola Elena Donazzan ha scritto ai presidi degli istituti interessati perch\u00e9 producano i curriculum vitae e i diplomi allegati del personale Ata &#8216;sotto esame&#8217;, dopo i casi dubbi e i primi riscontri segnalati dal preside di una scuola di Garda (Verona) in merito ai titoli e alle assunzioni dei bidelli. Sotto la lente sono i punteggi, le abilitazioni e i titoli prodotti dal personale, nonch\u00e8 gli istituti campani nei quali i titoli sarebbero stati ottenuti, sempre con il massimo dei voti. &#8220;Scriver\u00f2 alla collega della Campania, perch\u00e9 \u00e8 da l\u00ec che provengono i bidelli e gli amministrativi in questione &#8211; annuncia Donazzan &#8211; facendo presente che il l\u2019Ufficio scolastico regionale del Veneto ha gi\u00e0 attivato da tempo una commissione di ispezione per le scuole non statali che possono avere qualche dubbio di legittimit\u00e0. In Veneto \u00e8 molto pi\u00f9 difficile che si acquisiscano titoli senza un percorso accertato e regolare. Suggerir\u00f2 alla collega di fare accertamenti accurati, altrimenti ne soffrir\u00e0 la reputazione dell&#8217;intera Regione Campania. Da parte nostra, daremo la massima collaborazione alle forze dell&#8217;ordine per bloccare il malcostume del facile diplomificio&#8221;. &#8220;Si tratta di una vicenda che non dovrebbe accadere in un Paese normale \u2013 conclude l\u2019assessore \u2013 e certamente con l&#8217;autonomia questo non sarebbe accaduto, visto che i concorsi sarebbero stati verificati dalla Regione, con titolo alla mano, e non certo con semplici autocertificazioni&#8221;.<\/p>\n<p>&nbsp;<\/p>\n<p>&nbsp;<\/p>\n<p>&nbsp;<\/p>\n<p>&nbsp;<\/p>\n<h1>EDUCAZIONE CIVICA A SCUOLA? IL GOVERNO SOSTENGA LA PROPOSTA ANCI<\/h1>\n<p><strong>AUDIO JACOPO MASSARO, SINDACO DI BELLUNO<\/strong><\/p>\n<audio class=\"wp-audio-shortcode\" id=\"audio-69097-7\" preload=\"none\" style=\"width: 100%;\" controls=\"controls\"><source type=\"audio\/ogg\" src=\"http:\/\/www.radiopiu.net\/wordpress\/wp-content\/uploads\/2018\/12\/massaro.ogg?_=7\" \/><a href=\"http:\/\/www.radiopiu.net\/wordpress\/wp-content\/uploads\/2018\/12\/massaro.ogg\">http:\/\/www.radiopiu.net\/wordpress\/wp-content\/uploads\/2018\/12\/massaro.ogg<\/a><\/audio>\n<p><strong><a class=\"dt-pswp-item\" href=\"http:\/\/www.radiopiu.net\/wordpress\/wp-content\/uploads\/2015\/10\/Anci.jpg\" data-dt-img-description=\"\" data-large_image_width=\"640\" data-large_image_height=\"426\"><img loading=\"lazy\" decoding=\"async\" class=\"size-medium wp-image-11870 alignleft\" src=\"http:\/\/www.radiopiu.net\/wordpress\/wp-content\/uploads\/2015\/10\/Anci-300x200.jpg\" alt=\"\" width=\"300\" height=\"200\" \/><\/a>BELLUNO\u00a0<\/strong>\u00abCome cittadino, non posso che accogliere con favore l&#8217;interesse del vicepremier Salvini e dei ministri dell&#8217;istruzione e della famiglia al ritorno dell&#8217;obbligatoriet\u00e0 dell&#8217;educazione civica nelle scuole; come sindaco, per\u00f2, chiedo al Governo di sostenere la proposta dell&#8217;Associazione Nazionale dei Comuni Italiani per l&#8217;educazione alla cittadinanza, un tema pi\u00f9 vasto e pi\u00f9 profondo della semplice educazione civica\u00bb: cos\u00ec il Sindaco di Belluno, Jacopo Massaro, commenta la proposta lanciata qualche giorno fa a Roma dai vertici del Governo. \u00abDa quest&#8217;estate, l&#8217;ANCI \u00e8 impegnata nella raccolta delle 50mila firme necessarie per la presentazione di una legge di iniziativa popolare; &#8211; spiega Massaro \u2013 anche in Comune di Belluno \u00e8 possibile firmare, allo Sportello dei Cittadini e all&#8217;Ufficio Anagrafe, e verranno organizzati nuovamente dei banchetti, a cura dei gruppi consiliari di maggioranza, durante il mercato settimanale\u00bb. \u00abQuesta \u00e8 una legge nata e proposta \u201cdal basso\u201d, dal confronto tra cittadini, mondo della scuola, associazioni e istituzioni, &#8211; spiega Massaro \u2013 ideata da chi quotidianamente si confronta con i bambini, i ragazzi, gli studenti, i cittadini, per diffondere una cittadinanza cosciente e consapevole. La nostra proposta va oltre l&#8217;educazione civica come la conosciamo: si parler\u00e0 certo di diritto, di Costituzione, di educazione stradale, di bullismo, ma nelle nostre intenzioni si affronteranno anche temi come l&#8217;educazione ambientale e quella digitale, la difesa dei beni comuni, la lotta allo spreco\u00bb. \u00abANCI, nelle scorse settimane, ha gi\u00e0 presentato la proposta al Ministro dell&#8217;Istruzione, Marco Bussetti; &#8211; conclude Massaro &#8211; visto che questa volta Governo e sindaci si trovano sulla stessa linea di pensiero, confido che, al contrario di quanto avvenuto per temi importantissimi per le popolazioni e le amministrazioni come ad esempio la rigenerazione urbana, si scelga di ascoltare i sindaci e i territori, prima di prendere una decisione definitiva\u00bb.<\/p>\n<p>&nbsp;<\/p>\n<p>&nbsp;<\/p>\n<p>&nbsp;<\/p>\n<h1>PRESTIGIOSO RICONOSCIMENTO PER FONTANELLA, GHEDINA, DE CONZ I BELLUNESI CHE HANNO ONORATO LA PROVINCIA IN ITALIA E NEL MONDO<\/h1>\n<blockquote>\n<h3><em>Provincia, Rotary e Abm consegna il premio sabato a San Gregorio nelle Alpi<\/em><\/h3>\n<\/blockquote>\n<p><strong>DI DAMIANO TORMEN<\/strong><\/p>\n<audio class=\"wp-audio-shortcode\" id=\"audio-69097-8\" preload=\"none\" style=\"width: 100%;\" controls=\"controls\"><source type=\"audio\/ogg\" src=\"http:\/\/www.radiopiu.net\/wordpress\/wp-content\/uploads\/2018\/12\/DAMIANO-BELLUNESI.ogg?_=8\" \/><a href=\"http:\/\/www.radiopiu.net\/wordpress\/wp-content\/uploads\/2018\/12\/DAMIANO-BELLUNESI.ogg\">http:\/\/www.radiopiu.net\/wordpress\/wp-content\/uploads\/2018\/12\/DAMIANO-BELLUNESI.ogg<\/a><\/audio>\n<p>&nbsp;<\/p>\n<p>&nbsp;<\/p>\n<p>&nbsp;<\/p>\n<p>&nbsp;<\/p>\n<h2>CONCESSIONI, NELLA LEGGE DI BILANCIO SPAZIO A UNA REVISIONE DEI SISTEMI PER ATTIVITA&#8217; ESTRATTIVE, ACQUE MINERALI E AUTOSTRADE: LE PROPOSTE UNCEM PER RENDERE &#8220;CONCRETA&#8221; LA GIORNATA INTERNAZIONALE DELLA MONTAGNA<\/h2>\n<p><a class=\"dt-pswp-item\" href=\"http:\/\/www.radiopiu.net\/wordpress\/wp-content\/uploads\/2018\/12\/argentera_ferrere-1.jpg\" data-dt-img-description=\"\" data-large_image_width=\"865\" data-large_image_height=\"330\"><img loading=\"lazy\" decoding=\"async\" class=\"size-medium wp-image-69121 alignleft\" src=\"http:\/\/www.radiopiu.net\/wordpress\/wp-content\/uploads\/2018\/12\/argentera_ferrere-1-300x114.jpg\" alt=\"\" width=\"300\" height=\"114\" srcset=\"https:\/\/www.radiopiu.net\/wordpress\/wp-content\/uploads\/2018\/12\/argentera_ferrere-1-300x114.jpg 300w, https:\/\/www.radiopiu.net\/wordpress\/wp-content\/uploads\/2018\/12\/argentera_ferrere-1-768x293.jpg 768w, https:\/\/www.radiopiu.net\/wordpress\/wp-content\/uploads\/2018\/12\/argentera_ferrere-1.jpg 865w\" sizes=\"auto, (max-width: 300px) 100vw, 300px\" \/><\/a>Rendere concreta la Giornata internazionale della montagna? La politica, a Roma, deve fare la sua parte. Inserendo nella legge di bilancio delle specifiche misure per la fiscalit\u00e0 differenziata e peculiare nelle Alpi e negli Appennini. E lavorando a un nuovo sistema di concessione per cave, miniere, prelievo di acque minerali, autostrade. Una battaglia che Uncem fa da anni: mettendo al centro i territori, i beni che produciamo e che stocchiamo, l&#8217;interesse ambientale unito a quello delle collettivit\u00e0 che tengono in vita le aree interne. Ecco perch\u00e8, oggi, Giornata della Montagna, bisogna fare di pi\u00f9. Essere concreti. E lo si pu\u00f2 essere nella legge di bilancio che il Senato ha iniziato da qualche ora ad esaminare.\u00a0 Sulle concessioni, Uncem \u00e8 allineata con le proposte di Legambiente, che seguono quanto fatto dalla Gran Bretagna per le attivit\u00e0 estrattive, con i canoni mediamente pari al 20% dei prezzi di vendita finali. Primo punto, secondo Uncem, adeguare i canoni per le attivit\u00e0 estrattive: deve essere fissato un valore minimo in tutta Italia pari al 5% dei prezzi di vendita dei materiali estratti che andr\u00e0 crescendo fino al 20% dei prezzi di vendita dei materiali cavati. Le risorse devono andare a Regioni ed Enti locali.\u00a0 \u00a0In secondo luogo, dobbiamo adeguare i canoni per il prelievo di acque minerali. Fissando ad esempio un canone minimo pari a 20 euro al metro cubo su tutto il territorio nazionale. Attualmente il canone medio \u00e8 di 0,1 centesimi per litro, con questa proposta si passerebbe a 2 centesimi. &#8220;Un buon punto per dire che quel bene \u00e8 delle aree montane. E queste devono averne un beneficio. Finora gli utili delle imprese volano, ogni anno aumentano. Ricchezza di tutti, l&#8217;acqua, a beneficio per\u00f2 di pochi concessionari. Che peraltro creano sempre meno posti di lavoro, salvo alcune eccezioni che vanno riconosciute. Fare impresa, imbottigliare acqua minerale in uno stabilimento a 1500 metri di altitudine \u00e8 molto diverso rispetto a uno a 700 metri sul livello del mare. Va capito e serve differenziazione&#8221;, spiega il Presidente Uncem, Marco Bussone\u00a0 Terzo fronte, le autostrade. Sulle quali Uncem chiede da tempo che una percentuale del pedaggio di auto, moto e camion venga destinato ai territori per interventi di sviluppo locale, valorizzazione della rete delle imprese e per la manutenzione della viabilit\u00e0 secondaria. &#8220;Un solo centesimo a mezzo, la base. Sarebbe una rivoluzione. Ci crediamo. Faremo una battaglia e sfidiamo da subito i concessionari&#8221;, precisa Bussone. Inoltre, le convenzioni di gestione delle autostrade devono essere affidate sempre tramite gara, con contratti di durata legati alla gestione e manutenzione dell&#8217;infrastruttura. &#8220;Due sfide possibili. La montagna con gli Enti locali propone, il Governo e il Parlamento rispondano &#8211; aggiunge il Presidente Uncem &#8211; Ciascuno fa la sua parte, anche nella legge di bilancio. Solo cos\u00ec possiamo celebrare dignitosamente la Giornata internazionale della montagna&#8221;.<\/p>\n<p>&nbsp;<\/p>\n<p>&nbsp;<\/p>\n<p>&nbsp;<\/p>\n<h1>OPERAI FORESTALI E LAVORATORI DEL COMPARTO, UNCEM CON FLAI CGIL E LE SIGLE SINDACALI PER COSTRUIRE NUOVI PEZZI DI FILIERA: QUESTA E&#8217; LA NOSTRA MANIFATTURA ED E&#8217; LA NOSTRA COMUNITA&#8217;<\/h1>\n<blockquote>\n<h3><em>Cos\u00ec Marco Bussone, Presidente nazionale Uncem, nel suo intervento al Congresso Flai-Cgil in corso al Centro congressi dell&#8217;Hotel Sharaton a Roma.<\/em><\/h3>\n<\/blockquote>\n<p><a class=\"dt-pswp-item\" href=\"http:\/\/www.radiopiu.net\/wordpress\/wp-content\/uploads\/2018\/12\/BUSSONE_FLAI_CGIL11122018.jpg\" data-dt-img-description=\"\" data-large_image_width=\"1280\" data-large_image_height=\"853\"><img loading=\"lazy\" decoding=\"async\" class=\"size-medium wp-image-69122 alignleft\" src=\"http:\/\/www.radiopiu.net\/wordpress\/wp-content\/uploads\/2018\/12\/BUSSONE_FLAI_CGIL11122018-300x200.jpg\" alt=\"\" width=\"300\" height=\"200\" srcset=\"https:\/\/www.radiopiu.net\/wordpress\/wp-content\/uploads\/2018\/12\/BUSSONE_FLAI_CGIL11122018-300x200.jpg 300w, https:\/\/www.radiopiu.net\/wordpress\/wp-content\/uploads\/2018\/12\/BUSSONE_FLAI_CGIL11122018-768x512.jpg 768w, https:\/\/www.radiopiu.net\/wordpress\/wp-content\/uploads\/2018\/12\/BUSSONE_FLAI_CGIL11122018-1024x682.jpg 1024w, https:\/\/www.radiopiu.net\/wordpress\/wp-content\/uploads\/2018\/12\/BUSSONE_FLAI_CGIL11122018.jpg 1280w\" sizes=\"auto, (max-width: 300px) 100vw, 300px\" \/><\/a>&#8220;Il comparto degli operai forestali \u00e8 prezioso per il Paese. \u00c8 un pezzo imprescindibile della manifattura delle aree montane, \u00e8 un pezzo decisivo delle nostre comunit\u00e0, dei nostri paesi alpini e appenninici. Per questo ho confermato all&#8217;Assemblea congressuale della Flai-Cgil in corso a Roma che vogliamo riaprire la contrattazione nazionale per il settore. Al tavolo ci devono essere Mipaaf e Regioni. Proprio molte realt\u00e0 regionali, tra le quali Veneto, Campania, Piemonte, hanno definito buoni contratti. Ringrazio per questo Ennio Vigne, presidente di Uncem Veneto, e Vincenzo Luciano, Presidente Uncem Campania e Vicepresidente nazionale. Altre Regioni, al sud come al nord, devono definire i contratti integrativi. Cambiando per\u00f2 il paradigma. Un punto infatti per Uncem \u00e8 certo, deve essere chiaro: gli operai forestali devono essere un pezzo forte e produttivo del settore bosco-legno-energia-artigianato che si muove per creare reddito, posti di lavoro e ovviamente rafforzare i diritti dei lavoratori. Senza questo passaggio, tutto si riduce ad assistenzialismo. Gli Enti locali montani e Uncem non vogliono assistenza. Contribuiranno, quegli operai, a costruire un sistema di impegno e lavoro dei forestali, sempre pi\u00f9 specializzati e forti di adeguati mezzi, che dia pieno senso economico e ambientale a 12 milioni di ettari di bosco. In questo nuovo modo di concepire la foresta italiana, non pi\u00f9 solo protettiva, ma produttiva, sta il senso del lavoro che Uncem e Flai-Cgil con Mipaaf e Regioni devono fare. Questo \u00e8 un nuovo tassello nella piena attuazione del testo unico forestale che, come ho ribadito, deve essere pienamente concretizzato. Non bastano i fondi previsti nella bozza di legge di bilancio all&#8217;articolo 49bis. Servono strategie locali e sovraregionali, all&#8217;interno di un preciso quadro nazionale al quale Uncem \u00e8 pronta a lavorare&#8221;.<\/p>\n<p>&nbsp;<\/p>\n<p>&nbsp;<\/p>\n<p>&nbsp;<\/p>\n<h1>CALENDARIO 2019: PILLOLE SICUREZZA<\/h1>\n<blockquote><p><em> Questa sera \u00a0alle 180 nella sala convegni dell\u2019Ospedale di Feltre presenteranno il calendario Daniela Marcolina, direttore dello SPISAL, Nicoletta De Marzo, responsabile della UOS Attivit\u00e0 Motoria e l\u2019ing. Nicola Canal. Durante l\u2019incontro sar\u00e0 distribuito il calendario.<\/em><\/p><\/blockquote>\n<p><strong>FELTRE.<\/strong> Come da tradizione, il ciclo dei mercoled\u00ec della salute, si conclude per l\u2019anno 2018 con la presentazione e distribuzione del calendario 2019 realizzato dal Dipartimento di Prevenzione dell\u2019ULSS n.1 Dolomiti, nell\u2019ambito di una campagna di sensibilizzazione in tema di salute e sicurezza negli ambienti di lavoro. Il calendario 2019 tratta i principali aspetti in tema di igiene e sicurezza sul lavoro alla luce del Testo Unico per la Sicurezza e d\u00e0 alcune indicazioni sul Documento di Valutazione dei Rischi, sulle Figure della Sicurezza, sui principali Rischi che possono essere presenti negli ambienti di lavoro, sulla In-Formazione dei Lavoratori e sull\u2019uso dei Dispositivi di Protezione Individuali. Le giuste conoscenze dei rischi, cos\u00ec come l\u2019adozione dei corretti comportamenti da parte dei lavoratori in-formati, sono determinanti per migliorare la sicurezza dei lavoratori stessi e di coloro che sono ad essi equiparati, come studenti tirocinanti e lavoratori \u2018atipici\u2019 . L\u2019Ulss Dolomiti si augura che queste \u2018pillole di sicurezza\u2019 portino ad una maggiore consapevolezza e ad una riduzione degli incidenti e del numero delle vittime per infortuni sul lavoro. Tale obiettivo pu\u00f2 essere raggiunto attraverso la combinazione di pi\u00f9 elementi, quali il miglioramento dell\u2019ambiente di lavoro, la partecipazione attiva di tutti i lavoratori, l\u2019incoraggiamento a sviluppare individualmente corretti comportamenti.\u00a0Il calendario \u00e8 stato realizzato con la collaborazione dell\u2019ing. Nicola Canal e del personale dello SPISAL (Servizio di Prevenzione, Igiene e Sicurezza negli Ambienti di Lavoro) del Dipartimento di Prevenzione dell\u2019Azienda ULSS n.1 Dolomiti.<\/p>\n<p>&nbsp;<\/p>\n<p>&nbsp;<\/p>\n<p>&nbsp;<\/p>\n<h1>OSPEDALE SENZA C, IL CORSO A BELLUNO<\/h1>\n<p><strong><a class=\"dt-pswp-item\" href=\"http:\/\/www.radiopiu.net\/wordpress\/wp-content\/uploads\/2015\/12\/Immagine_Ospedale_Belluno_CS_2011.jpg\" data-dt-img-description=\"\" data-large_image_width=\"640\" data-large_image_height=\"512\"><img loading=\"lazy\" decoding=\"async\" class=\" wp-image-13966 alignleft\" src=\"http:\/\/www.radiopiu.net\/wordpress\/wp-content\/uploads\/2015\/12\/Immagine_Ospedale_Belluno_CS_2011-300x240.jpg\" alt=\"\" width=\"77\" height=\"61\" \/><\/a>BELLUNO<\/strong> Sabato presso la sala riunioni dell\u2019ospedale San Martino di Belluno si terr\u00e0, nel corso di tutta la mattinata, a partire dalle ore 9,15, l\u2019 incontro formativo multidisciplinare \u201cOspedale senza C\u201d dedicato a medici chirurghi, Biologi, Farmacisti ospedalieri, Infermieri e tecnici di laboratorio biomedico sul tema dell\u2019epatite C.<\/p>\n<p>&nbsp;<\/p>\n<p>&nbsp;<\/p>\n<p>&nbsp;<\/p>\n<p>&nbsp;<\/p>\n<h1>L&#8217;ASSESSORE ALLE POLITICHE DELLA FAMIGLIA INCONTRA GENITORI E BAMBINI<\/h1>\n<p><strong><a class=\"dt-pswp-item\" href=\"http:\/\/www.radiopiu.net\/wordpress\/wp-content\/uploads\/2018\/12\/locandina-natale-in-ludoteca.jpg\" data-dt-img-description=\"\" data-large_image_width=\"3508\" data-large_image_height=\"4961\"><img loading=\"lazy\" decoding=\"async\" class=\"size-medium wp-image-69099 alignleft\" src=\"http:\/\/www.radiopiu.net\/wordpress\/wp-content\/uploads\/2018\/12\/locandina-natale-in-ludoteca-212x300.jpg\" alt=\"\" width=\"212\" height=\"300\" srcset=\"https:\/\/www.radiopiu.net\/wordpress\/wp-content\/uploads\/2018\/12\/locandina-natale-in-ludoteca-212x300.jpg 212w, https:\/\/www.radiopiu.net\/wordpress\/wp-content\/uploads\/2018\/12\/locandina-natale-in-ludoteca-768x1086.jpg 768w, https:\/\/www.radiopiu.net\/wordpress\/wp-content\/uploads\/2018\/12\/locandina-natale-in-ludoteca-724x1024.jpg 724w\" sizes=\"auto, (max-width: 212px) 100vw, 212px\" \/><\/a>FELTRE<\/strong> Nuova tappa, in questo caso tutta \u201cnatalizia\u201d del Progetto Family, la serie di iniziative e strumenti dell&#8217;amministrazione comunale di Feltre che mira a mettere in atto, sia in spazi comunali, sia in luoghi privati aperti al pubblico, alcuni interventi dedicati alle famiglie con figli. La finalit\u00e0, come noto, \u00e8 sostenere e promuovere nel territorio del Comune di Feltre, lo sviluppo di una cultura e di buone pratiche che che riconoscano e vadano incontro alle esigenze dei nuclei familiari. E quale momento migliore di quello rappresentato dalle festivit\u00e0 natalizie per incontrare le famiglie per raccogliere proprio da loro spunti e suggerimenti utili ad accrescere e potenziare le politiche \u201cfamily friend\u201d? L&#8217;amministrazione feltrina ha cos\u00ec promosso un evento \u201cad hoc\u201d, dal titolo &#8220;FAMILY FELTRE XMAS&#8221; che si terr\u00e0 presso la Ludoteca \u201cIl Parco dei Sogni,\u201d in via Cavalieri di Vittorio Veneto, gioved\u00ec 27 dicembre, a partire dalle ore 14.30.\u00a0 <em>\u201cSi tratta di un&#8217;occasione di incontro e confronto che vogliamo condividere con i genitori e i bambini dei nostri nuclei familiari pi\u00f9 giovani in uno spirito di festa e divertimento, sottolinea l&#8217;assessore alle Politiche della Famiglia del Comune di Feltre Debora Nicoletto. Un pomeriggio da passare insieme in un clima di relax, utile per\u00f2 anche ad ascoltare e a focalizzare suggerimenti, consigli, migliorie in merito allo sviluppo del Progetto Family, che ha gi\u00e0 riscosso un buon successo di adesioni tra gli operatori economici della nostra citt\u00e0. Siamo sempre pi\u00f9 convinti, conclude Nicoletto, che una crescita equilibrata e moderna della citt\u00e0 passi anche, necessariamente, attraverso politiche di attenzione e supporto alle famiglie con bambini, nucleo vitale della nostra comunit\u00e0\u201d.\u00a0<\/em>L&#8217;evento, ad ingresso libero e senza necessit\u00e0 di prenotazione, prevede la presenza del servizio di accoglienza e gioco per i bambini pi\u00f9 piccoli ed anche un momento per la merenda condivisa a met\u00e0 pomeriggio<\/p>\n<p>&nbsp;<\/p>\n<p>&nbsp;<\/p>\n<p>&nbsp;<\/p>\n<h1>CHIUSA LA PRIMA EDIZIONE DEL LABORATORIO DEL GUSTO<\/h1>\n<p><strong><a class=\"dt-pswp-item\" href=\"http:\/\/www.radiopiu.net\/wordpress\/wp-content\/uploads\/2018\/12\/IMG-20181206-WA0007.jpg\" data-dt-img-description=\"\" data-large_image_width=\"1599\" data-large_image_height=\"899\"><img loading=\"lazy\" decoding=\"async\" class=\"size-medium wp-image-69100 alignleft\" src=\"http:\/\/www.radiopiu.net\/wordpress\/wp-content\/uploads\/2018\/12\/IMG-20181206-WA0007-300x169.jpg\" alt=\"\" width=\"300\" height=\"169\" srcset=\"https:\/\/www.radiopiu.net\/wordpress\/wp-content\/uploads\/2018\/12\/IMG-20181206-WA0007-300x169.jpg 300w, https:\/\/www.radiopiu.net\/wordpress\/wp-content\/uploads\/2018\/12\/IMG-20181206-WA0007-768x432.jpg 768w, https:\/\/www.radiopiu.net\/wordpress\/wp-content\/uploads\/2018\/12\/IMG-20181206-WA0007-1024x576.jpg 1024w, https:\/\/www.radiopiu.net\/wordpress\/wp-content\/uploads\/2018\/12\/IMG-20181206-WA0007.jpg 1599w\" sizes=\"auto, (max-width: 300px) 100vw, 300px\" \/><\/a>FELTRE.<\/strong> Si \u00e8 concluso il Laboratorio del gusto &#8211; corso di cucina aperto a insegnanti, genitori e cuochi delle mense che hanno aderito al progetto sperimentale \u201cMangio sano perch\u00e9 corro lontano\u201d, nelle scuole del feltrino. Il corso \u00e8 stato organizzato dai Servizi di Promozione della Salute e Dietetica Ulss1 Dolomiti, Coldiretti e la Scuola di formazione professionale Enaip di Feltre. Nelle tre serate l&#8217;agrichef Fabrizio Pescosta ha preparato piatti per una cucina sana e gustosa con l&#8217;utilizzo di prodotti tipici del territorio.<br \/>\nHanno partecipato mediamente 15\/20 persone che hanno espresso la loro soddisfazione a questo momento di confronto, con prodotti freschi del territorio in linea con le linee guida dell&#8217;alimentazione. Un secondo corso \u00e8 previsto a fine gennaio per le scuole di Belluno che hanno aderito al progetto. un momento per la merenda condivisa a met\u00e0 pomeriggio.<\/p>\n<p>&nbsp;<\/p>\n<p>&nbsp;<\/p>\n<p>&nbsp;<\/p>\n<h2><span style=\"color: #ff0000;\">QUESTA SERA<\/span><\/h2>\n<h2>LA PRESENTAZIONE DEL LIBRO DI EZIO FRANCESCHINI<\/h2>\n<p>di luisa Alchini<\/p>\n<audio class=\"wp-audio-shortcode\" id=\"audio-69097-9\" preload=\"none\" style=\"width: 100%;\" controls=\"controls\"><source type=\"audio\/mpeg\" src=\"http:\/\/www.radiopiu.net\/wordpress\/wp-content\/uploads\/2018\/12\/FRANCESWCHINIASANTA.mp3?_=9\" \/><a href=\"http:\/\/www.radiopiu.net\/wordpress\/wp-content\/uploads\/2018\/12\/FRANCESWCHINIASANTA.mp3\">http:\/\/www.radiopiu.net\/wordpress\/wp-content\/uploads\/2018\/12\/FRANCESWCHINIASANTA.mp3<\/a><\/audio>\n<p><a class=\"dt-pswp-item\" href=\"http:\/\/www.radiopiu.net\/wordpress\/wp-content\/uploads\/2018\/12\/ea6de242-bddb-4688-9c18-0358c3fac862.jpg\" data-dt-img-description=\"\" data-large_image_width=\"1131\" data-large_image_height=\"1599\"><img loading=\"lazy\" decoding=\"async\" class=\"alignnone size-medium wp-image-69118\" src=\"http:\/\/www.radiopiu.net\/wordpress\/wp-content\/uploads\/2018\/12\/ea6de242-bddb-4688-9c18-0358c3fac862-212x300.jpg\" alt=\"\" width=\"212\" height=\"300\" srcset=\"https:\/\/www.radiopiu.net\/wordpress\/wp-content\/uploads\/2018\/12\/ea6de242-bddb-4688-9c18-0358c3fac862-212x300.jpg 212w, https:\/\/www.radiopiu.net\/wordpress\/wp-content\/uploads\/2018\/12\/ea6de242-bddb-4688-9c18-0358c3fac862-768x1086.jpg 768w, https:\/\/www.radiopiu.net\/wordpress\/wp-content\/uploads\/2018\/12\/ea6de242-bddb-4688-9c18-0358c3fac862-724x1024.jpg 724w, https:\/\/www.radiopiu.net\/wordpress\/wp-content\/uploads\/2018\/12\/ea6de242-bddb-4688-9c18-0358c3fac862.jpg 1131w\" sizes=\"auto, (max-width: 212px) 100vw, 212px\" \/><\/a><\/p>\n<p>&nbsp;<\/p>\n<p>&nbsp;<\/p>\n<p>&nbsp;<\/p>\n<h2><span style=\"color: #ff0000;\">QUESTA SERA<\/span><\/h2>\n<h1>CON LA FILOSOFA LISA IL POTERE DELLE PAROLE<\/h1>\n<blockquote>\n<h3><em>L&#8217;invito alla radio degli organizzatori<\/em><\/h3>\n<\/blockquote>\n<p>&#8220;Cari amici, mercoled\u00ec 12 dicembre p.v. ritorna il Convivium, con un appuntamento interamente dedicato alla filosofia dal titolo &#8220;Il potere delle parole e le Parole di potere&#8221;. Accompagnati dalla Dottoressa Lisa De Luca, ospite della serata, faremo un appassionante viaggio alla scoperta delle potenzialit\u00e0 delle parole e del linguaggio, quali strumenti di conoscenza e di cambiamento. Misterioso il quesito intorno al quale ruota la serata: che cos&#8217;\u00e8, davvero e in fondo, la parola? Scopriremo come ogni parola nasconda un segreto e come, da sempre, la filosofia ne sia a conoscenza. Vi invito pertanto all&#8217;appuntamento previsto per mercoled\u00ec 12 dicembre p.v. alle ore 20:30 presso la Sala Convegni &#8220;Don Tamis&#8221; dell&#8217;Unione Montana Agordina e, sperando di incontrarVi numerosi, Vi saluto cordialmente. Dottor Roberto Favero&#8221; Chiediamo, se possibile, la programmazione dello spot da venerd\u00ec 07 dicembre a mercoled\u00ec 12 dicembre e restiamo come sempre in attesa di Vostro riscontro.<\/p>\n<p>&nbsp;<\/p>\n<p>&nbsp;<\/p>\n<p>&nbsp;<\/p>\n<h2><span style=\"color: #ff0000;\">QUESTA SERA<\/span><\/h2>\n<h1>I RICORDI DEI GIORNI DEL FALCO<\/h1>\n<blockquote><p><i>Nomi e personaggi, il vissuto personale e interpersonale dei soggetti identificati come Diego, Francesco, Michele, Stelvio e delle correlate compagne di vita, oltre che di tutti gli altri personaggi, sono frutto dell\u2019immaginazione degli autori e come tali sono usati in modo del tutto fittizio in relazione alle vicende e vicissitudini di carattere personale e famigliare descritte e narrate. <\/i><\/p><\/blockquote>\n<p><a class=\"dt-pswp-item\" href=\"http:\/\/www.radiopiu.net\/wordpress\/wp-content\/uploads\/2018\/12\/rufus-dolomedia.jpg\" data-dt-img-description=\"\" data-large_image_width=\"1920\" data-large_image_height=\"1254\"><img loading=\"lazy\" decoding=\"async\" class=\" wp-image-69125 alignleft\" src=\"http:\/\/www.radiopiu.net\/wordpress\/wp-content\/uploads\/2018\/12\/rufus-dolomedia-300x196.jpg\" alt=\"\" width=\"227\" height=\"148\" srcset=\"https:\/\/www.radiopiu.net\/wordpress\/wp-content\/uploads\/2018\/12\/rufus-dolomedia-300x196.jpg 300w, https:\/\/www.radiopiu.net\/wordpress\/wp-content\/uploads\/2018\/12\/rufus-dolomedia-768x502.jpg 768w, https:\/\/www.radiopiu.net\/wordpress\/wp-content\/uploads\/2018\/12\/rufus-dolomedia-1024x669.jpg 1024w, https:\/\/www.radiopiu.net\/wordpress\/wp-content\/uploads\/2018\/12\/rufus-dolomedia.jpg 1920w\" sizes=\"auto, (max-width: 227px) 100vw, 227px\" \/><\/a>Questa sera alle 18.30, presso la SALA \u201cLUCIANI\u201d al Centro Giovanni XXIII (Piazza Piloni \u2013 Belluno), verr\u00e0 presentato il volume &#8220;Falco I-REMS (ed. Dolomedia &#8211; Belluno 2018), \u201c<em>un\u2019opera<\/em> \u2013 si specifica nella prefazione \u2013\u00a0<em>di pura fantasia, anche se inevitabilmente si collega ai fatti reali occorsi in data 22 agosto 2009, quando in localit\u00e0 Rio Gere (Cortina d\u2019Ampezzo \u2013 Belluno), alle pendici del Monte Cristallo, un elicottero A109S Grand (Agusta Westland), marche di immatricolazione I-REMS, esercente il servizio per conto del Suem 118 di Pieve di Cadore dell\u2019Ulss n. 1 di Belluno, impatta i cavi di una linea di media tensione, facendo morire l\u2019intero equipaggio ad esclusione di una persona che tra la prima e la seconda ricognizione sul fronte della frana era sceso per monitorare una persona cardiopatica.<\/em><\/p>\n<p><strong>L&#8217;INVITO DI FABIO RUFUS BRISTOT<\/strong><\/p>\n<audio class=\"wp-audio-shortcode\" id=\"audio-69097-10\" preload=\"none\" style=\"width: 100%;\" controls=\"controls\"><source type=\"audio\/mpeg\" src=\"http:\/\/www.radiopiu.net\/wordpress\/wp-content\/uploads\/2018\/12\/Registrazione1.mp3?_=10\" \/><a href=\"http:\/\/www.radiopiu.net\/wordpress\/wp-content\/uploads\/2018\/12\/Registrazione1.mp3\">http:\/\/www.radiopiu.net\/wordpress\/wp-content\/uploads\/2018\/12\/Registrazione1.mp3<\/a><\/audio>\n<h2><\/h2>\n<p>&nbsp;<\/p>\n<h2><span style=\"color: #ff0000;\">QUESTA SERA<\/span><\/h2>\n<h1>L&#8217;ULTIMO FUOCO E LA VALLE DEI LARICI<\/h1>\n<p><a class=\"dt-pswp-item\" href=\"http:\/\/www.radiopiu.net\/wordpress\/wp-content\/uploads\/2018\/12\/43408512_942679299253471_7569513678878277632_n.jpg\" data-dt-img-description=\"\" data-large_image_width=\"698\" data-large_image_height=\"960\"><img loading=\"lazy\" decoding=\"async\" class=\"size-medium wp-image-69126 alignleft\" src=\"http:\/\/www.radiopiu.net\/wordpress\/wp-content\/uploads\/2018\/12\/43408512_942679299253471_7569513678878277632_n-218x300.jpg\" alt=\"\" width=\"218\" height=\"300\" srcset=\"https:\/\/www.radiopiu.net\/wordpress\/wp-content\/uploads\/2018\/12\/43408512_942679299253471_7569513678878277632_n-218x300.jpg 218w, https:\/\/www.radiopiu.net\/wordpress\/wp-content\/uploads\/2018\/12\/43408512_942679299253471_7569513678878277632_n.jpg 698w\" sizes=\"auto, (max-width: 218px) 100vw, 218px\" \/><\/a>\u201cL&#8217;ultimo fuoco e la valle dei larici\u201d Il libro di Mauro De Biasio, il fabbro scrittore, sar\u00e0 presentato al Ristorante La Stanga di Mas di Sedico (BL) questa sera\u00a0 ore 20,30 L&#8217;animo rude del fabbro, Mauro De Biasio, cela il respiro delicato del poeta. Nella sua vita ha battuto il ferro (letteralmente) per 60 anni (fino alla pensione, una quindicina di anni fa), ma senza mai perdere la voglia di guardarsi intorno e di capire il mondo che continuava a girare al di fuori della sua fucina di Sottoguda. E forse \u00e8 per questo che quelle che forgiava sono vere e proprie opere d&#8217;arte; e che ha deciso di racchiudere in un bel libro i contorni della sua vita. Il libro autobiografico dal titolo \u201cL&#8217;ultimo fuoco e la valle dei larici\u201d sar\u00e0 presentato mercoled\u00ec prossimo 12 dicembre alle ore 20,30 al Ristorante La Stanga di Mas di Sedico. Ad intervistare Mauro De Biasio ci sar\u00e0 il giornalista Stefano Vietina. Il libro parla della ditta Ferri Battuti, costituita dal padre Alfredo (classe 1902), della formazione e dell&#8217;apprendistato di Mauro De Biasio in quella bottega, del suo desiderio di apprendere la tecnica fino a creare sculture forgiate: tante opere che oggi si trovano in collezioni private, in Italia ed all&#8217;estero. 146 pagine, ricco di immagini a colori, il volume di grande formato (cm 21 x 29,7) colpisce per la semplicit\u00e0 del linguaggio ed al tempo stesso per la profondit\u00e0 dei temi che tratta e che, lo si capisce bene, sono stati al centro di lunghe riflessioni da parte dell&#8217;autore. Anche il ferro battuto, insomma, ha un&#8217;anima.\u00a0 Inquinamento ambientale<\/p>\n<p><strong>ECCO COME RADIO PIU&#8217; AVEVA PRESENTATO IL LIBRO DI MAURO DE BIASIO NELLA PUNTATA LEGGER MENTE BELLUNESI DI LUISA ALCHINI<\/strong><\/p>\n<audio class=\"wp-audio-shortcode\" id=\"audio-69097-11\" preload=\"none\" style=\"width: 100%;\" controls=\"controls\"><source type=\"audio\/mpeg\" src=\"http:\/\/www.radiopiu.net\/wordpress\/wp-content\/uploads\/2018\/10\/2leggermentedebiasiomauro.mp3?_=11\" \/><a href=\"http:\/\/www.radiopiu.net\/wordpress\/wp-content\/uploads\/2018\/10\/2leggermentedebiasiomauro.mp3\">http:\/\/www.radiopiu.net\/wordpress\/wp-content\/uploads\/2018\/10\/2leggermentedebiasiomauro.mp3<\/a><\/audio>\n<p>&nbsp;<\/p>\n<p>&nbsp;<\/p>\n<h1>VENERDI: GIORNATA DI STUDI AD AGORDO, PRIMO PIANO SULL&#8217;ALLUVIONE<\/h1>\n<p><strong>DI GIANNI SANTOMASO<\/strong><\/p>\n<p><strong>AGORDO\u00a0 \u00a0<\/strong>Un seminario sul tema \u00ab1966-2018: alluvioni a confronto\u00bb e una successiva tavola rotonda sul tema \u00abCosa \u00e8 stato fatto, cosa fare\u00bb sono gli appuntamenti organizzati per la giornata di venerd\u00ec dal Dipartimento Geotecnico Minerario dell\u2019Istituto \u00abU. Follador\u00bb di Agordo, in collaborazione con l\u2019Universit\u00e0 di Camerino e il patrocinio di Ispra e Cnr Idpa. Si inizia alle 9 all\u2019auditorium \u00abA. Favretti\u00bb dell\u2019istituto Follador nella sede di Tamonich. Relatori: Iacopo Gabrieli, climatologo Cnr Idpa; Fabrizio Galluzzo, Ispra Servizio Geologico d\u2019Italia; Anselmo Cagnati, Arpa Veneto meteorologo; Luigi D\u2019Alpaos, esperto d\u2019idraulica, Universit\u00e0 di Padova; Vittorio Fenti, geologo; Ordine dei Geologi del Veneto; Bruno Testa, Cnr Idpa Milano; Francesco Baruffi, segretario generale Autorit\u00e0 di bacino delle Alpi orientali. Moderatrice Barbara Aldighieri Cnr Idpa Milano. Alla tavola rotonda del pomeriggio, moderata dal giornalista Guido Foddis, interverranno anche Barbara Aldighieri Cnr Idpa, Fabio Luchetta, presidente dell\u2019Unione montana agordina, Roberto Padrin, presidente della Provincia di Belluno, Luca Falcone, geologo dell\u2019Enea, Michele Cassol, forestale, Francesca Romana Lugeri, geologo Ispra e Daniela Bianco psicologa<\/p>\n<p>&nbsp;<\/p>\n<p>&nbsp;<\/p>\n<p>&nbsp;<\/p>\n<blockquote><p>&nbsp;<\/p><\/blockquote>\n<p>&nbsp;<\/p>\n<p>&nbsp;<\/p>\n<p>&nbsp;<\/p>\n<p>&nbsp;<\/p>\n<h1>GISELLA AD AGORDO, BRUNELLA MORO LEGGE LE SUE POESIE<\/h1>\n<p><a class=\"dt-pswp-item\" href=\"http:\/\/www.radiopiu.net\/wordpress\/wp-content\/uploads\/2018\/12\/48365422_314382545840013_6415843179219648512_o.jpg\" data-dt-img-description=\"\" data-large_image_width=\"1200\" data-large_image_height=\"786\"><img loading=\"lazy\" decoding=\"async\" class=\"alignnone wp-image-69037 size-large\" src=\"http:\/\/www.radiopiu.net\/wordpress\/wp-content\/uploads\/2018\/12\/48365422_314382545840013_6415843179219648512_o-1024x671.jpg\" alt=\"\" width=\"1024\" height=\"671\" srcset=\"https:\/\/www.radiopiu.net\/wordpress\/wp-content\/uploads\/2018\/12\/48365422_314382545840013_6415843179219648512_o-1024x671.jpg 1024w, https:\/\/www.radiopiu.net\/wordpress\/wp-content\/uploads\/2018\/12\/48365422_314382545840013_6415843179219648512_o-300x197.jpg 300w, https:\/\/www.radiopiu.net\/wordpress\/wp-content\/uploads\/2018\/12\/48365422_314382545840013_6415843179219648512_o-768x503.jpg 768w, https:\/\/www.radiopiu.net\/wordpress\/wp-content\/uploads\/2018\/12\/48365422_314382545840013_6415843179219648512_o.jpg 1200w\" sizes=\"auto, (max-width: 1024px) 100vw, 1024px\" \/><\/a><\/p>\n<p>Domenica\u00a0 dalle\u00a0 17.00 alle ore 18.00 presso la biblioteca civica Sala Riunioni di Agordo (Belluno),\u00a0<a href=\"https:\/\/www.facebook.com\/gisella.canzian.75\" target=\"_blank\" rel=\"noopener\">Gisella Canzian<\/a>\u00a0vi propone il suo primo libro, &#8220;2ottobre&#8221;. Presenta\u00a0<a href=\"https:\/\/www.facebook.com\/sergiopivetta\" target=\"_blank\" rel=\"noopener\">Sergio Pivetta<\/a>. Sar\u00e0 ospite alla serata\u00a0<a href=\"https:\/\/www.facebook.com\/brunella.moro\" target=\"_blank\" rel=\"noopener\">Brunella Moro<\/a>, la voce di IN VIVO VERSO, il programma radiofonico dell&#8217;emittente agordina di\u00a0RADIOPIU&#8217;, che\u00a0 legger\u00e0 alcuni componimenti.\u00a0 Sar\u00e0 anche proiettata una breve videopoesia con testo inedito di Gisella Canzian, voce narrante di Brunella Moro, foto e montaggio a cura di Sergio Pivetta. Ingresso libero.<\/p>\n<p>&nbsp;<\/p>\n<p>&nbsp;<\/p>\n<p>&nbsp;<\/p>\n<h1>INIZIATIVE PER GLI AGORDINI<br \/>\nIL CONCERTO A ROCCA PIETORE CON IL CORO FEMMINILE COL DI LANA<\/h1>\n<p>CLICCA PER INGRANDIRE<\/p>\n\n\t\t\t<style type='text\/css'>\n\t\t\t\t#gallery-1 {\n\t\t\t\t\tmargin: auto;\n\t\t\t\t}\n\t\t\t\t#gallery-1 .gallery-item {\n\t\t\t\t\tfloat: left;\n\t\t\t\t\tmargin-top: 10px;\n\t\t\t\t\ttext-align: center;\n\t\t\t\t\twidth: 33%;\n\t\t\t\t}\n\t\t\t\t#gallery-1 img {\n\t\t\t\t\tborder: 2px solid #cfcfcf;\n\t\t\t\t}\n\t\t\t\t#gallery-1 .gallery-caption {\n\t\t\t\t\tmargin-left: 0;\n\t\t\t\t}\n\t\t\t\t\/* see gallery_shortcode() in wp-includes\/media.php *\/\n\t\t\t<\/style>\n\t\t<div id='gallery-1' class='dt-gallery-container gallery galleryid-69097 gallery-columns-3 gallery-size-thumbnail'><dl class='gallery-item'>\n\t\t\t\t<dt class='gallery-icon portrait'>\n\t\t\t\t\t<a class=\"rollover\" href='https:\/\/www.radiopiu.net\/wordpress\/69097-2\/whatsapp-image-2018-12-11-at-14-02-15\/'><img loading=\"lazy\" decoding=\"async\" width=\"150\" height=\"150\" src=\"https:\/\/www.radiopiu.net\/wordpress\/wp-content\/uploads\/2018\/12\/WhatsApp-Image-2018-12-11-at-14.02.15-150x150.jpeg\" class=\"attachment-thumbnail size-thumbnail\" alt=\"\" \/><\/a>\n\t\t\t\t<\/dt><\/dl>\n\t\t\t\t<br style='clear: both' \/>\n\t\t\t<\/div>\n\n<p>&nbsp;<\/p>\n<p>&nbsp;<\/p>\n<h1>IL RITORNO DELLA PIGOTTA CON L&#8217;UNICEF<\/h1>\n<p><strong>AGIRDO<\/strong>\u00a0Domani e mercoledi19 Dicembre dalle 9 alle 12 in piazza Libert\u00e0 ad Agordo si terr\u00e0 la consueta e ormai tradizionale vendita pre-natalizia della Pigotta. Il Comitato Agordino Unicef \u00e8 impegnato da sempre nell\u2019iniziativa benefica che ha come volto la Pigotta. Anche quest\u2019 anno la bella bambola di pezza contribuir\u00e0 all\u2019acquisto di numerosi kit salvavita (vaccini, antibiotici e similari) a favore dei bambini del terzo mondo in pericolo di vita. Le volontarie attenderanno il buon cuore degli agordini nella piazza del capoluogo, confidando nello spirito di solidariet\u00e0 sempre dimostrato.<\/p>\n<p>&nbsp;<\/p>\n<h1><\/h1>\n<h1>FINE ANNO A PESCUL<\/h1>\n<p><strong>TRADIZIONALE FIACCOLATA DI FINE ANNO CON SPETTACOLO PIROTECNICO DOMENICA 30 DICEMBRE 2018 IN LOCALITA&#8217; PESCUL \u2013 SELVA DI CADORE<\/strong> ALLE \u00a017.30: Ritrovo piazzale seggiovia a Pescul,\u00a0 19 Discesa lungo la pista Salere, 19.30 Spettacolo Pirotecnico a\u00a0seguire vin brul\u00e8 offerto dagli Alpini di Selva di Cadore. Info e iscrizioni entro le ore 18.00 del giorno precedente presso la Scuola Sci Val fiorentina 0437 720248.\u00a0Sabato 29 dicembre 2018 e venerd\u00ec 04 gennaio 2019 alle\u00a018 presso il campo scuola a Santa Fosca FIACCOLATA BAMBINI 6\u201314 anni.<\/p>\n<p>&nbsp;<\/p>\n<p>&nbsp;<\/p>\n<p>&nbsp;<\/p>\n<p>&nbsp;<\/p>\n<h1>I PRESEPI DI TESERO A CANALE D&#8217;AGORDO<\/h1>\n<blockquote>\n<h3><em>la collezione di mini-presepi di Piergiorgio Trettel<\/em><\/h3>\n<\/blockquote>\n<p><strong><a class=\"dt-pswp-item\" href=\"http:\/\/www.radiopiu.net\/wordpress\/wp-content\/uploads\/2018\/12\/locandina_mostra_presepi.jpg\" data-dt-img-description=\"\" data-large_image_width=\"1200\" data-large_image_height=\"1711\"><img loading=\"lazy\" decoding=\"async\" class=\"size-medium wp-image-69103 alignleft\" src=\"http:\/\/www.radiopiu.net\/wordpress\/wp-content\/uploads\/2018\/12\/locandina_mostra_presepi-210x300.jpg\" alt=\"\" width=\"210\" height=\"300\" srcset=\"https:\/\/www.radiopiu.net\/wordpress\/wp-content\/uploads\/2018\/12\/locandina_mostra_presepi-210x300.jpg 210w, https:\/\/www.radiopiu.net\/wordpress\/wp-content\/uploads\/2018\/12\/locandina_mostra_presepi-768x1095.jpg 768w, https:\/\/www.radiopiu.net\/wordpress\/wp-content\/uploads\/2018\/12\/locandina_mostra_presepi-718x1024.jpg 718w, https:\/\/www.radiopiu.net\/wordpress\/wp-content\/uploads\/2018\/12\/locandina_mostra_presepi.jpg 1200w\" sizes=\"auto, (max-width: 210px) 100vw, 210px\" \/><\/a>CANALE D&#8217;AGORDO\u00a0\u00a0<\/strong>La Fondazione Papa Luciani ha programmato per il periodo natalizio una mostra di mini-presepi proveniente dalla ricca collezione dell\u2019artista di Tesero Piergiorgio Trettel. I presepi raffigurano varie culture e continenti del mondo e fanno parte della pi\u00f9 ampia collezione che ogni anno viene allestita nell\u2019affascinante borgo di Tesero, in Val di Fiemme. Anche quest\u2019anno prosegue quindi il \u201cgemellaggio\u201d tra la vallata trentina e il paese natale di Papa Luciani grazie a questa nuova idea e alla collaborazione del signor Piergiorgio Adami. L&#8217;esposizione \u00e8 visitabile presso la Casa delle Regole di Canale d&#8217;Agordo tutti i giorni da sabato 22 dicembre 2018 a domenica 6 gennaio 2019 (eccetto il 1\u00b0 gennaio) in orario 16.30-18.30. Gli eventi sono consultabili ulla pagina Facebook e sul sito www.musal.it.<\/p>\n<p>&nbsp;<\/p>\n<p>&nbsp;<\/p>\n<p>&nbsp;<\/p>\n<p>&nbsp;<\/p>\n<p>&nbsp;<\/p>\n<p>&nbsp;<\/p>\n<h1>I PRIMI 150 ANNI DEL CAI AGORDO<\/h1>\n<p><strong>AGORDO <\/strong>Il Club Alpino Italiano sezione agordina Armando &#8220;Tama&#8221; Da Roit ha organizzato una serata evento per il 150esimo compleanno della prima sezione del Nord Est, quarta in Italia. Sabato 15 dicembre alle 20.30 in Sala Don Tamis<\/p>\n<p>&nbsp;<\/p>\n<p>&nbsp;<\/p>\n<p>&nbsp;<\/p>\n<h1>CORSI DI SCI CON IL GRUPPO SPORTIVO TAIBON<\/h1>\n<p><strong>DI GIANNI SANTOMASO<\/strong><\/p>\n<p><strong>TAIBON.<\/strong> Il Gs Taibon organizza anche quest\u2019anno, in collaborazione con la Scuola di sci Coldai e la Societ\u00e0 Desma, dei corsi di avviamento allo sci alpino per ragazzi\/e del terzo anno delle scuole materne e di tutte le elementari, che si terranno sulle piste di<br \/>\nAlleghe e di Forcella Aurine. All\u2019insegna di \u00abInsegniamo a sciare per divertimento senza finalit\u00e0 agonistiche\u00bb, i corsi saranno tenuti da aestri di sci iscritti al Collegio regionale maestri Veneto. Ad Alleghe, il corso, della durata di 20 ore, si terr\u00e0 tutti i sabati, dal 12 gennaio al 16 marzo 2019, dalle ore 14. 30 alle 16.30. Questi i costi: ski-pass stagionale per il comprensorio 125 euro Baby (3-10 anni nati dopo il 1\u00b0 gennaio 2008); 180 euro Junior (nati dopo il 30. 11. 2002) da acquistare presso gli uffici di Alleghe; a titolo indicativo e in funzione del numero di partecipanti: 130\/150 euro; tessera speciale G. S. Taibon (obbligatoria ai fini assicurativi): 1 euro. A Forcella Aurine: durata del corso 16 ore, tutti i gioved\u00ec dal 10 gennaio al 28 febbraio 2019 dalle ore 14. 30 alle 16. 30. Costo: comprensivo dello Ski-pass giornaliero, a titolo indicativo e in funzione al numero di partecipanti, 180\/200. Numero minimo per l\u2019attivazione del corso 15 utenti. Tessera speciale G. S. Taibon (obbligatoria ai fini assicurativi): 1 euro. Possibilit\u00e0 di noleggio attrezzatura. Gli organizzatori informano che per l\u2019iscrizione ai corsi \u00e8 necessario un certificato medico rilasciato dal medico di base di idoneit\u00e0 alla pratica di attivit\u00e0 sportiva ludico\/motoria (non agonistica). Al compimento di 12 anni serve il certificato per attivit\u00e0 sportiva agonistica (anche in fotocopia purch\u00e9 si riferisca ad un certificato ancora valido). Info: Ivo: 320 192 8089; Diletta 347 249 8187; Antimo 339 445 2849.<\/p>\n<p>&nbsp;<\/p>\n<p>&nbsp;<\/p>\n<p>&nbsp;<\/p>\n<h1>SCONTI PER GLI ASSOCIATI DOLOMITI EMERGENCY<\/h1>\n<p><strong><a class=\"dt-pswp-item\" href=\"http:\/\/www.radiopiu.net\/wordpress\/wp-content\/uploads\/2018\/12\/IMG-20181211-WA0000.jpg\" data-dt-img-description=\"\" data-large_image_width=\"750\" data-large_image_height=\"416\"><img loading=\"lazy\" decoding=\"async\" class=\" wp-image-69102 alignleft\" src=\"http:\/\/www.radiopiu.net\/wordpress\/wp-content\/uploads\/2018\/12\/IMG-20181211-WA0000-300x166.jpg\" alt=\"\" width=\"85\" height=\"47\" srcset=\"https:\/\/www.radiopiu.net\/wordpress\/wp-content\/uploads\/2018\/12\/IMG-20181211-WA0000-300x166.jpg 300w, https:\/\/www.radiopiu.net\/wordpress\/wp-content\/uploads\/2018\/12\/IMG-20181211-WA0000.jpg 750w\" sizes=\"auto, (max-width: 85px) 100vw, 85px\" \/><\/a>BELLUNO<\/strong> Gli associati a Dolomiti Emergency, per l\u2019anno di iscrizione 2019, potranno beneficiare di uno sconto del 15% sui prodotti acquistati nei negozi monomarca di Patagonia. La Onlus bellunese che ha come scopo sostenere e migliorare il modello di soccorso ed intervento di emergenza in montagna ha infatti siglato un accordo con la nota azienda di abbigliamento sportivo. \u00abAbbiamo scelto Patagonia per la sua filosofia green\u00bb, spiega Laura Menegus, presidente di Dolomiti Emergency, \u00abe per il modo di operare rispettoso sia dell\u2019ambiente che delle persone\u00bb. Altre informazioni sul sito www.dolomitiemergency.it.<\/p>\n<p>&nbsp;<\/p>\n<p>&nbsp;<\/p>\n<p>&nbsp;<\/p>\n<h1><a class=\"dt-pswp-item\" href=\"http:\/\/www.radiopiu.net\/wordpress\/wp-content\/uploads\/2018\/09\/sport.jpg\" data-dt-img-description=\"\" data-large_image_width=\"800\" data-large_image_height=\"100\"><img loading=\"lazy\" decoding=\"async\" class=\"alignnone wp-image-60761 size-full\" src=\"http:\/\/www.radiopiu.net\/wordpress\/wp-content\/uploads\/2018\/09\/sport.jpg\" alt=\"\" width=\"800\" height=\"100\" srcset=\"https:\/\/www.radiopiu.net\/wordpress\/wp-content\/uploads\/2018\/09\/sport.jpg 800w, https:\/\/www.radiopiu.net\/wordpress\/wp-content\/uploads\/2018\/09\/sport-300x38.jpg 300w, https:\/\/www.radiopiu.net\/wordpress\/wp-content\/uploads\/2018\/09\/sport-768x96.jpg 768w\" sizes=\"auto, (max-width: 800px) 100vw, 800px\" \/><\/a><\/h1>\n<h1>ALLEGHE \u2013 ORA: STASERA SI RECUPERA LA PARTITA, ALLO STADIO ANCHE &#8220;CANALE-IL CANAL&#8221; e &#8220;RUMATERA&#8221;<\/h1>\n<p><strong>ALLEGHE\u00a0<\/strong>Stasera si recupera la partita valida per la nona giornata dell&#8217;Italian Hockey League tra Alleghe ed Ora che era in programma il primo novembre ma \u00e8 stata spostata a causa del maltempo. Una partita importante per le civette che vogliono tornare a vincere dopo quasi due mesi dall&#8217;ultima vittoria. Biancorossi che in questo momento si trovano in fondo alla classifica della IHL con soli 12 punti in 14 partite giocate. Un periodo buio quello della squadra allenata da Eskola che stasera alle ore 20:30 giocher\u00e0 all&#8217;Alvise De Toni contro i trentini, anche loro in fondo alla classifica assieme alle civette. Radio Pi\u00f9 seguir\u00e0 in diretta la sfida all&#8217;interno di \u201cHockey Al Punto Giusto\u201d a partire dalle ore 20:30.<\/p>\n<p>&nbsp;<\/p>\n<p>&nbsp;<\/p>\n<p>&nbsp;<\/p>\n<p>&nbsp;<\/p>\n<p>&nbsp;<\/p>\n<p>&nbsp;<\/p>\n<p>&nbsp;<\/p>\n<p><a class=\"dt-pswp-item\" href=\"http:\/\/www.radiopiu.net\/wordpress\/wp-content\/uploads\/2018\/09\/WhatsApp-Image-2018-09-20-at-16.04.06.jpeg\" data-dt-img-description=\"\" data-large_image_width=\"800\" data-large_image_height=\"100\"><img loading=\"lazy\" decoding=\"async\" class=\"alignnone wp-image-61378 size-full\" src=\"http:\/\/www.radiopiu.net\/wordpress\/wp-content\/uploads\/2018\/09\/WhatsApp-Image-2018-09-20-at-16.04.06.jpeg\" alt=\"\" width=\"800\" height=\"100\" srcset=\"https:\/\/www.radiopiu.net\/wordpress\/wp-content\/uploads\/2018\/09\/WhatsApp-Image-2018-09-20-at-16.04.06.jpeg 800w, https:\/\/www.radiopiu.net\/wordpress\/wp-content\/uploads\/2018\/09\/WhatsApp-Image-2018-09-20-at-16.04.06-300x38.jpeg 300w, https:\/\/www.radiopiu.net\/wordpress\/wp-content\/uploads\/2018\/09\/WhatsApp-Image-2018-09-20-at-16.04.06-768x96.jpeg 768w\" sizes=\"auto, (max-width: 800px) 100vw, 800px\" \/><\/a><\/p>\n<h1>DA OGGI A SABATO<\/h1>\n<p><strong>Mercoledi 12<\/strong><br \/>\nTempo atteso: Splendida giornata con cielo sereno e aria tersa ed ottima visibilit\u00e0 ovunque, con clima freddo, tipicamente invernale a tutte le quote. Definitiva attenuazione dei venti.<br \/>\nPrecipitazioni: Assenti (0%).<br \/>\nTemperature: Minime stazionarie in quota, in calo nelle valli con diffuse gelate; massime senza notevoli variazioni. Su Prealpi a 1500 m min -6\u00b0C max -3\u00b0C, a 2000 m min -8\u00b0C max -4\u00b0C. Su Dolomiti a 2000 m min -10\u00b0C max -7\u00b0C, a 3000 m min -16\u00b0C max -14\u00b0C.<br \/>\nVenti: Nelle valli in genere deboli, con possibili residui modesti rinforzi di F\u00f6hn; in quota deboli\/moderati, in rotazione da Nord a Sud-Ovest alla sera, a 5-20 km\/h a 2000 m, 10-30 km\/h a 3000 m.<br \/>\n<strong>Giovedi 13<\/strong><br \/>\nTempo atteso: Parziale aumento della nuvolosit\u00e0, pi\u00f9 compatta sulle Prealpi, dove il cielo sar\u00e0 a tratti anche molto nuvoloso\/coperto, meno sulle Dolomiti con nuvolosit\u00e0 pi\u00f9 irregolare, con possibilit\u00e0 di qualche sporadico fenomeno. Clima decisamente freddo di stampo pienamente invernale.<br \/>\nPrecipitazioni: Tra le ore centrali e il pomeriggio\/sera non escluse deboli o debolissime nevicate, eventualmente fino a fondovalle, pi\u00f9 probabili sui settori prealpini esposti alle correnti orientali (Recoarese, Piccole Dolomiti, Alpago\/Cansiglio) (40\/50%), meno sugli altri settori, anche assenti in molte valli dolomitiche (20\/30%), mentre saranno maggiormente probabili delle burrasche sulle vette. Si tratter\u00e0 in ogni caso di fenomeni di poco conto con cumulati massimi di 2\/5 cm di neve fresca nelle zone pi\u00f9 interessate.<br \/>\nTemperature: Stazionarie in quota; nelle valli minime in lieve aumento, massime in calo. Su Prealpi a 1500 m min -7\u00b0C max -5\u00b0C, a 2000 m min -9\u00b0C max -6\u00b0C. Su Dolomiti a 2000 m min -11\u00b0C max -8\u00b0C, a 3000 m min -16\u00b0C max -15\u00b0C.<br \/>\nVenti: Nelle valli deboli di direzione variabile; in alta quota deboli\/moderati da Sud-Ovest, alle quote medie moderati da Nord-Est, con rinforzi sulle dorsali prealpine, a 10-30 km\/h a 2000 m, 15-30 km\/h a 3000 m.<br \/>\n<strong>Venerdi 14<\/strong><br \/>\nTempo in miglioramento, con residua nuvolosit\u00e0 nelle prime ore e schiarite via via pi\u00f9 ampie fino a cielo del tutto sereno a partire da Nord. Clima freddo, di stampo pienamente invernale, pi\u00f9 freddo sulle Prealpi a parit\u00e0 di quota. Venti deboli a tutte le quote.<br \/>\n<strong>Sabato 15<\/strong><br \/>\nTempo splendido con cielo sereno per tutto il giorno. Clima molto freddo al mattino con estese ed intense gelate, un po&#8217; pi\u00f9 mite di giorno, specie in quota e nei settori pi\u00f9 assolati. Moderato rinforzo dei venti settentrionali. Previsore: G.M.<\/p>\n","protected":false},"excerpt":{"rendered":"<p>Dopo giorni di silenzio riecco gli Aquini, gli indagati per il caso Erostrato, Chiesto il processo per Nemesio padre e Samuele figlio la Procura della Repubblica con il pubblico ministero Simone Marcon ha chiesto il rinvio a giudizio con la convinzione siano loro gli autori di roghi e minacce. La Provincia ha ufficializzato lo stanziamento&hellip;<\/p>\n","protected":false},"author":1,"featured_media":69118,"comment_status":"closed","ping_status":"closed","sticky":false,"template":"","format":"standard","meta":{"_monsterinsights_skip_tracking":false,"_monsterinsights_sitenote_active":false,"_monsterinsights_sitenote_note":"","_monsterinsights_sitenote_category":0,"footnotes":""},"categories":[1,86],"tags":[],"class_list":["post-69097","post","type-post","status-publish","format-standard","has-post-thumbnail","hentry","category-senza-categoria","category-gr","category-1","category-86","description-off"],"img_url":"https:\/\/www.radiopiu.net\/wordpress\/wp-content\/uploads\/2018\/12\/ea6de242-bddb-4688-9c18-0358c3fac862.jpg","_links":{"self":[{"href":"https:\/\/www.radiopiu.net\/wordpress\/wp-json\/wp\/v2\/posts\/69097","targetHints":{"allow":["GET"]}}],"collection":[{"href":"https:\/\/www.radiopiu.net\/wordpress\/wp-json\/wp\/v2\/posts"}],"about":[{"href":"https:\/\/www.radiopiu.net\/wordpress\/wp-json\/wp\/v2\/types\/post"}],"author":[{"embeddable":true,"href":"https:\/\/www.radiopiu.net\/wordpress\/wp-json\/wp\/v2\/users\/1"}],"replies":[{"embeddable":true,"href":"https:\/\/www.radiopiu.net\/wordpress\/wp-json\/wp\/v2\/comments?post=69097"}],"version-history":[{"count":0,"href":"https:\/\/www.radiopiu.net\/wordpress\/wp-json\/wp\/v2\/posts\/69097\/revisions"}],"wp:featuredmedia":[{"embeddable":true,"href":"https:\/\/www.radiopiu.net\/wordpress\/wp-json\/wp\/v2\/media\/69118"}],"wp:attachment":[{"href":"https:\/\/www.radiopiu.net\/wordpress\/wp-json\/wp\/v2\/media?parent=69097"}],"wp:term":[{"taxonomy":"category","embeddable":true,"href":"https:\/\/www.radiopiu.net\/wordpress\/wp-json\/wp\/v2\/categories?post=69097"},{"taxonomy":"post_tag","embeddable":true,"href":"https:\/\/www.radiopiu.net\/wordpress\/wp-json\/wp\/v2\/tags?post=69097"}],"curies":[{"name":"wp","href":"https:\/\/api.w.org\/{rel}","templated":true}]}}