{"id":69189,"date":"2018-12-12T19:12:41","date_gmt":"2018-12-12T18:12:41","guid":{"rendered":"http:\/\/www.radiopiu.net\/wordpress\/?p=69189"},"modified":"2018-12-13T10:14:16","modified_gmt":"2018-12-13T09:14:16","slug":"giornale-radiopiu-13-dicembre-2018-direttore-mirko-mezzacasa","status":"publish","type":"post","link":"https:\/\/www.radiopiu.net\/wordpress\/giornale-radiopiu-13-dicembre-2018-direttore-mirko-mezzacasa\/","title":{"rendered":"GIORNALE RADIOPIU 13 DICEMBRE 2018 DIRETTORE MIRKO MEZZACASA"},"content":{"rendered":"<h1><\/h1>\n<p>&#8220;<strong>Alziamo la voce&#8221;,<\/strong> lo dicono in coro 50 giovani che hanno inciso l&#8217;inno di un territorio devastato, la canzone presentata ieri a Belluno ed \u00e8 gi\u00e0 disponibile on line sulle varie piattaforme, il ricavato servir\u00e0 per la ricostruzione di Lambioi beach.\u00a0<strong>Tristi giorni<\/strong> nell&#8217;Agordino per la scomparsa dell&#8217;artista Luciano Piani a Masar\u00e8 di Rocca Pietore e di Aldo Zasso, l&#8217;ultimo reduce di Russia sepolto ieri nella sua Agordo. Lucia Ruffato di wwf informa che la Regione rimette gli incentivi per l&#8217;idroelettrico, lo dice Marcato, &#8220;ma Bottacin non era contrario?&#8221; si chiede la Ruffato\u00a0\u00a0<strong>Lunedi s&#8217;inaugura la tangenziale<\/strong> ma ad Agordo i dubbi restano in casa Agordina Calcio, il presidente Cosmo Forcella anticipa che l&#8217;attivit\u00e0 potrebbe essere sospesa se non si risolveranno i problemi delle protezioni dei palloni che portebbero finire sulla strada, il sindaco pensa agli autovelox, presto l&#8217;incontro con Veneto Strade, perplessit\u00e0 per quelle strisce pedonalI proprio all&#8217;uscita (o entrata) della tangenziale alla rotonda di Ponte Alto. <strong>Novit\u00e0 per la polizia locale di Feltre<\/strong> gli agenti indosseranno una divisa munita di telecamera, potr\u00e0 filmare tutto quello che succede. <strong>I bellunesi<\/strong> oggi scendono a Milano (Corriere delle Alpi)\u00a0per rivendicare, insieme a Confartigianato, le piccole e grandi opere: il completamento dell\u2019A27, il Treno delle Dolomiti,\u00a0l\u2019elettrificazione fino a Calalzo, la riqualificazione delle strade, la banda larga. <strong>Luxottica premia i suoi dipendenti (188)<\/strong>\u00a0e intanto prepara la festa della prossima settimana al Palaluxottica, a Sedico l&#8217;azienda offre cure oculistiche ai bimbi cinesi. Tramite il progetto Onesight tre dipendenti del colosso dell\u2019occhialeria sono stati due settimane nello Yunnan per visitare 4.667 ragazzi. <strong>Continuano le iniziative benefiche<\/strong> domenica a Sedico &#8220;na corseta per l&#8217;Agordino&#8221;, pedonata all&#8217;interno della sagra di Santa Lucia, a Rocca Pietore sabato canter\u00e0 il coro femminile Col di Lana. <strong>Oggi il Corriere delle Alpi<\/strong> (con radio piu media partner per il concerto di Falcade) presenta l&#8217;evento del 26 dicembre a Falcade,\u00a0La band chiude il 26 dicembre il tour per i \u201c55 anni in concerto\u201d. Grandi soddisfazioni e, dopo, un 2019 di riposo &#8220;Uno show speciale per gli amici di Falcade&#8221;, lo promette Beppe Carletti. <strong>Nello Spor<\/strong>t ancora una sconfitta per l&#8217;Alleghe, ora solitario in fondo alla classifica, ma verranno tempi migliori&#8230;<\/p>\n<p>&nbsp;<\/p>\n<p>&nbsp;<\/p>\n<p>&nbsp;<\/p>\n<h1>ULTIM&#8217;ORA: MARCATO E&#8217; PER GLI INCENTIVI. BOTTACIN CHE DICE?<\/h1>\n<p><strong><a class=\"dt-pswp-item\" href=\"http:\/\/www.radiopiu.net\/wordpress\/wp-content\/uploads\/2018\/12\/is-6.jpg\" data-dt-img-description=\"\" data-large_image_width=\"341\" data-large_image_height=\"226\"><img loading=\"lazy\" decoding=\"async\" class=\" wp-image-69270 alignleft\" src=\"http:\/\/www.radiopiu.net\/wordpress\/wp-content\/uploads\/2018\/12\/is-6-300x199.jpg\" alt=\"\" width=\"182\" height=\"121\" srcset=\"https:\/\/www.radiopiu.net\/wordpress\/wp-content\/uploads\/2018\/12\/is-6-300x199.jpg 300w, https:\/\/www.radiopiu.net\/wordpress\/wp-content\/uploads\/2018\/12\/is-6.jpg 341w\" sizes=\"auto, (max-width: 182px) 100vw, 182px\" \/><\/a><\/strong><\/p>\n<p>&nbsp;<\/p>\n<p>&nbsp;<\/p>\n<p><strong>INTERVENTO NELLA RASSEGNA STAMPA DI RADIO PIU&#8217; DI LUCIA RUFFATO,\u00a0 WWF<\/strong><\/p>\n<audio class=\"wp-audio-shortcode\" id=\"audio-69189-1\" preload=\"none\" style=\"width: 100%;\" controls=\"controls\"><source type=\"audio\/mpeg\" src=\"http:\/\/www.radiopiu.net\/wordpress\/wp-content\/uploads\/2018\/12\/LUCIA.mp3?_=1\" \/><a href=\"http:\/\/www.radiopiu.net\/wordpress\/wp-content\/uploads\/2018\/12\/LUCIA.mp3\">http:\/\/www.radiopiu.net\/wordpress\/wp-content\/uploads\/2018\/12\/LUCIA.mp3<\/a><\/audio>\n<h1>INTERVISTA RECENTE.<\/h1>\n<p><iframe loading=\"lazy\" title=\"TG BASSANO (25\/09\/2018) - MINI ELETTRICO: BOTTACIN \u00abBENE LE RESTRIZIONI\u00bb\" width=\"1200\" height=\"675\" src=\"https:\/\/www.youtube.com\/embed\/LPSE9n5O_Fw?feature=oembed\" frameborder=\"0\" allow=\"accelerometer; autoplay; encrypted-media; gyroscope; picture-in-picture\" allowfullscreen><\/iframe><\/p>\n<p>&nbsp;<\/p>\n<p>&nbsp;<\/p>\n<p>&nbsp;<\/p>\n<p>&nbsp;<\/p>\n<h1>INVESTIMENTO IN VIALE FANTUZZI<\/h1>\n<p><strong>BELLUNO\u00a0<\/strong>Investita in\u00a0viale Fantuzzi in prossimit\u00e0 delle strisce pedonali davanti all\u2019Inps. Non \u00e8 in gravi condizioni, una donna di 73 anni, M.S., che \u00e8 rimasta in osservazione al Pronto soccorso del San Martino. L\u2019auto che l\u2019ha investita\u00a0una Panda,\u00a0 guidata da G.O., una donna di 65 anni che procedeva dalla rotatoria della Cerva in direzione dell\u2019incrocio davanti al tribunale. L\u2019evento si \u00e8 verificato ieri mattina alle 10 e ha paralizzato il traffico<\/p>\n<p>&nbsp;<\/p>\n<p>&nbsp;<\/p>\n<p>&nbsp;<\/p>\n<p>&nbsp;<\/p>\n<h1>A TORSO NUDO IN RIVA ALL&#8217;ARDO, SOCCORSO DA POLIZIA E VIGILI DEL FUOCO<\/h1>\n<p><strong>BELLUNO<\/strong> A torso nudo sul greto dell\u2019Ardo a urlare. Un uomo di Bassano \u00e8 stato portato in ospedale ieri intorno all\u2019ora di pranzo, dopo l\u2019intervento di volanti e vigili del fuoco. Alle 12.30 il bassanese \u00e8 stato notato da pi\u00f9 di un automobilista senza capire\u00a0se voleva buttarsi in acqua, oppure se era finito gi\u00f9 per qualche incidente.<\/p>\n<p>&nbsp;<\/p>\n<p>&nbsp;<\/p>\n<p>&nbsp;<\/p>\n<p>&nbsp;<\/p>\n<h1>LA SCOMPARSA DI LUCIANO PIANI<\/h1>\n<p><a class=\"dt-pswp-item\" href=\"http:\/\/www.radiopiu.net\/wordpress\/wp-content\/uploads\/2018\/12\/WhatsApp-Image-2018-06-10-at-14.35.36.jpeg\" data-dt-img-description=\"\" data-large_image_width=\"528\" data-large_image_height=\"960\"><img loading=\"lazy\" decoding=\"async\" class=\" wp-image-69245 alignleft\" src=\"http:\/\/www.radiopiu.net\/wordpress\/wp-content\/uploads\/2018\/12\/WhatsApp-Image-2018-06-10-at-14.35.36-165x300.jpeg\" alt=\"\" width=\"114\" height=\"207\" srcset=\"https:\/\/www.radiopiu.net\/wordpress\/wp-content\/uploads\/2018\/12\/WhatsApp-Image-2018-06-10-at-14.35.36-165x300.jpeg 165w, https:\/\/www.radiopiu.net\/wordpress\/wp-content\/uploads\/2018\/12\/WhatsApp-Image-2018-06-10-at-14.35.36.jpeg 528w\" sizes=\"auto, (max-width: 114px) 100vw, 114px\" \/><\/a>E&#8217; un triste risveglio per Rocca Pietore, Alleghe e tutto l&#8217;Agordino, \u00e8 morto Luciano Piani artista e imprenditore. Nato nel 1942 ha fondato e gestito con la famiglia la Pizzeria al Fornel a Masare&#8217; di Rocca Pietore, la scorsa estate la sua ultima opera, il pescatore a bordo del lago di Alleghe, quel sasso che ha sfidato l&#8217;alluvione e l&#8217;onda dello Zunaia, resistendo ad acqua e vento. Alla moglie, ai figli l&#8217;abbraccio e il ricordo di un amico.<\/p>\n<div class=\"page-title-head hgroup\">\n<h1>da quell&#8217;ultimo servizio ad agosto<\/h1>\n<h1 class=\"entry-title\">GRAZIE LUCIANO\u2026<\/h1>\n<\/div>\n<blockquote class=\"wp-embedded-content\" data-secret=\"ZgKmLiFjw3\"><p><a href=\"http:\/\/www.radiopiu.net\/wordpress\/grazie-luciano\/\">GRAZIE LUCIANO&#8230;<\/a><\/p><\/blockquote>\n<p><iframe loading=\"lazy\" class=\"wp-embedded-content\" sandbox=\"allow-scripts\" security=\"restricted\" style=\"position: absolute; clip: rect(1px, 1px, 1px, 1px);\" src=\"http:\/\/www.radiopiu.net\/wordpress\/grazie-luciano\/embed\/#?secret=ZgKmLiFjw3\" data-secret=\"ZgKmLiFjw3\" width=\"600\" height=\"338\" title=\"&#8220;GRAZIE LUCIANO&#8230;&#8221; &#8212; Radio Pi\u00f9\" frameborder=\"0\" marginwidth=\"0\" marginheight=\"0\" scrolling=\"no\"><\/iframe><\/p>\n<p>&nbsp;<\/p>\n<p>&nbsp;<\/p>\n<p>&nbsp;<\/p>\n<p>&nbsp;<\/p>\n<p>&nbsp;<\/p>\n<h1>&#8220;BELLUNO ALZA LA VOCE&#8221; ON LINE<\/h1>\n<blockquote><p><em>Fondi destinati al Parco Fluviale di Lambioi<\/em><\/p><\/blockquote>\n<p><strong>\u00abQuando ho visto quanto era successo nella nostra provincia, mi si \u00e8 spezzato il cuore. Oggi mi si \u00e8 riempito quando ho visto questo lavoro, sentita la canzone&#8221; (cit. Valentina Tomasi)<\/strong><\/p>\n<p>\u00c8 online il brano \u201cAlziamo la voce\u201d, acquistabile dal sito www.bellunoalzalavoce.it e realizzato da oltre 50 giovani cantanti e musicisti bellunesi: il ricavato delle vendite e delle donazioni libere saranno destinate al Comitato Gocce di Sole Onlus, che a sua volta le devolver\u00e0 al Comune di Belluno per la ricostruzione del Parco Fluviale di Lambioi.<\/p>\n<p><strong>L&#8217;ASSESSORE VALENTINA TOMASI<\/strong><\/p>\n<audio class=\"wp-audio-shortcode\" id=\"audio-69189-2\" preload=\"none\" style=\"width: 100%;\" controls=\"controls\"><source type=\"audio\/mpeg\" src=\"http:\/\/www.radiopiu.net\/wordpress\/wp-content\/uploads\/2018\/12\/Valentina-Tomasi-Assessore-Comune-di-Belluno.mp3?_=2\" \/><a href=\"http:\/\/www.radiopiu.net\/wordpress\/wp-content\/uploads\/2018\/12\/Valentina-Tomasi-Assessore-Comune-di-Belluno.mp3\">http:\/\/www.radiopiu.net\/wordpress\/wp-content\/uploads\/2018\/12\/Valentina-Tomasi-Assessore-Comune-di-Belluno.mp3<\/a><\/audio>\n<p><strong>ALESSANDRO CASOL, TRA GLI IDEATORI DELL&#8217;INIZIATIVA.<\/strong><\/p>\n<audio class=\"wp-audio-shortcode\" id=\"audio-69189-3\" preload=\"none\" style=\"width: 100%;\" controls=\"controls\"><source type=\"audio\/mpeg\" src=\"http:\/\/www.radiopiu.net\/wordpress\/wp-content\/uploads\/2018\/12\/Alessandro-Casol-Promotore-Belluno-alza-la-voce.mp3?_=3\" \/><a href=\"http:\/\/www.radiopiu.net\/wordpress\/wp-content\/uploads\/2018\/12\/Alessandro-Casol-Promotore-Belluno-alza-la-voce.mp3\">http:\/\/www.radiopiu.net\/wordpress\/wp-content\/uploads\/2018\/12\/Alessandro-Casol-Promotore-Belluno-alza-la-voce.mp3<\/a><\/audio>\n<p>Il ricavato della vendita del brano sar\u00e0 devoluto al Comitato Gocce di Sole Onlus, <strong>LA PRESIDENTE MANUELA SELVESTREL<\/strong><\/p>\n<audio class=\"wp-audio-shortcode\" id=\"audio-69189-4\" preload=\"none\" style=\"width: 100%;\" controls=\"controls\"><source type=\"audio\/mpeg\" src=\"http:\/\/www.radiopiu.net\/wordpress\/wp-content\/uploads\/2018\/12\/Manuela-Selvestrel-Presidente-Comitato-Gocce-di-Sole.mp3?_=4\" \/><a href=\"http:\/\/www.radiopiu.net\/wordpress\/wp-content\/uploads\/2018\/12\/Manuela-Selvestrel-Presidente-Comitato-Gocce-di-Sole.mp3\">http:\/\/www.radiopiu.net\/wordpress\/wp-content\/uploads\/2018\/12\/Manuela-Selvestrel-Presidente-Comitato-Gocce-di-Sole.mp3<\/a><\/audio>\n<p>Alla premiere del video \u2013 inedito e \u201ctop secret\u201d fino a ieri, cos\u00ec come il brano \u2013 ha assistito anche<strong> IL SINDACO DI BELLUNO JACOPO MASSARO:\u00a0\u00a0<\/strong><em>\u00abLa popolazione bellunese &#8211; ha detto &#8211; \u00e8 abituata ad aiutare, in tutte le grande emergenze nazionali; oggi capiamo cosa significa aver bisogno e ricevere supporto, ed \u00e8 una grande emozione. &#8211; commenta Massaro \u2013 Mi piace sottolineare come questa iniziativa sia nata da un gruppo di giovani: spesso vengono attaccati e criticati, ma quanto successo ha permesso di saldare le generazioni in nome della solidariet\u00e0\u00bb.\u00a0<\/em><\/p>\n<p>Sul valore della solidariet\u00e0 ha insistito anche il <strong>PRESIDENTE DELLA PROVINCIA ROBERTO PADRIN\u00a0<\/strong><\/p>\n<audio class=\"wp-audio-shortcode\" id=\"audio-69189-5\" preload=\"none\" style=\"width: 100%;\" controls=\"controls\"><source type=\"audio\/mpeg\" src=\"http:\/\/www.radiopiu.net\/wordpress\/wp-content\/uploads\/2018\/12\/Roberto-Padrin-Presidente-Provincia-di-Belluno.mp3?_=5\" \/><a href=\"http:\/\/www.radiopiu.net\/wordpress\/wp-content\/uploads\/2018\/12\/Roberto-Padrin-Presidente-Provincia-di-Belluno.mp3\">http:\/\/www.radiopiu.net\/wordpress\/wp-content\/uploads\/2018\/12\/Roberto-Padrin-Presidente-Provincia-di-Belluno.mp3<\/a><\/audio>\n<p>Il brano \u00e8 acquistabile solamente online dal sito www.bellunoalzalavoce.it , si potr\u00e0 scaricare con una donazione con carta di credito di 2 euro o pi\u00f9; sempre dal sito, sar\u00e0 possibile anche fare una donazione libera via bonifico al Comitato Gocce di Sole, che per\u00f2 per ora non d\u00e0 diritto al download della canzone. Nelle prossime settimane, la canzone sar\u00e0 acquistabile anche su Amazon e Itunes. Il videoclip del brano \u00e8 gi\u00e0 caricato su YouTube<\/p>\n<blockquote><p><em>Dagli artisti \u00e8 partito anche un appello: \u00abAbbiamo gi\u00e0 ricevuto molte richieste di poterlo avere su supporto fisico. &#8211; spiega Casol \u2013 Per stampare su cd 1000 copie, sono necessari 700 euro; stiamo cercando degli sponsor che ci possano sostenere nell&#8217;investimento\u00bb.<\/em><\/p><\/blockquote>\n<p>&nbsp;<\/p>\n<p><strong>GALLERIA FOTO<\/strong><span style=\"color: #ff0000;\"><strong> &#8220;MATTEO CREMA&#8221;<\/strong><\/span><strong> CLICCA PER INGRANDIRE<\/strong><\/p>\n\n\t\t\t<style type='text\/css'>\n\t\t\t\t#gallery-1 {\n\t\t\t\t\tmargin: auto;\n\t\t\t\t}\n\t\t\t\t#gallery-1 .gallery-item {\n\t\t\t\t\tfloat: left;\n\t\t\t\t\tmargin-top: 10px;\n\t\t\t\t\ttext-align: center;\n\t\t\t\t\twidth: 33%;\n\t\t\t\t}\n\t\t\t\t#gallery-1 img {\n\t\t\t\t\tborder: 2px solid #cfcfcf;\n\t\t\t\t}\n\t\t\t\t#gallery-1 .gallery-caption {\n\t\t\t\t\tmargin-left: 0;\n\t\t\t\t}\n\t\t\t\t\/* see gallery_shortcode() in wp-includes\/media.php *\/\n\t\t\t<\/style>\n\t\t<div id='gallery-1' class='dt-gallery-container gallery galleryid-69189 gallery-columns-3 gallery-size-thumbnail'><dl class='gallery-item'>\n\t\t\t\t<dt class='gallery-icon landscape'>\n\t\t\t\t\t<a class=\"rollover\" href='https:\/\/www.radiopiu.net\/wordpress\/giornale-radiopiu-13-dicembre-2018-direttore-mirko-mezzacasa\/conferenza-stampa-presentazione-belluno-alza-la-voce-1\/'><img loading=\"lazy\" decoding=\"async\" width=\"150\" height=\"150\" src=\"https:\/\/www.radiopiu.net\/wordpress\/wp-content\/uploads\/2018\/12\/Conferenza-stampa-presentazione-Belluno-alza-la-voce-1-150x150.jpg\" class=\"attachment-thumbnail size-thumbnail\" alt=\"\" \/><\/a>\n\t\t\t\t<\/dt><\/dl><dl class='gallery-item'>\n\t\t\t\t<dt class='gallery-icon landscape'>\n\t\t\t\t\t<a class=\"rollover\" href='https:\/\/www.radiopiu.net\/wordpress\/giornale-radiopiu-13-dicembre-2018-direttore-mirko-mezzacasa\/conferenza-stampa-presentazione-belluno-alza-la-voce-2\/'><img loading=\"lazy\" decoding=\"async\" width=\"150\" height=\"150\" src=\"https:\/\/www.radiopiu.net\/wordpress\/wp-content\/uploads\/2018\/12\/Conferenza-stampa-presentazione-Belluno-alza-la-voce-2-150x150.jpg\" class=\"attachment-thumbnail size-thumbnail\" alt=\"\" \/><\/a>\n\t\t\t\t<\/dt><\/dl><dl class='gallery-item'>\n\t\t\t\t<dt class='gallery-icon landscape'>\n\t\t\t\t\t<a class=\"rollover\" href='https:\/\/www.radiopiu.net\/wordpress\/giornale-radiopiu-13-dicembre-2018-direttore-mirko-mezzacasa\/conferenza-stampa-presentazione-belluno-alza-la-voce-3\/'><img loading=\"lazy\" decoding=\"async\" width=\"150\" height=\"150\" src=\"https:\/\/www.radiopiu.net\/wordpress\/wp-content\/uploads\/2018\/12\/Conferenza-stampa-presentazione-Belluno-alza-la-voce-3-150x150.jpg\" class=\"attachment-thumbnail size-thumbnail\" alt=\"\" \/><\/a>\n\t\t\t\t<\/dt><\/dl><br style=\"clear: both\" \/><dl class='gallery-item'>\n\t\t\t\t<dt class='gallery-icon landscape'>\n\t\t\t\t\t<a class=\"rollover\" href='https:\/\/www.radiopiu.net\/wordpress\/giornale-radiopiu-13-dicembre-2018-direttore-mirko-mezzacasa\/conferenza-stampa-presentazione-belluno-alza-la-voce-4\/'><img loading=\"lazy\" decoding=\"async\" width=\"150\" height=\"150\" src=\"https:\/\/www.radiopiu.net\/wordpress\/wp-content\/uploads\/2018\/12\/Conferenza-stampa-presentazione-Belluno-alza-la-voce-4-150x150.jpg\" class=\"attachment-thumbnail size-thumbnail\" alt=\"\" \/><\/a>\n\t\t\t\t<\/dt><\/dl><dl class='gallery-item'>\n\t\t\t\t<dt class='gallery-icon landscape'>\n\t\t\t\t\t<a class=\"rollover\" href='https:\/\/www.radiopiu.net\/wordpress\/giornale-radiopiu-13-dicembre-2018-direttore-mirko-mezzacasa\/registrazione-belluno-alza-la-voce-credits-matteo-crema-1\/'><img loading=\"lazy\" decoding=\"async\" width=\"150\" height=\"150\" src=\"https:\/\/www.radiopiu.net\/wordpress\/wp-content\/uploads\/2018\/12\/Registrazione-Belluno-alza-la-voce-Credits-Matteo-Crema-1-150x150.jpg\" class=\"attachment-thumbnail size-thumbnail\" alt=\"\" \/><\/a>\n\t\t\t\t<\/dt><\/dl><dl class='gallery-item'>\n\t\t\t\t<dt class='gallery-icon landscape'>\n\t\t\t\t\t<a class=\"rollover\" href='https:\/\/www.radiopiu.net\/wordpress\/giornale-radiopiu-13-dicembre-2018-direttore-mirko-mezzacasa\/registrazione-belluno-alza-la-voce-credits-matteo-crema-2\/'><img loading=\"lazy\" decoding=\"async\" width=\"150\" height=\"150\" src=\"https:\/\/www.radiopiu.net\/wordpress\/wp-content\/uploads\/2018\/12\/Registrazione-Belluno-alza-la-voce-Credits-Matteo-Crema-2-150x150.jpg\" class=\"attachment-thumbnail size-thumbnail\" alt=\"\" \/><\/a>\n\t\t\t\t<\/dt><\/dl><br style=\"clear: both\" \/><dl class='gallery-item'>\n\t\t\t\t<dt class='gallery-icon landscape'>\n\t\t\t\t\t<a class=\"rollover\" href='https:\/\/www.radiopiu.net\/wordpress\/giornale-radiopiu-13-dicembre-2018-direttore-mirko-mezzacasa\/registrazione-belluno-alza-la-voce-credits-matteo-crema-3\/'><img loading=\"lazy\" decoding=\"async\" width=\"150\" height=\"150\" src=\"https:\/\/www.radiopiu.net\/wordpress\/wp-content\/uploads\/2018\/12\/Registrazione-Belluno-alza-la-voce-Credits-Matteo-Crema-3-150x150.jpg\" class=\"attachment-thumbnail size-thumbnail\" alt=\"\" \/><\/a>\n\t\t\t\t<\/dt><\/dl><dl class='gallery-item'>\n\t\t\t\t<dt class='gallery-icon landscape'>\n\t\t\t\t\t<a class=\"rollover\" href='https:\/\/www.radiopiu.net\/wordpress\/giornale-radiopiu-13-dicembre-2018-direttore-mirko-mezzacasa\/registrazione-belluno-alza-la-voce-credits-matteo-crema-4\/'><img loading=\"lazy\" decoding=\"async\" width=\"150\" height=\"150\" src=\"https:\/\/www.radiopiu.net\/wordpress\/wp-content\/uploads\/2018\/12\/Registrazione-Belluno-alza-la-voce-Credits-Matteo-Crema-4-150x150.jpg\" class=\"attachment-thumbnail size-thumbnail\" alt=\"\" \/><\/a>\n\t\t\t\t<\/dt><\/dl><dl class='gallery-item'>\n\t\t\t\t<dt class='gallery-icon landscape'>\n\t\t\t\t\t<a class=\"rollover\" href='https:\/\/www.radiopiu.net\/wordpress\/giornale-radiopiu-13-dicembre-2018-direttore-mirko-mezzacasa\/registrazione-belluno-alza-la-voce-credits-matteo-crema-5\/'><img loading=\"lazy\" decoding=\"async\" width=\"150\" height=\"150\" src=\"https:\/\/www.radiopiu.net\/wordpress\/wp-content\/uploads\/2018\/12\/Registrazione-Belluno-alza-la-voce-Credits-Matteo-Crema-5-150x150.jpg\" class=\"attachment-thumbnail size-thumbnail\" alt=\"\" \/><\/a>\n\t\t\t\t<\/dt><\/dl><br style=\"clear: both\" \/><dl class='gallery-item'>\n\t\t\t\t<dt class='gallery-icon landscape'>\n\t\t\t\t\t<a class=\"rollover\" href='https:\/\/www.radiopiu.net\/wordpress\/giornale-radiopiu-13-dicembre-2018-direttore-mirko-mezzacasa\/registrazione-belluno-alza-la-voce-credits-matteo-crema-6\/'><img loading=\"lazy\" decoding=\"async\" width=\"150\" height=\"150\" src=\"https:\/\/www.radiopiu.net\/wordpress\/wp-content\/uploads\/2018\/12\/Registrazione-Belluno-alza-la-voce-Credits-Matteo-Crema-6-150x150.jpg\" class=\"attachment-thumbnail size-thumbnail\" alt=\"\" \/><\/a>\n\t\t\t\t<\/dt><\/dl>\n\t\t\t\t<br style='clear: both' \/>\n\t\t\t<\/div>\n\n<p>&nbsp;<\/p>\n<p>&nbsp;<\/p>\n<blockquote><p>&nbsp;<\/p><\/blockquote>\n<p><strong>DIRETTA RADIO PIU:\u00a0<span style=\"color: #0000ff;\"><a style=\"color: #0000ff;\" href=\"https:\/\/www.facebook.com\/mirko.mezzacasa\/videos\/10218495034433971\/\"> CLICCA QUI<\/a><\/span><\/strong><\/p>\n<p>&nbsp;<\/p>\n<p><strong>VIDEO YOUTUBE<\/strong><\/p>\n<p><iframe loading=\"lazy\" title=\"Artisti Bellunesi - Alziamo La Voce\" width=\"1200\" height=\"675\" src=\"https:\/\/www.youtube.com\/embed\/xXpHkvxkVPo?feature=oembed\" frameborder=\"0\" allow=\"accelerometer; autoplay; encrypted-media; gyroscope; picture-in-picture\" allowfullscreen><\/iframe><\/p>\n<p>&nbsp;<\/p>\n<p>&nbsp;<\/p>\n<p>&nbsp;<\/p>\n<p>&nbsp;<\/p>\n<h1>TANGENZIALE DI AGORDO, PALLONI E CONTROLLI<\/h1>\n<blockquote><p><em>&#8220;Se non metteranno la rete protettiva lungo il perimetro tangenziale sul campo di calcio la Agordina non potr\u00e0 giocare le partite di campionato con nessuna categoria. Al momento non abbiamo nessuna certezza su cosa faranno E chi deve farlo amministrazione comunale o Veneto Strade&#8221;. Cosmo Forcella, Presidente Agordina Calcio.<\/em><\/p>\n<p><strong><a class=\"dt-pswp-item\" href=\"http:\/\/www.radiopiu.net\/wordpress\/wp-content\/uploads\/2018\/12\/IVANO-DORIGO.jpg\" data-dt-img-description=\"\" data-large_image_width=\"259\" data-large_image_height=\"194\"><img loading=\"lazy\" decoding=\"async\" class=\"size-full wp-image-69243 alignleft\" src=\"http:\/\/www.radiopiu.net\/wordpress\/wp-content\/uploads\/2018\/12\/IVANO-DORIGO.jpg\" alt=\"\" width=\"259\" height=\"194\" \/><\/a><\/strong><\/p>\n<p>&nbsp;<\/p>\n<p>&nbsp;<\/p>\n<p>&nbsp;<\/p>\n<p>&nbsp;<\/p>\n<p>&nbsp;<\/p>\n<p><strong>DI GIANNI SANTOMASO<\/strong><\/p><\/blockquote>\n<audio class=\"wp-audio-shortcode\" id=\"audio-69189-6\" preload=\"none\" style=\"width: 100%;\" controls=\"controls\"><source type=\"audio\/ogg\" src=\"http:\/\/www.radiopiu.net\/wordpress\/wp-content\/uploads\/2018\/12\/GIANNI1.ogg?_=6\" \/><a href=\"http:\/\/www.radiopiu.net\/wordpress\/wp-content\/uploads\/2018\/12\/GIANNI1.ogg\">http:\/\/www.radiopiu.net\/wordpress\/wp-content\/uploads\/2018\/12\/GIANNI1.ogg<\/a><\/audio>\n<h1>AUTOVELOX SULLA TANGENZIALE, COMUNE O VENETO STRADE?\u00a0 TRA PONTE ALTO E POLANE COME A CANDATEN? PREVISTO IL CONFRONTO VENETO STRADE-COMUNE<\/h1>\n<audio class=\"wp-audio-shortcode\" id=\"audio-69189-7\" preload=\"none\" style=\"width: 100%;\" controls=\"controls\"><source type=\"audio\/ogg\" src=\"http:\/\/www.radiopiu.net\/wordpress\/wp-content\/uploads\/2018\/12\/GIANNI2.ogg?_=7\" \/><a href=\"http:\/\/www.radiopiu.net\/wordpress\/wp-content\/uploads\/2018\/12\/GIANNI2.ogg\">http:\/\/www.radiopiu.net\/wordpress\/wp-content\/uploads\/2018\/12\/GIANNI2.ogg<\/a><\/audio>\n<p>&nbsp;<\/p>\n<p>&nbsp;<\/p>\n<p>&nbsp;<\/p>\n<h1>LUNEDI INAUGURAZIONE DELLA TANGENZIALE DI AGORDO&#8230; PASSAGGIO PEDONALE ANNESSO COMPRESO<\/h1>\n<p>video.<span style=\"color: #0000ff;\"> <a style=\"color: #0000ff;\" href=\"https:\/\/www.facebook.com\/mirko.mezzacasa\/videos\/10218495839694102\/\">CLICCA QUI\u00a0<\/a><\/span><\/p>\n<p>&nbsp;<\/p>\n<p>&nbsp;<\/p>\n<h1>2,5 milioni di euro PER IL PRONTO SOCCORSO, DOPO LE INVETTIVE DI DE BERNARDIN SALE IN CATTEDRA LEANDRO GRONES<\/h1>\n<p>Niente di fatto per ora. I 2.5 milioni di euro per la ristrutturazione del pronto soccorso sono ancora una teoria. I sindaci gi\u00e0 a marzo avevano votato per un rotondo &#8220;no&#8221; almeno finche&#8217; non saranno date garanzie che l&#8217;ospedale non sar\u00e0 smantellato pezzo dopo pezzo come gi\u00e0 successo per il laboratoro analisi.<br \/>\nalle invettive\u00a0 di De Bernardin pronta replica di Leandro Grones<\/p>\n<p><strong>LEANDRO<\/strong><\/p>\n<audio class=\"wp-audio-shortcode\" id=\"audio-69189-8\" preload=\"none\" style=\"width: 100%;\" controls=\"controls\"><source type=\"audio\/mpeg\" src=\"http:\/\/www.radiopiu.net\/wordpress\/wp-content\/uploads\/2018\/12\/leandro-completo.mp3?_=8\" \/><a href=\"http:\/\/www.radiopiu.net\/wordpress\/wp-content\/uploads\/2018\/12\/leandro-completo.mp3\">http:\/\/www.radiopiu.net\/wordpress\/wp-content\/uploads\/2018\/12\/leandro-completo.mp3<\/a><\/audio>\n<p><strong>IERI ANDREA DE BERNARDIN<\/strong><\/p>\n<audio class=\"wp-audio-shortcode\" id=\"audio-69189-9\" preload=\"none\" style=\"width: 100%;\" controls=\"controls\"><source type=\"audio\/ogg\" src=\"http:\/\/www.radiopiu.net\/wordpress\/wp-content\/uploads\/2018\/12\/deprimente-andrea.ogg?_=9\" \/><a href=\"http:\/\/www.radiopiu.net\/wordpress\/wp-content\/uploads\/2018\/12\/deprimente-andrea.ogg\">http:\/\/www.radiopiu.net\/wordpress\/wp-content\/uploads\/2018\/12\/deprimente-andrea.ogg<\/a><\/audio>\n<p>&nbsp;<\/p>\n<p>&nbsp;<\/p>\n<p>&nbsp;<\/p>\n<p>&nbsp;<\/p>\n<p>&nbsp;<\/p>\n<p>&nbsp;<\/p>\n<h1>ARRIVA IL FREDDO IN VENETO. DICHIARATO LO STATO DI ATTENZIONE PER NEVE E GELATE FINO A SABATO<\/h1>\n<p style=\"text-align: left;\"><strong><a class=\"dt-pswp-item\" href=\"http:\/\/www.radiopiu.net\/wordpress\/wp-content\/uploads\/2018\/12\/is-5.jpg\" data-dt-img-description=\"\" data-large_image_width=\"255\" data-large_image_height=\"341\"><img loading=\"lazy\" decoding=\"async\" class=\" wp-image-69212 alignleft\" src=\"http:\/\/www.radiopiu.net\/wordpress\/wp-content\/uploads\/2018\/12\/is-5-224x300.jpg\" alt=\"\" width=\"98\" height=\"131\" srcset=\"https:\/\/www.radiopiu.net\/wordpress\/wp-content\/uploads\/2018\/12\/is-5-224x300.jpg 224w, https:\/\/www.radiopiu.net\/wordpress\/wp-content\/uploads\/2018\/12\/is-5.jpg 255w\" sizes=\"auto, (max-width: 98px) 100vw, 98px\" \/><\/a>VENEZIA<\/strong> Il primo, vero freddo invernale sta per arrivare in Veneto. Sulla base delle previsioni meteo emesse dall\u2019Arpav, il Centro Funzionale Decentrato della Protezione Civile della Regione ha dichiarato lo Stato di Attenzione per Neve e Gelate su tutto il territorio, a partire dalle 8 di oggi, fino alle 10 di sabato. Le previsioni elaborate dall\u2019Arpav indicano tra gioved\u00ec e venerd\u00ec modeste nevicate sulle zone montane fino ai fondovalle e sui colli; sulla pianura generalmente piogge, a tratti miste a neve con possibilit\u00e0 di qualche temporaneo accumulo nevoso scarso, pi\u00f9 probabilmente in prossimit\u00e0 dei rilievi vicentini e padovani e sulla pianura sud-occidentale; gelate notturne sulle zone montane, sulla pianura nella notte tra venerd\u00ec e sabato.<\/p>\n<p>&nbsp;<\/p>\n<p>&nbsp;<\/p>\n<p>&nbsp;<\/p>\n<h1>ALDO &#8220;PASA&#8221; ZASSO, L&#8217;ULTIMO REDUCE DI RUSSIA AGORDINO<\/h1>\n<blockquote>\n<h3><em>Ieri l&#8217;ultimo saluto ad Agordo, visse a Parech, dedito alla famiglia ed al lavoro, presso la segheria che condusse per tanti anni.<\/em><\/h3>\n<p>di Santo e Ivan<\/p><\/blockquote>\n<p><strong><a class=\"dt-pswp-item\" href=\"http:\/\/www.radiopiu.net\/wordpress\/wp-content\/uploads\/2018\/12\/aldo-zasso-1.jpg\" data-dt-img-description=\"\" data-large_image_width=\"338\" data-large_image_height=\"371\"><img loading=\"lazy\" decoding=\"async\" class=\"wp-image-69240 alignleft\" src=\"http:\/\/www.radiopiu.net\/wordpress\/wp-content\/uploads\/2018\/12\/aldo-zasso-1-273x300.jpg\" alt=\"\" width=\"193\" height=\"212\" srcset=\"https:\/\/www.radiopiu.net\/wordpress\/wp-content\/uploads\/2018\/12\/aldo-zasso-1-273x300.jpg 273w, https:\/\/www.radiopiu.net\/wordpress\/wp-content\/uploads\/2018\/12\/aldo-zasso-1.jpg 338w\" sizes=\"auto, (max-width: 193px) 100vw, 193px\" \/><\/a>AGORDO\u00a0<\/strong>E\u2019 recentemente mancato Aldo Zasso (Pasa) l\u2019 ultimo reduce di Russia agordino, Classe 1922. Era partito da Gorizia nel settembre 1942 con il 9\u00b0 reggimento alpini della divisione Julia, Aldo ricopriva l\u2019 incarico di portaordini sciatore della 118a compagnia armi accompagnamento del glorioso battaglione Val Cismon (Div, alpina Julia), che tra gli altri reclutava moltissimi agordini. Dopo il periodo a presidio della riva del Don, Aldo fu trasferito con tutta la Julia a Seleny Jar, nell\u2019 intento di arginare la poderosa offensiva sovietica in mezzo alla steppa. Partecipo\u2019 in prima persona alle disperate azioni difensive del 9\u00b0 reggimento alpini contro le fanterie ed i furiosi attacchi delle Katiushe sovietiche. Qui, come moltissimi compagni, alla fine di dicembre 1942, riport\u00f2 un grave congelamento ai piedi. Venne in extremis inviato presso gli ospedali delle retrovie, da cui rientr\u00f2 in Italia dopo lunghe peripezie, e dove affront\u00f2 un lungo periodo ospedaliero. Richiamato nuovamente presso il reggimento, si trovo\u2019 coinvolto negli eventi legati ai fatti dell 8 settembre 1943. Da qui rientro\u2019 a Parech e concluse il suo servizio in qualita\u2019 di assistente dei Vigili del fuoco di Feltre, laddove non manco\u2019 di vedere la ferocia nazista, che senza esitazione bruciava interi villaggi.\u00a0 Persona dal carattere scherzoso e gioviale, si professo\u2019 da sempre fermo antimilitarista, schivo e riservato nel rammentare i fatti d\u2019 arme, alla stregua di tanti altri reduci che vissero la medesima tragedia. Riluttante a partecipare alle varie commemorazioni ed incontri tra reduci, negli ultimi anni aveva confidato la propria terribile esperienza in Russia a coloro che manifestavano interesse. Memorie toccanti, espresse con lucida dovizia di particolari, dove venivano ricordati i tanti compagni, anche agordini, rimasti per sempre nella steppa, sottolineando la tragedia causata da un evento a cui l\u2019esercito italiano non era assolutamente preparato. Ricordi drammatici, lucidi ma a volte conditi da innata ironia e arguzia, ultima testimonianza di una epopea lontana ma indimenticabile della nostra storia.\u00a0 \u00a0<em><strong>Ciao Aldo ! (S.D.D, I.T.)<\/strong><\/em><\/p>\n<p>&nbsp;<\/p>\n<p>&nbsp;<\/p>\n<p>&nbsp;<\/p>\n<h1 class=\"moz-quote-pre\">MALTEMPO &#8211; DARIO BOND: \u00abFINALMENTE C\u2019\u00c8 IL FONDO PER LA RICOSTRUZIONE\u00bb<\/h1>\n<p><a class=\"dt-pswp-item\" href=\"http:\/\/www.radiopiu.net\/wordpress\/wp-content\/uploads\/2018\/09\/BOND.jpg\" data-dt-img-description=\"\" data-large_image_width=\"109\" data-large_image_height=\"160\"><img loading=\"lazy\" decoding=\"async\" class=\" wp-image-59772 alignleft\" src=\"http:\/\/www.radiopiu.net\/wordpress\/wp-content\/uploads\/2018\/09\/BOND.jpg\" alt=\"\" width=\"59\" height=\"87\" \/><\/a><\/p>\n<p>&nbsp;<\/p>\n<p>\u00abPossiamo dire finalmente: c\u2019\u00e8 il fondo per la ricostruzione\u00bb. Il deputato di Forza Italia, Dario Bond, commenta cos\u00ec l\u2019istituzione all\u2019interno del Decreto Fiscale di un apposito capitolo dedicato alle regioni e alle province colpite dal maltempo di fine ottobre e inizio novembre.<\/p>\n<audio class=\"wp-audio-shortcode\" id=\"audio-69189-10\" preload=\"none\" style=\"width: 100%;\" controls=\"controls\"><source type=\"audio\/ogg\" src=\"http:\/\/www.radiopiu.net\/wordpress\/wp-content\/uploads\/2018\/12\/dario-bond-2.ogg?_=10\" \/><a href=\"http:\/\/www.radiopiu.net\/wordpress\/wp-content\/uploads\/2018\/12\/dario-bond-2.ogg\">http:\/\/www.radiopiu.net\/wordpress\/wp-content\/uploads\/2018\/12\/dario-bond-2.ogg<\/a><\/audio>\n<h1>DECRETO FISCALE): \u00abFERMATE LA FATTURAZIONE ELETTRONICA PRIMA CHE SIA TROPPO TARDI\u00bb<\/h1>\n<p>\u00abSulla fatturazione elettronica il governo sta sbagliando: molte zone del Bellunese sono a rischio\u00bb. Il deputato di Forza Italia, Dario Bond, commenta cos\u00ec il varo del Decreto Fiscale, che conferma l\u2019introduzione da gennaio della fattura elettronica. \u00abL\u2019ho detto anche in aula, intervenendo a fine seduta. Ci sono aree di montagna, penso a certe zone del Bellunese, che ancora oggi non hanno la banda larga. Cosa significa obbligare alla fattura elettronica da gennaio?<\/p>\n<audio class=\"wp-audio-shortcode\" id=\"audio-69189-11\" preload=\"none\" style=\"width: 100%;\" controls=\"controls\"><source type=\"audio\/ogg\" src=\"http:\/\/www.radiopiu.net\/wordpress\/wp-content\/uploads\/2018\/12\/BOND1.ogg?_=11\" \/><a href=\"http:\/\/www.radiopiu.net\/wordpress\/wp-content\/uploads\/2018\/12\/BOND1.ogg\">http:\/\/www.radiopiu.net\/wordpress\/wp-content\/uploads\/2018\/12\/BOND1.ogg<\/a><\/audio>\n<h1><\/h1>\n<p>&nbsp;<\/p>\n<p>&nbsp;<\/p>\n<h1>ASFALTATURE, APPROVATO UN PIANO DA 140 MILA EURO DEDICATO ALLE FRAZIONI<\/h1>\n<p><strong><a class=\"dt-pswp-item\" href=\"http:\/\/www.radiopiu.net\/wordpress\/wp-content\/uploads\/2018\/12\/IMG_20181211_090300-2.jpg\" data-dt-img-description=\"\" data-large_image_width=\"5312\" data-large_image_height=\"2988\"><img loading=\"lazy\" decoding=\"async\" class=\"size-medium wp-image-69224 alignleft\" src=\"http:\/\/www.radiopiu.net\/wordpress\/wp-content\/uploads\/2018\/12\/IMG_20181211_090300-2-300x169.jpg\" alt=\"\" width=\"300\" height=\"169\" srcset=\"https:\/\/www.radiopiu.net\/wordpress\/wp-content\/uploads\/2018\/12\/IMG_20181211_090300-2-300x169.jpg 300w, https:\/\/www.radiopiu.net\/wordpress\/wp-content\/uploads\/2018\/12\/IMG_20181211_090300-2-768x432.jpg 768w, https:\/\/www.radiopiu.net\/wordpress\/wp-content\/uploads\/2018\/12\/IMG_20181211_090300-2-1024x576.jpg 1024w\" sizes=\"auto, (max-width: 300px) 100vw, 300px\" \/><\/a>FELTRE\u00a0<\/strong> Nonostante le temperature oramai decisamente invernali, prosegue in questi giorni, per la sua ultima tranche relativa al 2018, il piano asfaltature del Comune di Feltre. Dopo via Molan e via Adda, \u00e8 la volta, proprio in questi giorni, di via Martiri della Libert\u00e0. Il 2019 sar\u00e0 per\u00f2 foriero di importanti novit\u00e0, sempre sul fronte asfaltature, anche per le frazioni feltrine. La Giunta Comunale ha infatti deliberato, nella sua riunione di luned\u00ec scorso, un piano di interventi di complessivi 140 mila euro dedicato esclusivamente ad alcune zone periferiche della citt\u00e0 e finanziato per 100 mila euro da un contributo a valere su un bando regionale per i restanti 40 mila mediante l&#8217;accensione di un mutuo presso la Cassa Depositi e Prestiti.<br \/>\n<strong>L&#8217;ASSESSORE ADIS ZATTA<\/strong><\/p>\n<audio class=\"wp-audio-shortcode\" id=\"audio-69189-12\" preload=\"none\" style=\"width: 100%;\" controls=\"controls\"><source type=\"audio\/mpeg\" src=\"http:\/\/www.radiopiu.net\/wordpress\/wp-content\/uploads\/2018\/12\/zatta-1.mp3?_=12\" \/><a href=\"http:\/\/www.radiopiu.net\/wordpress\/wp-content\/uploads\/2018\/12\/zatta-1.mp3\">http:\/\/www.radiopiu.net\/wordpress\/wp-content\/uploads\/2018\/12\/zatta-1.mp3<\/a><\/audio>\n<p><span style=\"font-family: Tahoma, Verdana;\"><br \/>\n<i><\/i><\/span><\/p>\n<p>&nbsp;<\/p>\n<p>&nbsp;<\/p>\n<h1><a class=\"dt-pswp-item\" href=\"http:\/\/www.radiopiu.net\/wordpress\/wp-content\/uploads\/2018\/11\/46850100_2084189858316807_7711443982730919936_n.jpg\" data-dt-img-description=\"\" data-large_image_width=\"960\" data-large_image_height=\"960\"><img loading=\"lazy\" decoding=\"async\" class=\" wp-image-67685 alignleft\" src=\"http:\/\/www.radiopiu.net\/wordpress\/wp-content\/uploads\/2018\/11\/46850100_2084189858316807_7711443982730919936_n-300x300.jpg\" alt=\"\" width=\"183\" height=\"183\" srcset=\"https:\/\/www.radiopiu.net\/wordpress\/wp-content\/uploads\/2018\/11\/46850100_2084189858316807_7711443982730919936_n-300x300.jpg 300w, https:\/\/www.radiopiu.net\/wordpress\/wp-content\/uploads\/2018\/11\/46850100_2084189858316807_7711443982730919936_n-150x150.jpg 150w, https:\/\/www.radiopiu.net\/wordpress\/wp-content\/uploads\/2018\/11\/46850100_2084189858316807_7711443982730919936_n-768x768.jpg 768w, https:\/\/www.radiopiu.net\/wordpress\/wp-content\/uploads\/2018\/11\/46850100_2084189858316807_7711443982730919936_n.jpg 960w\" sizes=\"auto, (max-width: 183px) 100vw, 183px\" \/><\/a><\/h1>\n<h1><\/h1>\n<h1>COSI SPOSTIAMO GLI ALBERI&#8230; DI DIEGO RIVA DA CAPRILE DI ALLEGHE<\/h1>\n<h2><span style=\"color: #0000ff;\"><a style=\"color: #0000ff;\" href=\"https:\/\/www.facebook.com\/diego.riva.395\/videos\/10211092555384735\/\">CLICCA QUI<\/a><\/span><\/h2>\n<p>&nbsp;<\/p>\n<p>&nbsp;<\/p>\n<p>&nbsp;<\/p>\n<h1><\/h1>\n<h1><\/h1>\n<h1><\/h1>\n<h1><\/h1>\n<h1 class=\"entry-title\">25 E 40 ANNI IN LUXOTTICA, IL RICONOSCIMENTO DELL\u2019AZIENDA, LA STRETTA DI MANO DI LUIGI FRANCAVILLA<\/h1>\n<p>&nbsp;<\/p>\n<blockquote class=\"wp-embedded-content\" data-secret=\"6kwqTpwT2F\"><p><a href=\"http:\/\/www.radiopiu.net\/wordpress\/25-e-40-anni-in-luxottica-il-riconoscimento-dellazienda-la-stretta-di-mano-di-luigi-francavilla\/\">25 E 40 ANNI IN LUXOTTICA, IL RICONOSCIMENTO DELL&#8217;AZIENDA, LA STRETTA DI MANO DI LUIGI FRANCAVILLA<\/a><\/p><\/blockquote>\n<p><iframe loading=\"lazy\" class=\"wp-embedded-content\" sandbox=\"allow-scripts\" security=\"restricted\" style=\"position: absolute; clip: rect(1px, 1px, 1px, 1px);\" src=\"http:\/\/www.radiopiu.net\/wordpress\/25-e-40-anni-in-luxottica-il-riconoscimento-dellazienda-la-stretta-di-mano-di-luigi-francavilla\/embed\/#?secret=6kwqTpwT2F\" data-secret=\"6kwqTpwT2F\" width=\"600\" height=\"338\" title=\"&#8220;25 E 40 ANNI IN LUXOTTICA, IL RICONOSCIMENTO DELL&#8217;AZIENDA, LA STRETTA DI MANO DI LUIGI FRANCAVILLA&#8221; &#8212; Radio Pi\u00f9\" frameborder=\"0\" marginwidth=\"0\" marginheight=\"0\" scrolling=\"no\"><\/iframe><\/p>\n<h2><\/h2>\n<p>&nbsp;<\/p>\n<p>&nbsp;<\/p>\n<h2>Da Feltre, da Franco Piacentini, riceviamo a volentieri pubblichiamo:<\/h2>\n<blockquote>\n\t\t\t<style type='text\/css'>\n\t\t\t\t#gallery-2 {\n\t\t\t\t\tmargin: auto;\n\t\t\t\t}\n\t\t\t\t#gallery-2 .gallery-item {\n\t\t\t\t\tfloat: left;\n\t\t\t\t\tmargin-top: 10px;\n\t\t\t\t\ttext-align: center;\n\t\t\t\t\twidth: 33%;\n\t\t\t\t}\n\t\t\t\t#gallery-2 img {\n\t\t\t\t\tborder: 2px solid #cfcfcf;\n\t\t\t\t}\n\t\t\t\t#gallery-2 .gallery-caption {\n\t\t\t\t\tmargin-left: 0;\n\t\t\t\t}\n\t\t\t\t\/* see gallery_shortcode() in wp-includes\/media.php *\/\n\t\t\t<\/style>\n\t\t<div id='gallery-2' class='dt-gallery-container gallery galleryid-69189 gallery-columns-3 gallery-size-thumbnail'><dl class='gallery-item'>\n\t\t\t\t<dt class='gallery-icon landscape'>\n\t\t\t\t\t<a class=\"rollover\" href='https:\/\/www.radiopiu.net\/wordpress\/giornale-radiopiu-13-dicembre-2018-direttore-mirko-mezzacasa\/img-20181212-wa0012_1\/'><img loading=\"lazy\" decoding=\"async\" width=\"150\" height=\"150\" src=\"https:\/\/www.radiopiu.net\/wordpress\/wp-content\/uploads\/2018\/12\/IMG-20181212-WA0012_1-150x150.jpg\" class=\"attachment-thumbnail size-thumbnail\" alt=\"\" \/><\/a>\n\t\t\t\t<\/dt><\/dl>\n\t\t\t\t<br style='clear: both' \/>\n\t\t\t<\/div>\n\n<p>&#8220;Con notevole soddisfazione apprendo che nel bilancio di previsione della Regionale Veneto, \u00e8 stata formalmente inclusa, all&#8217;articolo 2 votato, senza alcun emendamento, all&#8217;umanit\u00e0 dal Consiglio Regionale, l&#8217;esenzione bollo per gli automezzi delle organizzazioni di volontariato (per queste una riconferma) e per la prima volta anche per gli automezzi delle associazioni di promozione sociale. Doverosamente, almeno per quanto di mia conoscenza, vanno ringeaziati: l&#8217;Assessore Regionale al Sociale, dott.ssa Manuela Lanzarin, per il suo impegno nel portare in porto questo importante obiettivo, e tutti i Consiglieri Regionali per la loro unanime convergenza nel dare una boccata d&#8217;ossigeno economico ai soggetti che nel Terzo Settore, quotidianamente, sono impegnati nel trasporto sociale di persone fragili. Non per presunzione ma per obiettiva verit\u00e0, un po&#8217; di merito va riconosciuto anche al sottoscritto che negli anni scorsi, con il prezioso e fondamentale impegno del compianto Sergio Reolon e di altri Consiglieri Regionali, ha con convinzione portato nelle sedi istituzionali della Regionale, la richiesta dell&#8217;abolizione della tassa automobilistica per le OdV e anche per le APS. Adesso si auspica che gli uffici preposti all&#8217;attuazione dell&#8217;articolo 2 del bilancio regionale 2019-2021, diano immediata applicazione sul come e sui tempi di presentazione delle domande di esenzione. Per le OdV e per le APS, il prossimo \u00e8 veramente un Buon Natale&#8221;.<\/p><\/blockquote>\n<p>&nbsp;<\/p>\n<p>&nbsp;<\/p>\n<p>&nbsp;<\/p>\n<p>&nbsp;<\/p>\n<h1>CONGRESSO PD, NASCE PIAZZA GRANDE BELLUNO A SOSTEGNO DI ZINGARETTI<\/h1>\n<div dir=\"ltr\">\n<div><strong>BELLUNO <\/strong>Sono state formalizzate le candidature alla carica di Segretario nazionale del Partito Democratico, tra le quali spicca quella del Presidente della Regione Lazio <b>Nicola Zingaretti<\/b>. Ed \u00e8 proprio quello di Zingaretti il primo comitato a nascere nel bellunese: l&#8217;incontro fondativo si terr\u00e0 <b>Venerd\u00ec 14 Dicembre alle ore 18.00<\/b> presso la Sala Gaio del Centro Congressi Giovanni XXIII. Un incontro aperto a simpatizzanti ed elettori del PD, ma anche ai molti che in questi anni non si sono sentiti rappresentati dalla gestione del Partito Democratico nazionale. Uno dei temi fondanti della candidatura di Nicola Zingaretti, infatti, \u00e8 l&#8217;aggregazione: far s\u00ec che il Partito Democratico riprenda la missione di includere e valorizzare le energie popolari e sociali che esistono nelle nostre comunit\u00e0, un PD che sappia andare oltre i personalismi e che riparta da una linea politica nuova, mettendo al centro parole d&#8217;ordine come equit\u00e0, lavoro e solidariet\u00e0. Il Comitato Piazza Grande Belluno invita a partecipare all&#8217;iniziativa tutti coloro che vogliono un PD pi\u00f9 inclusivo e in grado di ricostruire un&#8217;alleanza di centro-sinistra capace di affrontare con forza la sfida dei populismi. Il Comitato \u00e8 presente anche online con la pagina Facebook \u201c<a href=\"https:\/\/www.facebook.com\/piazzagrandebelluno\">Piazza Grande Belluno per Zingaretti<\/a>\u201d e all&#8217;indirizzo e-mail\u00a0<a href=\"mailto:piazzagrandebelluno@gmail.com\" target=\"_blank\" rel=\"noopener\">piazzagrandebelluno@gmail.com<\/a><\/div>\n<\/div>\n<div><\/div>\n<div><\/div>\n<div><\/div>\n<div><\/div>\n<div><\/div>\n<div>\n<div class=\"page-title-head hgroup\">\n<h1 class=\"entry-title\">MALTEMPO E SOLIDARIET\u00c0: DAL CORO \u201cSANTA ELISABETTA\u201d DI CATENA DI VILLORBA UN GESTO DI GRANDE GENEROSIT\u00c0.<\/h1>\n<\/div>\n<div class=\"page-title-breadcrumbs\"><\/div>\n<\/div>\n<div>https:\/\/www.radiopiu.net\/wordpress\/maltempo-e-solidarieta-dal-coro-santa-elisabetta-di-catena-di-villorba-un-gesto-di-grande-generosita\/<\/div>\n<div><\/div>\n<div><\/div>\n<div><\/div>\n<div><\/div>\n<div><\/div>\n<h1><a class=\"dt-pswp-item\" href=\"http:\/\/www.radiopiu.net\/wordpress\/wp-content\/uploads\/2018\/12\/48258153_1293644650778436_4701496743819214848_n.jpg\" data-dt-img-description=\"\" data-large_image_width=\"850\" data-large_image_height=\"480\"><img loading=\"lazy\" decoding=\"async\" class=\" wp-image-69211 alignleft\" src=\"http:\/\/www.radiopiu.net\/wordpress\/wp-content\/uploads\/2018\/12\/48258153_1293644650778436_4701496743819214848_n-300x169.jpg\" alt=\"\" width=\"217\" height=\"122\" srcset=\"https:\/\/www.radiopiu.net\/wordpress\/wp-content\/uploads\/2018\/12\/48258153_1293644650778436_4701496743819214848_n-300x169.jpg 300w, https:\/\/www.radiopiu.net\/wordpress\/wp-content\/uploads\/2018\/12\/48258153_1293644650778436_4701496743819214848_n-768x434.jpg 768w, https:\/\/www.radiopiu.net\/wordpress\/wp-content\/uploads\/2018\/12\/48258153_1293644650778436_4701496743819214848_n.jpg 850w\" sizes=\"auto, (max-width: 217px) 100vw, 217px\" \/><\/a>DOMANDA PER LA CONCESSIONE IN COMODATO DI DEUMIDIFICATORI.<\/h1>\n<div><strong>AGORDO<\/strong> L&#8217;Amministrazione, con deliberazione di Giunta Comunale n\u00b0 107 del 06\/12\/2018, ha preso in carico i deumidificatori concessi in comodato d&#8217;uso gratuito dal \u201cComitato la terra trema il cuore no Onlus\u201d di Feltre. Con la stessa delibera ha stabilito le modalit\u00e0 di concessione alle persone richiedenti che hanno subito danni alla propria abitazione durante l&#8217;alluvione dello scorso mese di ottobre. Dovr\u00e0 essere presentata apposita domanda, che potete scaricare su Sito comune (disponibile anche presso l&#8217;Ufficio Segreteria e Tecnico-Lavori Pubblici); All&#8217;atto della concessione, dovr\u00e0 essere sottoscritto un contratto di comodato gratuito che prevede un utilizzo per mesi 5 eventualmente prorogabili e un utilizzo con la diligenza del buon padre di famiglia. Per informazioni: Ufficio Tecnico Comunale &#8211; tel: 0437641294 &#8211; mail: lpubblici1.agordo@agordino.bl.it<\/div>\n<div><\/div>\n<p>&nbsp;<\/p>\n<p>&nbsp;<\/p>\n<p>&nbsp;<\/p>\n<h1>150 ANNI DEL CAI, IL COMPLEANNO. IL MESSAGGIO: BUON COMPLEANNO SEZIONE AGORDINA!!<\/h1>\n<blockquote><p><a class=\"dt-pswp-item\" href=\"http:\/\/www.radiopiu.net\/wordpress\/wp-content\/uploads\/2018\/05\/cai.jpg\" data-dt-img-description=\"\" data-large_image_width=\"483\" data-large_image_height=\"268\"><img loading=\"lazy\" decoding=\"async\" class=\"size-medium wp-image-48438 alignleft\" src=\"http:\/\/www.radiopiu.net\/wordpress\/wp-content\/uploads\/2018\/05\/cai-300x166.jpg\" alt=\"\" width=\"300\" height=\"166\" srcset=\"https:\/\/www.radiopiu.net\/wordpress\/wp-content\/uploads\/2018\/05\/cai-300x166.jpg 300w, https:\/\/www.radiopiu.net\/wordpress\/wp-content\/uploads\/2018\/05\/cai.jpg 483w\" sizes=\"auto, (max-width: 300px) 100vw, 300px\" \/><\/a>E&#8217; arrivato il grande giorno del compleanno della nostra amata Sezione. Il 17 dicembre del 1868 nasceva uno dei fiori all&#8217;occhiello dell&#8217;associazionismo della Conca Agordina e della Provincia di Belluno e oggi, 150 anni dopo, siamo qui a concludere i festeggiamenti di questo importante traguardo, con lo stesso spirito e gli stessi ideali che mossero i soci fondatori a creare una succursale del Club Alpino Italiano di Torino proprio ad Agordo.\u00a0La festa\u00a0 \u00e8 stata fissata (per ovvi motivi.. ) sabato\u00a015 dicembre alle ore 20.30 presso la sala Don Tamis ad Agordo e sar\u00e0 una sorpresa per tutti (nemmeno il Consiglio Direttivo ne conosce i particolari). Come in tutte le feste di compleanno ci saranno una torta\u00a0 ed un brindisi ma la cerimonia sar\u00e0 sobria e\u00a0senza tanti fronzoli, presentata dallo spumeggiante Gianpaolo Soratroi.\u00a0Inutile dilungarsi ora in discorsi e frasi per riempire la pagina, Vi aspettiamo numerosi alla serata di sabato\u00a0per condividere un momento di gioia e di festa per la Nostra Sezione, con un pensiero al passato ed una riflessione\u00a0al futuro.<\/p><\/blockquote>\n<p>&nbsp;<\/p>\n<p>&nbsp;<\/p>\n<p>&nbsp;<\/p>\n<h1>I NUOVI CALENDARI DEL PARCO NAZIONALE DELLE DOLOMITI<\/h1>\n<p><span style=\"font-family: Tahoma, Verdana;\"><span style=\"font-size: small;\"><b>Sono arrivati i calendari 2019 del Parco Nazionale Dolomiti Bellunesi\u00a0<\/b><\/span><\/span>Sono in distribuzione, presso la sede del Parco a Feltre, i calendari da tavolo 2019.\u00a0<strong><i>Sguardi. 9 fotografi per i 25 anni del Parco<\/i><\/strong> \u00e8 il titolo del nuovo calendario, che raccoglie una selezione delle immagini esposte l&#8217;estate scorsa nelle mostre fotografiche organizzate in occasione dei 25 anni del Parco, realizzate grazie alla collaborazione di nove fotografi. Nove fotografi, nove appassionati di montagna che, da anni, percorrono i sentieri delle Dolomiti Bellunesi; i loro sguardi sul Parco, fissati dalla macchina fotografica, offrono visioni originali dell&#8217;area protetta, svelano la bellezza degli organismi che la popolano e aiutano tutti a capire sempre meglio quanto sia importante conservarli, a beneficio delle future generazioni. Le foto del calendario sono tratte dalle mostre:\u00a0<i>Stagioni<\/i>, di <strong>Alberto Ferro<\/strong>; <i>Esplorare e fotografare<\/i>, di <strong>Loris De Barba<\/strong>; <i>Dolomiti Bellunesi&#8230;a parte<\/i>, di <strong>Elvio Damin<\/strong>; <i>Il popolo a sangue freddo<\/i>, di <strong>Ivan Mazzon<\/strong>; <i>Origini<\/i>, di <strong>Mario Minute<\/strong>; <i>Oltre l&#8217;incanto<\/i>, di <strong>Bruno Boz <\/strong>e <strong>Giacomo De Dona&#8217;<\/strong>; <i>Emozioni dentro il fascino dell&#8217;insolito<\/i>, di <strong>Enrico Canal <\/strong>e <strong>Fabrizio Friz<\/strong>.<\/p>\n<p>&nbsp;<\/p>\n<p>&nbsp;<\/p>\n<p>&nbsp;<\/p>\n<p>&nbsp;<\/p>\n<h1>COMPRENSIVO DI FELTRE, LA STORIA IN REGALO AI RAGAZZI DELLE ELEMENTARI<\/h1>\n<p>&nbsp;<\/p>\n\n\t\t\t<style type='text\/css'>\n\t\t\t\t#gallery-3 {\n\t\t\t\t\tmargin: auto;\n\t\t\t\t}\n\t\t\t\t#gallery-3 .gallery-item {\n\t\t\t\t\tfloat: left;\n\t\t\t\t\tmargin-top: 10px;\n\t\t\t\t\ttext-align: center;\n\t\t\t\t\twidth: 33%;\n\t\t\t\t}\n\t\t\t\t#gallery-3 img {\n\t\t\t\t\tborder: 2px solid #cfcfcf;\n\t\t\t\t}\n\t\t\t\t#gallery-3 .gallery-caption {\n\t\t\t\t\tmargin-left: 0;\n\t\t\t\t}\n\t\t\t\t\/* see gallery_shortcode() in wp-includes\/media.php *\/\n\t\t\t<\/style>\n\t\t<div id='gallery-3' class='dt-gallery-container gallery galleryid-69189 gallery-columns-3 gallery-size-thumbnail'><dl class='gallery-item'>\n\t\t\t\t<dt class='gallery-icon landscape'>\n\t\t\t\t\t<a class=\"rollover\" href='https:\/\/www.radiopiu.net\/wordpress\/giornale-radiopiu-13-dicembre-2018-direttore-mirko-mezzacasa\/ic-feltre-storia-di-feltre-3\/'><img loading=\"lazy\" decoding=\"async\" width=\"150\" height=\"150\" src=\"https:\/\/www.radiopiu.net\/wordpress\/wp-content\/uploads\/2018\/12\/IC-FELTRE-Storia-di-Feltre-3-150x150.jpg\" class=\"attachment-thumbnail size-thumbnail\" alt=\"\" \/><\/a>\n\t\t\t\t<\/dt><\/dl><dl class='gallery-item'>\n\t\t\t\t<dt class='gallery-icon portrait'>\n\t\t\t\t\t<a class=\"rollover\" href='https:\/\/www.radiopiu.net\/wordpress\/giornale-radiopiu-13-dicembre-2018-direttore-mirko-mezzacasa\/ic-feltre-storia-di-feltre-1\/'><img loading=\"lazy\" decoding=\"async\" width=\"150\" height=\"150\" src=\"https:\/\/www.radiopiu.net\/wordpress\/wp-content\/uploads\/2018\/12\/IC-FELTRE-Storia-di-Feltre-1-150x150.jpg\" class=\"attachment-thumbnail size-thumbnail\" alt=\"\" \/><\/a>\n\t\t\t\t<\/dt><\/dl><dl class='gallery-item'>\n\t\t\t\t<dt class='gallery-icon landscape'>\n\t\t\t\t\t<a class=\"rollover\" href='https:\/\/www.radiopiu.net\/wordpress\/giornale-radiopiu-13-dicembre-2018-direttore-mirko-mezzacasa\/ic-feltre-storia-di-feltre-2\/'><img loading=\"lazy\" decoding=\"async\" width=\"150\" height=\"150\" src=\"https:\/\/www.radiopiu.net\/wordpress\/wp-content\/uploads\/2018\/12\/IC-FELTRE-Storia-di-Feltre-2-e1544638015113-150x150.jpg\" class=\"attachment-thumbnail size-thumbnail\" alt=\"\" \/><\/a>\n\t\t\t\t<\/dt><\/dl><br style=\"clear: both\" \/>\n\t\t\t<\/div>\n\n<p><strong>FELTRE<\/strong> Il libro di Davide Da Mutten e Fabio Vettori \u00e8 stato donato dall\u2019amministrazione comunale agli alunni delle quinte dell\u2019IC di Feltre. \u201cUn modo per fare scoprire la bellezza della nostra citt\u00e0\u201d. Un libro come regalo di Natale. E\u2019 l\u2019iniziativa dell\u2019amministrazione comunale di Feltre che questa mattina ha voluto donare il volume \u201cStoria di Feltre\u201d di Davide Da Mutten, con le illustrazioni di Fabio Vettori, edizioni DBS, agli alunni delle quinte elementari dell\u2019IC di Feltre. L\u2019incontro si \u00e8 tenuto nell\u2019aula magna della scuola media \u201cRocca\u201d e ha visto partecipare gli assessori Zatta e Dal Bianco, oltre all\u2019autore. \u201cIl libro nasce dall\u2019idea di celebrare il ventennale dell\u2019associazione Fenice Arte Cultura Turismo \u2013 spiega Davide Da Mutten \u2013 coerentemente con la sua missione, che \u00e8 quella di contribuire alla conservazione e divulgazione del ricco patrimonio storico-artistico della citt\u00e0. Un grande affresco, come dico anche nella prefazione al volume, un mondo di formiche umanizzate dietro al quale sta una vera e propria identificazione con i vizi e le virt\u00f9 del nostro mondo\u201d. Tante le domande dei bambini, che hanno riguardato il capitolo della Grande guerra e il Novecento, del Risorgimento e l\u2019Annessione, di Vittorino da Feltre, ma anche del Teatro de la Sena e quello riguardante l\u2019incendio e la ricostruzione.<\/p>\n<p>&nbsp;<\/p>\n<p>&nbsp;<\/p>\n<p>&nbsp;<\/p>\n<p>&nbsp;<\/p>\n<p><a class=\"dt-pswp-item\" href=\"http:\/\/www.radiopiu.net\/wordpress\/wp-content\/uploads\/2018\/09\/appuntamenti.jpeg\" data-dt-img-description=\"\" data-large_image_width=\"800\" data-large_image_height=\"100\"><img loading=\"lazy\" decoding=\"async\" class=\"alignnone wp-image-61958 size-full\" src=\"http:\/\/www.radiopiu.net\/wordpress\/wp-content\/uploads\/2018\/09\/appuntamenti.jpeg\" alt=\"\" width=\"800\" height=\"100\" srcset=\"https:\/\/www.radiopiu.net\/wordpress\/wp-content\/uploads\/2018\/09\/appuntamenti.jpeg 800w, https:\/\/www.radiopiu.net\/wordpress\/wp-content\/uploads\/2018\/09\/appuntamenti-300x38.jpeg 300w, https:\/\/www.radiopiu.net\/wordpress\/wp-content\/uploads\/2018\/09\/appuntamenti-768x96.jpeg 768w\" sizes=\"auto, (max-width: 800px) 100vw, 800px\" \/><\/a><\/p>\n<h1><\/h1>\n<h1>VENERDI: GIORNATA DI STUDI AD AGORDO, PRIMO PIANO SULL&#8217;ALLUVIONE OGGI ALLE 10.30 E 1900 LO SPECIALE ALLA RADIO CON DINO PRELORAN<\/h1>\n<p><strong>DI GIANNI SANTOMASO<\/strong><\/p>\n<p><strong>AGORDO\u00a0 \u00a0<\/strong>Un seminario sul tema \u00ab1966-2018: alluvioni a confronto\u00bb e una successiva tavola rotonda sul tema \u00abCosa \u00e8 stato fatto, cosa fare\u00bb sono gli appuntamenti organizzati per la giornata di venerd\u00ec dal Dipartimento Geotecnico Minerario dell\u2019Istituto \u00abU. Follador\u00bb di Agordo, in collaborazione con l\u2019Universit\u00e0 di Camerino e il patrocinio di Ispra e Cnr Idpa. Si inizia alle 9 all\u2019auditorium \u00abA. Favretti\u00bb dell\u2019istituto Follador nella sede di Tamonich. Relatori: Iacopo Gabrieli, climatologo Cnr Idpa; Fabrizio Galluzzo, Ispra Servizio Geologico d\u2019Italia; Anselmo Cagnati, Arpa Veneto meteorologo; Luigi D\u2019Alpaos, esperto d\u2019idraulica, Universit\u00e0 di Padova; Vittorio Fenti, geologo; Ordine dei Geologi del Veneto; Bruno Testa, Cnr Idpa Milano; Francesco Baruffi, segretario generale Autorit\u00e0 di bacino delle Alpi orientali. Moderatrice Barbara Aldighieri Cnr Idpa Milano. Alla tavola rotonda del pomeriggio, moderata dal giornalista Guido Foddis, interverranno anche Barbara Aldighieri Cnr Idpa, Fabio Luchetta, presidente dell\u2019Unione montana agordina, Roberto Padrin, presidente della Provincia di Belluno, Luca Falcone, geologo dell\u2019Enea, Michele Cassol, forestale, Francesca Romana Lugeri, geologo Ispra e Daniela Bianco psicologa<\/p>\n<h1><\/h1>\n<h1><\/h1>\n<blockquote><p>&nbsp;<\/p><\/blockquote>\n<h1>AL TEATRO A SOSPIROLO<\/h1>\n<p><strong><a class=\"dt-pswp-item\" href=\"http:\/\/www.radiopiu.net\/wordpress\/wp-content\/uploads\/2018\/12\/Gruppo-20180402_61710.008.jpg\" data-dt-img-description=\"\" data-large_image_width=\"4176\" data-large_image_height=\"2784\"><img loading=\"lazy\" decoding=\"async\" class=\" wp-image-69190 alignleft\" src=\"http:\/\/www.radiopiu.net\/wordpress\/wp-content\/uploads\/2018\/12\/Gruppo-20180402_61710.008-300x200.jpg\" alt=\"\" width=\"233\" height=\"155\" srcset=\"https:\/\/www.radiopiu.net\/wordpress\/wp-content\/uploads\/2018\/12\/Gruppo-20180402_61710.008-300x200.jpg 300w, https:\/\/www.radiopiu.net\/wordpress\/wp-content\/uploads\/2018\/12\/Gruppo-20180402_61710.008-768x512.jpg 768w, https:\/\/www.radiopiu.net\/wordpress\/wp-content\/uploads\/2018\/12\/Gruppo-20180402_61710.008-1024x683.jpg 1024w\" sizes=\"auto, (max-width: 233px) 100vw, 233px\" \/><\/a>SOSPIROLO<\/strong> A teatro con \u201cL Kalieron\u201d che presenta \u201cLa scorzeta de limon\u201d. \u00c8 l\u2019appuntamento firmato Pro loco \u201cMonti del Sole\u201d con il patrocinio del Comune di Sospirolo-Biblioteca civica di domenica 16 dicembre (al Centro civico di Sospirolo alle 17.30). Si tratta della commedia di Gino Rocca in un atto per la regia di Giulio A. Fajeti. In un imprecisato paese della campagna veneta, la quieta e sonnolenta vita di tutti i giorni viene sconvolta dalle presunte avventure che il protagonista della commedia, Giacomo Supi\u00e0, onesto padre di famiglia, avrebbe consumato con una ballerina di teatro. Dopo la rappresentazione de &#8220;La Gioconda&#8221; di Amilcare Ponchielli, si sarebbe infatti con lei appartato, lasciando immaginare a tutti tutto il possibile anche se nella realt\u00e0 nulla \u00e8 successo\u2026 La commedia \u00e8 stata rappresentata la prima volta a Milano il 10 aprile 1928 dalla Compagnia di Gianfranco Giachetti; dagli anni &#8217;80 \u00e8 il cavallo di battaglia della compagnia teatrale &#8216;I Kalieron. Ingresso libero.<\/p>\n<p>&nbsp;<\/p>\n<p>&nbsp;<\/p>\n<p>&nbsp;<\/p>\n<h1>UN REGALO PER CHI NE HA BISOGNO<\/h1>\n<p><strong>CORTINA<\/strong> Lunedi alle 12 nella filiale di Belluno della Cassa Rurale ed Artigiana di Cortina d&#8217;Ampezzo delle Dolomiti sar\u00e0 presentato il progetto \u201cpovert\u00e0 a casa nostra\u201d, promosso dall&#8217;associazione Gruppi Insieme Si Puo&#8217; e Cassa Rurale ed Artigiana. Si puo&#8217; aderire all&#8217;iniziativa \u201cQuest&#8217;anno fai un regalo a chi ne ha bisogno&#8230;e la Cassa Rurale lo raddoppia\u201d con versamenti sul conto corrente Insieme Si Puo&#8217;, progetto la povert\u00e0 a casa nostra. Iban: it 23 a 08511 6124 0000000023078<\/p>\n<p>&nbsp;<\/p>\n<p>&nbsp;<\/p>\n<p>&nbsp;<\/p>\n<h1>LA TORTA SOLIDALE DALL&#8217;EPICENTRO DELLA DEVASTAZIONE<\/h1>\n<p><strong>ROCCA PIETORE\u00a0<\/strong>Il gruppo DDolomiti proporr\u00e0 il primo workshop per il lancio ufficiale della &#8220;Rinascita delle Dolomiti&#8221; che il Maestro della pasticceria italiana Iginio Massari ha voluto regalare al nostro territorio per contribuire con la sua arte, di cui \u00e8 indiscusso luminare, alla ricostruzione del nostro territorio. La torta solidale fa parte della campagna #comprabellunese. L&#8217;evento si terr\u00e0 sabato 22 dicembre alle ore 17 all&#8217;interno della pasticceria del Pineta Pastry hotel di Rocca Pietore, luogo in segno di vicinanza. All&#8217;evento pubblico sono invitati anche operatori turistici e pasticcerie dell&#8217;Agordino, affinch\u00e9 il dolce possa essere disponibile anche per i turisti nella stagione invernale. Ha gi\u00e0 confermato la sua partecipazione Massimo Alver\u00e0 dell&#8217;Accademia Pasticceri Italiani come Ospite Special e.La prima parte dell&#8217;evento sar\u00e0 dedicata alla dimostrazione pratica della preparazione della torta da parte dei maestri pasticceri Christopher Nesello e Alver\u00e0, a cui seguir\u00e0 la degustazione.<\/p>\n<p>&nbsp;<\/p>\n<p>&nbsp;<\/p>\n<p>&nbsp;<\/p>\n<h1>CONCERTO DI NATALE A TRICHIANA<\/h1>\n<p><a class=\"dt-pswp-item\" href=\"http:\/\/www.radiopiu.net\/wordpress\/wp-content\/uploads\/2018\/12\/Locandina_natale_2018-1.jpg\" data-dt-img-description=\"\" data-large_image_width=\"1890\" data-large_image_height=\"2953\"><img loading=\"lazy\" decoding=\"async\" class=\"size-medium wp-image-69193 alignleft\" src=\"http:\/\/www.radiopiu.net\/wordpress\/wp-content\/uploads\/2018\/12\/Locandina_natale_2018-1-192x300.jpg\" alt=\"\" width=\"192\" height=\"300\" srcset=\"https:\/\/www.radiopiu.net\/wordpress\/wp-content\/uploads\/2018\/12\/Locandina_natale_2018-1-192x300.jpg 192w, https:\/\/www.radiopiu.net\/wordpress\/wp-content\/uploads\/2018\/12\/Locandina_natale_2018-1-768x1200.jpg 768w, https:\/\/www.radiopiu.net\/wordpress\/wp-content\/uploads\/2018\/12\/Locandina_natale_2018-1-655x1024.jpg 655w, https:\/\/www.radiopiu.net\/wordpress\/wp-content\/uploads\/2018\/12\/Locandina_natale_2018-1.jpg 1890w\" sizes=\"auto, (max-width: 192px) 100vw, 192px\" \/><\/a>Il concerto di Natale anche a marchio Asac, Polifonico e Comune di Trichiana, si terr\u00e0 sabato nella chiesa arcipretale di Trichiana. Saranno presenti: &#8211; il coro polifonico di Trichiana, direttore M\u00b0 Stefano Bittante &#8211; l&#8217;orchestra d&#8217;archi &#8220;Incontro Armonico&#8221; di Crocetta del Montello (TV), direttore M\u00b0 Claudio Colmanet solista alla Cornamusa Scozzese M\u00b0 Pio Sagrillo &#8211; il Gruppo polifonico Numeri Atque Voces di Lamon, direttore M\u00b0 Donato Cengia Presenta la serata Dino Bridda. Ingresso libero.<\/p>\n<p>&nbsp;<\/p>\n<p>&nbsp;<\/p>\n<p>&nbsp;<\/p>\n<p>&nbsp;<\/p>\n<p>&nbsp;<\/p>\n<p>&nbsp;<\/p>\n<p>&nbsp;<\/p>\n<p>&nbsp;<\/p>\n<h1>GISELLA AD AGORDO, BRUNELLA MORO LEGGE LE SUE POESIE<\/h1>\n<p><a class=\"dt-pswp-item\" href=\"http:\/\/www.radiopiu.net\/wordpress\/wp-content\/uploads\/2018\/12\/48365422_314382545840013_6415843179219648512_o.jpg\" data-dt-img-description=\"\" data-large_image_width=\"1200\" data-large_image_height=\"786\"><img loading=\"lazy\" decoding=\"async\" class=\"alignnone wp-image-69037 size-large\" src=\"http:\/\/www.radiopiu.net\/wordpress\/wp-content\/uploads\/2018\/12\/48365422_314382545840013_6415843179219648512_o-1024x671.jpg\" alt=\"\" width=\"1024\" height=\"671\" srcset=\"https:\/\/www.radiopiu.net\/wordpress\/wp-content\/uploads\/2018\/12\/48365422_314382545840013_6415843179219648512_o-1024x671.jpg 1024w, https:\/\/www.radiopiu.net\/wordpress\/wp-content\/uploads\/2018\/12\/48365422_314382545840013_6415843179219648512_o-300x197.jpg 300w, https:\/\/www.radiopiu.net\/wordpress\/wp-content\/uploads\/2018\/12\/48365422_314382545840013_6415843179219648512_o-768x503.jpg 768w, https:\/\/www.radiopiu.net\/wordpress\/wp-content\/uploads\/2018\/12\/48365422_314382545840013_6415843179219648512_o.jpg 1200w\" sizes=\"auto, (max-width: 1024px) 100vw, 1024px\" \/><\/a><\/p>\n<p>Domenica\u00a0 dalle\u00a0 17.00 alle ore 18.00 presso la biblioteca civica Sala Riunioni di Agordo (Belluno),\u00a0<a href=\"https:\/\/www.facebook.com\/gisella.canzian.75\" target=\"_blank\" rel=\"noopener\">Gisella Canzian<\/a>\u00a0vi propone il suo primo libro, &#8220;2ottobre&#8221;. Presenta\u00a0<a href=\"https:\/\/www.facebook.com\/sergiopivetta\" target=\"_blank\" rel=\"noopener\">Sergio Pivetta<\/a>. Sar\u00e0 ospite alla serata\u00a0<a href=\"https:\/\/www.facebook.com\/brunella.moro\" target=\"_blank\" rel=\"noopener\">Brunella Moro<\/a>, la voce di IN VIVO VERSO, il programma radiofonico dell&#8217;emittente agordina di\u00a0RADIOPIU&#8217;, che\u00a0 legger\u00e0 alcuni componimenti.\u00a0 Sar\u00e0 anche proiettata una breve videopoesia con testo inedito di Gisella Canzian, voce narrante di Brunella Moro, foto e montaggio a cura di Sergio Pivetta. Ingresso libero.<\/p>\n<p>&nbsp;<\/p>\n<p>&nbsp;<\/p>\n<p>&nbsp;<\/p>\n<p>&nbsp;<\/p>\n<h1>INIZIATIVE PER GLI AGORDINI<br \/>\nIL CONCERTO A ROCCA PIETORE CON IL CORO FEMMINILE COL DI LANA<\/h1>\n<p>CLICCA PER INGRANDIRE<\/p>\n\n\t\t\t<style type='text\/css'>\n\t\t\t\t#gallery-4 {\n\t\t\t\t\tmargin: auto;\n\t\t\t\t}\n\t\t\t\t#gallery-4 .gallery-item {\n\t\t\t\t\tfloat: left;\n\t\t\t\t\tmargin-top: 10px;\n\t\t\t\t\ttext-align: center;\n\t\t\t\t\twidth: 33%;\n\t\t\t\t}\n\t\t\t\t#gallery-4 img {\n\t\t\t\t\tborder: 2px solid #cfcfcf;\n\t\t\t\t}\n\t\t\t\t#gallery-4 .gallery-caption {\n\t\t\t\t\tmargin-left: 0;\n\t\t\t\t}\n\t\t\t\t\/* see gallery_shortcode() in wp-includes\/media.php *\/\n\t\t\t<\/style>\n\t\t<div id='gallery-4' class='dt-gallery-container gallery galleryid-69189 gallery-columns-3 gallery-size-thumbnail'><dl class='gallery-item'>\n\t\t\t\t<dt class='gallery-icon portrait'>\n\t\t\t\t\t<a class=\"rollover\" href='https:\/\/www.radiopiu.net\/wordpress\/69097-2\/whatsapp-image-2018-12-11-at-14-02-15\/'><img loading=\"lazy\" decoding=\"async\" width=\"150\" height=\"150\" src=\"https:\/\/www.radiopiu.net\/wordpress\/wp-content\/uploads\/2018\/12\/WhatsApp-Image-2018-12-11-at-14.02.15-150x150.jpeg\" class=\"attachment-thumbnail size-thumbnail\" alt=\"\" \/><\/a>\n\t\t\t\t<\/dt><\/dl>\n\t\t\t\t<br style='clear: both' \/>\n\t\t\t<\/div>\n\n<p>&nbsp;<\/p>\n<p>&nbsp;<\/p>\n<p>&nbsp;<\/p>\n<p>&nbsp;<\/p>\n<p><a class=\"dt-pswp-item\" href=\"http:\/\/www.radiopiu.net\/wordpress\/wp-content\/uploads\/2018\/09\/sport.jpg\" data-dt-img-description=\"\" data-large_image_width=\"800\" data-large_image_height=\"100\"><img loading=\"lazy\" decoding=\"async\" class=\"alignnone wp-image-60761 size-full\" src=\"http:\/\/www.radiopiu.net\/wordpress\/wp-content\/uploads\/2018\/09\/sport.jpg\" alt=\"\" width=\"800\" height=\"100\" srcset=\"https:\/\/www.radiopiu.net\/wordpress\/wp-content\/uploads\/2018\/09\/sport.jpg 800w, https:\/\/www.radiopiu.net\/wordpress\/wp-content\/uploads\/2018\/09\/sport-300x38.jpg 300w, https:\/\/www.radiopiu.net\/wordpress\/wp-content\/uploads\/2018\/09\/sport-768x96.jpg 768w\" sizes=\"auto, (max-width: 800px) 100vw, 800px\" \/><\/a><\/p>\n<p>&nbsp;<\/p>\n<p>&nbsp;<\/p>\n<p>&nbsp;<\/p>\n<h1>FINE SETTIMANA IN VAL BADIA: ECCO LA COPPA DEL MONDO DI SCI ALPINO<\/h1>\n<p><strong><a class=\"dt-pswp-item\" href=\"http:\/\/www.radiopiu.net\/wordpress\/wp-content\/uploads\/2018\/12\/img_0.jpg\" data-dt-img-description=\"\" data-large_image_width=\"1360\" data-large_image_height=\"950\"><img loading=\"lazy\" decoding=\"async\" class=\"size-medium wp-image-68965 alignleft\" src=\"http:\/\/www.radiopiu.net\/wordpress\/wp-content\/uploads\/2018\/12\/img_0-300x210.jpg\" alt=\"\" width=\"300\" height=\"210\" srcset=\"https:\/\/www.radiopiu.net\/wordpress\/wp-content\/uploads\/2018\/12\/img_0-300x210.jpg 300w, https:\/\/www.radiopiu.net\/wordpress\/wp-content\/uploads\/2018\/12\/img_0-768x536.jpg 768w, https:\/\/www.radiopiu.net\/wordpress\/wp-content\/uploads\/2018\/12\/img_0-1024x715.jpg 1024w, https:\/\/www.radiopiu.net\/wordpress\/wp-content\/uploads\/2018\/12\/img_0.jpg 1360w\" sizes=\"auto, (max-width: 300px) 100vw, 300px\" \/><\/a><\/strong><\/p>\n<p>&nbsp;<\/p>\n<p>&nbsp;<\/p>\n<p>&nbsp;<\/p>\n<p>&nbsp;<\/p>\n<p><strong>DI CLAUDIO FONTANIVE<\/strong><\/p>\n<audio class=\"wp-audio-shortcode\" id=\"audio-69189-13\" preload=\"none\" style=\"width: 100%;\" controls=\"controls\"><source type=\"audio\/mpeg\" src=\"http:\/\/www.radiopiu.net\/wordpress\/wp-content\/uploads\/2018\/12\/andy-varallo-notiziario.mp3?_=13\" \/><a href=\"http:\/\/www.radiopiu.net\/wordpress\/wp-content\/uploads\/2018\/12\/andy-varallo-notiziario.mp3\">http:\/\/www.radiopiu.net\/wordpress\/wp-content\/uploads\/2018\/12\/andy-varallo-notiziario.mp3<\/a><\/audio>\n<p>&nbsp;<\/p>\n<p>&nbsp;<\/p>\n<p>&nbsp;<\/p>\n<p>&nbsp;<\/p>\n<p>&nbsp;<\/p>\n<div class=\"page-title-head hgroup\">\n<h1 class=\"entry-title\">L\u2019ALLEGHE PERDE ANCORA E RIMANE IN FONDO ALLA CLASSIFICA<\/h1>\n<\/div>\n<div class=\"page-title-breadcrumbs\"><\/div>\n<blockquote class=\"wp-embedded-content\" data-secret=\"k6WjnBVUNa\"><p><a href=\"http:\/\/www.radiopiu.net\/wordpress\/lalleghe-perde-ancora-e-rimane-in-fondo-alla-classifica\/\">L\u2019ALLEGHE PERDE ANCORA E RIMANE IN FONDO ALLA CLASSIFICA<\/a><\/p><\/blockquote>\n<p><iframe loading=\"lazy\" class=\"wp-embedded-content\" sandbox=\"allow-scripts\" security=\"restricted\" style=\"position: absolute; clip: rect(1px, 1px, 1px, 1px);\" src=\"http:\/\/www.radiopiu.net\/wordpress\/lalleghe-perde-ancora-e-rimane-in-fondo-alla-classifica\/embed\/#?secret=k6WjnBVUNa\" data-secret=\"k6WjnBVUNa\" width=\"600\" height=\"338\" title=\"&#8220;L\u2019ALLEGHE PERDE ANCORA E RIMANE IN FONDO ALLA CLASSIFICA&#8221; &#8212; Radio Pi\u00f9\" frameborder=\"0\" marginwidth=\"0\" marginheight=\"0\" scrolling=\"no\"><\/iframe><\/p>\n<p>&nbsp;<\/p>\n<p>&nbsp;<\/p>\n<p>&nbsp;<\/p>\n<p><a class=\"dt-pswp-item\" href=\"http:\/\/www.radiopiu.net\/wordpress\/wp-content\/uploads\/2018\/09\/WhatsApp-Image-2018-09-20-at-16.04.06.jpeg\" data-dt-img-description=\"\" data-large_image_width=\"800\" data-large_image_height=\"100\"><img loading=\"lazy\" decoding=\"async\" class=\"alignnone wp-image-61378 size-full\" src=\"http:\/\/www.radiopiu.net\/wordpress\/wp-content\/uploads\/2018\/09\/WhatsApp-Image-2018-09-20-at-16.04.06.jpeg\" alt=\"\" width=\"800\" height=\"100\" srcset=\"https:\/\/www.radiopiu.net\/wordpress\/wp-content\/uploads\/2018\/09\/WhatsApp-Image-2018-09-20-at-16.04.06.jpeg 800w, https:\/\/www.radiopiu.net\/wordpress\/wp-content\/uploads\/2018\/09\/WhatsApp-Image-2018-09-20-at-16.04.06-300x38.jpeg 300w, https:\/\/www.radiopiu.net\/wordpress\/wp-content\/uploads\/2018\/09\/WhatsApp-Image-2018-09-20-at-16.04.06-768x96.jpeg 768w\" sizes=\"auto, (max-width: 800px) 100vw, 800px\" \/><\/a><\/p>\n<h1>DA OGGI A\u00a0 DOMENICA<\/h1>\n<p><center><b>Giovedi 13<\/b><\/center><b>Tempo atteso: <\/b>Aumento della nuvolosit\u00e0 medio-bassa fino a cielo nuvoloso o molto nuvoloso, con possibilit\u00e0 di qualche sporadico fenomeno. Clima decisamente freddo di stampo pienamente invernale.<br \/>\n<b>Precipitazioni: <\/b>Tra le ore centrali e il pomeriggio\/sera possibili deboli o debolissime nevicate, un po&#8217; pi\u00f9 probabili sui settori prealpini esposti alle correnti orientali (Recoarese, Piccole Dolomiti) (40\/60%), meno sugli altri settori, del tutto sporadiche o localmente anche assenti nelle valli pi\u00f9 basse (20\/40%), pi\u00f9 probabili sui rilievi. Si tratter\u00e0 in ogni caso di fenomeni di poco conto con cumulati massimi di 2\/7 cm di neve molto leggera nelle zone pi\u00f9 interessate.<br \/>\n<b>Temperature: <\/b>In lieve calo, eccetto le minime nelle valli, in lieve aumento. Su Prealpi a 1500 m min -8\u00b0C max -5\u00b0C, a 2000 m min -12\u00b0C max -8\u00b0C. Su Dolomiti a 2000 m min -13\u00b0C max -8\u00b0C, a 3000 m min -18\u00b0C max -15\u00b0C.<br \/>\n<b>Venti: <\/b>Nelle valli deboli di direzione variabile; in alta quota deboli\/moderati da Sud-Ovest, alle quote medie moderati da Nord-Est, con rinforzi sulle dorsali prealpine, a 10-30 km\/h a 2000 m, 15-30 km\/h a 3000 m.<\/p>\n<hr \/>\n<p><center><b>Venerdi 14<\/b><\/center><b>Tempo atteso: <\/b>Tempo in miglioramento, con residua nuvolosit\u00e0 nelle prime ore, specie su Prealpi, e schiarite via via pi\u00f9 ampie fino a cielo del tutto sereno a partire da Nord. Clima freddo, di stampo pienamente invernale, pi\u00f9 freddo sulle Prealpi a parit\u00e0 di quota.<br \/>\n<b>Precipitazioni: <\/b>Fino al primo mattino non escluse residue deboli o debolissime nevicate soprattutto sulle Prealpi (20\/30%), con eventuali accumuli irrisori. In giornata assenti (0%).<br \/>\n<b>Temperature: <\/b>In lieve aumento in quota; nelle valli minime stazionarie, perlopi\u00f9 registrate alla sera, massime in lieve aumento. Su Prealpi a 1500 m min -6\u00b0C max -3\u00b0C, a 2000 m min -9\u00b0C max -5\u00b0C. Su Dolomiti a 2000 m min -11\u00b0C max -6\u00b0C, a 3000 m min -15\u00b0C max -13\u00b0C.<br \/>\n<b>Venti: <\/b>Nelle valli deboli di direzione variabile; in quota perlopi\u00f9 deboli in rotazione da Ovest a Nord ed in lieve intensificazione al pomeriggio\/sera, a 5-15 km\/h a 2000 m, 5-20 km\/h a 3000 m.<\/p>\n<hr \/>\n<p><center><b>Sabato 15<\/b><\/center>Tempo splendido con cielo sereno per tutto il giorno. Clima molto freddo al mattino con estese ed intense gelate, un po&#8217; pi\u00f9 mite di giorno, specie in quota e nei settori pi\u00f9 assolati. Moderato rinforzo dei venti settentrionali con possibile F\u00f6hn su alcuni settori.<\/p>\n<hr \/>\n<p><center><b>Domenica 16<\/b><\/center>Tempo inizialmente ben soleggiato e ancora freddo al primo mattino, con intense gelate. Al pomeriggio\/sera possibile aumento della nuvolosit\u00e0 da Ovest e nella notte successiva non saranno escluse deboli nevicate. Clima diurno un po&#8217; meno freddo. Previsore: G.M.<\/p>\n","protected":false},"excerpt":{"rendered":"<p>&#8220;Alziamo la voce&#8221;, lo dicono in coro 50 giovani che hanno inciso l&#8217;inno di un territorio devastato, la canzone presentata ieri a Belluno ed \u00e8 gi\u00e0 disponibile on line sulle varie piattaforme, il ricavato servir\u00e0 per la ricostruzione di Lambioi beach.\u00a0Tristi giorni nell&#8217;Agordino per la scomparsa dell&#8217;artista Luciano Piani a Masar\u00e8 di Rocca Pietore e&hellip;<\/p>\n","protected":false},"author":1,"featured_media":69215,"comment_status":"closed","ping_status":"closed","sticky":false,"template":"","format":"standard","meta":{"_monsterinsights_skip_tracking":false,"_monsterinsights_sitenote_active":false,"_monsterinsights_sitenote_note":"","_monsterinsights_sitenote_category":0,"footnotes":""},"categories":[86],"tags":[],"class_list":["post-69189","post","type-post","status-publish","format-standard","has-post-thumbnail","hentry","category-gr","category-86","description-off"],"img_url":"https:\/\/www.radiopiu.net\/wordpress\/wp-content\/uploads\/2018\/12\/Conferenza-stampa-presentazione-Belluno-alza-la-voce-2.jpg","_links":{"self":[{"href":"https:\/\/www.radiopiu.net\/wordpress\/wp-json\/wp\/v2\/posts\/69189","targetHints":{"allow":["GET"]}}],"collection":[{"href":"https:\/\/www.radiopiu.net\/wordpress\/wp-json\/wp\/v2\/posts"}],"about":[{"href":"https:\/\/www.radiopiu.net\/wordpress\/wp-json\/wp\/v2\/types\/post"}],"author":[{"embeddable":true,"href":"https:\/\/www.radiopiu.net\/wordpress\/wp-json\/wp\/v2\/users\/1"}],"replies":[{"embeddable":true,"href":"https:\/\/www.radiopiu.net\/wordpress\/wp-json\/wp\/v2\/comments?post=69189"}],"version-history":[{"count":0,"href":"https:\/\/www.radiopiu.net\/wordpress\/wp-json\/wp\/v2\/posts\/69189\/revisions"}],"wp:featuredmedia":[{"embeddable":true,"href":"https:\/\/www.radiopiu.net\/wordpress\/wp-json\/wp\/v2\/media\/69215"}],"wp:attachment":[{"href":"https:\/\/www.radiopiu.net\/wordpress\/wp-json\/wp\/v2\/media?parent=69189"}],"wp:term":[{"taxonomy":"category","embeddable":true,"href":"https:\/\/www.radiopiu.net\/wordpress\/wp-json\/wp\/v2\/categories?post=69189"},{"taxonomy":"post_tag","embeddable":true,"href":"https:\/\/www.radiopiu.net\/wordpress\/wp-json\/wp\/v2\/tags?post=69189"}],"curies":[{"name":"wp","href":"https:\/\/api.w.org\/{rel}","templated":true}]}}