{"id":69250,"date":"2018-12-13T14:30:20","date_gmt":"2018-12-13T13:30:20","guid":{"rendered":"http:\/\/www.radiopiu.net\/wordpress\/?p=69250"},"modified":"2018-12-13T14:30:50","modified_gmt":"2018-12-13T13:30:50","slug":"belluno-alza-la-voce-la-diretta-di-radio-piu-i-commenti-dellevento","status":"publish","type":"post","link":"https:\/\/www.radiopiu.net\/wordpress\/belluno-alza-la-voce-la-diretta-di-radio-piu-i-commenti-dellevento\/","title":{"rendered":"BELLUNO ALZA LA VOCE, LA DIRETTA DI RADIO PIU&#8217; I COMMENTI DELL&#8217;EVENTO"},"content":{"rendered":"<h1>&#8220;BELLUNO ALZA LA VOCE&#8221; ON LINE<\/h1>\n<blockquote><p><em>Fondi destinati al Parco Fluviale di Lambioi<\/em><\/p><\/blockquote>\n<p><strong>\u00abQuando ho visto quanto era successo nella nostra provincia, mi si \u00e8 spezzato il cuore. Oggi mi si \u00e8 riempito quando ho visto questo lavoro, sentita la canzone&#8221; (cit. Valentina Tomasi)<\/strong><\/p>\n<p>\u00c8 online il brano \u201cAlziamo la voce\u201d, acquistabile dal sito www.bellunoalzalavoce.it e realizzato da oltre 50 giovani cantanti e musicisti bellunesi: il ricavato delle vendite e delle donazioni libere saranno destinate al Comitato Gocce di Sole Onlus, che a sua volta le devolver\u00e0 al Comune di Belluno per la ricostruzione del Parco Fluviale di Lambioi.<\/p>\n<p><strong>L&#8217;ASSESSORE VALENTINA TOMASI<\/strong><\/p>\n<audio class=\"wp-audio-shortcode\" id=\"audio-69250-1\" preload=\"none\" style=\"width: 100%;\" controls=\"controls\"><source type=\"audio\/mpeg\" src=\"http:\/\/www.radiopiu.net\/wordpress\/wp-content\/uploads\/2018\/12\/Valentina-Tomasi-Assessore-Comune-di-Belluno.mp3?_=1\" \/><a href=\"http:\/\/www.radiopiu.net\/wordpress\/wp-content\/uploads\/2018\/12\/Valentina-Tomasi-Assessore-Comune-di-Belluno.mp3\">http:\/\/www.radiopiu.net\/wordpress\/wp-content\/uploads\/2018\/12\/Valentina-Tomasi-Assessore-Comune-di-Belluno.mp3<\/a><\/audio>\n<p><strong>ALESSANDRO CASOL, TRA GLI IDEATORI DELL&#8217;INIZIATIVA.<\/strong><\/p>\n<audio class=\"wp-audio-shortcode\" id=\"audio-69250-2\" preload=\"none\" style=\"width: 100%;\" controls=\"controls\"><source type=\"audio\/mpeg\" src=\"http:\/\/www.radiopiu.net\/wordpress\/wp-content\/uploads\/2018\/12\/Alessandro-Casol-Promotore-Belluno-alza-la-voce.mp3?_=2\" \/><a href=\"http:\/\/www.radiopiu.net\/wordpress\/wp-content\/uploads\/2018\/12\/Alessandro-Casol-Promotore-Belluno-alza-la-voce.mp3\">http:\/\/www.radiopiu.net\/wordpress\/wp-content\/uploads\/2018\/12\/Alessandro-Casol-Promotore-Belluno-alza-la-voce.mp3<\/a><\/audio>\n<p>Il ricavato della vendita del brano sar\u00e0 devoluto al Comitato Gocce di Sole Onlus, <strong>LA PRESIDENTE MANUELA SELVESTREL<\/strong><\/p>\n<audio class=\"wp-audio-shortcode\" id=\"audio-69250-3\" preload=\"none\" style=\"width: 100%;\" controls=\"controls\"><source type=\"audio\/mpeg\" src=\"http:\/\/www.radiopiu.net\/wordpress\/wp-content\/uploads\/2018\/12\/Manuela-Selvestrel-Presidente-Comitato-Gocce-di-Sole.mp3?_=3\" \/><a href=\"http:\/\/www.radiopiu.net\/wordpress\/wp-content\/uploads\/2018\/12\/Manuela-Selvestrel-Presidente-Comitato-Gocce-di-Sole.mp3\">http:\/\/www.radiopiu.net\/wordpress\/wp-content\/uploads\/2018\/12\/Manuela-Selvestrel-Presidente-Comitato-Gocce-di-Sole.mp3<\/a><\/audio>\n<p>Alla premiere del video \u2013 inedito e \u201ctop secret\u201d fino a ieri, cos\u00ec come il brano \u2013 ha assistito anche<strong> IL SINDACO DI BELLUNO JACOPO MASSARO:\u00a0\u00a0<\/strong><em>\u00abLa popolazione bellunese &#8211; ha detto &#8211; \u00e8 abituata ad aiutare, in tutte le grande emergenze nazionali; oggi capiamo cosa significa aver bisogno e ricevere supporto, ed \u00e8 una grande emozione. &#8211; commenta Massaro \u2013 Mi piace sottolineare come questa iniziativa sia nata da un gruppo di giovani: spesso vengono attaccati e criticati, ma quanto successo ha permesso di saldare le generazioni in nome della solidariet\u00e0\u00bb.\u00a0<\/em><\/p>\n<p>Sul valore della solidariet\u00e0 ha insistito anche il <strong>PRESIDENTE DELLA PROVINCIA ROBERTO PADRIN\u00a0<\/strong><\/p>\n<audio class=\"wp-audio-shortcode\" id=\"audio-69250-4\" preload=\"none\" style=\"width: 100%;\" controls=\"controls\"><source type=\"audio\/mpeg\" src=\"http:\/\/www.radiopiu.net\/wordpress\/wp-content\/uploads\/2018\/12\/Roberto-Padrin-Presidente-Provincia-di-Belluno.mp3?_=4\" \/><a href=\"http:\/\/www.radiopiu.net\/wordpress\/wp-content\/uploads\/2018\/12\/Roberto-Padrin-Presidente-Provincia-di-Belluno.mp3\">http:\/\/www.radiopiu.net\/wordpress\/wp-content\/uploads\/2018\/12\/Roberto-Padrin-Presidente-Provincia-di-Belluno.mp3<\/a><\/audio>\n<p>Il brano \u00e8 acquistabile solamente online dal sito www.bellunoalzalavoce.it , si potr\u00e0 scaricare con una donazione con carta di credito di 2 euro o pi\u00f9; sempre dal sito, sar\u00e0 possibile anche fare una donazione libera via bonifico al Comitato Gocce di Sole, che per\u00f2 per ora non d\u00e0 diritto al download della canzone. Nelle prossime settimane, la canzone sar\u00e0 acquistabile anche su Amazon e Itunes. Il videoclip del brano \u00e8 gi\u00e0 caricato su YouTube<\/p>\n<blockquote><p><em>Dagli artisti \u00e8 partito anche un appello: \u00abAbbiamo gi\u00e0 ricevuto molte richieste di poterlo avere su supporto fisico. &#8211; spiega Casol \u2013 Per stampare su cd 1000 copie, sono necessari 700 euro; stiamo cercando degli sponsor che ci possano sostenere nell&#8217;investimento\u00bb.<\/em><\/p><\/blockquote>\n<p>&nbsp;<\/p>\n<p><strong>GALLERIA FOTO<\/strong><span style=\"color: #ff0000;\"><strong> &#8220;MATTEO CREMA&#8221;<\/strong><\/span><strong> CLICCA PER INGRANDIRE<\/strong><\/p>\n\n\t\t\t<style type='text\/css'>\n\t\t\t\t#gallery-1 {\n\t\t\t\t\tmargin: auto;\n\t\t\t\t}\n\t\t\t\t#gallery-1 .gallery-item {\n\t\t\t\t\tfloat: left;\n\t\t\t\t\tmargin-top: 10px;\n\t\t\t\t\ttext-align: center;\n\t\t\t\t\twidth: 33%;\n\t\t\t\t}\n\t\t\t\t#gallery-1 img {\n\t\t\t\t\tborder: 2px solid #cfcfcf;\n\t\t\t\t}\n\t\t\t\t#gallery-1 .gallery-caption {\n\t\t\t\t\tmargin-left: 0;\n\t\t\t\t}\n\t\t\t\t\/* see gallery_shortcode() in wp-includes\/media.php *\/\n\t\t\t<\/style>\n\t\t<div id='gallery-1' class='dt-gallery-container gallery galleryid-69250 gallery-columns-3 gallery-size-thumbnail'><dl class='gallery-item'>\n\t\t\t\t<dt class='gallery-icon landscape'>\n\t\t\t\t\t<a class=\"rollover\" href='https:\/\/www.radiopiu.net\/wordpress\/giornale-radiopiu-13-dicembre-2018-direttore-mirko-mezzacasa\/conferenza-stampa-presentazione-belluno-alza-la-voce-1\/'><img loading=\"lazy\" decoding=\"async\" width=\"150\" height=\"150\" src=\"https:\/\/www.radiopiu.net\/wordpress\/wp-content\/uploads\/2018\/12\/Conferenza-stampa-presentazione-Belluno-alza-la-voce-1-150x150.jpg\" class=\"attachment-thumbnail size-thumbnail\" alt=\"\" \/><\/a>\n\t\t\t\t<\/dt><\/dl><dl class='gallery-item'>\n\t\t\t\t<dt class='gallery-icon landscape'>\n\t\t\t\t\t<a class=\"rollover\" href='https:\/\/www.radiopiu.net\/wordpress\/giornale-radiopiu-13-dicembre-2018-direttore-mirko-mezzacasa\/conferenza-stampa-presentazione-belluno-alza-la-voce-2\/'><img loading=\"lazy\" decoding=\"async\" width=\"150\" height=\"150\" src=\"https:\/\/www.radiopiu.net\/wordpress\/wp-content\/uploads\/2018\/12\/Conferenza-stampa-presentazione-Belluno-alza-la-voce-2-150x150.jpg\" class=\"attachment-thumbnail size-thumbnail\" alt=\"\" \/><\/a>\n\t\t\t\t<\/dt><\/dl><dl class='gallery-item'>\n\t\t\t\t<dt class='gallery-icon landscape'>\n\t\t\t\t\t<a class=\"rollover\" href='https:\/\/www.radiopiu.net\/wordpress\/giornale-radiopiu-13-dicembre-2018-direttore-mirko-mezzacasa\/conferenza-stampa-presentazione-belluno-alza-la-voce-3\/'><img loading=\"lazy\" decoding=\"async\" width=\"150\" height=\"150\" src=\"https:\/\/www.radiopiu.net\/wordpress\/wp-content\/uploads\/2018\/12\/Conferenza-stampa-presentazione-Belluno-alza-la-voce-3-150x150.jpg\" class=\"attachment-thumbnail size-thumbnail\" alt=\"\" \/><\/a>\n\t\t\t\t<\/dt><\/dl><br style=\"clear: both\" \/><dl class='gallery-item'>\n\t\t\t\t<dt class='gallery-icon landscape'>\n\t\t\t\t\t<a class=\"rollover\" href='https:\/\/www.radiopiu.net\/wordpress\/giornale-radiopiu-13-dicembre-2018-direttore-mirko-mezzacasa\/conferenza-stampa-presentazione-belluno-alza-la-voce-4\/'><img loading=\"lazy\" decoding=\"async\" width=\"150\" height=\"150\" src=\"https:\/\/www.radiopiu.net\/wordpress\/wp-content\/uploads\/2018\/12\/Conferenza-stampa-presentazione-Belluno-alza-la-voce-4-150x150.jpg\" class=\"attachment-thumbnail size-thumbnail\" alt=\"\" \/><\/a>\n\t\t\t\t<\/dt><\/dl><dl class='gallery-item'>\n\t\t\t\t<dt class='gallery-icon landscape'>\n\t\t\t\t\t<a class=\"rollover\" href='https:\/\/www.radiopiu.net\/wordpress\/giornale-radiopiu-13-dicembre-2018-direttore-mirko-mezzacasa\/registrazione-belluno-alza-la-voce-credits-matteo-crema-1\/'><img loading=\"lazy\" decoding=\"async\" width=\"150\" height=\"150\" src=\"https:\/\/www.radiopiu.net\/wordpress\/wp-content\/uploads\/2018\/12\/Registrazione-Belluno-alza-la-voce-Credits-Matteo-Crema-1-150x150.jpg\" class=\"attachment-thumbnail size-thumbnail\" alt=\"\" \/><\/a>\n\t\t\t\t<\/dt><\/dl><dl class='gallery-item'>\n\t\t\t\t<dt class='gallery-icon landscape'>\n\t\t\t\t\t<a class=\"rollover\" href='https:\/\/www.radiopiu.net\/wordpress\/giornale-radiopiu-13-dicembre-2018-direttore-mirko-mezzacasa\/registrazione-belluno-alza-la-voce-credits-matteo-crema-2\/'><img loading=\"lazy\" decoding=\"async\" width=\"150\" height=\"150\" src=\"https:\/\/www.radiopiu.net\/wordpress\/wp-content\/uploads\/2018\/12\/Registrazione-Belluno-alza-la-voce-Credits-Matteo-Crema-2-150x150.jpg\" class=\"attachment-thumbnail size-thumbnail\" alt=\"\" \/><\/a>\n\t\t\t\t<\/dt><\/dl><br style=\"clear: both\" \/><dl class='gallery-item'>\n\t\t\t\t<dt class='gallery-icon landscape'>\n\t\t\t\t\t<a class=\"rollover\" href='https:\/\/www.radiopiu.net\/wordpress\/giornale-radiopiu-13-dicembre-2018-direttore-mirko-mezzacasa\/registrazione-belluno-alza-la-voce-credits-matteo-crema-3\/'><img loading=\"lazy\" decoding=\"async\" width=\"150\" height=\"150\" src=\"https:\/\/www.radiopiu.net\/wordpress\/wp-content\/uploads\/2018\/12\/Registrazione-Belluno-alza-la-voce-Credits-Matteo-Crema-3-150x150.jpg\" class=\"attachment-thumbnail size-thumbnail\" alt=\"\" \/><\/a>\n\t\t\t\t<\/dt><\/dl><dl class='gallery-item'>\n\t\t\t\t<dt class='gallery-icon landscape'>\n\t\t\t\t\t<a class=\"rollover\" href='https:\/\/www.radiopiu.net\/wordpress\/giornale-radiopiu-13-dicembre-2018-direttore-mirko-mezzacasa\/registrazione-belluno-alza-la-voce-credits-matteo-crema-4\/'><img loading=\"lazy\" decoding=\"async\" width=\"150\" height=\"150\" src=\"https:\/\/www.radiopiu.net\/wordpress\/wp-content\/uploads\/2018\/12\/Registrazione-Belluno-alza-la-voce-Credits-Matteo-Crema-4-150x150.jpg\" class=\"attachment-thumbnail size-thumbnail\" alt=\"\" \/><\/a>\n\t\t\t\t<\/dt><\/dl><dl class='gallery-item'>\n\t\t\t\t<dt class='gallery-icon landscape'>\n\t\t\t\t\t<a class=\"rollover\" href='https:\/\/www.radiopiu.net\/wordpress\/giornale-radiopiu-13-dicembre-2018-direttore-mirko-mezzacasa\/registrazione-belluno-alza-la-voce-credits-matteo-crema-5\/'><img loading=\"lazy\" decoding=\"async\" width=\"150\" height=\"150\" src=\"https:\/\/www.radiopiu.net\/wordpress\/wp-content\/uploads\/2018\/12\/Registrazione-Belluno-alza-la-voce-Credits-Matteo-Crema-5-150x150.jpg\" class=\"attachment-thumbnail size-thumbnail\" alt=\"\" \/><\/a>\n\t\t\t\t<\/dt><\/dl><br style=\"clear: both\" \/><dl class='gallery-item'>\n\t\t\t\t<dt class='gallery-icon landscape'>\n\t\t\t\t\t<a class=\"rollover\" href='https:\/\/www.radiopiu.net\/wordpress\/giornale-radiopiu-13-dicembre-2018-direttore-mirko-mezzacasa\/registrazione-belluno-alza-la-voce-credits-matteo-crema-6\/'><img loading=\"lazy\" decoding=\"async\" width=\"150\" height=\"150\" src=\"https:\/\/www.radiopiu.net\/wordpress\/wp-content\/uploads\/2018\/12\/Registrazione-Belluno-alza-la-voce-Credits-Matteo-Crema-6-150x150.jpg\" class=\"attachment-thumbnail size-thumbnail\" alt=\"\" \/><\/a>\n\t\t\t\t<\/dt><\/dl>\n\t\t\t\t<br style='clear: both' \/>\n\t\t\t<\/div>\n\n<p>&nbsp;<\/p>\n<p>&nbsp;<\/p>\n<blockquote><p>&nbsp;<\/p><\/blockquote>\n<p><strong>DIRETTA RADIO PIU:\u00a0<span style=\"color: #0000ff;\"><a style=\"color: #0000ff;\" href=\"https:\/\/www.facebook.com\/mirko.mezzacasa\/videos\/10218495034433971\/\"> CLICCA QUI<\/a><\/span><\/strong><\/p>\n<p>&nbsp;<\/p>\n<p><strong>VIDEO YOUTUBE<\/strong><\/p>\n<p><iframe loading=\"lazy\" title=\"Artisti Bellunesi - Alziamo La Voce\" width=\"1200\" height=\"675\" src=\"https:\/\/www.youtube.com\/embed\/xXpHkvxkVPo?feature=oembed\" frameborder=\"0\" allow=\"accelerometer; autoplay; encrypted-media; gyroscope; picture-in-picture\" allowfullscreen><\/iframe><\/p>\n<p>&nbsp;<\/p>\n<p>&nbsp;<\/p>\n<p>&nbsp;<\/p>\n<p>&nbsp;<\/p>\n<h1><\/h1>\n","protected":false},"excerpt":{"rendered":"<p>&#8220;BELLUNO ALZA LA VOCE&#8221; ON LINE Fondi destinati al Parco Fluviale di Lambioi \u00abQuando ho visto quanto era successo nella nostra provincia, mi si \u00e8 spezzato il cuore. Oggi mi si \u00e8 riempito quando ho visto questo lavoro, sentita la canzone&#8221; (cit. Valentina Tomasi) \u00c8 online il brano \u201cAlziamo la voce\u201d, acquistabile dal sito www.bellunoalzalavoce.it&hellip;<\/p>\n","protected":false},"author":1,"featured_media":69219,"comment_status":"closed","ping_status":"closed","sticky":false,"template":"","format":"standard","meta":{"_monsterinsights_skip_tracking":false,"_monsterinsights_sitenote_active":false,"_monsterinsights_sitenote_note":"","_monsterinsights_sitenote_category":0,"footnotes":""},"categories":[49],"tags":[],"class_list":["post-69250","post","type-post","status-publish","format-standard","has-post-thumbnail","hentry","category-news-18","category-49","description-off"],"img_url":"https:\/\/www.radiopiu.net\/wordpress\/wp-content\/uploads\/2018\/12\/Registrazione-Belluno-alza-la-voce-Credits-Matteo-Crema-2.jpg","_links":{"self":[{"href":"https:\/\/www.radiopiu.net\/wordpress\/wp-json\/wp\/v2\/posts\/69250","targetHints":{"allow":["GET"]}}],"collection":[{"href":"https:\/\/www.radiopiu.net\/wordpress\/wp-json\/wp\/v2\/posts"}],"about":[{"href":"https:\/\/www.radiopiu.net\/wordpress\/wp-json\/wp\/v2\/types\/post"}],"author":[{"embeddable":true,"href":"https:\/\/www.radiopiu.net\/wordpress\/wp-json\/wp\/v2\/users\/1"}],"replies":[{"embeddable":true,"href":"https:\/\/www.radiopiu.net\/wordpress\/wp-json\/wp\/v2\/comments?post=69250"}],"version-history":[{"count":0,"href":"https:\/\/www.radiopiu.net\/wordpress\/wp-json\/wp\/v2\/posts\/69250\/revisions"}],"wp:featuredmedia":[{"embeddable":true,"href":"https:\/\/www.radiopiu.net\/wordpress\/wp-json\/wp\/v2\/media\/69219"}],"wp:attachment":[{"href":"https:\/\/www.radiopiu.net\/wordpress\/wp-json\/wp\/v2\/media?parent=69250"}],"wp:term":[{"taxonomy":"category","embeddable":true,"href":"https:\/\/www.radiopiu.net\/wordpress\/wp-json\/wp\/v2\/categories?post=69250"},{"taxonomy":"post_tag","embeddable":true,"href":"https:\/\/www.radiopiu.net\/wordpress\/wp-json\/wp\/v2\/tags?post=69250"}],"curies":[{"name":"wp","href":"https:\/\/api.w.org\/{rel}","templated":true}]}}