{"id":69256,"date":"2018-12-13T06:19:29","date_gmt":"2018-12-13T05:19:29","guid":{"rendered":"http:\/\/www.radiopiu.net\/wordpress\/?p=69256"},"modified":"2018-12-13T09:35:01","modified_gmt":"2018-12-13T08:35:01","slug":"aldo-pasa-zasso-lultimo-reduce-di-russia-agordino","status":"publish","type":"post","link":"https:\/\/www.radiopiu.net\/wordpress\/aldo-pasa-zasso-lultimo-reduce-di-russia-agordino\/","title":{"rendered":"ALDO &#8220;PASA&#8221; ZASSO, L&#8217;ULTIMO REDUCE DI RUSSIA AGORDINO"},"content":{"rendered":"<h1><\/h1>\n<blockquote>\n<h3><em>Ieri l&#8217;ultimo saluto ad Agordo, visse a Parech di Agordo, dedito alla famiglia ed al lavoro, presso la segheria che condusse per tanti anni.<\/em><\/h3>\n<p>di Santo e Ivan<\/p><\/blockquote>\n<p><strong><a class=\"dt-pswp-item\" href=\"http:\/\/www.radiopiu.net\/wordpress\/wp-content\/uploads\/2018\/12\/aldo-zasso-1.jpg\" data-dt-img-description=\"\" data-large_image_width=\"338\" data-large_image_height=\"371\"><img loading=\"lazy\" decoding=\"async\" class=\"wp-image-69240 alignleft\" src=\"http:\/\/www.radiopiu.net\/wordpress\/wp-content\/uploads\/2018\/12\/aldo-zasso-1-273x300.jpg\" alt=\"\" width=\"193\" height=\"212\" srcset=\"https:\/\/www.radiopiu.net\/wordpress\/wp-content\/uploads\/2018\/12\/aldo-zasso-1-273x300.jpg 273w, https:\/\/www.radiopiu.net\/wordpress\/wp-content\/uploads\/2018\/12\/aldo-zasso-1.jpg 338w\" sizes=\"auto, (max-width: 193px) 100vw, 193px\" \/><\/a>AGORDO\u00a0<\/strong>E\u2019 recentemente mancato Aldo Zasso (Pasa) l\u2019 ultimo reduce di Russia agordino, Classe 1922. Era partito da Gorizia nel settembre 1942 con il 9\u00b0 reggimento alpini della divisione Julia, Aldo ricopriva l\u2019 incarico di portaordini sciatore della 118a compagnia armi accompagnamento del glorioso battaglione Val Cismon (Div, alpina Julia), che tra gli altri reclutava moltissimi agordini. Dopo il periodo a presidio della riva del Don, Aldo fu trasferito con tutta la Julia a Seleny Jar, nell\u2019 intento di arginare la poderosa offensiva sovietica in mezzo alla steppa. Partecipo\u2019 in prima persona alle disperate azioni difensive del 9\u00b0 reggimento alpini contro le fanterie ed i furiosi attacchi delle Katiushe sovietiche. Qui, come moltissimi compagni, alla fine di dicembre 1942, riport\u00f2 un grave congelamento ai piedi. Venne in extremis inviato presso gli ospedali delle retrovie, da cui rientr\u00f2 in Italia dopo lunghe peripezie, e dove affront\u00f2 un lungo periodo ospedaliero. Richiamato nuovamente presso il reggimento, si trovo\u2019 coinvolto negli eventi legati ai fatti dell 8 settembre 1943. Da qui rientro\u2019 a Parech e concluse il suo servizio in qualita\u2019 di assistente dei Vigili del fuoco di Feltre, laddove non manco\u2019 di vedere la ferocia nazista, che senza esitazione bruciava interi villaggi.\u00a0 Persona dal carattere scherzoso e gioviale, si professo\u2019 da sempre fermo antimilitarista, schivo e riservato nel rammentare i fatti d\u2019 arme, alla stregua di tanti altri reduci che vissero la medesima tragedia. Riluttante a partecipare alle varie commemorazioni ed incontri tra reduci, negli ultimi anni aveva confidato la propria terribile esperienza in Russia a coloro che manifestavano interesse. Memorie toccanti, espresse con lucida dovizia di particolari, dove venivano ricordati i tanti compagni, anche agordini, rimasti per sempre nella steppa, sottolineando la tragedia causata da un evento a cui l\u2019esercito italiano non era assolutamente preparato. Ricordi drammatici, lucidi ma a volte conditi da innata ironia e arguzia, ultima testimonianza di una epopea lontana ma indimenticabile della nostra storia.\u00a0 \u00a0<em><strong>Ciao Aldo ! (S.D.D, I.T.)<\/strong><\/em><\/p>\n<p>&nbsp;<\/p>\n<p>&nbsp;<\/p>\n<p>&nbsp;<\/p>\n","protected":false},"excerpt":{"rendered":"<p>Ieri l&#8217;ultimo saluto ad Agordo, visse a Parech di Agordo, dedito alla famiglia ed al lavoro, presso la segheria che condusse per tanti anni. di Santo e Ivan AGORDO\u00a0E\u2019 recentemente mancato Aldo Zasso (Pasa) l\u2019 ultimo reduce di Russia agordino, Classe 1922. Era partito da Gorizia nel settembre 1942 con il 9\u00b0 reggimento alpini della&hellip;<\/p>\n","protected":false},"author":1,"featured_media":69240,"comment_status":"closed","ping_status":"closed","sticky":false,"template":"","format":"standard","meta":{"_monsterinsights_skip_tracking":false,"_monsterinsights_sitenote_active":false,"_monsterinsights_sitenote_note":"","_monsterinsights_sitenote_category":0,"footnotes":""},"categories":[49],"tags":[],"class_list":["post-69256","post","type-post","status-publish","format-standard","has-post-thumbnail","hentry","category-news-18","category-49","description-off"],"img_url":"https:\/\/www.radiopiu.net\/wordpress\/wp-content\/uploads\/2018\/12\/aldo-zasso-1.jpg","_links":{"self":[{"href":"https:\/\/www.radiopiu.net\/wordpress\/wp-json\/wp\/v2\/posts\/69256","targetHints":{"allow":["GET"]}}],"collection":[{"href":"https:\/\/www.radiopiu.net\/wordpress\/wp-json\/wp\/v2\/posts"}],"about":[{"href":"https:\/\/www.radiopiu.net\/wordpress\/wp-json\/wp\/v2\/types\/post"}],"author":[{"embeddable":true,"href":"https:\/\/www.radiopiu.net\/wordpress\/wp-json\/wp\/v2\/users\/1"}],"replies":[{"embeddable":true,"href":"https:\/\/www.radiopiu.net\/wordpress\/wp-json\/wp\/v2\/comments?post=69256"}],"version-history":[{"count":0,"href":"https:\/\/www.radiopiu.net\/wordpress\/wp-json\/wp\/v2\/posts\/69256\/revisions"}],"wp:featuredmedia":[{"embeddable":true,"href":"https:\/\/www.radiopiu.net\/wordpress\/wp-json\/wp\/v2\/media\/69240"}],"wp:attachment":[{"href":"https:\/\/www.radiopiu.net\/wordpress\/wp-json\/wp\/v2\/media?parent=69256"}],"wp:term":[{"taxonomy":"category","embeddable":true,"href":"https:\/\/www.radiopiu.net\/wordpress\/wp-json\/wp\/v2\/categories?post=69256"},{"taxonomy":"post_tag","embeddable":true,"href":"https:\/\/www.radiopiu.net\/wordpress\/wp-json\/wp\/v2\/tags?post=69256"}],"curies":[{"name":"wp","href":"https:\/\/api.w.org\/{rel}","templated":true}]}}