{"id":69262,"date":"2018-12-13T06:17:44","date_gmt":"2018-12-13T05:17:44","guid":{"rendered":"http:\/\/www.radiopiu.net\/wordpress\/?p=69262"},"modified":"2018-12-13T06:17:44","modified_gmt":"2018-12-13T05:17:44","slug":"asfaltature-approvato-un-piano-da-140-mila-euro-dedicato-alle-frazioni","status":"publish","type":"post","link":"https:\/\/www.radiopiu.net\/wordpress\/asfaltature-approvato-un-piano-da-140-mila-euro-dedicato-alle-frazioni\/","title":{"rendered":"ASFALTATURE, APPROVATO UN PIANO DA 140 MILA EURO DEDICATO ALLE FRAZIONI"},"content":{"rendered":"<h1><\/h1>\n<p><strong><a class=\"dt-pswp-item\" href=\"http:\/\/www.radiopiu.net\/wordpress\/wp-content\/uploads\/2018\/12\/IMG_20181211_090300-2.jpg\" data-dt-img-description=\"\" data-large_image_width=\"5312\" data-large_image_height=\"2988\"><img loading=\"lazy\" decoding=\"async\" class=\"size-medium wp-image-69224 alignleft\" src=\"http:\/\/www.radiopiu.net\/wordpress\/wp-content\/uploads\/2018\/12\/IMG_20181211_090300-2-300x169.jpg\" alt=\"\" width=\"300\" height=\"169\" srcset=\"https:\/\/www.radiopiu.net\/wordpress\/wp-content\/uploads\/2018\/12\/IMG_20181211_090300-2-300x169.jpg 300w, https:\/\/www.radiopiu.net\/wordpress\/wp-content\/uploads\/2018\/12\/IMG_20181211_090300-2-768x432.jpg 768w, https:\/\/www.radiopiu.net\/wordpress\/wp-content\/uploads\/2018\/12\/IMG_20181211_090300-2-1024x576.jpg 1024w\" sizes=\"auto, (max-width: 300px) 100vw, 300px\" \/><\/a>FELTRE\u00a0<\/strong> Nonostante le temperature oramai decisamente invernali, prosegue in questi giorni, per la sua ultima tranche relativa al 2018, il piano asfaltature del Comune di Feltre. Dopo via Molan e via Adda, \u00e8 la volta, proprio in questi giorni, di via Martiri della Libert\u00e0. Il 2019 sar\u00e0 per\u00f2 foriero di importanti novit\u00e0, sempre sul fronte asfaltature, anche per le frazioni feltrine. La Giunta Comunale ha infatti deliberato, nella sua riunione di luned\u00ec scorso, un piano di interventi di complessivi 140 mila euro dedicato esclusivamente ad alcune zone periferiche della citt\u00e0 e finanziato per 100 mila euro da un contributo a valere su un bando regionale per i restanti 40 mila mediante l&#8217;accensione di un mutuo presso la Cassa Depositi e Prestiti.<br \/>\n<strong>L&#8217;ASSESSORE ADIS ZATTA<\/strong><\/p>\n<audio class=\"wp-audio-shortcode\" id=\"audio-69262-1\" preload=\"none\" style=\"width: 100%;\" controls=\"controls\"><source type=\"audio\/mpeg\" src=\"http:\/\/www.radiopiu.net\/wordpress\/wp-content\/uploads\/2018\/12\/zatta-1.mp3?_=1\" \/><a href=\"http:\/\/www.radiopiu.net\/wordpress\/wp-content\/uploads\/2018\/12\/zatta-1.mp3\">http:\/\/www.radiopiu.net\/wordpress\/wp-content\/uploads\/2018\/12\/zatta-1.mp3<\/a><\/audio>\n<p>&nbsp;<\/p>\n<p>&nbsp;<\/p>\n","protected":false},"excerpt":{"rendered":"<p>FELTRE\u00a0 Nonostante le temperature oramai decisamente invernali, prosegue in questi giorni, per la sua ultima tranche relativa al 2018, il piano asfaltature del Comune di Feltre. Dopo via Molan e via Adda, \u00e8 la volta, proprio in questi giorni, di via Martiri della Libert\u00e0. Il 2019 sar\u00e0 per\u00f2 foriero di importanti novit\u00e0, sempre sul fronte&hellip;<\/p>\n","protected":false},"author":1,"featured_media":69191,"comment_status":"closed","ping_status":"closed","sticky":false,"template":"","format":"standard","meta":{"_monsterinsights_skip_tracking":false,"_monsterinsights_sitenote_active":false,"_monsterinsights_sitenote_note":"","_monsterinsights_sitenote_category":0,"footnotes":""},"categories":[49],"tags":[],"class_list":["post-69262","post","type-post","status-publish","format-standard","has-post-thumbnail","hentry","category-news-18","category-49","description-off"],"img_url":"https:\/\/www.radiopiu.net\/wordpress\/wp-content\/uploads\/2018\/12\/IMG_20181211_090300.jpg","_links":{"self":[{"href":"https:\/\/www.radiopiu.net\/wordpress\/wp-json\/wp\/v2\/posts\/69262","targetHints":{"allow":["GET"]}}],"collection":[{"href":"https:\/\/www.radiopiu.net\/wordpress\/wp-json\/wp\/v2\/posts"}],"about":[{"href":"https:\/\/www.radiopiu.net\/wordpress\/wp-json\/wp\/v2\/types\/post"}],"author":[{"embeddable":true,"href":"https:\/\/www.radiopiu.net\/wordpress\/wp-json\/wp\/v2\/users\/1"}],"replies":[{"embeddable":true,"href":"https:\/\/www.radiopiu.net\/wordpress\/wp-json\/wp\/v2\/comments?post=69262"}],"version-history":[{"count":0,"href":"https:\/\/www.radiopiu.net\/wordpress\/wp-json\/wp\/v2\/posts\/69262\/revisions"}],"wp:featuredmedia":[{"embeddable":true,"href":"https:\/\/www.radiopiu.net\/wordpress\/wp-json\/wp\/v2\/media\/69191"}],"wp:attachment":[{"href":"https:\/\/www.radiopiu.net\/wordpress\/wp-json\/wp\/v2\/media?parent=69262"}],"wp:term":[{"taxonomy":"category","embeddable":true,"href":"https:\/\/www.radiopiu.net\/wordpress\/wp-json\/wp\/v2\/categories?post=69262"},{"taxonomy":"post_tag","embeddable":true,"href":"https:\/\/www.radiopiu.net\/wordpress\/wp-json\/wp\/v2\/tags?post=69262"}],"curies":[{"name":"wp","href":"https:\/\/api.w.org\/{rel}","templated":true}]}}