{"id":69306,"date":"2018-12-14T06:10:30","date_gmt":"2018-12-14T05:10:30","guid":{"rendered":"http:\/\/www.radiopiu.net\/wordpress\/?p=69306"},"modified":"2018-12-14T09:45:20","modified_gmt":"2018-12-14T08:45:20","slug":"giornale-radiopiu-14-dicembre-2018-direttore-mirko-mezzacasa","status":"publish","type":"post","link":"https:\/\/www.radiopiu.net\/wordpress\/giornale-radiopiu-14-dicembre-2018-direttore-mirko-mezzacasa\/","title":{"rendered":"GIORNALE RADIOPIU 14 DICEMBRE 2018 DIRETTORE MIRKO MEZZACASA"},"content":{"rendered":"<p><strong>Il sindaco di Zoldo <\/strong>\u00a0De Pellegrin\u00a0 dopo il primo sequestro di un&#8217;auto con targa straniera, minaccia di consegnare la fascia di sindaco al Prefetto, ovvero chiudere il Municipio e riconsegnare le chiavi. Il primo cittadino (Corriere delle Alpi) contesta la legge entrata in vigore: una modifica del codice della strada proibisce di avere una macchina con targa straniera se si \u00e8 residenti in Italia. \u00abContro i furbetti\u00bb che non vogliono pagare qui bollo e tasse. Ma in realt\u00e0 sta colpendo in particolare i gelatieri, che lavorano all\u2019estero. <strong>La Cronaca<\/strong> Continua l&#8217;attivit\u00e0 di controllo e prevenzione della Polizia di Belluno che ritrovata l&#8217;auto rubata e denuncia un giovane per uso di sostanze stupefacenti. <strong>Ad Alleghe<\/strong> le ragazze dell&#8217;hockey presenteranno sabato 22 dicembre il nuovo calendario &#8220;sexy&#8221; quest&#8217;anno tra alberi caduti e torrenti esondati. <strong>Ad Agordo<\/strong> oggi il convegno all&#8217;Istituto Follador che con qualificati esperti mette a confronto le alluvioni del 1966 e del 2018, il polo di Agordo inoltre \u00a0sabato 15 dicembre ospita un evento di portata nazionale, il CuoreDojo, ideato dall\u2019incontro tra due associazioni, Dolomiti Concept Lab e FabLab Belluno.\u00a0 <strong>Lo sport<\/strong> evidenziamo il buon quarto posto della sappadina Lisa Vittozzi nella coppa del mondo di bliathlon. <strong>Oggi alle 14.30 ad Alleghe<\/strong> l&#8217;ultimo saluto a Luciano Piani scomparso mercoledi a 76 anni nella sua casa di Col Badiot, da tempo sofferente lascia la moglie Elsa e i figli Tiziano e Manuel. <strong>Cai di Agordo<\/strong> in festa, si chiudono domani alle 20.30 in sala Don Tamis i festeggiamenti per i 150 anni di storia. L\u2019appuntamento sar\u00e0 onorato dalla presenza del presidente regionale del Cai, Francesco Carrer, che nel pomeriggio si riunir\u00e0 proprio ad Agordo per trattare in particolare la situazione sentieri dopo il maltempo del 29 ottobre e martedi la presidente Anna Magro parler\u00e0 del Cai all&#8217;Universit\u00e0 anziani adulti sempre in sala Don Tamis.<strong> A Feltre<\/strong> investimento importante, 500 mila euro per il rifacimento di pista e pedane allo stadio Zugni Tauro, prevista la manutenzione dell&#8217;impianto e recupero degli spogliatoi. Per l&#8217;assessore Zatta individuata la miglior soluzione tecnologica. (mm)<\/p>\n<p>&nbsp;<\/p>\n<p>&nbsp;<\/p>\n<h1 style=\"text-align: left;\" align=\"CENTER\">ALLA VISTA DEGLI AGENTI CAMBIA STRADA: DEFERITO COME ASSUNTORE DI STUPEFACENTI.<\/h1>\n<p><strong><a class=\"dt-pswp-item\" href=\"http:\/\/www.radiopiu.net\/wordpress\/wp-content\/uploads\/2018\/10\/IMG_5363.jpeg\" data-dt-img-description=\"\" data-large_image_width=\"339\" data-large_image_height=\"245\"><img loading=\"lazy\" decoding=\"async\" class=\" wp-image-63764 alignleft\" src=\"http:\/\/www.radiopiu.net\/wordpress\/wp-content\/uploads\/2018\/10\/IMG_5363-300x217.jpeg\" alt=\"\" width=\"153\" height=\"111\" srcset=\"https:\/\/www.radiopiu.net\/wordpress\/wp-content\/uploads\/2018\/10\/IMG_5363-300x217.jpeg 300w, https:\/\/www.radiopiu.net\/wordpress\/wp-content\/uploads\/2018\/10\/IMG_5363.jpeg 339w\" sizes=\"auto, (max-width: 153px) 100vw, 153px\" \/><\/a>BELLUNO<\/strong> In zona Cusighe un giovane alla vista dei poliziotti cambia strada e gli agenti, durante i servizi predisposti per la prevenzione e la repressione del traffico di sostanze stupefacenti, non mancano di notarlo. Al controllo sbuca un involucro contenente un pezzetto di hashish di circa 1 grammo oltre a un flaconcino contenente una sostanza riconducibile ad ammoniaca e un cucchiaio con tracce di cocaina. Il ragazzo, feltrino 21enne, con a carico diverse segnalazioni alla Prefettura, \u00e8 stato accompagnato in Questura dove \u00e8 stato deferito ancora una volta in quanto assuntore di sostanze stupefacenti.<\/p>\n<p>&nbsp;<\/p>\n<p>&nbsp;<\/p>\n<p>&nbsp;<\/p>\n<p>&nbsp;<\/p>\n<h1 style=\"text-align: left;\" align=\"CENTER\">RITROVATA L&#8217;AUTO RUBATA AL PALASPORT<\/h1>\n<p><strong><a class=\"dt-pswp-item\" href=\"http:\/\/www.radiopiu.net\/wordpress\/wp-content\/uploads\/2018\/10\/Volante-Questura-2.jpg\" data-dt-img-description=\"\" data-large_image_width=\"200\" data-large_image_height=\"200\"><img loading=\"lazy\" decoding=\"async\" class=\" wp-image-63841 alignleft\" src=\"http:\/\/www.radiopiu.net\/wordpress\/wp-content\/uploads\/2018\/10\/Volante-Questura-2.jpg\" alt=\"\" width=\"144\" height=\"144\" srcset=\"https:\/\/www.radiopiu.net\/wordpress\/wp-content\/uploads\/2018\/10\/Volante-Questura-2.jpg 200w, https:\/\/www.radiopiu.net\/wordpress\/wp-content\/uploads\/2018\/10\/Volante-Questura-2-150x150.jpg 150w\" sizes=\"auto, (max-width: 144px) 100vw, 144px\" \/><\/a>BELLUNO<\/strong> L&#8217;auto rubata lo scorso 9 dicembre \u00e8 stata ritrovata da\u00a0 una pattuglia della Squadra Volanti. Il veicolo era parcheggiato in modo sospetto in via Mezzaterra e dopo i primi accertamenti la conferma, si trattava del furto denunciato pochi giorni fa.\u00a0 Gli agenti hanno provveduto a contattare immediatamente il proprietario del veicolo, che in breve tempo si \u00e8 presentato sul luogo del ritrovamento e ha confermato che l&#8217;auto era di sua propriet\u00e0.\u00a0 Il mezzo \u00e8 stato cos\u00ec restituito,\u00a0 l\u2019uomo, un bellunese del 47 ha potuto &#8220;riabbracciare&#8221; la sua Hyundai e ringraziare gli agenti per il lavoro svolto.<\/p>\n<p>&nbsp;<\/p>\n<p>&nbsp;<\/p>\n<p>&nbsp;<\/p>\n<p>&nbsp;<\/p>\n<h1 style=\"text-align: left;\" align=\"CENTER\">LA STRADA VERSO I RIPETITORI RADIO-TELEVISIVI SGOMBERATA DAI CASTELLANI<\/h1>\n<p style=\"text-align: left;\" align=\"CENTER\"><strong><a class=\"dt-pswp-item\" href=\"http:\/\/www.radiopiu.net\/wordpress\/wp-content\/uploads\/2018\/12\/lavori-associazione-I-Castelani-1-1.jpg\" data-dt-img-description=\"\" data-large_image_width=\"3264\" data-large_image_height=\"2448\"><img loading=\"lazy\" decoding=\"async\" class=\"alignnone wp-image-69309 size-full\" src=\"http:\/\/www.radiopiu.net\/wordpress\/wp-content\/uploads\/2018\/12\/lavori-associazione-I-Castelani-1-1.jpg\" alt=\"\" width=\"3264\" height=\"2448\" srcset=\"https:\/\/www.radiopiu.net\/wordpress\/wp-content\/uploads\/2018\/12\/lavori-associazione-I-Castelani-1-1.jpg 3264w, https:\/\/www.radiopiu.net\/wordpress\/wp-content\/uploads\/2018\/12\/lavori-associazione-I-Castelani-1-1-300x225.jpg 300w, https:\/\/www.radiopiu.net\/wordpress\/wp-content\/uploads\/2018\/12\/lavori-associazione-I-Castelani-1-1-768x576.jpg 768w, https:\/\/www.radiopiu.net\/wordpress\/wp-content\/uploads\/2018\/12\/lavori-associazione-I-Castelani-1-1-1024x768.jpg 1024w\" sizes=\"auto, (max-width: 3264px) 100vw, 3264px\" \/><\/a>di Gianni Santomaso<\/strong><\/p>\n<p style=\"text-align: left;\" align=\"CENTER\"><strong>TAIBON.<\/strong> Anche \u201cI Castelani&#8221; si sono dati da fare per sistemare il territorio nel post-alluvione. Assieme a un gruppo di amici e ai proprietari dei terreni coinvolti, l\u2019associazione di Taibon ha liberato dalle piante le strade silvo-pastorali della zona a monte delle frazioni di Soccol e Campedel. Subito dopo l&#8217;evento meteorologico, da sabato 3 a luned\u00ec 5 novembre, hanno iniziato con l&#8217;utilizzo di motoseghe e di due escavatori a sgomberare la via che porta a Lari\u00f3n dove c&#8217;\u00e8 un ripetitore di notevole importanza, non solo per le televisioni, ma soprattutto per la radio e la telefonia. Il gruppo si \u00e8 in seguito spostato nella strada che porta verso Fas\u00f3n, per raggiungere poi a piedi il ripetitore Enel che si trova nella zona delle Buse di Zedar\u00f2la, ultimando i lavori nella giornata di domenica 11 novembre e aprendo anche le strade laterali. Sono strade aperte anche le strade verso Carada e Fosse; la strada dei &#8220;Vanti&#8221; che, dalla centralina dopo Forno di Val, porta a Socc\u00f3l; la strada che da Tai\u00e8r sale verso Ser\u00e0ch. Con l&#8217;occasione, l&#8217;associazione &#8220;I Castelani&#8221; vuole ringraziare tutti i volontari e gli enti che, in qualsiasi modo, hanno collaborato e augura a tutti buone feste. (g.san.)<\/p>\n<h1 align=\"CENTER\"><\/h1>\n<p>&nbsp;<\/p>\n<p>&nbsp;<\/p>\n<p>&nbsp;<\/p>\n<h1 style=\"text-align: left;\" align=\"CENTER\">DAI RAGAZZI DEL FOLLADOR DI AGORDO: SABATO &#8220;SCUOLA APERTA&#8221;, LA ROBOTICA SBARCA AL POLO SCOLASTICO DI TAMONICH<\/h1>\n<p>&nbsp;<\/p>\n<p style=\"text-align: left;\" align=\"CENTER\"><strong><a class=\"dt-pswp-item\" href=\"http:\/\/www.radiopiu.net\/wordpress\/wp-content\/uploads\/2018\/12\/home_logo_retina.png\" data-dt-img-description=\"\" data-large_image_width=\"549\" data-large_image_height=\"120\"><img loading=\"lazy\" decoding=\"async\" class=\"size-medium wp-image-69330 alignleft\" src=\"http:\/\/www.radiopiu.net\/wordpress\/wp-content\/uploads\/2018\/12\/home_logo_retina-300x66.png\" alt=\"\" width=\"300\" height=\"66\" srcset=\"https:\/\/www.radiopiu.net\/wordpress\/wp-content\/uploads\/2018\/12\/home_logo_retina-300x66.png 300w, https:\/\/www.radiopiu.net\/wordpress\/wp-content\/uploads\/2018\/12\/home_logo_retina.png 549w\" sizes=\"auto, (max-width: 300px) 100vw, 300px\" \/><\/a>AGORDO<\/strong> I tempi cambiano, la tecnologia avanza e la scuola si rinnova. Cosi, anche il Follador di Agordo, storica scuola mineraria del Bellunese, si trova di fronte ad un momento storico importante, dove la tecnologia \u00e8 sempre pi\u00f9 presente e pressante, anche nel contesto scolastico e lavorativo, \u00e8 cosi che l\u2019istituto vanta di ospitare, sabato 15 dicembre, un evento di portata nazionale, il CuoreDojo. Evento ideato dall\u2019incontro tra due associazioni, Dolomiti Concept Lab e FabLab Belluno, che grazie ad una splendida collaborazione con l\u2019istituzione scolastica ha dato l\u2019avvio ad un iniziativa che oltre ad esser destinata ai ragazzi, per renderli partecipi ad una tecnologia non soltanto passiva, ma anche stimolante e preziosa, sar\u00e0 anche un modo per raccogliere fondi destinati alla riparazione dei danni causati dal mal tempo nella provincia. Importante dire che i ragazzi dell\u2019istituto non saranno solo spettatori di lezioni su robotica, industria 4.0, programmazione o grafica 3D, ma saranno anche protagonisti attivi dell\u2019evento, con un aula tematica dedicata a loro, che esporr\u00e0 il lavoro svolto da cinque ragazzi: Walther Da Campo, Simone Garavana, Lorenzo Viel, Edoardo Ben e Marco Candiani, che si sono distinti negli anni, con una grande capacita e passione per l\u2019informatica, e hanno lavorato per partecipare alle Olimpiadi Di Robotica, di cui hanno vinto il quarto posto nella fase nazionale lo scorso anno e quest\u2019anno ci riproveranno. Le prospettive future della scuola saranno volte all\u2019incoraggiamento di tali iniziative, a maggior ragione se portate avanti dai ragazzi stessi, sempre pi\u00f9 appassionati e attivi, e sar\u00e0 sempre pi\u00f9 incoraggiata la tecnologa, elemento trasversale e didattico, che se usato con consapevolezza non solo aiuta gli studenti ad una maggior formazione, ma aiuta anche gli insegnanti a svolgere meglio e pi\u00f9 approfonditamente il loro lavoro.<\/p>\n<h3 style=\"text-align: left;\" align=\"CENTER\"><em>link della pagina dedicata alla manifestazione.\u00a0<\/em><\/h3>\n<blockquote class=\"wp-embedded-content\" data-secret=\"e08Ygl5nnG\"><p><a href=\"http:\/\/www.concept-lab.it\/event\/15-coderdojo-agordino-2\/\">CuoreDojo in Veneto 2018<\/a><\/p><\/blockquote>\n<p><iframe loading=\"lazy\" class=\"wp-embedded-content\" sandbox=\"allow-scripts\" security=\"restricted\" style=\"position: absolute; clip: rect(1px, 1px, 1px, 1px);\" src=\"http:\/\/www.concept-lab.it\/event\/15-coderdojo-agordino-2\/embed\/#?secret=e08Ygl5nnG\" data-secret=\"e08Ygl5nnG\" width=\"600\" height=\"338\" title=\"&#8220;CuoreDojo in Veneto 2018&#8221; &#8212; DOLOMITI CONCEPT LAB\" frameborder=\"0\" marginwidth=\"0\" marginheight=\"0\" scrolling=\"no\"><\/iframe><\/p>\n<h1><\/h1>\n<h1><\/h1>\n<p>&nbsp;<\/p>\n<blockquote><p>&nbsp;<\/p><\/blockquote>\n<h1>METEO VENETO. REVOCATO LO STATO DI ATTENZIONE PER NEVE E GELATE<\/h1>\n<p><strong>VENEZIA\u00a0\u00a0<\/strong>In riferimento alla situazione meteorologica attesa sul territorio regionale, il Centro Funzionale Decentrato della Protezione Civile della Regione Veneto ha revocato lo Stato di Attenzione per neve e gelate emesso ieri con validit\u00e0 fino a sabato mattina. Il Meteo Veneto prevede, infatti, in pianura precipitazioni in genere deboli\/sparse, a tratti moderate, su zone montane e pianura occidentale, con probabilit\u00e0 bassa per locali debolissimi fenomeni. Qualche fiocco di neve sui colli, a tratti anche in pianura specie nella prima parte del pomeriggio, ma con eventuali accumuli di neve temporanei e di entit\u00e0 assai scarsa. Le Temperature massime sono previste in aumento.<\/p>\n<p>&nbsp;<\/p>\n<p>&nbsp;<\/p>\n<p>&nbsp;<\/p>\n<p>&nbsp;<\/p>\n<h1>LE SEXY HOCKEYSTE NELLA DEVASTAZIONE, GLI SCATTI PER UN ANNO A FAVORE DELL&#8217;ALLEGHE HOCKEY E DELLO STADIO FLAGELLATO DA PIOGGIA E VENTO<\/h1>\n<p><strong><a class=\"dt-pswp-item\" href=\"http:\/\/www.radiopiu.net\/wordpress\/wp-content\/uploads\/2018\/12\/3f612602-bb84-4ac6-b082-abd521b7e4df.jpg\" data-dt-img-description=\"\" data-large_image_width=\"977\" data-large_image_height=\"1495\"><img loading=\"lazy\" decoding=\"async\" class=\"wp-image-69320  alignleft\" src=\"http:\/\/www.radiopiu.net\/wordpress\/wp-content\/uploads\/2018\/12\/3f612602-bb84-4ac6-b082-abd521b7e4df-669x1024.jpg\" alt=\"\" width=\"513\" height=\"785\" srcset=\"https:\/\/www.radiopiu.net\/wordpress\/wp-content\/uploads\/2018\/12\/3f612602-bb84-4ac6-b082-abd521b7e4df-669x1024.jpg 669w, https:\/\/www.radiopiu.net\/wordpress\/wp-content\/uploads\/2018\/12\/3f612602-bb84-4ac6-b082-abd521b7e4df-196x300.jpg 196w, https:\/\/www.radiopiu.net\/wordpress\/wp-content\/uploads\/2018\/12\/3f612602-bb84-4ac6-b082-abd521b7e4df-768x1175.jpg 768w, https:\/\/www.radiopiu.net\/wordpress\/wp-content\/uploads\/2018\/12\/3f612602-bb84-4ac6-b082-abd521b7e4df.jpg 977w\" sizes=\"auto, (max-width: 513px) 100vw, 513px\" \/><\/a><\/strong><\/p>\n<p><strong>ALLEGHE<\/strong> Le ragazze dell&#8217;Alleghe Hockey a fine ottobre avevano concordato la missione: il primo novembre tutte in barca, sul lago di Alleghe rigorosamente in costume. Una bella impresa che avrebbe dovuto portare ad una serie di scatti da cui selezionare le 6-8 foto del calendario 2019, come un anno fa. Purtroppo si sa come sono andaTe le cose tra fine ottobre e il primo novembre: pioggia, vento e soprattutto impossibilit\u00e0 di poter salire in barca. Le ragazze dell&#8217;allenatore Cristian Schivo non si sono perse d&#8217;animo, si sono confrontate con il fotografo di sempre, Andrea Pattaro e hanno deciso di posare sui luoghi devastati dell&#8217;Agordino, in riva al lago di Alleghe riempito di ghiaia dal torrente Zunaia, piuttosto che sedute su un albero raso al suolo o abbracciate ai tronchi semi spogli, altro simbolo dell&#8217;uragano Vaia. Ancora pochi giorni e poi pi\u00f9 di 800 persone (i calendari venduti lo scorso anno in tutta Italia),\u00a0 inizieranno a sfogliare ed appendere il conta giorni delle hockeyste dell\u2019Alleghe girl, sar\u00e0 presentato e messo in vendita sabato 22 dicembre allo stadio del ghiaccio Alvise De Toni, tra il primo e il secondo tempo della partita di hockey IHL.\u00a0 Il calendario delle sexy hockeyste lo scorso anno ottenne risultati importanti attirando anche l&#8217;attenzione dei media nazionali grazie alle foto di Andrea Pattaro, un anno fa allo stadio del ghiaccio di Alleghe tra il freddo del ghiaccio e il caldo dei corpi di splendide ragazze, non solo brave atlete.\u00a0\u00a0Parte del ricavato della vendita del lunario sar\u00e0 destinato all&#8217;Alleghe Hockey e in particolare per contribuire in seguito ai gravi danni causati dall&#8217;alluvione<\/p>\n<p>&nbsp;<\/p>\n<p>&nbsp;<\/p>\n<p>&nbsp;<\/p>\n<h1>NEVEGAL CANNONI IN POSIZIONE, OBIETTIVO SCIARE A NATALE<\/h1>\n<p><strong>DI DAMIANO TORMEN<\/strong><\/p>\n<audio class=\"wp-audio-shortcode\" id=\"audio-69306-1\" preload=\"none\" style=\"width: 100%;\" controls=\"controls\"><source type=\"audio\/ogg\" src=\"http:\/\/www.radiopiu.net\/wordpress\/wp-content\/uploads\/2018\/12\/DAMIANO1.ogg?_=1\" \/><a href=\"http:\/\/www.radiopiu.net\/wordpress\/wp-content\/uploads\/2018\/12\/DAMIANO1.ogg\">http:\/\/www.radiopiu.net\/wordpress\/wp-content\/uploads\/2018\/12\/DAMIANO1.ogg<\/a><\/audio>\n<p>&nbsp;<\/p>\n<p>&nbsp;<\/p>\n<p>&nbsp;<\/p>\n<p>&nbsp;<\/p>\n<h1>DANNI MALTEMPO. TUTTI I PROVENTI DELL\u2019SMS SOLIDALE ANDRANNO A UN PROGETTO DEL VENETO.<\/h1>\n<p><strong><a class=\"dt-pswp-item\" href=\"http:\/\/www.radiopiu.net\/wordpress\/wp-content\/uploads\/2017\/06\/maltempo-Alpago2.jpg\" data-dt-img-description=\"\" data-large_image_width=\"4608\" data-large_image_height=\"3456\"><img loading=\"lazy\" decoding=\"async\" class=\" wp-image-33004 alignleft\" src=\"http:\/\/www.radiopiu.net\/wordpress\/wp-content\/uploads\/2017\/06\/maltempo-Alpago2-300x225.jpg\" alt=\"\" width=\"227\" height=\"170\" \/><\/a>VENEZIA\u00a0\u00a0<\/strong>\u201cUna decisione razionale, e allo stesso tempo generosa, che le genti venete colpite dall\u2019immane disastro non dimenticheranno. La mia gratitudine \u00e8 anche la loro\u201d. Con queste parole, il Presidente della Regione Veneto, Luca Zaia, commenta la scelta, ufficializzata dal Capo della Protezione Civile Nazionale Angelo Borrelli con l\u2019assenso delle altre Regioni interessate, di destinare alla realizzazione di un progetto nel Veneto l\u2019intera somma, circa 740 mila euro, raccolta dall\u2019sms solidale attivato all\u2019indomani dell\u2019ondata di maltempo che, a fine ottobre, colp\u00ec il Veneto e altre aree del Paese. \u201dRingrazio il dottor Borrelli \u2013 prosegue Zaia \u2013 per questo grande segnale di attenzione al Veneto e per la vicinanza e la professionalit\u00e0 con la quale tutta la Protezione Civile si \u00e8 prodigata in quei giorni drammatici, cos\u00ec come la nostra gratitudine va a tutte le Regioni che, hanno scelto di dimostrarci anche in questo modo la loro solidariet\u00e0. Spero non in occasione di altre tragedie \u2013 conclude Zaia \u2013 ma sapremo ricambiare con lo stesso slancio con cui oggi riceviamo\u201d. La decisione formalizzata oggi dal Dipartimento della Protezione Civile, prevede che la Regione Veneto possa presentare fino a tre proposte progettuali da sottoporre al costituendo Comitato dei Garanti, cui spetter\u00e0 il compito di selezionare l\u2019iniziativa pi\u00f9 idonea.<\/p>\n<p>&nbsp;<\/p>\n<p>&nbsp;<\/p>\n<p>&nbsp;<\/p>\n<h1>BORGO VALBELLUNA, PER\u00a0 DE MENECH E&#8217; GIA&#8217; LA TERZA CITTA&#8217; IN PROVINCIA<\/h1>\n<p><strong><a class=\"dt-pswp-item\" href=\"http:\/\/www.radiopiu.net\/wordpress\/wp-content\/uploads\/2018\/07\/ROGER.jpg\" data-dt-img-description=\"\" data-large_image_width=\"193\" data-large_image_height=\"261\"><img loading=\"lazy\" decoding=\"async\" class=\" wp-image-53882 alignleft\" src=\"http:\/\/www.radiopiu.net\/wordpress\/wp-content\/uploads\/2018\/07\/ROGER.jpg\" alt=\"\" width=\"92\" height=\"124\" \/><\/a>ROMA\u00a0<\/strong>\u00a0 Il referendum in programma domenica per unire Trichiana, Mel e Lentiai nel nuovo comune di Borgo Valbelluna potrebbe dar vita alla terza citt\u00e0 della provincia di Belluno. \u00ab\u00c8 un fatto di portata enorme per la nostra comunit\u00e0\u00bb, afferma il deputato bellunese Roger De Menech. \u00abI tempi dell\u2019operazione sono ormai maturi e sono stati colti con tempestivit\u00e0 dagli amministratori e dai promotori del referendum&#8221;.<\/p>\n<p>&nbsp;<\/p>\n<p><strong>ROGER DE MENECH<\/strong><\/p>\n<audio class=\"wp-audio-shortcode\" id=\"audio-69306-2\" preload=\"none\" style=\"width: 100%;\" controls=\"controls\"><source type=\"audio\/mpeg\" src=\"http:\/\/www.radiopiu.net\/wordpress\/wp-content\/uploads\/2018\/12\/roer.mp3?_=2\" \/><a href=\"http:\/\/www.radiopiu.net\/wordpress\/wp-content\/uploads\/2018\/12\/roer.mp3\">http:\/\/www.radiopiu.net\/wordpress\/wp-content\/uploads\/2018\/12\/roer.mp3<\/a><\/audio>\n<p>&nbsp;<\/p>\n<p>&nbsp;<\/p>\n<p>&nbsp;<\/p>\n<p>&nbsp;<\/p>\n<h1>LA FUSIONE, PER D&#8217;INCA&#8217; MOMENTO STORICO PER UN NUOVO FUTURO DEL TERRITORIO<\/h1>\n<p><strong><a class=\"dt-pswp-item\" href=\"http:\/\/www.radiopiu.net\/wordpress\/wp-content\/uploads\/2017\/09\/DInc\u00e0-Grisol.jpg\" data-dt-img-description=\"\" data-large_image_width=\"1280\" data-large_image_height=\"960\"><img loading=\"lazy\" decoding=\"async\" class=\" wp-image-36473 alignleft\" src=\"http:\/\/www.radiopiu.net\/wordpress\/wp-content\/uploads\/2017\/09\/DInc\u00e0-Grisol-300x225.jpg\" alt=\"\" width=\"164\" height=\"123\" \/><\/a>ROMA\u00a0\u00a0<\/strong>Federico D\u2019Inc\u00e0, deputato Questore alla Camera dei deputati, si esprime a favore della fusione dei Comuni di Lentiai, Mel e Trichiana e invita la cittadinanza al voto di domenica. \u201cQuesto \u00e8 un momento storico per il territorio \u2013 dichiara D\u2019Inc\u00e0 \u2013 Domenica possiamo decidere di ampliare le nostre prospettive cogliendo i vantaggi enormi della fusione dei comuni di Lentiai, Mel e Trichiana andando a costituire Borgo Valbelluna. Ma anche per tutti gli altri comuni che stanno progettando una fusione e che chiameranno fra pochi giorni i cittadini a decidere del proprio futuro\u201d. Il deputato sottolinea come la fusione metter\u00e0 in rete risorse umane, finanziarie e strumentali, e permetter\u00e0 di avere economie di scala risparmiando milioni di euro: inoltre per i cittadini non cambier\u00e0 niente dal punto di vista dei servizi, che anzi andranno verso una maggiore digitalizzazione grazie anche al lavoro su questo tema che D\u2019Inc\u00e0 sta portando avanti in Parlamento.<\/p>\n<p><strong>FEDERICO D&#8217;INCA&#8217;<\/strong><\/p>\n<audio class=\"wp-audio-shortcode\" id=\"audio-69306-3\" preload=\"none\" style=\"width: 100%;\" controls=\"controls\"><source type=\"audio\/ogg\" src=\"http:\/\/www.radiopiu.net\/wordpress\/wp-content\/uploads\/2018\/12\/inca.ogg?_=3\" \/><a href=\"http:\/\/www.radiopiu.net\/wordpress\/wp-content\/uploads\/2018\/12\/inca.ogg\">http:\/\/www.radiopiu.net\/wordpress\/wp-content\/uploads\/2018\/12\/inca.ogg<\/a><\/audio>\n<h1 align=\"CENTER\"><\/h1>\n<p>&nbsp;<\/p>\n<p>&nbsp;<\/p>\n<p>&nbsp;<\/p>\n<h1 style=\"text-align: left;\" align=\"CENTER\">PLAUDIAMO ALL&#8217;IMMONDIZIA MODELLO FELTRE<\/h1>\n<blockquote>\n<h3><em>il punto con Franco De Bortoli, capogruppo Feltre Civica<\/em><\/h3>\n<\/blockquote>\n<p><strong><a class=\"dt-pswp-item\" href=\"http:\/\/www.radiopiu.net\/wordpress\/wp-content\/uploads\/2018\/12\/IMG_20180910_122324-300x171.jpg\" data-dt-img-description=\"\" data-large_image_width=\"300\" data-large_image_height=\"171\"><img loading=\"lazy\" decoding=\"async\" class=\" wp-image-69333 alignleft\" src=\"http:\/\/www.radiopiu.net\/wordpress\/wp-content\/uploads\/2018\/12\/IMG_20180910_122324-300x171-300x171.jpg\" alt=\"\" width=\"209\" height=\"119\" \/><\/a>FELTRE<\/strong> Sono di questi giorni le dichiarazioni sulla stampa dell\u2019assessore Adis Zatta riguardo ai nuovi cassonetti \u201cingegnierizzati\u201d &#8211; ovvero apribili solo con apposita chiavetta o card &#8211; per la raccolta differenziata della plastica e della carta.<em>\u00a0 &#8220;Ed il nostro ultra-tecnologico assessore arriva ad ipotizzare un futuro in cui potranno essere aperti anche con il cellulare- dice Franco De Bortoli &#8211; Vale la pena ricordare che prima tali cassonetti erano aperti, quindi di facile e immediato uso soprattutto quando si conferivano grandi quantit\u00e0 di rifiuto: \u00e8 normale infatti per quanto riguarda plastica e carta attendere di averne una certa quantit\u00e0 prima di conferirla nei cassonetti. A dispetto di quanto afferma l\u2019assessore con il nuovo sistema conferire grandi quantit\u00e0 di materiale si rivela una non sempre facile impresa stante il fatto che occorre fare costante pressione con il piede sull\u2019apposita pedaliera per mantenere aperto il cassonetto. Forse l\u2019assessore ha fatto le sue dichiarazioni senza sentire l\u2019opinione di tanti utenti, sopratutto gli anziani, che si trovano in difficolt\u00e0 col nuovo sistema. Risulta addirittura che qualcuno avvilito per non riuscire ad aprire il cassonetto si sia riportato a casa i rifiuti&#8221;.\u00a0 &#8220;Il pretesto dichiarato per adottare i nuovi cassonetti, che fra l\u2019altro sono costati oltre 200.000 euro- continua il consigliere di opposizione &#8211; , era quello di avere un rifiuto migliore per poter spuntare un prezzo maggiore alla vendita ed impedire, nel contempo, che conferisse anche chi non \u00e8 residente nel comune. Vale la pena allora chiedersi se di questi tempi era proprio necessario tale investimento dato che comunque vendere il rifiuto diventa sempre pi\u00f9 complicato e meno remunerativo, complice la chiusura del mercato cinese all\u2019importazione di rifiuto plastico e cartaceo. Non a caso l\u2019amministrazione nel bilancio preventivo del 2019 ha deciso di passare la spesa per la nettezza urbana da 1.850.000 a 1.950.000 euro, importo che andr\u00e0 a gravare per intero sul contribuente. Se poi confrontiamo l\u2019investimento fatto sui cassonetti con i miseri 140.000 euro di spesa che l\u2019assessore Zatta impegna per sistemare l\u2019asfalto della sinistrata rete viaria comunale comprendiamo quali sono le priorit\u00e0 di questa amministrazione&#8221;.<\/em><\/p>\n<p>&nbsp;<\/p>\n<p>&nbsp;<\/p>\n<p>&nbsp;<\/p>\n<p>&nbsp;<\/p>\n<h1>OLIMPIADI 2026, VENETO E LOMBARDIA REGIONI TRAINANTI PER IL GRANDE EVENTO<\/h1>\n<p><a class=\"dt-pswp-item\" href=\"http:\/\/www.radiopiu.net\/wordpress\/wp-content\/uploads\/2018\/03\/main_olimpiadi.jpg\" data-dt-img-description=\"\" data-large_image_width=\"702\" data-large_image_height=\"360\"><img loading=\"lazy\" decoding=\"async\" class=\"size-medium wp-image-44725 alignleft\" src=\"http:\/\/www.radiopiu.net\/wordpress\/wp-content\/uploads\/2018\/03\/main_olimpiadi-300x154.jpg\" alt=\"\" width=\"300\" height=\"154\" \/><\/a><\/p>\n<p>Veneto e Lombardia saranno le regioni trainanti per le Olimpiadi del 2026, assumendosi e garantendo direttamente i costi diretti. Questo \u00e8 quanto emerso dal vertice di ieri a Palazzo Chigi, tra il sottosegretario Giorgietti, il Coni, il sindaco di Milano e le regioni. I costi dovranno essere coperti da obbligazioni certe da parte delle regioni e vi sar\u00e0 un dossier che sar\u00e0 presentato nelle prossime settimane. Sui costi indiretti ci sar\u00e0 un intervento da parte dello Stato che saranno coperti dai ricavi dell\u2019evento.<\/p>\n<p><strong>IL DEPUTATO, DARIO BOND<\/strong><\/p>\n<audio class=\"wp-audio-shortcode\" id=\"audio-69306-4\" preload=\"none\" style=\"width: 100%;\" controls=\"controls\"><source type=\"audio\/ogg\" src=\"http:\/\/www.radiopiu.net\/wordpress\/wp-content\/uploads\/2018\/12\/BOND-OLIMPIADI.ogg?_=4\" \/><a href=\"http:\/\/www.radiopiu.net\/wordpress\/wp-content\/uploads\/2018\/12\/BOND-OLIMPIADI.ogg\">http:\/\/www.radiopiu.net\/wordpress\/wp-content\/uploads\/2018\/12\/BOND-OLIMPIADI.ogg<\/a><\/audio>\n<p>&nbsp;<\/p>\n<p>&nbsp;<\/p>\n<p>&nbsp;<\/p>\n<p>&nbsp;<\/p>\n<p>&nbsp;<\/p>\n<h1>DL FISCALE \u201cAPPROVATO ODG PER POSPORRE AVVIO FATTURAZIONE ELETTRONICA A PICCOLI ARTIGIANI E COMMERCIANTI\u201d<\/h1>\n<p><a class=\"dt-pswp-item\" href=\"http:\/\/www.radiopiu.net\/wordpress\/wp-content\/uploads\/2018\/12\/is-7.jpg\" data-dt-img-description=\"\" data-large_image_width=\"341\" data-large_image_height=\"202\"><img loading=\"lazy\" decoding=\"async\" class=\" wp-image-69334 alignleft\" src=\"http:\/\/www.radiopiu.net\/wordpress\/wp-content\/uploads\/2018\/12\/is-7-300x178.jpg\" alt=\"\" width=\"200\" height=\"119\" srcset=\"https:\/\/www.radiopiu.net\/wordpress\/wp-content\/uploads\/2018\/12\/is-7-300x178.jpg 300w, https:\/\/www.radiopiu.net\/wordpress\/wp-content\/uploads\/2018\/12\/is-7.jpg 341w\" sizes=\"auto, (max-width: 200px) 100vw, 200px\" \/><\/a>\u201cLa maggioranza ha approvato un ordine del giorno a mia firma con il quale impegno il governo a posporre l\u2019avvio della fatturazione elettronica, ai piccoli esercizi commerciali e artigianali, individuando il prima possibile misure idonee perch\u00e9 l\u2019avvio di questa modalit\u00e0 non comporti oneri alle suddette imprese\u201d.<\/p>\n<p><strong>LO ANNUNCIA IN UNA NOTA IL DEPUTATO DARIO BOND\u00a0<\/strong><\/p>\n<audio class=\"wp-audio-shortcode\" id=\"audio-69306-5\" preload=\"none\" style=\"width: 100%;\" controls=\"controls\"><source type=\"audio\/ogg\" src=\"http:\/\/www.radiopiu.net\/wordpress\/wp-content\/uploads\/2018\/12\/BOND-DL.ogg?_=5\" \/><a href=\"http:\/\/www.radiopiu.net\/wordpress\/wp-content\/uploads\/2018\/12\/BOND-DL.ogg\">http:\/\/www.radiopiu.net\/wordpress\/wp-content\/uploads\/2018\/12\/BOND-DL.ogg<\/a><\/audio>\n<h1>FATTURA ELETTRONICA; CITTADINI OBBLIGATI A EMETTERLA MA STATO PUO\u2019 RIFIUTARLA. E\u2019 SPUTO A DEMOCRAZIA<\/h1>\n<blockquote><p><em>il 15 bis, con il quale, per di pi\u00f9, si prevede che mentre i privati devono adeguarsi all&#8217;obbligo, la Pubblica amministrazione pu\u00f2 arbitrariamente sottrarsi dal ricevere le fatture elettroniche.<\/em><\/p><\/blockquote>\n<p><strong>ANCORA DARIO BOND<\/strong><\/p>\n<audio class=\"wp-audio-shortcode\" id=\"audio-69306-6\" preload=\"none\" style=\"width: 100%;\" controls=\"controls\"><source type=\"audio\/ogg\" src=\"http:\/\/www.radiopiu.net\/wordpress\/wp-content\/uploads\/2018\/12\/BOND-CHICCA.ogg?_=6\" \/><a href=\"http:\/\/www.radiopiu.net\/wordpress\/wp-content\/uploads\/2018\/12\/BOND-CHICCA.ogg\">http:\/\/www.radiopiu.net\/wordpress\/wp-content\/uploads\/2018\/12\/BOND-CHICCA.ogg<\/a><\/audio>\n<p>&nbsp;<\/p>\n<p>&nbsp;<\/p>\n<p>&nbsp;<\/p>\n<p>&nbsp;<\/p>\n<p>&nbsp;<\/p>\n<h1>LEGGE SUL BIOLOGICO &#8211; NOSTRE PROPOSTE HANNO MIGLIORATO IL TESTO.<\/h1>\n<p><a class=\"dt-pswp-item\" href=\"http:\/\/www.radiopiu.net\/wordpress\/wp-content\/uploads\/2018\/03\/DE-CARLO.jpg\" data-dt-img-description=\"\" data-large_image_width=\"203\" data-large_image_height=\"248\"><img loading=\"lazy\" decoding=\"async\" class=\" wp-image-44920 alignleft\" src=\"http:\/\/www.radiopiu.net\/wordpress\/wp-content\/uploads\/2018\/03\/DE-CARLO.jpg\" alt=\"\" width=\"145\" height=\"177\" \/><\/a>Approvata alla Camera la legge che disciplina l&#8217;agricoltura biologica.\u00a0 &#8220;E&#8217; Una buona legge che abbiamo contribuito a migliorare sia in commissione che in aula presentando due emendamenti. Uno a favore delle produzioni tipiche italiane e locali e l&#8217;altro che prevede incentivi per l&#8217;insediamento di nuove aziende nelle aree rurali montane&#8221;.\u009d Questo il commento del Segretario della Commissione Agricoltura, <strong>Luca De Carlo che abbiamo sentito ai microfoni di RADIO PIU.<\/strong><\/p>\n<audio class=\"wp-audio-shortcode\" id=\"audio-69306-7\" preload=\"none\" style=\"width: 100%;\" controls=\"controls\"><source type=\"audio\/ogg\" src=\"http:\/\/www.radiopiu.net\/wordpress\/wp-content\/uploads\/2018\/12\/LUCA-DE-CARLO.ogg?_=7\" \/><a href=\"http:\/\/www.radiopiu.net\/wordpress\/wp-content\/uploads\/2018\/12\/LUCA-DE-CARLO.ogg\">http:\/\/www.radiopiu.net\/wordpress\/wp-content\/uploads\/2018\/12\/LUCA-DE-CARLO.ogg<\/a><\/audio>\n<p>&nbsp;<\/p>\n<p>&nbsp;<\/p>\n<p>&nbsp;<\/p>\n<h1>CONTRATTAZIONE SOCIALE ED EFFETTI DEL MALTEMPO<\/h1>\n<blockquote><p><em>Misure speciali per i territori colpiti e supporto psicologico per gli anziani<\/em><\/p><\/blockquote>\n<p><strong>DI DAMIANO TORMEN<\/strong><\/p>\n<audio class=\"wp-audio-shortcode\" id=\"audio-69306-8\" preload=\"none\" style=\"width: 100%;\" controls=\"controls\"><source type=\"audio\/ogg\" src=\"http:\/\/www.radiopiu.net\/wordpress\/wp-content\/uploads\/2018\/12\/DAMIANO1.ogg?_=8\" \/><a href=\"http:\/\/www.radiopiu.net\/wordpress\/wp-content\/uploads\/2018\/12\/DAMIANO1.ogg\">http:\/\/www.radiopiu.net\/wordpress\/wp-content\/uploads\/2018\/12\/DAMIANO1.ogg<\/a><\/audio>\n<h1><\/h1>\n<p>&nbsp;<\/p>\n<p>&nbsp;<\/p>\n<p>&nbsp;<\/p>\n<h1>MERCOLEDI FILT-FILLEA CGIL AD ALLEGHE<\/h1>\n<blockquote>\n<h3><em><a class=\"dt-pswp-item\" href=\"http:\/\/www.radiopiu.net\/wordpress\/wp-content\/uploads\/2018\/12\/WhatsApp-Image-2018-12-13-at-19.14.24.jpeg\" data-dt-img-description=\"\" data-large_image_width=\"799\" data-large_image_height=\"1599\"><img loading=\"lazy\" decoding=\"async\" class=\" wp-image-69340 alignleft\" src=\"http:\/\/www.radiopiu.net\/wordpress\/wp-content\/uploads\/2018\/12\/WhatsApp-Image-2018-12-13-at-19.14.24-150x300.jpeg\" alt=\"\" width=\"102\" height=\"204\" srcset=\"https:\/\/www.radiopiu.net\/wordpress\/wp-content\/uploads\/2018\/12\/WhatsApp-Image-2018-12-13-at-19.14.24-150x300.jpeg 150w, https:\/\/www.radiopiu.net\/wordpress\/wp-content\/uploads\/2018\/12\/WhatsApp-Image-2018-12-13-at-19.14.24-768x1537.jpeg 768w, https:\/\/www.radiopiu.net\/wordpress\/wp-content\/uploads\/2018\/12\/WhatsApp-Image-2018-12-13-at-19.14.24-512x1024.jpeg 512w, https:\/\/www.radiopiu.net\/wordpress\/wp-content\/uploads\/2018\/12\/WhatsApp-Image-2018-12-13-at-19.14.24.jpeg 799w\" sizes=\"auto, (max-width: 102px) 100vw, 102px\" \/><\/a><\/em><\/h3>\n<h3><\/h3>\n<h3><\/h3>\n<h3><\/h3>\n<h3><\/h3>\n<h3><em>Incontro dibattito promosso dal sindacato, sull&#8217;alluvione<\/em><\/h3>\n<\/blockquote>\n<audio class=\"wp-audio-shortcode\" id=\"audio-69306-9\" preload=\"none\" style=\"width: 100%;\" controls=\"controls\"><source type=\"audio\/mpeg\" src=\"http:\/\/www.radiopiu.net\/wordpress\/wp-content\/uploads\/2018\/12\/ROBERTO.mp3?_=9\" \/><a href=\"http:\/\/www.radiopiu.net\/wordpress\/wp-content\/uploads\/2018\/12\/ROBERTO.mp3\">http:\/\/www.radiopiu.net\/wordpress\/wp-content\/uploads\/2018\/12\/ROBERTO.mp3<\/a><\/audio>\n<p>&nbsp;<\/p>\n<p>&nbsp;<\/p>\n<p>&nbsp;<\/p>\n<p>&nbsp;<\/p>\n<h1>BARBINI PLAUDE ALLA SOPPRESSIONI DEL SISTRI<\/h1>\n<blockquote>\n<h3><em>&#8220;ora un sistema pi\u00f9 veloce chiaro ed economico&#8221;<\/em><\/h3>\n<\/blockquote>\n<p><strong><a class=\"dt-pswp-item\" href=\"http:\/\/www.radiopiu.net\/wordpress\/wp-content\/uploads\/2018\/03\/barbini-luca.jpg\" data-dt-img-description=\"\" data-large_image_width=\"1000\" data-large_image_height=\"1000\"><img loading=\"lazy\" decoding=\"async\" class=\" wp-image-44290 alignleft\" src=\"http:\/\/www.radiopiu.net\/wordpress\/wp-content\/uploads\/2018\/03\/barbini-luca-300x300.jpg\" alt=\"\" width=\"163\" height=\"163\" srcset=\"https:\/\/www.radiopiu.net\/wordpress\/wp-content\/uploads\/2018\/03\/barbini-luca-300x300.jpg 300w, https:\/\/www.radiopiu.net\/wordpress\/wp-content\/uploads\/2018\/03\/barbini-luca-150x150.jpg 150w, https:\/\/www.radiopiu.net\/wordpress\/wp-content\/uploads\/2018\/03\/barbini-luca-768x768.jpg 768w, https:\/\/www.radiopiu.net\/wordpress\/wp-content\/uploads\/2018\/03\/barbini-luca.jpg 1000w\" sizes=\"auto, (max-width: 163px) 100vw, 163px\" \/><\/a>BELLUNO\u00a0<\/strong>\u00a0\u00abLa soppressione del sistema Sistri \u00e8 un passo importante da parte del Governo, che ha raccolto il forte malcontento delle imprese.\u00a0 Si mette cos\u00ec fine ad una vergognosa situazione cha ha visto le imprese pagare in otto anni decine di migliaia di euro per un servizio di fatto mai reso e soprattutto mai operativo\u00bb. Il presidente di Confindustria Belluno Dolomiti Luca Barbini accoglie con favore la notizia dell\u2019abrogazione del Sistema Sistri che era nato per informatizzare la tracciabilit\u00e0 dei rifiuti speciali e per mettere ordine a un sistema di rilevazione dei dati con l\u2019utilizzo di sistemi elettronici. \u00abIl Sistri aveva lo scopo, assolutamente condivisibile e anzi necessario, di tracciare l\u2019intero sistema di rifiuti speciali,\u00a0 ma non \u00e8 mai stato operativo.\u00a0 \u2013 spiega Barbini \u2013 In questi otto anni le imprese aderenti, quelle con pi\u00f9 di 10 addetti, hanno dovuto pagare iscrizioni, adeguamenti tecnologici, aggiornamenti per i mezzi e per il personale. Dal 2010 abbiamo assistito a un pasticcio normativo fatto di norme, sanzioni, poi sospese, poi riattivate. Insieme a tutte le associazioni industriali del Veneto ci siamo da subito opposti a questo sistema inutile e macchinoso e quindi ora non possiamo che apprezzare la decisione del Ministro dell\u2019Ambiente\u00bb. \u00abOra siamo disponibili a collaborare \u2013conclude Barbini &#8211; per trovare la giusta procedura di digitalizzazione dell&#8217;intera tracciabilit\u00e0 dei rifiuti e dare finalmente una seria, concreta, facile e condivisa applicazione alle norme in materia, in un\u2019ottica di semplificazione e auspicando che il futuro sistema sia chiaro e soprattutto economico\u00bb.<\/p>\n<p>&nbsp;<\/p>\n<p>&nbsp;<\/p>\n<p>&nbsp;<\/p>\n<p>&nbsp;<\/p>\n<h1>500 MILA EURO PER LO STADIO ZUGNI TAURO, RIFACIMENTO DELLA PISTA E PEDANE DI ATLETICA<\/h1>\n<p><strong><a class=\"dt-pswp-item\" href=\"http:\/\/www.radiopiu.net\/wordpress\/wp-content\/uploads\/2018\/12\/IMG_20181213_093954.jpg\" data-dt-img-description=\"\" data-large_image_width=\"5312\" data-large_image_height=\"2988\"><img loading=\"lazy\" decoding=\"async\" class=\" wp-image-69328 alignleft\" src=\"http:\/\/www.radiopiu.net\/wordpress\/wp-content\/uploads\/2018\/12\/IMG_20181213_093954-300x169.jpg\" alt=\"\" width=\"252\" height=\"142\" srcset=\"https:\/\/www.radiopiu.net\/wordpress\/wp-content\/uploads\/2018\/12\/IMG_20181213_093954-300x169.jpg 300w, https:\/\/www.radiopiu.net\/wordpress\/wp-content\/uploads\/2018\/12\/IMG_20181213_093954-768x432.jpg 768w, https:\/\/www.radiopiu.net\/wordpress\/wp-content\/uploads\/2018\/12\/IMG_20181213_093954-1024x576.jpg 1024w\" sizes=\"auto, (max-width: 252px) 100vw, 252px\" \/><\/a>FELTRE\u00a0\u00a0<\/strong>Pista dello \u201cZugni Tauro\u201d&#8230;in dirittura d&#8217;arrivo. La giunta comunale ha infatti approvato in questi giorni il progetto definitivo\/esecutivo redatto dallo studio associato As + di Vicenza, che riguarder\u00e0, in primis, proprio la pista e le pedane per l&#8217;atletica leggera, ma anche alcuni interventi di manutenzione sulla tribuna e su altre strutture accessorie. La decisione arriva a oltre 20 anni dall&#8217;ultimo corposo intervento sullo stadio. Il tempo e l&#8217;usura intensa dell&#8217;impianto hanno portato ad un degrado del materiale di cui sono costituite le piste e le pedane. Pertanto al fine di garantire la regolarit\u00e0 delle gare e l&#8217;incolumit\u00e0 degli atleti, oltre che la riomologazione dell&#8217;impianto stesso, con una delibera del gennaio del 2017 l&#8217;Amministrazione aveva approvato un progetto preliminare, <a class=\"dt-pswp-item\" href=\"http:\/\/www.radiopiu.net\/wordpress\/wp-content\/uploads\/2018\/12\/IMG_20181213_120138.jpg\" data-dt-img-description=\"\" data-large_image_width=\"5312\" data-large_image_height=\"2988\"><img loading=\"lazy\" decoding=\"async\" class=\" wp-image-69327 alignright\" src=\"http:\/\/www.radiopiu.net\/wordpress\/wp-content\/uploads\/2018\/12\/IMG_20181213_120138-300x169.jpg\" alt=\"\" width=\"257\" height=\"145\" srcset=\"https:\/\/www.radiopiu.net\/wordpress\/wp-content\/uploads\/2018\/12\/IMG_20181213_120138-300x169.jpg 300w, https:\/\/www.radiopiu.net\/wordpress\/wp-content\/uploads\/2018\/12\/IMG_20181213_120138-768x432.jpg 768w, https:\/\/www.radiopiu.net\/wordpress\/wp-content\/uploads\/2018\/12\/IMG_20181213_120138-1024x576.jpg 1024w\" sizes=\"auto, (max-width: 257px) 100vw, 257px\" \/><\/a>intraprendendo un percorso indirizzato a garantire il rinnovo delle strutture che giunge ora alla sua parte conclusiva con l&#8217;approvazione dell&#8217;esecutivo.\u00a0 Gli interventi in programma, del valore complessivo di 500 mila euro, si compongono, per quanto concerne la pista, nel lievo e smaltimento del manto Sportrack esistente con successiva fresatura del tappetino in conglomerato bituminoso e il successivo rifacimento del tappetino di usura. Sar\u00e0 quindi realizzata ex-novo la superficie sintetica. L&#8217;intero impianto sar\u00e0 messo a norma in ogni sua infrastruttura e dotazione attrezzistica, allo scopo di ottenere l&#8217;omologazione per le attivit\u00e0 agonistiche, secondo quanto previsto dalle norme CONI e Fidal attualmente in vigore per impianti di questa tipologia.<\/p>\n<p><strong>SUL PROGETTO ESECUTIVO L&#8217;ASSESSORE ANNA MARIA ROSSI.<\/strong><\/p>\n<audio class=\"wp-audio-shortcode\" id=\"audio-69306-10\" preload=\"none\" style=\"width: 100%;\" controls=\"controls\"><source type=\"audio\/mpeg\" src=\"http:\/\/www.radiopiu.net\/wordpress\/wp-content\/uploads\/2018\/12\/MACCA.mp3?_=10\" \/><a href=\"http:\/\/www.radiopiu.net\/wordpress\/wp-content\/uploads\/2018\/12\/MACCA.mp3\">http:\/\/www.radiopiu.net\/wordpress\/wp-content\/uploads\/2018\/12\/MACCA.mp3<\/a><\/audio>\n<blockquote><p><em>\u201cAbbiamo optato per un intervento di totale rifacimento e non per un semplice re-topping del manto di superficie della pista per ottenere un impianto in grado di resistere maggiormente all&#8217;usura del tempo e rispondente alle richieste della Fidal per l&#8217;omologazione. Anche per questo la colorazione della nuova pista sar\u00e0 uniforme e non a corsie alternate, come quella attuale che ha palesato dei danni ingenti proprio nelle giunture tra le corsie\u201d, commenta l&#8217;assessore ai lavori pubblici Adis Zatta.<\/em><\/p><\/blockquote>\n<p>&nbsp;<\/p>\n<p>&nbsp;<\/p>\n<p>&nbsp;<\/p>\n<p>&nbsp;<\/p>\n<h2>SCUOLA: ASSESSORE DONAZZAN SCRIVE A PRESIDI E DOCENTI, \u201cTUTTE LE CLASSI PARTICIPINO ALL\u2019INIZIATIVA DI COLDIRETTI \u2018ADOTTAUNALBERO\u201d, RAGAZZI PROTAGONISTI DELLA RINASCITA DEI BOSCHI\u201d<\/h2>\n<p><a class=\"dt-pswp-item\" href=\"http:\/\/www.radiopiu.net\/wordpress\/wp-content\/uploads\/2018\/12\/1991-2018-Donazzan-Cerantola-Munari-presidenteAlpini-1.jpg\" data-dt-img-description=\"\" data-large_image_width=\"2016\" data-large_image_height=\"1512\"><img loading=\"lazy\" decoding=\"async\" class=\"alignnone wp-image-69326 size-large\" src=\"http:\/\/www.radiopiu.net\/wordpress\/wp-content\/uploads\/2018\/12\/1991-2018-Donazzan-Cerantola-Munari-presidenteAlpini-1-1024x768.jpg\" alt=\"\" width=\"1024\" height=\"768\" srcset=\"https:\/\/www.radiopiu.net\/wordpress\/wp-content\/uploads\/2018\/12\/1991-2018-Donazzan-Cerantola-Munari-presidenteAlpini-1-1024x768.jpg 1024w, https:\/\/www.radiopiu.net\/wordpress\/wp-content\/uploads\/2018\/12\/1991-2018-Donazzan-Cerantola-Munari-presidenteAlpini-1-300x225.jpg 300w, https:\/\/www.radiopiu.net\/wordpress\/wp-content\/uploads\/2018\/12\/1991-2018-Donazzan-Cerantola-Munari-presidenteAlpini-1-768x576.jpg 768w, https:\/\/www.radiopiu.net\/wordpress\/wp-content\/uploads\/2018\/12\/1991-2018-Donazzan-Cerantola-Munari-presidenteAlpini-1.jpg 2016w\" sizes=\"auto, (max-width: 1024px) 100vw, 1024px\" \/><\/a><\/p>\n<p><strong>VENEZIA\u00a0<\/strong>\u201cIntendo invitare tutte le scuole di ogni ordine e grado a sposare l\u2019iniziativa \u2018Adottaunalbero\u2019 promossa dalla Coldiretti di Vicenza\u201d. L\u2019assessore regionale all\u2019\u2019istruzione e formazione Elena Donazzan appoggia cos\u00ec il progetto promosso dalla prima associazione dei produttori agricoli del Vicentino, insieme all\u2019Unione montana Spettabile Reggenza dell\u2019Altopiano di Asiago e alla sezione vicentina dell\u2019Associazione Alpini, per far rivivere le montagne vicentine e ricostituire i boschi dell\u2019Altopiano travolti dall\u2019uragano di fine ottobre. Il progetto di educazione civica e ambientale, che porter\u00e0 nelle scuole le immagini dei boschi feriti e gli interventi di riparazione in atto e porter\u00e0 gli studenti a visitare i luoghi interessati e ad essere protagonisti della riforestazione in collaborazione con Veneto Agricoltura, verr\u00e0 presentato sabato 15 e domenica 16 dicembre a Vicenza, al Mercato coperto di Campagna Amica, in via Cordenons 4. Nel mercato a chilometro zero di Coldiretti, in contra\u2019 Cordenons 4, saranno in vendita a scopo benefico i manufatti natalizi ricavati dagli alberi abbattuti il 29 ottobre scorso. La realizzazione degli alberelli lignei di Natale \u00e8 a cura di Cristina Panozzo, giovane imprenditrice agricola di Tresch\u00e8 Conca, affiancata dalla Pro-loco di Enego. \u201cInvito gli studenti ad entrare subito nel cuore del progetto di riforestazione \u2013 sollecita l\u2019assessore &#8211; partecipando alla vendita degli alberelli di legno ricavati con maestr\u00eca da Cristina Panozzo dai tronchi e dai rami abbattuti dal forte vento dello scorso 29 ottobre . Il ricavato dell\u2019iniziativa di Coldiretti aiuter\u00e0 a dare nuova vita ai boschi e alle montagne vicentine\u201d.<\/p>\n<h1><\/h1>\n<h1><\/h1>\n<p>&nbsp;<\/p>\n<h1>SCUOLE VENETO, SEMPRE PIU&#8217; INTERNAZIONALI<\/h1>\n<blockquote>\n<h3><em>180 ragazzi delle superiori partecipano a un progetto di studio all\u2019estero<\/em><\/h3>\n<\/blockquote>\n<p><strong><a class=\"dt-pswp-item\" href=\"http:\/\/www.radiopiu.net\/wordpress\/wp-content\/uploads\/2018\/03\/scuola100.gif\" data-dt-img-description=\"\" data-large_image_width=\"431\" data-large_image_height=\"261\"><img loading=\"lazy\" decoding=\"async\" class=\" wp-image-44094 alignleft\" src=\"http:\/\/www.radiopiu.net\/wordpress\/wp-content\/uploads\/2018\/03\/scuola100-300x182.gif\" alt=\"\" width=\"227\" height=\"138\" \/><\/a>BELLUNO\u00a0<\/strong> Sono 180 gli studenti veneti delle scuole superiori che parteciperanno a un progetto di internazionalizzazione scolastica finanziato dalla Regione Veneto e coordinato da Met\u00e0logos. La societ\u00e0 specializzata in consulenza aziendale e formazione professionale sta assistendo sei istituti scolastici del Trevigiano e del Bellunese per consentire a una selezione di alunni delle classi terze e quarte di svolgere un periodo di formazione linguistica all\u2019estero. \u00abIl forte rapporto con le aziende ci consente di portare nelle scuole, con cui abbiamo ormai una relazione di lunga data, le esigenze delle imprese\u00bb, spiega il presidente di Met\u00e0logos, Michele Dal Farra. \u00abPer questo riusciamo a individuare percorsi di formazione che guardano al mondo del lavoro\u00bb. Met\u00e0logos aiuta le scuole a preparare i ragazzi dal punto di vista linguistico prima del soggiorno all\u2019estero le cui destinazioni sono Spagna e Regno Unito. Il progetto prevede la partecipazione di 30 studenti di classe III o IV. In totale sono coinvolti 180 studenti. Al termine del percorso i ragazzi dovranno sostenere un esame di certificazione linguistica.\u00a0 Il progetto, si chiama \u201cGIOVENTU\u2019 IN MOVIMENTO \u201cMOVE 2018\u201d e <strong>coinvolge sei scuole:<\/strong> &#8211; Istituto Statale Duca degli Abruzzi (Treviso), &#8211; Istituto Statale di Istruzione Secondaria Superiore &#8220;F. Da Collo&#8221;(Conegliano), &#8211; Istituto di Istruzione Superiore Citt\u00e0 della Vittoria (Vittorio Veneto), &#8211; Licei Belluno (Liceo scientifico &#8220;Galilei&#8221; &#8211; Liceo classico &#8220;Tiziano&#8221;), &#8211; Istituto Tecnico Statale G. Mazzotti (Treviso).\u00a0<strong> La struttura del progetto \u00e8 di 76 ore divise in<\/strong>: 8 ore preparazione linguistica prima del soggiorno estero (Focus paese)\u00a0 60 ore (2 settimane) di formazione linguistica all\u2019estero 8 ore di preparazione agli esami di certificazione (Focus certificazioni)\u00a0 <strong>Il progetto prevede<\/strong>\u00a0 Formazione linguistica in sede e all\u2019estero,\u00a0 Viaggio, vitto e alloggio all\u2019estero per 2 settimane,\u00a0 Costo esami di certificazione, Docente accompagnatore sia nella fase in Veneto che all\u2019estero.\u00a0 Met\u00e0logos, oltre ad aver supportato gli istituti nella progettazione, coordiner\u00e0 e monitorer\u00e0 l\u2019intero progetto dalle selezioni degli studenti, alla programmazione delle attivit\u00e0 d\u2019aula fino all\u2019organizzazione del soggiorno estero.<\/p>\n<p>&nbsp;<\/p>\n<p>&nbsp;<\/p>\n<p>&nbsp;<\/p>\n<h1>COMPRENSIVO DI FELTRE, MATERIALI DI RICICLO PER COSTRUIRE OGGETTI D&#8217;USO COMUNE<\/h1>\n\n\t\t\t<style type='text\/css'>\n\t\t\t\t#gallery-1 {\n\t\t\t\t\tmargin: auto;\n\t\t\t\t}\n\t\t\t\t#gallery-1 .gallery-item {\n\t\t\t\t\tfloat: left;\n\t\t\t\t\tmargin-top: 10px;\n\t\t\t\t\ttext-align: center;\n\t\t\t\t\twidth: 33%;\n\t\t\t\t}\n\t\t\t\t#gallery-1 img {\n\t\t\t\t\tborder: 2px solid #cfcfcf;\n\t\t\t\t}\n\t\t\t\t#gallery-1 .gallery-caption {\n\t\t\t\t\tmargin-left: 0;\n\t\t\t\t}\n\t\t\t\t\/* see gallery_shortcode() in wp-includes\/media.php *\/\n\t\t\t<\/style>\n\t\t<div id='gallery-1' class='dt-gallery-container gallery galleryid-69306 gallery-columns-3 gallery-size-thumbnail'><dl class='gallery-item'>\n\t\t\t\t<dt class='gallery-icon landscape'>\n\t\t\t\t\t<a class=\"rollover\" href='https:\/\/www.radiopiu.net\/wordpress\/giornale-radiopiu-14-dicembre-2018-direttore-mirko-mezzacasa\/ic-feltre-progetto-riciclo-2\/'><img loading=\"lazy\" decoding=\"async\" width=\"150\" height=\"150\" src=\"https:\/\/www.radiopiu.net\/wordpress\/wp-content\/uploads\/2018\/12\/IC-FELTRE-Progetto-Riciclo-2-150x150.jpg\" class=\"attachment-thumbnail size-thumbnail\" alt=\"\" \/><\/a>\n\t\t\t\t<\/dt><\/dl><dl class='gallery-item'>\n\t\t\t\t<dt class='gallery-icon landscape'>\n\t\t\t\t\t<a class=\"rollover\" href='https:\/\/www.radiopiu.net\/wordpress\/giornale-radiopiu-14-dicembre-2018-direttore-mirko-mezzacasa\/ic-feltre-progetto-riciclo-3\/'><img loading=\"lazy\" decoding=\"async\" width=\"150\" height=\"150\" src=\"https:\/\/www.radiopiu.net\/wordpress\/wp-content\/uploads\/2018\/12\/IC-FELTRE-Progetto-Riciclo-3-150x150.jpg\" class=\"attachment-thumbnail size-thumbnail\" alt=\"\" \/><\/a>\n\t\t\t\t<\/dt><\/dl><dl class='gallery-item'>\n\t\t\t\t<dt class='gallery-icon landscape'>\n\t\t\t\t\t<a class=\"rollover\" href='https:\/\/www.radiopiu.net\/wordpress\/giornale-radiopiu-14-dicembre-2018-direttore-mirko-mezzacasa\/ic-feltre-progetto-riciclo-1-1\/'><img loading=\"lazy\" decoding=\"async\" width=\"150\" height=\"150\" src=\"https:\/\/www.radiopiu.net\/wordpress\/wp-content\/uploads\/2018\/12\/IC-FELTRE-Progetto-Riciclo-1-1-150x150.jpg\" class=\"attachment-thumbnail size-thumbnail\" alt=\"\" \/><\/a>\n\t\t\t\t<\/dt><\/dl><br style=\"clear: both\" \/>\n\t\t\t<\/div>\n\n<p><strong>FELTRE<\/strong> Una clessidra con due mezze bottiglie di plastica; un orologio a muro fatto con padella e posate; una dama in plexiglas di pedine coi tappi di plastica, blu e rosa; un appendiabito con una trave di legno recuperata; un\u2019abatjour col battiscopa. Questi e altri gli oggetti realizzati dagli alunni delle classi 2 A, B ed E della scuola media \u201cRocca\u201d dell\u2019IC di Feltre. \u201cSi tratta di un progetto di Educazione ambientale che porta i ragazzi a esprimersi con la manualit\u00e0 \u2013 spiegano i docenti Giovanni Vanz e Antonella Miglioranza \u2013 e a confrontarsi con materiali e strumenti di uso comune che altrimenti andrebbero a finire nel cassonetto. Attivare buone pratiche di differenziazione dei rifiuti, dal momento che l\u2019avere cura dell\u2019ambiente dove viviamo deve essere una pratica quotidiana\u201d. Una iniziativa che \u00e8 stata portata avanti in questi primi mesi dell\u2019anno e che replica quelle degli anni scorsi. \u201cGli oggetti saranno in mostra nell\u2019androne della media \u201cRocca\u201d fino a Natale. A partire da gennaio i ragazzi saranno impegnati in attivit\u00e0 di controllo e pulizia del cortile della scuola.<\/p>\n<h1>RIUNIONE ALL&#8217;INFANZIA DI TOMO<\/h1>\n<blockquote><p><em><strong>sala parrocchiale della frazione feltrina marted\u00ec 18 dicembre alle 17,30.<\/strong><\/em><\/p><\/blockquote>\n<p>Si terr\u00e0 nei locali della sala parrocchiale di Tomo la riunione di Scuola Aperta per i genitori degli alunni che il prossimo anno vorranno frequentare la scuola dell\u2019Infanzia di Tomo. Vista la momentanea inagibilit\u00e0 della struttura scolastica, colpita dagli eventi atmosferici del mese scorso, in attesa della prossima ultimazione dei lavori di ripristino predisposti dal Comune di Feltre, l\u2019incontro \u201cOpen Children\u2019s Day\u201d si terr\u00e0 alle 17.30 di marted\u00ec 18 dicembre presso la sala parrocchiale. Rimangono invariati gli altri appuntamenti: Infanzia Mugnai (venerd\u00ec 14 dicembre ore 17.30 presso scuola di Mugnai); Infanzia Vignui (Luned\u00ec 17 dicembre presso scuola di Vignui).<\/p>\n<p>&nbsp;<\/p>\n<p>&nbsp;<\/p>\n<h1><\/h1>\n<p>&nbsp;<\/p>\n<h1>IL MAESTRO DELLA PASTICCERIA MONDIALE IGINIO MASSARI REALIZZA UNA TORTA PER LA \u201cRINASCITA DELLE DOLOMITI\u201d<\/h1>\n<blockquote><p><strong><em>La proposta \u00e8 del progetto bellunese \u201cDDolomiti\u201d<\/em><\/strong><\/p><\/blockquote>\n<p><strong>ROCCA PIETORE\u00a0<\/strong>Una torta per aiutare i produttori bellunesi e per contribuire alla \u201cRinascita delle Dolomiti\u201d (The Rebirth of Dolomites). \u00c8 questo il nome della ricetta che il maestro della pasticceria mondiale Iginio Massari ha ideato per dare il suo personale contributo al superamento dell&#8217;emergenza maltempo che ha colpito la montagna veneta, bellunese in particolare. La scelta \u00e8 ricaduta su alcuni dei prodotti simbolo del territorio come le nocciole, il miele, il latte, il burro e lo yogurt. La ricetta \u00e8 semplice e non rappresenta un\u2019esclusiva: tutti potranno riprodurla a casa o in pasticceria, con tutte le varianti del caso.<\/p>\n<div style=\"width: 848px;\" class=\"wp-video\"><video class=\"wp-video-shortcode\" id=\"video-69306-1\" width=\"848\" height=\"480\" preload=\"metadata\" controls=\"controls\"><source type=\"video\/mp4\" src=\"http:\/\/www.radiopiu.net\/wordpress\/wp-content\/uploads\/2018\/12\/Iginio-Massari-RInascita-delle-Dolomiti.mp4?_=1\" \/><a href=\"http:\/\/www.radiopiu.net\/wordpress\/wp-content\/uploads\/2018\/12\/Iginio-Massari-RInascita-delle-Dolomiti.mp4\">http:\/\/www.radiopiu.net\/wordpress\/wp-content\/uploads\/2018\/12\/Iginio-Massari-RInascita-delle-Dolomiti.mp4<\/a><\/video><\/div>\n<p>L&#8217;evento si terr\u00e0 <b>sabato 22 dicembre alle ore 17 all&#8217;interno della pasticceria del Pineta Pastry hotel di Rocca Pietore<\/b>. Sono invitati anche operatori turistici e pasticcerie dell&#8217;Agordino, affinch\u00e9 il dolce possa essere disponibile anche per i turisti nella stagione invernale. Ha gi\u00e0 confermato la sua partecipazione <b>Massimo Alver\u00e0<\/b> dell&#8217;Accademia Pasticceri Italiani come Ospite Speciale. La prima parte dell&#8217;evento sar\u00e0 dedicata alla dimostrazione pratica della preparazione della torta da parte dei maestri pasticceri Christopher Nesello e Alver\u00e0, a cui seguir\u00e0 la degustazione.<\/p>\n<blockquote>\n<h2>CUSTODI DEL TERRITORIO<\/h2>\n<p>La proposta a Massari \u00e8 arrivata dal progetto &#8220;DDolomiti-Custodi del Territorio\u201d lanciato quest&#8217;anno da Claudia Soppelsa (insegnante di lingua inglese), Francesca Valente (giornalista) e Paola Paganin (gi\u00e0 imprenditrice) per promuovere la cura e la tutela della montagna bellunese a partire dai suoi custodi, ovvero gli imprenditori agricoli.<\/p>\n<h3>REGALA UN AIUTO<\/h3>\n<p>DDolomiti con l&#8217;occasione lancia un appello a comprare i prodotti agricoli e artigianali bellunesi per aiutare privati e famiglie a risollevarsi: a giorni sar\u00e0 pubblicata la prima versione di un catalogo digitale contenente i nomi di alcune aziende segnalate, con la menzione dei prodotti da comprare e dei luoghi dove si possono trovare.<\/p><\/blockquote>\n<p>&nbsp;<\/p>\n<p>&nbsp;<\/p>\n<p>&nbsp;<\/p>\n<h1>IL GRAZIE DEL SINDACO DI AGORDO ALL&#8217;ALPAGO, UNA CORSA CAMPESTRE E QUASI 10 MILA EURO PER IL COMUNE ALLUVIONATO<\/h1>\n<p><strong>CLICCA PER INGRANDIRE<\/strong><\/p>\n\n\t\t\t<style type='text\/css'>\n\t\t\t\t#gallery-2 {\n\t\t\t\t\tmargin: auto;\n\t\t\t\t}\n\t\t\t\t#gallery-2 .gallery-item {\n\t\t\t\t\tfloat: left;\n\t\t\t\t\tmargin-top: 10px;\n\t\t\t\t\ttext-align: center;\n\t\t\t\t\twidth: 33%;\n\t\t\t\t}\n\t\t\t\t#gallery-2 img {\n\t\t\t\t\tborder: 2px solid #cfcfcf;\n\t\t\t\t}\n\t\t\t\t#gallery-2 .gallery-caption {\n\t\t\t\t\tmargin-left: 0;\n\t\t\t\t}\n\t\t\t\t\/* see gallery_shortcode() in wp-includes\/media.php *\/\n\t\t\t<\/style>\n\t\t<div id='gallery-2' class='dt-gallery-container gallery galleryid-69306 gallery-columns-3 gallery-size-thumbnail'><dl class='gallery-item'>\n\t\t\t\t<dt class='gallery-icon portrait'>\n\t\t\t\t\t<a class=\"rollover\" href='https:\/\/www.radiopiu.net\/wordpress\/giornale-radiopiu-14-dicembre-2018-direttore-mirko-mezzacasa\/whatsapp-image-2018-12-13-at-07-02-13\/'><img loading=\"lazy\" decoding=\"async\" width=\"150\" height=\"150\" src=\"https:\/\/www.radiopiu.net\/wordpress\/wp-content\/uploads\/2018\/12\/WhatsApp-Image-2018-12-13-at-07.02.13-150x150.jpeg\" class=\"attachment-thumbnail size-thumbnail\" alt=\"\" \/><\/a>\n\t\t\t\t<\/dt><\/dl>\n\t\t\t\t<br style='clear: both' \/>\n\t\t\t<\/div>\n\n<p>&nbsp;<\/p>\n<p>&nbsp;<\/p>\n<p>&nbsp;<\/p>\n<h1>RORATE, DOMANI ALLE 7 DEL MATTINO LA MESSA\u00a0 A LIVINALLONGO DEL COL DI LANA<\/h1>\n<p><strong><a class=\"dt-pswp-item\" href=\"http:\/\/www.radiopiu.net\/wordpress\/wp-content\/uploads\/2015\/12\/LIVINALLONGO.jpg\" data-dt-img-description=\"\" data-large_image_width=\"312\" data-large_image_height=\"161\"><img loading=\"lazy\" decoding=\"async\" class=\"alignnone size-medium wp-image-13636\" src=\"http:\/\/www.radiopiu.net\/wordpress\/wp-content\/uploads\/2015\/12\/LIVINALLONGO-300x155.jpg\" alt=\"\" width=\"300\" height=\"155\" \/><\/a>DI DENNI DORIGO<\/strong><\/p>\n<audio class=\"wp-audio-shortcode\" id=\"audio-69306-11\" preload=\"none\" style=\"width: 100%;\" controls=\"controls\"><source type=\"audio\/mpeg\" src=\"http:\/\/www.radiopiu.net\/wordpress\/wp-content\/uploads\/2018\/12\/DENNI.mp3?_=11\" \/><a href=\"http:\/\/www.radiopiu.net\/wordpress\/wp-content\/uploads\/2018\/12\/DENNI.mp3\">http:\/\/www.radiopiu.net\/wordpress\/wp-content\/uploads\/2018\/12\/DENNI.mp3<\/a><\/audio>\n<p>&nbsp;<\/p>\n<p>&nbsp;<\/p>\n<p>&nbsp;<\/p>\n<p>&nbsp;<\/p>\n<h1>APRONO I COLLEGAMENTI TRA LE DIVERSE LOCALIT\u00c0 DEL COMPRENSORIO CIVETTA<\/h1>\n<p><a class=\"dt-pswp-item\" href=\"http:\/\/www.radiopiu.net\/wordpress\/wp-content\/uploads\/2018\/12\/h.jpg\" data-dt-img-description=\"\" data-large_image_width=\"750\" data-large_image_height=\"214\"><img loading=\"lazy\" decoding=\"async\" class=\"alignnone wp-image-69336 size-full\" src=\"http:\/\/www.radiopiu.net\/wordpress\/wp-content\/uploads\/2018\/12\/h.jpg\" alt=\"\" width=\"750\" height=\"214\" srcset=\"https:\/\/www.radiopiu.net\/wordpress\/wp-content\/uploads\/2018\/12\/h.jpg 750w, https:\/\/www.radiopiu.net\/wordpress\/wp-content\/uploads\/2018\/12\/h-300x86.jpg 300w\" sizes=\"auto, (max-width: 750px) 100vw, 750px\" \/><\/a><br \/>\n13 dicembre 2018, Alleghe &#8211; Il comprensorio del Civetta si prepara al fine settimana con nuove aperture in programma da oggi, per consentire i collegamenti da Alleghe verso Zoldo e Selva di Cadore. La societ\u00e0 impianti Alleghe Funivie amplier\u00e0 quindi l&#8217;offerta con l&#8217;apertura di nuovi impianti, che andranno ad aggiungersi a quelli gi\u00e0 in funzione (Alleghe-Piani di Pezz\u00e8, Piani di Pezz\u00e8-Col dei Baldi, Baby-Piani di Pezz\u00e8, Pelmo e Pioda del Palafavera). Da oggi sar\u00e0 quindi aperto il collegamento Alleghe-Palafavera-Zoldo con la seggiovia Delle Coste, la sciovia Campetto e la cabinovia Pian del Crep, alle quali si aggiunger\u00e0 sabato 15 dicembre la seggiovia Cristelin. Da Sabato inoltre si potr\u00e0 sciare da Alleghe verso Selva di Cadore grazie all&#8217;apertura della seggiovia Pescul-Fertazza e la seggiovia Fertazza con le piste Fertazza e Bait (Selva di Cadore).<\/p>\n<p>&nbsp;<\/p>\n<p>&nbsp;<\/p>\n<p>&nbsp;<\/p>\n<p>&nbsp;<\/p>\n<p>&nbsp;<\/p>\n<h1>WILLIAM DA ROIT AMBASCIATORE PER LA MARATONA DI MILANO<\/h1>\n<blockquote><p><em>&#8220;Sono stato scelto come Ambasciatore per la Maratona di Milano del prossimo 7 aprile 2019. Sono davvero orgoglioso per questo riconoscimento speciale! Un periodo davvero magico questo per me&#8221; <\/em><strong>William Da Roit<\/strong><\/p><\/blockquote>\n<p><a class=\"dt-pswp-item\" href=\"http:\/\/www.radiopiu.net\/wordpress\/wp-content\/uploads\/2018\/12\/572a2ed3-710f-4994-95d3-2ab7d5a89137.jpg\" data-dt-img-description=\"\" data-large_image_width=\"1600\" data-large_image_height=\"1131\"><img loading=\"lazy\" decoding=\"async\" class=\" wp-image-69319 alignleft\" src=\"http:\/\/www.radiopiu.net\/wordpress\/wp-content\/uploads\/2018\/12\/572a2ed3-710f-4994-95d3-2ab7d5a89137-300x212.jpg\" alt=\"\" width=\"231\" height=\"163\" srcset=\"https:\/\/www.radiopiu.net\/wordpress\/wp-content\/uploads\/2018\/12\/572a2ed3-710f-4994-95d3-2ab7d5a89137-300x212.jpg 300w, https:\/\/www.radiopiu.net\/wordpress\/wp-content\/uploads\/2018\/12\/572a2ed3-710f-4994-95d3-2ab7d5a89137-768x543.jpg 768w, https:\/\/www.radiopiu.net\/wordpress\/wp-content\/uploads\/2018\/12\/572a2ed3-710f-4994-95d3-2ab7d5a89137-1024x724.jpg 1024w, https:\/\/www.radiopiu.net\/wordpress\/wp-content\/uploads\/2018\/12\/572a2ed3-710f-4994-95d3-2ab7d5a89137.jpg 1600w\" sizes=\"auto, (max-width: 231px) 100vw, 231px\" \/><\/a>William Da Roit, nato il 29\/12\/1967, panettiere, sposato, due figli. &#8220;<em>Corro da sempre&#8230; negli ultimi anni mi sono appassionato anche alle ultramaratone su strada e alle ultra in montagna. 42 le maratone fin\u2019ora concluse fra cui NY (3 volte), Chicago, Los Angeles, Boston, Atene, Berlino, Milano, Roma, Venezia. Ho corso dal campanile di San Marco a Venezia fino in cima alla Marmolada sulle Dolomiti a 3.265 m. &#8211; 200 km in 40 ore; nel Deserto del Sahara, nel Sinai, in Amazzonia, a Cuba, poi Passatore 100 km, Nove Colli Running 202 km, quasi Milano\/Sanremo 258 km, Atene\/Sparta 246 km. In montagna 350 km al 4 K Trail Valle D\u2019Aosta, Dolomitiskyrun 130 km, Dolomitiextreme 103 km. Run Iceland 110 km a tappe in Islanda! Altri sport: paracadutista della Folgore, Campionati del Mondo di mountain bike 2001 Canada, diverse gare del circuito Worldloppet di sci di fondo come la Vasaloppet 90 km Svezia, Birkebeiner 54 km Norvegia, Finlandia Hiito 50 km, Marcialonga 70 km Italia&#8221;.<\/em><\/p>\n<p>&nbsp;<\/p>\n<p>&nbsp;<\/p>\n<p>&nbsp;<\/p>\n<p>&nbsp;<\/p>\n<p>&nbsp;<\/p>\n<h1>CONFEDILIZIA: ENTRO IL 17 DICEMBRE IL VERSAMENTO DEL SALDO IMU-TASI<\/h1>\n<p><strong><a class=\"dt-pswp-item\" href=\"http:\/\/www.radiopiu.net\/wordpress\/wp-content\/uploads\/2017\/03\/confedilizia-1.png\" data-dt-img-description=\"\" data-large_image_width=\"432\" data-large_image_height=\"144\"><img loading=\"lazy\" decoding=\"async\" class=\" wp-image-30475 alignleft\" src=\"http:\/\/www.radiopiu.net\/wordpress\/wp-content\/uploads\/2017\/03\/confedilizia-1-300x100.png\" alt=\"\" width=\"240\" height=\"80\" \/><\/a>BELLUNO<\/strong> Entro luned\u00ec prossimo, 17 dicembre (cadendo il 16 di domenica), i proprietari di immobili verseranno nelle casse dei Comuni (e dello Stato, per quanto concerne la quota relativa agli immobili di categoria catastale D) oltre 10 miliardi di euro per il saldo Imu-Tasi relativo all\u2019anno 2018. Lo ricorda la Confedilizia di Belluno, sottolineando nell\u2019occasione che il saldo (a differenza dell\u2019acconto che si \u00e8 pagato a giugno) va eseguito sulla base delle aliquote e delle detrazioni stabilite dal Comune di riferimento (quello cio\u00e8 dove \u00e8 sito l\u2018immobile) per l\u2019anno 2018. Le delibere relative all\u2019Imu e alla Tasi sono reperibili nell\u2019apposito sito del Ministero delle finanze dove dovevano essere pubblicate entro il 28 ottobre. Nel caso il Comune non abbia deliberato oppure la delibera non sia stata pubblicata nei termini, si applicano (anche per il saldo) le aliquote e le detrazioni valide per l\u2019anno precedente. Se per un qualsiasi motivo, non si riuscisse a provvedere al versamento entro il 17 (oppure se lo si effettuasse pagando meno del dovuto), la sanzione irrogata \u00e8 pari al 30% della somma non versata (sanzione che si riduce al 15% in caso di pagamento effettuato entro i 90 giorni). Confedilizia segnala che vi \u00e8 la possibilit\u00e0 di sanare il tutto avvalendosi dell\u2019istituto del ravvedimento operoso sia per l\u2019Imu sia per la Tasi. Conveniente in questo caso \u00e8 il ravvedimento sprint, quello che va effettuato entro i 14 giorni dalla scadenza del versamento omesso (oppure eseguito in difetto): in questo caso si deve versare lo 0,1% giornaliero del versamento non effettuato. Ci\u00f2 vuol dire che, se il versamento non effettuato era pari a 1.000 euro, al giorno (se si provvede allo stesso) si dovr\u00e0 pagare come sanzione un importo pari a 1 euro (lo 0,1% di 1.000 euro). <strong>Ecco le altre tipologie di ravvedimento che si possono usare:\u00a0<\/strong>ravvedimento breve (per versamenti effettuati dal 15esimo giorno fino al 30esimo): la sanzione \u00e8 fissa ed \u00e8 pari all\u20191,5% dell&#8217;importo da versare (nell\u2019esempio fatto: 15 euro); <strong>ravvedimento medio<\/strong> (per versamenti effettuati dal 31esimo giorno fino al 90esimo): la sanzione \u00e8 fissa ed \u00e8 pari all\u20191,67% dell&#8217;importo da versare (nell\u2019esempio fatto: 17 euro); <strong>ravvedimento lungo<\/strong> (per versamenti effettuati dal 91esimo giorno ed entro un anno dalla data del mancato versamento): la sanzione \u00e8 fissa ed \u00e8 pari al 3,75% dell&#8217;importo da versare (nell\u2019esempio fatto: 38 euro). <strong>Oltre alla sanzione, si pagheranno anche gli interessi legali maturati<\/strong>, calcolati sulla base del tasso di interesse che, per il 2018, \u00e8 pari allo 0,3% annuo, dovuto secondo i giorni di ritardo (nell\u2019esempio fatto sopra, per ogni giorno di ritardo sar\u00e0 da versarsi per interessi 0,008 euro). In caso di ravvedimento pagato con Modello F24, sanzioni e interessi si sommano al tributo non versato (utilizzando lo stesso codice tributo), barrando la casella \u201cRavv\u201d. In caso di bollettino postale, i criteri sono gli stessi, ma senza indicazione di codici tributo.<\/p>\n<p>&nbsp;<\/p>\n<p>&nbsp;<\/p>\n<p>&nbsp;<\/p>\n<p>&nbsp;<\/p>\n<p>&nbsp;<\/p>\n<h1>GIORNATA DELLA TRASPARENZA 2018<\/h1>\n<p><strong>FELTRE<\/strong> Luned\u00ec 17 dicembre 2018, alle ore 18.30 a Feltre, presso la sala riunioni dell&#8217;Unione Montana Feltrina, \u00e8 in programma l&#8217;annuale giornata della trasparenza che seguir\u00e0 la seduta del Consiglio Direttivo dell&#8217;Ente. L&#8217;incontro (indetto ai sensi dell&#8217;art. 10 del Decreto legislativo n. 33\/2013) e&#8217; rivolto alla cittadinanza, alle associazioni dei consumatori e alle rappresentanze delle categorie economiche e produttive del territorio. Nel corso della serata il Direttore del Parco, Antonio Andrich, dopo aver illustrato i contenuti del Piano della trasparenza e del Piano anticorruzione dell&#8217;Ente, far\u00e0 una rassegna delle attivit\u00e0 pi\u00f9 significative realizzate dal Parco nel corso dell&#8217;anno. Tra queste ci sono il ricco calendario di eventi e manifestazioni per ricordare i 25 anni del Parco e le azioni condotte nell&#8217;ambito della Carta Europea del Turismo Sostenibile. L&#8217;incontro sar\u00e0 anche l\u2019occasione per fare una panoramica sulle conseguenze del maltempo di fine ottobre sul patrimonio boschivo e infrastrutturale all&#8217;interno del territorio del Parco.<\/p>\n<p>&nbsp;<\/p>\n<p>&nbsp;<\/p>\n<p>&nbsp;<\/p>\n<h1>UN REGALO PER CHI NE HA BISOGNO<\/h1>\n<p><strong>CORTINA<\/strong> Lunedi alle 12 nella filiale di Belluno della Cassa Rurale ed Artigiana di Cortina d&#8217;Ampezzo delle Dolomiti sar\u00e0 presentato il progetto \u201cpovert\u00e0 a casa nostra\u201d, promosso dall&#8217;associazione Gruppi Insieme Si Puo&#8217; e Cassa Rurale ed Artigiana. Si puo&#8217; aderire all&#8217;iniziativa \u201cQuest&#8217;anno fai un regalo a chi ne ha bisogno&#8230;e la Cassa Rurale lo raddoppia\u201d con versamenti sul conto corrente Insieme Si Puo&#8217;, progetto la povert\u00e0 a casa nostra. Iban: it 23 a 08511 6124 0000000023078<\/p>\n<p>&nbsp;<\/p>\n<h1><\/h1>\n<p>&nbsp;<\/p>\n<p><a class=\"dt-pswp-item\" href=\"http:\/\/www.radiopiu.net\/wordpress\/wp-content\/uploads\/2018\/09\/appuntamenti.jpeg\" data-dt-img-description=\"\" data-large_image_width=\"800\" data-large_image_height=\"100\"><img loading=\"lazy\" decoding=\"async\" class=\"alignnone wp-image-61958 size-full\" src=\"http:\/\/www.radiopiu.net\/wordpress\/wp-content\/uploads\/2018\/09\/appuntamenti.jpeg\" alt=\"\" width=\"800\" height=\"100\" srcset=\"https:\/\/www.radiopiu.net\/wordpress\/wp-content\/uploads\/2018\/09\/appuntamenti.jpeg 800w, https:\/\/www.radiopiu.net\/wordpress\/wp-content\/uploads\/2018\/09\/appuntamenti-300x38.jpeg 300w, https:\/\/www.radiopiu.net\/wordpress\/wp-content\/uploads\/2018\/09\/appuntamenti-768x96.jpeg 768w\" sizes=\"auto, (max-width: 800px) 100vw, 800px\" \/><\/a><\/p>\n<h1><\/h1>\n<h1>DOMANI 150 ANNI DEL CAI AD AGORDO. L&#8217;INVITO DELLA PRESIDENTE ANNA MAGRO<\/h1>\n<audio class=\"wp-audio-shortcode\" id=\"audio-69306-12\" preload=\"none\" style=\"width: 100%;\" controls=\"controls\"><source type=\"audio\/ogg\" src=\"http:\/\/www.radiopiu.net\/wordpress\/wp-content\/uploads\/2018\/12\/anna-magro.ogg?_=12\" \/><a href=\"http:\/\/www.radiopiu.net\/wordpress\/wp-content\/uploads\/2018\/12\/anna-magro.ogg\">http:\/\/www.radiopiu.net\/wordpress\/wp-content\/uploads\/2018\/12\/anna-magro.ogg<\/a><\/audio>\n<p>&nbsp;<\/p>\n<p>&nbsp;<\/p>\n<p>&nbsp;<\/p>\n<p>&nbsp;<\/p>\n<h1>OGGI: GIORNATA DI STUDI AD AGORDO, PRIMO PIANO SULL&#8217;ALLUVIONE<\/h1>\n<p><strong>DI GIANNI SANTOMASO<\/strong><\/p>\n<p><strong>AGORDO\u00a0 \u00a0<\/strong>Un seminario sul tema \u00ab1966-2018: alluvioni a confronto\u00bb e una successiva tavola rotonda sul tema \u00abCosa \u00e8 stato fatto, cosa fare\u00bb sono gli appuntamenti organizzati per oggi all\u2019Istituto \u00abU. Follador\u00bb di Agordo, in collaborazione con l\u2019Universit\u00e0 di Camerino e il patrocinio di Ispra e Cnr Idpa. Si inizia alle 9 all\u2019auditorium \u00abA. Favretti\u00bb dell\u2019istituto Follador nella sede di Tamonich. Relatori: Iacopo Gabrieli, climatologo Cnr Idpa; Fabrizio Galluzzo, Ispra Servizio Geologico d\u2019Italia; Anselmo Cagnati, Arpa Veneto meteorologo; Luigi D\u2019Alpaos, esperto d\u2019idraulica, Universit\u00e0 di Padova; Vittorio Fenti, geologo; Ordine dei Geologi del Veneto; Bruno Testa, Cnr Idpa Milano; Francesco Baruffi, segretario generale Autorit\u00e0 di bacino delle Alpi orientali. Moderatrice Barbara Aldighieri Cnr Idpa Milano. Alla tavola rotonda del pomeriggio, moderata dal giornalista Guido Foddis, interverranno anche Barbara Aldighieri Cnr Idpa, Fabio Luchetta, presidente dell\u2019Unione montana agordina, Roberto Padrin, presidente della Provincia di Belluno, Luca Falcone, geologo dell\u2019Enea, Michele Cassol, forestale, Francesca Romana Lugeri, geologo Ispra e Daniela Bianco psicologa<\/p>\n<p>&nbsp;<\/p>\n<p>&nbsp;<\/p>\n<p>&nbsp;<\/p>\n<h1>RIVER GOSPEL MASS CHOIR A PONTE NELLE ALPI<\/h1>\n<p><a class=\"dt-pswp-item\" href=\"http:\/\/www.radiopiu.net\/wordpress\/wp-content\/uploads\/2018\/12\/Panoramica_senza-titolo1.jpg\" data-dt-img-description=\"\" data-large_image_width=\"3344\" data-large_image_height=\"1200\"><img loading=\"lazy\" decoding=\"async\" class=\"alignnone wp-image-69310 size-large\" src=\"http:\/\/www.radiopiu.net\/wordpress\/wp-content\/uploads\/2018\/12\/Panoramica_senza-titolo1-1024x367.jpg\" alt=\"\" width=\"1024\" height=\"367\" srcset=\"https:\/\/www.radiopiu.net\/wordpress\/wp-content\/uploads\/2018\/12\/Panoramica_senza-titolo1-1024x367.jpg 1024w, https:\/\/www.radiopiu.net\/wordpress\/wp-content\/uploads\/2018\/12\/Panoramica_senza-titolo1-300x108.jpg 300w, https:\/\/www.radiopiu.net\/wordpress\/wp-content\/uploads\/2018\/12\/Panoramica_senza-titolo1-768x276.jpg 768w\" sizes=\"auto, (max-width: 1024px) 100vw, 1024px\" \/><\/a><\/p>\n<p>Questa sera alle 20.30 nella chiesa Arcipretale di Ponte nelle Alpi canti di musica gospel traditional e contemporary christian, direttore Alessandro Pozzetto<\/p>\n<p><a class=\"dt-pswp-item\" href=\"http:\/\/www.radiopiu.net\/wordpress\/wp-content\/uploads\/2018\/12\/FIL0247.jpg\" data-dt-img-description=\"\" data-large_image_width=\"1600\" data-large_image_height=\"1068\"><img loading=\"lazy\" decoding=\"async\" class=\" wp-image-69311 alignleft\" src=\"http:\/\/www.radiopiu.net\/wordpress\/wp-content\/uploads\/2018\/12\/FIL0247-300x200.jpg\" alt=\"\" width=\"203\" height=\"135\" srcset=\"https:\/\/www.radiopiu.net\/wordpress\/wp-content\/uploads\/2018\/12\/FIL0247-300x200.jpg 300w, https:\/\/www.radiopiu.net\/wordpress\/wp-content\/uploads\/2018\/12\/FIL0247-768x513.jpg 768w, https:\/\/www.radiopiu.net\/wordpress\/wp-content\/uploads\/2018\/12\/FIL0247-1024x684.jpg 1024w, https:\/\/www.radiopiu.net\/wordpress\/wp-content\/uploads\/2018\/12\/FIL0247.jpg 1600w\" sizes=\"auto, (max-width: 203px) 100vw, 203px\" \/><\/a>ll coro di Ponte della Priula si compone di una cinquantina di elementi, per lo pi\u00f9 giovani. Il direttore \u00e8 Alessandro Pozzetto, noto per essersi esibito assieme a Stevie Wonder ed anche con Mario Biondi e Laura Pausini. Il River Gospel Mass Choir fa inoltre parte della nazionale gospel recente-mente esibitasi a Milano con 500 cantanti gospel e 50mila persone presenti. Alcuni coristi, inoltre, vantano la partecipazioni all&#8217;Arena di Verona con Biondi e Celentano e al Ponchielli di Cremona con Cheryl Porter. Lo scorso Natale il coro ha cantato con Sherrita Duran al Dina Orsi di Conegliano. I canti gospel che il coro presenta, fanno parte della tradizione<br \/>\nafro-americana pi\u00f9 brani che appartengono al repertorio contemporay christians.<br \/>\nTra gli autori ricordiamo Kirk Franklin, Kurt Karr e Hezekiah Walker.<\/p>\n<h1><\/h1>\n<p>&nbsp;<\/p>\n<p>&nbsp;<\/p>\n<h1>CONCERTO DI NATALE A TRICHIANA<\/h1>\n<p><a class=\"dt-pswp-item\" href=\"http:\/\/www.radiopiu.net\/wordpress\/wp-content\/uploads\/2018\/12\/Locandina_natale_2018-1.jpg\" data-dt-img-description=\"\" data-large_image_width=\"1890\" data-large_image_height=\"2953\"><img loading=\"lazy\" decoding=\"async\" class=\"size-medium wp-image-69193 alignleft\" src=\"http:\/\/www.radiopiu.net\/wordpress\/wp-content\/uploads\/2018\/12\/Locandina_natale_2018-1-192x300.jpg\" alt=\"\" width=\"192\" height=\"300\" srcset=\"https:\/\/www.radiopiu.net\/wordpress\/wp-content\/uploads\/2018\/12\/Locandina_natale_2018-1-192x300.jpg 192w, https:\/\/www.radiopiu.net\/wordpress\/wp-content\/uploads\/2018\/12\/Locandina_natale_2018-1-768x1200.jpg 768w, https:\/\/www.radiopiu.net\/wordpress\/wp-content\/uploads\/2018\/12\/Locandina_natale_2018-1-655x1024.jpg 655w, https:\/\/www.radiopiu.net\/wordpress\/wp-content\/uploads\/2018\/12\/Locandina_natale_2018-1.jpg 1890w\" sizes=\"auto, (max-width: 192px) 100vw, 192px\" \/><\/a>Il concerto di Natale anche a marchio Asac, Polifonico e Comune di Trichiana, si terr\u00e0 domani\u00a0 nella chiesa arcipretale di Trichiana. Saranno presenti: &#8211; il coro polifonico di Trichiana, direttore M\u00b0 Stefano Bittante &#8211; l&#8217;orchestra d&#8217;archi &#8220;Incontro Armonico&#8221; di Crocetta del Montello (TV), direttore M\u00b0 Claudio Colmanet solista alla Cornamusa Scozzese M\u00b0 Pio Sagrillo &#8211; il Gruppo polifonico Numeri Atque Voces di Lamon, direttore M\u00b0 Donato Cengia Presenta la serata Dino Bridda. Ingresso libero.<\/p>\n<p>&nbsp;<\/p>\n<p>&nbsp;<\/p>\n<blockquote><p>&nbsp;<\/p><\/blockquote>\n<h1><\/h1>\n<p>&nbsp;<\/p>\n<p>&nbsp;<\/p>\n<h1>MERCATINI, ECCO QUELLO DI SOSPIROLO<\/h1>\n<p><strong>SOSPIROLO<\/strong> A Natale si moltiplicano un po&#8217; ovunque i Mercatini. Ma volete mettere Sospirolo? L\u00ec si organizza in grande! Non casette sparse ma una vera e propria Casa di Natale. \u00c8 grazie allo spirito solidale del circolo Auser Monte Sperone e dell&#8217;associazione Le Formiche rosse, se nella frazione di Gron la casa delle associazioni si veste da Babbo Natale. Nella ex scuola elementare, infatti, dalle ore 10 alle 17\u00a0 domani, e domenica,\u00a0 e nei giorni 22 e 23 dicembre, si potranno trovare oggetti inusuali, creazioni originali, biscotti e dolci di produzione locale. Insomma, un viaggio nella tradizione, di stimolo e suggerimento per i doni delle prossime Festivit\u00e0 o, solamente, per un incontro con quelle persone che coniugano creativit\u00e0 ed abilit\u00e0 manuale col desiderio di socializzazione e solidariet\u00e0 diffusa. A destare sicura curiosit\u00e0, inoltre, l&#8217;esposizione di una collezione di cartoline davvero interessanti. Al mercatino di Gron di Sospirolo non mancher\u00e0 un momento conviviale con la \u201cMerenda\u201d del 23 dalle ore 15.00, confidando che nulla rimanga sui banchetti della mostra, dando modo agli organizzatori di consegnare un cospicuo contributo ad Ados di Belluno e Mano Amica di Feltre, quale sostegno per le loro meritorie attivit\u00e0.<\/p>\n<h1><\/h1>\n<h1><\/h1>\n<p>&nbsp;<\/p>\n<h1>INIZIATIVE PER GLI AGORDINI<br \/>\nDOMANI IL CONCERTO A ROCCA PIETORE CON IL CORO FEMMINILE COL DI LANA<\/h1>\n<p>CLICCA PER INGRANDIRE<\/p>\n\n\t\t\t<style type='text\/css'>\n\t\t\t\t#gallery-3 {\n\t\t\t\t\tmargin: auto;\n\t\t\t\t}\n\t\t\t\t#gallery-3 .gallery-item {\n\t\t\t\t\tfloat: left;\n\t\t\t\t\tmargin-top: 10px;\n\t\t\t\t\ttext-align: center;\n\t\t\t\t\twidth: 33%;\n\t\t\t\t}\n\t\t\t\t#gallery-3 img {\n\t\t\t\t\tborder: 2px solid #cfcfcf;\n\t\t\t\t}\n\t\t\t\t#gallery-3 .gallery-caption {\n\t\t\t\t\tmargin-left: 0;\n\t\t\t\t}\n\t\t\t\t\/* see gallery_shortcode() in wp-includes\/media.php *\/\n\t\t\t<\/style>\n\t\t<div id='gallery-3' class='dt-gallery-container gallery galleryid-69306 gallery-columns-3 gallery-size-thumbnail'><dl class='gallery-item'>\n\t\t\t\t<dt class='gallery-icon portrait'>\n\t\t\t\t\t<a class=\"rollover\" href='https:\/\/www.radiopiu.net\/wordpress\/69097-2\/whatsapp-image-2018-12-11-at-14-02-15\/'><img loading=\"lazy\" decoding=\"async\" width=\"150\" height=\"150\" src=\"https:\/\/www.radiopiu.net\/wordpress\/wp-content\/uploads\/2018\/12\/WhatsApp-Image-2018-12-11-at-14.02.15-150x150.jpeg\" class=\"attachment-thumbnail size-thumbnail\" alt=\"\" \/><\/a>\n\t\t\t\t<\/dt><\/dl>\n\t\t\t\t<br style='clear: both' \/>\n\t\t\t<\/div>\n\n<p>&nbsp;<\/p>\n<p>&nbsp;<\/p>\n<p>&nbsp;<\/p>\n<h1><\/h1>\n<h1>AL TEATRO A SOSPIROLO<\/h1>\n<p><strong><a class=\"dt-pswp-item\" href=\"http:\/\/www.radiopiu.net\/wordpress\/wp-content\/uploads\/2018\/12\/Gruppo-20180402_61710.008.jpg\" data-dt-img-description=\"\" data-large_image_width=\"4176\" data-large_image_height=\"2784\"><img loading=\"lazy\" decoding=\"async\" class=\" wp-image-69190 alignleft\" src=\"http:\/\/www.radiopiu.net\/wordpress\/wp-content\/uploads\/2018\/12\/Gruppo-20180402_61710.008-300x200.jpg\" alt=\"\" width=\"233\" height=\"155\" srcset=\"https:\/\/www.radiopiu.net\/wordpress\/wp-content\/uploads\/2018\/12\/Gruppo-20180402_61710.008-300x200.jpg 300w, https:\/\/www.radiopiu.net\/wordpress\/wp-content\/uploads\/2018\/12\/Gruppo-20180402_61710.008-768x512.jpg 768w, https:\/\/www.radiopiu.net\/wordpress\/wp-content\/uploads\/2018\/12\/Gruppo-20180402_61710.008-1024x683.jpg 1024w\" sizes=\"auto, (max-width: 233px) 100vw, 233px\" \/><\/a>SOSPIROLO<\/strong> A teatro con \u201cL Kalieron\u201d che presenta \u201cLa scorzeta de limon\u201d. \u00c8 l\u2019appuntamento firmato Pro loco \u201cMonti del Sole\u201d con il patrocinio del Comune di Sospirolo-Biblioteca civica di domenica 16 dicembre (al Centro civico di Sospirolo alle 17.30). Si tratta della commedia di Gino Rocca in un atto per la regia di Giulio A. Fajeti. In un imprecisato paese della campagna veneta, la quieta e sonnolenta vita di tutti i giorni viene sconvolta dalle presunte avventure che il protagonista della commedia, Giacomo Supi\u00e0, onesto padre di famiglia, avrebbe consumato con una ballerina di teatro. Dopo la rappresentazione de &#8220;La Gioconda&#8221; di Amilcare Ponchielli, si sarebbe infatti con lei appartato, lasciando immaginare a tutti tutto il possibile anche se nella realt\u00e0 nulla \u00e8 successo\u2026 La commedia \u00e8 stata rappresentata la prima volta a Milano il 10 aprile 1928 dalla Compagnia di Gianfranco Giachetti; dagli anni &#8217;80 \u00e8 il cavallo di battaglia della compagnia teatrale &#8216;I Kalieron. Ingresso libero.<\/p>\n<p>&nbsp;<\/p>\n<p>&nbsp;<\/p>\n<p>&nbsp;<\/p>\n<h1>GISELLA AD AGORDO, BRUNELLA MORO LEGGE LE SUE POESIE<\/h1>\n<p><a class=\"dt-pswp-item\" href=\"http:\/\/www.radiopiu.net\/wordpress\/wp-content\/uploads\/2018\/12\/48365422_314382545840013_6415843179219648512_o.jpg\" data-dt-img-description=\"\" data-large_image_width=\"1200\" data-large_image_height=\"786\"><img loading=\"lazy\" decoding=\"async\" class=\"alignnone wp-image-69037 size-large\" src=\"http:\/\/www.radiopiu.net\/wordpress\/wp-content\/uploads\/2018\/12\/48365422_314382545840013_6415843179219648512_o-1024x671.jpg\" alt=\"\" width=\"1024\" height=\"671\" srcset=\"https:\/\/www.radiopiu.net\/wordpress\/wp-content\/uploads\/2018\/12\/48365422_314382545840013_6415843179219648512_o-1024x671.jpg 1024w, https:\/\/www.radiopiu.net\/wordpress\/wp-content\/uploads\/2018\/12\/48365422_314382545840013_6415843179219648512_o-300x197.jpg 300w, https:\/\/www.radiopiu.net\/wordpress\/wp-content\/uploads\/2018\/12\/48365422_314382545840013_6415843179219648512_o-768x503.jpg 768w, https:\/\/www.radiopiu.net\/wordpress\/wp-content\/uploads\/2018\/12\/48365422_314382545840013_6415843179219648512_o.jpg 1200w\" sizes=\"auto, (max-width: 1024px) 100vw, 1024px\" \/><\/a><\/p>\n<p>Domenica\u00a0 dalle\u00a0 17.00 alle ore 18.00 presso la biblioteca civica Sala Riunioni di Agordo (Belluno),\u00a0<a href=\"https:\/\/www.facebook.com\/gisella.canzian.75\" target=\"_blank\" rel=\"noopener\">Gisella Canzian<\/a>\u00a0vi propone il suo primo libro, &#8220;2ottobre&#8221;. Presenta\u00a0<a href=\"https:\/\/www.facebook.com\/sergiopivetta\" target=\"_blank\" rel=\"noopener\">Sergio Pivetta<\/a>. Sar\u00e0 ospite alla serata\u00a0<a href=\"https:\/\/www.facebook.com\/brunella.moro\" target=\"_blank\" rel=\"noopener\">Brunella Moro<\/a>, la voce di IN VIVO VERSO, il programma radiofonico dell&#8217;emittente agordina di\u00a0RADIOPIU&#8217;, che\u00a0 legger\u00e0 alcuni componimenti.\u00a0 Sar\u00e0 anche proiettata una breve videopoesia con testo inedito di Gisella Canzian, voce narrante di Brunella Moro, foto e montaggio a cura di Sergio Pivetta. Ingresso libero.<\/p>\n<p>&nbsp;<\/p>\n<p>&nbsp;<\/p>\n<p>&nbsp;<\/p>\n<p>&nbsp;<\/p>\n<p><a class=\"dt-pswp-item\" href=\"http:\/\/www.radiopiu.net\/wordpress\/wp-content\/uploads\/2018\/09\/sport.jpg\" data-dt-img-description=\"\" data-large_image_width=\"800\" data-large_image_height=\"100\"><img loading=\"lazy\" decoding=\"async\" class=\"alignnone wp-image-60761 size-full\" src=\"http:\/\/www.radiopiu.net\/wordpress\/wp-content\/uploads\/2018\/09\/sport.jpg\" alt=\"\" width=\"800\" height=\"100\" srcset=\"https:\/\/www.radiopiu.net\/wordpress\/wp-content\/uploads\/2018\/09\/sport.jpg 800w, https:\/\/www.radiopiu.net\/wordpress\/wp-content\/uploads\/2018\/09\/sport-300x38.jpg 300w, https:\/\/www.radiopiu.net\/wordpress\/wp-content\/uploads\/2018\/09\/sport-768x96.jpg 768w\" sizes=\"auto, (max-width: 800px) 100vw, 800px\" \/><\/a><\/p>\n<h1><\/h1>\n<h1>SPORTIVAMENTE BELLUNO: AVANTI A FORZA 7 (MEDAGLIE)<\/h1>\n<p><a class=\"dt-pswp-item\" href=\"http:\/\/www.radiopiu.net\/wordpress\/wp-content\/uploads\/2018\/12\/Sportivamente_Belluno_2018.jpeg\" data-dt-img-description=\"\" data-large_image_width=\"1009\" data-large_image_height=\"675\"><img loading=\"lazy\" decoding=\"async\" class=\"alignnone wp-image-69313 size-full\" src=\"http:\/\/www.radiopiu.net\/wordpress\/wp-content\/uploads\/2018\/12\/Sportivamente_Belluno_2018.jpeg\" alt=\"\" width=\"1009\" height=\"675\" srcset=\"https:\/\/www.radiopiu.net\/wordpress\/wp-content\/uploads\/2018\/12\/Sportivamente_Belluno_2018.jpeg 1009w, https:\/\/www.radiopiu.net\/wordpress\/wp-content\/uploads\/2018\/12\/Sportivamente_Belluno_2018-300x201.jpeg 300w, https:\/\/www.radiopiu.net\/wordpress\/wp-content\/uploads\/2018\/12\/Sportivamente_Belluno_2018-768x514.jpeg 768w\" sizes=\"auto, (max-width: 1009px) 100vw, 1009px\" \/><\/a><\/p>\n<p>A Montebelluna, Zambito Marsala e Salton abbattono la barriera del minuto nei 100 stile<br \/>\nNuova ondata di soddisfazioni per la Sportivamente Belluno. E, in particolare, per gli atleti di categoria, capaci di mettersi in evidenza nella piscina \u201cChiara Giavi\u201d di Montebelluna, in occasione della terza fase di qualificazione ai campionati regionali.<br \/>\nVentinove i nuotatori dolomitici in vasca. E, per due di loro, l\u2019appuntamento in terra trevigiana rimarr\u00e0 indimenticabile. Basti pensare che Massimo Zambito Marsala e Andres Salton sono riusciti ad abbattere il muro del minuto nella gara regina: i 100 stile libero. Numerosi pure i podi conquistati per ogni categoria: in totale, il bilancio recita un argento e ben sei medaglie di bronzo, oltre a una serie di brillanti conferme per i tecnici in quasi tutte le discipline. La squadra \u00e8 ora in preparazione in vista delle gare in programma per il 2019, nelle quali gli atleti della Sportivamente Belluno proveranno a staccare il pass per l\u2019\u00e9lite a livello veneto.<\/p>\n<p>&nbsp;<\/p>\n<p>&nbsp;<\/p>\n<p>&nbsp;<\/p>\n<p>&nbsp;<\/p>\n<p><a class=\"dt-pswp-item\" href=\"http:\/\/www.radiopiu.net\/wordpress\/wp-content\/uploads\/2018\/09\/WhatsApp-Image-2018-09-20-at-16.04.06.jpeg\" data-dt-img-description=\"\" data-large_image_width=\"800\" data-large_image_height=\"100\"><img loading=\"lazy\" decoding=\"async\" class=\"alignnone wp-image-61378 size-full\" src=\"http:\/\/www.radiopiu.net\/wordpress\/wp-content\/uploads\/2018\/09\/WhatsApp-Image-2018-09-20-at-16.04.06.jpeg\" alt=\"\" width=\"800\" height=\"100\" srcset=\"https:\/\/www.radiopiu.net\/wordpress\/wp-content\/uploads\/2018\/09\/WhatsApp-Image-2018-09-20-at-16.04.06.jpeg 800w, https:\/\/www.radiopiu.net\/wordpress\/wp-content\/uploads\/2018\/09\/WhatsApp-Image-2018-09-20-at-16.04.06-300x38.jpeg 300w, https:\/\/www.radiopiu.net\/wordpress\/wp-content\/uploads\/2018\/09\/WhatsApp-Image-2018-09-20-at-16.04.06-768x96.jpeg 768w\" sizes=\"auto, (max-width: 800px) 100vw, 800px\" \/><\/a><\/p>\n<h1>DA OGGI A LUNEDI<\/h1>\n<p><strong>Venerdi 14<\/strong><br \/>\nTempo atteso: Tempo ben soleggiato, con solo una possibile residua nuvolosit\u00e0 notturna, specie su Prealpi orientali, e schiarite via via pi\u00f9 ampie fino a cielo del tutto sereno a partire da Nord. Clima freddo, di stampo pienamente invernale, pi\u00f9 freddo sulle Prealpi a parit\u00e0 di quota.<br \/>\nPrecipitazioni: Nella notte non esclusa del tutto qualche sporadica burrasca in quota, specie su Prealpi (10\/20%); in giornata assenti (0%).<br \/>\nTemperature: In lieve aumento in quota; nelle valli minime stazionarie, massime in lieve aumento. Su Prealpi a 1500 m min -6\u00b0C max -3\u00b0C, a 2000 m min -10\u00b0C max -6\u00b0C. Su Dolomiti a 2000 m min -11\u00b0C max -7\u00b0C, a 3000 m min -16\u00b0C max -13\u00b0C.<br \/>\nVenti: Nelle valli deboli di direzione variabile; in quota perlopi\u00f9 deboli in rotazione da Ovest a Nord ed in lieve intensificazione al pomeriggio\/sera, a 5-15 km\/h a 2000 m, 10-25 km\/h a 3000 m.<br \/>\n<strong>Sabato 15<\/strong><br \/>\nTempo atteso: Tempo splendido con cielo sereno per tutto il giorno. Clima molto freddo al mattino con estese ed intense gelate, un po&#8217; pi\u00f9 mite di giorno, specie in quota e nei settori pi\u00f9 assolati.<br \/>\nPrecipitazioni: Assenti (0%).<br \/>\nTemperature: In ulteriore lieve aumento in quota; nelle valli minime stazionarie e massime in lieve rialzo. Su Prealpi a 1500 m min -5\u00b0C max -2\u00b0C, a 2000 m min -7\u00b0C max -4\u00b0C. Su Dolomiti a 2000 m min -9\u00b0C max -6\u00b0C, a 3000 m min -14\u00b0C max -10\u00b0C.<br \/>\nVenti: Nelle valli deboli, con qualche possibile rinforzo di F\u00f6hn; in quota moderati, a tratti tesi in alta quota, da Nord, a 10-30 km\/h a 2000 m, 25-40 km\/h a 3000 m.<br \/>\n<strong>Domenica 16<\/strong><br \/>\nTempo in peggioramento, con schiarite mattutine ancora ampie, ma con tendenza ad aumento della nuvolosit\u00e0 da Ovest, fino a cielo molto nuvoloso o coperto al pomeriggio\/sera, quando saranno possibili nevicate perlopi\u00f9 deboli, in estensione dalle Prealpi occidentali verso Est. Lieve calo termico diurno. Venti deboli occidentali in quota.<br \/>\n<strong>Lunedi 17<\/strong><br \/>\nTempo in miglioramento con nuvolosit\u00e0 estesa nella notte, in attenuazione al mattino da Ovest fino a perlopi\u00f9 poco nuvoloso. Possibili residue deboli nevicate notturne. Sensibile rialzo termico in quota e di giorno anche nelle valli. Previsore: G.M.<\/p>\n","protected":false},"excerpt":{"rendered":"<p>Il sindaco di Zoldo \u00a0De Pellegrin\u00a0 dopo il primo sequestro di un&#8217;auto con targa straniera, minaccia di consegnare la fascia di sindaco al Prefetto, ovvero chiudere il Municipio e riconsegnare le chiavi. Il primo cittadino (Corriere delle Alpi) contesta la legge entrata in vigore: una modifica del codice della strada proibisce di avere una macchina&hellip;<\/p>\n","protected":false},"author":1,"featured_media":69308,"comment_status":"closed","ping_status":"closed","sticky":false,"template":"","format":"standard","meta":{"_monsterinsights_skip_tracking":false,"_monsterinsights_sitenote_active":false,"_monsterinsights_sitenote_note":"","_monsterinsights_sitenote_category":0,"footnotes":""},"categories":[86],"tags":[],"class_list":["post-69306","post","type-post","status-publish","format-standard","has-post-thumbnail","hentry","category-gr","category-86","description-off"],"img_url":"https:\/\/www.radiopiu.net\/wordpress\/wp-content\/uploads\/2018\/12\/Lavori-associazione-Castelani-2.jpg","_links":{"self":[{"href":"https:\/\/www.radiopiu.net\/wordpress\/wp-json\/wp\/v2\/posts\/69306","targetHints":{"allow":["GET"]}}],"collection":[{"href":"https:\/\/www.radiopiu.net\/wordpress\/wp-json\/wp\/v2\/posts"}],"about":[{"href":"https:\/\/www.radiopiu.net\/wordpress\/wp-json\/wp\/v2\/types\/post"}],"author":[{"embeddable":true,"href":"https:\/\/www.radiopiu.net\/wordpress\/wp-json\/wp\/v2\/users\/1"}],"replies":[{"embeddable":true,"href":"https:\/\/www.radiopiu.net\/wordpress\/wp-json\/wp\/v2\/comments?post=69306"}],"version-history":[{"count":0,"href":"https:\/\/www.radiopiu.net\/wordpress\/wp-json\/wp\/v2\/posts\/69306\/revisions"}],"wp:featuredmedia":[{"embeddable":true,"href":"https:\/\/www.radiopiu.net\/wordpress\/wp-json\/wp\/v2\/media\/69308"}],"wp:attachment":[{"href":"https:\/\/www.radiopiu.net\/wordpress\/wp-json\/wp\/v2\/media?parent=69306"}],"wp:term":[{"taxonomy":"category","embeddable":true,"href":"https:\/\/www.radiopiu.net\/wordpress\/wp-json\/wp\/v2\/categories?post=69306"},{"taxonomy":"post_tag","embeddable":true,"href":"https:\/\/www.radiopiu.net\/wordpress\/wp-json\/wp\/v2\/tags?post=69306"}],"curies":[{"name":"wp","href":"https:\/\/api.w.org\/{rel}","templated":true}]}}