{"id":69442,"date":"2018-12-14T06:02:49","date_gmt":"2018-12-14T05:02:49","guid":{"rendered":"http:\/\/www.radiopiu.net\/wordpress\/?p=69442"},"modified":"2018-12-14T06:02:49","modified_gmt":"2018-12-14T05:02:49","slug":"comprensivo-di-feltre-materiali-di-riciclo-per-costruire-oggetti-duso-comune","status":"publish","type":"post","link":"https:\/\/www.radiopiu.net\/wordpress\/comprensivo-di-feltre-materiali-di-riciclo-per-costruire-oggetti-duso-comune\/","title":{"rendered":"COMPRENSIVO DI FELTRE, MATERIALI DI RICICLO PER COSTRUIRE OGGETTI D&#8217;USO COMUNE"},"content":{"rendered":"<h1><\/h1>\n\n\t\t\t<style type='text\/css'>\n\t\t\t\t#gallery-1 {\n\t\t\t\t\tmargin: auto;\n\t\t\t\t}\n\t\t\t\t#gallery-1 .gallery-item {\n\t\t\t\t\tfloat: left;\n\t\t\t\t\tmargin-top: 10px;\n\t\t\t\t\ttext-align: center;\n\t\t\t\t\twidth: 33%;\n\t\t\t\t}\n\t\t\t\t#gallery-1 img {\n\t\t\t\t\tborder: 2px solid #cfcfcf;\n\t\t\t\t}\n\t\t\t\t#gallery-1 .gallery-caption {\n\t\t\t\t\tmargin-left: 0;\n\t\t\t\t}\n\t\t\t\t\/* see gallery_shortcode() in wp-includes\/media.php *\/\n\t\t\t<\/style>\n\t\t<div id='gallery-1' class='dt-gallery-container gallery galleryid-69442 gallery-columns-3 gallery-size-thumbnail'><dl class='gallery-item'>\n\t\t\t\t<dt class='gallery-icon landscape'>\n\t\t\t\t\t<a class=\"rollover\" href='https:\/\/www.radiopiu.net\/wordpress\/giornale-radiopiu-14-dicembre-2018-direttore-mirko-mezzacasa\/ic-feltre-progetto-riciclo-2\/'><img loading=\"lazy\" decoding=\"async\" width=\"150\" height=\"150\" src=\"https:\/\/www.radiopiu.net\/wordpress\/wp-content\/uploads\/2018\/12\/IC-FELTRE-Progetto-Riciclo-2-150x150.jpg\" class=\"attachment-thumbnail size-thumbnail\" alt=\"\" \/><\/a>\n\t\t\t\t<\/dt><\/dl><dl class='gallery-item'>\n\t\t\t\t<dt class='gallery-icon landscape'>\n\t\t\t\t\t<a class=\"rollover\" href='https:\/\/www.radiopiu.net\/wordpress\/giornale-radiopiu-14-dicembre-2018-direttore-mirko-mezzacasa\/ic-feltre-progetto-riciclo-3\/'><img loading=\"lazy\" decoding=\"async\" width=\"150\" height=\"150\" src=\"https:\/\/www.radiopiu.net\/wordpress\/wp-content\/uploads\/2018\/12\/IC-FELTRE-Progetto-Riciclo-3-150x150.jpg\" class=\"attachment-thumbnail size-thumbnail\" alt=\"\" \/><\/a>\n\t\t\t\t<\/dt><\/dl><dl class='gallery-item'>\n\t\t\t\t<dt class='gallery-icon landscape'>\n\t\t\t\t\t<a class=\"rollover\" href='https:\/\/www.radiopiu.net\/wordpress\/giornale-radiopiu-14-dicembre-2018-direttore-mirko-mezzacasa\/ic-feltre-progetto-riciclo-1-1\/'><img loading=\"lazy\" decoding=\"async\" width=\"150\" height=\"150\" src=\"https:\/\/www.radiopiu.net\/wordpress\/wp-content\/uploads\/2018\/12\/IC-FELTRE-Progetto-Riciclo-1-1-150x150.jpg\" class=\"attachment-thumbnail size-thumbnail\" alt=\"\" \/><\/a>\n\t\t\t\t<\/dt><\/dl><br style=\"clear: both\" \/>\n\t\t\t<\/div>\n\n<p><strong>FELTRE<\/strong> Una clessidra con due mezze bottiglie di plastica; un orologio a muro fatto con padella e posate; una dama in plexiglas di pedine coi tappi di plastica, blu e rosa; un appendiabito con una trave di legno recuperata; un\u2019abatjour col battiscopa. Questi e altri gli oggetti realizzati dagli alunni delle classi 2 A, B ed E della scuola media \u201cRocca\u201d dell\u2019IC di Feltre. \u201cSi tratta di un progetto di Educazione ambientale che porta i ragazzi a esprimersi con la manualit\u00e0 \u2013 spiegano i docenti Giovanni Vanz e Antonella Miglioranza \u2013 e a confrontarsi con materiali e strumenti di uso comune che altrimenti andrebbero a finire nel cassonetto. Attivare buone pratiche di differenziazione dei rifiuti, dal momento che l\u2019avere cura dell\u2019ambiente dove viviamo deve essere una pratica quotidiana\u201d. Una iniziativa che \u00e8 stata portata avanti in questi primi mesi dell\u2019anno e che replica quelle degli anni scorsi. \u201cGli oggetti saranno in mostra nell\u2019androne della media \u201cRocca\u201d fino a Natale. A partire da gennaio i ragazzi saranno impegnati in attivit\u00e0 di controllo e pulizia del cortile della scuola.<\/p>\n<h1>RIUNIONE ALL&#8217;INFANZIA DI TOMO<\/h1>\n<blockquote><p><em><strong>sala parrocchiale della frazione feltrina marted\u00ec 18 dicembre alle 17,30.<\/strong><\/em><\/p><\/blockquote>\n<p>Si terr\u00e0 nei locali della sala parrocchiale di Tomo la riunione di Scuola Aperta per i genitori degli alunni che il prossimo anno vorranno frequentare la scuola dell\u2019Infanzia di Tomo. Vista la momentanea inagibilit\u00e0 della struttura scolastica, colpita dagli eventi atmosferici del mese scorso, in attesa della prossima ultimazione dei lavori di ripristino predisposti dal Comune di Feltre, l\u2019incontro \u201cOpen Children\u2019s Day\u201d si terr\u00e0 alle 17.30 di marted\u00ec 18 dicembre presso la sala parrocchiale. Rimangono invariati gli altri appuntamenti: Infanzia Mugnai (venerd\u00ec 14 dicembre ore 17.30 presso scuola di Mugnai); Infanzia Vignui (Luned\u00ec 17 dicembre presso scuola di Vignui).<\/p>\n<p>&nbsp;<\/p>\n<p>&nbsp;<\/p>\n<h1><\/h1>\n","protected":false},"excerpt":{"rendered":"<p>FELTRE Una clessidra con due mezze bottiglie di plastica; un orologio a muro fatto con padella e posate; una dama in plexiglas di pedine coi tappi di plastica, blu e rosa; un appendiabito con una trave di legno recuperata; un\u2019abatjour col battiscopa. Questi e altri gli oggetti realizzati dagli alunni delle classi 2 A, B&hellip;<\/p>\n","protected":false},"author":1,"featured_media":69337,"comment_status":"closed","ping_status":"closed","sticky":false,"template":"","format":"standard","meta":{"_monsterinsights_skip_tracking":false,"_monsterinsights_sitenote_active":false,"_monsterinsights_sitenote_note":"","_monsterinsights_sitenote_category":0,"footnotes":""},"categories":[49],"tags":[],"class_list":["post-69442","post","type-post","status-publish","format-standard","has-post-thumbnail","hentry","category-news-18","category-49","description-off"],"img_url":"https:\/\/www.radiopiu.net\/wordpress\/wp-content\/uploads\/2018\/12\/IC-FELTRE-Progetto-Riciclo-1-1.jpg","_links":{"self":[{"href":"https:\/\/www.radiopiu.net\/wordpress\/wp-json\/wp\/v2\/posts\/69442","targetHints":{"allow":["GET"]}}],"collection":[{"href":"https:\/\/www.radiopiu.net\/wordpress\/wp-json\/wp\/v2\/posts"}],"about":[{"href":"https:\/\/www.radiopiu.net\/wordpress\/wp-json\/wp\/v2\/types\/post"}],"author":[{"embeddable":true,"href":"https:\/\/www.radiopiu.net\/wordpress\/wp-json\/wp\/v2\/users\/1"}],"replies":[{"embeddable":true,"href":"https:\/\/www.radiopiu.net\/wordpress\/wp-json\/wp\/v2\/comments?post=69442"}],"version-history":[{"count":0,"href":"https:\/\/www.radiopiu.net\/wordpress\/wp-json\/wp\/v2\/posts\/69442\/revisions"}],"wp:featuredmedia":[{"embeddable":true,"href":"https:\/\/www.radiopiu.net\/wordpress\/wp-json\/wp\/v2\/media\/69337"}],"wp:attachment":[{"href":"https:\/\/www.radiopiu.net\/wordpress\/wp-json\/wp\/v2\/media?parent=69442"}],"wp:term":[{"taxonomy":"category","embeddable":true,"href":"https:\/\/www.radiopiu.net\/wordpress\/wp-json\/wp\/v2\/categories?post=69442"},{"taxonomy":"post_tag","embeddable":true,"href":"https:\/\/www.radiopiu.net\/wordpress\/wp-json\/wp\/v2\/tags?post=69442"}],"curies":[{"name":"wp","href":"https:\/\/api.w.org\/{rel}","templated":true}]}}