{"id":69444,"date":"2018-12-14T06:04:21","date_gmt":"2018-12-14T05:04:21","guid":{"rendered":"http:\/\/www.radiopiu.net\/wordpress\/?p=69444"},"modified":"2018-12-14T16:15:16","modified_gmt":"2018-12-14T15:15:16","slug":"massari","status":"publish","type":"post","link":"https:\/\/www.radiopiu.net\/wordpress\/massari\/","title":{"rendered":"IL MAESTRO DELLA PASTICCERIA MONDIALE IGINIO MASSARI REALIZZA UNA TORTA PER LA \u201cRINASCITA DELLE DOLOMITI\u201d"},"content":{"rendered":"<h1><\/h1>\n<blockquote><p><strong><em>La proposta \u00e8 del progetto bellunese \u201cDDolomiti\u201d<\/em><\/strong><\/p><\/blockquote>\n<p><strong>ROCCA PIETORE\u00a0<\/strong>Una torta per aiutare i produttori bellunesi e per contribuire alla \u201cRinascita delle Dolomiti\u201d (The Rebirth of Dolomites). \u00c8 questo il nome della ricetta che il maestro della pasticceria mondiale Iginio Massari ha ideato per dare il suo personale contributo al superamento dell&#8217;emergenza maltempo che ha colpito la montagna veneta, bellunese in particolare. La scelta \u00e8 ricaduta su alcuni dei prodotti simbolo del territorio come le nocciole, il miele, il latte, il burro e lo yogurt. La ricetta \u00e8 semplice e non rappresenta un\u2019esclusiva: tutti potranno riprodurla a casa o in pasticceria, con tutte le varianti del caso.<\/p>\n<div style=\"width: 848px;\" class=\"wp-video\"><video class=\"wp-video-shortcode\" id=\"video-69444-1\" width=\"848\" height=\"480\" preload=\"metadata\" controls=\"controls\"><source type=\"video\/mp4\" src=\"http:\/\/www.radiopiu.net\/wordpress\/wp-content\/uploads\/2018\/12\/Iginio-Massari-RInascita-delle-Dolomiti.mp4?_=1\" \/><a href=\"http:\/\/www.radiopiu.net\/wordpress\/wp-content\/uploads\/2018\/12\/Iginio-Massari-RInascita-delle-Dolomiti.mp4\">http:\/\/www.radiopiu.net\/wordpress\/wp-content\/uploads\/2018\/12\/Iginio-Massari-RInascita-delle-Dolomiti.mp4<\/a><\/video><\/div>\n<p>L&#8217;evento si terr\u00e0 <b>sabato 22 dicembre alle ore 17 all&#8217;interno della pasticceria del Pineta Pastry hotel di Rocca Pietore<\/b>. Sono invitati anche operatori turistici e pasticcerie dell&#8217;Agordino, affinch\u00e9 il dolce possa essere disponibile anche per i turisti nella stagione invernale. Ha gi\u00e0 confermato la sua partecipazione <b>Massimo Alver\u00e0<\/b> dell&#8217;Accademia Pasticceri Italiani come Ospite Speciale. La prima parte dell&#8217;evento sar\u00e0 dedicata alla dimostrazione pratica della preparazione della torta da parte dei maestri pasticceri Christopher Nesello e Alver\u00e0, a cui seguir\u00e0 la degustazione.<\/p>\n<blockquote>\n<h2><a class=\"dt-pswp-item\" href=\"http:\/\/www.radiopiu.net\/wordpress\/wp-content\/uploads\/2018\/12\/ddolomiti.jpg\" data-dt-img-description=\"\" data-large_image_width=\"600\" data-large_image_height=\"600\"><img loading=\"lazy\" decoding=\"async\" class=\"size-medium wp-image-69474 alignleft\" src=\"http:\/\/www.radiopiu.net\/wordpress\/wp-content\/uploads\/2018\/12\/ddolomiti-300x300.jpg\" alt=\"\" width=\"300\" height=\"300\" srcset=\"https:\/\/www.radiopiu.net\/wordpress\/wp-content\/uploads\/2018\/12\/ddolomiti-300x300.jpg 300w, https:\/\/www.radiopiu.net\/wordpress\/wp-content\/uploads\/2018\/12\/ddolomiti-150x150.jpg 150w, https:\/\/www.radiopiu.net\/wordpress\/wp-content\/uploads\/2018\/12\/ddolomiti.jpg 600w\" sizes=\"auto, (max-width: 300px) 100vw, 300px\" \/><\/a>CUSTODI DEL TERRITORIO<\/h2>\n<p>La proposta a Massari \u00e8 arrivata dal progetto &#8220;DDolomiti-Custodi del Territorio\u201d lanciato quest&#8217;anno da Claudia Soppelsa (insegnante di lingua inglese), Francesca Valente (giornalista) e Paola Paganin (gi\u00e0 imprenditrice) per promuovere la cura e la tutela della montagna bellunese a partire dai suoi custodi, ovvero gli imprenditori agricoli.<\/p>\n<h3>REGALA UN AIUTO<\/h3>\n<p>DDolomiti con l&#8217;occasione lancia un appello a comprare i prodotti agricoli e artigianali bellunesi per aiutare privati e famiglie a risollevarsi: a giorni sar\u00e0 pubblicata la prima versione di un catalogo digitale contenente i nomi di alcune aziende segnalate, con la menzione dei prodotti da comprare e dei luoghi dove si possono trovare.<\/p><\/blockquote>\n<p>&nbsp;<\/p>\n<p>&nbsp;<\/p>\n","protected":false},"excerpt":{"rendered":"<p>La proposta \u00e8 del progetto bellunese \u201cDDolomiti\u201d ROCCA PIETORE\u00a0Una torta per aiutare i produttori bellunesi e per contribuire alla \u201cRinascita delle Dolomiti\u201d (The Rebirth of Dolomites). \u00c8 questo il nome della ricetta che il maestro della pasticceria mondiale Iginio Massari ha ideato per dare il suo personale contributo al superamento dell&#8217;emergenza maltempo che ha colpito&hellip;<\/p>\n","protected":false},"author":1,"featured_media":69474,"comment_status":"closed","ping_status":"closed","sticky":false,"template":"","format":"standard","meta":{"_monsterinsights_skip_tracking":false,"_monsterinsights_sitenote_active":false,"_monsterinsights_sitenote_note":"","_monsterinsights_sitenote_category":0,"footnotes":""},"categories":[49],"tags":[],"class_list":["post-69444","post","type-post","status-publish","format-standard","has-post-thumbnail","hentry","category-news-18","category-49","description-off"],"img_url":"https:\/\/www.radiopiu.net\/wordpress\/wp-content\/uploads\/2018\/12\/ddolomiti.jpg","_links":{"self":[{"href":"https:\/\/www.radiopiu.net\/wordpress\/wp-json\/wp\/v2\/posts\/69444","targetHints":{"allow":["GET"]}}],"collection":[{"href":"https:\/\/www.radiopiu.net\/wordpress\/wp-json\/wp\/v2\/posts"}],"about":[{"href":"https:\/\/www.radiopiu.net\/wordpress\/wp-json\/wp\/v2\/types\/post"}],"author":[{"embeddable":true,"href":"https:\/\/www.radiopiu.net\/wordpress\/wp-json\/wp\/v2\/users\/1"}],"replies":[{"embeddable":true,"href":"https:\/\/www.radiopiu.net\/wordpress\/wp-json\/wp\/v2\/comments?post=69444"}],"version-history":[{"count":0,"href":"https:\/\/www.radiopiu.net\/wordpress\/wp-json\/wp\/v2\/posts\/69444\/revisions"}],"wp:featuredmedia":[{"embeddable":true,"href":"https:\/\/www.radiopiu.net\/wordpress\/wp-json\/wp\/v2\/media\/69474"}],"wp:attachment":[{"href":"https:\/\/www.radiopiu.net\/wordpress\/wp-json\/wp\/v2\/media?parent=69444"}],"wp:term":[{"taxonomy":"category","embeddable":true,"href":"https:\/\/www.radiopiu.net\/wordpress\/wp-json\/wp\/v2\/categories?post=69444"},{"taxonomy":"post_tag","embeddable":true,"href":"https:\/\/www.radiopiu.net\/wordpress\/wp-json\/wp\/v2\/tags?post=69444"}],"curies":[{"name":"wp","href":"https:\/\/api.w.org\/{rel}","templated":true}]}}