{"id":69451,"date":"2018-12-14T06:08:59","date_gmt":"2018-12-14T05:08:59","guid":{"rendered":"http:\/\/www.radiopiu.net\/wordpress\/?p=69451"},"modified":"2018-12-14T06:08:59","modified_gmt":"2018-12-14T05:08:59","slug":"aprono-i-collegamenti-tra-le-diverse-localita-del-comprensorio-civetta","status":"publish","type":"post","link":"https:\/\/www.radiopiu.net\/wordpress\/aprono-i-collegamenti-tra-le-diverse-localita-del-comprensorio-civetta\/","title":{"rendered":"APRONO I COLLEGAMENTI TRA LE DIVERSE LOCALIT\u00c0 DEL COMPRENSORIO CIVETTA"},"content":{"rendered":"<h1><\/h1>\n<p><a class=\"dt-pswp-item\" href=\"http:\/\/www.radiopiu.net\/wordpress\/wp-content\/uploads\/2018\/12\/h.jpg\" data-dt-img-description=\"\" data-large_image_width=\"750\" data-large_image_height=\"214\"><img loading=\"lazy\" decoding=\"async\" class=\"alignnone wp-image-69336 size-full\" src=\"http:\/\/www.radiopiu.net\/wordpress\/wp-content\/uploads\/2018\/12\/h.jpg\" alt=\"\" width=\"750\" height=\"214\" srcset=\"https:\/\/www.radiopiu.net\/wordpress\/wp-content\/uploads\/2018\/12\/h.jpg 750w, https:\/\/www.radiopiu.net\/wordpress\/wp-content\/uploads\/2018\/12\/h-300x86.jpg 300w\" sizes=\"auto, (max-width: 750px) 100vw, 750px\" \/><\/a><br \/>\n13 dicembre 2018, Alleghe &#8211; Il comprensorio del Civetta si prepara al fine settimana con nuove aperture in programma da oggi, per consentire i collegamenti da Alleghe verso Zoldo e Selva di Cadore. La societ\u00e0 impianti Alleghe Funivie amplier\u00e0 quindi l&#8217;offerta con l&#8217;apertura di nuovi impianti, che andranno ad aggiungersi a quelli gi\u00e0 in funzione (Alleghe-Piani di Pezz\u00e8, Piani di Pezz\u00e8-Col dei Baldi, Baby-Piani di Pezz\u00e8, Pelmo e Pioda del Palafavera). Da oggi sar\u00e0 quindi aperto il collegamento Alleghe-Palafavera-Zoldo con la seggiovia Delle Coste, la sciovia Campetto e la cabinovia Pian del Crep, alle quali si aggiunger\u00e0 sabato 15 dicembre la seggiovia Cristelin. Da Sabato inoltre si potr\u00e0 sciare da Alleghe verso Selva di Cadore grazie all&#8217;apertura della seggiovia Pescul-Fertazza e la seggiovia Fertazza con le piste Fertazza e Bait (Selva di Cadore).<\/p>\n","protected":false},"excerpt":{"rendered":"<p>13 dicembre 2018, Alleghe &#8211; Il comprensorio del Civetta si prepara al fine settimana con nuove aperture in programma da oggi, per consentire i collegamenti da Alleghe verso Zoldo e Selva di Cadore. La societ\u00e0 impianti Alleghe Funivie amplier\u00e0 quindi l&#8217;offerta con l&#8217;apertura di nuovi impianti, che andranno ad aggiungersi a quelli gi\u00e0 in funzione&hellip;<\/p>\n","protected":false},"author":1,"featured_media":69336,"comment_status":"closed","ping_status":"closed","sticky":false,"template":"","format":"standard","meta":{"_monsterinsights_skip_tracking":false,"_monsterinsights_sitenote_active":false,"_monsterinsights_sitenote_note":"","_monsterinsights_sitenote_category":0,"footnotes":""},"categories":[49],"tags":[],"class_list":["post-69451","post","type-post","status-publish","format-standard","has-post-thumbnail","hentry","category-news-18","category-49","description-off"],"img_url":"https:\/\/www.radiopiu.net\/wordpress\/wp-content\/uploads\/2018\/12\/h.jpg","_links":{"self":[{"href":"https:\/\/www.radiopiu.net\/wordpress\/wp-json\/wp\/v2\/posts\/69451","targetHints":{"allow":["GET"]}}],"collection":[{"href":"https:\/\/www.radiopiu.net\/wordpress\/wp-json\/wp\/v2\/posts"}],"about":[{"href":"https:\/\/www.radiopiu.net\/wordpress\/wp-json\/wp\/v2\/types\/post"}],"author":[{"embeddable":true,"href":"https:\/\/www.radiopiu.net\/wordpress\/wp-json\/wp\/v2\/users\/1"}],"replies":[{"embeddable":true,"href":"https:\/\/www.radiopiu.net\/wordpress\/wp-json\/wp\/v2\/comments?post=69451"}],"version-history":[{"count":0,"href":"https:\/\/www.radiopiu.net\/wordpress\/wp-json\/wp\/v2\/posts\/69451\/revisions"}],"wp:featuredmedia":[{"embeddable":true,"href":"https:\/\/www.radiopiu.net\/wordpress\/wp-json\/wp\/v2\/media\/69336"}],"wp:attachment":[{"href":"https:\/\/www.radiopiu.net\/wordpress\/wp-json\/wp\/v2\/media?parent=69451"}],"wp:term":[{"taxonomy":"category","embeddable":true,"href":"https:\/\/www.radiopiu.net\/wordpress\/wp-json\/wp\/v2\/categories?post=69451"},{"taxonomy":"post_tag","embeddable":true,"href":"https:\/\/www.radiopiu.net\/wordpress\/wp-json\/wp\/v2\/tags?post=69451"}],"curies":[{"name":"wp","href":"https:\/\/api.w.org\/{rel}","templated":true}]}}