{"id":69470,"date":"2018-12-14T07:55:44","date_gmt":"2018-12-14T06:55:44","guid":{"rendered":"http:\/\/www.radiopiu.net\/wordpress\/?p=69470"},"modified":"2018-12-14T07:55:44","modified_gmt":"2018-12-14T06:55:44","slug":"borgo-valbelluna-per-de-menech-e-gia-la-terza-citta-in-provincia","status":"publish","type":"post","link":"https:\/\/www.radiopiu.net\/wordpress\/borgo-valbelluna-per-de-menech-e-gia-la-terza-citta-in-provincia\/","title":{"rendered":"BORGO VALBELLUNA, PER\u00a0 DE MENECH E&#8217; GIA&#8217; LA TERZA CITTA&#8217; IN PROVINCIA"},"content":{"rendered":"<h1><\/h1>\n<p><strong><a class=\"dt-pswp-item\" href=\"http:\/\/www.radiopiu.net\/wordpress\/wp-content\/uploads\/2018\/07\/ROGER.jpg\" data-dt-img-description=\"\" data-large_image_width=\"193\" data-large_image_height=\"261\"><img loading=\"lazy\" decoding=\"async\" class=\" wp-image-53882 alignleft\" src=\"http:\/\/www.radiopiu.net\/wordpress\/wp-content\/uploads\/2018\/07\/ROGER.jpg\" alt=\"\" width=\"92\" height=\"124\" \/><\/a>ROMA\u00a0<\/strong>\u00a0 Il referendum in programma domenica per unire Trichiana, Mel e Lentiai nel nuovo comune di Borgo Valbelluna potrebbe dar vita alla terza citt\u00e0 della provincia di Belluno. \u00ab\u00c8 un fatto di portata enorme per la nostra comunit\u00e0\u00bb, afferma il deputato bellunese Roger De Menech. \u00abI tempi dell\u2019operazione sono ormai maturi e sono stati colti con tempestivit\u00e0 dagli amministratori e dai promotori del referendum&#8221;.<\/p>\n<p>&nbsp;<\/p>\n<p><strong>ROGER DE MENECH<\/strong><\/p>\n<audio class=\"wp-audio-shortcode\" id=\"audio-69470-1\" preload=\"none\" style=\"width: 100%;\" controls=\"controls\"><source type=\"audio\/mpeg\" src=\"http:\/\/www.radiopiu.net\/wordpress\/wp-content\/uploads\/2018\/12\/roer.mp3?_=1\" \/><a href=\"http:\/\/www.radiopiu.net\/wordpress\/wp-content\/uploads\/2018\/12\/roer.mp3\">http:\/\/www.radiopiu.net\/wordpress\/wp-content\/uploads\/2018\/12\/roer.mp3<\/a><\/audio>\n<p>&nbsp;<\/p>\n<p>&nbsp;<\/p>\n<h1>LA FUSIONE, PER D&#8217;INCA&#8217; MOMENTO STORICO PER UN NUOVO FUTURO DEL TERRITORIO<\/h1>\n<p><strong><a class=\"dt-pswp-item\" href=\"http:\/\/www.radiopiu.net\/wordpress\/wp-content\/uploads\/2017\/09\/DInc\u00e0-Grisol.jpg\" data-dt-img-description=\"\" data-large_image_width=\"1280\" data-large_image_height=\"960\"><img loading=\"lazy\" decoding=\"async\" class=\" wp-image-36473 alignleft\" src=\"http:\/\/www.radiopiu.net\/wordpress\/wp-content\/uploads\/2017\/09\/DInc\u00e0-Grisol-300x225.jpg\" alt=\"\" width=\"164\" height=\"123\" \/><\/a>ROMA\u00a0\u00a0<\/strong>Federico D\u2019Inc\u00e0, deputato Questore alla Camera dei deputati, si esprime a favore della fusione dei Comuni di Lentiai, Mel e Trichiana e invita la cittadinanza al voto di domenica. \u201cQuesto \u00e8 un momento storico per il territorio \u2013 dichiara D\u2019Inc\u00e0 \u2013 Domenica possiamo decidere di ampliare le nostre prospettive cogliendo i vantaggi enormi della fusione dei comuni di Lentiai, Mel e Trichiana andando a costituire Borgo Valbelluna. Ma anche per tutti gli altri comuni che stanno progettando una fusione e che chiameranno fra pochi giorni i cittadini a decidere del proprio futuro\u201d. Il deputato sottolinea come la fusione metter\u00e0 in rete risorse umane, finanziarie e strumentali, e permetter\u00e0 di avere economie di scala risparmiando milioni di euro: inoltre per i cittadini non cambier\u00e0 niente dal punto di vista dei servizi, che anzi andranno verso una maggiore digitalizzazione grazie anche al lavoro su questo tema che D\u2019Inc\u00e0 sta portando avanti in Parlamento.<\/p>\n<p><strong>FEDERICO D&#8217;INCA&#8217;<\/strong><\/p>\n<audio class=\"wp-audio-shortcode\" id=\"audio-69470-2\" preload=\"none\" style=\"width: 100%;\" controls=\"controls\"><source type=\"audio\/ogg\" src=\"http:\/\/www.radiopiu.net\/wordpress\/wp-content\/uploads\/2018\/12\/inca.ogg?_=2\" \/><a href=\"http:\/\/www.radiopiu.net\/wordpress\/wp-content\/uploads\/2018\/12\/inca.ogg\">http:\/\/www.radiopiu.net\/wordpress\/wp-content\/uploads\/2018\/12\/inca.ogg<\/a><\/audio>\n<h1 align=\"CENTER\"><\/h1>\n<p>&nbsp;<\/p>\n<p>&nbsp;<\/p>\n<p>&nbsp;<\/p>\n<h1 style=\"text-align: left;\" align=\"CENTER\">P<\/h1>\n","protected":false},"excerpt":{"rendered":"<p>ROMA\u00a0\u00a0 Il referendum in programma domenica per unire Trichiana, Mel e Lentiai nel nuovo comune di Borgo Valbelluna potrebbe dar vita alla terza citt\u00e0 della provincia di Belluno. \u00ab\u00c8 un fatto di portata enorme per la nostra comunit\u00e0\u00bb, afferma il deputato bellunese Roger De Menech. \u00abI tempi dell\u2019operazione sono ormai maturi e sono stati colti&hellip;<\/p>\n","protected":false},"author":1,"featured_media":63654,"comment_status":"closed","ping_status":"closed","sticky":false,"template":"","format":"standard","meta":{"_monsterinsights_skip_tracking":false,"_monsterinsights_sitenote_active":false,"_monsterinsights_sitenote_note":"","_monsterinsights_sitenote_category":0,"footnotes":""},"categories":[49],"tags":[],"class_list":["post-69470","post","type-post","status-publish","format-standard","has-post-thumbnail","hentry","category-news-18","category-49","description-off"],"img_url":"https:\/\/www.radiopiu.net\/wordpress\/wp-content\/uploads\/2018\/10\/mel.jpg","_links":{"self":[{"href":"https:\/\/www.radiopiu.net\/wordpress\/wp-json\/wp\/v2\/posts\/69470","targetHints":{"allow":["GET"]}}],"collection":[{"href":"https:\/\/www.radiopiu.net\/wordpress\/wp-json\/wp\/v2\/posts"}],"about":[{"href":"https:\/\/www.radiopiu.net\/wordpress\/wp-json\/wp\/v2\/types\/post"}],"author":[{"embeddable":true,"href":"https:\/\/www.radiopiu.net\/wordpress\/wp-json\/wp\/v2\/users\/1"}],"replies":[{"embeddable":true,"href":"https:\/\/www.radiopiu.net\/wordpress\/wp-json\/wp\/v2\/comments?post=69470"}],"version-history":[{"count":0,"href":"https:\/\/www.radiopiu.net\/wordpress\/wp-json\/wp\/v2\/posts\/69470\/revisions"}],"wp:featuredmedia":[{"embeddable":true,"href":"https:\/\/www.radiopiu.net\/wordpress\/wp-json\/wp\/v2\/media\/63654"}],"wp:attachment":[{"href":"https:\/\/www.radiopiu.net\/wordpress\/wp-json\/wp\/v2\/media?parent=69470"}],"wp:term":[{"taxonomy":"category","embeddable":true,"href":"https:\/\/www.radiopiu.net\/wordpress\/wp-json\/wp\/v2\/categories?post=69470"},{"taxonomy":"post_tag","embeddable":true,"href":"https:\/\/www.radiopiu.net\/wordpress\/wp-json\/wp\/v2\/tags?post=69470"}],"curies":[{"name":"wp","href":"https:\/\/api.w.org\/{rel}","templated":true}]}}