{"id":69587,"date":"2018-12-15T16:26:20","date_gmt":"2018-12-15T15:26:20","guid":{"rendered":"http:\/\/www.radiopiu.net\/wordpress\/?p=69587"},"modified":"2018-12-15T16:26:20","modified_gmt":"2018-12-15T15:26:20","slug":"ostacolo-al-diritto-interruzione-gravidanza-a-conclusione-indagini-preliminari-ritenuto-sussistente-reato-di-diffamazione-aggravata-ai-danni-del-servizio-sanitario-veneto","status":"publish","type":"post","link":"https:\/\/www.radiopiu.net\/wordpress\/ostacolo-al-diritto-interruzione-gravidanza-a-conclusione-indagini-preliminari-ritenuto-sussistente-reato-di-diffamazione-aggravata-ai-danni-del-servizio-sanitario-veneto\/","title":{"rendered":"OSTACOLO AL DIRITTO INTERRUZIONE GRAVIDANZA: A CONCLUSIONE INDAGINI PRELIMINARI RITENUTO SUSSISTENTE REATO DI DIFFAMAZIONE AGGRAVATA AI DANNI DEL SERVIZIO SANITARIO VENETO"},"content":{"rendered":"<p>La Procura della Repubblica del Tribunale di Venezia ha concluso le indagini preliminari del procedimento penale n. 2125\/18 R.G.N.R., relativo alle accuse di disservizio e di ostacolo al diritto ad interrompere la gravidanza che erano state mosse, tramite gli organi di stampa, contro il Servizio Sanitario Locale Veneto.<\/p>\n<p>Il Pubblico Ministero ha ritenuto sussistente il reato di diffamazione aggravata commesso da F.P. e M. M. entrambe sindacaliste della CGIL, a cui \u00e8 stato notificato l\u2019avviso di conclusione delle indagini preliminari, assieme all\u2019avviso di garanzia.<\/p>\n<p>In particolare, le indagini preliminari hanno pienamente accertato che la notizia riferita ai giornalisti, secondo cui alla sig.ra M. M. sarebbe stato impedito di interrompere la gravidanza da 23 strutture ospedaliere locali, sino all\u2019intervento agevolativo della CGIL, era falsa.\u00a0<\/p>\n<p>\u00c8 stato provato che \u201cla prestazione di interruzione della gravidanza fornita e garantita alla M.M. dal Servizio Sanitario Locale \u00e8 stata pienamente rispettosa dei tempi previsti dalla legge\u201d ed \u00e8 intervenuta senza alcuna interposizione dell\u2019organizzazione sindacale.<\/p>\n<p>Il comportamento tenuto \u00e8 stato particolarmente grave, perch\u00e9 a seguito della diffusione mediatica \u00e8 stato anche iscritto un procedimento penale per valutare la correttezza dell\u2019operato delle strutture sanitarie coinvolte. In breve tempo \u2013 accertata l\u2019assenza di qualsiasi forma di responsabilit\u00e0 \u2013 il procedimento \u00e8 stato archiviato.<\/p>\n<p>Atteso il grave danno d\u2019immagine subito, la Regione del Veneto si riserva di costituirsi parte civile nell\u2019ambito del procedimento.<\/p>\n","protected":false},"excerpt":{"rendered":"<p>La Procura della Repubblica del Tribunale di Venezia ha concluso le indagini preliminari del procedimento penale n. 2125\/18 R.G.N.R., relativo alle accuse di disservizio e di ostacolo al diritto ad interrompere la gravidanza che erano state mosse, tramite gli organi di stampa, contro il Servizio Sanitario Locale Veneto. Il Pubblico Ministero ha ritenuto sussistente il&hellip;<\/p>\n","protected":false},"author":1,"featured_media":69588,"comment_status":"closed","ping_status":"closed","sticky":false,"template":"","format":"standard","meta":{"_monsterinsights_skip_tracking":false,"_monsterinsights_sitenote_active":false,"_monsterinsights_sitenote_note":"","_monsterinsights_sitenote_category":0,"footnotes":""},"categories":[49],"tags":[],"class_list":["post-69587","post","type-post","status-publish","format-standard","has-post-thumbnail","hentry","category-news-18","category-49","description-off"],"img_url":"https:\/\/www.radiopiu.net\/wordpress\/wp-content\/uploads\/2018\/12\/judge-1587300_1280.jpg","_links":{"self":[{"href":"https:\/\/www.radiopiu.net\/wordpress\/wp-json\/wp\/v2\/posts\/69587","targetHints":{"allow":["GET"]}}],"collection":[{"href":"https:\/\/www.radiopiu.net\/wordpress\/wp-json\/wp\/v2\/posts"}],"about":[{"href":"https:\/\/www.radiopiu.net\/wordpress\/wp-json\/wp\/v2\/types\/post"}],"author":[{"embeddable":true,"href":"https:\/\/www.radiopiu.net\/wordpress\/wp-json\/wp\/v2\/users\/1"}],"replies":[{"embeddable":true,"href":"https:\/\/www.radiopiu.net\/wordpress\/wp-json\/wp\/v2\/comments?post=69587"}],"version-history":[{"count":0,"href":"https:\/\/www.radiopiu.net\/wordpress\/wp-json\/wp\/v2\/posts\/69587\/revisions"}],"wp:featuredmedia":[{"embeddable":true,"href":"https:\/\/www.radiopiu.net\/wordpress\/wp-json\/wp\/v2\/media\/69588"}],"wp:attachment":[{"href":"https:\/\/www.radiopiu.net\/wordpress\/wp-json\/wp\/v2\/media?parent=69587"}],"wp:term":[{"taxonomy":"category","embeddable":true,"href":"https:\/\/www.radiopiu.net\/wordpress\/wp-json\/wp\/v2\/categories?post=69587"},{"taxonomy":"post_tag","embeddable":true,"href":"https:\/\/www.radiopiu.net\/wordpress\/wp-json\/wp\/v2\/tags?post=69587"}],"curies":[{"name":"wp","href":"https:\/\/api.w.org\/{rel}","templated":true}]}}