{"id":69591,"date":"2018-12-16T12:04:59","date_gmt":"2018-12-16T11:04:59","guid":{"rendered":"http:\/\/www.radiopiu.net\/wordpress\/?p=69591"},"modified":"2018-12-16T12:04:26","modified_gmt":"2018-12-16T11:04:26","slug":"ancora-un-dramma-bel-bosco-muore-un-cinquantenne-a-gosaldo","status":"publish","type":"post","link":"https:\/\/www.radiopiu.net\/wordpress\/ancora-un-dramma-bel-bosco-muore-un-cinquantenne-a-gosaldo\/","title":{"rendered":"ANCORA UN DRAMMA BEL BOSCO, MUORE UN CINQUANTENNE  A GOSALDO."},"content":{"rendered":"<p><strong>GOSALDO-MIS SAGRON <\/strong> Un altro boscaiolo ha perso la vita nei boschi poco sopra l&#8217;abitato di Gosaldo, verso Mis Sagron. Ottorino Dal Don, 50 anni era intento nel taglio degli alberi, un ramo si sarebbe impigliato tra terreno e sasso per poi disincastrarsi (trainato da un trattore) travolgendo l&#8217;uomo. Inutile l&#8217;immediato intervento dei soccorsi e dell&#8217;elicottero- Un&#8217;altra tragedia nel bosco trentino al confine con la provincia, in cui \u00e8 deceduto Vitali Mardari. La vittima \u00e8 un dipendente comunale del paese trentino di Mis Sagron, \u00e8 stato trasportato in gravi condizioni all&#8217;ospedale di Trento, dove i medici non sono riusciti a salvargli la vita. E&#8217; il terzo morto nei boschi in un mese, nella sola area del Trentino.<\/p>\n","protected":false},"excerpt":{"rendered":"<p>GOSALDO-MIS SAGRON Un altro boscaiolo ha perso la vita nei boschi poco sopra l&#8217;abitato di Gosaldo, verso Mis Sagron. Ottorino Dal Don, 50 anni era intento nel taglio degli alberi, un ramo si sarebbe impigliato tra terreno e sasso per poi disincastrarsi (trainato da un trattore) travolgendo l&#8217;uomo. Inutile l&#8217;immediato intervento dei soccorsi e dell&#8217;elicottero-&hellip;<\/p>\n","protected":false},"author":1,"featured_media":69360,"comment_status":"closed","ping_status":"closed","sticky":false,"template":"","format":"standard","meta":{"_monsterinsights_skip_tracking":false,"_monsterinsights_sitenote_active":false,"_monsterinsights_sitenote_note":"","_monsterinsights_sitenote_category":0,"footnotes":""},"categories":[49],"tags":[],"class_list":["post-69591","post","type-post","status-publish","format-standard","has-post-thumbnail","hentry","category-news-18","category-49","description-off"],"img_url":"https:\/\/www.radiopiu.net\/wordpress\/wp-content\/uploads\/2018\/12\/WhatsApp-Image-2018-11-06-at-08.34.51.jpeg","_links":{"self":[{"href":"https:\/\/www.radiopiu.net\/wordpress\/wp-json\/wp\/v2\/posts\/69591","targetHints":{"allow":["GET"]}}],"collection":[{"href":"https:\/\/www.radiopiu.net\/wordpress\/wp-json\/wp\/v2\/posts"}],"about":[{"href":"https:\/\/www.radiopiu.net\/wordpress\/wp-json\/wp\/v2\/types\/post"}],"author":[{"embeddable":true,"href":"https:\/\/www.radiopiu.net\/wordpress\/wp-json\/wp\/v2\/users\/1"}],"replies":[{"embeddable":true,"href":"https:\/\/www.radiopiu.net\/wordpress\/wp-json\/wp\/v2\/comments?post=69591"}],"version-history":[{"count":0,"href":"https:\/\/www.radiopiu.net\/wordpress\/wp-json\/wp\/v2\/posts\/69591\/revisions"}],"wp:featuredmedia":[{"embeddable":true,"href":"https:\/\/www.radiopiu.net\/wordpress\/wp-json\/wp\/v2\/media\/69360"}],"wp:attachment":[{"href":"https:\/\/www.radiopiu.net\/wordpress\/wp-json\/wp\/v2\/media?parent=69591"}],"wp:term":[{"taxonomy":"category","embeddable":true,"href":"https:\/\/www.radiopiu.net\/wordpress\/wp-json\/wp\/v2\/categories?post=69591"},{"taxonomy":"post_tag","embeddable":true,"href":"https:\/\/www.radiopiu.net\/wordpress\/wp-json\/wp\/v2\/tags?post=69591"}],"curies":[{"name":"wp","href":"https:\/\/api.w.org\/{rel}","templated":true}]}}