{"id":69667,"date":"2018-12-17T05:55:08","date_gmt":"2018-12-17T04:55:08","guid":{"rendered":"http:\/\/www.radiopiu.net\/wordpress\/?p=69667"},"modified":"2018-12-17T14:30:33","modified_gmt":"2018-12-17T13:30:33","slug":"giornale-radiopiu-del-17-dicembre-2018-direttore-mirko-mezzacasa","status":"publish","type":"post","link":"https:\/\/www.radiopiu.net\/wordpress\/giornale-radiopiu-del-17-dicembre-2018-direttore-mirko-mezzacasa\/","title":{"rendered":"GIORNALE RADIOPIU DEL 17 DICEMBRE 2018 DIRETTORE MIRKO MEZZACASA"},"content":{"rendered":"<p><strong> Il taglio del nastro<\/strong>\u00a0tra poche ore, a mezzogiorno, il presidente della Regione Luca Zaia e i vertici di Veneto Strade saranno ad Agordo (in prossimit\u00e0 della rotonda sul nuovo viadotto a Ponte Alto) per inaugurare l&#8217;ultimo tratto della tagenziale.\u00a0<strong>Referendum per l&#8217;Unione<\/strong> Non hanno votato in tanti, ma poich\u00e9 gli assenti il torto lo hanno sempre chi ha vinto sono i sostenitori del SI alla fusione, unitariet\u00e0 contro il campanile. Tra errori tipografici che indicavano la provincia di Vicenza al posto di Belluno e timbri mancanti si \u00e8 svolto regolarmente il referendum che ha portato al nuovo comune di Borgo Valbelluna, il terzo pi\u00f9 grande in provincia. <strong>La recente tragedia ad Ancona<\/strong> ha portato ad un aumento di attenzione e controlli anche per altri spettacoli, a farne le spese sabato sera il rapper Mondo Marcio, il concerto a La Veneggia non \u00e8 nemmeno iniziato, serata interrotta mezz&#8217;ora prima dell&#8217;inizio per alcune irregolarit\u00e0 logistiche e il biglietto sar\u00e0 risarcito. <strong>La cronaca<\/strong> ci porta a segnalare un incidente\u00a0 a Caorera di Vas che ha coinvolto 4 giovani di Alano di Piave a bordo di una Panda, uno di loro M.M di 18 anni\u00a0 \u00e8 ricoverato in terapia intensiva e in prognosi riservata all&#8217;ospedale di Treviso non \u00e8 in pericolo di vita, \u00e8 andata meglio agli altri tre finiti all&#8217;ospedale con ferite leggere e trauma cranico, O.S. 22 anni\u00a0 \u00e8 stato dimesso con una prognosi di 7 giorni, ancora in osservazione\u00a0 il fratello minorenne e un diciasettenne trasportati al pronto soccorso di Montebelluna. <strong>Anche ieri giornata della solidariet\u00e0<\/strong> Veneti per veneti ha consegnato quasi 21 mila euro tra l&#8217;Alto Agordino e il Comelico, ben 9 gli assegni staccati da oltre 2000 euro per le famiglie pi\u00f9 colpite<strong>. A Rivamonte<\/strong> assegno da 5000 euro da chi si \u00e8 voluto privare del panettone aziendale per aiutare uno dei paesi alluvionati. Ieri \u00e8 stato anche giorno giorno di<strong> Rivanadal<\/strong> solito successo di partecipazione sia da parte degli espositori, tanti ed originali, che nel numeroso pubblico da tutta la provincia, un successo e cos\u00ec sar\u00e0 anche tra pochi giorni a Sottoguda con il Natale tra i fienili.<\/p>\n<p>&nbsp;<\/p>\n<p>&nbsp;<\/p>\n<blockquote>\n<h1>IL GIORNO DELLA TANGENZIALE<\/h1>\n<p>Oggi alle 12 taglio del nastro alla variante di Agordo, opera che \u00e8 costata complessivamente intorno ai nove milioni di euro. L\u2019ultimo pezzo della variante ha una lunghezza complessiva di poco meno di un chilometro, costituito da un importante viadotto della lunghezza di 222 metri e dal restante tronco in rilevato anche di notevole altezza (fino a 12 metri). La sede stradale ha una larghezza complessiva pari a 10,50 metri ed \u00e8 composta da 2 corsie da 3,75 metri ciascuna e da due banchine da 1,50 metri.<\/p><\/blockquote>\n<p>&nbsp;<\/p>\n<p>&nbsp;<\/p>\n<p><strong>INCIDENTE A QUERO VAS, TRAGEDIA SFIORATA, PANDA CONTRO IL MURO DI CONTENIMENTO, A BORDO QUATTRO GIOVANI, TRE POCO PIU&#8217; CHE MAGGIORENNI E UN MINORENNE, TUTTI DI ALANO DI PIAVE.<\/strong><\/p>\n<p><a class=\"dt-pswp-item\" href=\"http:\/\/www.radiopiu.net\/wordpress\/wp-content\/uploads\/2018\/12\/Foto-Caorera.jpg\" data-dt-img-description=\"\" data-large_image_width=\"1280\" data-large_image_height=\"720\"><img loading=\"lazy\" decoding=\"async\" class=\"alignnone wp-image-69603 size-large\" src=\"http:\/\/www.radiopiu.net\/wordpress\/wp-content\/uploads\/2018\/12\/Foto-Caorera-1024x576.jpg\" alt=\"\" width=\"1024\" height=\"576\" srcset=\"https:\/\/www.radiopiu.net\/wordpress\/wp-content\/uploads\/2018\/12\/Foto-Caorera-1024x576.jpg 1024w, https:\/\/www.radiopiu.net\/wordpress\/wp-content\/uploads\/2018\/12\/Foto-Caorera-300x169.jpg 300w, https:\/\/www.radiopiu.net\/wordpress\/wp-content\/uploads\/2018\/12\/Foto-Caorera-768x432.jpg 768w, https:\/\/www.radiopiu.net\/wordpress\/wp-content\/uploads\/2018\/12\/Foto-Caorera.jpg 1280w\" sizes=\"auto, (max-width: 1024px) 100vw, 1024px\" \/><\/a><\/p>\n<p>&nbsp;<\/p>\n<p>&nbsp;<\/p>\n<p>&nbsp;<\/p>\n<h1>SI ALLA FUSIONE, IL 60 PER CENTO HA DETTO SI. LA VITTORE DELL&#8217;UNIONE SUL CAMPANILE. BORGOVALBELLUNA, IL TERZO COMUNE DELLA PROVINCIA<\/h1>\n<p><strong><a class=\"dt-pswp-item\" href=\"http:\/\/www.radiopiu.net\/wordpress\/wp-content\/uploads\/2017\/11\/Mel-P03.jpg\" data-dt-img-description=\"\" data-large_image_width=\"1500\" data-large_image_height=\"600\"><img loading=\"lazy\" decoding=\"async\" class=\"size-medium wp-image-38659 alignleft\" src=\"http:\/\/www.radiopiu.net\/wordpress\/wp-content\/uploads\/2017\/11\/Mel-P03-300x120.jpg\" alt=\"\" width=\"300\" height=\"120\" \/><\/a>REFERENDUM CONSULTIVO FUSIONE BORGO VALBELLUNA<\/strong> Comune di Mel: Affluenza 39,29%(senza iscritti AIRE 52%) S\u00ec 76% No 24% Comune di Lentiai: Affluenza 30% (senza iscritti AIRE 52%) S\u00ec 65% No 35%<br \/>\nComune di Trichiana: Affluenza 39,9% (senza iscritti AIRE <strong>47,2%) S\u00ec 60% No 40%<\/strong><\/p>\n<p><strong>di DAMIANO TORMEN<\/strong><\/p>\n<audio class=\"wp-audio-shortcode\" id=\"audio-69667-1\" preload=\"none\" style=\"width: 100%;\" controls=\"controls\"><source type=\"audio\/ogg\" src=\"http:\/\/www.radiopiu.net\/wordpress\/wp-content\/uploads\/2018\/12\/WhatsApp-Ptt-2018-12-17-at-01.33.14.ogg?_=1\" \/><a href=\"http:\/\/www.radiopiu.net\/wordpress\/wp-content\/uploads\/2018\/12\/WhatsApp-Ptt-2018-12-17-at-01.33.14.ogg\">http:\/\/www.radiopiu.net\/wordpress\/wp-content\/uploads\/2018\/12\/WhatsApp-Ptt-2018-12-17-at-01.33.14.ogg<\/a><\/audio>\n<p><strong>FEDERICO D&#8217;INCA&#8217;<\/strong><\/p>\n<audio class=\"wp-audio-shortcode\" id=\"audio-69667-2\" preload=\"none\" style=\"width: 100%;\" controls=\"controls\"><source type=\"audio\/ogg\" src=\"http:\/\/www.radiopiu.net\/wordpress\/wp-content\/uploads\/2018\/12\/inca-1.ogg?_=2\" \/><a href=\"http:\/\/www.radiopiu.net\/wordpress\/wp-content\/uploads\/2018\/12\/inca-1.ogg\">http:\/\/www.radiopiu.net\/wordpress\/wp-content\/uploads\/2018\/12\/inca-1.ogg<\/a><\/audio>\n<p><strong>ROBERTO PADRIN<\/strong><\/p>\n<audio class=\"wp-audio-shortcode\" id=\"audio-69667-3\" preload=\"none\" style=\"width: 100%;\" controls=\"controls\"><source type=\"audio\/ogg\" src=\"http:\/\/www.radiopiu.net\/wordpress\/wp-content\/uploads\/2018\/12\/padrin.ogg?_=3\" \/><a href=\"http:\/\/www.radiopiu.net\/wordpress\/wp-content\/uploads\/2018\/12\/padrin.ogg\">http:\/\/www.radiopiu.net\/wordpress\/wp-content\/uploads\/2018\/12\/padrin.ogg<\/a><\/audio>\n<p><strong><a class=\"dt-pswp-item\" href=\"http:\/\/www.radiopiu.net\/wordpress\/wp-content\/uploads\/2018\/12\/PHOTO-2018-12-16-12-18-25.jpg\" data-dt-img-description=\"\" data-large_image_width=\"900\" data-large_image_height=\"1600\"><img loading=\"lazy\" decoding=\"async\" class=\"alignnone size-medium wp-image-69696\" src=\"http:\/\/www.radiopiu.net\/wordpress\/wp-content\/uploads\/2018\/12\/PHOTO-2018-12-16-12-18-25-169x300.jpg\" alt=\"\" width=\"169\" height=\"300\" srcset=\"https:\/\/www.radiopiu.net\/wordpress\/wp-content\/uploads\/2018\/12\/PHOTO-2018-12-16-12-18-25-169x300.jpg 169w, https:\/\/www.radiopiu.net\/wordpress\/wp-content\/uploads\/2018\/12\/PHOTO-2018-12-16-12-18-25-768x1365.jpg 768w, https:\/\/www.radiopiu.net\/wordpress\/wp-content\/uploads\/2018\/12\/PHOTO-2018-12-16-12-18-25-576x1024.jpg 576w, https:\/\/www.radiopiu.net\/wordpress\/wp-content\/uploads\/2018\/12\/PHOTO-2018-12-16-12-18-25.jpg 900w\" sizes=\"auto, (max-width: 169px) 100vw, 169px\" \/><\/a><\/strong><\/p>\n<p><strong>LA CURIOSITA&#8217;&#8230; DI DARIO BOND, I bellunesi di Vicenza e i timbri che non ci sono<\/strong><\/p>\n<audio class=\"wp-audio-shortcode\" id=\"audio-69667-4\" preload=\"none\" style=\"width: 100%;\" controls=\"controls\"><source type=\"audio\/ogg\" src=\"http:\/\/www.radiopiu.net\/wordpress\/wp-content\/uploads\/2018\/12\/bond2.ogg?_=4\" \/><a href=\"http:\/\/www.radiopiu.net\/wordpress\/wp-content\/uploads\/2018\/12\/bond2.ogg\">http:\/\/www.radiopiu.net\/wordpress\/wp-content\/uploads\/2018\/12\/bond2.ogg<\/a><\/audio>\n<p>&nbsp;<\/p>\n<h1 class=\"entry-title\">REFERENDUM SU FUSIONE COMUNI BELLUNESI. FORCOLIN: \u201cL\u2019ERRORE SULLA SCHEDA NON E\u2019 DELLA REGIONE E NON INFICIA LA CONSULTAZIONE\u201d<\/h1>\n<blockquote class=\"wp-embedded-content\" data-secret=\"aXc4gndpWm\"><p><a href=\"https:\/\/www.radiopiu.net\/wordpress\/referendum-su-fusione-comuni-bellunesi-forcolin-lerrore-sulla-scheda-non-e-della-regione-e-non-inficia-la-consultazione\/\">REFERENDUM SU FUSIONE COMUNI BELLUNESI. FORCOLIN: \u201cL\u2019ERRORE SULLA SCHEDA NON E\u2019 DELLA REGIONE E NON INFICIA LA CONSULTAZIONE\u201d<\/a><\/p><\/blockquote>\n<p><iframe loading=\"lazy\" class=\"wp-embedded-content\" sandbox=\"allow-scripts\" security=\"restricted\" style=\"position: absolute; clip: rect(1px, 1px, 1px, 1px);\" src=\"https:\/\/www.radiopiu.net\/wordpress\/referendum-su-fusione-comuni-bellunesi-forcolin-lerrore-sulla-scheda-non-e-della-regione-e-non-inficia-la-consultazione\/embed\/#?secret=aXc4gndpWm\" data-secret=\"aXc4gndpWm\" width=\"600\" height=\"338\" title=\"&#8220;REFERENDUM SU FUSIONE COMUNI BELLUNESI. FORCOLIN: \u201cL\u2019ERRORE SULLA SCHEDA NON E\u2019 DELLA REGIONE E NON INFICIA LA CONSULTAZIONE\u201d&#8221; &#8212; Radio Pi\u00f9\" frameborder=\"0\" marginwidth=\"0\" marginheight=\"0\" scrolling=\"no\"><\/iframe><\/p>\n<p>&nbsp;<\/p>\n<p>&nbsp;<\/p>\n<h1>METEO. ATTENZIONE PER NEVE E GELATE FINO MARTED\u00cc MATTINA 18 DICEMBRE<\/h1>\n<p><strong>VENEZIA\u00a0\u00a0<\/strong>In riferimento alla situazione meteorologica sul territorio regionale, in base al quale si prevede probabili nevicate, in genere modeste, fino a quote collinari, e probabili precipitazioni nevose, almeno a tratti, anche sulla pianura (a eccezione delle aree costiere e della pianura sud-orientale dove saranno a carattere di pioggia), con possibili locali accumuli di qualche centimetro, e diffuse gelate dalla serata di luned\u00ec, il Centro Funzionale Decentrato dichiara la fase operativa di ATTENZIONE per NEVE e GELATE\u00a0 fino\u00a0alle 10 di domani. Poich\u00e9 le gelate notturne potranno favorire la formazione di ghiaccio, agli enti gestori delle infrastrutture stradali e ferroviarie \u00e8 stato raccomandato di assumere ogni iniziativa atta a garantire la funzionalit\u00e0 e la sicurezza della viabilit\u00e0.<\/p>\n<p>&nbsp;<\/p>\n<p>&nbsp;<\/p>\n<p>&nbsp;<\/p>\n<p>&nbsp;<\/p>\n<h1>9 ASSEGNI DA OLTRE 2000 EURO DA VENETI PER VENETI, NEL FINE SETTIMANA LA CONSEGNA ALLE FAMIGLIE PIU&#8217; COLPITE DALL&#8217;ALLUVIONE<\/h1>\n<p>Veneti per Veneti, hanno raccolto fondi da destinare direttamente nelle mani della famiglie pi\u00f9 duramente colpite dall&#8217;uragano Vaia. Nel fine settimana le consegne, nove in totale, 2 in Comelico. 7 nell&#8217;Alto Agordino da San Tomaso a Livinallongo, da Alleghe a Rocca Pietore (l&#8217;ultima consegna in settimana). In totale sono stati raccolti per essere consegnati 20.760 euro. Ne abbiamo parlato con Massimo Max Vidori<\/p>\n<audio class=\"wp-audio-shortcode\" id=\"audio-69667-5\" preload=\"none\" style=\"width: 100%;\" controls=\"controls\"><source type=\"audio\/mpeg\" src=\"http:\/\/www.radiopiu.net\/wordpress\/wp-content\/uploads\/2018\/12\/VIDORI.mp3?_=5\" \/><a href=\"http:\/\/www.radiopiu.net\/wordpress\/wp-content\/uploads\/2018\/12\/VIDORI.mp3\">http:\/\/www.radiopiu.net\/wordpress\/wp-content\/uploads\/2018\/12\/VIDORI.mp3<\/a><\/audio>\n<p>ll comitato Emergenza Belluno Dolomiti 2018 ha identificato\u00a0 le famiglie destinatarie di un aiuto in contanti.\u00a0Obiettivo fin da subtio aiutare le famiglie con denaro consegnato direttamente nelle loro mani, aiuto concreto e rapido.\u00a0\u00a0Progetto concreto,semplice e trasparente.<\/p>\n\n\t\t\t<style type='text\/css'>\n\t\t\t\t#gallery-1 {\n\t\t\t\t\tmargin: auto;\n\t\t\t\t}\n\t\t\t\t#gallery-1 .gallery-item {\n\t\t\t\t\tfloat: left;\n\t\t\t\t\tmargin-top: 10px;\n\t\t\t\t\ttext-align: center;\n\t\t\t\t\twidth: 33%;\n\t\t\t\t}\n\t\t\t\t#gallery-1 img {\n\t\t\t\t\tborder: 2px solid #cfcfcf;\n\t\t\t\t}\n\t\t\t\t#gallery-1 .gallery-caption {\n\t\t\t\t\tmargin-left: 0;\n\t\t\t\t}\n\t\t\t\t\/* see gallery_shortcode() in wp-includes\/media.php *\/\n\t\t\t<\/style>\n\t\t<div id='gallery-1' class='dt-gallery-container gallery galleryid-69667 gallery-columns-3 gallery-size-thumbnail'><dl class='gallery-item'>\n\t\t\t\t<dt class='gallery-icon landscape'>\n\t\t\t\t\t<a class=\"rollover\" href='https:\/\/www.radiopiu.net\/wordpress\/9-assegni-da-oltre-2000-euro-da-veneti-per-veneti-nel-fine-settimana-la-consegna-alle-famiglie-piu-colpite-dallalluvione\/48368426_490497644690399_2718455891660636160_n\/'><img loading=\"lazy\" decoding=\"async\" width=\"150\" height=\"150\" src=\"https:\/\/www.radiopiu.net\/wordpress\/wp-content\/uploads\/2018\/12\/48368426_490497644690399_2718455891660636160_n-150x150.jpg\" class=\"attachment-thumbnail size-thumbnail\" alt=\"\" \/><\/a>\n\t\t\t\t<\/dt><\/dl><dl class='gallery-item'>\n\t\t\t\t<dt class='gallery-icon landscape'>\n\t\t\t\t\t<a class=\"rollover\" href='https:\/\/www.radiopiu.net\/wordpress\/9-assegni-da-oltre-2000-euro-da-veneti-per-veneti-nel-fine-settimana-la-consegna-alle-famiglie-piu-colpite-dallalluvione\/48367882_490497538023743_8119985897606217728_n\/'><img loading=\"lazy\" decoding=\"async\" width=\"150\" height=\"150\" src=\"https:\/\/www.radiopiu.net\/wordpress\/wp-content\/uploads\/2018\/12\/48367882_490497538023743_8119985897606217728_n-150x150.jpg\" class=\"attachment-thumbnail size-thumbnail\" alt=\"\" \/><\/a>\n\t\t\t\t<\/dt><\/dl><dl class='gallery-item'>\n\t\t\t\t<dt class='gallery-icon landscape'>\n\t\t\t\t\t<a class=\"rollover\" href='https:\/\/www.radiopiu.net\/wordpress\/9-assegni-da-oltre-2000-euro-da-veneti-per-veneti-nel-fine-settimana-la-consegna-alle-famiglie-piu-colpite-dallalluvione\/48247053_490497608023736_1809184707775037440_n\/'><img loading=\"lazy\" decoding=\"async\" width=\"150\" height=\"150\" src=\"https:\/\/www.radiopiu.net\/wordpress\/wp-content\/uploads\/2018\/12\/48247053_490497608023736_1809184707775037440_n-150x150.jpg\" class=\"attachment-thumbnail size-thumbnail\" alt=\"\" \/><\/a>\n\t\t\t\t<\/dt><\/dl><br style=\"clear: both\" \/><dl class='gallery-item'>\n\t\t\t\t<dt class='gallery-icon landscape'>\n\t\t\t\t\t<a class=\"rollover\" href='https:\/\/www.radiopiu.net\/wordpress\/9-assegni-da-oltre-2000-euro-da-veneti-per-veneti-nel-fine-settimana-la-consegna-alle-famiglie-piu-colpite-dallalluvione\/48208588_490497564690407_2428068140551241728_n\/'><img loading=\"lazy\" decoding=\"async\" width=\"150\" height=\"150\" src=\"https:\/\/www.radiopiu.net\/wordpress\/wp-content\/uploads\/2018\/12\/48208588_490497564690407_2428068140551241728_n-150x150.jpg\" class=\"attachment-thumbnail size-thumbnail\" alt=\"\" \/><\/a>\n\t\t\t\t<\/dt><\/dl><dl class='gallery-item'>\n\t\t\t\t<dt class='gallery-icon landscape'>\n\t\t\t\t\t<a class=\"rollover\" href='https:\/\/www.radiopiu.net\/wordpress\/9-assegni-da-oltre-2000-euro-da-veneti-per-veneti-nel-fine-settimana-la-consegna-alle-famiglie-piu-colpite-dallalluvione\/48367714_491005537972943_2026741543099957248_n\/'><img loading=\"lazy\" decoding=\"async\" width=\"150\" height=\"150\" src=\"https:\/\/www.radiopiu.net\/wordpress\/wp-content\/uploads\/2018\/12\/48367714_491005537972943_2026741543099957248_n-150x150.jpg\" class=\"attachment-thumbnail size-thumbnail\" alt=\"\" \/><\/a>\n\t\t\t\t<\/dt><\/dl><dl class='gallery-item'>\n\t\t\t\t<dt class='gallery-icon landscape'>\n\t\t\t\t\t<a class=\"rollover\" href='https:\/\/www.radiopiu.net\/wordpress\/9-assegni-da-oltre-2000-euro-da-veneti-per-veneti-nel-fine-settimana-la-consegna-alle-famiglie-piu-colpite-dallalluvione\/48391175_491005484639615_6202648806601785344_n\/'><img loading=\"lazy\" decoding=\"async\" width=\"150\" height=\"150\" src=\"https:\/\/www.radiopiu.net\/wordpress\/wp-content\/uploads\/2018\/12\/48391175_491005484639615_6202648806601785344_n-150x150.jpg\" class=\"attachment-thumbnail size-thumbnail\" alt=\"\" \/><\/a>\n\t\t\t\t<\/dt><\/dl><br style=\"clear: both\" \/>\n\t\t\t<\/div>\n\n<p>https:\/\/www.facebook.com\/470691696670994\/videos\/1434567843339877\/<\/p>\n<p>&nbsp;<\/p>\n<p>&nbsp;<\/p>\n<p>&nbsp;<\/p>\n<p>&nbsp;<\/p>\n<h1>5000 euro A RIVAMONTE PER LA RICOSTRUZIONE<\/h1>\n<blockquote><p><em>Dalla ditta Dalsanto di Vedelago, Treviso. I dipendenti rinunciano al panettone di Natale a favore delle popolazioni alluvionate.<\/em><\/p><\/blockquote>\n\n\t\t\t<style type='text\/css'>\n\t\t\t\t#gallery-2 {\n\t\t\t\t\tmargin: auto;\n\t\t\t\t}\n\t\t\t\t#gallery-2 .gallery-item {\n\t\t\t\t\tfloat: left;\n\t\t\t\t\tmargin-top: 10px;\n\t\t\t\t\ttext-align: center;\n\t\t\t\t\twidth: 33%;\n\t\t\t\t}\n\t\t\t\t#gallery-2 img {\n\t\t\t\t\tborder: 2px solid #cfcfcf;\n\t\t\t\t}\n\t\t\t\t#gallery-2 .gallery-caption {\n\t\t\t\t\tmargin-left: 0;\n\t\t\t\t}\n\t\t\t\t\/* see gallery_shortcode() in wp-includes\/media.php *\/\n\t\t\t<\/style>\n\t\t<div id='gallery-2' class='dt-gallery-container gallery galleryid-69667 gallery-columns-3 gallery-size-thumbnail'><dl class='gallery-item'>\n\t\t\t\t<dt class='gallery-icon landscape'>\n\t\t\t\t\t<a class=\"rollover\" href='https:\/\/www.radiopiu.net\/wordpress\/9-assegni-da-oltre-2000-euro-da-veneti-per-veneti-nel-fine-settimana-la-consegna-alle-famiglie-piu-colpite-dallalluvione\/whatsapp-image-2018-12-16-at-17-24-29\/'><img loading=\"lazy\" decoding=\"async\" width=\"150\" height=\"150\" src=\"https:\/\/www.radiopiu.net\/wordpress\/wp-content\/uploads\/2018\/12\/WhatsApp-Image-2018-12-16-at-17.24.29-150x150.jpeg\" class=\"attachment-thumbnail size-thumbnail\" alt=\"\" \/><\/a>\n\t\t\t\t<\/dt><\/dl><dl class='gallery-item'>\n\t\t\t\t<dt class='gallery-icon landscape'>\n\t\t\t\t\t<a class=\"rollover\" href='https:\/\/www.radiopiu.net\/wordpress\/9-assegni-da-oltre-2000-euro-da-veneti-per-veneti-nel-fine-settimana-la-consegna-alle-famiglie-piu-colpite-dallalluvione\/whatsapp-image-2018-12-16-at-17-24-28\/'><img loading=\"lazy\" decoding=\"async\" width=\"150\" height=\"150\" src=\"https:\/\/www.radiopiu.net\/wordpress\/wp-content\/uploads\/2018\/12\/WhatsApp-Image-2018-12-16-at-17.24.28-150x150.jpeg\" class=\"attachment-thumbnail size-thumbnail\" alt=\"\" \/><\/a>\n\t\t\t\t<\/dt><\/dl><dl class='gallery-item'>\n\t\t\t\t<dt class='gallery-icon landscape'>\n\t\t\t\t\t<a class=\"rollover\" href='https:\/\/www.radiopiu.net\/wordpress\/9-assegni-da-oltre-2000-euro-da-veneti-per-veneti-nel-fine-settimana-la-consegna-alle-famiglie-piu-colpite-dallalluvione\/whatsapp-image-2018-12-16-at-17-24-27\/'><img loading=\"lazy\" decoding=\"async\" width=\"150\" height=\"150\" src=\"https:\/\/www.radiopiu.net\/wordpress\/wp-content\/uploads\/2018\/12\/WhatsApp-Image-2018-12-16-at-17.24.27-150x150.jpeg\" class=\"attachment-thumbnail size-thumbnail\" alt=\"\" \/><\/a>\n\t\t\t\t<\/dt><\/dl><br style=\"clear: both\" \/>\n\t\t\t<\/div>\n\n<p><strong>DI GIANNI SANTOMASO<\/strong><\/p>\n<audio class=\"wp-audio-shortcode\" id=\"audio-69667-6\" preload=\"none\" style=\"width: 100%;\" controls=\"controls\"><source type=\"audio\/ogg\" src=\"http:\/\/www.radiopiu.net\/wordpress\/wp-content\/uploads\/2018\/12\/GIANNI5000.ogg?_=6\" \/><a href=\"http:\/\/www.radiopiu.net\/wordpress\/wp-content\/uploads\/2018\/12\/GIANNI5000.ogg\">http:\/\/www.radiopiu.net\/wordpress\/wp-content\/uploads\/2018\/12\/GIANNI5000.ogg<\/a><\/audio>\n<p>&nbsp;<\/p>\n<p>&nbsp;<\/p>\n<p>&nbsp;<\/p>\n<p>&nbsp;<\/p>\n<h1>DANNI MALTEMPO MONTAGNA. BOTTACIN AL PD: \u201cLA REGIONE HA APERTO 160 CANTIERI, GIUDICHINO I CITTADINI\u201d<\/h1>\n<p><strong>VENEZIA\u00a0\u00a0<\/strong>\u201cOltre 160 cantieri aperti subito dopo l\u2019evento calamitoso, appena le condizioni meteo lo hanno consentito, per un importo di circa 30 milioni di euro, grazie a Veneto Strade, Genio Civile regionale e Servizi Forestali attivatisi con grande prontezza. Quindici milioni di euro destinati agli impianti a fune, messi a disposizione dal collega Federico Caner, permettendo cos\u00ec alla stagione turistica invernale di iniziare senza particolari complicazioni. Altri dieci milioni di euro del collega Roberto Marcato destinati alle aziende. In totale 55 milioni di euro impegnati immediatamente: ma di cosa parla il consigliere Azzalin quando accusa la Regione di non aver fatto abbastanza e di voler caricare tutto sulle spalle dello Stato?\u201d Lo chiede l\u2019assessore regionale all\u2019ambiente e alla specialit\u00e0 di Belluno, Gianpaolo Bottacin, commentando le dichiarazioni del consigliere Graziano Azzalin, che accusa la Giunta Zaia di non aver reagito efficacemente alla situazione calamitosa provocata dal maltempo che ha colpito la montagna veneta lo scorso fine ottobre.<em> \u201cPassi che Azzalin sia uomo di pianura e che capisca poco di montagna \u2013 prosegue Bottacin \u2013, ma la cosa pi\u00f9 insensata \u00e8 che gli esponenti del Pd abbiano proposto in Consiglio regionale di aumentare le tasse ai cittadini veneti, perch\u00e9 secondo loro la Regione deve accollarsi le spese per la ricostruzione nonostante esista un apposito fondo messo a disposizione dallo Stato per questi eventi e a cui possono attingere tutte le Regioni, persino quelle a Statuto speciale. E secondo Azzalin e compagni, invece, dovrebbero pagare i nostri corregionali introducendo l\u2019addizionale Irpef: un ragionamento privo di qualsiasi logica, quasi una volont\u00e0 di voler far del male a tutti i costi ai veneti\u201d. \u201cVa detto che lo Stato non ci ha mai lasciati soli \u2013 sottolinea l\u2019assessore \u2013: fino a oggi ha stanziato 53 milioni di euro per far fronte alle prime spese in emergenza, poi circa 525 milioni nella finanziaria statale, successivamente si sono aggiunti 159 milioni di fondi per la difesa del suolo del Ministero dell\u2019ambiente e da ultimo stiamo trattando con il governo per avere una fetta importante dei circa 2 miliardi per il dissesto idrogeologico\u201d. \u201cIn conclusione, i cittadini sanno benissimo giudicare da soli e i cantieri di ripristino li vedono tutti i giorni \u2013 conclude Bottacin \u2013, quindi le dichiarazioni di Azzalin sono per il Pd un bel boomerang\u201d.<\/em><\/p>\n<p>&nbsp;<\/p>\n<p>&nbsp;<\/p>\n<p>&nbsp;<\/p>\n<h1>PROGETTO RESTARTDOLOMITI<\/h1>\n<blockquote><p><em>&#8220;La montagna \u00e8 la nostra casa. Aiutaci a ricostruirla!&#8221; Fondo &#8220;Welfare ed identit\u00e0 territoriale&#8221;<\/em><\/p><\/blockquote>\n<p>Quando l\u2019amore per cime e sentieri si trasforma nel desiderio di aiutare la montagna ferita e le sue popolazioni prende forma il progetto #RESTARTDOLOMITI.<em>\u00a0 &#8220;Noi DoloMitici! che siamo nati con l\u2019obiettivo di condividere l\u2019attaccamento per queste terre, vogliamo contribuire economicamente alla ricostruzione del Bellunese duramente colpito dai recenti drammatici eventi meteo&#8221;.\u00a0<\/em>Prende piede quindi l\u2019idea di sensibilizzare artisti e sportivi a donare una propria opera o oggetto personale da proporre in un\u2019asta pubblica che si terr\u00e0 sabato 26 gennaio 2019. Il ricavato verr\u00e0 devoluto al fondo della Provincia \u201cWelfare e identit\u00e0 territoriale &#8211; Solidariet\u00e0 per l\u2019emergenza nel Bellunese\u201d http:\/\/www.provincia.belluno.it\/nqcontent.cfm?a_id=10955<\/p>\n<p><strong>LA DONAZIONE DI OSCAR DE PELLEGRIN<\/strong><\/p>\n<div style=\"width: 720px;\" class=\"wp-video\"><video class=\"wp-video-shortcode\" id=\"video-69667-1\" width=\"720\" height=\"400\" preload=\"metadata\" controls=\"controls\"><source type=\"video\/mp4\" src=\"http:\/\/www.radiopiu.net\/wordpress\/wp-content\/uploads\/2018\/12\/oscar.mp4?_=1\" \/><a href=\"http:\/\/www.radiopiu.net\/wordpress\/wp-content\/uploads\/2018\/12\/oscar.mp4\">http:\/\/www.radiopiu.net\/wordpress\/wp-content\/uploads\/2018\/12\/oscar.mp4<\/a><\/video><\/div>\n<p><strong>LA DONAZIONE DI SERGIO BALLESTRIN<\/strong><\/p>\n<div style=\"width: 848px;\" class=\"wp-video\"><video class=\"wp-video-shortcode\" id=\"video-69667-2\" width=\"848\" height=\"480\" preload=\"metadata\" controls=\"controls\"><source type=\"video\/mp4\" src=\"http:\/\/www.radiopiu.net\/wordpress\/wp-content\/uploads\/2018\/12\/sergio.mp4?_=2\" \/><a href=\"http:\/\/www.radiopiu.net\/wordpress\/wp-content\/uploads\/2018\/12\/sergio.mp4\">http:\/\/www.radiopiu.net\/wordpress\/wp-content\/uploads\/2018\/12\/sergio.mp4<\/a><\/video><\/div>\n<p>&nbsp;<\/p>\n<p>&nbsp;<\/p>\n<p>&nbsp;<\/p>\n<h1>POLIZIA SENZA DIVISE, LA RABBIA DEL SAP<\/h1>\n<p><strong> <a class=\"dt-pswp-item\" href=\"http:\/\/www.radiopiu.net\/wordpress\/wp-content\/uploads\/2018\/12\/goretex-1.gif\" data-dt-img-description=\"\" data-large_image_width=\"540\" data-large_image_height=\"360\"><img loading=\"lazy\" decoding=\"async\" class=\"size-medium wp-image-69693 alignleft\" src=\"http:\/\/www.radiopiu.net\/wordpress\/wp-content\/uploads\/2018\/12\/goretex-1-300x200.gif\" alt=\"\" width=\"300\" height=\"200\" \/><\/a>BELLUNO <\/strong>S<span style=\"font-family: Book Antiqua, serif;\"><span style=\"font-size: small;\">iamo oramai a fine dicembre 2018 e la nuova divisa operativa introdotta a giugno 2014 continua ad essere un miraggio per i poliziotti bellunesi \u2013 dichiara il Sap (Sindacato Autonomo di Polizia). Una nuova divisa che dopo una lunga attesa (se ne parlava gi\u00e0 dal 2012) ha iniziato ad essere distribuita nell\u2019estate del 2014. Sicuramente un passo in avanti in termini di vestiario &#8211; afferma la Segreteria Provinciale del Sap bellunese &#8211; in quanto, soprattutto per chi opera su strada, veniva finalmente prevista una divisa pi\u00f9 consona alle esigenze operative, tra l\u2019altro utilizzata gi\u00e0 da tempo dalle altre polizie europee: berretto tipo baseball versione estiva e invernale, maglietta polo per l\u2019estate e maglione lupetto per l\u2019inverno, pantalone operativo a taglio sportivo in cotone per l\u2019estate e con interno felpatino per l\u2019inverno, anfibi in versione estiva e invernale, cinturone in cordura blu con relativi accessori, giacca a vento con interno staccabile, nonch\u00e9 maglietta polo a manica lunga, maglione con scollo a V, calzini estivi e invernali e dulcis in fundo guanti con protezioni da urti e antitaglio; via scarpette da ballo, pantaloni con le pinces e giacca e cravatta. Personale entusiasta, ma sorpresa delle sorprese, e forse neanche tanto sorpresa, il vestiario &#8211; ancora oggi &#8211; non c\u2019\u00e8 per tutti e non c\u2019\u00e8 tutto. Grazie alla mala gestione Dipartimentale e ai tagli dissennati attuati dai precedenti Governi in nome della spending review, che hanno letteralmente debilitato l\u2019apparato della sicurezza. I primi ad essere vestiti &#8211; prosegue il Sap bellunese &#8211; sono stati i poliziotti della Questura e del Commissariato di Cortina che espletano attivit\u00e0 di controllo del <a class=\"dt-pswp-item\" href=\"http:\/\/www.radiopiu.net\/wordpress\/wp-content\/uploads\/2018\/12\/Polfer-belluno-5.jpg\" data-dt-img-description=\"\" data-large_image_width=\"960\" data-large_image_height=\"640\"><img loading=\"lazy\" decoding=\"async\" class=\"size-medium wp-image-69692 alignright\" src=\"http:\/\/www.radiopiu.net\/wordpress\/wp-content\/uploads\/2018\/12\/Polfer-belluno-5-300x200.jpg\" alt=\"\" width=\"300\" height=\"200\" srcset=\"https:\/\/www.radiopiu.net\/wordpress\/wp-content\/uploads\/2018\/12\/Polfer-belluno-5-300x200.jpg 300w, https:\/\/www.radiopiu.net\/wordpress\/wp-content\/uploads\/2018\/12\/Polfer-belluno-5-768x512.jpg 768w, https:\/\/www.radiopiu.net\/wordpress\/wp-content\/uploads\/2018\/12\/Polfer-belluno-5.jpg 960w\" sizes=\"auto, (max-width: 300px) 100vw, 300px\" \/><\/a>territorio; successivamente la distribuzione ha interessato anche il restante personale. Ma sempre a macchia di leopardo, a spot. Ad oggi non ci sono soprattutto le giacche a vento per i poliziotti della Polfer e parte della Questura; per la Polfer cos\u00ec come per la Polstrada non ci sono nemmeno i pantaloni versione estiva e invernale; per alcuni dei poliziotti della Questura e del Commissariato non ci sono gli anfibi invernali e i maglioni con scollo a V; per la Polfer non ci sono le magliette polo a manica lunga; per la Polstrada, nonch\u00e9 per la Polfer, non ci sono i berretti tipo baseball versione invernale e i cinturoni in cordura blu con relativa fondina; per tutti non ci sono i calzini estivi ed invernali che non pervengono da quasi tre anni e sempre per tutti non ci sono i guanti antitaglio, mai distribuiti. Il persistere di questi ritardi &#8211; dichiara il sindacato &#8211; costringe addirittura i colleghi di alcuni Uffici ad indossare in modo promiscuo i capi della varie divise (ordinaria, operativa, o.p. \u2026) per realizzare una composizione che si avvicini ad un modello decoroso, oltre che funzionale, di uniforme. Ecco che le primaverili rassicurazioni ministeriali che la completa distribuzione della divisa operativa per la Polstrada e per la Polfer sarebbe avvenuta entro lo scorso mese di giugno, sono ad oggi quanto mai aria fritta. Eppure &#8211; conclude il Sap &#8211; nonostante questo sconcertante quadro si \u00e8 avuto il coraggio di sperperare ben 5 milioni di euro per quelli che saranno i nuovi distintivi di qualifica. Uno scempio del quale &#8211; come recentemente ed orgogliosamente certificato dall\u2019attuale Capo della Polizia &#8211; sono state conniventi e protagoniste tutte le sigle sindacali, <\/span><\/span><span style=\"font-family: Book Antiqua, serif;\"><span style=\"font-size: small;\"><u>tranne il Sap<\/u><\/span><\/span><span style=\"font-family: Book Antiqua, serif;\"><span style=\"font-size: small;\">. <\/span><\/span><\/p>\n<p>&nbsp;<\/p>\n<p>&nbsp;<\/p>\n<p>&nbsp;<\/p>\n<h1>RIVANADAL, SUCCESSO DI PARTECIPAZIONE, SPETTACOLO PRENATALIZIO, NON UN MERCATINO<\/h1>\n\n\t\t\t<style type='text\/css'>\n\t\t\t\t#gallery-3 {\n\t\t\t\t\tmargin: auto;\n\t\t\t\t}\n\t\t\t\t#gallery-3 .gallery-item {\n\t\t\t\t\tfloat: left;\n\t\t\t\t\tmargin-top: 10px;\n\t\t\t\t\ttext-align: center;\n\t\t\t\t\twidth: 33%;\n\t\t\t\t}\n\t\t\t\t#gallery-3 img {\n\t\t\t\t\tborder: 2px solid #cfcfcf;\n\t\t\t\t}\n\t\t\t\t#gallery-3 .gallery-caption {\n\t\t\t\t\tmargin-left: 0;\n\t\t\t\t}\n\t\t\t\t\/* see gallery_shortcode() in wp-includes\/media.php *\/\n\t\t\t<\/style>\n\t\t<div id='gallery-3' class='dt-gallery-container gallery galleryid-69667 gallery-columns-3 gallery-size-thumbnail'><dl class='gallery-item'>\n\t\t\t\t<dt class='gallery-icon portrait'>\n\t\t\t\t\t<a class=\"rollover\" href='https:\/\/www.radiopiu.net\/wordpress\/9-assegni-da-oltre-2000-euro-da-veneti-per-veneti-nel-fine-settimana-la-consegna-alle-famiglie-piu-colpite-dallalluvione\/b2822747-ce02-43b9-acab-2fca02940e91\/'><img loading=\"lazy\" decoding=\"async\" width=\"150\" height=\"150\" src=\"https:\/\/www.radiopiu.net\/wordpress\/wp-content\/uploads\/2018\/12\/b2822747-ce02-43b9-acab-2fca02940e91-150x150.jpg\" class=\"attachment-thumbnail size-thumbnail\" alt=\"\" \/><\/a>\n\t\t\t\t<\/dt><\/dl><dl class='gallery-item'>\n\t\t\t\t<dt class='gallery-icon portrait'>\n\t\t\t\t\t<a class=\"rollover\" href='https:\/\/www.radiopiu.net\/wordpress\/9-assegni-da-oltre-2000-euro-da-veneti-per-veneti-nel-fine-settimana-la-consegna-alle-famiglie-piu-colpite-dallalluvione\/a3899068-56bf-4ba8-a144-7a3d656123fe\/'><img loading=\"lazy\" decoding=\"async\" width=\"150\" height=\"150\" src=\"https:\/\/www.radiopiu.net\/wordpress\/wp-content\/uploads\/2018\/12\/a3899068-56bf-4ba8-a144-7a3d656123fe-150x150.jpg\" class=\"attachment-thumbnail size-thumbnail\" alt=\"\" \/><\/a>\n\t\t\t\t<\/dt><\/dl><dl class='gallery-item'>\n\t\t\t\t<dt class='gallery-icon portrait'>\n\t\t\t\t\t<a class=\"rollover\" href='https:\/\/www.radiopiu.net\/wordpress\/9-assegni-da-oltre-2000-euro-da-veneti-per-veneti-nel-fine-settimana-la-consegna-alle-famiglie-piu-colpite-dallalluvione\/3986ea17-8d61-41f6-8a29-4fbfe3bf0bab\/'><img loading=\"lazy\" decoding=\"async\" width=\"150\" height=\"150\" src=\"https:\/\/www.radiopiu.net\/wordpress\/wp-content\/uploads\/2018\/12\/3986ea17-8d61-41f6-8a29-4fbfe3bf0bab-150x150.jpg\" class=\"attachment-thumbnail size-thumbnail\" alt=\"\" \/><\/a>\n\t\t\t\t<\/dt><\/dl><br style=\"clear: both\" \/>\n\t\t\t<\/div>\n\n<p><strong>DI GIANNI SANTOMASO<\/strong><\/p>\n<audio class=\"wp-audio-shortcode\" id=\"audio-69667-7\" preload=\"none\" style=\"width: 100%;\" controls=\"controls\"><source type=\"audio\/ogg\" src=\"http:\/\/www.radiopiu.net\/wordpress\/wp-content\/uploads\/2018\/12\/RIVA-GIANNI.ogg?_=7\" \/><a href=\"http:\/\/www.radiopiu.net\/wordpress\/wp-content\/uploads\/2018\/12\/RIVA-GIANNI.ogg\">http:\/\/www.radiopiu.net\/wordpress\/wp-content\/uploads\/2018\/12\/RIVA-GIANNI.ogg<\/a><\/audio>\n<h1><\/h1>\n<h1><\/h1>\n<blockquote><p>&nbsp;<\/p><\/blockquote>\n<h1><\/h1>\n<p>&nbsp;<\/p>\n<p>&nbsp;<\/p>\n<blockquote><p>&nbsp;<\/p><\/blockquote>\n<h3><em><a class=\"dt-pswp-item\" href=\"http:\/\/www.radiopiu.net\/wordpress\/wp-content\/uploads\/2018\/12\/WhatsApp-Image-2018-12-13-at-19.14.24.jpeg\" data-dt-img-description=\"\" data-large_image_width=\"799\" data-large_image_height=\"1599\"><img loading=\"lazy\" decoding=\"async\" class=\" wp-image-69340 alignleft\" src=\"http:\/\/www.radiopiu.net\/wordpress\/wp-content\/uploads\/2018\/12\/WhatsApp-Image-2018-12-13-at-19.14.24-150x300.jpeg\" alt=\"\" width=\"102\" height=\"204\" srcset=\"https:\/\/www.radiopiu.net\/wordpress\/wp-content\/uploads\/2018\/12\/WhatsApp-Image-2018-12-13-at-19.14.24-150x300.jpeg 150w, https:\/\/www.radiopiu.net\/wordpress\/wp-content\/uploads\/2018\/12\/WhatsApp-Image-2018-12-13-at-19.14.24-768x1537.jpeg 768w, https:\/\/www.radiopiu.net\/wordpress\/wp-content\/uploads\/2018\/12\/WhatsApp-Image-2018-12-13-at-19.14.24-512x1024.jpeg 512w, https:\/\/www.radiopiu.net\/wordpress\/wp-content\/uploads\/2018\/12\/WhatsApp-Image-2018-12-13-at-19.14.24.jpeg 799w\" sizes=\"auto, (max-width: 102px) 100vw, 102px\" \/><\/a><\/em><\/h3>\n<h1><\/h1>\n<h1>MERCOLEDI FILT-FILLEA CGIL AD ALLEGHE SUL POST APOCALISSE PER LA TERRE ALTE DELLA PROVI NCIA DI BELLUNO<\/h1>\n<p><strong>Incontro dibattito promosso dal sindacato, sull&#8217;alluvione<\/strong><br \/>\n<strong>DI ROBERTO BONA<\/strong><\/p>\n<audio class=\"wp-audio-shortcode\" id=\"audio-69667-8\" preload=\"none\" style=\"width: 100%;\" controls=\"controls\"><source type=\"audio\/mpeg\" src=\"http:\/\/www.radiopiu.net\/wordpress\/wp-content\/uploads\/2018\/12\/ROBERTO.mp3?_=8\" \/><a href=\"http:\/\/www.radiopiu.net\/wordpress\/wp-content\/uploads\/2018\/12\/ROBERTO.mp3\">http:\/\/www.radiopiu.net\/wordpress\/wp-content\/uploads\/2018\/12\/ROBERTO.mp3<\/a><\/audio>\n<p><strong>AI MICROFONI DI RADIO PIU ALESSANDRA FONTANA SEGRETARIA GENERALE FILCT CGIL DI BELLUNO.<\/strong><\/p>\n<audio class=\"wp-audio-shortcode\" id=\"audio-69667-9\" preload=\"none\" style=\"width: 100%;\" controls=\"controls\"><source type=\"audio\/mpeg\" src=\"http:\/\/www.radiopiu.net\/wordpress\/wp-content\/uploads\/2018\/12\/alessandra-fontana-scade-19-dicembre.mp3?_=9\" \/><a href=\"http:\/\/www.radiopiu.net\/wordpress\/wp-content\/uploads\/2018\/12\/alessandra-fontana-scade-19-dicembre.mp3\">http:\/\/www.radiopiu.net\/wordpress\/wp-content\/uploads\/2018\/12\/alessandra-fontana-scade-19-dicembre.mp3<\/a><\/audio>\n<p>&nbsp;<\/p>\n<p>&nbsp;<\/p>\n<h1>Camposampiero &#8211; Agordino. Il filo diretto della solidariet\u00e0 a Botteghe in Festa.<\/h1>\n<p><a class=\"dt-pswp-item\" href=\"http:\/\/www.radiopiu.net\/wordpress\/wp-content\/uploads\/2018\/12\/WhatsApp-Image-2018-12-16-at-09.52.12.jpg\" data-dt-img-description=\"\" data-large_image_width=\"1600\" data-large_image_height=\"900\"><img loading=\"lazy\" decoding=\"async\" class=\"size-medium wp-image-69624 alignleft\" src=\"http:\/\/www.radiopiu.net\/wordpress\/wp-content\/uploads\/2018\/12\/WhatsApp-Image-2018-12-16-at-09.52.12-300x169.jpg\" alt=\"\" width=\"300\" height=\"169\" srcset=\"https:\/\/www.radiopiu.net\/wordpress\/wp-content\/uploads\/2018\/12\/WhatsApp-Image-2018-12-16-at-09.52.12-300x169.jpg 300w, https:\/\/www.radiopiu.net\/wordpress\/wp-content\/uploads\/2018\/12\/WhatsApp-Image-2018-12-16-at-09.52.12-768x432.jpg 768w, https:\/\/www.radiopiu.net\/wordpress\/wp-content\/uploads\/2018\/12\/WhatsApp-Image-2018-12-16-at-09.52.12-1024x576.jpg 1024w, https:\/\/www.radiopiu.net\/wordpress\/wp-content\/uploads\/2018\/12\/WhatsApp-Image-2018-12-16-at-09.52.12.jpg 1600w\" sizes=\"auto, (max-width: 300px) 100vw, 300px\" \/><\/a>I mercatini di Natale sono un\u2019occasione bellissima per avvicinare persone, storie, paesi e solidariet\u00e0. Ed \u00e8 cosi che gli amici di Camposanpiero vicini ad Elisa Manfroi, la mamma di Cencenighe che ha portato avanti una battaglia importante con raccolta firme e manifestazione per il salvataggio della TIN (Terapia intensiva neonatale) di Camposampiero ormai in quella citt\u00e0 \u00e8 di casa. Gli amici di Camposanpiero dopo gli eventi del maltempo di ottobre, l\u2019hanno prontamente invitata a partecipare ai mercatini di Natale della citt\u00e0, evento tradizionale e molto partecipato dal titolo &#8220;Botteghe in festa&#8221;. Elisa quindi, grazie al prezioso aiuto della Proloco di Taibon, ha allestito un mercatino molto ricco con oggetti artigianali prodotti in agordino, formaggi, confetture, dolci, piccoli ciondoli in resina confezionati con ramoscelli degli alberi caduti, cortecce, piccoli sassi, libri di autori agordini, senza scordare qualche depliant informativo sulle attivit\u00e0 turistiche. L&#8217;evento si \u00e8 tenuto\u00a0 Domenica 16 e si replicher\u00e0 domenica 23 dicembre.\u00a0 Il mercatino \u00e8 stato un successo, grande la partecipazione e solida l\u2019amicizia per cui il risultato era assicurato! Il ricavato del Mercatino sar\u00e0 destinato a Taibon Agordino, con il desiderio di realizzare qualcosa per i pi\u00f9 piccoli.<\/p>\n\n\t\t\t<style type='text\/css'>\n\t\t\t\t#gallery-4 {\n\t\t\t\t\tmargin: auto;\n\t\t\t\t}\n\t\t\t\t#gallery-4 .gallery-item {\n\t\t\t\t\tfloat: left;\n\t\t\t\t\tmargin-top: 10px;\n\t\t\t\t\ttext-align: center;\n\t\t\t\t\twidth: 33%;\n\t\t\t\t}\n\t\t\t\t#gallery-4 img {\n\t\t\t\t\tborder: 2px solid #cfcfcf;\n\t\t\t\t}\n\t\t\t\t#gallery-4 .gallery-caption {\n\t\t\t\t\tmargin-left: 0;\n\t\t\t\t}\n\t\t\t\t\/* see gallery_shortcode() in wp-includes\/media.php *\/\n\t\t\t<\/style>\n\t\t<div id='gallery-4' class='dt-gallery-container gallery galleryid-69667 gallery-columns-3 gallery-size-medium'><dl class='gallery-item'>\n\t\t\t\t<dt class='gallery-icon landscape'>\n\t\t\t\t\t<a class=\"rollover\" href='https:\/\/www.radiopiu.net\/wordpress\/camposampiero-agordino-il-filo-diretto-della-solidarieta-a-botteghe-in-festa\/whatsapp-image-2018-12-16-at-09-51-02\/'><img loading=\"lazy\" decoding=\"async\" width=\"300\" height=\"169\" src=\"https:\/\/www.radiopiu.net\/wordpress\/wp-content\/uploads\/2018\/12\/WhatsApp-Image-2018-12-16-at-09.51.02-300x169.jpg\" class=\"attachment-medium size-medium\" alt=\"\" srcset=\"https:\/\/www.radiopiu.net\/wordpress\/wp-content\/uploads\/2018\/12\/WhatsApp-Image-2018-12-16-at-09.51.02-300x169.jpg 300w, https:\/\/www.radiopiu.net\/wordpress\/wp-content\/uploads\/2018\/12\/WhatsApp-Image-2018-12-16-at-09.51.02-768x432.jpg 768w, https:\/\/www.radiopiu.net\/wordpress\/wp-content\/uploads\/2018\/12\/WhatsApp-Image-2018-12-16-at-09.51.02-1024x576.jpg 1024w, https:\/\/www.radiopiu.net\/wordpress\/wp-content\/uploads\/2018\/12\/WhatsApp-Image-2018-12-16-at-09.51.02.jpg 1600w\" sizes=\"auto, (max-width: 300px) 100vw, 300px\" \/><\/a>\n\t\t\t\t<\/dt><\/dl><dl class='gallery-item'>\n\t\t\t\t<dt class='gallery-icon landscape'>\n\t\t\t\t\t<a class=\"rollover\" href='https:\/\/www.radiopiu.net\/wordpress\/camposampiero-agordino-il-filo-diretto-della-solidarieta-a-botteghe-in-festa\/whatsapp-image-2018-12-16-at-09-51-35\/'><img loading=\"lazy\" decoding=\"async\" width=\"300\" height=\"169\" src=\"https:\/\/www.radiopiu.net\/wordpress\/wp-content\/uploads\/2018\/12\/WhatsApp-Image-2018-12-16-at-09.51.35-300x169.jpg\" class=\"attachment-medium size-medium\" alt=\"\" srcset=\"https:\/\/www.radiopiu.net\/wordpress\/wp-content\/uploads\/2018\/12\/WhatsApp-Image-2018-12-16-at-09.51.35-300x169.jpg 300w, https:\/\/www.radiopiu.net\/wordpress\/wp-content\/uploads\/2018\/12\/WhatsApp-Image-2018-12-16-at-09.51.35-768x432.jpg 768w, https:\/\/www.radiopiu.net\/wordpress\/wp-content\/uploads\/2018\/12\/WhatsApp-Image-2018-12-16-at-09.51.35-1024x576.jpg 1024w, https:\/\/www.radiopiu.net\/wordpress\/wp-content\/uploads\/2018\/12\/WhatsApp-Image-2018-12-16-at-09.51.35.jpg 1600w\" sizes=\"auto, (max-width: 300px) 100vw, 300px\" \/><\/a>\n\t\t\t\t<\/dt><\/dl><dl class='gallery-item'>\n\t\t\t\t<dt class='gallery-icon landscape'>\n\t\t\t\t\t<a class=\"rollover\" href='https:\/\/www.radiopiu.net\/wordpress\/camposampiero-agordino-il-filo-diretto-della-solidarieta-a-botteghe-in-festa\/whatsapp-image-2018-12-16-at-09-52-12\/'><img loading=\"lazy\" decoding=\"async\" width=\"300\" height=\"169\" src=\"https:\/\/www.radiopiu.net\/wordpress\/wp-content\/uploads\/2018\/12\/WhatsApp-Image-2018-12-16-at-09.52.12-300x169.jpg\" class=\"attachment-medium size-medium\" alt=\"\" srcset=\"https:\/\/www.radiopiu.net\/wordpress\/wp-content\/uploads\/2018\/12\/WhatsApp-Image-2018-12-16-at-09.52.12-300x169.jpg 300w, https:\/\/www.radiopiu.net\/wordpress\/wp-content\/uploads\/2018\/12\/WhatsApp-Image-2018-12-16-at-09.52.12-768x432.jpg 768w, https:\/\/www.radiopiu.net\/wordpress\/wp-content\/uploads\/2018\/12\/WhatsApp-Image-2018-12-16-at-09.52.12-1024x576.jpg 1024w, https:\/\/www.radiopiu.net\/wordpress\/wp-content\/uploads\/2018\/12\/WhatsApp-Image-2018-12-16-at-09.52.12.jpg 1600w\" sizes=\"auto, (max-width: 300px) 100vw, 300px\" \/><\/a>\n\t\t\t\t<\/dt><\/dl><br style=\"clear: both\" \/><dl class='gallery-item'>\n\t\t\t\t<dt class='gallery-icon landscape'>\n\t\t\t\t\t<a class=\"rollover\" href='https:\/\/www.radiopiu.net\/wordpress\/camposampiero-agordino-il-filo-diretto-della-solidarieta-a-botteghe-in-festa\/whatsapp-image-2018-12-16-at-09-52-15\/'><img loading=\"lazy\" decoding=\"async\" width=\"300\" height=\"169\" src=\"https:\/\/www.radiopiu.net\/wordpress\/wp-content\/uploads\/2018\/12\/WhatsApp-Image-2018-12-16-at-09.52.15-300x169.jpg\" class=\"attachment-medium size-medium\" alt=\"\" srcset=\"https:\/\/www.radiopiu.net\/wordpress\/wp-content\/uploads\/2018\/12\/WhatsApp-Image-2018-12-16-at-09.52.15-300x169.jpg 300w, https:\/\/www.radiopiu.net\/wordpress\/wp-content\/uploads\/2018\/12\/WhatsApp-Image-2018-12-16-at-09.52.15-768x432.jpg 768w, https:\/\/www.radiopiu.net\/wordpress\/wp-content\/uploads\/2018\/12\/WhatsApp-Image-2018-12-16-at-09.52.15-1024x576.jpg 1024w, https:\/\/www.radiopiu.net\/wordpress\/wp-content\/uploads\/2018\/12\/WhatsApp-Image-2018-12-16-at-09.52.15.jpg 1600w\" sizes=\"auto, (max-width: 300px) 100vw, 300px\" \/><\/a>\n\t\t\t\t<\/dt><\/dl><dl class='gallery-item'>\n\t\t\t\t<dt class='gallery-icon portrait'>\n\t\t\t\t\t<a class=\"rollover\" href='https:\/\/www.radiopiu.net\/wordpress\/camposampiero-agordino-il-filo-diretto-della-solidarieta-a-botteghe-in-festa\/whatsapp-image-2018-12-16-at-12-01-23\/'><img loading=\"lazy\" decoding=\"async\" width=\"169\" height=\"300\" src=\"https:\/\/www.radiopiu.net\/wordpress\/wp-content\/uploads\/2018\/12\/WhatsApp-Image-2018-12-16-at-12.01.23-169x300.jpg\" class=\"attachment-medium size-medium\" alt=\"\" srcset=\"https:\/\/www.radiopiu.net\/wordpress\/wp-content\/uploads\/2018\/12\/WhatsApp-Image-2018-12-16-at-12.01.23-169x300.jpg 169w, https:\/\/www.radiopiu.net\/wordpress\/wp-content\/uploads\/2018\/12\/WhatsApp-Image-2018-12-16-at-12.01.23-768x1365.jpg 768w, https:\/\/www.radiopiu.net\/wordpress\/wp-content\/uploads\/2018\/12\/WhatsApp-Image-2018-12-16-at-12.01.23-576x1024.jpg 576w, https:\/\/www.radiopiu.net\/wordpress\/wp-content\/uploads\/2018\/12\/WhatsApp-Image-2018-12-16-at-12.01.23.jpg 900w\" sizes=\"auto, (max-width: 169px) 100vw, 169px\" \/><\/a>\n\t\t\t\t<\/dt><\/dl><dl class='gallery-item'>\n\t\t\t\t<dt class='gallery-icon portrait'>\n\t\t\t\t\t<a class=\"rollover\" href='https:\/\/www.radiopiu.net\/wordpress\/camposampiero-agordino-il-filo-diretto-della-solidarieta-a-botteghe-in-festa\/whatsapp-image-2018-12-16-at-12-08-40\/'><img loading=\"lazy\" decoding=\"async\" width=\"169\" height=\"300\" src=\"https:\/\/www.radiopiu.net\/wordpress\/wp-content\/uploads\/2018\/12\/WhatsApp-Image-2018-12-16-at-12.08.40-169x300.jpg\" class=\"attachment-medium size-medium\" alt=\"\" srcset=\"https:\/\/www.radiopiu.net\/wordpress\/wp-content\/uploads\/2018\/12\/WhatsApp-Image-2018-12-16-at-12.08.40-169x300.jpg 169w, https:\/\/www.radiopiu.net\/wordpress\/wp-content\/uploads\/2018\/12\/WhatsApp-Image-2018-12-16-at-12.08.40-768x1365.jpg 768w, https:\/\/www.radiopiu.net\/wordpress\/wp-content\/uploads\/2018\/12\/WhatsApp-Image-2018-12-16-at-12.08.40-576x1024.jpg 576w, https:\/\/www.radiopiu.net\/wordpress\/wp-content\/uploads\/2018\/12\/WhatsApp-Image-2018-12-16-at-12.08.40.jpg 900w\" sizes=\"auto, (max-width: 169px) 100vw, 169px\" \/><\/a>\n\t\t\t\t<\/dt><\/dl><br style=\"clear: both\" \/>\n\t\t\t<\/div>\n\n<p>&nbsp;<\/p>\n<p>&nbsp;<\/p>\n<p>&nbsp;<\/p>\n<p>&nbsp;<\/p>\n<p>&nbsp;<\/p>\n<h1>AUTONOMIA: \u00abA CHE PUNTO SIAMO CON<br \/>\nL\u2019ATTUAZIONE DEL RISULTATO REFERENDARIO PER IL VENETO?\u00bb<\/h1>\n<p><strong>ROMA<\/strong>\u00abA che punto \u00e8 l\u2019attuazione dell\u2019autonomia del Veneto? Lo chiedo direttamente al governo, dato che ancora non si \u00e8 visto niente\u00bb. \u00c8 quanto afferma il deputato di Forza Italia, Dario Bond, che sta preparando una interrogazione urgente sul tema. \u00abChieder\u00f2 a che punto sta la realizzazione dell\u2019autonomia, alla luce del risultato del referendum del 22 ottobre 2017\u00bb sottolinea Dario Bond. \u00abAbbiamo sentito l\u2019intervista al sottosegretario alla presidenza del consiglio, Giorgetti, in cui dice che i veneti dovranno pagarsi l\u2019autonomia. Quelle dichiarazioni sono state smentite, ma voglio capire di pi\u00f9. Il provvedimento specifico \u00e8 pronto? Ci sono le risorse oppure no? C\u2019\u00e8 la quadra?\u00bb. \u00abRivolgo anche un appello a tutte le forze politiche del consiglio regionale del Veneto e in particolare alla giunta\u00bb continua Dario Bond. \u00abRicordo che questa autonomia doveva concretizzarsi gi\u00e0 con un primo decreto il 22 ottobre 2018, ad un anno dal referendum. Salvini ha promesso che la concretizzazione arriver\u00e0 entro Natale. Bene: mancano pochi giorni e ancora non si \u00e8 visto niente. Si sono sentite solo le parole di Giorgetti, poi smentite. Ecco perch\u00e9 presenter\u00f2 un\u2019interrogazione per chiedere al governo cosa vuole fare, sia in termini di tempi, sia in termini di risorse\u00bb.<\/p>\n<p>&nbsp;<\/p>\n<p>&nbsp;<\/p>\n<h1>I COMPLIMENTI DEL PRESIDENTE ZAIA A FEDERICA PELLEGRINI PER LA SUA 50.a MEDAGLIA INTERNAZIONALE: \u201cIL VENETO E I VENETI ORGOGLIOSI DI TE\u201d<\/h1>\n<p><strong>VENEZIA\u00a0<\/strong> \u201cTi siamo immensamente grati per tutte le emozioni e le gioie che ci hai regalato nel corso di una straordinaria vita sportiva. I tuoi successi e la tua carriera sono motivo di grande orgoglio per il Veneto e per i veneti\u201d. Cos\u00ec il presidente della Regione, Luca Zaia, saluta la cinquantesima medaglia internazionale conquistata da Federica Pellegrini: uno splendido bronzo ottenuto nuotando una grande frazione a stile libero con la staffetta 4&#215;100 mista femminile azzurra ai mondiali in vasca corta di\u00a0Hangzhou, in Cina. \u201cFederica \u00e8 la pi\u00f9 grande nuotatrice italiana di tutti i tempi \u2013 conclude Zaia \u2013 e se le sue cinquanta medaglie rappresentano un grande patrimonio dello sport nazionale, sono soprattutto un esempio di dedizione, di spirito di sacrificio, di forza atletica che speriamo possa ispirare tanti giovani che si dedicano al nuoto e a ogni altra disciplina sportiva\u201d.<\/p>\n<p>&nbsp;<\/p>\n<p>&nbsp;<\/p>\n<p>&nbsp;<\/p>\n<h1>150 ANNI DEL CAI, IL COMPLEANNO IN SANA DON TAMIS VISTO DA CLAUDIO PRA<\/h1>\n<p><a class=\"dt-pswp-item\" href=\"http:\/\/www.radiopiu.net\/wordpress\/wp-content\/uploads\/2018\/12\/WhatsApp-Image-2018-12-16-at-18.23.04-1.jpeg\" data-dt-img-description=\"\" data-large_image_width=\"1600\" data-large_image_height=\"903\"><img loading=\"lazy\" decoding=\"async\" class=\"alignnone wp-image-69690 size-large\" src=\"http:\/\/www.radiopiu.net\/wordpress\/wp-content\/uploads\/2018\/12\/WhatsApp-Image-2018-12-16-at-18.23.04-1-1024x578.jpeg\" alt=\"\" width=\"1024\" height=\"578\" srcset=\"https:\/\/www.radiopiu.net\/wordpress\/wp-content\/uploads\/2018\/12\/WhatsApp-Image-2018-12-16-at-18.23.04-1-1024x578.jpeg 1024w, https:\/\/www.radiopiu.net\/wordpress\/wp-content\/uploads\/2018\/12\/WhatsApp-Image-2018-12-16-at-18.23.04-1-300x169.jpeg 300w, https:\/\/www.radiopiu.net\/wordpress\/wp-content\/uploads\/2018\/12\/WhatsApp-Image-2018-12-16-at-18.23.04-1-768x433.jpeg 768w, https:\/\/www.radiopiu.net\/wordpress\/wp-content\/uploads\/2018\/12\/WhatsApp-Image-2018-12-16-at-18.23.04-1.jpeg 1600w\" sizes=\"auto, (max-width: 1024px) 100vw, 1024px\" \/><\/a><\/p>\n<p><strong>AGORDO<\/strong> Sabato 15 dicembre una gremita Sala Don FerdinandoTamis ha ospitato la celebrazione ufficiale del centocinquantesimo anniversario dalla fondazione della Sezione Agordina del CAI. Come ha ricordato la presidente Anna Magro quello che sta per concludersi \u00e8 stato un anno intenso, fatto di tante manifestazioni dedicate allo storico compleanno, chiuse proprio da quest\u2019ultimo evento organizzato per ovvi motivi di opportunit\u00e0 due giorni prima della data ufficiale che cade oggi. Era infatti il 17 dicembre del 1868, quindi giusto 150 anni fa allorch\u00e9 Nicol\u00f2 Pellati, ingegnere presso gli stabilimenti minerari della Valle Imperina e amico di Quintino Sella fondatore del Club Alpino Italiano, fond\u00f2 ad Agordo la quarta sezione italiana del CAI allora battezzata \u201cSociet\u00e0 Alpina di Agordo\u201d. Da allora tanti presidenti si sono avvicendati, tanta attivit\u00e0 \u00e8 stata fatta, tanto volontariato \u00e8 stato messo in campo a disposizione della promozione per la frequentazione consapevole della montagna.<br \/>\nPresentata dall\u2019ormai conduttore storico della Sezione Agordina Giampaolo Soratroi la serata \u00e8 stata improntata alla sobriet\u00e0. Niente fronzoli ma tanta concretezza, come \u00e8 nel DNA dell\u2019uomo di montagna. Sul Palco, dove era stato allestito uno schermo gigante, si sono succeduti filmati storici, autorit\u00e0 e personaggi hanno contribuito alla crescita del sodalizio, che sono stati premiati con un riconoscimento. Il Presidente Regionale Francesco Carrerer, presente ad Agordo con tutto il gruppo regionale e alcuni consiglieri del CAI centrale ha riconosciuto l\u2019importanza della Sezione Agordina per la nascita delle altre sezioni nel Veneto chiamandola \u201csezione madre\u201d.\u00a0 Riconoscimenti lusinghieri anche dal Sindaco di Agordo Sisto Da Roit, che ha a sua volta riconosciuto il lustro dato ad Agordo dalla Sezione Agordina. E poi due filmati storici sulla sezione e la presentazione di due volumi, il primo gi\u00e0 uscito in occasione dell\u2019adunanza di quest\u2019anno sul Broi che racconta gli ultimi cinquant\u2019anni di storia e un secondo, la ristampa dei un libro del 1888 intitolato \u201cBreve escursione alpina nel bellunese\u201d, corredato con delle foto scattate allora, messe al confronto con altri scatti di oggi mantenendo la stessa inquadratura. La serata \u00e8 stata allietata dal fisarmonicista friulano Paolo Forte che si \u00e8 esibito in alcuni brani molto suggestivi. Alla fine due grandi torte e un brindisi hanno chiuso le celebrazioni. Da domani, come ha ricordato la Presidente, si entra nei 151 anni, in un futuro che si spera porti ancora tante soddisfazioni, un futuro magari pi\u00f9 tecnologico con l\u2019auspicio che i valori rimangano quelli costitutivi.<\/p>\n<p>&nbsp;<\/p>\n<p>&nbsp;<\/p>\n<p>&nbsp;<\/p>\n<p>&nbsp;<\/p>\n<p>&nbsp;<\/p>\n<p>&nbsp;<\/p>\n<h1>IL MAESTRO DELLA PASTICCERIA MONDIALE IGINIO MASSARI REALIZZA UNA TORTA PER LA \u201cRINASCITA DELLE DOLOMITI\u201d<\/h1>\n<blockquote><p><em>La proposta \u00e8 del progetto bellunese \u201cDDolomiti\u201d<\/em><\/p><\/blockquote>\n<p><strong><a class=\"dt-pswp-item\" href=\"http:\/\/www.radiopiu.net\/wordpress\/wp-content\/uploads\/2018\/12\/ddolomiti.jpg\" data-dt-img-description=\"\" data-large_image_width=\"600\" data-large_image_height=\"600\"><img loading=\"lazy\" decoding=\"async\" class=\" wp-image-69474 alignleft\" src=\"http:\/\/www.radiopiu.net\/wordpress\/wp-content\/uploads\/2018\/12\/ddolomiti-300x300.jpg\" alt=\"\" width=\"166\" height=\"166\" srcset=\"https:\/\/www.radiopiu.net\/wordpress\/wp-content\/uploads\/2018\/12\/ddolomiti-300x300.jpg 300w, https:\/\/www.radiopiu.net\/wordpress\/wp-content\/uploads\/2018\/12\/ddolomiti-150x150.jpg 150w, https:\/\/www.radiopiu.net\/wordpress\/wp-content\/uploads\/2018\/12\/ddolomiti.jpg 600w\" sizes=\"auto, (max-width: 166px) 100vw, 166px\" \/><\/a>ROCCA PIETORE<\/strong>\u00a0Una torta per aiutare i produttori bellunesi e per contribuire alla \u201cRinascita delle Dolomiti\u201d (The Rebirth of Dolomites). \u00c8 questo il nome della ricetta che il maestro della pasticceria mondiale Iginio Massari ha ideato per dare il suo personale contributo al superamento dell&#8217;emergenza maltempo che ha colpito la montagna veneta, bellunese in particolare. L&#8217;evento si terr\u00e0 sabato 22 dicembre alle ore 17 all&#8217;interno della pasticceria del Pineta Pastry hotel di Rocca Pietore. Sono invitati anche operatori turistici e pasticcerie dell&#8217;Agordino, affinch\u00e9 il dolce possa essere disponibile anche per i turisti nella stagione invernale<\/p>\n<p><strong>AI MICROFONI DI RADIO PIU&#8217; DA DDOLOMITI, PAOLA PAGANIN<\/strong><\/p>\n<audio class=\"wp-audio-shortcode\" id=\"audio-69667-10\" preload=\"none\" style=\"width: 100%;\" controls=\"controls\"><source type=\"audio\/mpeg\" src=\"http:\/\/www.radiopiu.net\/wordpress\/wp-content\/uploads\/2018\/12\/PAOLA-PAGANIN.mp3?_=10\" \/><a href=\"http:\/\/www.radiopiu.net\/wordpress\/wp-content\/uploads\/2018\/12\/PAOLA-PAGANIN.mp3\">http:\/\/www.radiopiu.net\/wordpress\/wp-content\/uploads\/2018\/12\/PAOLA-PAGANIN.mp3<\/a><\/audio>\n<p>&nbsp;<\/p>\n<p>&nbsp;<\/p>\n<p>&nbsp;<\/p>\n<p>&nbsp;<\/p>\n<p>&nbsp;<\/p>\n<p>&nbsp;<\/p>\n<h1>SABATO AD ALLEGHE, LE RAGAZZE DELL&#8217;HOCKEY PRESENTANO IL CALENDARIO &#8230; DELLA RICOSTRUZIONE.<\/h1>\n<p><a class=\"dt-pswp-item\" href=\"http:\/\/www.radiopiu.net\/wordpress\/wp-content\/uploads\/2018\/12\/3f612602-bb84-4ac6-b082-abd521b7e4df.jpg\" data-dt-img-description=\"\" data-large_image_width=\"977\" data-large_image_height=\"1495\"><img loading=\"lazy\" decoding=\"async\" class=\"alignnone wp-image-69320 size-large\" src=\"http:\/\/www.radiopiu.net\/wordpress\/wp-content\/uploads\/2018\/12\/3f612602-bb84-4ac6-b082-abd521b7e4df-669x1024.jpg\" alt=\"\" width=\"669\" height=\"1024\" srcset=\"https:\/\/www.radiopiu.net\/wordpress\/wp-content\/uploads\/2018\/12\/3f612602-bb84-4ac6-b082-abd521b7e4df-669x1024.jpg 669w, https:\/\/www.radiopiu.net\/wordpress\/wp-content\/uploads\/2018\/12\/3f612602-bb84-4ac6-b082-abd521b7e4df-196x300.jpg 196w, https:\/\/www.radiopiu.net\/wordpress\/wp-content\/uploads\/2018\/12\/3f612602-bb84-4ac6-b082-abd521b7e4df-768x1175.jpg 768w, https:\/\/www.radiopiu.net\/wordpress\/wp-content\/uploads\/2018\/12\/3f612602-bb84-4ac6-b082-abd521b7e4df.jpg 977w\" sizes=\"auto, (max-width: 669px) 100vw, 669px\" \/><\/a><\/p>\n<p><strong>L&#8217;INVITO&#8230;.<\/strong><\/p>\n<audio class=\"wp-audio-shortcode\" id=\"audio-69667-11\" preload=\"none\" style=\"width: 100%;\" controls=\"controls\"><source type=\"audio\/ogg\" src=\"http:\/\/www.radiopiu.net\/wordpress\/wp-content\/uploads\/2018\/12\/HOCKEY-GIRL.ogg?_=11\" \/><a href=\"http:\/\/www.radiopiu.net\/wordpress\/wp-content\/uploads\/2018\/12\/HOCKEY-GIRL.ogg\">http:\/\/www.radiopiu.net\/wordpress\/wp-content\/uploads\/2018\/12\/HOCKEY-GIRL.ogg<\/a><\/audio>\n<p>&nbsp;<\/p>\n<p>&nbsp;<\/p>\n<blockquote class=\"wp-embedded-content\" data-secret=\"40iyoC1KYG\"><p><a href=\"http:\/\/www.radiopiu.net\/wordpress\/coro-agordo-biglietti-vincenti-lotteria-del-coro-2018\/\">CORO AGORDO \/ Biglietti vincenti Lotteria del Coro 2018<\/a><\/p><\/blockquote>\n<p><iframe loading=\"lazy\" class=\"wp-embedded-content\" sandbox=\"allow-scripts\" security=\"restricted\" style=\"position: absolute; clip: rect(1px, 1px, 1px, 1px);\" src=\"http:\/\/www.radiopiu.net\/wordpress\/coro-agordo-biglietti-vincenti-lotteria-del-coro-2018\/embed\/#?secret=40iyoC1KYG\" data-secret=\"40iyoC1KYG\" width=\"600\" height=\"338\" title=\"&#8220;CORO AGORDO \/ Biglietti vincenti Lotteria del Coro 2018&#8221; &#8212; Radio Pi\u00f9\" frameborder=\"0\" marginwidth=\"0\" marginheight=\"0\" scrolling=\"no\"><\/iframe><\/p>\n<p>&nbsp;<\/p>\n<p>&nbsp;<\/p>\n<h1><a class=\"dt-pswp-item\" href=\"http:\/\/www.radiopiu.net\/wordpress\/wp-content\/uploads\/2018\/09\/download-11.jpg\" data-dt-img-description=\"\" data-large_image_width=\"278\" data-large_image_height=\"181\"><img loading=\"lazy\" decoding=\"async\" class=\"alignnone size-full wp-image-61629\" src=\"http:\/\/www.radiopiu.net\/wordpress\/wp-content\/uploads\/2018\/09\/download-11.jpg\" alt=\"\" width=\"278\" height=\"181\" \/><\/a><\/h1>\n<h1><\/h1>\n<h1 class=\"entry-title\">SEMINARIO \u201c1966-2018 ALLUVIONI A CONFRONTO\u201d E TAVOLA ROTONDA \u201cCOSA \u00c8 STATO FATTO, COSA FARE\u201d \u2013 DIPARTIMENTO GEOTECNICO-MINERARIO \u201cU. FOLLADOR\u201d \u2013 AGORDO.<\/h1>\n<p>&nbsp;<\/p>\n<blockquote class=\"wp-embedded-content\" data-secret=\"3U3FQSImeo\"><p><a href=\"http:\/\/www.radiopiu.net\/wordpress\/seminario-1966-2018-alluvioni-a-confronto-e-tavola-rotonda-cosa-e-stato-fatto-cosa-fare-dipartimento-geotecnico-minerario-u-follador-agordo\/\">Seminario \u201c1966-2018 Alluvioni a confronto\u201d e Tavola Rotonda \u201cCosa \u00e8 stato fatto, cosa fare\u201d &#8211; Dipartimento Geotecnico-Minerario \u201cU.  Follador\u201d &#8211; Agordo.<\/a><\/p><\/blockquote>\n<p><iframe loading=\"lazy\" class=\"wp-embedded-content\" sandbox=\"allow-scripts\" security=\"restricted\" style=\"position: absolute; clip: rect(1px, 1px, 1px, 1px);\" src=\"http:\/\/www.radiopiu.net\/wordpress\/seminario-1966-2018-alluvioni-a-confronto-e-tavola-rotonda-cosa-e-stato-fatto-cosa-fare-dipartimento-geotecnico-minerario-u-follador-agordo\/embed\/#?secret=3U3FQSImeo\" data-secret=\"3U3FQSImeo\" width=\"600\" height=\"338\" title=\"&#8220;Seminario \u201c1966-2018 Alluvioni a confronto\u201d e Tavola Rotonda \u201cCosa \u00e8 stato fatto, cosa fare\u201d &#8211; Dipartimento Geotecnico-Minerario \u201cU.  Follador\u201d &#8211; Agordo.&#8221; &#8212; Radio Pi\u00f9\" frameborder=\"0\" marginwidth=\"0\" marginheight=\"0\" scrolling=\"no\"><\/iframe><\/p>\n<p>&nbsp;<\/p>\n<p>&nbsp;<\/p>\n<p>&nbsp;<\/p>\n<p>&nbsp;<\/p>\n<p><a class=\"dt-pswp-item\" href=\"http:\/\/www.radiopiu.net\/wordpress\/wp-content\/uploads\/2018\/09\/sport.jpg\" data-dt-img-description=\"\" data-large_image_width=\"800\" data-large_image_height=\"100\"><img loading=\"lazy\" decoding=\"async\" class=\"alignnone wp-image-60761 size-full\" src=\"http:\/\/www.radiopiu.net\/wordpress\/wp-content\/uploads\/2018\/09\/sport.jpg\" alt=\"\" width=\"800\" height=\"100\" srcset=\"https:\/\/www.radiopiu.net\/wordpress\/wp-content\/uploads\/2018\/09\/sport.jpg 800w, https:\/\/www.radiopiu.net\/wordpress\/wp-content\/uploads\/2018\/09\/sport-300x38.jpg 300w, https:\/\/www.radiopiu.net\/wordpress\/wp-content\/uploads\/2018\/09\/sport-768x96.jpg 768w\" sizes=\"auto, (max-width: 800px) 100vw, 800px\" \/><\/a><\/p>\n<h1>TORNEO AGORDINO DI HOCKEY, ECCO IL CALENDARIO SI PARTE A GENNAIO<\/h1>\n<p><a class=\"dt-pswp-item\" href=\"http:\/\/www.radiopiu.net\/wordpress\/wp-content\/uploads\/2018\/12\/WhatsApp-Image-2018-12-16-at-13.18.47.jpeg\" data-dt-img-description=\"\" data-large_image_width=\"1131\" data-large_image_height=\"1600\"><img loading=\"lazy\" decoding=\"async\" class=\"alignnone wp-image-69642 size-large\" src=\"http:\/\/www.radiopiu.net\/wordpress\/wp-content\/uploads\/2018\/12\/WhatsApp-Image-2018-12-16-at-13.18.47-724x1024.jpeg\" alt=\"\" width=\"724\" height=\"1024\" srcset=\"https:\/\/www.radiopiu.net\/wordpress\/wp-content\/uploads\/2018\/12\/WhatsApp-Image-2018-12-16-at-13.18.47-724x1024.jpeg 724w, https:\/\/www.radiopiu.net\/wordpress\/wp-content\/uploads\/2018\/12\/WhatsApp-Image-2018-12-16-at-13.18.47-212x300.jpeg 212w, https:\/\/www.radiopiu.net\/wordpress\/wp-content\/uploads\/2018\/12\/WhatsApp-Image-2018-12-16-at-13.18.47-768x1086.jpeg 768w, https:\/\/www.radiopiu.net\/wordpress\/wp-content\/uploads\/2018\/12\/WhatsApp-Image-2018-12-16-at-13.18.47.jpeg 1131w\" sizes=\"auto, (max-width: 724px) 100vw, 724px\" \/><\/a><\/p>\n<p><a class=\"dt-pswp-item\" href=\"http:\/\/www.radiopiu.net\/wordpress\/wp-content\/uploads\/2018\/12\/WhatsApp-Image-2018-12-16-at-11.56.18.jpeg\" data-dt-img-description=\"\" data-large_image_width=\"1600\" data-large_image_height=\"1131\"><img loading=\"lazy\" decoding=\"async\" class=\"alignnone wp-image-69659 size-large\" src=\"http:\/\/www.radiopiu.net\/wordpress\/wp-content\/uploads\/2018\/12\/WhatsApp-Image-2018-12-16-at-11.56.18-1024x724.jpeg\" alt=\"\" width=\"1024\" height=\"724\" srcset=\"https:\/\/www.radiopiu.net\/wordpress\/wp-content\/uploads\/2018\/12\/WhatsApp-Image-2018-12-16-at-11.56.18-1024x724.jpeg 1024w, https:\/\/www.radiopiu.net\/wordpress\/wp-content\/uploads\/2018\/12\/WhatsApp-Image-2018-12-16-at-11.56.18-300x212.jpeg 300w, https:\/\/www.radiopiu.net\/wordpress\/wp-content\/uploads\/2018\/12\/WhatsApp-Image-2018-12-16-at-11.56.18-768x543.jpeg 768w, https:\/\/www.radiopiu.net\/wordpress\/wp-content\/uploads\/2018\/12\/WhatsApp-Image-2018-12-16-at-11.56.18.jpeg 1600w\" sizes=\"auto, (max-width: 1024px) 100vw, 1024px\" \/><\/a><\/p>\n<p>&nbsp;<\/p>\n<h1 class=\"entry-title\">CALCIO: PAREGGIO PER L\u2019AGORDINA E SCONFITTA PER IL FIORI BARP MAS<\/h1>\n<blockquote class=\"wp-embedded-content\" data-secret=\"4vFH24RRvK\"><p><a href=\"http:\/\/www.radiopiu.net\/wordpress\/calcio-pareggio-per-lagordina-e-sconfitta-per-il-fiori-barp-mas\/\">CALCIO: PAREGGIO PER L&#8217;AGORDINA E SCONFITTA PER IL FIORI BARP MAS<\/a><\/p><\/blockquote>\n<p><iframe loading=\"lazy\" class=\"wp-embedded-content\" sandbox=\"allow-scripts\" security=\"restricted\" style=\"position: absolute; clip: rect(1px, 1px, 1px, 1px);\" src=\"http:\/\/www.radiopiu.net\/wordpress\/calcio-pareggio-per-lagordina-e-sconfitta-per-il-fiori-barp-mas\/embed\/#?secret=4vFH24RRvK\" data-secret=\"4vFH24RRvK\" width=\"600\" height=\"338\" title=\"&#8220;CALCIO: PAREGGIO PER L&#8217;AGORDINA E SCONFITTA PER IL FIORI BARP MAS&#8221; &#8212; Radio Pi\u00f9\" frameborder=\"0\" marginwidth=\"0\" marginheight=\"0\" scrolling=\"no\"><\/iframe><\/p>\n<p>&nbsp;<\/p>\n<p>&nbsp;<\/p>\n<h1>HOCKEY: IL WEEKEND DELLE SQUADRE ALLEGHESI<\/h1>\n<p>https:\/\/www.radiopiu.net\/wordpress\/wp-admin\/post.php?post=69638&#038;action=edit<\/p>\n<p>&nbsp;<\/p>\n<p>&nbsp;<\/p>\n<h1><a class=\"dt-pswp-item\" href=\"http:\/\/www.radiopiu.net\/wordpress\/wp-content\/uploads\/2018\/09\/WhatsApp-Image-2018-09-20-at-16.04.06.jpeg\" data-dt-img-description=\"\" data-large_image_width=\"800\" data-large_image_height=\"100\"><img loading=\"lazy\" decoding=\"async\" class=\"alignnone wp-image-61378 size-full\" src=\"http:\/\/www.radiopiu.net\/wordpress\/wp-content\/uploads\/2018\/09\/WhatsApp-Image-2018-09-20-at-16.04.06.jpeg\" alt=\"\" width=\"800\" height=\"100\" srcset=\"https:\/\/www.radiopiu.net\/wordpress\/wp-content\/uploads\/2018\/09\/WhatsApp-Image-2018-09-20-at-16.04.06.jpeg 800w, https:\/\/www.radiopiu.net\/wordpress\/wp-content\/uploads\/2018\/09\/WhatsApp-Image-2018-09-20-at-16.04.06-300x38.jpeg 300w, https:\/\/www.radiopiu.net\/wordpress\/wp-content\/uploads\/2018\/09\/WhatsApp-Image-2018-09-20-at-16.04.06-768x96.jpeg 768w\" sizes=\"auto, (max-width: 800px) 100vw, 800px\" \/><\/a><\/h1>\n<h1>DA OGGI A GIOVEDI<\/h1>\n<p><strong>Lunedi 17<\/strong><br \/>\nTempo atteso: Tempo variabile, a tratti al limite della perturbabilit\u00e0, con nuvolosit\u00e0 stratiforme piuttosto estesa al mattino, assieme a qualche sporadico fenomeno, in particolare su alcuni settori prealpini. Al pomeriggio la nuvolosit\u00e0 sar\u00e0 un po&#8217; pi\u00f9 irregolare con prime schiarite. Clima diurno un po&#8217; pi\u00f9 mite, nonostante il deficit di sole.<br \/>\nPrecipitazioni: Debolissime precipitazioni sparse sulla fascia prealpina, nevose fino a fondovalle tra la notte e la prima mattinata (40\/60%), rischio minore sulle Dolomiti (10\/20%). Dalla tarda mattinata totale esaurimento dei fenomeni. Gli apporti saranno irrisori con 2\/4 cm sui Lessini, localmente 5 cm in quota, mentre altrove si tratter\u00e0 di tracce di neve senza accumuli.<br \/>\nTemperature: In generale rialzo a tutte le quote, con debole escursione termica diurna nelle valli. Su Prealpi a 1500 m min -3\u00b0C max 0\u00b0C, a 2000 m min -5\u00b0C max -3\u00b0C. Su Dolomiti a 2000 m min -5\u00b0C max -3\u00b0C, a 3000 m min -11\u00b0C max -8\u00b0C.<br \/>\nVenti: Nelle valli deboli di direzione variabile; in quota perlopi\u00f9 moderati da Est Nord-Est, tendenti a rafforzarsi nel corso della mattinata alle quote medie (dorsali prealpine e quote comprese tra i 1600\/2000 m), a 15-45 km\/h a 2000 m, 30-50 km\/h a 3000 m.<br \/>\n<strong>Martedi 18<\/strong><br \/>\nTempo atteso: Netto miglioramento del tempo con sole, cielo sereno in giornata e velato nel tardo pomeriggio\/sera. Aria tersa ed ottima visibilit\u00e0 in montagna, qualche foschia mattutina nel catino bellunese. Clima diurno un po&#8217; pi\u00f9 mite, specie in quota, mentre si avr\u00e0 una lieve inversione termica notturna nelle valli.<br \/>\nPrecipitazioni: Assenti (0%).<br \/>\nTemperature: Minime in diminuzione e massime in rialzo. Sono previsti valori minimi di -3\/-6\u00b0C nel catino bellunese e saranno pressoch\u00e9 identici a 1000\/1200 m (-4\/-7\u00b0C); massime previste attorno ai 5\/6\u00b0C nei fondovalle prealpini e 2\/3\u00b0C a 1000\/1200 m. Su Prealpi a 1500 m min -2\u00b0C max 0\u00b0C, a 2000 m min -4\u00b0C max -2\u00b0C. Su Dolomiti a 2000 m min -5\u00b0C max -2\u00b0C, a 3000 m min -8\u00b0C max -3\u00b0C.<br \/>\nVenti: Nelle valli deboli di direzione variabile; in quota perlopi\u00f9 deboli\/moderati da Nord-Ovest, a 5-10 km\/h a 2000 m, 15-20 km\/h a 3000 m.<br \/>\n<strong>Mercoledi 19<\/strong><br \/>\nTempo in parte soleggiato con velature via via pi\u00f9 estese e cielo coperto al pomeriggio Non escluso qualche fenomeno in tarda serata (neve sui 900\/1100 m). Temperature senza notevoli variazioni, eccetto aumento delle minime a tutte le quote con inversione termica notturna nei fondovalle. Venti deboli\/moderati da Nord-Ovest in quota.<br \/>\n<strong>Giovedi 20<\/strong><br \/>\nLieve peggioramento del tempo con cielo molto nuvoloso o coperto associato a deboli precipitazioni, nevose oltre gli 800\/1000 m. Alla sera il tempo migliorer\u00e0. Temperature massime in calo. Venti moderati da Sud-Ovest al mattino, tendenti a disporsi da Nord al pomeriggio. Previsore: R.L.Th<\/p>\n<p>&nbsp;<\/p>\n","protected":false},"excerpt":{"rendered":"<p>Il taglio del nastro\u00a0tra poche ore, a mezzogiorno, il presidente della Regione Luca Zaia e i vertici di Veneto Strade saranno ad Agordo (in prossimit\u00e0 della rotonda sul nuovo viadotto a Ponte Alto) per inaugurare l&#8217;ultimo tratto della tagenziale.\u00a0Referendum per l&#8217;Unione Non hanno votato in tanti, ma poich\u00e9 gli assenti il torto lo hanno sempre&hellip;<\/p>\n","protected":false},"author":1,"featured_media":69665,"comment_status":"closed","ping_status":"closed","sticky":false,"template":"","format":"standard","meta":{"_monsterinsights_skip_tracking":false,"_monsterinsights_sitenote_active":false,"_monsterinsights_sitenote_note":"","_monsterinsights_sitenote_category":0,"footnotes":""},"categories":[86],"tags":[],"class_list":["post-69667","post","type-post","status-publish","format-standard","has-post-thumbnail","hentry","category-gr","category-86","description-off"],"img_url":"https:\/\/www.radiopiu.net\/wordpress\/wp-content\/uploads\/2018\/12\/e46f9391-45da-4e64-aa29-4814abe9b8a9.jpg","_links":{"self":[{"href":"https:\/\/www.radiopiu.net\/wordpress\/wp-json\/wp\/v2\/posts\/69667","targetHints":{"allow":["GET"]}}],"collection":[{"href":"https:\/\/www.radiopiu.net\/wordpress\/wp-json\/wp\/v2\/posts"}],"about":[{"href":"https:\/\/www.radiopiu.net\/wordpress\/wp-json\/wp\/v2\/types\/post"}],"author":[{"embeddable":true,"href":"https:\/\/www.radiopiu.net\/wordpress\/wp-json\/wp\/v2\/users\/1"}],"replies":[{"embeddable":true,"href":"https:\/\/www.radiopiu.net\/wordpress\/wp-json\/wp\/v2\/comments?post=69667"}],"version-history":[{"count":0,"href":"https:\/\/www.radiopiu.net\/wordpress\/wp-json\/wp\/v2\/posts\/69667\/revisions"}],"wp:featuredmedia":[{"embeddable":true,"href":"https:\/\/www.radiopiu.net\/wordpress\/wp-json\/wp\/v2\/media\/69665"}],"wp:attachment":[{"href":"https:\/\/www.radiopiu.net\/wordpress\/wp-json\/wp\/v2\/media?parent=69667"}],"wp:term":[{"taxonomy":"category","embeddable":true,"href":"https:\/\/www.radiopiu.net\/wordpress\/wp-json\/wp\/v2\/categories?post=69667"},{"taxonomy":"post_tag","embeddable":true,"href":"https:\/\/www.radiopiu.net\/wordpress\/wp-json\/wp\/v2\/tags?post=69667"}],"curies":[{"name":"wp","href":"https:\/\/api.w.org\/{rel}","templated":true}]}}