{"id":69698,"date":"2018-12-17T05:31:21","date_gmt":"2018-12-17T04:31:21","guid":{"rendered":"http:\/\/www.radiopiu.net\/wordpress\/?p=69698"},"modified":"2018-12-17T09:49:33","modified_gmt":"2018-12-17T08:49:33","slug":"150-anni-del-cai-il-compleanno-in-sana-don-tamis-visto-da-claudio-pra","status":"publish","type":"post","link":"https:\/\/www.radiopiu.net\/wordpress\/150-anni-del-cai-il-compleanno-in-sana-don-tamis-visto-da-claudio-pra\/","title":{"rendered":"150 ANNI DEL CAI, IL COMPLEANNO IN SALA DON TAMIS VISTO DA CLAUDIO PRA"},"content":{"rendered":"<h1><\/h1>\n<p><a class=\"dt-pswp-item\" href=\"http:\/\/www.radiopiu.net\/wordpress\/wp-content\/uploads\/2018\/12\/WhatsApp-Image-2018-12-16-at-18.23.04-1.jpeg\" data-dt-img-description=\"\" data-large_image_width=\"1600\" data-large_image_height=\"903\"><img loading=\"lazy\" decoding=\"async\" class=\"alignnone wp-image-69690 size-large\" src=\"http:\/\/www.radiopiu.net\/wordpress\/wp-content\/uploads\/2018\/12\/WhatsApp-Image-2018-12-16-at-18.23.04-1-1024x578.jpeg\" alt=\"\" width=\"1024\" height=\"578\" srcset=\"https:\/\/www.radiopiu.net\/wordpress\/wp-content\/uploads\/2018\/12\/WhatsApp-Image-2018-12-16-at-18.23.04-1-1024x578.jpeg 1024w, https:\/\/www.radiopiu.net\/wordpress\/wp-content\/uploads\/2018\/12\/WhatsApp-Image-2018-12-16-at-18.23.04-1-300x169.jpeg 300w, https:\/\/www.radiopiu.net\/wordpress\/wp-content\/uploads\/2018\/12\/WhatsApp-Image-2018-12-16-at-18.23.04-1-768x433.jpeg 768w, https:\/\/www.radiopiu.net\/wordpress\/wp-content\/uploads\/2018\/12\/WhatsApp-Image-2018-12-16-at-18.23.04-1.jpeg 1600w\" sizes=\"auto, (max-width: 1024px) 100vw, 1024px\" \/><\/a><\/p>\n<p><strong>AGORDO<\/strong> Sabato 15 dicembre una gremita Sala Don FerdinandoTamis ha ospitato la celebrazione ufficiale del centocinquantesimo anniversario dalla fondazione della Sezione Agordina del CAI. Come ha ricordato la presidente Anna Magro quello che sta per concludersi \u00e8 stato un anno intenso, fatto di tante manifestazioni dedicate allo storico compleanno, chiuse proprio da quest\u2019ultimo evento organizzato per ovvi motivi di opportunit\u00e0 due giorni prima della data ufficiale che cade oggi. Era infatti il 17 dicembre del 1868, quindi giusto 150 anni fa allorch\u00e9 Nicol\u00f2 Pellati, ingegnere presso gli stabilimenti minerari della Valle Imperina e amico di Quintino Sella fondatore del Club Alpino Italiano, fond\u00f2 ad Agordo la quarta sezione italiana del CAI allora battezzata \u201cSociet\u00e0 Alpina di Agordo\u201d. Da allora tanti presidenti si sono avvicendati, tanta attivit\u00e0 \u00e8 stata fatta, tanto volontariato \u00e8 stato messo in campo a disposizione della promozione per la frequentazione consapevole della montagna.<br \/>\nPresentata dall\u2019ormai conduttore storico della Sezione Agordina Giampaolo Soratroi la serata \u00e8 stata improntata alla sobriet\u00e0. Niente fronzoli ma tanta concretezza, come \u00e8 nel DNA dell\u2019uomo di montagna. Sul Palco, dove era stato allestito uno schermo gigante, si sono succeduti filmati storici, autorit\u00e0 e personaggi hanno contribuito alla crescita del sodalizio, che sono stati premiati con un riconoscimento. Il Presidente Regionale Francesco Carrerer, presente ad Agordo con tutto il gruppo regionale e alcuni consiglieri del CAI centrale ha riconosciuto l\u2019importanza della Sezione Agordina per la nascita delle altre sezioni nel Veneto chiamandola \u201csezione madre\u201d.\u00a0 Riconoscimenti lusinghieri anche dal Sindaco di Agordo Sisto Da Roit, che ha a sua volta riconosciuto il lustro dato ad Agordo dalla Sezione Agordina. E poi due filmati storici sulla sezione e la presentazione di due volumi, il primo gi\u00e0 uscito in occasione dell\u2019adunanza di quest\u2019anno sul Broi che racconta gli ultimi cinquant\u2019anni di storia e un secondo, la ristampa dei un libro del 1888 intitolato \u201cBreve escursione alpina nel bellunese\u201d, corredato con delle foto scattate allora, messe al confronto con altri scatti di oggi mantenendo la stessa inquadratura. La serata \u00e8 stata allietata dal fisarmonicista friulano Paolo Forte che si \u00e8 esibito in alcuni brani molto suggestivi. Alla fine due grandi torte e un brindisi hanno chiuso le celebrazioni. Da domani, come ha ricordato la Presidente, si entra nei 151 anni, in un futuro che si spera porti ancora tante soddisfazioni, un futuro magari pi\u00f9 tecnologico con l\u2019auspicio che i valori rimangano quelli costitutivi.<\/p>\n<p><strong>AUDIO<\/strong><\/p>\n<audio class=\"wp-audio-shortcode\" id=\"audio-69698-1\" preload=\"none\" style=\"width: 100%;\" controls=\"controls\"><source type=\"audio\/mpeg\" src=\"http:\/\/www.radiopiu.net\/wordpress\/wp-content\/uploads\/2018\/12\/181216_0587-1.mp3?_=1\" \/><a href=\"http:\/\/www.radiopiu.net\/wordpress\/wp-content\/uploads\/2018\/12\/181216_0587-1.mp3\">http:\/\/www.radiopiu.net\/wordpress\/wp-content\/uploads\/2018\/12\/181216_0587-1.mp3<\/a><\/audio>\n","protected":false},"excerpt":{"rendered":"<p>AGORDO Sabato 15 dicembre una gremita Sala Don FerdinandoTamis ha ospitato la celebrazione ufficiale del centocinquantesimo anniversario dalla fondazione della Sezione Agordina del CAI. Come ha ricordato la presidente Anna Magro quello che sta per concludersi \u00e8 stato un anno intenso, fatto di tante manifestazioni dedicate allo storico compleanno, chiuse proprio da quest\u2019ultimo evento organizzato&hellip;<\/p>\n","protected":false},"author":1,"featured_media":69647,"comment_status":"closed","ping_status":"closed","sticky":false,"template":"","format":"standard","meta":{"_monsterinsights_skip_tracking":false,"_monsterinsights_sitenote_active":false,"_monsterinsights_sitenote_note":"","_monsterinsights_sitenote_category":0,"footnotes":""},"categories":[49],"tags":[],"class_list":["post-69698","post","type-post","status-publish","format-standard","has-post-thumbnail","hentry","category-news-18","category-49","description-off"],"img_url":"https:\/\/www.radiopiu.net\/wordpress\/wp-content\/uploads\/2018\/12\/WhatsApp-Image-2018-12-16-at-18.23.04.jpeg","_links":{"self":[{"href":"https:\/\/www.radiopiu.net\/wordpress\/wp-json\/wp\/v2\/posts\/69698","targetHints":{"allow":["GET"]}}],"collection":[{"href":"https:\/\/www.radiopiu.net\/wordpress\/wp-json\/wp\/v2\/posts"}],"about":[{"href":"https:\/\/www.radiopiu.net\/wordpress\/wp-json\/wp\/v2\/types\/post"}],"author":[{"embeddable":true,"href":"https:\/\/www.radiopiu.net\/wordpress\/wp-json\/wp\/v2\/users\/1"}],"replies":[{"embeddable":true,"href":"https:\/\/www.radiopiu.net\/wordpress\/wp-json\/wp\/v2\/comments?post=69698"}],"version-history":[{"count":0,"href":"https:\/\/www.radiopiu.net\/wordpress\/wp-json\/wp\/v2\/posts\/69698\/revisions"}],"wp:featuredmedia":[{"embeddable":true,"href":"https:\/\/www.radiopiu.net\/wordpress\/wp-json\/wp\/v2\/media\/69647"}],"wp:attachment":[{"href":"https:\/\/www.radiopiu.net\/wordpress\/wp-json\/wp\/v2\/media?parent=69698"}],"wp:term":[{"taxonomy":"category","embeddable":true,"href":"https:\/\/www.radiopiu.net\/wordpress\/wp-json\/wp\/v2\/categories?post=69698"},{"taxonomy":"post_tag","embeddable":true,"href":"https:\/\/www.radiopiu.net\/wordpress\/wp-json\/wp\/v2\/tags?post=69698"}],"curies":[{"name":"wp","href":"https:\/\/api.w.org\/{rel}","templated":true}]}}