{"id":69796,"date":"2018-12-18T06:00:34","date_gmt":"2018-12-18T05:00:34","guid":{"rendered":"http:\/\/www.radiopiu.net\/wordpress\/?p=69796"},"modified":"2018-12-19T06:01:46","modified_gmt":"2018-12-19T05:01:46","slug":"69796-2","status":"publish","type":"post","link":"https:\/\/www.radiopiu.net\/wordpress\/69796-2\/","title":{"rendered":"A LORETTA BEN, CON AFFETTO"},"content":{"rendered":"<p>&nbsp;<\/p>\n<h3><em><a class=\"dt-pswp-item\" href=\"http:\/\/www.radiopiu.net\/wordpress\/wp-content\/uploads\/2018\/12\/loretta-ben-sindaco-di-taibon-agordino.jpg\" data-dt-img-description=\"\" data-large_image_width=\"122\" data-large_image_height=\"148\"><img loading=\"lazy\" decoding=\"async\" class=\" wp-image-69799 alignleft\" src=\"http:\/\/www.radiopiu.net\/wordpress\/wp-content\/uploads\/2018\/12\/loretta-ben-sindaco-di-taibon-agordino.jpg\" alt=\"\" width=\"95\" height=\"115\" \/><\/a>Ciao Loretta, ciao sindaco, perch\u00e9 in questi paesi dove tutti ci si conosce quando si rispetta il primo cittadino lo \u00e8 sempre sempre. Ciao Loretta, ciao Appia, perch\u00e9 Loretta era l&#8217;Appia dove \u00e8 stato scritto il primo atto per la RADIO PIU, ed era 36 anni fa, Loretta in quegli uffici ci ha messo del suo per 50 anni e pi\u00f9. Ciao Manlio, un abbraccio grande come il bene e l&#8217;amore che hai voluto alla tua sposa, che mancher\u00e0 a te come a tutti noi. Guerriera e lottatrice fino all&#8217;ultimo istante, con il pensiero fisso alla sua famiglia, ai sui figli, agli amati nipoti, alla sua gente, al suo territorio. Una presenza amica di cui sentiremo l&#8217;assenza<\/em><\/h3>\n<h3><em>Loretta Ben guerriera e lottatrice fino all&#8217;ultimo istante, con il pensiero fisso alla sua famiglia, alla sua gente, al suo territorio. Una presenza amica di cui sentiremo l&#8217;assenza.<\/em><\/h3>\n<p>DI GIANNI SANTOMASO<\/p>\n<audio class=\"wp-audio-shortcode\" id=\"audio-69796-1\" preload=\"none\" style=\"width: 100%;\" controls=\"controls\"><source type=\"audio\/ogg\" src=\"http:\/\/www.radiopiu.net\/wordpress\/wp-content\/uploads\/2018\/12\/GIANNI-LORETTA.ogg?_=1\" \/><a href=\"http:\/\/www.radiopiu.net\/wordpress\/wp-content\/uploads\/2018\/12\/GIANNI-LORETTA.ogg\">http:\/\/www.radiopiu.net\/wordpress\/wp-content\/uploads\/2018\/12\/GIANNI-LORETTA.ogg<\/a><\/audio>\n<p>IL RICORDO DI DENNI DORIGO, COMITATI PER L&#8217;OSPEDALE<\/p>\n<audio class=\"wp-audio-shortcode\" id=\"audio-69796-2\" preload=\"none\" style=\"width: 100%;\" controls=\"controls\"><source type=\"audio\/mpeg\" src=\"http:\/\/www.radiopiu.net\/wordpress\/wp-content\/uploads\/2018\/12\/DENNI-1.mp3?_=2\" \/><a href=\"http:\/\/www.radiopiu.net\/wordpress\/wp-content\/uploads\/2018\/12\/DENNI-1.mp3\">http:\/\/www.radiopiu.net\/wordpress\/wp-content\/uploads\/2018\/12\/DENNI-1.mp3<\/a><\/audio>\n<p>IL RICORDO DEL SINDACO SISTO DA ROIT<\/p>\n<audio class=\"wp-audio-shortcode\" id=\"audio-69796-3\" preload=\"none\" style=\"width: 100%;\" controls=\"controls\"><source type=\"audio\/ogg\" src=\"http:\/\/www.radiopiu.net\/wordpress\/wp-content\/uploads\/2018\/12\/sisto-1.ogg?_=3\" \/><a href=\"http:\/\/www.radiopiu.net\/wordpress\/wp-content\/uploads\/2018\/12\/sisto-1.ogg\">http:\/\/www.radiopiu.net\/wordpress\/wp-content\/uploads\/2018\/12\/sisto-1.ogg<\/a><\/audio>\n<p>IL RICORDO DI DARIO BOND, PARLAMENTARE<\/p>\n<audio class=\"wp-audio-shortcode\" id=\"audio-69796-4\" preload=\"none\" style=\"width: 100%;\" controls=\"controls\"><source type=\"audio\/ogg\" src=\"http:\/\/www.radiopiu.net\/wordpress\/wp-content\/uploads\/2018\/12\/BPND-LORETTA.ogg?_=4\" \/><a href=\"http:\/\/www.radiopiu.net\/wordpress\/wp-content\/uploads\/2018\/12\/BPND-LORETTA.ogg\">http:\/\/www.radiopiu.net\/wordpress\/wp-content\/uploads\/2018\/12\/BPND-LORETTA.ogg<\/a><\/audio>\n<p>IL RICORDO DI OSCAR DE BONA, PRESIDENTE ABM<\/p>\n<audio class=\"wp-audio-shortcode\" id=\"audio-69796-5\" preload=\"none\" style=\"width: 100%;\" controls=\"controls\"><source type=\"audio\/ogg\" src=\"http:\/\/www.radiopiu.net\/wordpress\/wp-content\/uploads\/2018\/12\/oascar.ogg?_=5\" \/><a href=\"http:\/\/www.radiopiu.net\/wordpress\/wp-content\/uploads\/2018\/12\/oascar.ogg\">http:\/\/www.radiopiu.net\/wordpress\/wp-content\/uploads\/2018\/12\/oascar.ogg<\/a><\/audio>\n<p>&nbsp;<\/p>\n<p>&nbsp;<\/p>\n<blockquote><p><em>Ti voglio ricordare cosi&#8217;&#8230; felice come in quel giorno che siamo riusciti a farti una sopresa, dopo 10 anni di successo della &#8220;tua&#8221; Farmacia Comunale&#8230;. Buon viaggio Loretta&#8230;<\/em><\/p><\/blockquote>\n<div id=\"attachment_69797\" style=\"width: 4618px\" class=\"wp-caption alignnone\"><a class=\"dt-pswp-item\" href=\"http:\/\/www.radiopiu.net\/wordpress\/wp-content\/uploads\/2018\/12\/2018-06-09-11.12.17.jpg\" data-dt-img-description=\"dav\" data-large_image_width=\"4608\" data-large_image_height=\"3456\"><img loading=\"lazy\" decoding=\"async\" aria-describedby=\"caption-attachment-69797\" class=\"wp-image-69797 size-large\" src=\"http:\/\/www.radiopiu.net\/wordpress\/wp-content\/uploads\/2018\/12\/2018-06-09-11.12.17-1024x768.jpg\" alt=\"\" width=\"1024\" height=\"768\" srcset=\"https:\/\/www.radiopiu.net\/wordpress\/wp-content\/uploads\/2018\/12\/2018-06-09-11.12.17-1024x768.jpg 1024w, https:\/\/www.radiopiu.net\/wordpress\/wp-content\/uploads\/2018\/12\/2018-06-09-11.12.17-300x225.jpg 300w, https:\/\/www.radiopiu.net\/wordpress\/wp-content\/uploads\/2018\/12\/2018-06-09-11.12.17-768x576.jpg 768w\" sizes=\"auto, (max-width: 1024px) 100vw, 1024px\" \/><\/a><p id=\"caption-attachment-69797\" class=\"wp-caption-text\">dav<\/p><\/div>\n","protected":false},"excerpt":{"rendered":"<p>&nbsp; Ciao Loretta, ciao sindaco, perch\u00e9 in questi paesi dove tutti ci si conosce quando si rispetta il primo cittadino lo \u00e8 sempre sempre. Ciao Loretta, ciao Appia, perch\u00e9 Loretta era l&#8217;Appia dove \u00e8 stato scritto il primo atto per la RADIO PIU, ed era 36 anni fa, Loretta in quegli uffici ci ha messo&hellip;<\/p>\n","protected":false},"author":1,"featured_media":69800,"comment_status":"closed","ping_status":"closed","sticky":false,"template":"","format":"standard","meta":{"_monsterinsights_skip_tracking":false,"_monsterinsights_sitenote_active":false,"_monsterinsights_sitenote_note":"","_monsterinsights_sitenote_category":0,"footnotes":""},"categories":[49],"tags":[],"class_list":["post-69796","post","type-post","status-publish","format-standard","has-post-thumbnail","hentry","category-news-18","category-49","description-off"],"img_url":"https:\/\/www.radiopiu.net\/wordpress\/wp-content\/uploads\/2018\/12\/loretta-ben-sindaco-di-taibon-agordino-1.jpg","_links":{"self":[{"href":"https:\/\/www.radiopiu.net\/wordpress\/wp-json\/wp\/v2\/posts\/69796","targetHints":{"allow":["GET"]}}],"collection":[{"href":"https:\/\/www.radiopiu.net\/wordpress\/wp-json\/wp\/v2\/posts"}],"about":[{"href":"https:\/\/www.radiopiu.net\/wordpress\/wp-json\/wp\/v2\/types\/post"}],"author":[{"embeddable":true,"href":"https:\/\/www.radiopiu.net\/wordpress\/wp-json\/wp\/v2\/users\/1"}],"replies":[{"embeddable":true,"href":"https:\/\/www.radiopiu.net\/wordpress\/wp-json\/wp\/v2\/comments?post=69796"}],"version-history":[{"count":0,"href":"https:\/\/www.radiopiu.net\/wordpress\/wp-json\/wp\/v2\/posts\/69796\/revisions"}],"wp:featuredmedia":[{"embeddable":true,"href":"https:\/\/www.radiopiu.net\/wordpress\/wp-json\/wp\/v2\/media\/69800"}],"wp:attachment":[{"href":"https:\/\/www.radiopiu.net\/wordpress\/wp-json\/wp\/v2\/media?parent=69796"}],"wp:term":[{"taxonomy":"category","embeddable":true,"href":"https:\/\/www.radiopiu.net\/wordpress\/wp-json\/wp\/v2\/categories?post=69796"},{"taxonomy":"post_tag","embeddable":true,"href":"https:\/\/www.radiopiu.net\/wordpress\/wp-json\/wp\/v2\/tags?post=69796"}],"curies":[{"name":"wp","href":"https:\/\/api.w.org\/{rel}","templated":true}]}}