{"id":69976,"date":"2018-12-19T05:41:00","date_gmt":"2018-12-19T04:41:00","guid":{"rendered":"http:\/\/www.radiopiu.net\/wordpress\/?p=69976"},"modified":"2018-12-20T06:23:34","modified_gmt":"2018-12-20T05:23:34","slug":"accordo-intesa-sanpalo-federlegnoarredo-di-damiano-tormen","status":"publish","type":"post","link":"https:\/\/www.radiopiu.net\/wordpress\/accordo-intesa-sanpalo-federlegnoarredo-di-damiano-tormen\/","title":{"rendered":"ACCORDO INTESA SANPALO-FEDERLEGNOARREDO  DI DAMIANO TORMEN"},"content":{"rendered":"<h3>CON 100 MILIONI PER GESTIONE LEGNO BOSCHI TRIVENETI ABBATTUTI DAL MALTEMPO. ZAIA, \u201cGRAZIE. UN BEL MODO PER NON FARCI SENTIRE SOLI\u201d<\/h3>\n<p><strong>di DAMIANO TORMEN<\/strong><\/p>\n<audio class=\"wp-audio-shortcode\" id=\"audio-69976-1\" preload=\"none\" style=\"width: 100%;\" controls=\"controls\"><source type=\"audio\/ogg\" src=\"http:\/\/www.radiopiu.net\/wordpress\/wp-content\/uploads\/2018\/12\/boschi-damiano.ogg?_=1\" \/><a href=\"http:\/\/www.radiopiu.net\/wordpress\/wp-content\/uploads\/2018\/12\/boschi-damiano.ogg\">http:\/\/www.radiopiu.net\/wordpress\/wp-content\/uploads\/2018\/12\/boschi-damiano.ogg<\/a><\/audio>\n<p><strong><a class=\"dt-pswp-item\" href=\"http:\/\/www.radiopiu.net\/wordpress\/wp-content\/uploads\/2018\/12\/case.jpg\" data-dt-img-description=\"\" data-large_image_width=\"960\" data-large_image_height=\"720\"><img loading=\"lazy\" decoding=\"async\" class=\"size-medium wp-image-69585 alignleft\" src=\"http:\/\/www.radiopiu.net\/wordpress\/wp-content\/uploads\/2018\/12\/case-300x225.jpg\" alt=\"\" width=\"300\" height=\"225\" srcset=\"https:\/\/www.radiopiu.net\/wordpress\/wp-content\/uploads\/2018\/12\/case-300x225.jpg 300w, https:\/\/www.radiopiu.net\/wordpress\/wp-content\/uploads\/2018\/12\/case-768x576.jpg 768w, https:\/\/www.radiopiu.net\/wordpress\/wp-content\/uploads\/2018\/12\/case.jpg 960w\" sizes=\"auto, (max-width: 300px) 100vw, 300px\" \/><\/a>VENEZIA\u00a0<\/strong>\u201cUn bel modo per non farci sentire soli, grazie a Intesa Sanpaolo e Federlegnoarredo, anche per l\u2019entit\u00e0 rilevante dell\u2019impegno\u201d. Con queste parole, il Presidente della Regione del Veneto, Luca Zaia, commenta l\u2019accordo tra la banca Intesa Sanpaolo e Federlegnoarredo a sostegno della filiera del legno, con lo stanziamento di un plafond di cento milioni per la gestione del legname proveniente dai boschi del Triveneto colpiti dal maltempo. \u201cLa partita della gestione dell&#8217;enorme quantit\u00e0 di legname derivante dagli alberi abbattuti dal tornado \u00e8 una delle pi\u00f9 complesse e urgenti da affrontare \u2013 ricorda Zaia &#8211; e con questa iniziativa, Intesa San Paolo e Federlegno dimostrano un grande spirito di solidariet\u00e0 e altrettanta capacit\u00e0 di cogliere l&#8217;importanza di fare squadra e di stimolare le imprese della filiera ad essere parte attiva sia nella gestione del materiale da raccogliere sia, poi, nella lunga e difficile opera di rimboschimento. In particolare, gli interventi previsti dall\u2019Accordo riguardano le imprese boschive, le segherie e l\u2019ultimo anello della lavorazione\/trasformazione del legno, come, ad esempio, carpenteria, mobilifici, bioedilizia, centrali elettriche a cippato.<\/p>\n","protected":false},"excerpt":{"rendered":"<p>CON 100 MILIONI PER GESTIONE LEGNO BOSCHI TRIVENETI ABBATTUTI DAL MALTEMPO. ZAIA, \u201cGRAZIE. UN BEL MODO PER NON FARCI SENTIRE SOLI\u201d di DAMIANO TORMEN VENEZIA\u00a0\u201cUn bel modo per non farci sentire soli, grazie a Intesa Sanpaolo e Federlegnoarredo, anche per l\u2019entit\u00e0 rilevante dell\u2019impegno\u201d. Con queste parole, il Presidente della Regione del Veneto, Luca Zaia, commenta&hellip;<\/p>\n","protected":false},"author":1,"featured_media":69380,"comment_status":"closed","ping_status":"closed","sticky":false,"template":"","format":"standard","meta":{"_monsterinsights_skip_tracking":false,"_monsterinsights_sitenote_active":false,"_monsterinsights_sitenote_note":"","_monsterinsights_sitenote_category":0,"footnotes":""},"categories":[49],"tags":[],"class_list":["post-69976","post","type-post","status-publish","format-standard","has-post-thumbnail","hentry","category-news-18","category-49","description-off"],"img_url":"https:\/\/www.radiopiu.net\/wordpress\/wp-content\/uploads\/2018\/12\/45302267_10210861805696137_7247227815546847232_n.jpg","_links":{"self":[{"href":"https:\/\/www.radiopiu.net\/wordpress\/wp-json\/wp\/v2\/posts\/69976","targetHints":{"allow":["GET"]}}],"collection":[{"href":"https:\/\/www.radiopiu.net\/wordpress\/wp-json\/wp\/v2\/posts"}],"about":[{"href":"https:\/\/www.radiopiu.net\/wordpress\/wp-json\/wp\/v2\/types\/post"}],"author":[{"embeddable":true,"href":"https:\/\/www.radiopiu.net\/wordpress\/wp-json\/wp\/v2\/users\/1"}],"replies":[{"embeddable":true,"href":"https:\/\/www.radiopiu.net\/wordpress\/wp-json\/wp\/v2\/comments?post=69976"}],"version-history":[{"count":0,"href":"https:\/\/www.radiopiu.net\/wordpress\/wp-json\/wp\/v2\/posts\/69976\/revisions"}],"wp:featuredmedia":[{"embeddable":true,"href":"https:\/\/www.radiopiu.net\/wordpress\/wp-json\/wp\/v2\/media\/69380"}],"wp:attachment":[{"href":"https:\/\/www.radiopiu.net\/wordpress\/wp-json\/wp\/v2\/media?parent=69976"}],"wp:term":[{"taxonomy":"category","embeddable":true,"href":"https:\/\/www.radiopiu.net\/wordpress\/wp-json\/wp\/v2\/categories?post=69976"},{"taxonomy":"post_tag","embeddable":true,"href":"https:\/\/www.radiopiu.net\/wordpress\/wp-json\/wp\/v2\/tags?post=69976"}],"curies":[{"name":"wp","href":"https:\/\/api.w.org\/{rel}","templated":true}]}}