{"id":69989,"date":"2018-12-19T05:51:19","date_gmt":"2018-12-19T04:51:19","guid":{"rendered":"http:\/\/www.radiopiu.net\/wordpress\/?p=69989"},"modified":"2018-12-19T05:51:19","modified_gmt":"2018-12-19T04:51:19","slug":"benvenuti-neodiciottenni","status":"publish","type":"post","link":"https:\/\/www.radiopiu.net\/wordpress\/benvenuti-neodiciottenni\/","title":{"rendered":"BENVENUTI, NEODICIOTTENNI"},"content":{"rendered":"<h1><\/h1>\n<p><strong>CANALE D&#8217;AGORDO\u00a0<\/strong>Sabato 22 dicembre, alle 17, nella sala conferenze (ex Cavallino), le Amministrazioni di Vallada e Canale accoglieranno i neodiciottenni dei due Comuni, con le rispettive famiglie, per dare loro il benvenuto nella maggiore et\u00e0. L\u2019incontro sar\u00e0 arricchito dalla presenza della Sostituto Procuratore della Repubblica, dott.ssa Roberta Gallego, che sottolineer\u00e0 l\u2019importanza dell\u2019educazione alla legalit\u00e0, al senso civico e alla cittadinanza nella formazione delle nuove generazioni.<br \/>\nIn quest\u2019anno la nostra bellissima Costituzione e la Dichiarazione Universale dei Diritti Umani festeggiano i 70\u2019anni: si tratta di due documenti fondamentali che costituiscono tutt\u2019oggi, per tutti noi, una solenne professione di impegno democratico. Non \u00e8 banale e neppure retorico pensare di ricordare, approfondire e condividere soprattutto con i giovani, i messaggi in essi contenuti, bench\u00e9 le recenti avversit\u00e0 atmosferiche con i relativi effetti devastanti nelle nostre vallate abbiano evidenziato un tessuto sociale complessivamente sano, con dimostrazione di grande generosit\u00e0, entusiasmo e capacit\u00e0 dei nostri concittadini di tutte le et\u00e0.<br \/>\nIl prologo della Carta delle Nazioni Unite parla di \u201dfede nei diritti fondamentali dell\u2019uomo, nella dignit\u00e0 e nel valore della persona umana, nella eguaglianza dei diritti degli uomini e delle donne\u201d. E l\u2019art. 2 della nostra Costituzione recita :\u201dLa Repubblica riconosce e garantisce i diritti inviolabili dell\u2019uomo, sia come singolo, sia nelle formazioni sociali ove si svolge la sua personalit\u00e0, e richiede l\u2019adempimento dei doveri inderogabili di solidariet\u00e0 politica, economica e sociale\u201d.\u00a0 Interverr\u00e0 all\u2019incontro anche il Presidente della sezione Canale\/Vallada dei Donatori di Sangue, Adriano Fiocco, che evidenzier\u00e0 il valore formativo ed aggregante della solidariet\u00e0. Nell\u2019occasione i due Sindaci doneranno alle ragazze ed ai ragazzi una copia della Costituzione Italiana ed un tricolore. Il tutto si concluder\u00e0 con un brindisi e gli auguri di Buon Natale.<\/p>\n<p>&nbsp;<\/p>\n<p>&nbsp;<\/p>\n<p>&nbsp;<\/p>\n","protected":false},"excerpt":{"rendered":"<p>CANALE D&#8217;AGORDO\u00a0Sabato 22 dicembre, alle 17, nella sala conferenze (ex Cavallino), le Amministrazioni di Vallada e Canale accoglieranno i neodiciottenni dei due Comuni, con le rispettive famiglie, per dare loro il benvenuto nella maggiore et\u00e0. L\u2019incontro sar\u00e0 arricchito dalla presenza della Sostituto Procuratore della Repubblica, dott.ssa Roberta Gallego, che sottolineer\u00e0 l\u2019importanza dell\u2019educazione alla legalit\u00e0, al&hellip;<\/p>\n","protected":false},"author":1,"featured_media":51480,"comment_status":"closed","ping_status":"closed","sticky":false,"template":"","format":"standard","meta":{"_monsterinsights_skip_tracking":false,"_monsterinsights_sitenote_active":false,"_monsterinsights_sitenote_note":"","_monsterinsights_sitenote_category":0,"footnotes":""},"categories":[49],"tags":[],"class_list":["post-69989","post","type-post","status-publish","format-standard","has-post-thumbnail","hentry","category-news-18","category-49","description-off"],"img_url":"https:\/\/www.radiopiu.net\/wordpress\/wp-content\/uploads\/2018\/06\/MERCATINO-CANALE-DAGORDO.jpg","_links":{"self":[{"href":"https:\/\/www.radiopiu.net\/wordpress\/wp-json\/wp\/v2\/posts\/69989","targetHints":{"allow":["GET"]}}],"collection":[{"href":"https:\/\/www.radiopiu.net\/wordpress\/wp-json\/wp\/v2\/posts"}],"about":[{"href":"https:\/\/www.radiopiu.net\/wordpress\/wp-json\/wp\/v2\/types\/post"}],"author":[{"embeddable":true,"href":"https:\/\/www.radiopiu.net\/wordpress\/wp-json\/wp\/v2\/users\/1"}],"replies":[{"embeddable":true,"href":"https:\/\/www.radiopiu.net\/wordpress\/wp-json\/wp\/v2\/comments?post=69989"}],"version-history":[{"count":0,"href":"https:\/\/www.radiopiu.net\/wordpress\/wp-json\/wp\/v2\/posts\/69989\/revisions"}],"wp:featuredmedia":[{"embeddable":true,"href":"https:\/\/www.radiopiu.net\/wordpress\/wp-json\/wp\/v2\/media\/51480"}],"wp:attachment":[{"href":"https:\/\/www.radiopiu.net\/wordpress\/wp-json\/wp\/v2\/media?parent=69989"}],"wp:term":[{"taxonomy":"category","embeddable":true,"href":"https:\/\/www.radiopiu.net\/wordpress\/wp-json\/wp\/v2\/categories?post=69989"},{"taxonomy":"post_tag","embeddable":true,"href":"https:\/\/www.radiopiu.net\/wordpress\/wp-json\/wp\/v2\/tags?post=69989"}],"curies":[{"name":"wp","href":"https:\/\/api.w.org\/{rel}","templated":true}]}}