{"id":70037,"date":"2018-12-20T06:24:05","date_gmt":"2018-12-20T05:24:05","guid":{"rendered":"http:\/\/www.radiopiu.net\/wordpress\/?p=70037"},"modified":"2018-12-21T06:15:25","modified_gmt":"2018-12-21T05:15:25","slug":"ex-istituto-minerario-quando-le-ciambelle-non-riescono-con-il-buco-consegna-lavori-12-gennaio-2019","status":"publish","type":"post","link":"https:\/\/www.radiopiu.net\/wordpress\/ex-istituto-minerario-quando-le-ciambelle-non-riescono-con-il-buco-consegna-lavori-12-gennaio-2019\/","title":{"rendered":"EX ISTITUTO MINERARIO QUANDO LE CIAMBELLE NON RIESCONO CON IL BUCO: CONSEGNA LAVORI 12 GENNAIO 2019 CIOE&#8217; UN SOGNO"},"content":{"rendered":"<p><strong>I LAVORI ALL&#8217;EX MINERARIO PREOCCUPANO IL CONSIGLIO COMUNALE<\/strong><br \/>\n<a class=\"dt-pswp-item\" href=\"http:\/\/www.radiopiu.net\/wordpress\/wp-content\/uploads\/2018\/12\/WhatsApp-Image-2018-12-19-at-11.41.17.jpeg\" data-dt-img-description=\"\" data-large_image_width=\"1599\" data-large_image_height=\"799\"><img loading=\"lazy\" decoding=\"async\" class=\"size-medium wp-image-70044 alignleft\" src=\"http:\/\/www.radiopiu.net\/wordpress\/wp-content\/uploads\/2018\/12\/WhatsApp-Image-2018-12-19-at-11.41.17-300x150.jpeg\" alt=\"\" width=\"300\" height=\"150\" srcset=\"https:\/\/www.radiopiu.net\/wordpress\/wp-content\/uploads\/2018\/12\/WhatsApp-Image-2018-12-19-at-11.41.17-300x150.jpeg 300w, https:\/\/www.radiopiu.net\/wordpress\/wp-content\/uploads\/2018\/12\/WhatsApp-Image-2018-12-19-at-11.41.17-768x384.jpeg 768w, https:\/\/www.radiopiu.net\/wordpress\/wp-content\/uploads\/2018\/12\/WhatsApp-Image-2018-12-19-at-11.41.17-1024x512.jpeg 1024w, https:\/\/www.radiopiu.net\/wordpress\/wp-content\/uploads\/2018\/12\/WhatsApp-Image-2018-12-19-at-11.41.17.jpeg 1599w\" sizes=\"auto, (max-width: 300px) 100vw, 300px\" \/><\/a>I lavori procedono all&#8217;ex Istituto Minerario Umberto Follador, ma non viene ipotizzata alcuna data per la consegna delle strutture pronte per il taglio del nastro. I tempi ipotizzati inizialmente non sono stati rispettati, le cisterne piene di nafta sversata nel terreno sono state una zavorra pesante, &#8220;Poi sono subentrate le difficolt\u00e0 con l&#8217;impresa appaltatrice&#8221;, ha detto il sindaco Sisto Da Roit. Cosa accadr\u00e0 ora lo si capir\u00e0 nei prossimi mesi e il sindaco ha sottolineato che ci sono anche le possibilit\u00e0 di recedere dal contratto. In consiglio comunale Giulio Favretti ha rivolto una serie di domande al primo cittadino.<\/p>\n<p><strong>&#8230;CON I FONDI DI CONFINE, QUANDO I SOLDI NON BASTANO MAI. LE PERPLESSITA&#8217; DELLA MINORANZA.<\/strong><\/p>\n<p><a class=\"dt-pswp-item\" href=\"http:\/\/www.radiopiu.net\/wordpress\/wp-content\/uploads\/2018\/12\/WhatsApp-Image-2018-12-19-at-11.41.29.jpeg\" data-dt-img-description=\"\" data-large_image_width=\"1599\" data-large_image_height=\"799\"><img loading=\"lazy\" decoding=\"async\" class=\"size-medium wp-image-70040 alignleft\" src=\"http:\/\/www.radiopiu.net\/wordpress\/wp-content\/uploads\/2018\/12\/WhatsApp-Image-2018-12-19-at-11.41.29-300x150.jpeg\" alt=\"\" width=\"300\" height=\"150\" srcset=\"https:\/\/www.radiopiu.net\/wordpress\/wp-content\/uploads\/2018\/12\/WhatsApp-Image-2018-12-19-at-11.41.29-300x150.jpeg 300w, https:\/\/www.radiopiu.net\/wordpress\/wp-content\/uploads\/2018\/12\/WhatsApp-Image-2018-12-19-at-11.41.29-768x384.jpeg 768w, https:\/\/www.radiopiu.net\/wordpress\/wp-content\/uploads\/2018\/12\/WhatsApp-Image-2018-12-19-at-11.41.29-1024x512.jpeg 1024w, https:\/\/www.radiopiu.net\/wordpress\/wp-content\/uploads\/2018\/12\/WhatsApp-Image-2018-12-19-at-11.41.29.jpeg 1599w\" sizes=\"auto, (max-width: 300px) 100vw, 300px\" \/><\/a>Grazie allo sblocco dell&#8217;avanzo di amministrazione il Comune di Agordo ha aperto il portafoglio: 110 mila euro (pi\u00f9 altri 25 mila della variazione di novembre) sono stati trasferiti al Comune di Voltago per il museo mineralogico in costruzione all&#8217;ex Follador.\u00abPer quanto concerne la bonifica\u00bb dice Da Roit \u00abLe previsioni erano quelle che si sarebbero usati i soldi del progetto, ma visto che le pratiche vanno a rilento abbiamo deciso di stanziare delle risorse. Per il museo il nostro obiettivo \u00e8 di completare l&#8217;arredamento del piano terra che era stato sottostimato in fase progettuale\u00bb. Come dire cantiere aperto e non si conosce come si evolveranno lavori, contratti, contradditori&#8230; ma si pensa agli armadi. Intanto fuori 110 mila euro per il Comune di Voltago, Comune capofila e non \u00e8 finita: &#8220;Mancano altre risorse, l&#8217;attuale progetto non prevede il completamento dell&#8217;arredamento del primo piano&#8221; ha detto il sindaco di Agordo Sisto Da Roit che con la sua amministrazione e il Comune capofila di Voltago tempo addietro ha assegnato i lavori con un ribasso d&#8217;asta del 46 per cento. Da oggi si parla di sotto stimatura dei costi, lo ha ammesso il primo cittadino interrogato dal consigliere comunale Giulio Favretti.<br \/>\n<strong>AUDIO<\/strong><\/p>\n<audio class=\"wp-audio-shortcode\" id=\"audio-70037-1\" preload=\"none\" style=\"width: 100%;\" controls=\"controls\"><source type=\"audio\/mpeg\" src=\"http:\/\/www.radiopiu.net\/wordpress\/wp-content\/uploads\/2018\/12\/FAVRETTI-1.mp3?_=1\" \/><a href=\"http:\/\/www.radiopiu.net\/wordpress\/wp-content\/uploads\/2018\/12\/FAVRETTI-1.mp3\">http:\/\/www.radiopiu.net\/wordpress\/wp-content\/uploads\/2018\/12\/FAVRETTI-1.mp3<\/a><\/audio>\n<p>&nbsp;<\/p>\n<p><a class=\"dt-pswp-item\" href=\"http:\/\/www.radiopiu.net\/wordpress\/wp-content\/uploads\/2018\/12\/WhatsApp-Image-2018-12-19-at-11.40.37.jpeg\" data-dt-img-description=\"\" data-large_image_width=\"1599\" data-large_image_height=\"799\"><img loading=\"lazy\" decoding=\"async\" class=\"alignnone wp-image-70042 size-full\" src=\"http:\/\/www.radiopiu.net\/wordpress\/wp-content\/uploads\/2018\/12\/WhatsApp-Image-2018-12-19-at-11.40.37.jpeg\" alt=\"\" width=\"1599\" height=\"799\" srcset=\"https:\/\/www.radiopiu.net\/wordpress\/wp-content\/uploads\/2018\/12\/WhatsApp-Image-2018-12-19-at-11.40.37.jpeg 1599w, https:\/\/www.radiopiu.net\/wordpress\/wp-content\/uploads\/2018\/12\/WhatsApp-Image-2018-12-19-at-11.40.37-300x150.jpeg 300w, https:\/\/www.radiopiu.net\/wordpress\/wp-content\/uploads\/2018\/12\/WhatsApp-Image-2018-12-19-at-11.40.37-768x384.jpeg 768w, https:\/\/www.radiopiu.net\/wordpress\/wp-content\/uploads\/2018\/12\/WhatsApp-Image-2018-12-19-at-11.40.37-1024x512.jpeg 1024w\" sizes=\"auto, (max-width: 1599px) 100vw, 1599px\" \/><\/a>Se il sindaco non conosce la scadenza dei termini non \u00e8 difficile risalire alla data, basta recarsi al cantiere e leggere il grande pannello pubblicitario informativo: 12 gennaio 2019.\u00a0<strong>Il secondo lotto<\/strong>: l&#8217;Ostello, i lavori sono fermi da 2 anni e ora servono altri 17 mila euro per i sondaggi. Sono purtroppo iniziate le riserve, quello che si temeva alla faccia del ribasso d&#8217;asta, il fermo cantiere ha danneggiato tutti, impresa appaltatrice compresa e il sindaco accenna anche a possibili risoluzioni di contratto.<br \/>\n<strong>GIULIO FAVRETTI<\/strong><\/p>\n<audio class=\"wp-audio-shortcode\" id=\"audio-70037-2\" preload=\"none\" style=\"width: 100%;\" controls=\"controls\"><source type=\"audio\/mpeg\" src=\"http:\/\/www.radiopiu.net\/wordpress\/wp-content\/uploads\/2018\/12\/FAVRETTI-2.mp3?_=2\" \/><a href=\"http:\/\/www.radiopiu.net\/wordpress\/wp-content\/uploads\/2018\/12\/FAVRETTI-2.mp3\">http:\/\/www.radiopiu.net\/wordpress\/wp-content\/uploads\/2018\/12\/FAVRETTI-2.mp3<\/a><\/audio>\n<p>&nbsp;<\/p>\n","protected":false},"excerpt":{"rendered":"<p>I LAVORI ALL&#8217;EX MINERARIO PREOCCUPANO IL CONSIGLIO COMUNALE I lavori procedono all&#8217;ex Istituto Minerario Umberto Follador, ma non viene ipotizzata alcuna data per la consegna delle strutture pronte per il taglio del nastro. I tempi ipotizzati inizialmente non sono stati rispettati, le cisterne piene di nafta sversata nel terreno sono state una zavorra pesante, &#8220;Poi&hellip;<\/p>\n","protected":false},"author":1,"featured_media":70041,"comment_status":"closed","ping_status":"closed","sticky":false,"template":"","format":"standard","meta":{"_monsterinsights_skip_tracking":false,"_monsterinsights_sitenote_active":false,"_monsterinsights_sitenote_note":"","_monsterinsights_sitenote_category":0,"footnotes":""},"categories":[49],"tags":[],"class_list":["post-70037","post","type-post","status-publish","format-standard","has-post-thumbnail","hentry","category-news-18","category-49","description-off"],"img_url":"https:\/\/www.radiopiu.net\/wordpress\/wp-content\/uploads\/2018\/12\/WhatsApp-Image-2018-12-19-at-11.41.43.jpeg","_links":{"self":[{"href":"https:\/\/www.radiopiu.net\/wordpress\/wp-json\/wp\/v2\/posts\/70037","targetHints":{"allow":["GET"]}}],"collection":[{"href":"https:\/\/www.radiopiu.net\/wordpress\/wp-json\/wp\/v2\/posts"}],"about":[{"href":"https:\/\/www.radiopiu.net\/wordpress\/wp-json\/wp\/v2\/types\/post"}],"author":[{"embeddable":true,"href":"https:\/\/www.radiopiu.net\/wordpress\/wp-json\/wp\/v2\/users\/1"}],"replies":[{"embeddable":true,"href":"https:\/\/www.radiopiu.net\/wordpress\/wp-json\/wp\/v2\/comments?post=70037"}],"version-history":[{"count":0,"href":"https:\/\/www.radiopiu.net\/wordpress\/wp-json\/wp\/v2\/posts\/70037\/revisions"}],"wp:featuredmedia":[{"embeddable":true,"href":"https:\/\/www.radiopiu.net\/wordpress\/wp-json\/wp\/v2\/media\/70041"}],"wp:attachment":[{"href":"https:\/\/www.radiopiu.net\/wordpress\/wp-json\/wp\/v2\/media?parent=70037"}],"wp:term":[{"taxonomy":"category","embeddable":true,"href":"https:\/\/www.radiopiu.net\/wordpress\/wp-json\/wp\/v2\/categories?post=70037"},{"taxonomy":"post_tag","embeddable":true,"href":"https:\/\/www.radiopiu.net\/wordpress\/wp-json\/wp\/v2\/tags?post=70037"}],"curies":[{"name":"wp","href":"https:\/\/api.w.org\/{rel}","templated":true}]}}