{"id":70052,"date":"2018-12-20T06:21:33","date_gmt":"2018-12-20T05:21:33","guid":{"rendered":"http:\/\/www.radiopiu.net\/wordpress\/?p=70052"},"modified":"2018-12-20T06:22:16","modified_gmt":"2018-12-20T05:22:16","slug":"la-rotonda-mancata-polemiche-inutili","status":"publish","type":"post","link":"https:\/\/www.radiopiu.net\/wordpress\/la-rotonda-mancata-polemiche-inutili\/","title":{"rendered":"LA ROTONDA MANCATA, POLEMICHE INUTILI"},"content":{"rendered":"<h2>LA LETTERA<\/h2>\n<h3><em>&#8220;Guardo, ascolto, sorrido nei tempi in cui le polemiche sono inutili&#8221;<\/em><\/h3>\n<p>di Gianni Antonio Cassisi<\/p>\n<p><strong><a class=\"dt-pswp-item\" href=\"http:\/\/www.radiopiu.net\/wordpress\/wp-content\/uploads\/2018\/12\/WhatsApp-Image-2018-12-18-at-16.12.11.jpeg\" data-dt-img-description=\"\" data-large_image_width=\"1599\" data-large_image_height=\"1200\"><img loading=\"lazy\" decoding=\"async\" class=\" wp-image-69895 alignleft\" src=\"http:\/\/www.radiopiu.net\/wordpress\/wp-content\/uploads\/2018\/12\/WhatsApp-Image-2018-12-18-at-16.12.11-300x225.jpeg\" alt=\"\" width=\"239\" height=\"179\" srcset=\"https:\/\/www.radiopiu.net\/wordpress\/wp-content\/uploads\/2018\/12\/WhatsApp-Image-2018-12-18-at-16.12.11-300x225.jpeg 300w, https:\/\/www.radiopiu.net\/wordpress\/wp-content\/uploads\/2018\/12\/WhatsApp-Image-2018-12-18-at-16.12.11-768x576.jpeg 768w, https:\/\/www.radiopiu.net\/wordpress\/wp-content\/uploads\/2018\/12\/WhatsApp-Image-2018-12-18-at-16.12.11-1024x768.jpeg 1024w, https:\/\/www.radiopiu.net\/wordpress\/wp-content\/uploads\/2018\/12\/WhatsApp-Image-2018-12-18-at-16.12.11.jpeg 1599w\" sizes=\"auto, (max-width: 239px) 100vw, 239px\" \/><\/a>AGORDO<\/strong> Mi vien da ridere o meglio da piangere a sentire le polemiche sulla rotonda adesso che non c&#8217;\u00e8 pi\u00f9 niente da fare. Il problema era evidentissimo gi\u00e0 in sede di progettazione e allora noi come lista civica Agordo Domani avevamo seguito attentamente la questione. Erano i giorni in cui\u00a0 si sarebbe potuto intervenire, ma non lo si fece per non ritardare ulteriormente la partenza della circonvallazione con una buona dose di distrazione\u00a0era ovvio che met\u00e0 del traffico ritornava in piazza ma la circonvallazione era per alcuni motivo di sopravvivenza politica e quindi meglio fatta male che ritardata.\u00a0\u00a0Ricordo che in tempi non sospetti segnalai con un articolo sull&#8217; Amico del Popolo il problema e nessuno se ne preoccup\u00f2,\u00a0\u00a0la variante poteva essere proposta nei tempi corretti senza perdere tempo mentre stavano finendo la prima parte della circonvallazione Ma anche l\u00ec grande dormita,\u00a0\u00a0\u00e8 chiaro che nel momento in cui fu richiesta la rotonda,\u00a0 cio\u00e8 all&#8217;inizio dello stralcio appena inaugurato i tempi erano ormai tardivi.\u00a0\u00a0Ma forse con una grossa pressione politica si sarebbe potuti arrivare ad ottenere la rotonda anche se mi pare chiaro che ci fossero delle pressioni politiche per finire tutto al pi\u00f9 presto anche se non al magli,\u00a0\u00a0per paura che scappassero i fondi? Per portare a casa un risultato politico? \u00a0Fatto sta che adesso ci ritroveremo le macchine in colonna a Brent e la piazza torner\u00e0 a vivere traffici dimenticati\u00a0che sia una mossa voluta per la rinascita del centro?\u00a0In ogni caso sarebbe bastato prevedere un accesso da via Tissi solo in direzione nord e un&#8217;uscita come quella prevista per l&#8217;attivit\u00e0 cavatorio in direzione sud ma accessibile a tutti e il problema del traffico in piazza sarebbe stato risolto<\/p>\n","protected":false},"excerpt":{"rendered":"<p>LA LETTERA &#8220;Guardo, ascolto, sorrido nei tempi in cui le polemiche sono inutili&#8221; di Gianni Antonio Cassisi AGORDO Mi vien da ridere o meglio da piangere a sentire le polemiche sulla rotonda adesso che non c&#8217;\u00e8 pi\u00f9 niente da fare. Il problema era evidentissimo gi\u00e0 in sede di progettazione e allora noi come lista civica&hellip;<\/p>\n","protected":false},"author":1,"featured_media":69895,"comment_status":"closed","ping_status":"closed","sticky":false,"template":"","format":"standard","meta":{"_monsterinsights_skip_tracking":false,"_monsterinsights_sitenote_active":false,"_monsterinsights_sitenote_note":"","_monsterinsights_sitenote_category":0,"footnotes":""},"categories":[49],"tags":[],"class_list":["post-70052","post","type-post","status-publish","format-standard","has-post-thumbnail","hentry","category-news-18","category-49","description-off"],"img_url":"https:\/\/www.radiopiu.net\/wordpress\/wp-content\/uploads\/2018\/12\/WhatsApp-Image-2018-12-18-at-16.12.11.jpeg","_links":{"self":[{"href":"https:\/\/www.radiopiu.net\/wordpress\/wp-json\/wp\/v2\/posts\/70052","targetHints":{"allow":["GET"]}}],"collection":[{"href":"https:\/\/www.radiopiu.net\/wordpress\/wp-json\/wp\/v2\/posts"}],"about":[{"href":"https:\/\/www.radiopiu.net\/wordpress\/wp-json\/wp\/v2\/types\/post"}],"author":[{"embeddable":true,"href":"https:\/\/www.radiopiu.net\/wordpress\/wp-json\/wp\/v2\/users\/1"}],"replies":[{"embeddable":true,"href":"https:\/\/www.radiopiu.net\/wordpress\/wp-json\/wp\/v2\/comments?post=70052"}],"version-history":[{"count":0,"href":"https:\/\/www.radiopiu.net\/wordpress\/wp-json\/wp\/v2\/posts\/70052\/revisions"}],"wp:featuredmedia":[{"embeddable":true,"href":"https:\/\/www.radiopiu.net\/wordpress\/wp-json\/wp\/v2\/media\/69895"}],"wp:attachment":[{"href":"https:\/\/www.radiopiu.net\/wordpress\/wp-json\/wp\/v2\/media?parent=70052"}],"wp:term":[{"taxonomy":"category","embeddable":true,"href":"https:\/\/www.radiopiu.net\/wordpress\/wp-json\/wp\/v2\/categories?post=70052"},{"taxonomy":"post_tag","embeddable":true,"href":"https:\/\/www.radiopiu.net\/wordpress\/wp-json\/wp\/v2\/tags?post=70052"}],"curies":[{"name":"wp","href":"https:\/\/api.w.org\/{rel}","templated":true}]}}