{"id":70142,"date":"2018-12-20T06:10:34","date_gmt":"2018-12-20T05:10:34","guid":{"rendered":"http:\/\/www.radiopiu.net\/wordpress\/?p=70142"},"modified":"2018-12-20T06:10:34","modified_gmt":"2018-12-20T05:10:34","slug":"e-ora-di-ricostruire-la-campagna-sociale-di-selle-royal-e-dei-suoi-dipendenti-per-le-montagne-venete-devastate-dal-maltempo","status":"publish","type":"post","link":"https:\/\/www.radiopiu.net\/wordpress\/e-ora-di-ricostruire-la-campagna-sociale-di-selle-royal-e-dei-suoi-dipendenti-per-le-montagne-venete-devastate-dal-maltempo\/","title":{"rendered":"E\u2019 \u201cORA\u201d DI RICOSTRUIRE. LA CAMPAGNA SOCIALE DI SELLE ROYAL E DEI SUOI DIPENDENTI PER LE MONTAGNE VENETE DEVASTATE DAL MALTEMPO"},"content":{"rendered":"<h1><\/h1>\n<p><strong><a class=\"dt-pswp-item\" href=\"http:\/\/www.radiopiu.net\/wordpress\/wp-content\/uploads\/2018\/12\/WhatsApp-Image-2018-12-19-at-20.54.32.jpeg\" data-dt-img-description=\"\" data-large_image_width=\"1600\" data-large_image_height=\"1200\"><img loading=\"lazy\" decoding=\"async\" class=\" wp-image-70141 alignleft\" src=\"http:\/\/www.radiopiu.net\/wordpress\/wp-content\/uploads\/2018\/12\/WhatsApp-Image-2018-12-19-at-20.54.32-300x225.jpeg\" alt=\"\" width=\"248\" height=\"186\" srcset=\"https:\/\/www.radiopiu.net\/wordpress\/wp-content\/uploads\/2018\/12\/WhatsApp-Image-2018-12-19-at-20.54.32-300x225.jpeg 300w, https:\/\/www.radiopiu.net\/wordpress\/wp-content\/uploads\/2018\/12\/WhatsApp-Image-2018-12-19-at-20.54.32-768x576.jpeg 768w, https:\/\/www.radiopiu.net\/wordpress\/wp-content\/uploads\/2018\/12\/WhatsApp-Image-2018-12-19-at-20.54.32-1024x768.jpeg 1024w, https:\/\/www.radiopiu.net\/wordpress\/wp-content\/uploads\/2018\/12\/WhatsApp-Image-2018-12-19-at-20.54.32.jpeg 1600w\" sizes=\"auto, (max-width: 248px) 100vw, 248px\" \/><\/a>SAN TOMASO<\/strong> Il Natale vissuto all\u2019insegna della solidariet\u00e0 \u00e8, per fortuna, frequente nelle aziende del territorio; si tratta di attivit\u00e0 di responsabilit\u00e0 importanti per il tessuto sociale. &lt;&lt; Far parte di un\u2019azienda che vive il Natale come un momento di solidariet\u00e0 credo renda i propri dipendenti orgogliosi, ma far parte di un\u2019azienda che responsabilizza proprio noi dipendenti ad essere parte attiva nel sociale ci rende ancora pi\u00f9 orgogliosi e consapevoli&gt;&gt; afferma Monica Savio &#8211; Responsabile Comunicazione e Formazione di Selle Royal. \u00c8 quello che \u00e8 successo questo Dicembre nella nota azienda internazionale di selle per biciclette, con quartier generale in provincia di Vicenza, dove la Direzione ha deciso di devolvere il budget dedicato ai festeggiamenti natalizi ad uno dei comuni veneti pi\u00f9 devastati dal maltempo dello scorso Ottobre-Novembre: San Tomaso Agordino, in provincia di Belluno. L\u2019azienda, in cooperazione con le RSU aziendali, ha inoltre promosso internamente una campagna di adesione alla causa sociale dal titolo \u2018E\u2019 \u201cORA\u201d di ricostruire\u2019 giocando sul doppio senso tra la possibilit\u00e0 data ai dipendenti di donare effettivamente il valore di una propria ora lavorata dalla propria busta paga di Dicembre ed il senso di urgenza della situazione agordina. Lo scorso 28 Ottobre il comune selezionato ha infatti visto un forte stato di emergenza, con danni stimati oggi di 6ml \u20ac a causa del forte maltempo che ha causato distruzione di strade, strutture pubbliche, private ed importanti parti boschive. <strong>Il sindaco Moreno De Val cos\u00ec commenta &#8220;La solidariet\u00e0 accorcia le distanze, fa\u00a0<\/strong><strong>sentire noi, Comune di circa 650 anime, al centro di un\u2019umanit\u00e0\u00a0che ci d\u00e0 la forza di<\/strong><br \/>\n<strong>ripartire con pi\u00f9 grinta di prima per crescere e sviluppare il territorio. Un territorio\u00a0<\/strong><strong>unico paesaggisticamente, ma anche difficile e profondamente segnato da eventi di\u00a0<\/strong><strong>Ottobre. Un grazie, quindi, anche a nome dei mie cittadini all\u2019azienda Selle Royal e ai suoi dipendenti \u00e8 doveroso\u2026 che sia solo l\u2019inizio di una cooperazione che pu\u00f2 andare oltre lo stato di urgenza, per sviluppare il turismo e lo sport, perch\u00e9 no anche il ciclismo, insieme&#8221;<\/strong><\/p>\n<p>&nbsp;<\/p>\n<p>&nbsp;<\/p>\n","protected":false},"excerpt":{"rendered":"<p>SAN TOMASO Il Natale vissuto all\u2019insegna della solidariet\u00e0 \u00e8, per fortuna, frequente nelle aziende del territorio; si tratta di attivit\u00e0 di responsabilit\u00e0 importanti per il tessuto sociale. &lt;&lt; Far parte di un\u2019azienda che vive il Natale come un momento di solidariet\u00e0 credo renda i propri dipendenti orgogliosi, ma far parte di un\u2019azienda che responsabilizza proprio&hellip;<\/p>\n","protected":false},"author":1,"featured_media":70141,"comment_status":"closed","ping_status":"closed","sticky":false,"template":"","format":"standard","meta":{"_monsterinsights_skip_tracking":false,"_monsterinsights_sitenote_active":false,"_monsterinsights_sitenote_note":"","_monsterinsights_sitenote_category":0,"footnotes":""},"categories":[49],"tags":[],"class_list":["post-70142","post","type-post","status-publish","format-standard","has-post-thumbnail","hentry","category-news-18","category-49","description-off"],"img_url":"https:\/\/www.radiopiu.net\/wordpress\/wp-content\/uploads\/2018\/12\/WhatsApp-Image-2018-12-19-at-20.54.32.jpeg","_links":{"self":[{"href":"https:\/\/www.radiopiu.net\/wordpress\/wp-json\/wp\/v2\/posts\/70142","targetHints":{"allow":["GET"]}}],"collection":[{"href":"https:\/\/www.radiopiu.net\/wordpress\/wp-json\/wp\/v2\/posts"}],"about":[{"href":"https:\/\/www.radiopiu.net\/wordpress\/wp-json\/wp\/v2\/types\/post"}],"author":[{"embeddable":true,"href":"https:\/\/www.radiopiu.net\/wordpress\/wp-json\/wp\/v2\/users\/1"}],"replies":[{"embeddable":true,"href":"https:\/\/www.radiopiu.net\/wordpress\/wp-json\/wp\/v2\/comments?post=70142"}],"version-history":[{"count":0,"href":"https:\/\/www.radiopiu.net\/wordpress\/wp-json\/wp\/v2\/posts\/70142\/revisions"}],"wp:featuredmedia":[{"embeddable":true,"href":"https:\/\/www.radiopiu.net\/wordpress\/wp-json\/wp\/v2\/media\/70141"}],"wp:attachment":[{"href":"https:\/\/www.radiopiu.net\/wordpress\/wp-json\/wp\/v2\/media?parent=70142"}],"wp:term":[{"taxonomy":"category","embeddable":true,"href":"https:\/\/www.radiopiu.net\/wordpress\/wp-json\/wp\/v2\/categories?post=70142"},{"taxonomy":"post_tag","embeddable":true,"href":"https:\/\/www.radiopiu.net\/wordpress\/wp-json\/wp\/v2\/tags?post=70142"}],"curies":[{"name":"wp","href":"https:\/\/api.w.org\/{rel}","templated":true}]}}