{"id":70222,"date":"2018-12-21T06:11:46","date_gmt":"2018-12-21T05:11:46","guid":{"rendered":"http:\/\/www.radiopiu.net\/wordpress\/?p=70222"},"modified":"2018-12-21T06:11:47","modified_gmt":"2018-12-21T05:11:47","slug":"lultimo-saluto-a-loretta-lomelia-di-monsignor-giorgio-lise-arcidiacono-ad-agordo-2","status":"publish","type":"post","link":"https:\/\/www.radiopiu.net\/wordpress\/lultimo-saluto-a-loretta-lomelia-di-monsignor-giorgio-lise-arcidiacono-ad-agordo-2\/","title":{"rendered":"L\u2019ULTIMO SALUTO A LORETTA, L\u2019OMELIA DI MONSIGNOR GIORGIO LISE, ARCIDIACONO AD AGORDO"},"content":{"rendered":"<div class=\"page-title-head hgroup\">\n<h1 class=\"entry-title\"><\/h1>\n<p><strong>DAL GIORNALE RADIO PRINCIPALE DI RADIO PIU, GIANNI SANTOMASO<\/strong><\/p>\n<audio class=\"wp-audio-shortcode\" id=\"audio-70222-1\" preload=\"none\" style=\"width: 100%;\" controls=\"controls\"><source type=\"audio\/ogg\" src=\"http:\/\/www.radiopiu.net\/wordpress\/wp-content\/uploads\/2018\/12\/WhatsApp-Ptt-2018-12-20-at-17.33.49.ogg?_=1\" \/><a href=\"http:\/\/www.radiopiu.net\/wordpress\/wp-content\/uploads\/2018\/12\/WhatsApp-Ptt-2018-12-20-at-17.33.49.ogg\">http:\/\/www.radiopiu.net\/wordpress\/wp-content\/uploads\/2018\/12\/WhatsApp-Ptt-2018-12-20-at-17.33.49.ogg<\/a><\/audio>\n<p><strong>IL SALUTO DI DON MARIO ZANON<\/strong><\/p>\n<audio class=\"wp-audio-shortcode\" id=\"audio-70222-2\" preload=\"none\" style=\"width: 100%;\" controls=\"controls\"><source type=\"audio\/mpeg\" src=\"http:\/\/www.radiopiu.net\/wordpress\/wp-content\/uploads\/2018\/12\/DON-MARIO.mp3?_=2\" \/><a href=\"http:\/\/www.radiopiu.net\/wordpress\/wp-content\/uploads\/2018\/12\/DON-MARIO.mp3\">http:\/\/www.radiopiu.net\/wordpress\/wp-content\/uploads\/2018\/12\/DON-MARIO.mp3<\/a><\/audio>\n<p><strong>L&#8217;OMELIA DI MONSIGNOR GIORGIO LISE\u00a0<\/strong><\/p>\n<p class=\"western\" align=\"LEFT\"><span style=\"font-size: medium;\">Siamo qui ad accompagnare all\u2019incontro con Dio, padre ricco di misericordia, la nostra sorella Loretta. Una persona che, con indomita fortezza e sagace lungimiranza, ha profuso le sue doti e dedicato grandi energie al servizio della comunit\u00e0 civile in ambito amministrativo per tanti anni, anche come Sindaco di Taibon per due mandati: con lei \u2013 \u00e8 stato detto \u2013 la Comunit\u00e0 era davvero in buone mani!<\/span><\/p>\n<p><span style=\"font-size: medium;\">Contemporaneamente e, in maniera pi\u00f9 diretta in questi ultimi anni, si \u00e8 spesa generosamente nell\u2019ambito di tante Associazioni di Volontariato, a cui si \u00e8 dedicata con una invidiabile freschezza di azione e di idee, disponibile fino all\u2019ultimo a servire la sua comunit\u00e0 agordina, oltre ogni campanile; ricordo solo l\u2019impegno nel GAV, la vicinanza concreta all\u2019AUSER, la sua partecipazione alla nascita della Pettirosso-Agordino, la collaborazione nell\u2019Universit\u00e0 Adulti-Anziani di Agordo, nella difesa dell\u2019Ospedale e nell\u2019Associazione Bellunesi nel Mondo. <\/span><\/p>\n<p class=\"western\" align=\"JUSTIFY\"><span style=\"font-size: medium;\"><a class=\"dt-pswp-item\" href=\"http:\/\/www.radiopiu.net\/wordpress\/wp-content\/uploads\/2018\/12\/WhatsApp-Image-2018-12-20-at-16.23.05.jpeg\" data-dt-img-description=\"\" data-large_image_width=\"799\" data-large_image_height=\"1599\"><img loading=\"lazy\" decoding=\"async\" class=\"size-medium wp-image-70191 alignleft\" src=\"http:\/\/www.radiopiu.net\/wordpress\/wp-content\/uploads\/2018\/12\/WhatsApp-Image-2018-12-20-at-16.23.05-150x300.jpeg\" alt=\"\" width=\"150\" height=\"300\" srcset=\"https:\/\/www.radiopiu.net\/wordpress\/wp-content\/uploads\/2018\/12\/WhatsApp-Image-2018-12-20-at-16.23.05-150x300.jpeg 150w, https:\/\/www.radiopiu.net\/wordpress\/wp-content\/uploads\/2018\/12\/WhatsApp-Image-2018-12-20-at-16.23.05-768x1537.jpeg 768w, https:\/\/www.radiopiu.net\/wordpress\/wp-content\/uploads\/2018\/12\/WhatsApp-Image-2018-12-20-at-16.23.05-512x1024.jpeg 512w, https:\/\/www.radiopiu.net\/wordpress\/wp-content\/uploads\/2018\/12\/WhatsApp-Image-2018-12-20-at-16.23.05.jpeg 799w\" sizes=\"auto, (max-width: 150px) 100vw, 150px\" \/><\/a>Della vita di Loretta \u2013 per i suoi familiari, per noi, per chi l\u2019ha conosciuta \u2013 resta dunque l\u2019esempio del suo adoperarsi a favore della comunit\u00e0, ma soprattutto resta il ricordo di una una donna che, mi sento di dire, ha incarnato le beatitudini evangeliche appena ascoltate: \u201cBeati quelli che hanno fame e sete della giustizia\u201d; \u201cBeati gli operatori di pace\u201d, (ricordiamo il suo impegno tenace e attento al bene della comunit\u00e0, anche con il contributo di risorse personali); \u201cBeati i puri di cuore (da tutti \u00e8 stata sempre riconosciuta a Loretta una esemplare onest\u00e0 d\u2019animo); \u201cBeati gli afflitti\u201d (le sofferenze che ha vissuto in questi ultimi mesi, nella visione cristiana sono come un seme prezioso che non mancher\u00e0 di portare abbondanti frutti di bene).\u00a0<\/span><span style=\"font-size: medium;\">Ecco: alla fine della nostra esistenza (e Loretta me lo ricordava spesso) noi tutti dovremo presentare al Signore i \u201cbuoni frutti\u201d fatti maturare nel nostro cammino terreno. E\u2019 quindi importante vivere i giorni che il Signore ci dona, mettendo a disposizione del prossimo, fino in fondo, le capacit\u00e0 e i talenti che il Signore ci affida, rispondendo in questo modo al disegno che Dio ha su ciascuno di noi. A questo disegno Loretta ha risposto, oltre che con la sua generosit\u00e0, anche con una fede che potremmo definire ad un tempo: semplice e forte.\u00a0<\/span><span style=\"font-size: medium;\">Allora, chiediamo al Signore, oggi, la grazia che questa nostra societ\u00e0 riscopra la bellezza di una solidariet\u00e0 vera perch\u00e9 quotidiana; sappia ritornare con forza all\u2019attenzione alla persona, alla vita; ricerchi continuamente la realizzazione di una sempre migliore giustizia ed equit\u00e0 sociale.\u00a0<\/span><span style=\"font-size: medium;\">Ai familiari \u2013 marito, figli e nipoti in particolare \u2013 e a tutti coloro che piangono la scomparsa di Loretta, ricordo le parole cariche di speranza dell\u2019Apostolo Paolo: \u201cSe Dio \u00e8 per noi, chi sar\u00e0 contro di noi?\u201d. Di fronte al dolore e alla morte non siamo soli; c\u2019\u00e8 qualcuno che non abbandona mai, il Figlio di Dio che ha voluto farsi uno di noi.\u00a0<\/span><span style=\"font-size: medium;\">Ecco: mentre offriamo il nostro suffragio per Loretta \u2013 certi che ora \u00e8 lei in \u201cbuone mani\u201d (quelle di Dio) &#8211; e mentre chiediamo per chi \u00e8 nel dolore, il dono della serenit\u00e0 interiore, vogliamo impegnarci a coltivare nella nostra vita, costi quello che costi, la virt\u00f9 della speranza cristiana. Sar\u00e0 questa speranza, la molla che ci spinge a donarci agli altri, in spirito di servizio, l\u00ec dove il Signore ci chieder\u00e0 di essere attivamente presenti. Loretta lo ha fatto e ci \u00e8 stata di esempio: cercare di imitarla, sar\u00e0 il modo migliore \u2013 anche se non unico &#8211; per mantenerne viva la memoria.\u00a0<\/span><span style=\"font-size: medium;\">Cos\u00ec, impegnandoci a vivere per gli altri, avremo la ferma speranza che, un giorno, saranno rivolte anche a noi le consolanti parole di Ges\u00f9, con le quali, ne siamo certi, \u00e8 stata accolta Loretta, al termine della sua vita laboriosa e feconda: \u201cVieni, serva buona e fedele, entra nella gioia del tuo Signore\u201d.<\/span><\/p>\n<\/div>\n<p>&nbsp;<\/p>\n","protected":false},"excerpt":{"rendered":"<p>DAL GIORNALE RADIO PRINCIPALE DI RADIO PIU, GIANNI SANTOMASO IL SALUTO DI DON MARIO ZANON L&#8217;OMELIA DI MONSIGNOR GIORGIO LISE\u00a0 Siamo qui ad accompagnare all\u2019incontro con Dio, padre ricco di misericordia, la nostra sorella Loretta. Una persona che, con indomita fortezza e sagace lungimiranza, ha profuso le sue doti e dedicato grandi energie al servizio&hellip;<\/p>\n","protected":false},"author":1,"featured_media":0,"comment_status":"closed","ping_status":"closed","sticky":false,"template":"","format":"standard","meta":{"_monsterinsights_skip_tracking":false,"_monsterinsights_sitenote_active":false,"_monsterinsights_sitenote_note":"","_monsterinsights_sitenote_category":0,"footnotes":""},"categories":[49],"tags":[],"class_list":["post-70222","post","type-post","status-publish","format-standard","hentry","category-news-18","category-49","description-off"],"img_url":false,"_links":{"self":[{"href":"https:\/\/www.radiopiu.net\/wordpress\/wp-json\/wp\/v2\/posts\/70222","targetHints":{"allow":["GET"]}}],"collection":[{"href":"https:\/\/www.radiopiu.net\/wordpress\/wp-json\/wp\/v2\/posts"}],"about":[{"href":"https:\/\/www.radiopiu.net\/wordpress\/wp-json\/wp\/v2\/types\/post"}],"author":[{"embeddable":true,"href":"https:\/\/www.radiopiu.net\/wordpress\/wp-json\/wp\/v2\/users\/1"}],"replies":[{"embeddable":true,"href":"https:\/\/www.radiopiu.net\/wordpress\/wp-json\/wp\/v2\/comments?post=70222"}],"version-history":[{"count":0,"href":"https:\/\/www.radiopiu.net\/wordpress\/wp-json\/wp\/v2\/posts\/70222\/revisions"}],"wp:attachment":[{"href":"https:\/\/www.radiopiu.net\/wordpress\/wp-json\/wp\/v2\/media?parent=70222"}],"wp:term":[{"taxonomy":"category","embeddable":true,"href":"https:\/\/www.radiopiu.net\/wordpress\/wp-json\/wp\/v2\/categories?post=70222"},{"taxonomy":"post_tag","embeddable":true,"href":"https:\/\/www.radiopiu.net\/wordpress\/wp-json\/wp\/v2\/tags?post=70222"}],"curies":[{"name":"wp","href":"https:\/\/api.w.org\/{rel}","templated":true}]}}