{"id":70326,"date":"2018-12-21T14:04:59","date_gmt":"2018-12-21T13:04:59","guid":{"rendered":"http:\/\/www.radiopiu.net\/wordpress\/?p=70326"},"modified":"2018-12-21T14:50:49","modified_gmt":"2018-12-21T13:50:49","slug":"nadal-inte-i-tabiei-2edizione-audio","status":"publish","type":"post","link":"https:\/\/www.radiopiu.net\/wordpress\/nadal-inte-i-tabiei-2edizione-audio\/","title":{"rendered":"&#8220;Nadal inte i tabiei&#8221;,\u00a0 2^edizione &#8211; audio &#8211;"},"content":{"rendered":"<blockquote>\n<h3><\/h3>\n<\/blockquote>\n<p><strong>ROCCA PIETORE<\/strong> Si svolger\u00e0 nel borgo di Sottoguda dal 23 al 30 dicembre. Per l&#8217;inaugurazione, canter\u00e0 il Coro Agordo, mentre il 27 dicembre sar\u00e0 la volta degli zampognari. Daniel Sirena ci parla di cosa troveremo nei fienili del paese durante la manifestazione, e ci fa capire lo spirito di questa iniziativa.<\/p>\n<p>intervista di Claudio Fontanive<\/p>\n<audio class=\"wp-audio-shortcode\" id=\"audio-70326-1\" preload=\"none\" style=\"width: 100%;\" controls=\"controls\"><source type=\"audio\/mpeg\" src=\"http:\/\/www.radiopiu.net\/wordpress\/wp-content\/uploads\/2018\/12\/daniel-sirena-nadel-inte-i-tabiei-scade-23-dicembre.mp3?_=1\" \/><a href=\"http:\/\/www.radiopiu.net\/wordpress\/wp-content\/uploads\/2018\/12\/daniel-sirena-nadel-inte-i-tabiei-scade-23-dicembre.mp3\">http:\/\/www.radiopiu.net\/wordpress\/wp-content\/uploads\/2018\/12\/daniel-sirena-nadel-inte-i-tabiei-scade-23-dicembre.mp3<\/a><\/audio>\n<p>&nbsp;<\/p>\n<blockquote><p>&nbsp;<\/p><\/blockquote>\n<p><a class=\"dt-pswp-item\" href=\"http:\/\/www.radiopiu.net\/wordpress\/wp-content\/uploads\/2018\/12\/47205706_2341984632481556_1672391962197491712_n.jpg\" data-dt-img-description=\"\" data-large_image_width=\"960\" data-large_image_height=\"540\"><img loading=\"lazy\" decoding=\"async\" class=\"alignnone wp-image-70332 size-full\" src=\"http:\/\/www.radiopiu.net\/wordpress\/wp-content\/uploads\/2018\/12\/47205706_2341984632481556_1672391962197491712_n.jpg\" alt=\"\" width=\"960\" height=\"540\" srcset=\"https:\/\/www.radiopiu.net\/wordpress\/wp-content\/uploads\/2018\/12\/47205706_2341984632481556_1672391962197491712_n.jpg 960w, https:\/\/www.radiopiu.net\/wordpress\/wp-content\/uploads\/2018\/12\/47205706_2341984632481556_1672391962197491712_n-300x169.jpg 300w, https:\/\/www.radiopiu.net\/wordpress\/wp-content\/uploads\/2018\/12\/47205706_2341984632481556_1672391962197491712_n-768x432.jpg 768w\" sizes=\"auto, (max-width: 960px) 100vw, 960px\" \/><\/a><\/p>\n","protected":false},"excerpt":{"rendered":"<p>ROCCA PIETORE Si svolger\u00e0 nel borgo di Sottoguda dal 23 al 30 dicembre. Per l&#8217;inaugurazione, canter\u00e0 il Coro Agordo, mentre il 27 dicembre sar\u00e0 la volta degli zampognari. Daniel Sirena ci parla di cosa troveremo nei fienili del paese durante la manifestazione, e ci fa capire lo spirito di questa iniziativa. intervista di Claudio Fontanive&hellip;<\/p>\n","protected":false},"author":1,"featured_media":70332,"comment_status":"closed","ping_status":"closed","sticky":false,"template":"","format":"standard","meta":{"_monsterinsights_skip_tracking":false,"_monsterinsights_sitenote_active":false,"_monsterinsights_sitenote_note":"","_monsterinsights_sitenote_category":0,"footnotes":""},"categories":[49,84],"tags":[],"class_list":["post-70326","post","type-post","status-publish","format-standard","has-post-thumbnail","hentry","category-news-18","category-speciali","category-49","category-84","description-off"],"img_url":"https:\/\/www.radiopiu.net\/wordpress\/wp-content\/uploads\/2018\/12\/47205706_2341984632481556_1672391962197491712_n.jpg","_links":{"self":[{"href":"https:\/\/www.radiopiu.net\/wordpress\/wp-json\/wp\/v2\/posts\/70326","targetHints":{"allow":["GET"]}}],"collection":[{"href":"https:\/\/www.radiopiu.net\/wordpress\/wp-json\/wp\/v2\/posts"}],"about":[{"href":"https:\/\/www.radiopiu.net\/wordpress\/wp-json\/wp\/v2\/types\/post"}],"author":[{"embeddable":true,"href":"https:\/\/www.radiopiu.net\/wordpress\/wp-json\/wp\/v2\/users\/1"}],"replies":[{"embeddable":true,"href":"https:\/\/www.radiopiu.net\/wordpress\/wp-json\/wp\/v2\/comments?post=70326"}],"version-history":[{"count":0,"href":"https:\/\/www.radiopiu.net\/wordpress\/wp-json\/wp\/v2\/posts\/70326\/revisions"}],"wp:featuredmedia":[{"embeddable":true,"href":"https:\/\/www.radiopiu.net\/wordpress\/wp-json\/wp\/v2\/media\/70332"}],"wp:attachment":[{"href":"https:\/\/www.radiopiu.net\/wordpress\/wp-json\/wp\/v2\/media?parent=70326"}],"wp:term":[{"taxonomy":"category","embeddable":true,"href":"https:\/\/www.radiopiu.net\/wordpress\/wp-json\/wp\/v2\/categories?post=70326"},{"taxonomy":"post_tag","embeddable":true,"href":"https:\/\/www.radiopiu.net\/wordpress\/wp-json\/wp\/v2\/tags?post=70326"}],"curies":[{"name":"wp","href":"https:\/\/api.w.org\/{rel}","templated":true}]}}