{"id":70338,"date":"2018-12-22T06:35:09","date_gmt":"2018-12-22T05:35:09","guid":{"rendered":"http:\/\/www.radiopiu.net\/wordpress\/?p=70338"},"modified":"2018-12-22T14:29:59","modified_gmt":"2018-12-22T13:29:59","slug":"giornale-radiopiu-22-dicembre-2018-direttore-mirko-mezzacasa","status":"publish","type":"post","link":"https:\/\/www.radiopiu.net\/wordpress\/giornale-radiopiu-22-dicembre-2018-direttore-mirko-mezzacasa\/","title":{"rendered":"GIORNALE RADIOPIU 22 DICEMBRE 2018 DIRETTORE MIRKO MEZZACASA"},"content":{"rendered":"<h2><\/h2>\n<blockquote><p><strong><em>&#8211;\u00a0Gestione Servizi Pubblici informa che \u00e8 di nuovo potabile ed utilizzabile per scopi alimentari l&#8217;acqua erogata dalla rete idrica\u00a0di<\/em> Livinallongo, nelle localit\u00e0 Ruaz, Al Fauro, Pezzei e Crepaz;\u00a0 Rocca Pietore, in tutto il comune tranne Saviner di Calloneghe, Caracoi Cimai e Moe\u2019 di Laste; San Tomaso Agordino, in tutto il comune tranne Avoscan e Ronch; Sedico, in tutto il comune;\u00a0 Sospirolo, in tutto il comune.<\/strong><\/p><\/blockquote>\n<div class=\"page-title-head hgroup\">\n<h1 class=\"entry-title\"><\/h1>\n<\/div>\n<div class=\"page-title-breadcrumbs\"><\/div>\n<div class=\"page-title-breadcrumbs\"><\/div>\n<p><strong>Che festa ad Agordo<\/strong>, indimenticabile a futura memoria Leonardo Del Vecchio e Robbie William hanno conquistato 5000 persone e il chef stellato Oldani ha stupito tutti, dall&#8217;antipasto al dolce. Un successo sotto tutti i punti di vista. &#8220;Le parole non riescono a esprimere quello che sento&#8221; ha detto Leonardo Del Vecchio.\u00a0<strong>\u00a0Montagne di rifiuti<\/strong> al Maserot tutto pieno scrive il Corriere delle Alpi, fino al 27 dicembre il secco non potr\u00e0 entrare nell&#8217;impianto di Santa Giustina, ore convulse degli amministratori alla ricerca di una soluzione.\u00a0 <strong>A Feltre<\/strong> i Carabinieri denunciano un uomo per aver simulato una rapina dopo aver passato un pomeriggio nella sala slot di Feltre, lo inchioda la video sorveglianza. <strong>Ancora un dramma della solitudine<\/strong> il terzo in pochi giorni, uomo ritrovato morto in casa, non lo vedevano da sabato, da 5 giorni. <strong>Ferruccio\u00a0Franzoia\u00a0<\/strong>ha donato al Comune di Feltre una collezione da 1,5 milioni di euro, 800 vasi in vetro.\u00a0<strong>Continua la protesta dei gelatieri <\/strong>pronti a restituire il passaportoper quella norma sulle targhe estere, appello del sindaco di Val di Zoldo perch\u00e9 i gelatieri chiedono l&#8217;iscrizione all&#8217;Aire ma non ne hanno i requisiti per le legge contrastanti tra Italia e Germania. <strong>Oggi a Canale d&#8217;Agordo<\/strong>\u00a0alle\u00a0 17.00, nella sala conferenze (ex Cavallino) a Canale d\u2019Agordo, le Amministrazioni di Vallada e Canale accoglieranno i neodiciottenni dei due Comuni, con le rispettive famiglie, per dare loro il benvenuto nella maggiore et\u00e0. L\u2019incontro sar\u00e0 arricchito dalla presenza della Sostituto Procuratore della Repubblica, dott.ssa Roberta Gallego.<strong>Oggi a Rocca Pietore<\/strong> l&#8217;evento con DDolomiti alla pasticceria Pastry Pineta con lo chef Igini Massari e il dolce della ricostruzione. <strong>Ad Alleghe<\/strong> hockey di serie B, arria il Bressanone, le ragazze presentano il loro sexy calendario per finanziarsi l&#8217;attivit\u00e0 sportiva. <strong>Sulle piste<\/strong> tutto \u00e8 pronto per il fine settimana e le festivit\u00e0 di Natale, tutto gira a pieno regime 200 i chilometri di piste innevate<strong>.<\/strong><strong><br \/>\n<\/strong><\/p>\n<p>&nbsp;<\/p>\n<p>&nbsp;<\/p>\n<h1 class=\"page-title-head hgroup\">5000 CUORI PER LEONARDO E ROBBIE<\/h1>\n<div class=\"page-title-breadcrumbs\">\n<blockquote><p><em>Di poche parole ma con la solita incontenibile emozione tra 10 mila mani che applaudono, il Cavalier Leonardo Del Vecchio con accanto Luigi Francavilla da 50 anni in azienda hanno conquistato il Palaluxottica alla grande festa con ospite la star internazionale Robbie Williams.\u00a0 Solo complimenti per un&#8217;organizzazione perfetta, dai piatti dello chef stellato Oldani alle festa con i dj fino a notte inoltrata.<\/em><\/p><\/blockquote>\n<h2>IL RACCONTO DI CHI C&#8217;ERA, MARCO GAZ<\/h2>\n<p>Serata riuscita alla perfezione al PalaLuxottica. A differenza dello scorso anno nella sala c\u2019erano ancora posti a sedere. Nessuno \u00e8 rimasto fuori. La serata \u00e8 iniziata alle 20:15 quando in sala \u00e8 arrivato Leonardo Del Vecchio accompagnato dalla famiglia, Luigi Francavilla e Francesco Milleri. Alle 20:40 sul palco \u00e8 salito lo chef Davide Oldani che ha spiegato il men\u00f9 senza tralasciare l\u2019emozione di dover cucinare per 5000 persone. Subito dopo l\u2019uscita dell\u2019antipasto e del primo piatto. Prima della seconda portata sul palco \u00e8 salito Giorgio Striano che ha ringraziato tutti ed ha fatto i complimenti agli operai per come Luxottica si \u00e8 ripresa dall\u2019alluvione assicurando che Luxottica \u00e8 vicina e sostiene agordini e territorio. Sul palco anche Leonardo Del Vecchio, Luigi Francavilla e Francesco Milleri che hanno fatto gli auguri a tutti. A seguire l\u2019ultima portata della cena e il panettone. Alle 22:42 l\u2019arrivo di Robbie Williams che ha iniziato lo spettacolo con \u201cLet Me Entertain You\u201d. Il cantante inglese ha salutato tutti provando a parlare anche italiano ma con scarsi risultati. Subito dopo un medley dei Blues Brothers per poi continuare con i suoi successi. \u201cI love my life\u201d, \u201cCome on down\u201d, \u201cMillennium\u201d e \u201cSomething Stupid\u201d dove, prima di cantare, ha voluto con lui una ragazza. Sul palco Teresa Delazzer che, emozionatissima e con gli occhi lucidi, ha fatto la parte di Nicole Kidman facendosi coccolare da Robbie come nel video della canzone, stando al gioco perfettamente. Poi spazio ad altri suoi successi fino all\u2019ingresso sul palco di Peter Williams, padre di Robbie e noto attore teatrale britannico. I due hanno cantato due brani assieme. Poi ancora Robbie che ha cantato una serie di canzoni, tra cui \u201cShe\u2019s the one\u201d, \u201cFeel\u201d, \u201cRock DJ\u201d. Spazio anche per una dedica particolare al Cavalier Del Vecchio a cui ha dedicato \u201cAngels\u201d. A mezzanotte in punto il gran finale con Williams che ha concluso la prestazione cantando alla perfezione \u201cMy way\u201d di Frank Sinatra. Poi tutti a ballare con i Djs che hanno intrattenuto la gente con i grandi successi dance anni 80, 90 e di adesso.<\/p>\n<h1><span style=\"color: #ff0000;\"><strong>AUDIO<\/strong><\/span><\/h1>\n<h2>LE REGISTRAZIONI AL PALALUXOTTICA: DEL VECCHIO<\/h2>\n<p>&nbsp;<\/p>\n<audio class=\"wp-audio-shortcode\" id=\"audio-70338-1\" preload=\"none\" style=\"width: 100%;\" controls=\"controls\"><source type=\"audio\/mpeg\" src=\"http:\/\/www.radiopiu.net\/wordpress\/wp-content\/uploads\/2018\/12\/VECCHIO.mp3?_=1\" \/><a href=\"http:\/\/www.radiopiu.net\/wordpress\/wp-content\/uploads\/2018\/12\/VECCHIO.mp3\">http:\/\/www.radiopiu.net\/wordpress\/wp-content\/uploads\/2018\/12\/VECCHIO.mp3<\/a><\/audio>\n<h2><\/h2>\n<h2>LO CHEF DAVIDE OLDANI<\/h2>\n<audio class=\"wp-audio-shortcode\" id=\"audio-70338-2\" preload=\"none\" style=\"width: 100%;\" controls=\"controls\"><source type=\"audio\/mpeg\" src=\"http:\/\/www.radiopiu.net\/wordpress\/wp-content\/uploads\/2018\/12\/ODANI.mp3?_=2\" \/><a href=\"http:\/\/www.radiopiu.net\/wordpress\/wp-content\/uploads\/2018\/12\/ODANI.mp3\">http:\/\/www.radiopiu.net\/wordpress\/wp-content\/uploads\/2018\/12\/ODANI.mp3<\/a><\/audio>\n<h2><\/h2>\n<h2><span style=\"color: #ff0000;\">I VIDEO di GIORGIO DI EGIDIO<\/span><\/h2>\n<h1><\/h1>\n<h1>DEL VECCHIO SUL PALCO <a href=\"https:\/\/www.facebook.com\/GiDiO\/videos\/10218414627140833\/\">CLICCA QUI<\/a><\/h1>\n<p>&nbsp;<\/p>\n<p>TANTI AUGURI LUXOTTICA\u00a0 IL BRINDISI<\/p>\n<div style=\"width: 640px;\" class=\"wp-video\"><video class=\"wp-video-shortcode\" id=\"video-70338-1\" width=\"640\" height=\"352\" preload=\"metadata\" controls=\"controls\"><source type=\"video\/mp4\" src=\"http:\/\/www.radiopiu.net\/wordpress\/wp-content\/uploads\/2018\/12\/WhatsApp-Video-2018-12-22-at-05.13.54.mp4?_=1\" \/><a href=\"http:\/\/www.radiopiu.net\/wordpress\/wp-content\/uploads\/2018\/12\/WhatsApp-Video-2018-12-22-at-05.13.54.mp4\">http:\/\/www.radiopiu.net\/wordpress\/wp-content\/uploads\/2018\/12\/WhatsApp-Video-2018-12-22-at-05.13.54.mp4<\/a><\/video><\/div>\n<p>DIETRO LE QUINTE<\/p>\n<div style=\"width: 640px;\" class=\"wp-video\"><video class=\"wp-video-shortcode\" id=\"video-70338-2\" width=\"640\" height=\"352\" preload=\"metadata\" controls=\"controls\"><source type=\"video\/mp4\" src=\"http:\/\/www.radiopiu.net\/wordpress\/wp-content\/uploads\/2018\/12\/WhatsApp-Video-2018-12-22-at-05.14.03.mp4?_=2\" \/><a href=\"http:\/\/www.radiopiu.net\/wordpress\/wp-content\/uploads\/2018\/12\/WhatsApp-Video-2018-12-22-at-05.14.03.mp4\">http:\/\/www.radiopiu.net\/wordpress\/wp-content\/uploads\/2018\/12\/WhatsApp-Video-2018-12-22-at-05.14.03.mp4<\/a><\/video><\/div>\n<p>&nbsp;<\/p>\n<p>&nbsp;<\/p>\n<h1>WILLIAM E TERESA, <a href=\"https:\/\/www.facebook.com\/GiDiO\/videos\/10218415355559043\/\">CLICCA QUI<\/a><\/h1>\n<p>&nbsp;<\/p>\n<h1><span style=\"color: #ff0000;\">FOTO<\/span><\/h1>\n\n\t\t\t<style type='text\/css'>\n\t\t\t\t#gallery-1 {\n\t\t\t\t\tmargin: auto;\n\t\t\t\t}\n\t\t\t\t#gallery-1 .gallery-item {\n\t\t\t\t\tfloat: left;\n\t\t\t\t\tmargin-top: 10px;\n\t\t\t\t\ttext-align: center;\n\t\t\t\t\twidth: 33%;\n\t\t\t\t}\n\t\t\t\t#gallery-1 img {\n\t\t\t\t\tborder: 2px solid #cfcfcf;\n\t\t\t\t}\n\t\t\t\t#gallery-1 .gallery-caption {\n\t\t\t\t\tmargin-left: 0;\n\t\t\t\t}\n\t\t\t\t\/* see gallery_shortcode() in wp-includes\/media.php *\/\n\t\t\t<\/style>\n\t\t<div id='gallery-1' class='dt-gallery-container gallery galleryid-70338 gallery-columns-3 gallery-size-thumbnail'><dl class='gallery-item'>\n\t\t\t\t<dt class='gallery-icon portrait'>\n\t\t\t\t\t<a class=\"rollover\" href='https:\/\/www.radiopiu.net\/wordpress\/5000-cuori-per-leonardo-e-robbie\/whatsapp-image-2018-12-21-at-18-36-14-2\/'><img loading=\"lazy\" decoding=\"async\" width=\"150\" height=\"150\" src=\"https:\/\/www.radiopiu.net\/wordpress\/wp-content\/uploads\/2018\/12\/WhatsApp-Image-2018-12-21-at-18.36.14-1-150x150.jpeg\" class=\"attachment-thumbnail size-thumbnail\" alt=\"\" \/><\/a>\n\t\t\t\t<\/dt><\/dl><dl class='gallery-item'>\n\t\t\t\t<dt class='gallery-icon portrait'>\n\t\t\t\t\t<a class=\"rollover\" href='https:\/\/www.radiopiu.net\/wordpress\/giornale-radiopiu-22-dicembre-2018-direttore-mirko-mezzacasa\/whatsapp-image-2018-12-22-at-01-35-34\/'><img loading=\"lazy\" decoding=\"async\" width=\"150\" height=\"150\" src=\"https:\/\/www.radiopiu.net\/wordpress\/wp-content\/uploads\/2018\/12\/WhatsApp-Image-2018-12-22-at-01.35.34-150x150.jpeg\" class=\"attachment-thumbnail size-thumbnail\" alt=\"\" \/><\/a>\n\t\t\t\t<\/dt><\/dl><dl class='gallery-item'>\n\t\t\t\t<dt class='gallery-icon landscape'>\n\t\t\t\t\t<a class=\"rollover\" href='https:\/\/www.radiopiu.net\/wordpress\/giornale-radiopiu-22-dicembre-2018-direttore-mirko-mezzacasa\/whatsapp-image-2018-12-22-at-01-34-50\/'><img loading=\"lazy\" decoding=\"async\" width=\"150\" height=\"150\" src=\"https:\/\/www.radiopiu.net\/wordpress\/wp-content\/uploads\/2018\/12\/WhatsApp-Image-2018-12-22-at-01.34.50-150x150.jpeg\" class=\"attachment-thumbnail size-thumbnail\" alt=\"\" \/><\/a>\n\t\t\t\t<\/dt><\/dl><br style=\"clear: both\" \/><dl class='gallery-item'>\n\t\t\t\t<dt class='gallery-icon landscape'>\n\t\t\t\t\t<a class=\"rollover\" href='https:\/\/www.radiopiu.net\/wordpress\/5000-cuori-per-leonardo-e-robbie\/whatsapp-image-2018-12-22-at-00-39-08\/'><img loading=\"lazy\" decoding=\"async\" width=\"150\" height=\"150\" src=\"https:\/\/www.radiopiu.net\/wordpress\/wp-content\/uploads\/2018\/12\/WhatsApp-Image-2018-12-22-at-00.39.08-150x150.jpeg\" class=\"attachment-thumbnail size-thumbnail\" alt=\"\" \/><\/a>\n\t\t\t\t<\/dt><\/dl><dl class='gallery-item'>\n\t\t\t\t<dt class='gallery-icon landscape'>\n\t\t\t\t\t<a class=\"rollover\" href='https:\/\/www.radiopiu.net\/wordpress\/giornale-radiopiu-22-dicembre-2018-direttore-mirko-mezzacasa\/whatsapp-image-2018-12-22-at-01-34-49-1\/'><img loading=\"lazy\" decoding=\"async\" width=\"150\" height=\"150\" src=\"https:\/\/www.radiopiu.net\/wordpress\/wp-content\/uploads\/2018\/12\/WhatsApp-Image-2018-12-22-at-01.34.49-1-150x150.jpeg\" class=\"attachment-thumbnail size-thumbnail\" alt=\"\" \/><\/a>\n\t\t\t\t<\/dt><\/dl><dl class='gallery-item'>\n\t\t\t\t<dt class='gallery-icon landscape'>\n\t\t\t\t\t<a class=\"rollover\" href='https:\/\/www.radiopiu.net\/wordpress\/giornale-radiopiu-22-dicembre-2018-direttore-mirko-mezzacasa\/whatsapp-image-2018-12-22-at-01-34-48\/'><img loading=\"lazy\" decoding=\"async\" width=\"150\" height=\"150\" src=\"https:\/\/www.radiopiu.net\/wordpress\/wp-content\/uploads\/2018\/12\/WhatsApp-Image-2018-12-22-at-01.34.48-150x150.jpeg\" class=\"attachment-thumbnail size-thumbnail\" alt=\"\" \/><\/a>\n\t\t\t\t<\/dt><\/dl><br style=\"clear: both\" \/><dl class='gallery-item'>\n\t\t\t\t<dt class='gallery-icon landscape'>\n\t\t\t\t\t<a class=\"rollover\" href='https:\/\/www.radiopiu.net\/wordpress\/giornale-radiopiu-22-dicembre-2018-direttore-mirko-mezzacasa\/whatsapp-image-2018-12-22-at-01-34-50-3\/'><img loading=\"lazy\" decoding=\"async\" width=\"150\" height=\"150\" src=\"https:\/\/www.radiopiu.net\/wordpress\/wp-content\/uploads\/2018\/12\/WhatsApp-Image-2018-12-22-at-01.34.50-3-150x150.jpeg\" class=\"attachment-thumbnail size-thumbnail\" alt=\"\" \/><\/a>\n\t\t\t\t<\/dt><\/dl><dl class='gallery-item'>\n\t\t\t\t<dt class='gallery-icon landscape'>\n\t\t\t\t\t<a class=\"rollover\" href='https:\/\/www.radiopiu.net\/wordpress\/giornale-radiopiu-22-dicembre-2018-direttore-mirko-mezzacasa\/whatsapp-image-2018-12-22-at-01-34-49\/'><img loading=\"lazy\" decoding=\"async\" width=\"150\" height=\"150\" src=\"https:\/\/www.radiopiu.net\/wordpress\/wp-content\/uploads\/2018\/12\/WhatsApp-Image-2018-12-22-at-01.34.49-150x150.jpeg\" class=\"attachment-thumbnail size-thumbnail\" alt=\"\" \/><\/a>\n\t\t\t\t<\/dt><\/dl><dl class='gallery-item'>\n\t\t\t\t<dt class='gallery-icon landscape'>\n\t\t\t\t\t<a class=\"rollover\" href='https:\/\/www.radiopiu.net\/wordpress\/giornale-radiopiu-22-dicembre-2018-direttore-mirko-mezzacasa\/whatsapp-image-2018-12-22-at-01-34-49-5\/'><img loading=\"lazy\" decoding=\"async\" width=\"150\" height=\"150\" src=\"https:\/\/www.radiopiu.net\/wordpress\/wp-content\/uploads\/2018\/12\/WhatsApp-Image-2018-12-22-at-01.34.49-5-150x150.jpeg\" class=\"attachment-thumbnail size-thumbnail\" alt=\"\" \/><\/a>\n\t\t\t\t<\/dt><\/dl><br style=\"clear: both\" \/><dl class='gallery-item'>\n\t\t\t\t<dt class='gallery-icon landscape'>\n\t\t\t\t\t<a class=\"rollover\" href='https:\/\/www.radiopiu.net\/wordpress\/giornale-radiopiu-22-dicembre-2018-direttore-mirko-mezzacasa\/whatsapp-image-2018-12-22-at-01-34-49-4\/'><img loading=\"lazy\" decoding=\"async\" width=\"150\" height=\"150\" src=\"https:\/\/www.radiopiu.net\/wordpress\/wp-content\/uploads\/2018\/12\/WhatsApp-Image-2018-12-22-at-01.34.49-4-150x150.jpeg\" class=\"attachment-thumbnail size-thumbnail\" alt=\"\" \/><\/a>\n\t\t\t\t<\/dt><\/dl><dl class='gallery-item'>\n\t\t\t\t<dt class='gallery-icon landscape'>\n\t\t\t\t\t<a class=\"rollover\" href='https:\/\/www.radiopiu.net\/wordpress\/giornale-radiopiu-22-dicembre-2018-direttore-mirko-mezzacasa\/whatsapp-image-2018-12-22-at-01-34-49-3\/'><img loading=\"lazy\" decoding=\"async\" width=\"150\" height=\"150\" src=\"https:\/\/www.radiopiu.net\/wordpress\/wp-content\/uploads\/2018\/12\/WhatsApp-Image-2018-12-22-at-01.34.49-3-150x150.jpeg\" class=\"attachment-thumbnail size-thumbnail\" alt=\"\" \/><\/a>\n\t\t\t\t<\/dt><\/dl><dl class='gallery-item'>\n\t\t\t\t<dt class='gallery-icon landscape'>\n\t\t\t\t\t<a class=\"rollover\" href='https:\/\/www.radiopiu.net\/wordpress\/giornale-radiopiu-22-dicembre-2018-direttore-mirko-mezzacasa\/whatsapp-image-2018-12-22-at-01-34-49-2\/'><img loading=\"lazy\" decoding=\"async\" width=\"150\" height=\"150\" src=\"https:\/\/www.radiopiu.net\/wordpress\/wp-content\/uploads\/2018\/12\/WhatsApp-Image-2018-12-22-at-01.34.49-2-150x150.jpeg\" class=\"attachment-thumbnail size-thumbnail\" alt=\"\" \/><\/a>\n\t\t\t\t<\/dt><\/dl><br style=\"clear: both\" \/>\n\t\t\t<\/div>\n\n<p>&nbsp;<\/p>\n<p>SPETTACOLO WILLIAMS<\/p>\n<\/div>\n<div style=\"width: 848px;\" class=\"wp-video\"><video class=\"wp-video-shortcode\" id=\"video-70338-3\" width=\"848\" height=\"480\" preload=\"metadata\" controls=\"controls\"><source type=\"video\/mp4\" src=\"http:\/\/www.radiopiu.net\/wordpress\/wp-content\/uploads\/2018\/12\/WhatsApp-Video-2018-12-22-at-05.06.37.mp4?_=3\" \/><a href=\"http:\/\/www.radiopiu.net\/wordpress\/wp-content\/uploads\/2018\/12\/WhatsApp-Video-2018-12-22-at-05.06.37.mp4\">http:\/\/www.radiopiu.net\/wordpress\/wp-content\/uploads\/2018\/12\/WhatsApp-Video-2018-12-22-at-05.06.37.mp4<\/a><\/video><\/div>\n<div style=\"width: 848px;\" class=\"wp-video\"><video class=\"wp-video-shortcode\" id=\"video-70338-4\" width=\"848\" height=\"480\" preload=\"metadata\" controls=\"controls\"><source type=\"video\/mp4\" src=\"http:\/\/www.radiopiu.net\/wordpress\/wp-content\/uploads\/2018\/12\/WhatsApp-Video-2018-12-22-at-05.05.59.mp4?_=4\" \/><a href=\"http:\/\/www.radiopiu.net\/wordpress\/wp-content\/uploads\/2018\/12\/WhatsApp-Video-2018-12-22-at-05.05.59.mp4\">http:\/\/www.radiopiu.net\/wordpress\/wp-content\/uploads\/2018\/12\/WhatsApp-Video-2018-12-22-at-05.05.59.mp4<\/a><\/video><\/div>\n<div style=\"width: 848px;\" class=\"wp-video\"><video class=\"wp-video-shortcode\" id=\"video-70338-5\" width=\"848\" height=\"480\" preload=\"metadata\" controls=\"controls\"><source type=\"video\/mp4\" src=\"http:\/\/www.radiopiu.net\/wordpress\/wp-content\/uploads\/2018\/12\/WhatsApp-Video-2018-12-22-at-05.05.49.mp4?_=5\" \/><a href=\"http:\/\/www.radiopiu.net\/wordpress\/wp-content\/uploads\/2018\/12\/WhatsApp-Video-2018-12-22-at-05.05.49.mp4\">http:\/\/www.radiopiu.net\/wordpress\/wp-content\/uploads\/2018\/12\/WhatsApp-Video-2018-12-22-at-05.05.49.mp4<\/a><\/video><\/div>\n<div style=\"width: 848px;\" class=\"wp-video\"><video class=\"wp-video-shortcode\" id=\"video-70338-6\" width=\"848\" height=\"480\" preload=\"metadata\" controls=\"controls\"><source type=\"video\/mp4\" src=\"http:\/\/www.radiopiu.net\/wordpress\/wp-content\/uploads\/2018\/12\/WhatsApp-Video-2018-12-22-at-05.05.34.mp4?_=6\" \/><a href=\"http:\/\/www.radiopiu.net\/wordpress\/wp-content\/uploads\/2018\/12\/WhatsApp-Video-2018-12-22-at-05.05.34.mp4\">http:\/\/www.radiopiu.net\/wordpress\/wp-content\/uploads\/2018\/12\/WhatsApp-Video-2018-12-22-at-05.05.34.mp4<\/a><\/video><\/div>\n<p>&nbsp;<\/p>\n<p>&nbsp;<\/p>\n<p>&nbsp;<\/p>\n<p>&nbsp;<\/p>\n<h1><span style=\"color: #ff0000;\">OGGI\u00a0 210 ANNI FA A PESCUL DI SELVA LA NASCITA DI NATALE TALAMINI, NELLO SPECIALE DI RENATO BONA<\/span><\/h1>\n<h1 class=\"entry-title\"><\/h1>\n<blockquote class=\"wp-embedded-content\" data-secret=\"vdEVZRuPV9\"><p><a href=\"http:\/\/www.radiopiu.net\/wordpress\/210-anni-fa-a-pescul-di-selva-la-nascita-di-natale-talamini-di-renato-bona\/\">210 ANNI FA A PESCUL DI SELVA LA NASCITA DI NATALE TALAMINI DI RENATO BONA<\/a><\/p><\/blockquote>\n<p><iframe loading=\"lazy\" class=\"wp-embedded-content\" sandbox=\"allow-scripts\" security=\"restricted\" style=\"position: absolute; clip: rect(1px, 1px, 1px, 1px);\" src=\"http:\/\/www.radiopiu.net\/wordpress\/210-anni-fa-a-pescul-di-selva-la-nascita-di-natale-talamini-di-renato-bona\/embed\/#?secret=vdEVZRuPV9\" data-secret=\"vdEVZRuPV9\" width=\"600\" height=\"338\" title=\"&#8220;210 ANNI FA A PESCUL DI SELVA LA NASCITA DI NATALE TALAMINI DI RENATO BONA&#8221; &#8212; Radio Pi\u00f9\" frameborder=\"0\" marginwidth=\"0\" marginheight=\"0\" scrolling=\"no\"><\/iframe><\/p>\n<h2><\/h2>\n<h2><\/h2>\n<p>&nbsp;<\/p>\n<p>&nbsp;<\/p>\n<blockquote><p>&nbsp;<\/p><\/blockquote>\n<h2>NON LO SENTE DA 4 GIORNI, LA VICINA INTUISCE IL PEGGIO<\/h2>\n<p><strong>SOVRAMONTE<\/strong> Non lo sentiva da 4 giorni, da Padova dove vive,\u00a0 allarmata,\u00a0 ha quindi chiesto ad una vicina di sincerarsi delle condizioni del fratello, Lucio Flavio, settantenne residente in via Aune. Constata la porta chiusa, le luci interne accese e il giornale quotidiano ancora sulla finestra la vicina di casa ha intuito il peggio. I vigili del fuoco, dopo aver aperto la porta hanno ritrovato l&#8217;uomo privo di vita disteso sul letto. Sul posto anche i Carabinieri.<\/p>\n<p>&nbsp;<\/p>\n<p>&nbsp;<\/p>\n<p>&nbsp;<\/p>\n<h2>DERUBATO? SI MA DALLE SLOT PER I CARABINIERI DI FELTRE<\/h2>\n<p><a class=\"dt-pswp-item\" href=\"http:\/\/www.radiopiu.net\/wordpress\/wp-content\/uploads\/2018\/12\/SSSSS.jpg\" data-dt-img-description=\"\" data-large_image_width=\"1570\" data-large_image_height=\"875\"><img loading=\"lazy\" decoding=\"async\" class=\"size-medium wp-image-70305 alignleft\" src=\"http:\/\/www.radiopiu.net\/wordpress\/wp-content\/uploads\/2018\/12\/SSSSS-300x167.jpg\" alt=\"\" width=\"300\" height=\"167\" srcset=\"https:\/\/www.radiopiu.net\/wordpress\/wp-content\/uploads\/2018\/12\/SSSSS-300x167.jpg 300w, https:\/\/www.radiopiu.net\/wordpress\/wp-content\/uploads\/2018\/12\/SSSSS-768x428.jpg 768w, https:\/\/www.radiopiu.net\/wordpress\/wp-content\/uploads\/2018\/12\/SSSSS-1024x571.jpg 1024w, https:\/\/www.radiopiu.net\/wordpress\/wp-content\/uploads\/2018\/12\/SSSSS.jpg 1570w\" sizes=\"auto, (max-width: 300px) 100vw, 300px\" \/><\/a><\/p>\n<p><strong>FELTRE<\/strong> Aveva raccontato una storia alla quale gli inquirenti non devono averci creduto. Le loro indagini hanno smascherato la simulazione di reato. I Carabinieri del Norm di Feltre comandati dal Luogotenente Alberto Cominelli hanno infatti chiuso il cerchio denunciando per simulazione di reato il 48enne residente in provincia di Monza e Brianza che il 4 dicembre aveva denunciato che tre persone lo avevano costretto a fermarsi mentre era alla guida del suo furgone e sempre dal racconto dell&#8217;uomo i presunti rapinatori lo avrebbero condotto in una zona appartata in una localit\u00e0 non ben definita per picchiarlo asportandogli circa 500 euro. I militari di Feltre sin da subito avevano capito che il racconto non reggeva e supponendo che la storia fosse un&#8217;invenzione ipotizzando che l&#8217;uomo avesse speso i soldi in altro modo cercando cos\u00ec di giustificare l&#8217;ammanco. Cos\u00ec e&#8217; andata altro che rapina. I Carabinieri hanno rivolto la loro attenzione verso le sale slot. Dopo un controllo capillare di tutti i locali dotati di queste macchinette, hanno scoperto che l&#8217;uomo si era intrattenuto presso una sala di Feltre per diverse ore, come confermato dalle immagini delle telecamere interne.<\/p>\n<p>&nbsp;<\/p>\n<p>&nbsp;<\/p>\n<p>&nbsp;<\/p>\n<p align=\"JUSTIFY\"><span style=\"font-size: medium;\"><b>AUTONOMIA. ZAIA SU ANNUNCIO GOVERNO: \u201cUN SOGNO FINALMENTE SI REALIZZA\u201d<\/b><\/span><\/p>\n<div style=\"width: 640px;\" class=\"wp-video\"><video class=\"wp-video-shortcode\" id=\"video-70338-7\" width=\"640\" height=\"352\" preload=\"metadata\" controls=\"controls\"><source type=\"video\/mp4\" src=\"http:\/\/www.radiopiu.net\/wordpress\/wp-content\/uploads\/2018\/12\/WhatsApp-Video-2018-12-22-at-06.46.41.mp4?_=7\" \/><a href=\"http:\/\/www.radiopiu.net\/wordpress\/wp-content\/uploads\/2018\/12\/WhatsApp-Video-2018-12-22-at-06.46.41.mp4\">http:\/\/www.radiopiu.net\/wordpress\/wp-content\/uploads\/2018\/12\/WhatsApp-Video-2018-12-22-at-06.46.41.mp4<\/a><\/video><\/div>\n<p align=\"JUSTIFY\"><span style=\"font-size: medium;\">VENEZIA\u00a0\u00a0<\/span>\u201c<span style=\"font-size: medium;\">Mai regalo di Natale pi\u00f9 bello i Veneti avrebbero potuto trovare sotto l\u2019albero. E\u2019 anche per me sar\u00e0 probabilmente il Natale pi\u00f9 bello della mia vita. Finalmente quella che qualcuno definiva un\u2019utopia, una folle idea, una cosa irrealizzabile sta diventando realt\u00e0\u201d. Lo dice il Presidente della Regione del Veneto Luca Zaia commentando l\u2019annuncio del Presidente, Giuseppe Conte, al termine del Consiglio dei Ministri sul percorso per arrivare alla bozza di intesa sull&#8217;autonomia differenziata in base all&#8217;articolo 116 della Costituzione.\u00a0<\/span>\u201c<span style=\"font-size: medium;\">Per la prima vola nella storia della Repubblica \u2013 sottolinea Zaia &#8211; entra nel Consiglio dei Ministri il progetto per l\u2019autonomia del Veneto, viene analizzato e addirittura viene annunciata dal premier, dal vicepremier Salvini e dal ministro degli affari regionali Stefani una road map per l\u2019intesa sull\u2019autonomia da qui al 15 febbraio, indicata come data ultima per la firma. E\u2019 una giornata stupenda, sorridente\u201d.\u00a0<\/span>\u201c<span style=\"font-size: medium;\">Ringrazio il Presidente del Consiglio, tutti i ministri della coalizione per questo ulteriore slancio nei confronti del popolo veneto. C\u2019\u00e8 davvero da giubilare \u2013 aggiunge il presidente veneto &#8211; pensando che da qui ai prossimi due mesi la partita sar\u00e0 chiusa e l\u2019autonomia sar\u00e0 realt\u00e0. Ci\u00f2 su cui tanti hanno chiacchierato, discusso diventer\u00e0 nelle nostre mani una certezza di buone pratiche amministrative e di autodeterminazione delle scelte dei cittadini. A questo punto siamo pronti al confronto, abbiamo gi\u00e0 un progetto definito, discusso col ministro Stefani. Siamo pronti ad assumerci ogni responsabilit\u00e0 perch\u00e9, come non mi sono mai stancato di dire in tanti anni, autonomia significa precisa assunzione di responsabilit\u00e0, fatte salve la solidariet\u00e0 e la sussidiariet\u00e0 nazionali\u201d.\u00a0<\/span>\u201c<span style=\"font-size: medium;\">Il percorso avviato da questo governo \u2013 conclude Zaia &#8211; consente ad un esecutivo che ha soltanto sei mesi di vita di scrivere gi\u00e0 una vera epocale pagina di storia per aver abbandonato l\u2019idea borbonica di Stato centralista e aver scelto la modernit\u00e0 di uno Stato federalista. Trovano finalmente compiuta realizzazione le parole e gli atti dei padri costituenti che nel \u201948 scrissero la Carta fondamentale della Repubblica, con parole autenticamente federaliste, che furono poi sbugiardati e travisati dai successori. Col risultato che lo Stato centralista non \u00e8 riuscito a produrre altro che mala gestio, cattive pratiche, sprechi. Si apre un percorso verso la virtuosit\u00e0. Mi ripeto con le parole di Einaudi che mi sono care: ad ognuno sia data l\u2019autonomia che gli spetta. Un sogno finalmente si realizza\u201d. <\/span><\/p>\n<p>&nbsp;<\/p>\n<p>&nbsp;<\/p>\n<h1><\/h1>\n<h1><\/h1>\n<h1 style=\"text-align: center;\">SU CON LE ANTENNE!<\/h1>\n<blockquote>\n<h3><em>Invito alla prevenzione e appello dell&#8217;Unione Italiana Ciechi e Ipovedenti<\/em><\/h3>\n<\/blockquote>\n<p><strong>BELLUNO\u00a0\u00a0<\/strong>Come tutti gli anni, in occasione delle Festivit\u00e0 di Natale, passeggiando per le strade del centro citt\u00e0 addobbate a dovere, rischiamo di imbatterci in fantomatici rappresentanti di associazioni di volontariato i quali, in nome della solidariet\u00e0, tentano di raccogliere somme di denaro da devolvere per l\u2019acquisto di ausili a sostegno di persone disabili, per sostenere spese mediche, ecc. Succede anche per l\u2019Unione Italiana dei Ciechi e degli Ipovedenti che ha scoperto, Suo malgrado, che dette persone cercano di truffare la cittadinanza chiedendo soldi per l\u2019acquisto di cani guida in particolar modo. La sezione di Belluno dell\u2019UICI vuole ricordare che tutti gli ausili, compresi gli amici a quattro zampe che guidano un non vedente, non vengono forniti raccogliendo fondi porta a porta e per strada, ma con una procedura ben precisa.<\/p>\n<blockquote><p><em>L\u2019UICI di Belluno ha una propria sede nel centro della citt\u00e0, dove tutti possono accedere per richiedere e ottenere informazioni a vario titolo. Con questo comunicato vogliamo anche ricordare che l\u2019UICI, all\u2019interno del proprio statuto, prevede una figura molto importante che si affianca ai soci ordinari ed \u00e8 quella del socio sostenitore. Questa figura serve a sostenere in senso pratico ovvero con opera di volontariato, ma volendo anche economicamente l\u2019associazione, pertanto chi volesse davvero aiutarci, \u00e8 pregato di rivolgersi al nostro ufficio di Via Mezzaterra 7.<\/em><\/p><\/blockquote>\n<p>&nbsp;<\/p>\n<p>&nbsp;<\/p>\n<p>&nbsp;<\/p>\n<p>&nbsp;<\/p>\n<h3>MECCANOSTAMPI DEVOLVE PARTE DELL\u2019OMAGGIO AZIENDALE ALLE POPOLAZIONI BELLUNESI COLPITE DAL MALTEMPO<\/h3>\n<p><a class=\"dt-pswp-item\" href=\"http:\/\/www.radiopiu.net\/wordpress\/wp-content\/uploads\/2018\/12\/Foto-Trevisson.jpg\" data-dt-img-description=\"\" data-large_image_width=\"1460\" data-large_image_height=\"974\"><img loading=\"lazy\" decoding=\"async\" class=\" wp-image-70344 alignleft\" src=\"http:\/\/www.radiopiu.net\/wordpress\/wp-content\/uploads\/2018\/12\/Foto-Trevisson-300x200.jpg\" alt=\"\" width=\"233\" height=\"155\" srcset=\"https:\/\/www.radiopiu.net\/wordpress\/wp-content\/uploads\/2018\/12\/Foto-Trevisson-300x200.jpg 300w, https:\/\/www.radiopiu.net\/wordpress\/wp-content\/uploads\/2018\/12\/Foto-Trevisson-768x512.jpg 768w, https:\/\/www.radiopiu.net\/wordpress\/wp-content\/uploads\/2018\/12\/Foto-Trevisson-1024x683.jpg 1024w, https:\/\/www.radiopiu.net\/wordpress\/wp-content\/uploads\/2018\/12\/Foto-Trevisson.jpg 1460w\" sizes=\"auto, (max-width: 233px) 100vw, 233px\" \/><\/a> Meccanostampi, azienda di Limana, leader nella produzione di stampi ad iniezione e stampaggio di articoli tecnici in tecnopolimeri attiva sul territorio da 53 anni, quest\u2019anno ha deciso di devolvere, con l\u2019appoggio dei propri dipendenti, una parte del costo che generalmente sostiene per l\u2019acquisto dell\u2019omaggio aziendale alle popolazioni colpite dall\u2019alluvione di fine ottobre 2018. <em>\u00abSiamo orgogliosi\u00a0 &#8211; afferma Ludovico Trevisson titolare dell\u2019azienda &#8211; di donare la somma di\u00a0 17.000,00 euro alla provincia di Belluno fortemente ferita dalla tragica ondata di maltempo di fine ottobre. Questa iniziativa \u00e8 stata portata avanti, per dare supporto ed essere vicini alle popolazioni che ancora oggi sono in difficolt\u00e0. La nostra mission aziendale \u00e8 da sempre quella di\u00a0 esistere e lavorare in sinergia con il territorio dove operiamo\u00bb.\u00a0<\/em>Meccanostampi ha abbracciato, anche,\u00a0 l\u2019iniziativa di CGIL,CISL, UIL e Confindustria, di devolvere un\u2019ora di lavoro alle popolazioni colpite dal maltempo.<\/p>\n<p>&nbsp;<\/p>\n<p>&nbsp;<\/p>\n<p>&nbsp;<\/p>\n<p>&nbsp;<\/p>\n<h1>PORTA IN QUOTA LA SICUREZZA!<\/h1>\n<blockquote>\n<h3><em>Cinque semplici regole per trascorrere una vacanza di sport e puro divertimento nello splendido scenario delle montagne bellunesi<\/em><\/h3>\n<\/blockquote>\n<p><a class=\"dt-pswp-item\" href=\"http:\/\/www.radiopiu.net\/wordpress\/wp-content\/uploads\/2015\/06\/Belluno_palazzo_rettori_prefettura.jpg\" data-dt-img-description=\"\" data-large_image_width=\"2560\" data-large_image_height=\"1920\"><img loading=\"lazy\" decoding=\"async\" class=\"size-medium wp-image-6463 alignleft\" src=\"http:\/\/www.radiopiu.net\/wordpress\/wp-content\/uploads\/2015\/06\/Belluno_palazzo_rettori_prefettura-300x225.jpg\" alt=\"\" width=\"300\" height=\"225\" \/><\/a>Porta in quota la sicurezza! E\u2019 questo il titolo del volantino informativo realizzato dalla Prefettura in collaborazione con: Provincia, Camera di Commercio, Confindustria, Anef, Confcommercio, CNSAS, 7^ Reggimento Alpini, Questura, Carabinieri e Guardia di Finanza. L\u2019iniziativa nasce dall\u2019esigenza di potenziare l\u2019informazione nei confronti dei tanti frequentatori e appassionati della montagna bellunese, alla luce di quanto accaduto alla fine dello scorso mese di ottobre, quando la tempesta che si \u00e8 abbattuta sulla provincia ha modificato la stessa morfologia del territorio. Grazie allo sforzo di tutta la comunit\u00e0, che ha nella vocazione turistica una delle sue principali caratteristiche, possiamo dire che oggi la montagna bellunese \u00e8 un posto sicuro in cui trascorrere una vacanza all\u2019insegna dello sport e del divertimento.\u00a0 Tuttavia, \u00e8 importante ricordare che, grazie ad alcune semplici accortezze, durante le escursioni in montagna si possono evitare rischi inutili.<br \/>\nEcco le cinque regole d\u2019oro suggerite dagli esperti:<br \/>\n<strong>1.<\/strong> Prima di fare un\u2019escursione controlla sempre il bollettino meteorologico (www.arpa.veneto.it) e nivologico (www.arpa.veneto.it; www.meteomont.gov.it; www.meteomont.org). Se le previsioni non sono buone o se c\u2019\u00e8 pericolo di valanghe non rischiare!<br \/>\n<strong>2.<\/strong> Indossa sempre l\u2019abbigliamento adatto e controlla le tue attrezzature. Controlla il corretto funzionamento ed il caricamento delle batterie del tuo cellulare e, se lo hai, del kit di sicurezza composto da: pala, sonda, ARTVA. La montagna va rispettata e non sfidata.<br \/>\n<strong>3.<\/strong> Scegli itinerari adatti alla tua preparazione fisica e alle tue abilit\u00e0. Comunica le tue intenzioni ai tuoi familiari\/amici e, se intendi trascorrere la notte fuori, al tuo albergatore. Rinunciare ad una gita troppo difficile per se stessi \u00e8 meglio di rischiare la propria vita!<br \/>\n<strong>4.<\/strong> Dopo aver scelto l\u2019itinerario, informati sulla sua percorribilit\u00e0. Il maltempo ha provocato tanti danni e alcuni sentieri potrebbero essere impercorribili a causa di piante cadute o smottamenti che ne hanno nascosto la traccia. Il tuo albergatore, i gestori dei rifugi, le Guide alpine, il CAI, il Soccorso Alpino e le Forze di Polizia sono a tua disposizione per fornirti tutte le informazioni di cui hai bisogno.<br \/>\n<strong>5.<\/strong> Se durante l\u2019escursione noti dei problemi lungo il percorso (interruzioni, anche se superabili, presenza di tratti fortemente ghiacciati o di masse nevose instabili) torna indietro. Puoi divertirti senza correre inutili rischi.<\/p>\n<blockquote>\n<h5><em>Nei prossimi giorni i volantini saranno stampati e distribuiti presso le strutture ricettive, i locali pubblici e alle casse degli skipass. Nei siti internet indicati nel pieghevole, sar\u00e0 inoltre reperibile ulteriore materiale informativo.<\/em><\/h5>\n<h2><\/h2>\n<h2><\/h2>\n<h2><\/h2>\n<\/blockquote>\n<h2><\/h2>\n<h2><\/h2>\n<blockquote>\n<h2><\/h2>\n<h2><\/h2>\n<\/blockquote>\n<h2>Sospesa l\u2019assistenza integrativa scolastica a domicilio durante le vacanze di Natale I genitori dei ragazzi con disabilit\u00e0 della vista e dell\u2019udito scrivono alle istituzioni <em>Roffar\u00e8: \u201cLa politica intervenga: il sostegno agli alunni svantaggiati \u00e8 un dovere sociale\u201d<\/em><\/h2>\n<p><a class=\"dt-pswp-item\" href=\"http:\/\/www.radiopiu.net\/wordpress\/wp-content\/uploads\/2018\/12\/CISL.png\" data-dt-img-description=\"\" data-large_image_width=\"292\" data-large_image_height=\"116\"><img loading=\"lazy\" decoding=\"async\" class=\" wp-image-70350 alignleft\" src=\"http:\/\/www.radiopiu.net\/wordpress\/wp-content\/uploads\/2018\/12\/CISL.png\" alt=\"\" width=\"322\" height=\"128\" \/><\/a>Ragazzi disabili senza sostegno nel periodo delle vacanze natalizie e assistenti senza rimborsi chilometrici dal mese di aprile dell\u2019anno prossimo. Sono gli effetti dei tagli lineari, determinati dall\u2019ultimo rinnovo d\u2019appalto del servizio di assistenza scolastica integrativa a favore degli alunni con disabilit\u00e0 della vista e dell\u2019udito. Dopo la denuncia lanciata dalla Cisl Fp lo scorso settembre, oggi sono i genitori dei 39 alunni bellunesi a protestare, con una lettera inviata all\u2019inizio di questa settimana ai vertici della Ulss 1 Dolomiti, alla giunta regionale del Veneto e all\u2019assessore ai Servizi sociali della Regione Manuela Lanzarin, al presidente della Provincia di Belluno, alla cooperativa che gestisce l\u2019appalto, la Socioculturale, e alle organizzazioni sindacali bellunesi. \u201cAbbiamo appreso, con nostro profondo sconcerto e fondata preoccupazione, che da quest&#8217;anno il Servizio di Integrazione Scolastica fornito ai nostri ragazzi con disabilit\u00e0 sensoriale &#8211; scrivono i genitori &#8211; dovr\u00e0 subire una forzata sospensione durante il periodo delle vacanze natalizie e pasquali, senza contare che ci ritroveremo anche senza copertura per il periodo estivo. Noi genitori riteniamo che questa sospensione risulti deleteria e rischi di compromettere il processo educativo non permettendo di portare a termine i progetti individuali che le insegnanti del Servizio redigono ad inizio anno scolastico. Questa situazione avr\u00e0 inevitabilmente ripercussioni negative sia sull&#8217;andamento ed il rendimento scolastico, sia sull&#8217;autostima e sulla motivazione dei nostri figli verso la scuola\u201d. \u201cCi risulta altres\u00ec &#8211; proseguono i genitori &#8211; che il rimborso chilometrico alle insegnanti, relativo agli spostamenti presso le abitazioni degli studenti, verr\u00e0 riconosciuto solamente fino al mese di marzo 2019 grazie ad un accordo sottoscritto nel cambio di gestione; mentre dal mese di aprile 2019 non sar\u00e0 pi\u00f9 garantito. Se questo dovesse accadere molte insegnanti hanno gi\u00e0 manifestato l\u2019intenzione di non proseguire il rapporto di lavoro non essendo pi\u00f9 economicamente sostenibile. Tale situazione porterebbe ad una mancanza o ad una sostituzione degli insegnanti nel mezzo dell\u2019anno scolastico, con conseguente compromissione dei percorsi di apprendimento perseguiti. Riteniamo quindi sia necessaria una riflessione in merito alle succitate questioni, al fine di poter trovare delle soluzioni rapide ed adeguate. Certi della sensibilit\u00e0 che vorrete dimostrare, siamo disponibili ad un confronto e al tempo stesso ci auguriamo di ricevere aggiornamenti positivi in merito\u201d.<\/p>\n<blockquote><p><em>In provincia di Belluno sono 39 gli studenti seguiti da 19 operatori fra psicologi, assistenti sociali ed educatori che si recano a casa dei ragazzi \u00a0per diverse ore al mese. Il problema \u00e8 che col nuovo bando per la gestione dell\u2019attivit\u00e0 di assistenza scolastica integrativa, vinto dalla cooperativa Socioculturale, l\u2019Azienda Zero ha effettuato un taglio lineare di 3.500 ore all\u2019attivit\u00e0 di questi professionisti con lo scopo di ridurre i costi di 73 mila euro a lotto. Il che significa che in provincia di Belluno si \u00e8 passati da uno stanziamento di 272 mila euro dell\u2019anno scorso a 198 mila di quest\u2019anno, e che la riduzione delle ore \u00e8 stata pari al 27%, con la conseguente sospensione del servizio durante le festivit\u00e0 e la disponibilit\u00e0 a pagare i rimborsi chilometrici solo fino a marzo 2019.<\/em><\/p><\/blockquote>\n<p>&nbsp;<\/p>\n<p>&nbsp;<\/p>\n<p>&nbsp;<\/p>\n<h1>INCONTRO DI FINE ANNO DEL PRESIDENTE DELLA REGIONE VENETO LUCA ZAIA.<\/h1>\n<blockquote>\n<h3><em>Luca Zaia: &#8220;Autonomia, dal 48 abbiamo perso un sacco di anno, possiamo recuperare&#8221;<\/em><\/h3>\n<p><a class=\"dt-pswp-item\" href=\"http:\/\/www.radiopiu.net\/wordpress\/wp-content\/uploads\/2018\/12\/DSC01256.jpg\" data-dt-img-description=\"\" data-large_image_width=\"4912\" data-large_image_height=\"3264\"><img loading=\"lazy\" decoding=\"async\" class=\"alignnone wp-image-70354 size-large\" src=\"http:\/\/www.radiopiu.net\/wordpress\/wp-content\/uploads\/2018\/12\/DSC01256-1024x680.jpg\" alt=\"\" width=\"1024\" height=\"680\" srcset=\"https:\/\/www.radiopiu.net\/wordpress\/wp-content\/uploads\/2018\/12\/DSC01256-1024x680.jpg 1024w, https:\/\/www.radiopiu.net\/wordpress\/wp-content\/uploads\/2018\/12\/DSC01256-300x199.jpg 300w, https:\/\/www.radiopiu.net\/wordpress\/wp-content\/uploads\/2018\/12\/DSC01256-768x510.jpg 768w\" sizes=\"auto, (max-width: 1024px) 100vw, 1024px\" \/><\/a><\/p><\/blockquote>\n<p>Si \u00e8 tenuto\u00a0 a Palazzo Balbi, sede della Giunta regionale a Venezia, il tradizionale incontro di fine anno del Presidente Luca Zaia con i giornalisti e il mondo dell\u2019informazione. Di seguito in audio\u00a0 le dichiarazioni\u00a0a margine del Presidente Zaia su vari temi, tra i quali:\u00a0 Grandi Navi, Manovra nazionale, Autonomia, Pedemontana, candidatura Prosecco UNESCO, sanit\u00e0, Verona chiusura Olimpiadi, maltempo, termovalorizzatori, auguri di Natale. Eccone una sintesi<\/p>\n<audio class=\"wp-audio-shortcode\" id=\"audio-70338-3\" preload=\"none\" style=\"width: 100%;\" controls=\"controls\"><source type=\"audio\/mpeg\" src=\"http:\/\/www.radiopiu.net\/wordpress\/wp-content\/uploads\/2018\/12\/zaia.mp3?_=3\" \/><a href=\"http:\/\/www.radiopiu.net\/wordpress\/wp-content\/uploads\/2018\/12\/zaia.mp3\">http:\/\/www.radiopiu.net\/wordpress\/wp-content\/uploads\/2018\/12\/zaia.mp3<\/a><\/audio>\n<p>&nbsp;<\/p>\n<p>&nbsp;<\/p>\n<p>&nbsp;<\/p>\n<p>&nbsp;<\/p>\n<h1>SOLIDARIETA&#8217; SENZA CONFINI, STORIA DI VOLONTARI A CENCENIGHE<\/h1>\n<p><strong>\u00a0<a class=\"dt-pswp-item\" href=\"http:\/\/www.radiopiu.net\/wordpress\/wp-content\/uploads\/2018\/12\/45044495_10216228832066079_770919970769993728_o.jpg\" data-dt-img-description=\"\" data-large_image_width=\"1984\" data-large_image_height=\"1120\"><img loading=\"lazy\" decoding=\"async\" class=\"alignnone size-medium wp-image-69363\" src=\"http:\/\/www.radiopiu.net\/wordpress\/wp-content\/uploads\/2018\/12\/45044495_10216228832066079_770919970769993728_o-300x169.jpg\" alt=\"\" width=\"300\" height=\"169\" srcset=\"https:\/\/www.radiopiu.net\/wordpress\/wp-content\/uploads\/2018\/12\/45044495_10216228832066079_770919970769993728_o-300x169.jpg 300w, https:\/\/www.radiopiu.net\/wordpress\/wp-content\/uploads\/2018\/12\/45044495_10216228832066079_770919970769993728_o-768x434.jpg 768w, https:\/\/www.radiopiu.net\/wordpress\/wp-content\/uploads\/2018\/12\/45044495_10216228832066079_770919970769993728_o-1024x578.jpg 1024w, https:\/\/www.radiopiu.net\/wordpress\/wp-content\/uploads\/2018\/12\/45044495_10216228832066079_770919970769993728_o.jpg 1984w\" sizes=\"auto, (max-width: 300px) 100vw, 300px\" \/><\/a>DI MATTEO MANFROI<\/strong><\/p>\n<audio class=\"wp-audio-shortcode\" id=\"audio-70338-4\" preload=\"none\" style=\"width: 100%;\" controls=\"controls\"><source type=\"audio\/ogg\" src=\"http:\/\/www.radiopiu.net\/wordpress\/wp-content\/uploads\/2018\/12\/MATTEO.ogg?_=4\" \/><a href=\"http:\/\/www.radiopiu.net\/wordpress\/wp-content\/uploads\/2018\/12\/MATTEO.ogg\">http:\/\/www.radiopiu.net\/wordpress\/wp-content\/uploads\/2018\/12\/MATTEO.ogg<\/a><\/audio>\n<p>&nbsp;<\/p>\n<p>&nbsp;<\/p>\n<p>&nbsp;<\/p>\n<h2>PER &#8220;FALCO I REMS&#8221; ANCHE CONFINDUSTRIA BELLUNO DOLOMITI<br \/>\n\u00abFalco I-Rems\u00bb<\/h2>\n<blockquote><p><em>Il ricavato sar\u00e0 devoluto a Rocca Pietore e a una borsa di studio per laureandi con tesi dedicate all\u2019elisoccorso<\/em><\/p><\/blockquote>\n<p><strong><a class=\"dt-pswp-item\" href=\"http:\/\/www.radiopiu.net\/wordpress\/wp-content\/uploads\/2015\/09\/confindustria-500.jpg\" data-dt-img-description=\"\" data-large_image_width=\"500\" data-large_image_height=\"360\"><img loading=\"lazy\" decoding=\"async\" class=\"size-medium wp-image-10966 alignleft\" src=\"http:\/\/www.radiopiu.net\/wordpress\/wp-content\/uploads\/2015\/09\/confindustria-500-300x216.jpg\" alt=\"\" width=\"300\" height=\"216\" \/><\/a>BELLUNO<\/strong>\u00a0 Confindustria Belluno Dolomiti sostiene l\u2019iniziativa editoriale \u201cFalco I-Rems di Katia Tormen e di Fabrizio Rufus Bristot con l\u2019acquisto di un numero cospicuo di copie del libro. <em>\u00abLa Montagna al centro \u00e8 questo l\u2019impegno della nostra Associazione, &#8211; afferma il presidente di Confindustria Belluno Dolomiti Luca Barbini &#8211; un impegno che stiamo portando avanti attraverso la rete nazionale Confindustria per la Montagna e al tavolo di coordinamento \u201cInnovazione sostenibile e le imprese\u201d assegnatoci dal Ministro Stefani agli Stati generali per la Montagna, per far s\u00ec che le Terre Alte siano riconosciute per le loro specificit\u00e0, le difficolt\u00e0 del vivere e del fare impresa, le risorse e il patrimonio ambientale, culturale e produttivo, i talenti e le eccellenze. Un territorio anche fragile, il nostro, come \u00e8 emerso con l\u2019alluvione di fine ottobre. Un evento eccezionale e drammatico che per\u00f2 ha messo in risalto, ancora una volta, la forza e i valori delle nostre comunit\u00e0, capaci di reagire con tempestivit\u00e0. Ed \u00e8 anche per questa rinnovata attenzione verso il nostro territorio che abbiamo deciso di aderire al progetto che ha portato alla pubblicazione del libro \u201cFalco I-Rems\u201d, un volume che ripercorre il tragico incidente che nel 2009 cost\u00f2 la vita all\u2019equipaggio dell\u2019elicottero del SUEM di Pieve di Cadore. Una parte dei proventi della vendita dei libri andr\u00e0 a sostenere il territorio di Rocca Pietore, fortemente colpito dall\u2019ondata di maltempo, e servir\u00e0 a finanziare una borsa di studio per laureandi con tesi dedicate all\u2019elisoccorso\u00bb.\u00a0<\/em>Fabio Bristot Rufus, insieme a Katia Tormen, ringrazia Confindustria Belluno Dolomiti, precisando che \u00abci sono molti modi per dare dei segni alle comunit\u00e0 del nostro prezioso e delicato territorio e a ci\u00f2 che questo territorio esprime in termini di eccellenze. Il fatto che Confindustria Belluno Dolomiti si sia riconosciuta in questo racconto che narra del servizio di elisoccorso del 118 e del Soccorso Alpino, \u00e8 uno di questi segni importanti perch\u00e9 equivale a riconoscere quell\u2019eccellenza\u00bb.<\/p>\n<blockquote><p><strong>\u201cFALCO I REMS<\/strong>&#8221; Un\u2019opera\u00a0\u2013 si specifica nella prefazione \u2013\u00a0di pura fantasia, anche se inevitabilmente si collega ai fatti reali occorsi in data 22 agosto 2009, quando in localit\u00e0 Rio Gere (Cortina d\u2019Ampezzo \u2013 Belluno), alle pendici del Monte Cristallo, un elicottero A109S Grand (Agusta Westland), marche di immatricolazione I-REMS, esercente il servizio per conto del Suem 118 di Pieve di Cadore dell\u2019Ulss n. 1 di Belluno, impatta i cavi di una linea di media tensione, facendo morire l\u2019intero equipaggio ad esclusione di una persona che tra la prima e la seconda ricognizione sul fronte della frana era sceso per monitorare una persona cardiopatica.Nomi e personaggi, il vissuto personale e interpersonale dei soggetti identificati come Diego, Francesco, Michele, Stelvio e delle correlate compagne di vita, oltre che di tutti gli altri personaggi, sono frutto dell\u2019immaginazione degli autori e come tali sono usati in modo del tutto fittizio in relazione alle vicende e vicissitudini di carattere personale e famigliare descritte e narrate. L\u2019assoluta somiglianza, invece, con i fatti in premessa descritti, i luoghi e le persone in relazione alle loro funzioni, ancorch\u00e9 associate ad altri nomi, invece, non sono affatto casuali, ma un elemento fortemente voluto. Voluto, quanto richiesto dalla necessit\u00e0 di connotare questo libro non solo con i tratti della mera fantasia narrante, ma anche con azioni che facilitino la comprensione dei processi e delle dinamiche legate al mondo del Soccorso Alpino e del Suem 118 e, pi\u00f9 espressamente, a quelle dell\u2019elisoccorso.In modo particolare, si \u00e8 voluto porre in evidenza senza possibilit\u00e0 di edulcorazione \u2013 questo aspetto \u00e8 incipit e file rouge del racconto stesso \u2013 il problema degli ostacoli al volo alla navigazione aerea, causa ed intimo motivo per cui evidentemente si \u00e8 scritto. Ostacoli al volo lineari, verticali e, anche mobili (come ultimamente possono essere definiti, ad esempio, i droni) che rappresentano un gravissimo, irrisolto problema del nostro (Bel) Paese e che, come tale, aspetta da decenni una soluzione certa e definitiva, senza pi\u00f9 balbettii e tentennamenti di sorta, da parte di uno Stato colpevolmente inerte. Queste soluzioni devono, infatti, essere garantite ora, perch\u00e9 nessun altro libro sul tema sia mai pi\u00f9 scritto. Mai pi\u00f9<\/p><\/blockquote>\n<p>&nbsp;<\/p>\n<p>&nbsp;<\/p>\n<blockquote>\n<h3>DALLA ULSS DI FELTRE\u00a0Si informa che nella solo giornata del 27 dicembre 2018 il punto prelievi di Fener non sar\u00e0 operativo. Per veentuali necessit\u00e0 \u00e8 aperto il punto prelievi di Feltre, in palazzina Gaggia, dalle 7 alle 9.<\/h3>\n<\/blockquote>\n<p>&nbsp;<\/p>\n<p>&nbsp;<\/p>\n<p>&nbsp;<\/p>\n<p>&nbsp;<\/p>\n<h1>SOSTEGNO AD ASSOCIAZIONI E SCUOLE<\/h1>\n<blockquote>\n<h3><em>Deliberati quasi 250mila euro di contibuti<\/em><\/h3>\n<\/blockquote>\n<p>Ammontano a quasi 250mila euro i contributi deliberati dal Comune di Belluno per le attivit\u00e0 sostenute dalle associazioni e dalle scuole statli e FISM nel corso del 2018.<em> \u00abIn un anno che ci ha visti impegnati con l&#8217;emergenza alluvione, &#8211; commenta il Sindaco, Jacopo Massaro \u2013 siamo riusciti a mantenere gli impegni con le associazioni di volontariato e con quelle \u201cistituzionali\u201d, assicurando allo stesso tempo il sostegno alle scuole e, non meno importanti, agevolando iniziative e manifestazioni con benefici non economici, come palchi, sedie e concessione gratuita delle sale\u00bb.\u00a0<\/em><strong>I contributi a associazioni e scuole\u00a0<\/strong>Ammontano a circa 45mila euro i contributi assegnati dalla Giunta alle associazioni di volontariato, cos\u00ec ripartiti: Associazione Amici del Nevegal, 140 euro; ASD Paracadutismo Belluno, 4000 euro; Associazione Martina Bonavera, 1500 euro; Associazione G.S. Ricreativo Cirvoi, 500 euro; Comitato genitori Scuola primaria Quartier Cadore, 750 euro; TIB Teatro Belluno SCS Onlus, 1000 euro; Pro Loco Pieve Castionese, 1450 euro; A.S.D. Juventus Alpina, 1500 euro; AISM Seziona provinciale di Belluno, 3000 euro; A.N.A. Gruppo Castionese, 360 euro; Associazione culturale Tina Merlin, 1000 euro; ASD Nevegallika, 1700 euro; Comitato d&#8217;intesa, 1000 euro; Associazione dilettantistica Alpina Calcio, 1500 euro; Associazione Bellunesi nel mondo, 1000 euro; Associazione Amici della bicicletta, 530 euro; Comitato Croce Rossa Italiana, 1500 euro; AICS \u2013 Comitato Provinciale di Belluno, 3000 euro; Istituto comprensivo Belluno 3, 1000 euro; APACA Onlus, 720 euro; Slowmachine, 1000 euro; Centro Sportivo Italiano, 1000 euro; Coro Minimo Bellunese, 230 euro; Tiro a segno nazionale \u2013 Sezione di Belluno, 500 euro; CAI \u2013 Sezione di Belluno, 1320 euro; ASD Bocce Belluno, 750 euro; Dolomiti Symphonia, 500 euro; Istituto Bellunese Ricerche Sociali e Culturali, 500 euro; Societ\u00e0 Dante Alighieri, 500 euro; UNIVOC \u2013 Unione Nazionale Italiana Volontari pro Ciechi, 500 euro; Associazione Volontari Ospedalieri, 600 euro; Associazione Antenna Anziani, 3000 euro; AITSAM \u2013 Associazione Italiana Tutela Salute Mentale, 400 euro; Italia Nostra Onlus \u2013 Sezione di Belluno, 300 euro; Centro Studi Vocali Nova Cantica, 250 euro; Comitato frazionale per la gestione dei beni di uso civico, 3500 euro; Associazione Amici delle Scuole in Rete, 1000 euro; Universit\u00e0 popolare della terza et\u00e0, 1000 euro; Associazione Voice Care Music &amp; Art, 1000 euro.<em> \u00abOltre a tutti questi, \u2013 aggiunge Massaro \u2013 abbiamo voluto assegnare anche un contributo di 5mila euro per ognuna delle associazioni \u201cistituzionali\u201d impegnate sul nostro territorio, vale a dire l&#8217;Istituto Storico Bellunese Della Resistenza E Dell&#8217;Eta&#8217; Contemporanea, la Fondazione Angelini e il Circolo Culturale Bellunese\u00bb. 140mila euro sono stati poi destinati alle scuole del capoluogo: 43mila sono andati alle scuole statali, mentre 95mila alle scuole FISM \u2013 Federazione Italiana Scuole Materne.<\/em><strong>Benefici non economici\u00a0<\/strong>Oltre al contributo diretto, grande \u00e8 stato l&#8217;impegno del Comune nel fornire servizi e materiali per lo svolgimento delle manifestazioni: \u00abNel 2018, abbiamo fornito palchi, sedie, uso di sale e spazi, transenne, fornitura di energia elettrica per un valore di circa 40mila euro. &#8211; sottolinea Massaro \u2013 Sono contributi forse meno visibili di quelli economici, ma che spesso si rivelano fondamentali per agevolare lo svolgimento delle attivit\u00e0 delle associazioni\u00bb.<\/p>\n<p>&nbsp;<\/p>\n<p>&nbsp;<\/p>\n<p>&nbsp;<\/p>\n<p>&nbsp;<\/p>\n<h1>COMPRENSIVO FELTRE&#8230; A FUMETTI<\/h1>\n<p><strong><a class=\"dt-pswp-item\" href=\"http:\/\/www.radiopiu.net\/wordpress\/wp-content\/uploads\/2018\/12\/IC-FELTRE-Feltre-a-fumetti-1.jpg\" data-dt-img-description=\"\" data-large_image_width=\"2560\" data-large_image_height=\"1440\"><img loading=\"lazy\" decoding=\"async\" class=\"alignnone wp-image-70340 size-large\" src=\"http:\/\/www.radiopiu.net\/wordpress\/wp-content\/uploads\/2018\/12\/IC-FELTRE-Feltre-a-fumetti-1-1024x576.jpg\" alt=\"\" width=\"1024\" height=\"576\" srcset=\"https:\/\/www.radiopiu.net\/wordpress\/wp-content\/uploads\/2018\/12\/IC-FELTRE-Feltre-a-fumetti-1-1024x576.jpg 1024w, https:\/\/www.radiopiu.net\/wordpress\/wp-content\/uploads\/2018\/12\/IC-FELTRE-Feltre-a-fumetti-1-300x169.jpg 300w, https:\/\/www.radiopiu.net\/wordpress\/wp-content\/uploads\/2018\/12\/IC-FELTRE-Feltre-a-fumetti-1-768x432.jpg 768w\" sizes=\"auto, (max-width: 1024px) 100vw, 1024px\" \/><\/a>FELTRE<\/strong> Oggi lettori, domani disegnatori. E se no, ancora lettori ma con la consapevolezza in pi\u00f9 del tratto della creazione. Si intitola \u201cFeltre a fumetti\u201d ed \u00e8 il modulo Pon (Programma Operativo Nazionale) con fondi UE, avviato dalla scuola media \u201cRocca\u201d dell\u2019Istituto comprensivo di Feltre. Ragazzi di prima, seconda e terza che si approcciano al mondo del racconto a disegni. \u201cNon \u00e8 solo questo \u2013 spiegano i docenti Paolo Donazzolo e Francesco Condoluci \u2013 ma \u00e8 anche storia del fumetto, passando in rassegna i pi\u00f9 grandi disegnatori del mondo come Barks, Eisner, Spiegelman, Pazienza e Magnus. Riguardo al tema specifico del progetto, si tratta di una libera interpretazione dei simboli della citt\u00e0 di Feltre alla luce dei comics, di Disney, dei manga, della Marvel e di tutti i generi di fumetto possibili\u201d. A raccontare ai ragazzi la storia del fumetto la studiosa di storia del fumetto italiano Benedetta D\u2019Incau. Dieci gli incontri previsti fino alla prossima primavera. A fine lavoro verr\u00e0 pubblicato un numero unico, mentre i disegni realizzati saranno esposti a scuola.<\/p>\n<p>&nbsp;<\/p>\n<p>&nbsp;<\/p>\n<p>&nbsp;<\/p>\n<p>&nbsp;<\/p>\n<h2>DAL COMITATO ALPAGO 2 PANETTONI AGLI ANZIANI<\/h2>\n<blockquote>\n<h4><em>L&#8217;iniziativa si inserisce tra i tanti momenti di avvicinamento alla 25. edizione\u00a0del Giro del Lago<\/em><\/h4>\n<p><a class=\"dt-pswp-item\" href=\"http:\/\/www.radiopiu.net\/wordpress\/wp-content\/uploads\/2018\/12\/2-RUOTE-ALPAGO-forni-balbinot.jpg\" data-dt-img-description=\"\" data-large_image_width=\"2303\" data-large_image_height=\"1535\"><img loading=\"lazy\" decoding=\"async\" class=\"alignnone wp-image-70341 size-large\" src=\"http:\/\/www.radiopiu.net\/wordpress\/wp-content\/uploads\/2018\/12\/2-RUOTE-ALPAGO-forni-balbinot-1024x683.jpg\" alt=\"\" width=\"1024\" height=\"683\" srcset=\"https:\/\/www.radiopiu.net\/wordpress\/wp-content\/uploads\/2018\/12\/2-RUOTE-ALPAGO-forni-balbinot-1024x683.jpg 1024w, https:\/\/www.radiopiu.net\/wordpress\/wp-content\/uploads\/2018\/12\/2-RUOTE-ALPAGO-forni-balbinot-300x200.jpg 300w, https:\/\/www.radiopiu.net\/wordpress\/wp-content\/uploads\/2018\/12\/2-RUOTE-ALPAGO-forni-balbinot-768x512.jpg 768w\" sizes=\"auto, (max-width: 1024px) 100vw, 1024px\" \/><\/a><\/p><\/blockquote>\n<p><strong>ALPAGO<\/strong> Anche quest&#8217;anno il Comitato Alpago 2 ruote &amp; solidariet\u00e0 ha rispettato la tradizione e, qualche giorno prima di Natale, ha portato in dono agli ospiti delle case di riposo dell&#8217;Alpago, Puos e Santa Croce, il panettone.<\/p>\n<p>\u00abDa diversi anni come Comitato Alpago 2 ruote &amp; solidariet\u00e0 facciamo questo piccolo gesto, semplice e sentito, di attenzione nei confronti dei nostri anziani\u00bb\u00a0spiega Ennio Soccal, presidente del comitato.\u00a0\u00ab\u00c8 un&#8217;iniziativa resa possibile dalla grande disponibilit\u00e0 di Balbinot \u2013 Grandi Forni Bellunesi, azienda di Paludi che ci sostiene, in questa e in altre occasioni, in maniera importante, iniziativa che si inserisce tra i tanti momenti di avvicinamento alla 25. edizione del Giro del Lago, in programma il prossimo 18 agosto\u00bb. \u00abDa anni collaboriamo con il\u00a0Comitato Alpago 2 ruote &amp; solidariet\u00e0 e lo facciamo con piacere\u00bb\u00a0dice Furio Balbinot.\u00a0\u00abCi teniamo e vogliamo che questa tradizione continui nel tempo\u00bb. Insieme al Comitato e a Balbinot Grandi Forni Bellunesi c&#8217;\u00e8 anche la Consulta Giovani dell&#8217;Alpago. \u00abAbbiamo un&#8217;occasione in pi\u00f9 per stare vicini ai nostri anziani e cercare di portare loro un momento di serenit\u00e0\u00bb\u00a0spiega Ildo Peterle, presidente della consulta.<\/p>\n<blockquote><p><strong>Per approfondimenti sul Giro del Lago di Santa Croce, iniziativa dedicata a podisti e ciclisti, si pu\u00f2 consultare il sito ufficiale della manifestazione:\u00a0http:\/\/www.2ruotealpago.it\/giro-del-lago<\/strong><\/p><\/blockquote>\n<p>&nbsp;<\/p>\n<p>&nbsp;<\/p>\n<p>&nbsp;<\/p>\n<h2>LUNEDI VIGILIA DI NATALE MERCATO AD AGORDO<\/h2>\n<p><strong>AGORDO<\/strong> Il Gruppo Ambulanti di Confcommercio Belluno informa che il mercato di Agordo di mercoled\u00ec 26 dicembre, Festa di Santo Stefano, si svolger\u00e0 nella mattinata di luned\u00ec 24 anticipando cos\u00ec il Natale e venendo incontro alle esigenze della clientela tanto sul fronte degli articoli da regalo quanto per gli ultimi acquisti nel settore alimentare. Il sindaco Sisto Da Roit ha infatti accolto la proposta di poter offrire al paese ed ai turisti un&#8217;edizione mercatale prenatalizia. La decisione \u00e8 stata frutto di un recente e costruttivo incontro con l&#8217;Amministrazione comunale nella cui occasione i rappresentanti del mercato di Agordo hanno potuto esporre anche altre tematiche relative al mercato. Temi sui quali il confronto e la collaborazione si svilupperanno con il nuovo anno. Confidando che la sempre fedele clientela del mercato ed i turisti possano cos\u00ec apprezzare lo svolgimento del mercato alla vigilia di Natale il Gruppo Ambulanti ringrazia il Sindaco e l&#8217;Amministrazione comunale di Agordo per la disponibilit\u00e0 dimostrata.<\/p>\n<p>&nbsp;<\/p>\n<p>&nbsp;<\/p>\n<h1>DONAZIONE FRANZOIA-NASCI<\/h1>\n<blockquote><p><em>Donazione Franzoia-Nasci: alla Galleria \u201cRizzarda\u201d un tesoro di vetri d&#8217;arte che ridisegner\u00e0 la geografia del museo.<\/em><\/p><\/blockquote>\n<p><a class=\"dt-pswp-item\" href=\"http:\/\/www.radiopiu.net\/wordpress\/wp-content\/uploads\/2018\/12\/Donazione-Franzoia-5.jpg\" data-dt-img-description=\"\" data-large_image_width=\"5312\" data-large_image_height=\"2988\"><img loading=\"lazy\" decoding=\"async\" class=\"size-medium wp-image-70362 alignleft\" src=\"http:\/\/www.radiopiu.net\/wordpress\/wp-content\/uploads\/2018\/12\/Donazione-Franzoia-5-300x169.jpg\" alt=\"\" width=\"300\" height=\"169\" srcset=\"https:\/\/www.radiopiu.net\/wordpress\/wp-content\/uploads\/2018\/12\/Donazione-Franzoia-5-300x169.jpg 300w, https:\/\/www.radiopiu.net\/wordpress\/wp-content\/uploads\/2018\/12\/Donazione-Franzoia-5-768x432.jpg 768w, https:\/\/www.radiopiu.net\/wordpress\/wp-content\/uploads\/2018\/12\/Donazione-Franzoia-5-1024x576.jpg 1024w\" sizes=\"auto, (max-width: 300px) 100vw, 300px\" \/><\/a>32 opere di Carlo Scarpa, 120 di Vittorio Zecchin. E poi Zuccheri, Bianconi, nomi che hanno fatto la storia del vetro d&#8217;arte del secolo scorso a livello italiano e non solo. Sono circa 800, in totale, i pezzi della collezione privata Nasci-Franzoia donati quest&#8217;oggi dall&#8217;architetto Ferruccio Franzoia ala Comune di Feltre e che troveranno collocazione alla Galleria d&#8217;Arte Moderna \u201cCarlo Rizzarda\u201d.<br \/>\n\u201cE&#8217; una giornata storica, ha commentato durante la conferenza stampa di presentazione,<strong> il sindaco di Feltre Paolo Perenzin;<\/strong> non posso che ringraziare l&#8217;architetto Franzoia per il gesto di grande generosit\u00e0, oltre che di sensibilit\u00e0 culturale, che con questa donazione esprime a favore di tutta al citt\u00e0 di Feltre.\u201d<br \/>\n<strong>L&#8217;ASSESSORE ALLA CULTURA ALESSANDRO DAL BIANCO<\/strong><\/p>\n<audio class=\"wp-audio-shortcode\" id=\"audio-70338-5\" preload=\"none\" style=\"width: 100%;\" controls=\"controls\"><source type=\"audio\/mpeg\" src=\"http:\/\/www.radiopiu.net\/wordpress\/wp-content\/uploads\/2018\/12\/DAL-BIANCO.mp3?_=5\" \/><a href=\"http:\/\/www.radiopiu.net\/wordpress\/wp-content\/uploads\/2018\/12\/DAL-BIANCO.mp3\">http:\/\/www.radiopiu.net\/wordpress\/wp-content\/uploads\/2018\/12\/DAL-BIANCO.mp3<\/a><\/audio>\n<blockquote><p>\u201cIl nuovo allestimento, quanto mai pertinente con i ferri battuti di Carlo Rizzarda, ridisegner\u00e0 la geografia del museo, dando un respiro nuovo alla struttura ed accrescendone ulteriormente l&#8217;interesse artistico e scientifico ben oltre i confini regionali\u201d, <strong>il commento della conservatrice dei musei cittadini Tiziana Casagrande.\u00a0<\/strong> E&#8217; toccato poi allo stesso Ferruccio Franzoia ripercorrere i passaggi salienti della nascita e dello sviluppo della collezione; un amore per il bello tutto concentrato nell&#8217;intervallo di tempo tra le due guerre mondiali, \u201cl&#8217;epoca della rinascita delle arti decorative, e del vetro in particolare\u201d, <strong>ha sottolineato Franzoia,<\/strong> che con Scarpa ha avuto anche una lunga frequentazione personale, oltre che professionale. \u201cAl museo Rizzarda, ha aggiunto l&#8217;architetto feltrino, mi unisce anche un legame familiare: Carlo Rizzarda era fratello di mia nonna e vedere ora i vetri della nostra collezione privata riunirsi ai suoi ferri battuti \u00e8 per me motivo di grande gioia ed orgoglio\u201d. Ferruccio Franzoia curer\u00e0 ora anche l&#8217;allestimento della nuova sezione museale dedicata i vetri d&#8217;arte, che occuper\u00e0 l&#8217;intero ultimo piano della struttura di via Paradiso. Alle viste, a margine del progetto, vi \u00e8 anche al redazione di due cataloghi scientifici, uno per il ferro battuto e uno \u2013 appunto \u2013 per i vetri, che contribuiranno a fare sempre pi\u00f9 della Galleria \u201cRizzarda\u201d e dei suoi preziosi contenuti, un riferimento artistico di livello nazionale ed internazionale. Il valore economico della collezione Nasci-Franzoia donata quest&#8217;oggi al Comune di Feltre \u00e8 stimata in circa 1 milione e mezzo di euro.<\/p><\/blockquote>\n<p>&nbsp;<\/p>\n<p>&nbsp;<\/p>\n<p>&nbsp;<\/p>\n<p>&nbsp;<\/p>\n<h1>BUS GRATUITI IN CITTA&#8217;<\/h1>\n<blockquote>\n<h3><em>\u00abMeno traffico e aria pi\u00f9 pulita\u00bb<\/em><\/h3>\n<\/blockquote>\n<p>Tornano anche per le festivit\u00e0 2018 i bus gratuiti nei giorni che precedono Natale e Capodanno: come lo scorso anno, infatti, le corse del trasposto pubblico locale del 23, 24, 30 e 31 dicembre saranno gratuite. A coprire le spese, sar\u00e0 il Comune di Belluno, che per l&#8217;iniziativa ha investito circa 5mila euro.<\/p>\n<p><strong>L&#8217;ASSESSORE AL BILANCIO LUCIA OLIVOTTO<\/strong><\/p>\n<audio class=\"wp-audio-shortcode\" id=\"audio-70338-6\" preload=\"none\" style=\"width: 100%;\" controls=\"controls\"><source type=\"audio\/mpeg\" src=\"http:\/\/www.radiopiu.net\/wordpress\/wp-content\/uploads\/2018\/12\/Lucia-Olivotto-Corse-bus-gratuite-2018.mp3?_=6\" \/><a href=\"http:\/\/www.radiopiu.net\/wordpress\/wp-content\/uploads\/2018\/12\/Lucia-Olivotto-Corse-bus-gratuite-2018.mp3\">http:\/\/www.radiopiu.net\/wordpress\/wp-content\/uploads\/2018\/12\/Lucia-Olivotto-Corse-bus-gratuite-2018.mp3<\/a><\/audio>\n<p>In occasione delle corse di domenica 23 e domenica 30, che coprono mezza giornata secondo il tradizionale orario festivo, e di luned\u00ec 24 e luned\u00ec 31, per l&#8217;intera giornata, il biglietto sar\u00e0 quindi totalmente gratuito<\/p>\n<p><strong>L&#8217;ASSESSORE STEFANIA GANZ<\/strong><\/p>\n<audio class=\"wp-audio-shortcode\" id=\"audio-70338-7\" preload=\"none\" style=\"width: 100%;\" controls=\"controls\"><source type=\"audio\/mpeg\" src=\"http:\/\/www.radiopiu.net\/wordpress\/wp-content\/uploads\/2018\/12\/Stefania-Ganz-Corse-bus-gratuite-2018.mp3?_=7\" \/><a href=\"http:\/\/www.radiopiu.net\/wordpress\/wp-content\/uploads\/2018\/12\/Stefania-Ganz-Corse-bus-gratuite-2018.mp3\">http:\/\/www.radiopiu.net\/wordpress\/wp-content\/uploads\/2018\/12\/Stefania-Ganz-Corse-bus-gratuite-2018.mp3<\/a><\/audio>\n<p>Partir\u00e0 invece dopo Natale la \u201cnavetta\u201d per il Nevegal: la linea N-Nera Belluno-Castion-Nevegal entrer\u00e0 in funzione gioved\u00ec 27 dicembre e sar\u00e0 operativa fino al 6 gennaio: sono previste in totale 8 corse giornaliere da e per il colle. Il servizio non sar\u00e0 effettuato solamente nella mattinata di marted\u00ec 1 gennaio 2019; per garantire il servizio, il Comune di Belluno impegner\u00e0 poco meno di 2mila euro, che vanno a sommarsi a quanto destinato alle corse gratuite.<\/p>\n<p>&nbsp;<\/p>\n<p>&nbsp;<\/p>\n<p>&nbsp;<\/p>\n<p>&nbsp;<\/p>\n<h1>IL NATALE \u00c8 ANCORA PI\u00d9 BELLO SULLE DOLOMITI: TUTTE LE APERTURE PER IL PERIODO NATALIZIO<\/h1>\n\n\t\t\t<style type='text\/css'>\n\t\t\t\t#gallery-2 {\n\t\t\t\t\tmargin: auto;\n\t\t\t\t}\n\t\t\t\t#gallery-2 .gallery-item {\n\t\t\t\t\tfloat: left;\n\t\t\t\t\tmargin-top: 10px;\n\t\t\t\t\ttext-align: center;\n\t\t\t\t\twidth: 33%;\n\t\t\t\t}\n\t\t\t\t#gallery-2 img {\n\t\t\t\t\tborder: 2px solid #cfcfcf;\n\t\t\t\t}\n\t\t\t\t#gallery-2 .gallery-caption {\n\t\t\t\t\tmargin-left: 0;\n\t\t\t\t}\n\t\t\t\t\/* see gallery_shortcode() in wp-includes\/media.php *\/\n\t\t\t<\/style>\n\t\t<div id='gallery-2' class='dt-gallery-container gallery galleryid-70338 gallery-columns-3 gallery-size-thumbnail'><dl class='gallery-item'>\n\t\t\t\t<dt class='gallery-icon landscape'>\n\t\t\t\t\t<a class=\"rollover\" href='https:\/\/www.radiopiu.net\/wordpress\/giornale-radiopiu-21-dicembre-2018-direttore-mirko-mezzacasa\/civetta_alleghe\/'><img loading=\"lazy\" decoding=\"async\" width=\"150\" height=\"150\" src=\"https:\/\/www.radiopiu.net\/wordpress\/wp-content\/uploads\/2018\/12\/Civetta_Alleghe-150x150.jpg\" class=\"attachment-thumbnail size-thumbnail\" alt=\"\" \/><\/a>\n\t\t\t\t<\/dt><\/dl><dl class='gallery-item'>\n\t\t\t\t<dt class='gallery-icon landscape'>\n\t\t\t\t\t<a class=\"rollover\" href='https:\/\/www.radiopiu.net\/wordpress\/giornale-radiopiu-21-dicembre-2018-direttore-mirko-mezzacasa\/pista-col-margherita-min\/'><img loading=\"lazy\" decoding=\"async\" width=\"150\" height=\"150\" src=\"https:\/\/www.radiopiu.net\/wordpress\/wp-content\/uploads\/2018\/12\/pista-col-margherita-min-150x150.jpg\" class=\"attachment-thumbnail size-thumbnail\" alt=\"\" \/><\/a>\n\t\t\t\t<\/dt><\/dl><dl class='gallery-item'>\n\t\t\t\t<dt class='gallery-icon landscape'>\n\t\t\t\t\t<a class=\"rollover\" href='https:\/\/www.radiopiu.net\/wordpress\/giornale-radiopiu-21-dicembre-2018-direttore-mirko-mezzacasa\/funivia_marmolada\/'><img loading=\"lazy\" decoding=\"async\" width=\"150\" height=\"150\" src=\"https:\/\/www.radiopiu.net\/wordpress\/wp-content\/uploads\/2018\/12\/funivia_Marmolada-150x150.jpg\" class=\"attachment-thumbnail size-thumbnail\" alt=\"\" \/><\/a>\n\t\t\t\t<\/dt><\/dl><br style=\"clear: both\" \/>\n\t\t\t<\/div>\n\n<p>In vista del Natale aumenta ancora l\u2019offerta sciistica nel territorio del consorzio di promozione turistica Dolomiti Stars. Anche in questo fine settimana \u00e8 prevista l\u2019apertura di nuove piste nelle Ski Aree Civetta, Falcade-San Pellegrino e Arabba-Marmolada. <em>\u201cSono davvero soddisfatto del lavoro svolto, abbiamo fatto un enorme sforzo, sia economico che professionale, per poter garantire l\u2019erogazione di un servizio di qualit\u00e0 che \u00e8 tanto fondamentale per l\u2019economia montana\u201d afferma Sergio Pra, Presidente di Dolomiti Stars.<\/em><\/p>\n<p><strong>SKI AREA CIVETTA<\/strong> Attualmente ad Alleghe sono in funzione le seggiovie Baby-Piani di Pezz\u00e8, Pelmo, Col Fioret, la sciovia Mariaz con le\u00a0cabinovie Alleghe &#8211; Piani di Pezz\u00e8, Piani di Pezz\u00e8 &#8211; Col dei Baldi. \u00a0Sul versante di Selva di Cadore \u00e8 possibile invece utilizzare le seggiovie Pescul &#8211; Fertazza, Fertazza e la sciovia Santa Fosca. Per quanto riguarda la Val di Zoldo sono operativi la cabinovia Pian del Crep, la sciovia Campetto e le seggiovie\u00a0Delle Coste, Cristelin e Col de La Grava. Un&#8217;importante novit\u00e0 infine \u00e8 rappresentata dalla possibilit\u00e0 di sciare in notturna sulle piste di Zoldo a partire da sabato 22 dicembre.<\/p>\n<p><strong>SKI AREA SAN PELLEGRINO\u00a0<\/strong>A Falcade-San Pellegrino sono in funzione la funivia Col Margherita, le seggiovie Del Passo, Costabella, Gigante, Lago Cavia &#8211; Col Margherita, Lago Cavia &#8211; Laresei, Le Buse &#8211; Laresei, la telecabina Falcade &#8211; Le Buse, oltre alle sciovie Capanna Margherita, Chiesetta 1 e Le Buse. Gi\u00e0 attivo inoltre il servizio di skibus per il tratto San Pellegrino \u2013 Lusia \u2013 Moena. Tra le novit\u00e0 gli amanti dello sci alpino potranno soddisfare la loro voglia di neve grazie all&#8217;apertura di nuove piste e impianti tra cui la pista Le Coste in zona Cima Uomo e la pista Monzoni in area Costabella.<\/p>\n<p><strong>SKI AREA ARABBA &#8211; MARMOLADA<\/strong>\u00a0 L&#8217;intero comprensorio di Arabba-Marmolada \u00e8 ormai completamente fruibile grazie all&#8217;apertura della quasi totalit\u00e0 di piste e impianti. Con i suoi 60 km di piste<\/p>\n<p>&nbsp;<\/p>\n<p>&nbsp;<\/p>\n<div class=\"page-title-head hgroup\"><\/div>\n<div class=\"page-title-breadcrumbs\"><\/div>\n<p>&nbsp;<\/p>\n<p>&nbsp;<\/p>\n<p><a class=\"dt-pswp-item\" href=\"http:\/\/www.radiopiu.net\/wordpress\/wp-content\/uploads\/2018\/09\/appuntamenti.jpeg\" data-dt-img-description=\"\" data-large_image_width=\"800\" data-large_image_height=\"100\"><img loading=\"lazy\" decoding=\"async\" class=\"alignnone wp-image-61958 size-full\" src=\"http:\/\/www.radiopiu.net\/wordpress\/wp-content\/uploads\/2018\/09\/appuntamenti.jpeg\" alt=\"\" width=\"800\" height=\"100\" srcset=\"https:\/\/www.radiopiu.net\/wordpress\/wp-content\/uploads\/2018\/09\/appuntamenti.jpeg 800w, https:\/\/www.radiopiu.net\/wordpress\/wp-content\/uploads\/2018\/09\/appuntamenti-300x38.jpeg 300w, https:\/\/www.radiopiu.net\/wordpress\/wp-content\/uploads\/2018\/09\/appuntamenti-768x96.jpeg 768w\" sizes=\"auto, (max-width: 800px) 100vw, 800px\" \/><\/a><\/p>\n<h1>EVENTO DDOLOMITI, LA TORTA DELLA RINASCITA DELLE DOLOMITI DI IGINIO MASSARI<\/h1>\n<p><a class=\"dt-pswp-item\" href=\"http:\/\/www.radiopiu.net\/wordpress\/wp-content\/uploads\/2018\/12\/https___cdn.evbuc_.com_images_53583247_244792558454_1_original.jpg\" data-dt-img-description=\"\" data-large_image_width=\"800\" data-large_image_height=\"400\"><img loading=\"lazy\" decoding=\"async\" class=\"alignnone wp-image-70049 size-full\" src=\"http:\/\/www.radiopiu.net\/wordpress\/wp-content\/uploads\/2018\/12\/https___cdn.evbuc_.com_images_53583247_244792558454_1_original.jpg\" alt=\"\" width=\"800\" height=\"400\" srcset=\"https:\/\/www.radiopiu.net\/wordpress\/wp-content\/uploads\/2018\/12\/https___cdn.evbuc_.com_images_53583247_244792558454_1_original.jpg 800w, https:\/\/www.radiopiu.net\/wordpress\/wp-content\/uploads\/2018\/12\/https___cdn.evbuc_.com_images_53583247_244792558454_1_original-300x150.jpg 300w, https:\/\/www.radiopiu.net\/wordpress\/wp-content\/uploads\/2018\/12\/https___cdn.evbuc_.com_images_53583247_244792558454_1_original-768x384.jpg 768w\" sizes=\"auto, (max-width: 800px) 100vw, 800px\" \/><\/a><\/p>\n<p><strong>OGGI A ROCCA PIETORE FRANCESCA VALENTE<\/strong><\/p>\n<audio class=\"wp-audio-shortcode\" id=\"audio-70338-8\" preload=\"none\" style=\"width: 100%;\" controls=\"controls\"><source type=\"audio\/ogg\" src=\"http:\/\/www.radiopiu.net\/wordpress\/wp-content\/uploads\/2018\/12\/FRAPPY.ogg?_=8\" \/><a href=\"http:\/\/www.radiopiu.net\/wordpress\/wp-content\/uploads\/2018\/12\/FRAPPY.ogg\">http:\/\/www.radiopiu.net\/wordpress\/wp-content\/uploads\/2018\/12\/FRAPPY.ogg<\/a><\/audio>\n<h1><\/h1>\n<p>&nbsp;<\/p>\n<p>&nbsp;<\/p>\n<blockquote><p>&nbsp;<\/p><\/blockquote>\n<p><strong>CANALE D&#8217;AGORDO<\/strong>\u00a0Presso il Museo Albino Luciani di Canale d\u2019Agordo, in occasione dei 60 anni dalla sua ordinazione episcopale, \u00e8 allestita una speciale mostra relativa alla consacrazione episcopale di Albino Luciani, avvenuta il 27 dicembre 1958 per le mani di San Giovanni XXIII. La mostra ripercorrer\u00e0 la nomina del futuro Papa a Vescovo di Vittorio Veneto, con documentazione dell\u2019epoca, in occasione del compimento dei 60 anni dalla sua ordinazione a vescovo<\/p>\n<p>&nbsp;<\/p>\n<p>&nbsp;<\/p>\n<p>&nbsp;<\/p>\n<p>&nbsp;<\/p>\n<h1>SCULTURE E PIATTI TIPICI. DA IERI IL NATALE DI TRICHIANA. ARTE NATALE E&#8217; UN CONCORSO DI SCULTURA TRA ARTISTI LOCALI<\/h1>\n<p><strong>DI DAMIANO TORMEN\u00a0<\/strong><\/p>\n<audio class=\"wp-audio-shortcode\" id=\"audio-70338-9\" preload=\"none\" style=\"width: 100%;\" controls=\"controls\"><source type=\"audio\/ogg\" src=\"http:\/\/www.radiopiu.net\/wordpress\/wp-content\/uploads\/2018\/12\/WhatsApp-Ptt-2018-12-20-at-23.16.36.ogg?_=9\" \/><a href=\"http:\/\/www.radiopiu.net\/wordpress\/wp-content\/uploads\/2018\/12\/WhatsApp-Ptt-2018-12-20-at-23.16.36.ogg\">http:\/\/www.radiopiu.net\/wordpress\/wp-content\/uploads\/2018\/12\/WhatsApp-Ptt-2018-12-20-at-23.16.36.ogg<\/a><\/audio>\n<p>&nbsp;<\/p>\n<p>&nbsp;<\/p>\n<p>&nbsp;<\/p>\n<p>&nbsp;<\/p>\n<h1>MATTEO GRASSI PER 365 GIORNI, IL CALENDARIO DI UN TERRITORIO FERITO DAL 29 OTTOBRE 2018 AL 31 DICEMBRE 2019. CINQUE EURO PER IL CAI DI AGORDO<\/h1>\n<p><a class=\"dt-pswp-item\" href=\"http:\/\/www.radiopiu.net\/wordpress\/wp-content\/uploads\/2018\/12\/WhatsApp-Image-2018-12-18-at-19.37.43.jpeg\" data-dt-img-description=\"\" data-large_image_width=\"986\" data-large_image_height=\"1384\"><img loading=\"lazy\" decoding=\"async\" class=\"alignnone wp-image-69954 size-large\" src=\"http:\/\/www.radiopiu.net\/wordpress\/wp-content\/uploads\/2018\/12\/WhatsApp-Image-2018-12-18-at-19.37.43-730x1024.jpeg\" alt=\"\" width=\"730\" height=\"1024\" srcset=\"https:\/\/www.radiopiu.net\/wordpress\/wp-content\/uploads\/2018\/12\/WhatsApp-Image-2018-12-18-at-19.37.43-730x1024.jpeg 730w, https:\/\/www.radiopiu.net\/wordpress\/wp-content\/uploads\/2018\/12\/WhatsApp-Image-2018-12-18-at-19.37.43-214x300.jpeg 214w, https:\/\/www.radiopiu.net\/wordpress\/wp-content\/uploads\/2018\/12\/WhatsApp-Image-2018-12-18-at-19.37.43-768x1078.jpeg 768w, https:\/\/www.radiopiu.net\/wordpress\/wp-content\/uploads\/2018\/12\/WhatsApp-Image-2018-12-18-at-19.37.43.jpeg 986w\" sizes=\"auto, (max-width: 730px) 100vw, 730px\" \/><\/a><\/p>\n<p><strong>DI CLAUDIO PRA<\/strong><\/p>\n<audio class=\"wp-audio-shortcode\" id=\"audio-70338-10\" preload=\"none\" style=\"width: 100%;\" controls=\"controls\"><source type=\"audio\/mpeg\" src=\"http:\/\/www.radiopiu.net\/wordpress\/wp-content\/uploads\/2018\/12\/claudio-pra.mp3?_=10\" \/><a href=\"http:\/\/www.radiopiu.net\/wordpress\/wp-content\/uploads\/2018\/12\/claudio-pra.mp3\">http:\/\/www.radiopiu.net\/wordpress\/wp-content\/uploads\/2018\/12\/claudio-pra.mp3<\/a><\/audio>\n<p>&nbsp;<\/p>\n<p>&nbsp;<\/p>\n<p>&nbsp;<\/p>\n<p><em><strong>Le comunit\u00e0 del Poi cio\u00e8 Voltago, Frassene,Gosaldo, Tiser e Rivamonte ,troveranno sotto l&#8217;albero un bellissimo regalo realizzato da Matteo Da Ronch con la collaborazione di Don Fabiano Del Favero si tratta di un sito internet ,cliccando www.parrocchiedelpoi.it accederanno a tutto ci\u00f2 che riguarda la vita della comunit\u00e0 \u00e8 ancora in fase di lavorazione ma gi\u00e0 da ora accessibile li troveranno tutte le info dagli orari funzioni ,alle sagre ed eventi paesani ecc e sar\u00e0 aggiornato costantemente<\/strong><\/em><\/p>\n<p>&nbsp;<\/p>\n<p>&nbsp;<\/p>\n<p>&nbsp;<\/p>\n<p>&nbsp;<\/p>\n<p><a class=\"dt-pswp-item\" href=\"http:\/\/www.radiopiu.net\/wordpress\/wp-content\/uploads\/2018\/09\/sport.jpg\" data-dt-img-description=\"\" data-large_image_width=\"800\" data-large_image_height=\"100\"><img loading=\"lazy\" decoding=\"async\" class=\"alignnone wp-image-60761 size-full\" src=\"http:\/\/www.radiopiu.net\/wordpress\/wp-content\/uploads\/2018\/09\/sport.jpg\" alt=\"\" width=\"800\" height=\"100\" srcset=\"https:\/\/www.radiopiu.net\/wordpress\/wp-content\/uploads\/2018\/09\/sport.jpg 800w, https:\/\/www.radiopiu.net\/wordpress\/wp-content\/uploads\/2018\/09\/sport-300x38.jpg 300w, https:\/\/www.radiopiu.net\/wordpress\/wp-content\/uploads\/2018\/09\/sport-768x96.jpg 768w\" sizes=\"auto, (max-width: 800px) 100vw, 800px\" \/><\/a><\/p>\n<p>&nbsp;<\/p>\n<p>&nbsp;<\/p>\n<div dir=\"ltr\">\n<h1><\/h1>\n<h1><\/h1>\n<h1>ALLEGHE IN CASA CONTRO IL BRESSANONE E PRESENTAZIONE DEL CALENDARIO ALLEGHE GIRLS<\/h1>\n<p>Si gioca questa sera alle 20:30 la partita valida per la 17\u00b0 giornata dell&#8217;Italian Hockey League. Alleghe che gioca in casa contro il Bressanone. La squadra di Eskola non vince da pi\u00f9 di 2 mesi e vorr\u00e0 augurare buon Natale ai tifosi agordini con una vittoria che sarebbe fondamentale per il morale. Tra primo e secondo tempo della partita ci sar\u00e0 anche la presentazione del calendario 2019 dell&#8217;Alleghe Girls. Ragazze di Schivo che giocheranno oggi pomeriggio al De Toni di Alleghe dove, alle 16:30, sfideranno il Torino. Settore giovanile impegnato con la under 19 che domenica pomeriggio sar\u00e0 in trasferta e si scontrer\u00e0 con il Cortina\/Pieve alle 18:30. Stasera alle 17 in campo la under 17 del Fassa\/Alleghe che ad Alba di Canazei se la vedr\u00e0 con l&#8217;Aosta. Under 15 in campo domani alle 12 quando in trasferta giocher\u00e0 contro il Gardena. Per concludere con l&#8217;under 13 Alleghe\/Zoldo che oggi alle 16:30 andr\u00e0 a Brunico per affrontare il Valpusteria.<\/p>\n<\/div>\n<p>&nbsp;<\/p>\n<p>&nbsp;<\/p>\n<p>&nbsp;<\/p>\n<h1><a class=\"dt-pswp-item\" href=\"http:\/\/www.radiopiu.net\/wordpress\/wp-content\/uploads\/2018\/12\/a64d84ce-f8af-4804-8633-1dbeac9d1470.jpg\" data-dt-img-description=\"\" data-large_image_width=\"690\" data-large_image_height=\"1024\"><img loading=\"lazy\" decoding=\"async\" class=\" wp-image-69321 alignleft\" src=\"http:\/\/www.radiopiu.net\/wordpress\/wp-content\/uploads\/2018\/12\/a64d84ce-f8af-4804-8633-1dbeac9d1470-202x300.jpg\" alt=\"\" width=\"143\" height=\"212\" srcset=\"https:\/\/www.radiopiu.net\/wordpress\/wp-content\/uploads\/2018\/12\/a64d84ce-f8af-4804-8633-1dbeac9d1470-202x300.jpg 202w, https:\/\/www.radiopiu.net\/wordpress\/wp-content\/uploads\/2018\/12\/a64d84ce-f8af-4804-8633-1dbeac9d1470.jpg 690w\" sizes=\"auto, (max-width: 143px) 100vw, 143px\" \/><\/a>\u00a0 QUESTA SERA, STADIO DEL GHIACCIO DI ALLEGHE. LE RAGAZZE PRESENTANO IL SEXY CALENDARIO.<\/h1>\n<p>&nbsp;<\/p>\n<p>&nbsp;<\/p>\n<p>&nbsp;<\/p>\n<p><strong>INVITO<\/strong><\/p>\n<p>&nbsp;<\/p>\n<blockquote lang=\"it-IT\"><audio class=\"wp-audio-shortcode\" id=\"audio-70338-11\" preload=\"none\" style=\"width: 100%;\" controls=\"controls\"><source type=\"audio\/ogg\" src=\"http:\/\/www.radiopiu.net\/wordpress\/wp-content\/uploads\/2018\/12\/HOCKEY-GIRL.ogg?_=11\" \/><a href=\"http:\/\/www.radiopiu.net\/wordpress\/wp-content\/uploads\/2018\/12\/HOCKEY-GIRL.ogg\">http:\/\/www.radiopiu.net\/wordpress\/wp-content\/uploads\/2018\/12\/HOCKEY-GIRL.ogg<\/a><\/audio>\n<p>&nbsp;<\/p>\n<p>&nbsp;<\/p><\/blockquote>\n<h1><\/h1>\n<p>&nbsp;<\/p>\n<p>&nbsp;<\/p>\n<p>&nbsp;<\/p>\n<p>&nbsp;<\/p>\n<p><a class=\"dt-pswp-item\" href=\"http:\/\/www.radiopiu.net\/wordpress\/wp-content\/uploads\/2018\/09\/WhatsApp-Image-2018-09-20-at-16.04.06.jpeg\" data-dt-img-description=\"\" data-large_image_width=\"800\" data-large_image_height=\"100\"><img loading=\"lazy\" decoding=\"async\" class=\"alignnone wp-image-61378 size-full\" src=\"http:\/\/www.radiopiu.net\/wordpress\/wp-content\/uploads\/2018\/09\/WhatsApp-Image-2018-09-20-at-16.04.06.jpeg\" alt=\"\" width=\"800\" height=\"100\" srcset=\"https:\/\/www.radiopiu.net\/wordpress\/wp-content\/uploads\/2018\/09\/WhatsApp-Image-2018-09-20-at-16.04.06.jpeg 800w, https:\/\/www.radiopiu.net\/wordpress\/wp-content\/uploads\/2018\/09\/WhatsApp-Image-2018-09-20-at-16.04.06-300x38.jpeg 300w, https:\/\/www.radiopiu.net\/wordpress\/wp-content\/uploads\/2018\/09\/WhatsApp-Image-2018-09-20-at-16.04.06-768x96.jpeg 768w\" sizes=\"auto, (max-width: 800px) 100vw, 800px\" \/><\/a><\/p>\n<h1>DA OGGI A MARTEDI<\/h1>\n<div><strong>Sabato 22<\/strong><br \/>\nTempo atteso: In prevalenza soleggiato con nubi alte e sottili, a tratti estese,soprattutto al mattino. L&#8217;insidia nubi basse sar\u00e0 minore nel catino bellunese e se dovessero essere presenti, sarebbero solo mattutine. In quota clima ventoso e assai pi\u00f9 mite. Inversione termica notturna nelle valli.<br \/>\nPrecipitazioni: Assenti (0%)<br \/>\nTemperature: In aumento, pi\u00f9 avvertito in quota, dove i valori saranno 3\/4\u00b0C superiori alla norma. I minimi saranno osservati alla sera sia in quota che nelle valli. I massimi toccheranno i 7\/8\u00b0C nelle valli prealpine e i 4\/6\u00b0C a 1000\/1200 m, localmente fino a 7\/9\u00b0C nei settori interessati dal Foehn. Su Prealpi a 1500 m min 4\u00b0C max 6\u00b0C, a 2000 m min 0\u00b0C max 4\u00b0C. Su Dolomiti a 2000 m min -3\u00b0C max 2\u00b0C, a 3000 m min -6\u00b0C max -2\u00b0C.<br \/>\nVenti: Nelle valli deboli\/moderati con rinforzi per episodi di Foehn in alcuni settori, specie dolomitici; in quota tesi o forti da Ovest Nord-Ovest, a tratti molto forti sulle vette dolomitiche pi\u00f9 alte, 20-50 km\/h a 2000 m, 50-80 km\/h a 3000 m, con raffiche fino a 100\/110 km\/h.<br \/>\n<strong>Domenica 23<\/strong><br \/>\nTempo atteso: Sole e cielo sereno, salvo qualche sottile e passeggera velatura. Al pomeriggio graduale aumento della nuvolosit\u00e0 alta, senza togliere l&#8217;impressione di tempo buono. A fine giornata annuvolamenti un po&#8217; pi\u00f9 consistenti sui settori settentrionali. Clima ancora piuttosto mite per la stagione, specie in quota, mentre vi sar\u00e0 inversione termica nelle valli durante le ore notturne.<br \/>\nPrecipitazioni: Assenti (0%)<br \/>\nTemperature: In leggera diminuzione rispetto a sabato con valori ancora superiori alla media, specie in quota. Maggiore inversione termica notturna nelle valli, assieme a gelate pi\u00f9 intense. Su Prealpi a 1500 m min 1\u00b0C max 4\u00b0C, a 2000 m min -2\u00b0C max 1\u00b0C. Su Dolomiti a 2000 m min -3\u00b0C max 1\u00b0C, a 3000 m min -7\u00b0C max -4\u00b0C.<br \/>\nVenti: Nelle valli deboli variabili, salvo rinforzi di Foehn in qualche valle in serata, in quota moderati\/tesi da Ovest Nord-Ovest al mattino, in rinforzo fino a tesi sui 2200\/2600 m, anche forti sulle vette dolomitiche pi\u00f9 alte, 15-30 km\/h a 2000 m, 35-65 km\/h a 3000 m, con raffiche fino a 80\/90 km\/h.<br \/>\n<strong>Lunedi 24<\/strong><br \/>\nNella notte e al mattino sulle Dolomiti cielo irregolarmente nuvoloso, con deboli burrasche di neve fino sui 1500\/1600 m. Altrove in prevalenza soleggiato o poco nuvoloso. Nel pomeriggio-sera ampi rasserenamenti ovunque. Temperature in generale contenuto calo, con minime alla sera. Venti ancora tesi\/forti da Nord-Ovest, anche molto forti a 3000 m.<br \/>\n<strong>Martedi 25<\/strong><br \/>\nStupenda giornata di Natale con sole, aria tersa ed ottima visibilit\u00e0. Temperature in diminuzione e venti deboli\/moderati da Nord in quota, deboli di direzione variabile nelle valli. Previsore: R.L.Th.<\/div>\n<div><\/div>\n<div><\/div>\n<p>&nbsp;<\/p>\n<p>&nbsp;<\/p>\n<p>&nbsp;<\/p>\n<h1>GLI SPECIALI DI RADIO PIU<\/h1>\n<p><a class=\"dt-pswp-item\" href=\"http:\/\/www.radiopiu.net\/wordpress\/wp-content\/uploads\/2018\/09\/download-11.jpg\" data-dt-img-description=\"\" data-large_image_width=\"278\" data-large_image_height=\"181\"><img loading=\"lazy\" decoding=\"async\" class=\"alignnone wp-image-61629\" src=\"http:\/\/www.radiopiu.net\/wordpress\/wp-content\/uploads\/2018\/09\/download-11.jpg\" alt=\"\" width=\"366\" height=\"238\" \/><\/a><\/p>\n<div class=\"page-title-head hgroup\">\n<h1 class=\"entry-title\">\u201cNADAL INTE I TABIEI\u201d,\u00a0 2^EDIZIONE \u2013 AUDIO \u2013<\/h1>\n<\/div>\n<div class=\"page-title-breadcrumbs\">http:\/\/www.radiopiu.net\/wordpress\/nadal-inte-i-tabiei-2edizione-audio\/<\/div>\n<div><\/div>\n<div><\/div>\n<div>\n<h1>GLI SPECIALI DI RADIO PIU<\/h1>\n<p><a class=\"dt-pswp-item\" href=\"http:\/\/www.radiopiu.net\/wordpress\/wp-content\/uploads\/2018\/09\/banner-speciali-1.png\" data-dt-img-description=\"\" data-large_image_width=\"250\" data-large_image_height=\"175\"><img loading=\"lazy\" decoding=\"async\" class=\"alignnone wp-image-59743\" src=\"http:\/\/www.radiopiu.net\/wordpress\/wp-content\/uploads\/2018\/09\/banner-speciali-1.png\" alt=\"\" width=\"369\" height=\"258\" \/><\/a><\/p>\n<div class=\"page-title-head hgroup\">\n<h1 class=\"entry-title\">IL MARCHIO PEDAVENA NELL\u2019AGORDINO, NELLA TERRA DOVE E\u2019 NATA LA PRIMA BIRRERIA<\/h1>\n<\/div>\n<div class=\"page-title-breadcrumbs\">http:\/\/www.radiopiu.net\/wordpress\/il-marchio-pedavena-nellagordino-nella-terra-dove-e-nata-la-prima-birreria\/<\/div>\n<\/div>\n<div><\/div>\n<div><\/div>\n<div><\/div>\n<div>\n<h1>GLI SPECIALI DI RADIO PIU<\/h1>\n<\/div>\n<div><a class=\"dt-pswp-item\" href=\"http:\/\/www.radiopiu.net\/wordpress\/wp-content\/uploads\/2018\/10\/speciali.jpg\" data-dt-img-description=\"\" data-large_image_width=\"520\" data-large_image_height=\"100\"><img loading=\"lazy\" decoding=\"async\" class=\"alignnone wp-image-63296\" src=\"http:\/\/www.radiopiu.net\/wordpress\/wp-content\/uploads\/2018\/10\/speciali-300x58.jpg\" alt=\"\" width=\"378\" height=\"73\" srcset=\"https:\/\/www.radiopiu.net\/wordpress\/wp-content\/uploads\/2018\/10\/speciali-300x58.jpg 300w, https:\/\/www.radiopiu.net\/wordpress\/wp-content\/uploads\/2018\/10\/speciali.jpg 520w\" sizes=\"auto, (max-width: 378px) 100vw, 378px\" \/><\/a><\/div>\n<div><\/div>\n<div>\n<h1 class=\"entry-title\">GLI SPECIALI DI RADIO PIU. MAX TOSI<\/h1>\n<\/div>\n<div><\/div>\n<div>\n<blockquote class=\"wp-embedded-content\" data-secret=\"ULjyyYOnlq\"><p><a href=\"http:\/\/www.radiopiu.net\/wordpress\/gli-speciali-di-radio-piu-max-tosi\/\">GLI SPECIALI DI RADIO PIU. MAX TOSI<\/a><\/p><\/blockquote>\n<p><iframe loading=\"lazy\" class=\"wp-embedded-content\" sandbox=\"allow-scripts\" security=\"restricted\" style=\"position: absolute; clip: rect(1px, 1px, 1px, 1px);\" src=\"http:\/\/www.radiopiu.net\/wordpress\/gli-speciali-di-radio-piu-max-tosi\/embed\/#?secret=ULjyyYOnlq\" data-secret=\"ULjyyYOnlq\" width=\"600\" height=\"338\" title=\"&#8220;GLI SPECIALI DI RADIO PIU. MAX TOSI&#8221; &#8212; Radio Pi\u00f9\" frameborder=\"0\" marginwidth=\"0\" marginheight=\"0\" scrolling=\"no\"><\/iframe><\/p>\n<h1>GLI SPECIALI DI RADIO PIU<\/h1>\n<p><a class=\"dt-pswp-item\" href=\"http:\/\/www.radiopiu.net\/wordpress\/wp-content\/uploads\/2018\/09\/download-11.jpg\" data-dt-img-description=\"\" data-large_image_width=\"278\" data-large_image_height=\"181\"><img loading=\"lazy\" decoding=\"async\" class=\"alignnone wp-image-61629\" src=\"http:\/\/www.radiopiu.net\/wordpress\/wp-content\/uploads\/2018\/09\/download-11.jpg\" alt=\"\" width=\"366\" height=\"238\" \/><\/a><\/p>\n<\/div>\n<div class=\"page-title-head hgroup\">\n<h1 class=\"entry-title\">LIBRO FOTOGRAFICO DI BRUNO BRESSAN, INTERVISTA ALL\u2019AUTORE ED ALL\u2019EDITORE MARIO ZANETTI<\/h1>\n<\/div>\n<p>&nbsp;<\/p>\n<blockquote class=\"wp-embedded-content\" data-secret=\"TKyZZTSAPu\"><p><a href=\"http:\/\/www.radiopiu.net\/wordpress\/il-nuovo-libro-fotografico-di-bruno-bressan-intervista-allautore-ed-alleditore-mario-zanetti\/\">IL NUOVO LIBRO FOTOGRAFICO DI BRUNO BRESSAN, INTERVISTA ALL&#8217;AUTORE ED ALL&#8217;EDITORE MARIO ZANETTI<\/a><\/p><\/blockquote>\n<p><iframe loading=\"lazy\" class=\"wp-embedded-content\" sandbox=\"allow-scripts\" security=\"restricted\" style=\"position: absolute; clip: rect(1px, 1px, 1px, 1px);\" src=\"http:\/\/www.radiopiu.net\/wordpress\/il-nuovo-libro-fotografico-di-bruno-bressan-intervista-allautore-ed-alleditore-mario-zanetti\/embed\/#?secret=TKyZZTSAPu\" data-secret=\"TKyZZTSAPu\" width=\"600\" height=\"338\" title=\"&#8220;IL NUOVO LIBRO FOTOGRAFICO DI BRUNO BRESSAN, INTERVISTA ALL&#8217;AUTORE ED ALL&#8217;EDITORE MARIO ZANETTI&#8221; &#8212; Radio Pi\u00f9\" frameborder=\"0\" marginwidth=\"0\" marginheight=\"0\" scrolling=\"no\"><\/iframe><\/p>\n<p>&nbsp;<\/p>\n<p>&nbsp;<\/p>\n<div><\/div>\n<div>\n<p>&nbsp;<\/p>\n<\/div>\n","protected":false},"excerpt":{"rendered":"<p>&#8211;\u00a0Gestione Servizi Pubblici informa che \u00e8 di nuovo potabile ed utilizzabile per scopi alimentari l&#8217;acqua erogata dalla rete idrica\u00a0di Livinallongo, nelle localit\u00e0 Ruaz, Al Fauro, Pezzei e Crepaz;\u00a0 Rocca Pietore, in tutto il comune tranne Saviner di Calloneghe, Caracoi Cimai e Moe\u2019 di Laste; San Tomaso Agordino, in tutto il comune tranne Avoscan e Ronch;&hellip;<\/p>\n","protected":false},"author":1,"featured_media":70355,"comment_status":"closed","ping_status":"closed","sticky":false,"template":"","format":"standard","meta":{"_monsterinsights_skip_tracking":false,"_monsterinsights_sitenote_active":false,"_monsterinsights_sitenote_note":"","_monsterinsights_sitenote_category":0,"footnotes":""},"categories":[86],"tags":[],"class_list":["post-70338","post","type-post","status-publish","format-standard","has-post-thumbnail","hentry","category-gr","category-86","description-off"],"img_url":"https:\/\/www.radiopiu.net\/wordpress\/wp-content\/uploads\/2018\/12\/DSC01244.jpg","_links":{"self":[{"href":"https:\/\/www.radiopiu.net\/wordpress\/wp-json\/wp\/v2\/posts\/70338","targetHints":{"allow":["GET"]}}],"collection":[{"href":"https:\/\/www.radiopiu.net\/wordpress\/wp-json\/wp\/v2\/posts"}],"about":[{"href":"https:\/\/www.radiopiu.net\/wordpress\/wp-json\/wp\/v2\/types\/post"}],"author":[{"embeddable":true,"href":"https:\/\/www.radiopiu.net\/wordpress\/wp-json\/wp\/v2\/users\/1"}],"replies":[{"embeddable":true,"href":"https:\/\/www.radiopiu.net\/wordpress\/wp-json\/wp\/v2\/comments?post=70338"}],"version-history":[{"count":0,"href":"https:\/\/www.radiopiu.net\/wordpress\/wp-json\/wp\/v2\/posts\/70338\/revisions"}],"wp:featuredmedia":[{"embeddable":true,"href":"https:\/\/www.radiopiu.net\/wordpress\/wp-json\/wp\/v2\/media\/70355"}],"wp:attachment":[{"href":"https:\/\/www.radiopiu.net\/wordpress\/wp-json\/wp\/v2\/media?parent=70338"}],"wp:term":[{"taxonomy":"category","embeddable":true,"href":"https:\/\/www.radiopiu.net\/wordpress\/wp-json\/wp\/v2\/categories?post=70338"},{"taxonomy":"post_tag","embeddable":true,"href":"https:\/\/www.radiopiu.net\/wordpress\/wp-json\/wp\/v2\/tags?post=70338"}],"curies":[{"name":"wp","href":"https:\/\/api.w.org\/{rel}","templated":true}]}}