{"id":70365,"date":"2018-12-21T17:04:48","date_gmt":"2018-12-21T16:04:48","guid":{"rendered":"http:\/\/www.radiopiu.net\/wordpress\/?p=70365"},"modified":"2018-12-21T17:04:48","modified_gmt":"2018-12-21T16:04:48","slug":"donazione-franzoia-nasci","status":"publish","type":"post","link":"https:\/\/www.radiopiu.net\/wordpress\/donazione-franzoia-nasci\/","title":{"rendered":"DONAZIONE FRANZOIA-NASCI\u00a0"},"content":{"rendered":"<h1><\/h1>\n<blockquote><p><em>Donazione Franzoia-Nasci: alla Galleria \u201cRizzarda\u201d un tesoro di vetri d&#8217;arte che ridisegner\u00e0 la geografia del museo.<\/em><\/p><\/blockquote>\n<p><a class=\"dt-pswp-item\" href=\"http:\/\/www.radiopiu.net\/wordpress\/wp-content\/uploads\/2018\/12\/Donazione-Franzoia-5.jpg\" data-dt-img-description=\"\" data-large_image_width=\"5312\" data-large_image_height=\"2988\"><img loading=\"lazy\" decoding=\"async\" class=\"size-medium wp-image-70362 alignleft\" src=\"http:\/\/www.radiopiu.net\/wordpress\/wp-content\/uploads\/2018\/12\/Donazione-Franzoia-5-300x169.jpg\" alt=\"\" width=\"300\" height=\"169\" srcset=\"https:\/\/www.radiopiu.net\/wordpress\/wp-content\/uploads\/2018\/12\/Donazione-Franzoia-5-300x169.jpg 300w, https:\/\/www.radiopiu.net\/wordpress\/wp-content\/uploads\/2018\/12\/Donazione-Franzoia-5-768x432.jpg 768w, https:\/\/www.radiopiu.net\/wordpress\/wp-content\/uploads\/2018\/12\/Donazione-Franzoia-5-1024x576.jpg 1024w\" sizes=\"auto, (max-width: 300px) 100vw, 300px\" \/><\/a>32 opere di Carlo Scarpa, 120 di Vittorio Zecchin. E poi Zuccheri, Bianconi, nomi che hanno fatto la storia del vetro d&#8217;arte del secolo scorso a livello italiano e non solo. Sono circa 800, in totale, i pezzi della collezione privata Nasci-Franzoia donati quest&#8217;oggi dall&#8217;architetto Ferruccio Franzoia ala Comune di Feltre e che troveranno collocazione alla Galleria d&#8217;Arte Moderna \u201cCarlo Rizzarda\u201d.<br \/>\n\u201cE&#8217; una giornata storica, ha commentato durante la conferenza stampa di presentazione,<strong> il sindaco di Feltre Paolo Perenzin;<\/strong> non posso che ringraziare l&#8217;architetto Franzoia per il gesto di grande generosit\u00e0, oltre che di sensibilit\u00e0 culturale, che con questa donazione esprime a favore di tutta al citt\u00e0 di Feltre.\u201d<br \/>\n<strong>L&#8217;ASSESSORE ALLA CULTURA ALESSANDRO DAL BIANCO<\/strong><\/p>\n<audio class=\"wp-audio-shortcode\" id=\"audio-70365-1\" preload=\"none\" style=\"width: 100%;\" controls=\"controls\"><source type=\"audio\/mpeg\" src=\"http:\/\/www.radiopiu.net\/wordpress\/wp-content\/uploads\/2018\/12\/DAL-BIANCO.mp3?_=1\" \/><a href=\"http:\/\/www.radiopiu.net\/wordpress\/wp-content\/uploads\/2018\/12\/DAL-BIANCO.mp3\">http:\/\/www.radiopiu.net\/wordpress\/wp-content\/uploads\/2018\/12\/DAL-BIANCO.mp3<\/a><\/audio>\n<blockquote><p>\n\u201cIl nuovo allestimento, quanto mai pertinente con i ferri battuti di Carlo Rizzarda, ridisegner\u00e0 la geografia del museo, dando un respiro nuovo alla struttura ed accrescendone ulteriormente l&#8217;interesse artistico e scientifico ben oltre i confini regionali\u201d, <strong>il commento della conservatrice dei musei cittadini Tiziana Casagrande.\u00a0<\/strong> E&#8217; toccato poi allo stesso Ferruccio Franzoia ripercorrere i passaggi salienti della nascita e dello sviluppo della collezione; un amore per il bello tutto concentrato nell&#8217;intervallo di tempo tra le due guerre mondiali, \u201cl&#8217;epoca della rinascita delle arti decorative, e del vetro in particolare\u201d, <strong>ha sottolineato Franzoia,<\/strong> che con Scarpa ha avuto anche una lunga frequentazione personale, oltre che professionale. \u201cAl museo Rizzarda, ha aggiunto l&#8217;architetto feltrino, mi unisce anche un legame familiare: Carlo Rizzarda era fratello di mia nonna e vedere ora i vetri della nostra collezione privata riunirsi ai suoi ferri battuti \u00e8 per me motivo di grande gioia ed orgoglio\u201d. Ferruccio Franzoia curer\u00e0 ora anche l&#8217;allestimento della nuova sezione museale dedicata i vetri d&#8217;arte, che occuper\u00e0 l&#8217;intero ultimo piano della struttura di via Paradiso. Alle viste, a margine del progetto, vi \u00e8 anche al redazione di due cataloghi scientifici, uno per il ferro battuto e uno \u2013 appunto \u2013 per i vetri, che contribuiranno a fare sempre pi\u00f9 della Galleria \u201cRizzarda\u201d e dei suoi preziosi contenuti, un riferimento artistico di livello nazionale ed internazionale. Il valore economico della collezione Nasci-Franzoia donata quest&#8217;oggi al Comune di Feltre \u00e8 stimata in circa 1 milione e mezzo di euro.<\/p><\/blockquote>\n<p>&nbsp;<\/p>\n<p>&nbsp;<\/p>\n","protected":false},"excerpt":{"rendered":"<p>Donazione Franzoia-Nasci: alla Galleria \u201cRizzarda\u201d un tesoro di vetri d&#8217;arte che ridisegner\u00e0 la geografia del museo. 32 opere di Carlo Scarpa, 120 di Vittorio Zecchin. E poi Zuccheri, Bianconi, nomi che hanno fatto la storia del vetro d&#8217;arte del secolo scorso a livello italiano e non solo. Sono circa 800, in totale, i pezzi della&hellip;<\/p>\n","protected":false},"author":1,"featured_media":70362,"comment_status":"closed","ping_status":"closed","sticky":false,"template":"","format":"standard","meta":{"_monsterinsights_skip_tracking":false,"_monsterinsights_sitenote_active":false,"_monsterinsights_sitenote_note":"","_monsterinsights_sitenote_category":0,"footnotes":""},"categories":[49],"tags":[],"class_list":["post-70365","post","type-post","status-publish","format-standard","has-post-thumbnail","hentry","category-news-18","category-49","description-off"],"img_url":"https:\/\/www.radiopiu.net\/wordpress\/wp-content\/uploads\/2018\/12\/Donazione-Franzoia-5.jpg","_links":{"self":[{"href":"https:\/\/www.radiopiu.net\/wordpress\/wp-json\/wp\/v2\/posts\/70365","targetHints":{"allow":["GET"]}}],"collection":[{"href":"https:\/\/www.radiopiu.net\/wordpress\/wp-json\/wp\/v2\/posts"}],"about":[{"href":"https:\/\/www.radiopiu.net\/wordpress\/wp-json\/wp\/v2\/types\/post"}],"author":[{"embeddable":true,"href":"https:\/\/www.radiopiu.net\/wordpress\/wp-json\/wp\/v2\/users\/1"}],"replies":[{"embeddable":true,"href":"https:\/\/www.radiopiu.net\/wordpress\/wp-json\/wp\/v2\/comments?post=70365"}],"version-history":[{"count":0,"href":"https:\/\/www.radiopiu.net\/wordpress\/wp-json\/wp\/v2\/posts\/70365\/revisions"}],"wp:featuredmedia":[{"embeddable":true,"href":"https:\/\/www.radiopiu.net\/wordpress\/wp-json\/wp\/v2\/media\/70362"}],"wp:attachment":[{"href":"https:\/\/www.radiopiu.net\/wordpress\/wp-json\/wp\/v2\/media?parent=70365"}],"wp:term":[{"taxonomy":"category","embeddable":true,"href":"https:\/\/www.radiopiu.net\/wordpress\/wp-json\/wp\/v2\/categories?post=70365"},{"taxonomy":"post_tag","embeddable":true,"href":"https:\/\/www.radiopiu.net\/wordpress\/wp-json\/wp\/v2\/tags?post=70365"}],"curies":[{"name":"wp","href":"https:\/\/api.w.org\/{rel}","templated":true}]}}