{"id":70413,"date":"2018-12-22T07:26:45","date_gmt":"2018-12-22T06:26:45","guid":{"rendered":"http:\/\/www.radiopiu.net\/wordpress\/?p=70413"},"modified":"2018-12-22T20:00:35","modified_gmt":"2018-12-22T19:00:35","slug":"210-anni-fa-a-pescul-di-selva-la-nascita-di-natale-talamini-di-renato-bona","status":"publish","type":"post","link":"https:\/\/www.radiopiu.net\/wordpress\/210-anni-fa-a-pescul-di-selva-la-nascita-di-natale-talamini-di-renato-bona\/","title":{"rendered":"210 ANNI FA A PESCUL DI SELVA LA NASCITA DI NATALE TALAMINI DI RENATO BONA"},"content":{"rendered":"<p>Il 25 dicembre 1808, la domenica di duecentodieci anni fa, nasceva a Pescul di Selva di Cadore, in provincia di Belluno, da famiglia originaria di Zopp\u00e8 di Cadore, Natale Talamini che sarebbe divenuto insegnante di scuole superiori, ecclesiastico, poeta, scrittore. Il 6 aprile 1876 nella casa natale di Pescul, tra il compianto del Cadore, cristianamente moriva ed il 10 aprile veniva tumulato nel camposanto dei padri l\u00e0 dove una lapide dice tuttora: \u201cQui riposa a fianco dei suoi cari Natale Talamini e l\u2019ossa fremono amor di Patria\u201d con l\u2019ultima riga che era usata ai tempi di Napoleone dal poeta Ugo Foscolo nel carme \u201cI Sepolcri\u201d. Sulla scorta di \u201cSelva di Cadore. Notizie storiche\u201d il prezioso ed ormai quasi introvabile libro finito di stampare il 15 novembre 1943 (ristampato nel 1983) coi tipi della Tipografia editrice Trevigiana, autori G.M. Longiar\u00f9 e L. Nicolai, annotiamo che Natale entra nel seminario di Udine nel 1824; nel 1832 celebra la prima messa nel villaggio nativo e nei due anni seguenti insegna lingue orientali nel seminario udinese. Licenziato dal seminario il 16 ottobre 1838, dopo tre anni di tirocinio e relativi esami, \u00e8 nominato professore alla cattedra di umanit\u00e0 nell\u2019I.R. Ginnasio di S. Procolo a Venezia dove insegn\u00f2 fino al 1849. Ancora da Longiar\u00f9-Nicolai: \u201c\u2026Negli ultimi anni del suo insegnamento si maturavano in Italia grandi cose. Nel \u201946 viene eletto papa Pio IX, il \u201947 \u00e8 l\u2019anno delle riforme, il \u201948 \u00e8 l\u2019anno della riscossa. A Venezia viene costituito il governo provvisorio, Don Natale non dimentica il suo Cadore e dallo stesso governo ottiene che a Pieve fossero inviate armi e, al 17 aprile, un capitano. Quel capitano fu P.F. Calvi\u201d. Riferito delle vicende eroiche della lotta di liberazione e dell\u2019atteggiamento del clero (\u201cfu di moda per troppi anni incolpare il clero di servilismo allo straniero e di antipatriottismo. E i gonzi ci cedettero\u201d) i due autori non trascurano di riferire che \u201cCaduta Venezia, Don Natale torn\u00f2 al paesello nativo e si chiuse in un silenzio che significava lutto. La polizia per\u00f2 non lo dimenticava e lo perseguit\u00f2 per due anni; finalmente lo arrest\u00f2 a Pescul l\u2019agosto del 1851 \u2026 Dalle carceri di S. Severo di Venezia nel gennaio 1852 pass\u00f2 nella fortezza di Legnago e vi rest\u00f2 fino al maggio \u201953, Poi fu condotto a Palmanova dove giacque altri nove mesi: in tutto trenta mesi di durissima prigionia che gli fiacc\u00f2 il fisico e gli indebol\u00ec il vigore mentale. Nel\u201954 il poeta usciva dal carcere e si ritirava a Borca di Cadore a fare da padre ed educatore ai figli del fratello Santo, morto l\u2019anno prima. Finalmente tempi migliori. Il 24 luglio 1866 mentre gli austriaci abbandonavano col Veneto anche il Cadore, il Municipio di Pieve inviava a tutti i Comuni del Cadore una circolare, nella quale si invitavano autorit\u00e0 e rappresentanze a un\u2019adunata storica. Tocc\u00f2 proprio a don Natale \u201cpronunciare un discorso pregno di amor patrio e di entusiasmo\u201d nel quale fra l\u2019altro sottolineava che \u201ci figli del Cadore dall\u2019epoca del 1796 al 1866 cio\u00e8 dopo 70 anni di servaggio straniero salutano novellamente la bandiera della nazionale indipendenza e si raccolgono ancora fra queste mura per formare un corpo e una famiglia sola\u2026 Guardiamo il passato, misuriamo il presente e prepariamo l\u2019avvenire. La fedelt\u00e0 fu sempre la divisa del cadorino e piuttosto che mancare di fede, anteposero i padri nostri di abbandonare al saccheggio ed all\u2019incendio le proprie case, ricoverandosi per anni fra le foreste ed i burroni e fu appunto per la eroica fedelt\u00e0 loro che Venezia inscrisse nel libro d\u2019oro i poveri abitanti del Cadore; la fedelt\u00e0 dunque patrimonio dei padri nostri, sia la nostra divisa per meritarci un nome e sorti migliori. Sul vertice pertanto delle Alpi innalziamo la bandiera nazionale, scriviamo sulla medesima: Fedelt\u00e0 ed Unione\u2026\u201d. In questa rivisitazione della figura di don Natale Talamini non possiamo non richiamare l\u2019articolo, decisamente controtendenza, di don Floriano Pellegrini che il 2 agosto 2014 scriveva: Come poeta aveva quelle particolari doti che attirano le simpatie del popolo minuto e spiccio di parole; come patriota italico, sbandierava il sogno della libert\u00e0 sotto la corona dei Savoia, senza accorgersi di coltivare il peggior fungo velenoso alle libert\u00e0 e alle indipendenze dei Popoli italici, che fosse mai sorto sulla penisola; come sacerdote (che per lui doveva essere il pi\u00f9) lo si ricorda solo perch\u00e9, tracciandone un profilo biografico, non si pu\u00f2 farne a meno. Quale altoparlante in Cadore degli slogan di Casa Savoja &amp; C., Don Natale venne eletto deputato. Allora, dal sogno pass\u00f2 alla realt\u00e0. E si trov\u00f2 ad essere espulso dalla Camera dei deputati che aveva sognato. La goccia che fece perdere la pazienza al Talamini fu il dover ammettere (forse prima a s\u00e9 stesso che agli altri) ch\u2019era stato gabbato ben bene, sicch\u00e9, al termine d\u2019un suo discorso alla Camera, novello Savonarola, parl\u00f2 chiaro e tondo: \u00abQuesto devo dirvi: date al popolo pi\u00f9 pane e a lor signori meno puttane\u00bb. E la Massoneria italiana lo espulse da quel suo tempio laico, talmente laico da non essere dichiarato a suo tempio! Sia quel che sia, il suo discorso del pane rubato dallo Stato alla mensa dei poveri e di certe, dubbie intimit\u00e0 con salvacondotto parlamentare, potrebbe essere ripetuto oggi\u201d.\u00a0Concludiamo con una citazione dello storico Antonio Ronzon che di Talamini ha scritto: \u201c\u2026 Lott\u00f2 e vinse sempre per il bene di tutti, per il grande principio dell\u2019unit\u00e0, colla fede d\u2019un martire, colla virt\u00f9 di un giusto, coll\u2019onest\u00e0 e col disinteresse del pi\u00f9 grande gentiluomo che abbia mai visto l\u2019Antelao\u201d. Ed una di Piero Cocconi che richiama il testo della targa che Borca di Cadore ha dedicato a Talamini: \u201cDon Natale Talamini intemerato sacerdote di Dio, della Patria, storico sagace della Comunit\u00e0 Cadorina, estremo difensore, poeta, maestro insigne, per affrettare i destini d\u2019Italia pat\u00ec persecuzione e carcere 1808-1876. Il Comune di Borca vuole che nell\u2019Italia vittoriosa duri con le memorie l\u2019esempio\u201d, NELLE FOTO (riproduzioni da \u201cBreve storia del Cadore\u201d di Giovanni Fabbiani, tipografia Piave Belluno 1977, e da \u201cSelva di Cadore. Notizie storiche\u201d di G.M. Longiar\u00f9 e L. Nicolai, disegni S. Delneri, Tipografia Editrice trevigiana 1943): il prof. don Natale Talamini; il primo deputato eletto per il Cadore in un dipinto della met\u00e0 dell\u2019800; copertina e pagine del libro su Selva. Al centro della panoramica la casa natale di Talamini; lavori di Ronzon; la targa di Borca e dalla personale raccolta di Elio Monico la foto-ricordo del cinquantenario della morte di don Natale Talamini nel 1926. In prima fila seduti, da sinistra, si riconoscono Costantino Chizzolin (Tino Monek), Ettore Buogo Ziger, Amedeo Lorenzini. Fra gli altri si notano Attilio Cazzetta, Vittorio Lorenzini, Romolo Del Zenero. Le celebrazioni furono solenni in tutto il Cadore: nelle chiese cadorine si ricord\u00f2 Don Talamini il 6 aprile, mentre il 6 luglio successivo si tenne a Santa Fosca, con discorsi e rappresentanze, la solenne cerimonia civile. La Magnifica Comunit\u00e0 di Cadore provvide anche a collocare un busto di don Natale nel Palazzo della Comunit\u00e0 a Pieve di Cadore.<\/p>\n<div class=\"_4tdt _ua1\">\n<div class=\"_ua2\">\n<div class=\"_4tdv\">\n<div class=\"_5wd4 _1nc7\">\n<div class=\"._1dlq _h8t\">\n<div class=\"_5wd9 direction_ltr clearfix\">\n<div class=\"_1e-x _n4o\">\n<div class=\"_3_bl\">\n<div class=\"_5w1r _3_om _5wdf\">\n<div class=\"_4gx_\">\n<div class=\"_1aa6\"><span class=\"_5yl5\">NELLE FOTO (riproduzioni da \u201cBreve storia del Cadore\u201d di Giovanni Fabbiani, tipografia Piave Belluno 1977, e da \u201cSelva di Cadore. Notizie storiche\u201d di G.M. Longiar\u00f9 e L. Nicolai, disegni S. Delneri, Tipografia Editrice trevigiana 1943): il prof. don Natale Talamini; il primo deputato eletto per il Cadore in un dipinto della met\u00e0 dell\u2019800; copertina e pagine del libro su Selva.<\/span><\/div>\n<div>\n\n\t\t\t<style type='text\/css'>\n\t\t\t\t#gallery-1 {\n\t\t\t\t\tmargin: auto;\n\t\t\t\t}\n\t\t\t\t#gallery-1 .gallery-item {\n\t\t\t\t\tfloat: left;\n\t\t\t\t\tmargin-top: 10px;\n\t\t\t\t\ttext-align: center;\n\t\t\t\t\twidth: 33%;\n\t\t\t\t}\n\t\t\t\t#gallery-1 img {\n\t\t\t\t\tborder: 2px solid #cfcfcf;\n\t\t\t\t}\n\t\t\t\t#gallery-1 .gallery-caption {\n\t\t\t\t\tmargin-left: 0;\n\t\t\t\t}\n\t\t\t\t\/* see gallery_shortcode() in wp-includes\/media.php *\/\n\t\t\t<\/style>\n\t\t<div id='gallery-1' class='dt-gallery-container gallery galleryid-70413 gallery-columns-3 gallery-size-thumbnail'><dl class='gallery-item'>\n\t\t\t\t<dt class='gallery-icon portrait'>\n\t\t\t\t\t<a class=\"rollover\" href='https:\/\/www.radiopiu.net\/wordpress\/210-anni-fa-a-pescul-di-selva-la-nascita-di-natale-talamini-di-renato-bona\/48394214_1142078292636274_3623176729494814720_n\/'><img loading=\"lazy\" decoding=\"async\" width=\"150\" height=\"150\" src=\"https:\/\/www.radiopiu.net\/wordpress\/wp-content\/uploads\/2018\/12\/48394214_1142078292636274_3623176729494814720_n-150x150.jpg\" class=\"attachment-thumbnail size-thumbnail\" alt=\"\" \/><\/a>\n\t\t\t\t<\/dt><\/dl><dl class='gallery-item'>\n\t\t\t\t<dt class='gallery-icon portrait'>\n\t\t\t\t\t<a class=\"rollover\" href='https:\/\/www.radiopiu.net\/wordpress\/210-anni-fa-a-pescul-di-selva-la-nascita-di-natale-talamini-di-renato-bona\/48405916_214690262794952_7838408906832347136_n\/'><img loading=\"lazy\" decoding=\"async\" width=\"150\" height=\"150\" src=\"https:\/\/www.radiopiu.net\/wordpress\/wp-content\/uploads\/2018\/12\/48405916_214690262794952_7838408906832347136_n-150x150.jpg\" class=\"attachment-thumbnail size-thumbnail\" alt=\"\" \/><\/a>\n\t\t\t\t<\/dt><\/dl><dl class='gallery-item'>\n\t\t\t\t<dt class='gallery-icon portrait'>\n\t\t\t\t\t<a class=\"rollover\" href='https:\/\/www.radiopiu.net\/wordpress\/210-anni-fa-a-pescul-di-selva-la-nascita-di-natale-talamini-di-renato-bona\/48378430_359256107959222_5915643033000345600_n\/'><img loading=\"lazy\" decoding=\"async\" width=\"150\" height=\"150\" src=\"https:\/\/www.radiopiu.net\/wordpress\/wp-content\/uploads\/2018\/12\/48378430_359256107959222_5915643033000345600_n-150x150.jpg\" class=\"attachment-thumbnail size-thumbnail\" alt=\"\" \/><\/a>\n\t\t\t\t<\/dt><\/dl><br style=\"clear: both\" \/><dl class='gallery-item'>\n\t\t\t\t<dt class='gallery-icon portrait'>\n\t\t\t\t\t<a class=\"rollover\" href='https:\/\/www.radiopiu.net\/wordpress\/210-anni-fa-a-pescul-di-selva-la-nascita-di-natale-talamini-di-renato-bona\/48427364_262747677726507_8144643974867451904_n\/'><img loading=\"lazy\" decoding=\"async\" width=\"150\" height=\"150\" src=\"https:\/\/www.radiopiu.net\/wordpress\/wp-content\/uploads\/2018\/12\/48427364_262747677726507_8144643974867451904_n-150x150.jpg\" class=\"attachment-thumbnail size-thumbnail\" alt=\"\" \/><\/a>\n\t\t\t\t<\/dt><\/dl><dl class='gallery-item'>\n\t\t\t\t<dt class='gallery-icon landscape'>\n\t\t\t\t\t<a class=\"rollover\" href='https:\/\/www.radiopiu.net\/wordpress\/210-anni-fa-a-pescul-di-selva-la-nascita-di-natale-talamini-di-renato-bona\/48405586_763658600639741_5765114127311699968_n\/'><img loading=\"lazy\" decoding=\"async\" width=\"150\" height=\"150\" src=\"https:\/\/www.radiopiu.net\/wordpress\/wp-content\/uploads\/2018\/12\/48405586_763658600639741_5765114127311699968_n-150x150.jpg\" class=\"attachment-thumbnail size-thumbnail\" alt=\"\" \/><\/a>\n\t\t\t\t<\/dt><\/dl><dl class='gallery-item'>\n\t\t\t\t<dt class='gallery-icon landscape'>\n\t\t\t\t\t<a class=\"rollover\" href='https:\/\/www.radiopiu.net\/wordpress\/210-anni-fa-a-pescul-di-selva-la-nascita-di-natale-talamini-di-renato-bona\/48383127_1945892458781354_1067770178781052928_n\/'><img loading=\"lazy\" decoding=\"async\" width=\"150\" height=\"150\" src=\"https:\/\/www.radiopiu.net\/wordpress\/wp-content\/uploads\/2018\/12\/48383127_1945892458781354_1067770178781052928_n-150x150.jpg\" class=\"attachment-thumbnail size-thumbnail\" alt=\"\" \/><\/a>\n\t\t\t\t<\/dt><\/dl><br style=\"clear: both\" \/><dl class='gallery-item'>\n\t\t\t\t<dt class='gallery-icon landscape'>\n\t\t\t\t\t<a class=\"rollover\" href='https:\/\/www.radiopiu.net\/wordpress\/210-anni-fa-a-pescul-di-selva-la-nascita-di-natale-talamini-di-renato-bona\/48416812_2085858635078036_4925644468452851712_n\/'><img loading=\"lazy\" decoding=\"async\" width=\"150\" height=\"150\" src=\"https:\/\/www.radiopiu.net\/wordpress\/wp-content\/uploads\/2018\/12\/48416812_2085858635078036_4925644468452851712_n-150x150.jpg\" class=\"attachment-thumbnail size-thumbnail\" alt=\"\" \/><\/a>\n\t\t\t\t<\/dt><\/dl><dl class='gallery-item'>\n\t\t\t\t<dt class='gallery-icon landscape'>\n\t\t\t\t\t<a class=\"rollover\" href='https:\/\/www.radiopiu.net\/wordpress\/210-anni-fa-a-pescul-di-selva-la-nascita-di-natale-talamini-di-renato-bona\/48377306_2005859549503761_4954573525617737728_n\/'><img loading=\"lazy\" decoding=\"async\" width=\"150\" height=\"150\" src=\"https:\/\/www.radiopiu.net\/wordpress\/wp-content\/uploads\/2018\/12\/48377306_2005859549503761_4954573525617737728_n-150x150.jpg\" class=\"attachment-thumbnail size-thumbnail\" alt=\"\" \/><\/a>\n\t\t\t\t<\/dt><\/dl><dl class='gallery-item'>\n\t\t\t\t<dt class='gallery-icon portrait'>\n\t\t\t\t\t<a class=\"rollover\" href='https:\/\/www.radiopiu.net\/wordpress\/210-anni-fa-a-pescul-di-selva-la-nascita-di-natale-talamini-di-renato-bona\/48391632_2167532383562527_3681620814802714624_n\/'><img loading=\"lazy\" decoding=\"async\" width=\"150\" height=\"150\" src=\"https:\/\/www.radiopiu.net\/wordpress\/wp-content\/uploads\/2018\/12\/48391632_2167532383562527_3681620814802714624_n-150x150.jpg\" class=\"attachment-thumbnail size-thumbnail\" alt=\"\" \/><\/a>\n\t\t\t\t<\/dt><\/dl><br style=\"clear: both\" \/><dl class='gallery-item'>\n\t\t\t\t<dt class='gallery-icon portrait'>\n\t\t\t\t\t<a class=\"rollover\" href='https:\/\/www.radiopiu.net\/wordpress\/210-anni-fa-a-pescul-di-selva-la-nascita-di-natale-talamini-di-renato-bona\/48381416_1900750700042592_7331423116012290048_n\/'><img loading=\"lazy\" decoding=\"async\" width=\"150\" height=\"150\" src=\"https:\/\/www.radiopiu.net\/wordpress\/wp-content\/uploads\/2018\/12\/48381416_1900750700042592_7331423116012290048_n-150x150.jpg\" class=\"attachment-thumbnail size-thumbnail\" alt=\"\" \/><\/a>\n\t\t\t\t<\/dt><\/dl><dl class='gallery-item'>\n\t\t\t\t<dt class='gallery-icon portrait'>\n\t\t\t\t\t<a class=\"rollover\" href='https:\/\/www.radiopiu.net\/wordpress\/210-anni-fa-a-pescul-di-selva-la-nascita-di-natale-talamini-di-renato-bona\/48407216_307743343280182_3252875700184547328_n\/'><img loading=\"lazy\" decoding=\"async\" width=\"150\" height=\"150\" src=\"https:\/\/www.radiopiu.net\/wordpress\/wp-content\/uploads\/2018\/12\/48407216_307743343280182_3252875700184547328_n-150x150.jpg\" class=\"attachment-thumbnail size-thumbnail\" alt=\"\" \/><\/a>\n\t\t\t\t<\/dt><\/dl><dl class='gallery-item'>\n\t\t\t\t<dt class='gallery-icon landscape'>\n\t\t\t\t\t<a class=\"rollover\" href='https:\/\/www.radiopiu.net\/wordpress\/210-anni-fa-a-pescul-di-selva-la-nascita-di-natale-talamini-di-renato-bona\/49182436_367512380480087_7504747431775436800_n\/'><img loading=\"lazy\" decoding=\"async\" width=\"150\" height=\"150\" src=\"https:\/\/www.radiopiu.net\/wordpress\/wp-content\/uploads\/2018\/12\/49182436_367512380480087_7504747431775436800_n-150x150.jpg\" class=\"attachment-thumbnail size-thumbnail\" alt=\"\" \/><\/a>\n\t\t\t\t<\/dt><\/dl><br style=\"clear: both\" \/>\n\t\t\t<\/div>\n\n<\/div>\n<\/div>\n<\/div>\n<\/div>\n<p>&nbsp;<\/p>\n<\/div>\n<\/div>\n<\/div>\n<div class=\"_40qi\"><\/div>\n<\/div>\n<\/div>\n<\/div>\n<\/div>\n<div class=\"_4tdt _ua1\">\n<div class=\"_31o4\">\n<div class=\"_6--1\" aria-hidden=\"true\">\n<div class=\"_1gyw _55lt\"><\/div>\n<\/div>\n<\/div>\n<div class=\"_ua2\">\n<div class=\"_4tdv\">\n<div class=\"_5wd4 _1nc7 _2_-t\">\n<div class=\"._1dlq _h8t\">\n<div class=\"_5wd9 direction_ltr clearfix\">\n<div class=\"_3e7u _n4o _1a6y \" data-testid=\"attachment_root\">\n<div class=\"_55pk\">\n<div>\n<table class=\"_5b2w uiGrid _51mz\" cellspacing=\"0\" cellpadding=\"0\">\n<tbody>\n<tr class=\"_51mx\">\n<td class=\"_5b2x _51m- hRght\">\n<div class=\"_332l\"><\/div>\n<\/td>\n<td class=\"_5b2x _51m- hRght\">\n<div class=\"_332l\"><\/div>\n<\/td>\n<td class=\"_5b2x _51mw _51m- hRght\"><\/td>\n<\/tr>\n<\/tbody>\n<\/table>\n<\/div>\n<\/div>\n<\/div>\n<\/div>\n<\/div>\n<\/div>\n<\/div>\n<\/div>\n<\/div>\n","protected":false},"excerpt":{"rendered":"<p>Il 25 dicembre 1808, la domenica di duecentodieci anni fa, nasceva a Pescul di Selva di Cadore, in provincia di Belluno, da famiglia originaria di Zopp\u00e8 di Cadore, Natale Talamini che sarebbe divenuto insegnante di scuole superiori, ecclesiastico, poeta, scrittore. Il 6 aprile 1876 nella casa natale di Pescul, tra il compianto del Cadore, cristianamente&hellip;<\/p>\n","protected":false},"author":1,"featured_media":70423,"comment_status":"closed","ping_status":"closed","sticky":false,"template":"","format":"standard","meta":{"_monsterinsights_skip_tracking":false,"_monsterinsights_sitenote_active":false,"_monsterinsights_sitenote_note":"","_monsterinsights_sitenote_category":0,"footnotes":""},"categories":[49],"tags":[],"class_list":["post-70413","post","type-post","status-publish","format-standard","has-post-thumbnail","hentry","category-news-18","category-49","description-off"],"img_url":"https:\/\/www.radiopiu.net\/wordpress\/wp-content\/uploads\/2018\/12\/48378430_359256107959222_5915643033000345600_n.jpg","_links":{"self":[{"href":"https:\/\/www.radiopiu.net\/wordpress\/wp-json\/wp\/v2\/posts\/70413","targetHints":{"allow":["GET"]}}],"collection":[{"href":"https:\/\/www.radiopiu.net\/wordpress\/wp-json\/wp\/v2\/posts"}],"about":[{"href":"https:\/\/www.radiopiu.net\/wordpress\/wp-json\/wp\/v2\/types\/post"}],"author":[{"embeddable":true,"href":"https:\/\/www.radiopiu.net\/wordpress\/wp-json\/wp\/v2\/users\/1"}],"replies":[{"embeddable":true,"href":"https:\/\/www.radiopiu.net\/wordpress\/wp-json\/wp\/v2\/comments?post=70413"}],"version-history":[{"count":0,"href":"https:\/\/www.radiopiu.net\/wordpress\/wp-json\/wp\/v2\/posts\/70413\/revisions"}],"wp:featuredmedia":[{"embeddable":true,"href":"https:\/\/www.radiopiu.net\/wordpress\/wp-json\/wp\/v2\/media\/70423"}],"wp:attachment":[{"href":"https:\/\/www.radiopiu.net\/wordpress\/wp-json\/wp\/v2\/media?parent=70413"}],"wp:term":[{"taxonomy":"category","embeddable":true,"href":"https:\/\/www.radiopiu.net\/wordpress\/wp-json\/wp\/v2\/categories?post=70413"},{"taxonomy":"post_tag","embeddable":true,"href":"https:\/\/www.radiopiu.net\/wordpress\/wp-json\/wp\/v2\/tags?post=70413"}],"curies":[{"name":"wp","href":"https:\/\/api.w.org\/{rel}","templated":true}]}}