{"id":70552,"date":"2018-12-24T05:18:40","date_gmt":"2018-12-24T04:18:40","guid":{"rendered":"http:\/\/www.radiopiu.net\/wordpress\/?p=70552"},"modified":"2018-12-24T06:27:43","modified_gmt":"2018-12-24T05:27:43","slug":"park-ex-moi-chiude-ecco-le-nuove-soluzioni","status":"publish","type":"post","link":"https:\/\/www.radiopiu.net\/wordpress\/park-ex-moi-chiude-ecco-le-nuove-soluzioni\/","title":{"rendered":"PARK EX MOI: CHIUDE. ECCO LE NUOVE SOLUZIONI"},"content":{"rendered":"<h1><\/h1>\n<p><a class=\"dt-pswp-item\" href=\"http:\/\/www.radiopiu.net\/wordpress\/wp-content\/uploads\/2018\/12\/Percheggio-Ex-Moi_00818.new_.01.jpg\" data-dt-img-description=\"\" data-large_image_width=\"1024\" data-large_image_height=\"576\"><img loading=\"lazy\" decoding=\"async\" class=\" wp-image-70544 alignleft\" src=\"http:\/\/www.radiopiu.net\/wordpress\/wp-content\/uploads\/2018\/12\/Percheggio-Ex-Moi_00818.new_.01-300x169.jpg\" alt=\"\" width=\"346\" height=\"195\" srcset=\"https:\/\/www.radiopiu.net\/wordpress\/wp-content\/uploads\/2018\/12\/Percheggio-Ex-Moi_00818.new_.01-300x169.jpg 300w, https:\/\/www.radiopiu.net\/wordpress\/wp-content\/uploads\/2018\/12\/Percheggio-Ex-Moi_00818.new_.01-768x432.jpg 768w, https:\/\/www.radiopiu.net\/wordpress\/wp-content\/uploads\/2018\/12\/Percheggio-Ex-Moi_00818.new_.01.jpg 1024w\" sizes=\"auto, (max-width: 346px) 100vw, 346px\" \/><\/a>Sono state inviate in questi giorni da Bellunum agli abbonati del parcheggio Ex Moi di Via Feltre le lettere informative che illustrano le soluzioni approntate dalla societ\u00e0 e dall&#8217;amministrazione comunale in vista della chiusura per lavori da gioved\u00ec 27 dicembre. Oltre a quanto gi\u00e0 anticipato a fine novembre, sono state introdotte due novit\u00e0, riguardanti il parcheggio Metropolis e Lambioi. \u00abRicordiamo che l&#8217;intervento \u00e8 necessario per la messa in sicurezza del piano terra; &#8211; spiega il Sindaco, Jacopo Massaro \u2013 si tratta di lavori consistenti, che si sono resi necessari dopo l&#8217;ultima delle ispezioni periodiche nell&#8217;area\u00bb. Il parcheggio verr\u00e0 chiuso da gioved\u00ec 27 dicembre ed i lavori dovrebbero concludersi tra la fine di gennaio e l&#8217;inizio di febbraio 2019. Il cantiere interesser\u00e0 solamente il piano terra e non la parte rialzata, che rester\u00e0 chiusa anche al termine dei lavori; il costo dell&#8217;intervento \u00e8 di circa 18mila euro. Per tutta la durata dei lavori, resteranno invece accessibili gli stalli per disabili, che saranno esclusi dall&#8217;area di cantiere.\u00a0 <strong>Metropolis e Lambioi\u00a0<\/strong>Per i possessori di un abbonamento al parcheggio Ex Moi per almeno un mese nell&#8217;ultimo trimestre 2018, sar\u00e0 possibile disporre di un mini-abbonamento gratuito al parcheggio di Lambioi, che potr\u00e0 essere ritirato solamente all&#8217;Ufficio Abbonamenti di Bellunum, ai piedi delle scale mobili. Un mini-abbonamento sar\u00e0 disponibile anche per il parcheggio Metropolis, in stazione: in questo caso, gli abbonamenti sono limitati a 30 e saranno a pagamento, allo stesso costo dell&#8217;abbonamento Ex Moi.<strong> Altre soluzioni per gli abbonati\u00a0<\/strong>Restano confermate le altre soluzioni, gi\u00e0 annunciate a fine novembre: \u00abCon l&#8217;abbonamento valido, si potr\u00e0 parcheggiare in tutti gli stalli blu della citt\u00e0, ad eccezione di Piazza dei Martiri e Piazza Duomo dove non sono previsti abbonamenti. &#8211; illustra Massaro \u2013 Inoltre, sempre i titolari di abbonamento potranno lasciare l&#8217;auto sugli stalli bianchi del centro storico e immediati dintorni, senza dover esporre il disco orario\u00bb. <strong>Soste brevi\u00a0<\/strong>Per agevolare i commercianti e le soste occasionali, invece, sono stati individuati due parcheggi \u201cdi supporto\u201d in zona per le soste brevi: all&#8217;Istituto<\/p>\n","protected":false},"excerpt":{"rendered":"<p>Sono state inviate in questi giorni da Bellunum agli abbonati del parcheggio Ex Moi di Via Feltre le lettere informative che illustrano le soluzioni approntate dalla societ\u00e0 e dall&#8217;amministrazione comunale in vista della chiusura per lavori da gioved\u00ec 27 dicembre. Oltre a quanto gi\u00e0 anticipato a fine novembre, sono state introdotte due novit\u00e0, riguardanti il&hellip;<\/p>\n","protected":false},"author":1,"featured_media":70544,"comment_status":"closed","ping_status":"closed","sticky":false,"template":"","format":"standard","meta":{"_monsterinsights_skip_tracking":false,"_monsterinsights_sitenote_active":false,"_monsterinsights_sitenote_note":"","_monsterinsights_sitenote_category":0,"footnotes":""},"categories":[51,49],"tags":[],"class_list":["post-70552","post","type-post","status-publish","format-standard","has-post-thumbnail","hentry","category-evidenza-top","category-news-18","category-51","category-49","description-off"],"img_url":"https:\/\/www.radiopiu.net\/wordpress\/wp-content\/uploads\/2018\/12\/Percheggio-Ex-Moi_00818.new_.01.jpg","_links":{"self":[{"href":"https:\/\/www.radiopiu.net\/wordpress\/wp-json\/wp\/v2\/posts\/70552","targetHints":{"allow":["GET"]}}],"collection":[{"href":"https:\/\/www.radiopiu.net\/wordpress\/wp-json\/wp\/v2\/posts"}],"about":[{"href":"https:\/\/www.radiopiu.net\/wordpress\/wp-json\/wp\/v2\/types\/post"}],"author":[{"embeddable":true,"href":"https:\/\/www.radiopiu.net\/wordpress\/wp-json\/wp\/v2\/users\/1"}],"replies":[{"embeddable":true,"href":"https:\/\/www.radiopiu.net\/wordpress\/wp-json\/wp\/v2\/comments?post=70552"}],"version-history":[{"count":0,"href":"https:\/\/www.radiopiu.net\/wordpress\/wp-json\/wp\/v2\/posts\/70552\/revisions"}],"wp:featuredmedia":[{"embeddable":true,"href":"https:\/\/www.radiopiu.net\/wordpress\/wp-json\/wp\/v2\/media\/70544"}],"wp:attachment":[{"href":"https:\/\/www.radiopiu.net\/wordpress\/wp-json\/wp\/v2\/media?parent=70552"}],"wp:term":[{"taxonomy":"category","embeddable":true,"href":"https:\/\/www.radiopiu.net\/wordpress\/wp-json\/wp\/v2\/categories?post=70552"},{"taxonomy":"post_tag","embeddable":true,"href":"https:\/\/www.radiopiu.net\/wordpress\/wp-json\/wp\/v2\/tags?post=70552"}],"curies":[{"name":"wp","href":"https:\/\/api.w.org\/{rel}","templated":true}]}}