{"id":70725,"date":"2018-12-27T05:49:29","date_gmt":"2018-12-27T04:49:29","guid":{"rendered":"http:\/\/www.radiopiu.net\/wordpress\/?p=70725"},"modified":"2018-12-27T05:49:29","modified_gmt":"2018-12-27T04:49:29","slug":"natale-2018-ad-agordo","status":"publish","type":"post","link":"https:\/\/www.radiopiu.net\/wordpress\/natale-2018-ad-agordo\/","title":{"rendered":"NATALE 2018 AD AGORDO"},"content":{"rendered":"<h1><\/h1>\n<blockquote><p><em>Anche quest&#8217;anno RADIO PIU ha trasmesso la messa di Natale in diretta dall&#8217;Arcidiaconale. Ecco l&#8217;omelia di Monsignor Giorgio LIse<\/em><\/p><\/blockquote>\n<p align=\"JUSTIFY\"><span style=\"font-size: medium;\"><a class=\"dt-pswp-item\" href=\"http:\/\/www.radiopiu.net\/wordpress\/wp-content\/uploads\/2015\/09\/don_giorgio2.jpg\" data-dt-img-description=\"\" data-large_image_width=\"216\" data-large_image_height=\"137\"><img loading=\"lazy\" decoding=\"async\" class=\"size-full wp-image-10391 alignleft\" src=\"http:\/\/www.radiopiu.net\/wordpress\/wp-content\/uploads\/2015\/09\/don_giorgio2.jpg\" alt=\"\" width=\"216\" height=\"137\" \/><\/a>Ci\u00f2 che \u00e8 avvenuto a Betlemme venti secoli fa pu\u00f2 esser qualificato come un&#8217;invasione di gioia. Una gioia immensa, una gioia invincibile, per la prima volta \u00e8 entrata nella storia; in quella storia umana che \u00e8 tante volte un succedersi ripetitivo di tristezze e di angosce. &#8220;<\/span><span style=\"font-size: medium;\"><i>Vi annunzio una grande gioia<\/i><\/span><span style=\"font-size: medium;\">&#8221; (Lc 2,10): cos\u00ec nella notte santa l&#8217;angelo d\u00e0 la notizia del Natale agli insonnoliti pastori. Questa gioia, notificata dal cielo, \u00e8 arrivata fino a noi e contraddistingue e rischiara lietamente questi giorni tra tutti i giorni dell&#8217;anno.\u00a0<\/span><span style=\"font-size: medium;\">La ragione pi\u00f9 semplice e immediatamente comprensibile della felicit\u00e0 che &#8211; in misura e in forme diverse &#8211; oggi raggiunge ogni uomo, \u00e8 che l&#8217;umanit\u00e0 intera almeno confusamente capisce di aver ricevuto un regalo. Un regalo, anche se piccolo, \u00e8 il segno che qualcuno ci vuole un po&#8217; di bene; e sentirsi amati \u00e8 la cosa pi\u00f9 bella e gratificante che ci sia. Qui, per\u00f2, il dono \u00e8 il pi\u00f9 grande e sorprendente che si possa pensare: &#8220;<\/span><span style=\"font-size: medium;\"><i>Dio ha tanto amato il mondo da dare il suo Figlio unigenito<\/i><\/span><span style=\"font-size: medium;\">&#8221; (Gv 3,16).\u00a0<\/span><span style=\"font-size: medium;\">Ma <\/span><span style=\"font-size: medium;\">che cosa rappresenta il bimbo nato a Betlemme per noi che dobbiamo affrontare un pellegrinaggio terreno sovente privo di certezze, carico di problemi? Quel bambino \u00e8 &#8220;<\/span><span style=\"font-size: medium;\"><i>la luce vera, quella che illumina ogni uomo<\/i><\/span><span style=\"font-size: medium;\">&#8221; (Gv 1,9), ci \u00e8 stato risposto. Dopo che lui \u00e8 venuto, non siamo pi\u00f9 dei viandanti che camminano al buio, ma persone che possono davvero \u201crialzare la testa\u201d, cos\u00ec come \u00e8 stato fatto in questo nostro territorio dopo la tempesta di fine ottobre e come 50 giovani artisti bellunesi hanno cantato: \u201calziamo la voce, alziamo la testa\u201d.\u00a0<\/span><span style=\"font-size: medium;\">Possiamo farlo, sempre in ogni circostanza avversa perch\u00e9 Dio si \u00e8 fatto uomo sul serio, abita in mezzo a noi, \u00e8 ormai dei nostri, nostro familiare e nostro compagno di viaggio: anche questo fa parte dell&#8217;intima motivazione della gioia natalizia, perch\u00e9 possiamo \u201calzare la voce e alzare la testa\u201d dopo ogni sconfitta. Anche dopo ogni peccato.\u00a0<\/span><span style=\"font-size: medium;\">Allora: da quando il Figlio di Dio si \u00e8 fatto uomo e ha preso dimora fra noi, nessuno deve pi\u00f9 sentirsi abbandonato e solo. Ogni persona che crede e accoglie il Natale nella sua piena verit\u00e0, arriva alla persuasione che lo fa rinascere e gli fa dire: &#8220;C&#8217;\u00e8 un Dio che \u00e8 con me, un Dio che sa che ci sono e non mi dimentica, un Dio che mi ha raggiunto con il suo amore, un Dio che ha assunto volto e cuore di uomo perch\u00e9 anch&#8217;io possa amarlo come lui mi ama&#8221;. Questa \u00e8 la bellezza e l&#8217;incanto pi\u00f9 bello della festa di luce e di vita che oggi ci raduna.\u00a0<\/span><span style=\"font-size: medium;\">Abbiamo iniziato la nostra riflessione ricordando le parole dell\u2019evangelista Luca: &#8220;Ecco vi annunzio una grande gioia\u201d; ora al termine, annotiamo che Luca aggiunge: \u201c<\/span><span style=\"font-size: medium;\"><i>gioia che sar\u00e0 di tutto il popolo<\/i><\/span><span style=\"font-size: medium;\">&#8221; (Lc 2,11): cos\u00ec la voce dell&#8217;angelo ha squarciato non solo il silenzio della notte palestinese, ma anche la notte oscura del male che sembra imperversare sull&#8217;intera vicenda umana contemporanea. &#8220;Di tutto il popolo&#8221;, dunque \u2013 nonostante tutto &#8211; anche nostra.\u00a0<\/span><span style=\"font-size: medium;\">Questa gioia ineffabile entri cos\u00ec in tutte le case: si posi\u00a0<\/span><span style=\"font-size: medium;\">come una carezza divina sul capo dei nostri bimbi,\u00a0<\/span><span style=\"font-size: medium;\">come gesto di incoraggiamento per i giovani,\u00a0<\/span><span style=\"font-size: medium;\">come dolce conforto nelle sofferenze dei malati,\u00a0<\/span><span style=\"font-size: medium;\">come una presenza rasserenante nel deserto di chi si sente comunque solo\u00a0<\/span><span style=\"font-size: medium;\">come un&#8217;energia di vittoria nella debolezza di chi \u00e8 tentato,\u00a0<\/span><span style=\"font-size: medium;\">come la certezza per tutti di un\u2019esistenza pi\u00f9 significativa e felice.\u00a0<\/span><span style=\"font-size: medium;\">Questo \u00e8 il mio augurio per ciascuno. Il Signore lo confermi con la sua grazia.<\/span><\/p>\n<p align=\"RIGHT\"><span style=\"font-size: small;\"><i><b>Natale 2018<\/b><\/i><\/span><\/p>\n<p>&nbsp;<\/p>\n<p>&nbsp;<\/p>\n<p>&nbsp;<\/p>\n","protected":false},"excerpt":{"rendered":"<p>Anche quest&#8217;anno RADIO PIU ha trasmesso la messa di Natale in diretta dall&#8217;Arcidiaconale. Ecco l&#8217;omelia di Monsignor Giorgio LIse Ci\u00f2 che \u00e8 avvenuto a Betlemme venti secoli fa pu\u00f2 esser qualificato come un&#8217;invasione di gioia. Una gioia immensa, una gioia invincibile, per la prima volta \u00e8 entrata nella storia; in quella storia umana che \u00e8&hellip;<\/p>\n","protected":false},"author":1,"featured_media":0,"comment_status":"closed","ping_status":"closed","sticky":false,"template":"","format":"standard","meta":{"_monsterinsights_skip_tracking":false,"_monsterinsights_sitenote_active":false,"_monsterinsights_sitenote_note":"","_monsterinsights_sitenote_category":0,"footnotes":""},"categories":[49],"tags":[],"class_list":["post-70725","post","type-post","status-publish","format-standard","hentry","category-news-18","category-49","description-off"],"img_url":false,"_links":{"self":[{"href":"https:\/\/www.radiopiu.net\/wordpress\/wp-json\/wp\/v2\/posts\/70725","targetHints":{"allow":["GET"]}}],"collection":[{"href":"https:\/\/www.radiopiu.net\/wordpress\/wp-json\/wp\/v2\/posts"}],"about":[{"href":"https:\/\/www.radiopiu.net\/wordpress\/wp-json\/wp\/v2\/types\/post"}],"author":[{"embeddable":true,"href":"https:\/\/www.radiopiu.net\/wordpress\/wp-json\/wp\/v2\/users\/1"}],"replies":[{"embeddable":true,"href":"https:\/\/www.radiopiu.net\/wordpress\/wp-json\/wp\/v2\/comments?post=70725"}],"version-history":[{"count":0,"href":"https:\/\/www.radiopiu.net\/wordpress\/wp-json\/wp\/v2\/posts\/70725\/revisions"}],"wp:attachment":[{"href":"https:\/\/www.radiopiu.net\/wordpress\/wp-json\/wp\/v2\/media?parent=70725"}],"wp:term":[{"taxonomy":"category","embeddable":true,"href":"https:\/\/www.radiopiu.net\/wordpress\/wp-json\/wp\/v2\/categories?post=70725"},{"taxonomy":"post_tag","embeddable":true,"href":"https:\/\/www.radiopiu.net\/wordpress\/wp-json\/wp\/v2\/tags?post=70725"}],"curies":[{"name":"wp","href":"https:\/\/api.w.org\/{rel}","templated":true}]}}